{"id":22640,"date":"2024-11-08T19:43:19","date_gmt":"2024-11-08T19:43:19","guid":{"rendered":"https:\/\/lequotidien.mr\/?p=22640"},"modified":"2024-11-08T19:43:19","modified_gmt":"2024-11-08T19:43:19","slug":"economie-et-finances-le-premier-ministre-recoit-une-delegation-du-groupe-de-la-banque-mondiale","status":"publish","type":"post","link":"https:\/\/lequotidien.mr\/?p=22640&lang=fr","title":{"rendered":"Economie et finances : Le Premier ministre re\u00e7oit une d\u00e9l\u00e9gation du Groupe de la Banque mondiale"},"content":{"rendered":"<p>Le Premier ministre, M. Mokhtar Diaye, a accueilli, ce vendredi \u00e0 Nouakchott, une d\u00e9l\u00e9gation du Groupe de la Banque mondiale (GBM) dirig\u00e9e par M. Harold Tavares, directeur g\u00e9n\u00e9ral du Groupe Afrique II au conseil d&#8217;administration de la Banque mondiale. Cette rencontre visait \u00e0 examiner les axes de coop\u00e9ration entre la Mauritanie et cette institution financi\u00e8re mondiale et \u00e0 identifier les moyens de consolider et de d\u00e9velopper ce partenariat.<\/p>\n<p>La s\u00e9ance de travail a permis aux repr\u00e9sentants des deux parties de faire un tour d&#8217;horizon des projets en cours et des perspectives pour r\u00e9pondre aux priorit\u00e9s de d\u00e9veloppement de la Mauritanie. Ils ont discut\u00e9 de domaines cl\u00e9s comme l&#8217;am\u00e9lioration des infrastructures, la croissance \u00e9conomique inclusive, la r\u00e9silience climatique, et le soutien \u00e0 l&#8217;\u00e9ducation et \u00e0 la sant\u00e9, dans un contexte o\u00f9 la Banque mondiale demeure un partenaire strat\u00e9gique pour le pays.<\/p>\n<p>La r\u00e9union s&#8217;est d\u00e9roul\u00e9e en pr\u00e9sence de plusieurs personnalit\u00e9s importantes du gouvernement mauritanien : M. Sid&#8217;Ahmed Bouh, ministre de l&#8217;\u00c9conomie et des Finances, M. Cheikh Zeidane, directeur de cabinet du Premier ministre, M. Mohamed Lemine Raqhani, charg\u00e9 de mission au cabinet du Premier ministre, et M. Mohamed Lemine Hamadi, conseiller du Premier ministre en mati\u00e8re d&#8217;\u00e9conomie et de finances.<\/p>\n<p>Cette importante r\u00e9union a permis aux experts d&#8217;aborder les diff\u00e9rentes initiatives de r\u00e9formes \u00e9conomiques et d&#8217;investissement dans lesquelles la Banque mondiale est impliqu\u00e9e, en soutien au d\u00e9veloppement national.<\/p>\n<p>La visite de cette d\u00e9l\u00e9gation marque donc une nouvelle \u00e9tape dans la relation entre la Mauritanie et le Groupe de la Banque mondiale, qui aspire \u00e0 appuyer les efforts du pays en mati\u00e8re de d\u00e9veloppement durable, de r\u00e9duction de la pauvret\u00e9, et d&#8217;am\u00e9lioration des conditions de vies des populations.<\/p>\n","protected":false},"excerpt":{"rendered":"<p>Le Premier ministre, M. Mokhtar Diaye, a accueilli, ce vendredi \u00e0 Nouakchott, une d\u00e9l\u00e9gation du Groupe de la Banque mondiale (GBM) dirig\u00e9e par M. Harold Tavares, directeur g\u00e9n\u00e9ral du Groupe Afrique II au conseil d&#8217;administration de la Banque mondiale. Cette rencontre visait \u00e0 examiner les axes de coop\u00e9ration entre la Mauritanie et cette institution financi\u00e8re&#8230;..<\/p>\n","protected":false},"author":12,"featured_media":22641,"comment_status":"open","ping_status":"open","sticky":false,"template":"","format":"standard","meta":{"footnotes":""},"categories":[23,49],"tags":[],"class_list":["post-22640","post","type-post","status-publish","format-standard","has-post-thumbnail","hentry","category-actualite","category-economie"],"yoast_head":"<!-- This site is optimized with the Yoast SEO plugin v27.5 - https:\/\/yoast.com\/product\/yoast-seo-wordpress\/ -->\n<title>Economie et finances : Le Premier ministre re\u00e7oit une d\u00e9l\u00e9gation du Groupe de la Banque mondiale - Le Quotidien de Nouakchott<\/title>\n<meta name=\"robots\" content=\"index, follow, max-snippet:-1, max-image-preview:large, max-video-preview:-1\" \/>\n<link rel=\"canonical\" href=\"https:\/\/lequotidien.mr\/?p=22640&lang=fr\" \/>\n<meta property=\"og:locale\" content=\"ar_AR\" \/>\n<meta property=\"og:type\" content=\"article\" \/>\n<meta property=\"og:title\" content=\"Economie et finances : Le Premier ministre re\u00e7oit une d\u00e9l\u00e9gation du Groupe de la Banque mondiale - Le Quotidien de Nouakchott\" \/>\n<meta property=\"og:description\" content=\"Le Premier ministre, M. Mokhtar Diaye, a accueilli, ce vendredi \u00e0 Nouakchott, une d\u00e9l\u00e9gation du Groupe de la Banque mondiale (GBM) dirig\u00e9e par M. Harold Tavares, directeur g\u00e9n\u00e9ral du Groupe Afrique II au conseil d&#8217;administration de la Banque mondiale. Cette rencontre visait \u00e0 examiner les axes de coop\u00e9ration entre la Mauritanie et cette institution financi\u00e8re.....\" \/>\n<meta property=\"og:url\" content=\"https:\/\/lequotidien.mr\/?p=22640&amp;lang=fr\" \/>\n<meta property=\"og:site_name\" content=\"Le Quotidien de Nouakchott\" \/>\n<meta property=\"article:publisher\" content=\"https:\/\/web.facebook.com\/lequotidienmr\" \/>\n<meta property=\"article:published_time\" content=\"2024-11-08T19:43:19+00:00\" \/>\n<meta property=\"og:image\" content=\"https:\/\/lequotidien.mr\/wp-content\/uploads\/2024\/11\/photo-PM-et-BM.jpeg\" \/>\n\t<meta property=\"og:image:width\" content=\"750\" \/>\n\t<meta property=\"og:image:height\" content=\"430\" \/>\n\t<meta property=\"og:image:type\" content=\"image\/jpeg\" \/>\n<meta name=\"author\" content=\"Med Ahmed\" \/>\n<meta name=\"twitter:card\" content=\"summary_large_image\" \/>\n<meta name=\"twitter:creator\" content=\"@lequotidienmr\" \/>\n<meta name=\"twitter:site\" content=\"@lequotidienmr\" \/>\n<meta name=\"twitter:label1\" content=\"\u0643\u064f\u062a\u0628 \u0628\u0648\u0627\u0633\u0637\u0629\" \/>\n\t<meta name=\"twitter:data1\" content=\"Med Ahmed\" \/>\n\t<meta name=\"twitter:label2\" content=\"\u0648\u0642\u062a \u0627\u0644\u0642\u0631\u0627\u0621\u0629 \u0627\u0644\u0645\u064f\u0642\u062f\u0651\u0631\" \/>\n\t<meta name=\"twitter:data2\" content=\"\u062f\u0642\u064a\u0642\u062a\u0627\u0646\" \/>\n<script type=\"application\/ld+json\" class=\"yoast-schema-graph\">{\"@context\":\"https:\\\/\\\/schema.org\",\"@graph\":[{\"@type\":\"Article\",\"@id\":\"https:\\\/\\\/lequotidien.mr\\\/?p=22640&lang=fr#article\",\"isPartOf\":{\"@id\":\"https:\\\/\\\/lequotidien.mr\\\/?p=22640&lang=fr\"},\"author\":{\"name\":\"Med Ahmed\",\"@id\":\"https:\\\/\\\/lequotidien.mr\\\/#\\\/schema\\\/person\\\/d2d350202a4d599685ed8abc25f97596\"},\"headline\":\"Economie et finances : Le Premier ministre re\u00e7oit une d\u00e9l\u00e9gation du Groupe de la Banque mondiale\",\"datePublished\":\"2024-11-08T19:43:19+00:00\",\"mainEntityOfPage\":{\"@id\":\"https:\\\/\\\/lequotidien.mr\\\/?p=22640&lang=fr\"},\"wordCount\":332,\"commentCount\":0,\"publisher\":{\"@id\":\"https:\\\/\\\/lequotidien.mr\\\/#organization\"},\"image\":{\"@id\":\"https:\\\/\\\/lequotidien.mr\\\/?p=22640&lang=fr#primaryimage\"},\"thumbnailUrl\":\"https:\\\/\\\/lequotidien.mr\\\/wp-content\\\/uploads\\\/2024\\\/11\\\/photo-PM-et-BM.jpeg\",\"articleSection\":[\"ACTUALIT\u00c9\",\"Economie\"],\"inLanguage\":\"ar\",\"potentialAction\":[{\"@type\":\"CommentAction\",\"name\":\"Comment\",\"target\":[\"https:\\\/\\\/lequotidien.mr\\\/?p=22640&lang=fr#respond\"]}]},{\"@type\":\"WebPage\",\"@id\":\"https:\\\/\\\/lequotidien.mr\\\/?p=22640&lang=fr\",\"url\":\"https:\\\/\\\/lequotidien.mr\\\/?p=22640&lang=fr\",\"name\":\"Economie et finances : Le Premier ministre re\u00e7oit une d\u00e9l\u00e9gation du Groupe de la Banque mondiale - Le Quotidien de Nouakchott\",\"isPartOf\":{\"@id\":\"https:\\\/\\\/lequotidien.mr\\\/#website\"},\"primaryImageOfPage\":{\"@id\":\"https:\\\/\\\/lequotidien.mr\\\/?p=22640&lang=fr#primaryimage\"},\"image\":{\"@id\":\"https:\\\/\\\/lequotidien.mr\\\/?p=22640&lang=fr#primaryimage\"},\"thumbnailUrl\":\"https:\\\/\\\/lequotidien.mr\\\/wp-content\\\/uploads\\\/2024\\\/11\\\/photo-PM-et-BM.jpeg\",\"datePublished\":\"2024-11-08T19:43:19+00:00\",\"breadcrumb\":{\"@id\":\"https:\\\/\\\/lequotidien.mr\\\/?p=22640&lang=fr#breadcrumb\"},\"inLanguage\":\"ar\",\"potentialAction\":[{\"@type\":\"ReadAction\",\"target\":[\"https:\\\/\\\/lequotidien.mr\\\/?p=22640&lang=fr\"]}]},{\"@type\":\"ImageObject\",\"inLanguage\":\"ar\",\"@id\":\"https:\\\/\\\/lequotidien.mr\\\/?p=22640&lang=fr#primaryimage\",\"url\":\"https:\\\/\\\/lequotidien.mr\\\/wp-content\\\/uploads\\\/2024\\\/11\\\/photo-PM-et-BM.jpeg\",\"contentUrl\":\"https:\\\/\\\/lequotidien.mr\\\/wp-content\\\/uploads\\\/2024\\\/11\\\/photo-PM-et-BM.jpeg\",\"width\":750,\"height\":430},{\"@type\":\"BreadcrumbList\",\"@id\":\"https:\\\/\\\/lequotidien.mr\\\/?p=22640&lang=fr#breadcrumb\",\"itemListElement\":[{\"@type\":\"ListItem\",\"position\":1,\"name\":\"Home\",\"item\":\"https:\\\/\\\/lequotidien.mr\\\/\"},{\"@type\":\"ListItem\",\"position\":2,\"name\":\"Economie et finances : Le Premier ministre re\u00e7oit une d\u00e9l\u00e9gation du Groupe de la Banque mondiale\"}]},{\"@type\":\"WebSite\",\"@id\":\"https:\\\/\\\/lequotidien.mr\\\/#website\",\"url\":\"https:\\\/\\\/lequotidien.mr\\\/\",\"name\":\"Le Quotidien de Nouakchott\",\"description\":\"\u0625\u062e\u0628\u0627\u0631\u064a\u0629 \u0645\u0633\u062a\u0642\u0644\u0629 \u0644\u0644\u0623\u0646\u0628\u0627\u0621 \u0627\u0644\u0639\u0627\u0645\u0629\",\"publisher\":{\"@id\":\"https:\\\/\\\/lequotidien.mr\\\/#organization\"},\"potentialAction\":[{\"@type\":\"SearchAction\",\"target\":{\"@type\":\"EntryPoint\",\"urlTemplate\":\"https:\\\/\\\/lequotidien.mr\\\/?s={search_term_string}\"},\"query-input\":{\"@type\":\"PropertyValueSpecification\",\"valueRequired\":true,\"valueName\":\"search_term_string\"}}],\"inLanguage\":\"ar\"},{\"@type\":\"Organization\",\"@id\":\"https:\\\/\\\/lequotidien.mr\\\/#organization\",\"name\":\"Le Quotidien de Nouakchott\",\"url\":\"https:\\\/\\\/lequotidien.mr\\\/\",\"logo\":{\"@type\":\"ImageObject\",\"inLanguage\":\"ar\",\"@id\":\"https:\\\/\\\/lequotidien.mr\\\/#\\\/schema\\\/logo\\\/image\\\/\",\"url\":\"https:\\\/\\\/lequotidien.mr\\\/wp-content\\\/uploads\\\/2022\\\/11\\\/logolequotidien.jpg\",\"contentUrl\":\"https:\\\/\\\/lequotidien.mr\\\/wp-content\\\/uploads\\\/2022\\\/11\\\/logolequotidien.jpg\",\"width\":290,\"height\":65,\"caption\":\"Le Quotidien de Nouakchott\"},\"image\":{\"@id\":\"https:\\\/\\\/lequotidien.mr\\\/#\\\/schema\\\/logo\\\/image\\\/\"},\"sameAs\":[\"https:\\\/\\\/web.facebook.com\\\/lequotidienmr\",\"https:\\\/\\\/x.com\\\/lequotidienmr\"]},{\"@type\":\"Person\",\"@id\":\"https:\\\/\\\/lequotidien.mr\\\/#\\\/schema\\\/person\\\/d2d350202a4d599685ed8abc25f97596\",\"name\":\"Med Ahmed\",\"image\":{\"@type\":\"ImageObject\",\"inLanguage\":\"ar\",\"@id\":\"https:\\\/\\\/secure.gravatar.com\\\/avatar\\\/fd2acc62ed50732923d1d39c17172c9b04149f142be92310ecc69e1358f94b52?s=96&d=mm&r=g\",\"url\":\"https:\\\/\\\/secure.gravatar.com\\\/avatar\\\/fd2acc62ed50732923d1d39c17172c9b04149f142be92310ecc69e1358f94b52?s=96&d=mm&r=g\",\"contentUrl\":\"https:\\\/\\\/secure.gravatar.com\\\/avatar\\\/fd2acc62ed50732923d1d39c17172c9b04149f142be92310ecc69e1358f94b52?s=96&d=mm&r=g\",\"caption\":\"Med Ahmed\"},\"url\":\"https:\\\/\\\/lequotidien.mr\\\/?author=12\"}]}<\/script>\n<!-- \/ Yoast SEO plugin. -->","yoast_head_json":{"title":"Economie et finances : Le Premier ministre re\u00e7oit une d\u00e9l\u00e9gation du Groupe de la Banque mondiale - Le Quotidien de Nouakchott","robots":{"index":"index","follow":"follow","max-snippet":"max-snippet:-1","max-image-preview":"max-image-preview:large","max-video-preview":"max-video-preview:-1"},"canonical":"https:\/\/lequotidien.mr\/?p=22640&lang=fr","og_locale":"ar_AR","og_type":"article","og_title":"Economie et finances : Le Premier ministre re\u00e7oit une d\u00e9l\u00e9gation du Groupe de la Banque mondiale - Le Quotidien de Nouakchott","og_description":"Le Premier ministre, M. Mokhtar Diaye, a accueilli, ce vendredi \u00e0 Nouakchott, une d\u00e9l\u00e9gation du Groupe de la Banque mondiale (GBM) dirig\u00e9e par M. Harold Tavares, directeur g\u00e9n\u00e9ral du Groupe Afrique II au conseil d&#8217;administration de la Banque mondiale. Cette rencontre visait \u00e0 examiner les axes de coop\u00e9ration entre la Mauritanie et cette institution financi\u00e8re.....","og_url":"https:\/\/lequotidien.mr\/?p=22640&lang=fr","og_site_name":"Le Quotidien de Nouakchott","article_publisher":"https:\/\/web.facebook.com\/lequotidienmr","article_published_time":"2024-11-08T19:43:19+00:00","og_image":[{"width":750,"height":430,"url":"https:\/\/lequotidien.mr\/wp-content\/uploads\/2024\/11\/photo-PM-et-BM.jpeg","type":"image\/jpeg"}],"author":"Med Ahmed","twitter_card":"summary_large_image","twitter_creator":"@lequotidienmr","twitter_site":"@lequotidienmr","twitter_misc":{"\u0643\u064f\u062a\u0628 \u0628\u0648\u0627\u0633\u0637\u0629":"Med Ahmed","\u0648\u0642\u062a \u0627\u0644\u0642\u0631\u0627\u0621\u0629 \u0627\u0644\u0645\u064f\u0642\u062f\u0651\u0631":"\u062f\u0642\u064a\u0642\u062a\u0627\u0646"},"schema":{"@context":"https:\/\/schema.org","@graph":[{"@type":"Article","@id":"https:\/\/lequotidien.mr\/?p=22640&lang=fr#article","isPartOf":{"@id":"https:\/\/lequotidien.mr\/?p=22640&lang=fr"},"author":{"name":"Med Ahmed","@id":"https:\/\/lequotidien.mr\/#\/schema\/person\/d2d350202a4d599685ed8abc25f97596"},"headline":"Economie et finances : Le Premier ministre re\u00e7oit une d\u00e9l\u00e9gation du Groupe de la Banque mondiale","datePublished":"2024-11-08T19:43:19+00:00","mainEntityOfPage":{"@id":"https:\/\/lequotidien.mr\/?p=22640&lang=fr"},"wordCount":332,"commentCount":0,"publisher":{"@id":"https:\/\/lequotidien.mr\/#organization"},"image":{"@id":"https:\/\/lequotidien.mr\/?p=22640&lang=fr#primaryimage"},"thumbnailUrl":"https:\/\/lequotidien.mr\/wp-content\/uploads\/2024\/11\/photo-PM-et-BM.jpeg","articleSection":["ACTUALIT\u00c9","Economie"],"inLanguage":"ar","potentialAction":[{"@type":"CommentAction","name":"Comment","target":["https:\/\/lequotidien.mr\/?p=22640&lang=fr#respond"]}]},{"@type":"WebPage","@id":"https:\/\/lequotidien.mr\/?p=22640&lang=fr","url":"https:\/\/lequotidien.mr\/?p=22640&lang=fr","name":"Economie et finances : Le Premier ministre re\u00e7oit une d\u00e9l\u00e9gation du Groupe de la Banque mondiale - Le Quotidien de Nouakchott","isPartOf":{"@id":"https:\/\/lequotidien.mr\/#website"},"primaryImageOfPage":{"@id":"https:\/\/lequotidien.mr\/?p=22640&lang=fr#primaryimage"},"image":{"@id":"https:\/\/lequotidien.mr\/?p=22640&lang=fr#primaryimage"},"thumbnailUrl":"https:\/\/lequotidien.mr\/wp-content\/uploads\/2024\/11\/photo-PM-et-BM.jpeg","datePublished":"2024-11-08T19:43:19+00:00","breadcrumb":{"@id":"https:\/\/lequotidien.mr\/?p=22640&lang=fr#breadcrumb"},"inLanguage":"ar","potentialAction":[{"@type":"ReadAction","target":["https:\/\/lequotidien.mr\/?p=22640&lang=fr"]}]},{"@type":"ImageObject","inLanguage":"ar","@id":"https:\/\/lequotidien.mr\/?p=22640&lang=fr#primaryimage","url":"https:\/\/lequotidien.mr\/wp-content\/uploads\/2024\/11\/photo-PM-et-BM.jpeg","contentUrl":"https:\/\/lequotidien.mr\/wp-content\/uploads\/2024\/11\/photo-PM-et-BM.jpeg","width":750,"height":430},{"@type":"BreadcrumbList","@id":"https:\/\/lequotidien.mr\/?p=22640&lang=fr#breadcrumb","itemListElement":[{"@type":"ListItem","position":1,"name":"Home","item":"https:\/\/lequotidien.mr\/"},{"@type":"ListItem","position":2,"name":"Economie et finances : Le Premier ministre re\u00e7oit une d\u00e9l\u00e9gation du Groupe de la Banque mondiale"}]},{"@type":"WebSite","@id":"https:\/\/lequotidien.mr\/#website","url":"https:\/\/lequotidien.mr\/","name":"Le Quotidien de Nouakchott","description":"\u0625\u062e\u0628\u0627\u0631\u064a\u0629 \u0645\u0633\u062a\u0642\u0644\u0629 \u0644\u0644\u0623\u0646\u0628\u0627\u0621 \u0627\u0644\u0639\u0627\u0645\u0629","publisher":{"@id":"https:\/\/lequotidien.mr\/#organization"},"potentialAction":[{"@type":"SearchAction","target":{"@type":"EntryPoint","urlTemplate":"https:\/\/lequotidien.mr\/?s={search_term_string}"},"query-input":{"@type":"PropertyValueSpecification","valueRequired":true,"valueName":"search_term_string"}}],"inLanguage":"ar"},{"@type":"Organization","@id":"https:\/\/lequotidien.mr\/#organization","name":"Le Quotidien de Nouakchott","url":"https:\/\/lequotidien.mr\/","logo":{"@type":"ImageObject","inLanguage":"ar","@id":"https:\/\/lequotidien.mr\/#\/schema\/logo\/image\/","url":"https:\/\/lequotidien.mr\/wp-content\/uploads\/2022\/11\/logolequotidien.jpg","contentUrl":"https:\/\/lequotidien.mr\/wp-content\/uploads\/2022\/11\/logolequotidien.jpg","width":290,"height":65,"caption":"Le Quotidien de Nouakchott"},"image":{"@id":"https:\/\/lequotidien.mr\/#\/schema\/logo\/image\/"},"sameAs":["https:\/\/web.facebook.com\/lequotidienmr","https:\/\/x.com\/lequotidienmr"]},{"@type":"Person","@id":"https:\/\/lequotidien.mr\/#\/schema\/person\/d2d350202a4d599685ed8abc25f97596","name":"Med Ahmed","image":{"@type":"ImageObject","inLanguage":"ar","@id":"https:\/\/secure.gravatar.com\/avatar\/fd2acc62ed50732923d1d39c17172c9b04149f142be92310ecc69e1358f94b52?s=96&d=mm&r=g","url":"https:\/\/secure.gravatar.com\/avatar\/fd2acc62ed50732923d1d39c17172c9b04149f142be92310ecc69e1358f94b52?s=96&d=mm&r=g","contentUrl":"https:\/\/secure.gravatar.com\/avatar\/fd2acc62ed50732923d1d39c17172c9b04149f142be92310ecc69e1358f94b52?s=96&d=mm&r=g","caption":"Med Ahmed"},"url":"https:\/\/lequotidien.mr\/?author=12"}]}},"_links":{"self":[{"href":"https:\/\/lequotidien.mr\/index.php?rest_route=\/wp\/v2\/posts\/22640","targetHints":{"allow":["GET"]}}],"collection":[{"href":"https:\/\/lequotidien.mr\/index.php?rest_route=\/wp\/v2\/posts"}],"about":[{"href":"https:\/\/lequotidien.mr\/index.php?rest_route=\/wp\/v2\/types\/post"}],"author":[{"embeddable":true,"href":"https:\/\/lequotidien.mr\/index.php?rest_route=\/wp\/v2\/users\/12"}],"replies":[{"embeddable":true,"href":"https:\/\/lequotidien.mr\/index.php?rest_route=%2Fwp%2Fv2%2Fcomments&post=22640"}],"version-history":[{"count":1,"href":"https:\/\/lequotidien.mr\/index.php?rest_route=\/wp\/v2\/posts\/22640\/revisions"}],"predecessor-version":[{"id":22642,"href":"https:\/\/lequotidien.mr\/index.php?rest_route=\/wp\/v2\/posts\/22640\/revisions\/22642"}],"wp:featuredmedia":[{"embeddable":true,"href":"https:\/\/lequotidien.mr\/index.php?rest_route=\/wp\/v2\/media\/22641"}],"wp:attachment":[{"href":"https:\/\/lequotidien.mr\/index.php?rest_route=%2Fwp%2Fv2%2Fmedia&parent=22640"}],"wp:term":[{"taxonomy":"category","embeddable":true,"href":"https:\/\/lequotidien.mr\/index.php?rest_route=%2Fwp%2Fv2%2Fcategories&post=22640"},{"taxonomy":"post_tag","embeddable":true,"href":"https:\/\/lequotidien.mr\/index.php?rest_route=%2Fwp%2Fv2%2Ftags&post=22640"}],"curies":[{"name":"wp","href":"https:\/\/api.w.org\/{rel}","templated":true}]}}