{"id":22637,"date":"2024-11-08T19:38:15","date_gmt":"2024-11-08T19:38:15","guid":{"rendered":"https:\/\/lequotidien.mr\/?p=22637"},"modified":"2024-11-08T19:38:15","modified_gmt":"2024-11-08T19:38:15","slug":"commemoration-du-70e-anniversaire-du-declenchement-de-la-revolution-de-liberation-algerienne-nouakchott-lalgerie-est-desormais-le-premier-partenaire-africain-de-la-mauritanie-selon-s","status":"publish","type":"post","link":"https:\/\/lequotidien.mr\/?p=22637&lang=fr","title":{"rendered":"Comm\u00e9moration du 70e anniversaire du d\u00e9clenchement de la r\u00e9volution de lib\u00e9ration alg\u00e9rienne\/Nouakchott : \u00ab L&#8217;Alg\u00e9rie est d\u00e9sormais le premier partenaire africain de la Mauritanie \u00bb selon son Ambassadeur \u00e0 Nouakchott"},"content":{"rendered":"<p>L&#8217;Ambassadeur d&#8217;Alg\u00e9rie \u00e0 Nouakchott, Mohamed Ben Attou, a affirm\u00e9 que l&#8217;Alg\u00e9rie est d\u00e9sormais le premier partenaire africain de la Mauritanie, avec une hausse des \u00e9changes commerciaux entre les deux pays de plus de 150 %.<\/p>\n<p>Cette d\u00e9claration a \u00e9t\u00e9 faite lors d&#8217;une r\u00e9ception organis\u00e9e par l&#8217;ambassade \u00e0 l&#8217;occasion de la comm\u00e9moration du 70e anniversaire du d\u00e9clenchement de la r\u00e9volution de lib\u00e9ration alg\u00e9rienne, c\u00e9l\u00e9br\u00e9e chaque 1er novembre sous le th\u00e8me \u00ab Novembre glorieux, fid\u00e9lit\u00e9 et renouveau \u00bb.<\/p>\n<p>Lors de cet \u00e9v\u00e9nement, le diplomate alg\u00e9rien a mis en avant plusieurs initiatives visant \u00e0 renforcer la coop\u00e9ration bilat\u00e9rale. Parmi ces projets, il a \u00e9voqu\u00e9 l&#8217;ouverture r\u00e9cente d&#8217;une banque alg\u00e9rienne en Mauritanie et le lancement d&#8217;une exposition permanente d\u00e9di\u00e9e aux produits alg\u00e9riens, symbolisant l&#8217;\u00e9lan \u00e9conomique et le partenariat solide qui unit les deux pays.<\/p>\n<p>Par ailleurs, l&#8217;ambassadeur alg\u00e9rien a rendu hommage aux efforts du pr\u00e9sident mauritanien, Mohamed Cheikh El Ghazouani, pour son engagement en faveur de la d\u00e9fense des int\u00e9r\u00eats africains et pour sa contribution au renforcement de l&#8217;int\u00e9gration r\u00e9gionale. Il a salu\u00e9 l&#8217;implication du chef d&#8217;\u00c9tat mauritanien dans la recherche de solution aux probl\u00e8mes dont souffre le continent africain, le qualifiant de le repr\u00e9senter dignement dans les forums internationaux.<\/p>\n<p>En cette occasion marquant l&#8217;anniversaire de la R\u00e9volution alg\u00e9rienne, M. Ben Attou a \u00e9galement rappel\u00e9 les sacrifices du peuple alg\u00e9rien dans sa lutte pour l&#8217;ind\u00e9pendance et sa qu\u00eate de dignit\u00e9 nationale. \u00ab En ce jour, nous nous souvenons avec fiert\u00e9 des grands sacrifices consentis par le peuple alg\u00e9rien contre le colonialisme fran\u00e7ais \u00bb, a-t-il d\u00e9clar\u00e9. Il a ensuite ajout\u00e9 que cette comm\u00e9moration repr\u00e9sente un moment de fid\u00e9lit\u00e9 aux martyrs et un engagement \u00e0 poursuivre le chemin vers une Alg\u00e9rie forte et unifi\u00e9e, en ad\u00e9quation avec les r\u00eaves de ceux qui ont donn\u00e9 leur vie pour la patrie.<\/p>\n<p>Le gouvernement \u00e9tait repr\u00e9sent\u00e9 \u00e0 cette r\u00e9ception par MM : le ministre de la Justice, Mohamed Mahmoud Cheikh Abdoullah Boya, par int\u00e9rim ministre des Affaires \u00e9trang\u00e8res, de la Coop\u00e9ration africaine et des Mauritaniens de l\u2019Ext\u00e9rieur, le ministre de l\u2019Enseignement sup\u00e9rieur et de la Recherche scientifique, Yacoub Moine, le ministre de l\u2019Energie et du P\u00e9trole, Mohamed \u00a0Khaled et l\u2019ambassadeur secr\u00e9taire g\u00e9n\u00e9ral du minist\u00e8re des Affaires \u00e9trang\u00e8res, de la Coop\u00e9ration africaine et des Mauritaniens de l\u2019Ext\u00e9rieur, Bal Mohamed El Habib.<\/p>\n<p>Cette c\u00e9r\u00e9monie haute en couleur s\u2019est d\u00e9roul\u00e9e en pr\u00e9sence de l\u2019ambassadeur directeur du monde arabe, M. Oumar Ahmed Babou, ainsi que des parlementaires et des repr\u00e9sentants du corps diplomatique en Mauritanie.<\/p>\n<p>Ainsi, cette journ\u00e9e symbolique illustre non seulement le devoir de m\u00e9moire envers les h\u00e9ros de l&#8217;ind\u00e9pendance alg\u00e9rienne, mais \u00e9galement le renouvellement des engagements des deux pays \u00e0 d\u00e9velopper un partenariat strat\u00e9gique, b\u00e9n\u00e9fique pour leurs peuples, leur souverainet\u00e9 et pour le continent africain dans son ensemble.<\/p>\n","protected":false},"excerpt":{"rendered":"<p>L&#8217;Ambassadeur d&#8217;Alg\u00e9rie \u00e0 Nouakchott, Mohamed Ben Attou, a affirm\u00e9 que l&#8217;Alg\u00e9rie est d\u00e9sormais le premier partenaire africain de la Mauritanie, avec une hausse des \u00e9changes commerciaux entre les deux pays de plus de 150 %. Cette d\u00e9claration a \u00e9t\u00e9 faite lors d&#8217;une r\u00e9ception organis\u00e9e par l&#8217;ambassade \u00e0 l&#8217;occasion de la comm\u00e9moration du 70e anniversaire du&#8230;..<\/p>\n","protected":false},"author":12,"featured_media":22638,"comment_status":"open","ping_status":"open","sticky":false,"template":"","format":"standard","meta":{"footnotes":""},"categories":[23,49,55],"tags":[],"class_list":["post-22637","post","type-post","status-publish","format-standard","has-post-thumbnail","hentry","category-actualite","category-economie","category-culture"],"yoast_head":"<!-- This site is optimized with the Yoast SEO plugin v27.5 - https:\/\/yoast.com\/product\/yoast-seo-wordpress\/ -->\n<title>Comm\u00e9moration du 70e anniversaire du d\u00e9clenchement de la r\u00e9volution de lib\u00e9ration alg\u00e9rienne\/Nouakchott : \u00ab L&#039;Alg\u00e9rie est d\u00e9sormais le premier partenaire africain de la Mauritanie \u00bb selon son Ambassadeur \u00e0 Nouakchott - Le Quotidien de Nouakchott<\/title>\n<meta name=\"robots\" content=\"index, follow, max-snippet:-1, max-image-preview:large, max-video-preview:-1\" \/>\n<link rel=\"canonical\" href=\"https:\/\/lequotidien.mr\/?p=22637&lang=fr\" \/>\n<meta property=\"og:locale\" content=\"ar_AR\" \/>\n<meta property=\"og:type\" content=\"article\" \/>\n<meta property=\"og:title\" content=\"Comm\u00e9moration du 70e anniversaire du d\u00e9clenchement de la r\u00e9volution de lib\u00e9ration alg\u00e9rienne\/Nouakchott : \u00ab L&#039;Alg\u00e9rie est d\u00e9sormais le premier partenaire africain de la Mauritanie \u00bb selon son Ambassadeur \u00e0 Nouakchott - Le Quotidien de Nouakchott\" \/>\n<meta property=\"og:description\" content=\"L&#8217;Ambassadeur d&#8217;Alg\u00e9rie \u00e0 Nouakchott, Mohamed Ben Attou, a affirm\u00e9 que l&#8217;Alg\u00e9rie est d\u00e9sormais le premier partenaire africain de la Mauritanie, avec une hausse des \u00e9changes commerciaux entre les deux pays de plus de 150 %. Cette d\u00e9claration a \u00e9t\u00e9 faite lors d&#8217;une r\u00e9ception organis\u00e9e par l&#8217;ambassade \u00e0 l&#8217;occasion de la comm\u00e9moration du 70e anniversaire du.....\" \/>\n<meta property=\"og:url\" content=\"https:\/\/lequotidien.mr\/?p=22637&amp;lang=fr\" \/>\n<meta property=\"og:site_name\" content=\"Le Quotidien de Nouakchott\" \/>\n<meta property=\"article:publisher\" content=\"https:\/\/web.facebook.com\/lequotidienmr\" \/>\n<meta property=\"article:published_time\" content=\"2024-11-08T19:38:15+00:00\" \/>\n<meta property=\"og:image\" content=\"https:\/\/lequotidien.mr\/wp-content\/uploads\/2024\/11\/photo-revolution-Algerie.jpg\" \/>\n\t<meta property=\"og:image:width\" content=\"448\" \/>\n\t<meta property=\"og:image:height\" content=\"299\" \/>\n\t<meta property=\"og:image:type\" content=\"image\/jpeg\" \/>\n<meta name=\"author\" content=\"Med Ahmed\" \/>\n<meta name=\"twitter:card\" content=\"summary_large_image\" \/>\n<meta name=\"twitter:creator\" content=\"@lequotidienmr\" \/>\n<meta name=\"twitter:site\" content=\"@lequotidienmr\" \/>\n<meta name=\"twitter:label1\" content=\"\u0643\u064f\u062a\u0628 \u0628\u0648\u0627\u0633\u0637\u0629\" \/>\n\t<meta name=\"twitter:data1\" content=\"Med Ahmed\" \/>\n\t<meta name=\"twitter:label2\" content=\"\u0648\u0642\u062a \u0627\u0644\u0642\u0631\u0627\u0621\u0629 \u0627\u0644\u0645\u064f\u0642\u062f\u0651\u0631\" \/>\n\t<meta name=\"twitter:data2\" content=\"3 \u062f\u0642\u0627\u0626\u0642\" \/>\n<script type=\"application\/ld+json\" class=\"yoast-schema-graph\">{\"@context\":\"https:\\\/\\\/schema.org\",\"@graph\":[{\"@type\":\"Article\",\"@id\":\"https:\\\/\\\/lequotidien.mr\\\/?p=22637&lang=fr#article\",\"isPartOf\":{\"@id\":\"https:\\\/\\\/lequotidien.mr\\\/?p=22637&lang=fr\"},\"author\":{\"name\":\"Med Ahmed\",\"@id\":\"https:\\\/\\\/lequotidien.mr\\\/#\\\/schema\\\/person\\\/d2d350202a4d599685ed8abc25f97596\"},\"headline\":\"Comm\u00e9moration du 70e anniversaire du d\u00e9clenchement de la r\u00e9volution de lib\u00e9ration alg\u00e9rienne\\\/Nouakchott : \u00ab L&#8217;Alg\u00e9rie est d\u00e9sormais le premier partenaire africain de la Mauritanie \u00bb selon son Ambassadeur \u00e0 Nouakchott\",\"datePublished\":\"2024-11-08T19:38:15+00:00\",\"mainEntityOfPage\":{\"@id\":\"https:\\\/\\\/lequotidien.mr\\\/?p=22637&lang=fr\"},\"wordCount\":572,\"commentCount\":0,\"publisher\":{\"@id\":\"https:\\\/\\\/lequotidien.mr\\\/#organization\"},\"image\":{\"@id\":\"https:\\\/\\\/lequotidien.mr\\\/?p=22637&lang=fr#primaryimage\"},\"thumbnailUrl\":\"https:\\\/\\\/lequotidien.mr\\\/wp-content\\\/uploads\\\/2024\\\/11\\\/photo-revolution-Algerie.jpg\",\"articleSection\":[\"ACTUALIT\u00c9\",\"Economie\",\"Culture\"],\"inLanguage\":\"ar\",\"potentialAction\":[{\"@type\":\"CommentAction\",\"name\":\"Comment\",\"target\":[\"https:\\\/\\\/lequotidien.mr\\\/?p=22637&lang=fr#respond\"]}]},{\"@type\":\"WebPage\",\"@id\":\"https:\\\/\\\/lequotidien.mr\\\/?p=22637&lang=fr\",\"url\":\"https:\\\/\\\/lequotidien.mr\\\/?p=22637&lang=fr\",\"name\":\"Comm\u00e9moration du 70e anniversaire du d\u00e9clenchement de la r\u00e9volution de lib\u00e9ration alg\u00e9rienne\\\/Nouakchott : \u00ab L'Alg\u00e9rie est d\u00e9sormais le premier partenaire africain de la Mauritanie \u00bb selon son Ambassadeur \u00e0 Nouakchott - Le Quotidien de Nouakchott\",\"isPartOf\":{\"@id\":\"https:\\\/\\\/lequotidien.mr\\\/#website\"},\"primaryImageOfPage\":{\"@id\":\"https:\\\/\\\/lequotidien.mr\\\/?p=22637&lang=fr#primaryimage\"},\"image\":{\"@id\":\"https:\\\/\\\/lequotidien.mr\\\/?p=22637&lang=fr#primaryimage\"},\"thumbnailUrl\":\"https:\\\/\\\/lequotidien.mr\\\/wp-content\\\/uploads\\\/2024\\\/11\\\/photo-revolution-Algerie.jpg\",\"datePublished\":\"2024-11-08T19:38:15+00:00\",\"breadcrumb\":{\"@id\":\"https:\\\/\\\/lequotidien.mr\\\/?p=22637&lang=fr#breadcrumb\"},\"inLanguage\":\"ar\",\"potentialAction\":[{\"@type\":\"ReadAction\",\"target\":[\"https:\\\/\\\/lequotidien.mr\\\/?p=22637&lang=fr\"]}]},{\"@type\":\"ImageObject\",\"inLanguage\":\"ar\",\"@id\":\"https:\\\/\\\/lequotidien.mr\\\/?p=22637&lang=fr#primaryimage\",\"url\":\"https:\\\/\\\/lequotidien.mr\\\/wp-content\\\/uploads\\\/2024\\\/11\\\/photo-revolution-Algerie.jpg\",\"contentUrl\":\"https:\\\/\\\/lequotidien.mr\\\/wp-content\\\/uploads\\\/2024\\\/11\\\/photo-revolution-Algerie.jpg\",\"width\":448,\"height\":299},{\"@type\":\"BreadcrumbList\",\"@id\":\"https:\\\/\\\/lequotidien.mr\\\/?p=22637&lang=fr#breadcrumb\",\"itemListElement\":[{\"@type\":\"ListItem\",\"position\":1,\"name\":\"Home\",\"item\":\"https:\\\/\\\/lequotidien.mr\\\/\"},{\"@type\":\"ListItem\",\"position\":2,\"name\":\"Comm\u00e9moration du 70e anniversaire du d\u00e9clenchement de la r\u00e9volution de lib\u00e9ration alg\u00e9rienne\\\/Nouakchott : \u00ab L&rsquo;Alg\u00e9rie est d\u00e9sormais le premier partenaire africain de la Mauritanie \u00bb selon son Ambassadeur \u00e0 Nouakchott\"}]},{\"@type\":\"WebSite\",\"@id\":\"https:\\\/\\\/lequotidien.mr\\\/#website\",\"url\":\"https:\\\/\\\/lequotidien.mr\\\/\",\"name\":\"Le Quotidien de Nouakchott\",\"description\":\"\u0625\u062e\u0628\u0627\u0631\u064a\u0629 \u0645\u0633\u062a\u0642\u0644\u0629 \u0644\u0644\u0623\u0646\u0628\u0627\u0621 \u0627\u0644\u0639\u0627\u0645\u0629\",\"publisher\":{\"@id\":\"https:\\\/\\\/lequotidien.mr\\\/#organization\"},\"potentialAction\":[{\"@type\":\"SearchAction\",\"target\":{\"@type\":\"EntryPoint\",\"urlTemplate\":\"https:\\\/\\\/lequotidien.mr\\\/?s={search_term_string}\"},\"query-input\":{\"@type\":\"PropertyValueSpecification\",\"valueRequired\":true,\"valueName\":\"search_term_string\"}}],\"inLanguage\":\"ar\"},{\"@type\":\"Organization\",\"@id\":\"https:\\\/\\\/lequotidien.mr\\\/#organization\",\"name\":\"Le Quotidien de Nouakchott\",\"url\":\"https:\\\/\\\/lequotidien.mr\\\/\",\"logo\":{\"@type\":\"ImageObject\",\"inLanguage\":\"ar\",\"@id\":\"https:\\\/\\\/lequotidien.mr\\\/#\\\/schema\\\/logo\\\/image\\\/\",\"url\":\"https:\\\/\\\/lequotidien.mr\\\/wp-content\\\/uploads\\\/2022\\\/11\\\/logolequotidien.jpg\",\"contentUrl\":\"https:\\\/\\\/lequotidien.mr\\\/wp-content\\\/uploads\\\/2022\\\/11\\\/logolequotidien.jpg\",\"width\":290,\"height\":65,\"caption\":\"Le Quotidien de Nouakchott\"},\"image\":{\"@id\":\"https:\\\/\\\/lequotidien.mr\\\/#\\\/schema\\\/logo\\\/image\\\/\"},\"sameAs\":[\"https:\\\/\\\/web.facebook.com\\\/lequotidienmr\",\"https:\\\/\\\/x.com\\\/lequotidienmr\"]},{\"@type\":\"Person\",\"@id\":\"https:\\\/\\\/lequotidien.mr\\\/#\\\/schema\\\/person\\\/d2d350202a4d599685ed8abc25f97596\",\"name\":\"Med Ahmed\",\"image\":{\"@type\":\"ImageObject\",\"inLanguage\":\"ar\",\"@id\":\"https:\\\/\\\/secure.gravatar.com\\\/avatar\\\/fd2acc62ed50732923d1d39c17172c9b04149f142be92310ecc69e1358f94b52?s=96&d=mm&r=g\",\"url\":\"https:\\\/\\\/secure.gravatar.com\\\/avatar\\\/fd2acc62ed50732923d1d39c17172c9b04149f142be92310ecc69e1358f94b52?s=96&d=mm&r=g\",\"contentUrl\":\"https:\\\/\\\/secure.gravatar.com\\\/avatar\\\/fd2acc62ed50732923d1d39c17172c9b04149f142be92310ecc69e1358f94b52?s=96&d=mm&r=g\",\"caption\":\"Med Ahmed\"},\"url\":\"https:\\\/\\\/lequotidien.mr\\\/?author=12\"}]}<\/script>\n<!-- \/ Yoast SEO plugin. -->","yoast_head_json":{"title":"Comm\u00e9moration du 70e anniversaire du d\u00e9clenchement de la r\u00e9volution de lib\u00e9ration alg\u00e9rienne\/Nouakchott : \u00ab L'Alg\u00e9rie est d\u00e9sormais le premier partenaire africain de la Mauritanie \u00bb selon son Ambassadeur \u00e0 Nouakchott - Le Quotidien de Nouakchott","robots":{"index":"index","follow":"follow","max-snippet":"max-snippet:-1","max-image-preview":"max-image-preview:large","max-video-preview":"max-video-preview:-1"},"canonical":"https:\/\/lequotidien.mr\/?p=22637&lang=fr","og_locale":"ar_AR","og_type":"article","og_title":"Comm\u00e9moration du 70e anniversaire du d\u00e9clenchement de la r\u00e9volution de lib\u00e9ration alg\u00e9rienne\/Nouakchott : \u00ab L'Alg\u00e9rie est d\u00e9sormais le premier partenaire africain de la Mauritanie \u00bb selon son Ambassadeur \u00e0 Nouakchott - Le Quotidien de Nouakchott","og_description":"L&#8217;Ambassadeur d&#8217;Alg\u00e9rie \u00e0 Nouakchott, Mohamed Ben Attou, a affirm\u00e9 que l&#8217;Alg\u00e9rie est d\u00e9sormais le premier partenaire africain de la Mauritanie, avec une hausse des \u00e9changes commerciaux entre les deux pays de plus de 150 %. Cette d\u00e9claration a \u00e9t\u00e9 faite lors d&#8217;une r\u00e9ception organis\u00e9e par l&#8217;ambassade \u00e0 l&#8217;occasion de la comm\u00e9moration du 70e anniversaire du.....","og_url":"https:\/\/lequotidien.mr\/?p=22637&lang=fr","og_site_name":"Le Quotidien de Nouakchott","article_publisher":"https:\/\/web.facebook.com\/lequotidienmr","article_published_time":"2024-11-08T19:38:15+00:00","og_image":[{"width":448,"height":299,"url":"https:\/\/lequotidien.mr\/wp-content\/uploads\/2024\/11\/photo-revolution-Algerie.jpg","type":"image\/jpeg"}],"author":"Med Ahmed","twitter_card":"summary_large_image","twitter_creator":"@lequotidienmr","twitter_site":"@lequotidienmr","twitter_misc":{"\u0643\u064f\u062a\u0628 \u0628\u0648\u0627\u0633\u0637\u0629":"Med Ahmed","\u0648\u0642\u062a \u0627\u0644\u0642\u0631\u0627\u0621\u0629 \u0627\u0644\u0645\u064f\u0642\u062f\u0651\u0631":"3 \u062f\u0642\u0627\u0626\u0642"},"schema":{"@context":"https:\/\/schema.org","@graph":[{"@type":"Article","@id":"https:\/\/lequotidien.mr\/?p=22637&lang=fr#article","isPartOf":{"@id":"https:\/\/lequotidien.mr\/?p=22637&lang=fr"},"author":{"name":"Med Ahmed","@id":"https:\/\/lequotidien.mr\/#\/schema\/person\/d2d350202a4d599685ed8abc25f97596"},"headline":"Comm\u00e9moration du 70e anniversaire du d\u00e9clenchement de la r\u00e9volution de lib\u00e9ration alg\u00e9rienne\/Nouakchott : \u00ab L&#8217;Alg\u00e9rie est d\u00e9sormais le premier partenaire africain de la Mauritanie \u00bb selon son Ambassadeur \u00e0 Nouakchott","datePublished":"2024-11-08T19:38:15+00:00","mainEntityOfPage":{"@id":"https:\/\/lequotidien.mr\/?p=22637&lang=fr"},"wordCount":572,"commentCount":0,"publisher":{"@id":"https:\/\/lequotidien.mr\/#organization"},"image":{"@id":"https:\/\/lequotidien.mr\/?p=22637&lang=fr#primaryimage"},"thumbnailUrl":"https:\/\/lequotidien.mr\/wp-content\/uploads\/2024\/11\/photo-revolution-Algerie.jpg","articleSection":["ACTUALIT\u00c9","Economie","Culture"],"inLanguage":"ar","potentialAction":[{"@type":"CommentAction","name":"Comment","target":["https:\/\/lequotidien.mr\/?p=22637&lang=fr#respond"]}]},{"@type":"WebPage","@id":"https:\/\/lequotidien.mr\/?p=22637&lang=fr","url":"https:\/\/lequotidien.mr\/?p=22637&lang=fr","name":"Comm\u00e9moration du 70e anniversaire du d\u00e9clenchement de la r\u00e9volution de lib\u00e9ration alg\u00e9rienne\/Nouakchott : \u00ab L'Alg\u00e9rie est d\u00e9sormais le premier partenaire africain de la Mauritanie \u00bb selon son Ambassadeur \u00e0 Nouakchott - Le Quotidien de Nouakchott","isPartOf":{"@id":"https:\/\/lequotidien.mr\/#website"},"primaryImageOfPage":{"@id":"https:\/\/lequotidien.mr\/?p=22637&lang=fr#primaryimage"},"image":{"@id":"https:\/\/lequotidien.mr\/?p=22637&lang=fr#primaryimage"},"thumbnailUrl":"https:\/\/lequotidien.mr\/wp-content\/uploads\/2024\/11\/photo-revolution-Algerie.jpg","datePublished":"2024-11-08T19:38:15+00:00","breadcrumb":{"@id":"https:\/\/lequotidien.mr\/?p=22637&lang=fr#breadcrumb"},"inLanguage":"ar","potentialAction":[{"@type":"ReadAction","target":["https:\/\/lequotidien.mr\/?p=22637&lang=fr"]}]},{"@type":"ImageObject","inLanguage":"ar","@id":"https:\/\/lequotidien.mr\/?p=22637&lang=fr#primaryimage","url":"https:\/\/lequotidien.mr\/wp-content\/uploads\/2024\/11\/photo-revolution-Algerie.jpg","contentUrl":"https:\/\/lequotidien.mr\/wp-content\/uploads\/2024\/11\/photo-revolution-Algerie.jpg","width":448,"height":299},{"@type":"BreadcrumbList","@id":"https:\/\/lequotidien.mr\/?p=22637&lang=fr#breadcrumb","itemListElement":[{"@type":"ListItem","position":1,"name":"Home","item":"https:\/\/lequotidien.mr\/"},{"@type":"ListItem","position":2,"name":"Comm\u00e9moration du 70e anniversaire du d\u00e9clenchement de la r\u00e9volution de lib\u00e9ration alg\u00e9rienne\/Nouakchott : \u00ab L&rsquo;Alg\u00e9rie est d\u00e9sormais le premier partenaire africain de la Mauritanie \u00bb selon son Ambassadeur \u00e0 Nouakchott"}]},{"@type":"WebSite","@id":"https:\/\/lequotidien.mr\/#website","url":"https:\/\/lequotidien.mr\/","name":"Le Quotidien de Nouakchott","description":"\u0625\u062e\u0628\u0627\u0631\u064a\u0629 \u0645\u0633\u062a\u0642\u0644\u0629 \u0644\u0644\u0623\u0646\u0628\u0627\u0621 \u0627\u0644\u0639\u0627\u0645\u0629","publisher":{"@id":"https:\/\/lequotidien.mr\/#organization"},"potentialAction":[{"@type":"SearchAction","target":{"@type":"EntryPoint","urlTemplate":"https:\/\/lequotidien.mr\/?s={search_term_string}"},"query-input":{"@type":"PropertyValueSpecification","valueRequired":true,"valueName":"search_term_string"}}],"inLanguage":"ar"},{"@type":"Organization","@id":"https:\/\/lequotidien.mr\/#organization","name":"Le Quotidien de Nouakchott","url":"https:\/\/lequotidien.mr\/","logo":{"@type":"ImageObject","inLanguage":"ar","@id":"https:\/\/lequotidien.mr\/#\/schema\/logo\/image\/","url":"https:\/\/lequotidien.mr\/wp-content\/uploads\/2022\/11\/logolequotidien.jpg","contentUrl":"https:\/\/lequotidien.mr\/wp-content\/uploads\/2022\/11\/logolequotidien.jpg","width":290,"height":65,"caption":"Le Quotidien de Nouakchott"},"image":{"@id":"https:\/\/lequotidien.mr\/#\/schema\/logo\/image\/"},"sameAs":["https:\/\/web.facebook.com\/lequotidienmr","https:\/\/x.com\/lequotidienmr"]},{"@type":"Person","@id":"https:\/\/lequotidien.mr\/#\/schema\/person\/d2d350202a4d599685ed8abc25f97596","name":"Med Ahmed","image":{"@type":"ImageObject","inLanguage":"ar","@id":"https:\/\/secure.gravatar.com\/avatar\/fd2acc62ed50732923d1d39c17172c9b04149f142be92310ecc69e1358f94b52?s=96&d=mm&r=g","url":"https:\/\/secure.gravatar.com\/avatar\/fd2acc62ed50732923d1d39c17172c9b04149f142be92310ecc69e1358f94b52?s=96&d=mm&r=g","contentUrl":"https:\/\/secure.gravatar.com\/avatar\/fd2acc62ed50732923d1d39c17172c9b04149f142be92310ecc69e1358f94b52?s=96&d=mm&r=g","caption":"Med Ahmed"},"url":"https:\/\/lequotidien.mr\/?author=12"}]}},"_links":{"self":[{"href":"https:\/\/lequotidien.mr\/index.php?rest_route=\/wp\/v2\/posts\/22637","targetHints":{"allow":["GET"]}}],"collection":[{"href":"https:\/\/lequotidien.mr\/index.php?rest_route=\/wp\/v2\/posts"}],"about":[{"href":"https:\/\/lequotidien.mr\/index.php?rest_route=\/wp\/v2\/types\/post"}],"author":[{"embeddable":true,"href":"https:\/\/lequotidien.mr\/index.php?rest_route=\/wp\/v2\/users\/12"}],"replies":[{"embeddable":true,"href":"https:\/\/lequotidien.mr\/index.php?rest_route=%2Fwp%2Fv2%2Fcomments&post=22637"}],"version-history":[{"count":1,"href":"https:\/\/lequotidien.mr\/index.php?rest_route=\/wp\/v2\/posts\/22637\/revisions"}],"predecessor-version":[{"id":22639,"href":"https:\/\/lequotidien.mr\/index.php?rest_route=\/wp\/v2\/posts\/22637\/revisions\/22639"}],"wp:featuredmedia":[{"embeddable":true,"href":"https:\/\/lequotidien.mr\/index.php?rest_route=\/wp\/v2\/media\/22638"}],"wp:attachment":[{"href":"https:\/\/lequotidien.mr\/index.php?rest_route=%2Fwp%2Fv2%2Fmedia&parent=22637"}],"wp:term":[{"taxonomy":"category","embeddable":true,"href":"https:\/\/lequotidien.mr\/index.php?rest_route=%2Fwp%2Fv2%2Fcategories&post=22637"},{"taxonomy":"post_tag","embeddable":true,"href":"https:\/\/lequotidien.mr\/index.php?rest_route=%2Fwp%2Fv2%2Ftags&post=22637"}],"curies":[{"name":"wp","href":"https:\/\/api.w.org\/{rel}","templated":true}]}}