{"id":22634,"date":"2024-11-08T19:28:47","date_gmt":"2024-11-08T19:28:47","guid":{"rendered":"https:\/\/lequotidien.mr\/?p=22634"},"modified":"2024-11-08T19:28:47","modified_gmt":"2024-11-08T19:28:47","slug":"village-de-lartisanat-a-nouakchott-le-ministere-de-tutelle-vient-dorganiser-un-atelier-preparatoire-pour-le-lancement-du-projet","status":"publish","type":"post","link":"https:\/\/lequotidien.mr\/?p=22634&lang=fr","title":{"rendered":"Village de l&#8217;artisanat \u00e0 Nouakchott : Le minist\u00e8re de tutelle vient d\u2019organiser un atelier pr\u00e9paratoire pour le lancement du projet"},"content":{"rendered":"<p>Le minist\u00e8re de la Formation professionnelle, de l&#8217;Artisanat et des M\u00e9tiers a organis\u00e9, ce jeudi \u00e0 Nouakchott, un atelier pr\u00e9paratoire au lancement du village de l&#8217;artisanat. Cet \u00e9v\u00e9nement marque un pas essentiel dans la mise en \u0153uvre du plan d&#8217;urgence du minist\u00e8re, qui ambitionne de dynamiser les secteurs de la formation professionnelle, de l&#8217;artisanat, et de l&#8217;\u00e9conomie sociale et solidaire en Mauritanie. L&#8217;objectif de cet atelier est de structurer l&#8217;offre de formation au centre du village de l&#8217;artisanat et de renforcer les comp\u00e9tences des artisans mauritaniens pour am\u00e9liorer la qualit\u00e9 et la commercialisation de leurs produits.<\/p>\n<p>Au programme de l&#8217;atelier, des pr\u00e9sentations sur les exp\u00e9riences mauritaniennes et marocaines dans le domaine de l&#8217;artisanat et des m\u00e9tiers, offrant une opportunit\u00e9 d&#8217;\u00e9changes sur les meilleures pratiques et les d\u00e9fis du secteur.<\/p>\n<p>Dans son discours, le ministre de la Formation professionnelle, de l&#8217;Artisanat et des M\u00e9tiers, Mohamed Melainine Eyih, a exprim\u00e9 sa gratitude envers le Royaume du Maroc pour son soutien dans la pr\u00e9paration du village de l&#8217;artisanat. Le ministre a rappel\u00e9 l&#8217;importance de l&#8217;artisanat et de la formation professionnelle dans la strat\u00e9gie de d\u00e9veloppement du gouvernement. Selon lui, la valorisation de la qualit\u00e9 des produits artisanaux et le renforcement des capacit\u00e9s de commercialisation sont des leviers essentiels pour garantir la p\u00e9rennit\u00e9 et la croissance de ce secteur.<\/p>\n<p>Les participants \u00e0 cet atelier ont assist\u00e9 \u00e0 plusieurs pr\u00e9sentations, notamment sur les exp\u00e9riences mauritaniennes et marocaines en mati\u00e8re d&#8217;artisanat et de m\u00e9tiers. Ces \u00e9changes ont permis d&#8217;explorer les diff\u00e9rentes approches adopt\u00e9es dans ces deux pays pour promouvoir et soutenir le secteur de l&#8217;artisanat.<\/p>\n<p>Le ministre a \u00e9galement mis en avant le r\u00f4le essentiel de la qualit\u00e9 des produits artisanaux et de leur commercialisation.<\/p>\n<p>La c\u00e9r\u00e9monie d&#8217;ouverture de l&#8217;atelier s&#8217;est d\u00e9roul\u00e9e en pr\u00e9sence de M. Hamid Chebar, ambassadeur du Maroc en Mauritanie, ainsi que d&#8217;une d\u00e9l\u00e9gation du minist\u00e8re marocain du Tourisme, de l&#8217;Artisanat et de l&#8217;\u00c9conomie sociale et solidaire.<\/p>\n<p>Avec le soutien des deux pays, ce projet du Village de l&#8217;artisanat \u00e0 Nouakchott promet d&#8217;\u00eatre une plateforme de formation et de valorisation des savoir-faire traditionnels, contribuant \u00e0 l&#8217;int\u00e9gration \u00e9conomique et sociale des artisans en Mauritanie.<\/p>\n","protected":false},"excerpt":{"rendered":"<p>Le minist\u00e8re de la Formation professionnelle, de l&#8217;Artisanat et des M\u00e9tiers a organis\u00e9, ce jeudi \u00e0 Nouakchott, un atelier pr\u00e9paratoire au lancement du village de l&#8217;artisanat. Cet \u00e9v\u00e9nement marque un pas essentiel dans la mise en \u0153uvre du plan d&#8217;urgence du minist\u00e8re, qui ambitionne de dynamiser les secteurs de la formation professionnelle, de l&#8217;artisanat, et&#8230;..<\/p>\n","protected":false},"author":12,"featured_media":22635,"comment_status":"open","ping_status":"open","sticky":false,"template":"","format":"standard","meta":{"footnotes":""},"categories":[23,49,55],"tags":[],"class_list":["post-22634","post","type-post","status-publish","format-standard","has-post-thumbnail","hentry","category-actualite","category-economie","category-culture"],"yoast_head":"<!-- This site is optimized with the Yoast SEO plugin v27.5 - https:\/\/yoast.com\/product\/yoast-seo-wordpress\/ -->\n<title>Village de l&#039;artisanat \u00e0 Nouakchott : Le minist\u00e8re de tutelle vient d\u2019organiser un atelier pr\u00e9paratoire pour le lancement du projet - Le Quotidien de Nouakchott<\/title>\n<meta name=\"robots\" content=\"index, follow, max-snippet:-1, max-image-preview:large, max-video-preview:-1\" \/>\n<link rel=\"canonical\" href=\"https:\/\/lequotidien.mr\/?p=22634&lang=fr\" \/>\n<meta property=\"og:locale\" content=\"ar_AR\" \/>\n<meta property=\"og:type\" content=\"article\" \/>\n<meta property=\"og:title\" content=\"Village de l&#039;artisanat \u00e0 Nouakchott : Le minist\u00e8re de tutelle vient d\u2019organiser un atelier pr\u00e9paratoire pour le lancement du projet - Le Quotidien de Nouakchott\" \/>\n<meta property=\"og:description\" content=\"Le minist\u00e8re de la Formation professionnelle, de l&#8217;Artisanat et des M\u00e9tiers a organis\u00e9, ce jeudi \u00e0 Nouakchott, un atelier pr\u00e9paratoire au lancement du village de l&#8217;artisanat. Cet \u00e9v\u00e9nement marque un pas essentiel dans la mise en \u0153uvre du plan d&#8217;urgence du minist\u00e8re, qui ambitionne de dynamiser les secteurs de la formation professionnelle, de l&#8217;artisanat, et.....\" \/>\n<meta property=\"og:url\" content=\"https:\/\/lequotidien.mr\/?p=22634&amp;lang=fr\" \/>\n<meta property=\"og:site_name\" content=\"Le Quotidien de Nouakchott\" \/>\n<meta property=\"article:publisher\" content=\"https:\/\/web.facebook.com\/lequotidienmr\" \/>\n<meta property=\"article:published_time\" content=\"2024-11-08T19:28:47+00:00\" \/>\n<meta property=\"og:image\" content=\"https:\/\/lequotidien.mr\/wp-content\/uploads\/2024\/11\/photo-village-artisanat.jpg\" \/>\n\t<meta property=\"og:image:width\" content=\"640\" \/>\n\t<meta property=\"og:image:height\" content=\"285\" \/>\n\t<meta property=\"og:image:type\" content=\"image\/jpeg\" \/>\n<meta name=\"author\" content=\"Med Ahmed\" \/>\n<meta name=\"twitter:card\" content=\"summary_large_image\" \/>\n<meta name=\"twitter:creator\" content=\"@lequotidienmr\" \/>\n<meta name=\"twitter:site\" content=\"@lequotidienmr\" \/>\n<meta name=\"twitter:label1\" content=\"\u0643\u064f\u062a\u0628 \u0628\u0648\u0627\u0633\u0637\u0629\" \/>\n\t<meta name=\"twitter:data1\" content=\"Med Ahmed\" \/>\n\t<meta name=\"twitter:label2\" content=\"\u0648\u0642\u062a \u0627\u0644\u0642\u0631\u0627\u0621\u0629 \u0627\u0644\u0645\u064f\u0642\u062f\u0651\u0631\" \/>\n\t<meta name=\"twitter:data2\" content=\"\u062f\u0642\u064a\u0642\u062a\u0627\u0646\" \/>\n<script type=\"application\/ld+json\" class=\"yoast-schema-graph\">{\"@context\":\"https:\\\/\\\/schema.org\",\"@graph\":[{\"@type\":\"Article\",\"@id\":\"https:\\\/\\\/lequotidien.mr\\\/?p=22634&lang=fr#article\",\"isPartOf\":{\"@id\":\"https:\\\/\\\/lequotidien.mr\\\/?p=22634&lang=fr\"},\"author\":{\"name\":\"Med Ahmed\",\"@id\":\"https:\\\/\\\/lequotidien.mr\\\/#\\\/schema\\\/person\\\/d2d350202a4d599685ed8abc25f97596\"},\"headline\":\"Village de l&#8217;artisanat \u00e0 Nouakchott : Le minist\u00e8re de tutelle vient d\u2019organiser un atelier pr\u00e9paratoire pour le lancement du projet\",\"datePublished\":\"2024-11-08T19:28:47+00:00\",\"mainEntityOfPage\":{\"@id\":\"https:\\\/\\\/lequotidien.mr\\\/?p=22634&lang=fr\"},\"wordCount\":427,\"commentCount\":0,\"publisher\":{\"@id\":\"https:\\\/\\\/lequotidien.mr\\\/#organization\"},\"image\":{\"@id\":\"https:\\\/\\\/lequotidien.mr\\\/?p=22634&lang=fr#primaryimage\"},\"thumbnailUrl\":\"https:\\\/\\\/lequotidien.mr\\\/wp-content\\\/uploads\\\/2024\\\/11\\\/photo-village-artisanat.jpg\",\"articleSection\":[\"ACTUALIT\u00c9\",\"Economie\",\"Culture\"],\"inLanguage\":\"ar\",\"potentialAction\":[{\"@type\":\"CommentAction\",\"name\":\"Comment\",\"target\":[\"https:\\\/\\\/lequotidien.mr\\\/?p=22634&lang=fr#respond\"]}]},{\"@type\":\"WebPage\",\"@id\":\"https:\\\/\\\/lequotidien.mr\\\/?p=22634&lang=fr\",\"url\":\"https:\\\/\\\/lequotidien.mr\\\/?p=22634&lang=fr\",\"name\":\"Village de l'artisanat \u00e0 Nouakchott : Le minist\u00e8re de tutelle vient d\u2019organiser un atelier pr\u00e9paratoire pour le lancement du projet - Le Quotidien de Nouakchott\",\"isPartOf\":{\"@id\":\"https:\\\/\\\/lequotidien.mr\\\/#website\"},\"primaryImageOfPage\":{\"@id\":\"https:\\\/\\\/lequotidien.mr\\\/?p=22634&lang=fr#primaryimage\"},\"image\":{\"@id\":\"https:\\\/\\\/lequotidien.mr\\\/?p=22634&lang=fr#primaryimage\"},\"thumbnailUrl\":\"https:\\\/\\\/lequotidien.mr\\\/wp-content\\\/uploads\\\/2024\\\/11\\\/photo-village-artisanat.jpg\",\"datePublished\":\"2024-11-08T19:28:47+00:00\",\"breadcrumb\":{\"@id\":\"https:\\\/\\\/lequotidien.mr\\\/?p=22634&lang=fr#breadcrumb\"},\"inLanguage\":\"ar\",\"potentialAction\":[{\"@type\":\"ReadAction\",\"target\":[\"https:\\\/\\\/lequotidien.mr\\\/?p=22634&lang=fr\"]}]},{\"@type\":\"ImageObject\",\"inLanguage\":\"ar\",\"@id\":\"https:\\\/\\\/lequotidien.mr\\\/?p=22634&lang=fr#primaryimage\",\"url\":\"https:\\\/\\\/lequotidien.mr\\\/wp-content\\\/uploads\\\/2024\\\/11\\\/photo-village-artisanat.jpg\",\"contentUrl\":\"https:\\\/\\\/lequotidien.mr\\\/wp-content\\\/uploads\\\/2024\\\/11\\\/photo-village-artisanat.jpg\",\"width\":640,\"height\":285},{\"@type\":\"BreadcrumbList\",\"@id\":\"https:\\\/\\\/lequotidien.mr\\\/?p=22634&lang=fr#breadcrumb\",\"itemListElement\":[{\"@type\":\"ListItem\",\"position\":1,\"name\":\"Home\",\"item\":\"https:\\\/\\\/lequotidien.mr\\\/\"},{\"@type\":\"ListItem\",\"position\":2,\"name\":\"Village de l&rsquo;artisanat \u00e0 Nouakchott : Le minist\u00e8re de tutelle vient d\u2019organiser un atelier pr\u00e9paratoire pour le lancement du projet\"}]},{\"@type\":\"WebSite\",\"@id\":\"https:\\\/\\\/lequotidien.mr\\\/#website\",\"url\":\"https:\\\/\\\/lequotidien.mr\\\/\",\"name\":\"Le Quotidien de Nouakchott\",\"description\":\"\u0625\u062e\u0628\u0627\u0631\u064a\u0629 \u0645\u0633\u062a\u0642\u0644\u0629 \u0644\u0644\u0623\u0646\u0628\u0627\u0621 \u0627\u0644\u0639\u0627\u0645\u0629\",\"publisher\":{\"@id\":\"https:\\\/\\\/lequotidien.mr\\\/#organization\"},\"potentialAction\":[{\"@type\":\"SearchAction\",\"target\":{\"@type\":\"EntryPoint\",\"urlTemplate\":\"https:\\\/\\\/lequotidien.mr\\\/?s={search_term_string}\"},\"query-input\":{\"@type\":\"PropertyValueSpecification\",\"valueRequired\":true,\"valueName\":\"search_term_string\"}}],\"inLanguage\":\"ar\"},{\"@type\":\"Organization\",\"@id\":\"https:\\\/\\\/lequotidien.mr\\\/#organization\",\"name\":\"Le Quotidien de Nouakchott\",\"url\":\"https:\\\/\\\/lequotidien.mr\\\/\",\"logo\":{\"@type\":\"ImageObject\",\"inLanguage\":\"ar\",\"@id\":\"https:\\\/\\\/lequotidien.mr\\\/#\\\/schema\\\/logo\\\/image\\\/\",\"url\":\"https:\\\/\\\/lequotidien.mr\\\/wp-content\\\/uploads\\\/2022\\\/11\\\/logolequotidien.jpg\",\"contentUrl\":\"https:\\\/\\\/lequotidien.mr\\\/wp-content\\\/uploads\\\/2022\\\/11\\\/logolequotidien.jpg\",\"width\":290,\"height\":65,\"caption\":\"Le Quotidien de Nouakchott\"},\"image\":{\"@id\":\"https:\\\/\\\/lequotidien.mr\\\/#\\\/schema\\\/logo\\\/image\\\/\"},\"sameAs\":[\"https:\\\/\\\/web.facebook.com\\\/lequotidienmr\",\"https:\\\/\\\/x.com\\\/lequotidienmr\"]},{\"@type\":\"Person\",\"@id\":\"https:\\\/\\\/lequotidien.mr\\\/#\\\/schema\\\/person\\\/d2d350202a4d599685ed8abc25f97596\",\"name\":\"Med Ahmed\",\"image\":{\"@type\":\"ImageObject\",\"inLanguage\":\"ar\",\"@id\":\"https:\\\/\\\/secure.gravatar.com\\\/avatar\\\/fd2acc62ed50732923d1d39c17172c9b04149f142be92310ecc69e1358f94b52?s=96&d=mm&r=g\",\"url\":\"https:\\\/\\\/secure.gravatar.com\\\/avatar\\\/fd2acc62ed50732923d1d39c17172c9b04149f142be92310ecc69e1358f94b52?s=96&d=mm&r=g\",\"contentUrl\":\"https:\\\/\\\/secure.gravatar.com\\\/avatar\\\/fd2acc62ed50732923d1d39c17172c9b04149f142be92310ecc69e1358f94b52?s=96&d=mm&r=g\",\"caption\":\"Med Ahmed\"},\"url\":\"https:\\\/\\\/lequotidien.mr\\\/?author=12\"}]}<\/script>\n<!-- \/ Yoast SEO plugin. -->","yoast_head_json":{"title":"Village de l'artisanat \u00e0 Nouakchott : Le minist\u00e8re de tutelle vient d\u2019organiser un atelier pr\u00e9paratoire pour le lancement du projet - Le Quotidien de Nouakchott","robots":{"index":"index","follow":"follow","max-snippet":"max-snippet:-1","max-image-preview":"max-image-preview:large","max-video-preview":"max-video-preview:-1"},"canonical":"https:\/\/lequotidien.mr\/?p=22634&lang=fr","og_locale":"ar_AR","og_type":"article","og_title":"Village de l'artisanat \u00e0 Nouakchott : Le minist\u00e8re de tutelle vient d\u2019organiser un atelier pr\u00e9paratoire pour le lancement du projet - Le Quotidien de Nouakchott","og_description":"Le minist\u00e8re de la Formation professionnelle, de l&#8217;Artisanat et des M\u00e9tiers a organis\u00e9, ce jeudi \u00e0 Nouakchott, un atelier pr\u00e9paratoire au lancement du village de l&#8217;artisanat. Cet \u00e9v\u00e9nement marque un pas essentiel dans la mise en \u0153uvre du plan d&#8217;urgence du minist\u00e8re, qui ambitionne de dynamiser les secteurs de la formation professionnelle, de l&#8217;artisanat, et.....","og_url":"https:\/\/lequotidien.mr\/?p=22634&lang=fr","og_site_name":"Le Quotidien de Nouakchott","article_publisher":"https:\/\/web.facebook.com\/lequotidienmr","article_published_time":"2024-11-08T19:28:47+00:00","og_image":[{"width":640,"height":285,"url":"https:\/\/lequotidien.mr\/wp-content\/uploads\/2024\/11\/photo-village-artisanat.jpg","type":"image\/jpeg"}],"author":"Med Ahmed","twitter_card":"summary_large_image","twitter_creator":"@lequotidienmr","twitter_site":"@lequotidienmr","twitter_misc":{"\u0643\u064f\u062a\u0628 \u0628\u0648\u0627\u0633\u0637\u0629":"Med Ahmed","\u0648\u0642\u062a \u0627\u0644\u0642\u0631\u0627\u0621\u0629 \u0627\u0644\u0645\u064f\u0642\u062f\u0651\u0631":"\u062f\u0642\u064a\u0642\u062a\u0627\u0646"},"schema":{"@context":"https:\/\/schema.org","@graph":[{"@type":"Article","@id":"https:\/\/lequotidien.mr\/?p=22634&lang=fr#article","isPartOf":{"@id":"https:\/\/lequotidien.mr\/?p=22634&lang=fr"},"author":{"name":"Med Ahmed","@id":"https:\/\/lequotidien.mr\/#\/schema\/person\/d2d350202a4d599685ed8abc25f97596"},"headline":"Village de l&#8217;artisanat \u00e0 Nouakchott : Le minist\u00e8re de tutelle vient d\u2019organiser un atelier pr\u00e9paratoire pour le lancement du projet","datePublished":"2024-11-08T19:28:47+00:00","mainEntityOfPage":{"@id":"https:\/\/lequotidien.mr\/?p=22634&lang=fr"},"wordCount":427,"commentCount":0,"publisher":{"@id":"https:\/\/lequotidien.mr\/#organization"},"image":{"@id":"https:\/\/lequotidien.mr\/?p=22634&lang=fr#primaryimage"},"thumbnailUrl":"https:\/\/lequotidien.mr\/wp-content\/uploads\/2024\/11\/photo-village-artisanat.jpg","articleSection":["ACTUALIT\u00c9","Economie","Culture"],"inLanguage":"ar","potentialAction":[{"@type":"CommentAction","name":"Comment","target":["https:\/\/lequotidien.mr\/?p=22634&lang=fr#respond"]}]},{"@type":"WebPage","@id":"https:\/\/lequotidien.mr\/?p=22634&lang=fr","url":"https:\/\/lequotidien.mr\/?p=22634&lang=fr","name":"Village de l'artisanat \u00e0 Nouakchott : Le minist\u00e8re de tutelle vient d\u2019organiser un atelier pr\u00e9paratoire pour le lancement du projet - Le Quotidien de Nouakchott","isPartOf":{"@id":"https:\/\/lequotidien.mr\/#website"},"primaryImageOfPage":{"@id":"https:\/\/lequotidien.mr\/?p=22634&lang=fr#primaryimage"},"image":{"@id":"https:\/\/lequotidien.mr\/?p=22634&lang=fr#primaryimage"},"thumbnailUrl":"https:\/\/lequotidien.mr\/wp-content\/uploads\/2024\/11\/photo-village-artisanat.jpg","datePublished":"2024-11-08T19:28:47+00:00","breadcrumb":{"@id":"https:\/\/lequotidien.mr\/?p=22634&lang=fr#breadcrumb"},"inLanguage":"ar","potentialAction":[{"@type":"ReadAction","target":["https:\/\/lequotidien.mr\/?p=22634&lang=fr"]}]},{"@type":"ImageObject","inLanguage":"ar","@id":"https:\/\/lequotidien.mr\/?p=22634&lang=fr#primaryimage","url":"https:\/\/lequotidien.mr\/wp-content\/uploads\/2024\/11\/photo-village-artisanat.jpg","contentUrl":"https:\/\/lequotidien.mr\/wp-content\/uploads\/2024\/11\/photo-village-artisanat.jpg","width":640,"height":285},{"@type":"BreadcrumbList","@id":"https:\/\/lequotidien.mr\/?p=22634&lang=fr#breadcrumb","itemListElement":[{"@type":"ListItem","position":1,"name":"Home","item":"https:\/\/lequotidien.mr\/"},{"@type":"ListItem","position":2,"name":"Village de l&rsquo;artisanat \u00e0 Nouakchott : Le minist\u00e8re de tutelle vient d\u2019organiser un atelier pr\u00e9paratoire pour le lancement du projet"}]},{"@type":"WebSite","@id":"https:\/\/lequotidien.mr\/#website","url":"https:\/\/lequotidien.mr\/","name":"Le Quotidien de Nouakchott","description":"\u0625\u062e\u0628\u0627\u0631\u064a\u0629 \u0645\u0633\u062a\u0642\u0644\u0629 \u0644\u0644\u0623\u0646\u0628\u0627\u0621 \u0627\u0644\u0639\u0627\u0645\u0629","publisher":{"@id":"https:\/\/lequotidien.mr\/#organization"},"potentialAction":[{"@type":"SearchAction","target":{"@type":"EntryPoint","urlTemplate":"https:\/\/lequotidien.mr\/?s={search_term_string}"},"query-input":{"@type":"PropertyValueSpecification","valueRequired":true,"valueName":"search_term_string"}}],"inLanguage":"ar"},{"@type":"Organization","@id":"https:\/\/lequotidien.mr\/#organization","name":"Le Quotidien de Nouakchott","url":"https:\/\/lequotidien.mr\/","logo":{"@type":"ImageObject","inLanguage":"ar","@id":"https:\/\/lequotidien.mr\/#\/schema\/logo\/image\/","url":"https:\/\/lequotidien.mr\/wp-content\/uploads\/2022\/11\/logolequotidien.jpg","contentUrl":"https:\/\/lequotidien.mr\/wp-content\/uploads\/2022\/11\/logolequotidien.jpg","width":290,"height":65,"caption":"Le Quotidien de Nouakchott"},"image":{"@id":"https:\/\/lequotidien.mr\/#\/schema\/logo\/image\/"},"sameAs":["https:\/\/web.facebook.com\/lequotidienmr","https:\/\/x.com\/lequotidienmr"]},{"@type":"Person","@id":"https:\/\/lequotidien.mr\/#\/schema\/person\/d2d350202a4d599685ed8abc25f97596","name":"Med Ahmed","image":{"@type":"ImageObject","inLanguage":"ar","@id":"https:\/\/secure.gravatar.com\/avatar\/fd2acc62ed50732923d1d39c17172c9b04149f142be92310ecc69e1358f94b52?s=96&d=mm&r=g","url":"https:\/\/secure.gravatar.com\/avatar\/fd2acc62ed50732923d1d39c17172c9b04149f142be92310ecc69e1358f94b52?s=96&d=mm&r=g","contentUrl":"https:\/\/secure.gravatar.com\/avatar\/fd2acc62ed50732923d1d39c17172c9b04149f142be92310ecc69e1358f94b52?s=96&d=mm&r=g","caption":"Med Ahmed"},"url":"https:\/\/lequotidien.mr\/?author=12"}]}},"_links":{"self":[{"href":"https:\/\/lequotidien.mr\/index.php?rest_route=\/wp\/v2\/posts\/22634","targetHints":{"allow":["GET"]}}],"collection":[{"href":"https:\/\/lequotidien.mr\/index.php?rest_route=\/wp\/v2\/posts"}],"about":[{"href":"https:\/\/lequotidien.mr\/index.php?rest_route=\/wp\/v2\/types\/post"}],"author":[{"embeddable":true,"href":"https:\/\/lequotidien.mr\/index.php?rest_route=\/wp\/v2\/users\/12"}],"replies":[{"embeddable":true,"href":"https:\/\/lequotidien.mr\/index.php?rest_route=%2Fwp%2Fv2%2Fcomments&post=22634"}],"version-history":[{"count":1,"href":"https:\/\/lequotidien.mr\/index.php?rest_route=\/wp\/v2\/posts\/22634\/revisions"}],"predecessor-version":[{"id":22636,"href":"https:\/\/lequotidien.mr\/index.php?rest_route=\/wp\/v2\/posts\/22634\/revisions\/22636"}],"wp:featuredmedia":[{"embeddable":true,"href":"https:\/\/lequotidien.mr\/index.php?rest_route=\/wp\/v2\/media\/22635"}],"wp:attachment":[{"href":"https:\/\/lequotidien.mr\/index.php?rest_route=%2Fwp%2Fv2%2Fmedia&parent=22634"}],"wp:term":[{"taxonomy":"category","embeddable":true,"href":"https:\/\/lequotidien.mr\/index.php?rest_route=%2Fwp%2Fv2%2Fcategories&post=22634"},{"taxonomy":"post_tag","embeddable":true,"href":"https:\/\/lequotidien.mr\/index.php?rest_route=%2Fwp%2Fv2%2Ftags&post=22634"}],"curies":[{"name":"wp","href":"https:\/\/api.w.org\/{rel}","templated":true}]}}