{"id":22614,"date":"2024-11-07T10:19:53","date_gmt":"2024-11-07T10:19:53","guid":{"rendered":"https:\/\/lequotidien.mr\/?p=22614"},"modified":"2024-11-07T10:19:53","modified_gmt":"2024-11-07T10:19:53","slug":"nouakchott-ville-moderne-le-premier-ministre-donne-le-ton-devant-le-comite-ministeriel-en-charge-du-programme","status":"publish","type":"post","link":"https:\/\/lequotidien.mr\/?p=22614&lang=fr","title":{"rendered":"\u00ab Nouakchott ville moderne \u00bb : Le Premier ministre donne le ton devant le comit\u00e9 minist\u00e9riel en charge du programme"},"content":{"rendered":"<p>Le Premier ministre Mokhtar Diay a pr\u00e9sid\u00e9 mercredi soir une s\u00e9rie de r\u00e9unions strat\u00e9giques au Palais du Premier minist\u00e8re, et ce en r\u00e9ponse aux directives du Pr\u00e9sident de la R\u00e9publique, Mohamed Cheikh El Ghazouani, visant \u00e0 \u00e9largir la concertation autour du programme \u00ab Nouakchott ville moderne \u00bb.<\/p>\n<p>Dans son discours inaugural devant le comit\u00e9 minist\u00e9riel charg\u00e9 du programme \u00abNouakchott ville moderne\u00bb, le Premier ministre a rappel\u00e9 que le programme \u00ab Nouakchott ville moderne \u00bb vise \u00e0 am\u00e9liorer les infrastructures dans plusieurs domaines cl\u00e9s : \u00e9ducation, sant\u00e9, approvisionnement en eau, assainissement, \u00e9lectricit\u00e9, hygi\u00e8ne, protection de l&#8217;environnement, et \u00e9clairage public.<\/p>\n<p>Le comit\u00e9 minist\u00e9riel a pr\u00e9sent\u00e9 une vue d&#8217;ensemble sectorielle du programme, d\u00e9taillant les am\u00e9liorations pr\u00e9vues pour chaque service public dans le cadre du projet. Une composante de volontariat, soutenue par des organisations de jeunesse, est \u00e9galement pr\u00e9vue pour mobiliser les efforts communautaires dans les quartiers de Nouakchott, favorisant ainsi un engagement collectif autour de la modernisation de la capitale.<\/p>\n<p>Lors de ces r\u00e9unions, les parlementaires, repr\u00e9sentants r\u00e9gionaux et maires ont eu l&#8217;opportunit\u00e9 de partager leurs observations, soulignant l&#8217;importance de cet effort participatif in\u00e9dit. Pour la premi\u00e8re fois, un diagnostic collectif des pr\u00e9occupations citoyennes a \u00e9t\u00e9 r\u00e9alis\u00e9, permettant une compr\u00e9hension approfondie des probl\u00e8mes rencontr\u00e9s par les habitants de Nouakchott, ainsi qu&#8217;une int\u00e9gration directe des solutions propos\u00e9es.<\/p>\n<p>Les \u00e9lus ont exprim\u00e9 leur satisfaction et leur gratitude envers le Pr\u00e9sident de la R\u00e9publique et le gouvernement pour cette initiative qui, selon eux, r\u00e9pond \u00e0 l\u2019urgence de faire de Nouakchott une capitale moderne et accueillante.<\/p>\n<p>Le Premier ministre a conclu en donnant des instructions aux diff\u00e9rents d\u00e9partements gouvernementaux pour qu&#8217;ils tiennent compte des avis et recommandations des autorit\u00e9s locales et des \u00e9lus. En adoptant cette d\u00e9marche inclusive, le gouvernement vise \u00e0 garantir l&#8217;efficacit\u00e9 et la pertinence de ce programme ambitieux qui, une fois pleinement d\u00e9ploy\u00e9, transformera Nouakchott en une ville moderne et durable pour ses habitants.<\/p>\n","protected":false},"excerpt":{"rendered":"<p>Le Premier ministre Mokhtar Diay a pr\u00e9sid\u00e9 mercredi soir une s\u00e9rie de r\u00e9unions strat\u00e9giques au Palais du Premier minist\u00e8re, et ce en r\u00e9ponse aux directives du Pr\u00e9sident de la R\u00e9publique, Mohamed Cheikh El Ghazouani, visant \u00e0 \u00e9largir la concertation autour du programme \u00ab Nouakchott ville moderne \u00bb. Dans son discours inaugural devant le comit\u00e9 minist\u00e9riel&#8230;..<\/p>\n","protected":false},"author":12,"featured_media":22615,"comment_status":"open","ping_status":"open","sticky":false,"template":"","format":"standard","meta":{"footnotes":""},"categories":[23,49],"tags":[],"class_list":["post-22614","post","type-post","status-publish","format-standard","has-post-thumbnail","hentry","category-actualite","category-economie"],"yoast_head":"<!-- This site is optimized with the Yoast SEO plugin v27.5 - https:\/\/yoast.com\/product\/yoast-seo-wordpress\/ -->\n<title>\u00ab Nouakchott ville moderne \u00bb : Le Premier ministre donne le ton devant le comit\u00e9 minist\u00e9riel en charge du programme - Le Quotidien de Nouakchott<\/title>\n<meta name=\"robots\" content=\"index, follow, max-snippet:-1, max-image-preview:large, max-video-preview:-1\" \/>\n<link rel=\"canonical\" href=\"https:\/\/lequotidien.mr\/?p=22614&lang=fr\" \/>\n<meta property=\"og:locale\" content=\"ar_AR\" \/>\n<meta property=\"og:type\" content=\"article\" \/>\n<meta property=\"og:title\" content=\"\u00ab Nouakchott ville moderne \u00bb : Le Premier ministre donne le ton devant le comit\u00e9 minist\u00e9riel en charge du programme - Le Quotidien de Nouakchott\" \/>\n<meta property=\"og:description\" content=\"Le Premier ministre Mokhtar Diay a pr\u00e9sid\u00e9 mercredi soir une s\u00e9rie de r\u00e9unions strat\u00e9giques au Palais du Premier minist\u00e8re, et ce en r\u00e9ponse aux directives du Pr\u00e9sident de la R\u00e9publique, Mohamed Cheikh El Ghazouani, visant \u00e0 \u00e9largir la concertation autour du programme \u00ab Nouakchott ville moderne \u00bb. Dans son discours inaugural devant le comit\u00e9 minist\u00e9riel.....\" \/>\n<meta property=\"og:url\" content=\"https:\/\/lequotidien.mr\/?p=22614&amp;lang=fr\" \/>\n<meta property=\"og:site_name\" content=\"Le Quotidien de Nouakchott\" \/>\n<meta property=\"article:publisher\" content=\"https:\/\/web.facebook.com\/lequotidienmr\" \/>\n<meta property=\"article:published_time\" content=\"2024-11-07T10:19:53+00:00\" \/>\n<meta property=\"og:image\" content=\"https:\/\/lequotidien.mr\/wp-content\/uploads\/2024\/11\/photo-Nkc-ville-moderne.jpg\" \/>\n\t<meta property=\"og:image:width\" content=\"644\" \/>\n\t<meta property=\"og:image:height\" content=\"383\" \/>\n\t<meta property=\"og:image:type\" content=\"image\/jpeg\" \/>\n<meta name=\"author\" content=\"Med Ahmed\" \/>\n<meta name=\"twitter:card\" content=\"summary_large_image\" \/>\n<meta name=\"twitter:creator\" content=\"@lequotidienmr\" \/>\n<meta name=\"twitter:site\" content=\"@lequotidienmr\" \/>\n<meta name=\"twitter:label1\" content=\"\u0643\u064f\u062a\u0628 \u0628\u0648\u0627\u0633\u0637\u0629\" \/>\n\t<meta name=\"twitter:data1\" content=\"Med Ahmed\" \/>\n\t<meta name=\"twitter:label2\" content=\"\u0648\u0642\u062a \u0627\u0644\u0642\u0631\u0627\u0621\u0629 \u0627\u0644\u0645\u064f\u0642\u062f\u0651\u0631\" \/>\n\t<meta name=\"twitter:data2\" content=\"\u062f\u0642\u064a\u0642\u062a\u0627\u0646\" \/>\n<script type=\"application\/ld+json\" class=\"yoast-schema-graph\">{\"@context\":\"https:\\\/\\\/schema.org\",\"@graph\":[{\"@type\":\"Article\",\"@id\":\"https:\\\/\\\/lequotidien.mr\\\/?p=22614&lang=fr#article\",\"isPartOf\":{\"@id\":\"https:\\\/\\\/lequotidien.mr\\\/?p=22614&lang=fr\"},\"author\":{\"name\":\"Med Ahmed\",\"@id\":\"https:\\\/\\\/lequotidien.mr\\\/#\\\/schema\\\/person\\\/d2d350202a4d599685ed8abc25f97596\"},\"headline\":\"\u00ab Nouakchott ville moderne \u00bb : Le Premier ministre donne le ton devant le comit\u00e9 minist\u00e9riel en charge du programme\",\"datePublished\":\"2024-11-07T10:19:53+00:00\",\"mainEntityOfPage\":{\"@id\":\"https:\\\/\\\/lequotidien.mr\\\/?p=22614&lang=fr\"},\"wordCount\":365,\"commentCount\":0,\"publisher\":{\"@id\":\"https:\\\/\\\/lequotidien.mr\\\/#organization\"},\"image\":{\"@id\":\"https:\\\/\\\/lequotidien.mr\\\/?p=22614&lang=fr#primaryimage\"},\"thumbnailUrl\":\"https:\\\/\\\/lequotidien.mr\\\/wp-content\\\/uploads\\\/2024\\\/11\\\/photo-Nkc-ville-moderne.jpg\",\"articleSection\":[\"ACTUALIT\u00c9\",\"Economie\"],\"inLanguage\":\"ar\",\"potentialAction\":[{\"@type\":\"CommentAction\",\"name\":\"Comment\",\"target\":[\"https:\\\/\\\/lequotidien.mr\\\/?p=22614&lang=fr#respond\"]}]},{\"@type\":\"WebPage\",\"@id\":\"https:\\\/\\\/lequotidien.mr\\\/?p=22614&lang=fr\",\"url\":\"https:\\\/\\\/lequotidien.mr\\\/?p=22614&lang=fr\",\"name\":\"\u00ab Nouakchott ville moderne \u00bb : Le Premier ministre donne le ton devant le comit\u00e9 minist\u00e9riel en charge du programme - Le Quotidien de Nouakchott\",\"isPartOf\":{\"@id\":\"https:\\\/\\\/lequotidien.mr\\\/#website\"},\"primaryImageOfPage\":{\"@id\":\"https:\\\/\\\/lequotidien.mr\\\/?p=22614&lang=fr#primaryimage\"},\"image\":{\"@id\":\"https:\\\/\\\/lequotidien.mr\\\/?p=22614&lang=fr#primaryimage\"},\"thumbnailUrl\":\"https:\\\/\\\/lequotidien.mr\\\/wp-content\\\/uploads\\\/2024\\\/11\\\/photo-Nkc-ville-moderne.jpg\",\"datePublished\":\"2024-11-07T10:19:53+00:00\",\"breadcrumb\":{\"@id\":\"https:\\\/\\\/lequotidien.mr\\\/?p=22614&lang=fr#breadcrumb\"},\"inLanguage\":\"ar\",\"potentialAction\":[{\"@type\":\"ReadAction\",\"target\":[\"https:\\\/\\\/lequotidien.mr\\\/?p=22614&lang=fr\"]}]},{\"@type\":\"ImageObject\",\"inLanguage\":\"ar\",\"@id\":\"https:\\\/\\\/lequotidien.mr\\\/?p=22614&lang=fr#primaryimage\",\"url\":\"https:\\\/\\\/lequotidien.mr\\\/wp-content\\\/uploads\\\/2024\\\/11\\\/photo-Nkc-ville-moderne.jpg\",\"contentUrl\":\"https:\\\/\\\/lequotidien.mr\\\/wp-content\\\/uploads\\\/2024\\\/11\\\/photo-Nkc-ville-moderne.jpg\",\"width\":644,\"height\":383},{\"@type\":\"BreadcrumbList\",\"@id\":\"https:\\\/\\\/lequotidien.mr\\\/?p=22614&lang=fr#breadcrumb\",\"itemListElement\":[{\"@type\":\"ListItem\",\"position\":1,\"name\":\"Home\",\"item\":\"https:\\\/\\\/lequotidien.mr\\\/\"},{\"@type\":\"ListItem\",\"position\":2,\"name\":\"\u00ab Nouakchott ville moderne \u00bb : Le Premier ministre donne le ton devant le comit\u00e9 minist\u00e9riel en charge du programme\"}]},{\"@type\":\"WebSite\",\"@id\":\"https:\\\/\\\/lequotidien.mr\\\/#website\",\"url\":\"https:\\\/\\\/lequotidien.mr\\\/\",\"name\":\"Le Quotidien de Nouakchott\",\"description\":\"\u0625\u062e\u0628\u0627\u0631\u064a\u0629 \u0645\u0633\u062a\u0642\u0644\u0629 \u0644\u0644\u0623\u0646\u0628\u0627\u0621 \u0627\u0644\u0639\u0627\u0645\u0629\",\"publisher\":{\"@id\":\"https:\\\/\\\/lequotidien.mr\\\/#organization\"},\"potentialAction\":[{\"@type\":\"SearchAction\",\"target\":{\"@type\":\"EntryPoint\",\"urlTemplate\":\"https:\\\/\\\/lequotidien.mr\\\/?s={search_term_string}\"},\"query-input\":{\"@type\":\"PropertyValueSpecification\",\"valueRequired\":true,\"valueName\":\"search_term_string\"}}],\"inLanguage\":\"ar\"},{\"@type\":\"Organization\",\"@id\":\"https:\\\/\\\/lequotidien.mr\\\/#organization\",\"name\":\"Le Quotidien de Nouakchott\",\"url\":\"https:\\\/\\\/lequotidien.mr\\\/\",\"logo\":{\"@type\":\"ImageObject\",\"inLanguage\":\"ar\",\"@id\":\"https:\\\/\\\/lequotidien.mr\\\/#\\\/schema\\\/logo\\\/image\\\/\",\"url\":\"https:\\\/\\\/lequotidien.mr\\\/wp-content\\\/uploads\\\/2022\\\/11\\\/logolequotidien.jpg\",\"contentUrl\":\"https:\\\/\\\/lequotidien.mr\\\/wp-content\\\/uploads\\\/2022\\\/11\\\/logolequotidien.jpg\",\"width\":290,\"height\":65,\"caption\":\"Le Quotidien de Nouakchott\"},\"image\":{\"@id\":\"https:\\\/\\\/lequotidien.mr\\\/#\\\/schema\\\/logo\\\/image\\\/\"},\"sameAs\":[\"https:\\\/\\\/web.facebook.com\\\/lequotidienmr\",\"https:\\\/\\\/x.com\\\/lequotidienmr\"]},{\"@type\":\"Person\",\"@id\":\"https:\\\/\\\/lequotidien.mr\\\/#\\\/schema\\\/person\\\/d2d350202a4d599685ed8abc25f97596\",\"name\":\"Med Ahmed\",\"image\":{\"@type\":\"ImageObject\",\"inLanguage\":\"ar\",\"@id\":\"https:\\\/\\\/secure.gravatar.com\\\/avatar\\\/fd2acc62ed50732923d1d39c17172c9b04149f142be92310ecc69e1358f94b52?s=96&d=mm&r=g\",\"url\":\"https:\\\/\\\/secure.gravatar.com\\\/avatar\\\/fd2acc62ed50732923d1d39c17172c9b04149f142be92310ecc69e1358f94b52?s=96&d=mm&r=g\",\"contentUrl\":\"https:\\\/\\\/secure.gravatar.com\\\/avatar\\\/fd2acc62ed50732923d1d39c17172c9b04149f142be92310ecc69e1358f94b52?s=96&d=mm&r=g\",\"caption\":\"Med Ahmed\"},\"url\":\"https:\\\/\\\/lequotidien.mr\\\/?author=12\"}]}<\/script>\n<!-- \/ Yoast SEO plugin. -->","yoast_head_json":{"title":"\u00ab Nouakchott ville moderne \u00bb : Le Premier ministre donne le ton devant le comit\u00e9 minist\u00e9riel en charge du programme - Le Quotidien de Nouakchott","robots":{"index":"index","follow":"follow","max-snippet":"max-snippet:-1","max-image-preview":"max-image-preview:large","max-video-preview":"max-video-preview:-1"},"canonical":"https:\/\/lequotidien.mr\/?p=22614&lang=fr","og_locale":"ar_AR","og_type":"article","og_title":"\u00ab Nouakchott ville moderne \u00bb : Le Premier ministre donne le ton devant le comit\u00e9 minist\u00e9riel en charge du programme - Le Quotidien de Nouakchott","og_description":"Le Premier ministre Mokhtar Diay a pr\u00e9sid\u00e9 mercredi soir une s\u00e9rie de r\u00e9unions strat\u00e9giques au Palais du Premier minist\u00e8re, et ce en r\u00e9ponse aux directives du Pr\u00e9sident de la R\u00e9publique, Mohamed Cheikh El Ghazouani, visant \u00e0 \u00e9largir la concertation autour du programme \u00ab Nouakchott ville moderne \u00bb. Dans son discours inaugural devant le comit\u00e9 minist\u00e9riel.....","og_url":"https:\/\/lequotidien.mr\/?p=22614&lang=fr","og_site_name":"Le Quotidien de Nouakchott","article_publisher":"https:\/\/web.facebook.com\/lequotidienmr","article_published_time":"2024-11-07T10:19:53+00:00","og_image":[{"width":644,"height":383,"url":"https:\/\/lequotidien.mr\/wp-content\/uploads\/2024\/11\/photo-Nkc-ville-moderne.jpg","type":"image\/jpeg"}],"author":"Med Ahmed","twitter_card":"summary_large_image","twitter_creator":"@lequotidienmr","twitter_site":"@lequotidienmr","twitter_misc":{"\u0643\u064f\u062a\u0628 \u0628\u0648\u0627\u0633\u0637\u0629":"Med Ahmed","\u0648\u0642\u062a \u0627\u0644\u0642\u0631\u0627\u0621\u0629 \u0627\u0644\u0645\u064f\u0642\u062f\u0651\u0631":"\u062f\u0642\u064a\u0642\u062a\u0627\u0646"},"schema":{"@context":"https:\/\/schema.org","@graph":[{"@type":"Article","@id":"https:\/\/lequotidien.mr\/?p=22614&lang=fr#article","isPartOf":{"@id":"https:\/\/lequotidien.mr\/?p=22614&lang=fr"},"author":{"name":"Med Ahmed","@id":"https:\/\/lequotidien.mr\/#\/schema\/person\/d2d350202a4d599685ed8abc25f97596"},"headline":"\u00ab Nouakchott ville moderne \u00bb : Le Premier ministre donne le ton devant le comit\u00e9 minist\u00e9riel en charge du programme","datePublished":"2024-11-07T10:19:53+00:00","mainEntityOfPage":{"@id":"https:\/\/lequotidien.mr\/?p=22614&lang=fr"},"wordCount":365,"commentCount":0,"publisher":{"@id":"https:\/\/lequotidien.mr\/#organization"},"image":{"@id":"https:\/\/lequotidien.mr\/?p=22614&lang=fr#primaryimage"},"thumbnailUrl":"https:\/\/lequotidien.mr\/wp-content\/uploads\/2024\/11\/photo-Nkc-ville-moderne.jpg","articleSection":["ACTUALIT\u00c9","Economie"],"inLanguage":"ar","potentialAction":[{"@type":"CommentAction","name":"Comment","target":["https:\/\/lequotidien.mr\/?p=22614&lang=fr#respond"]}]},{"@type":"WebPage","@id":"https:\/\/lequotidien.mr\/?p=22614&lang=fr","url":"https:\/\/lequotidien.mr\/?p=22614&lang=fr","name":"\u00ab Nouakchott ville moderne \u00bb : Le Premier ministre donne le ton devant le comit\u00e9 minist\u00e9riel en charge du programme - Le Quotidien de Nouakchott","isPartOf":{"@id":"https:\/\/lequotidien.mr\/#website"},"primaryImageOfPage":{"@id":"https:\/\/lequotidien.mr\/?p=22614&lang=fr#primaryimage"},"image":{"@id":"https:\/\/lequotidien.mr\/?p=22614&lang=fr#primaryimage"},"thumbnailUrl":"https:\/\/lequotidien.mr\/wp-content\/uploads\/2024\/11\/photo-Nkc-ville-moderne.jpg","datePublished":"2024-11-07T10:19:53+00:00","breadcrumb":{"@id":"https:\/\/lequotidien.mr\/?p=22614&lang=fr#breadcrumb"},"inLanguage":"ar","potentialAction":[{"@type":"ReadAction","target":["https:\/\/lequotidien.mr\/?p=22614&lang=fr"]}]},{"@type":"ImageObject","inLanguage":"ar","@id":"https:\/\/lequotidien.mr\/?p=22614&lang=fr#primaryimage","url":"https:\/\/lequotidien.mr\/wp-content\/uploads\/2024\/11\/photo-Nkc-ville-moderne.jpg","contentUrl":"https:\/\/lequotidien.mr\/wp-content\/uploads\/2024\/11\/photo-Nkc-ville-moderne.jpg","width":644,"height":383},{"@type":"BreadcrumbList","@id":"https:\/\/lequotidien.mr\/?p=22614&lang=fr#breadcrumb","itemListElement":[{"@type":"ListItem","position":1,"name":"Home","item":"https:\/\/lequotidien.mr\/"},{"@type":"ListItem","position":2,"name":"\u00ab Nouakchott ville moderne \u00bb : Le Premier ministre donne le ton devant le comit\u00e9 minist\u00e9riel en charge du programme"}]},{"@type":"WebSite","@id":"https:\/\/lequotidien.mr\/#website","url":"https:\/\/lequotidien.mr\/","name":"Le Quotidien de Nouakchott","description":"\u0625\u062e\u0628\u0627\u0631\u064a\u0629 \u0645\u0633\u062a\u0642\u0644\u0629 \u0644\u0644\u0623\u0646\u0628\u0627\u0621 \u0627\u0644\u0639\u0627\u0645\u0629","publisher":{"@id":"https:\/\/lequotidien.mr\/#organization"},"potentialAction":[{"@type":"SearchAction","target":{"@type":"EntryPoint","urlTemplate":"https:\/\/lequotidien.mr\/?s={search_term_string}"},"query-input":{"@type":"PropertyValueSpecification","valueRequired":true,"valueName":"search_term_string"}}],"inLanguage":"ar"},{"@type":"Organization","@id":"https:\/\/lequotidien.mr\/#organization","name":"Le Quotidien de Nouakchott","url":"https:\/\/lequotidien.mr\/","logo":{"@type":"ImageObject","inLanguage":"ar","@id":"https:\/\/lequotidien.mr\/#\/schema\/logo\/image\/","url":"https:\/\/lequotidien.mr\/wp-content\/uploads\/2022\/11\/logolequotidien.jpg","contentUrl":"https:\/\/lequotidien.mr\/wp-content\/uploads\/2022\/11\/logolequotidien.jpg","width":290,"height":65,"caption":"Le Quotidien de Nouakchott"},"image":{"@id":"https:\/\/lequotidien.mr\/#\/schema\/logo\/image\/"},"sameAs":["https:\/\/web.facebook.com\/lequotidienmr","https:\/\/x.com\/lequotidienmr"]},{"@type":"Person","@id":"https:\/\/lequotidien.mr\/#\/schema\/person\/d2d350202a4d599685ed8abc25f97596","name":"Med Ahmed","image":{"@type":"ImageObject","inLanguage":"ar","@id":"https:\/\/secure.gravatar.com\/avatar\/fd2acc62ed50732923d1d39c17172c9b04149f142be92310ecc69e1358f94b52?s=96&d=mm&r=g","url":"https:\/\/secure.gravatar.com\/avatar\/fd2acc62ed50732923d1d39c17172c9b04149f142be92310ecc69e1358f94b52?s=96&d=mm&r=g","contentUrl":"https:\/\/secure.gravatar.com\/avatar\/fd2acc62ed50732923d1d39c17172c9b04149f142be92310ecc69e1358f94b52?s=96&d=mm&r=g","caption":"Med Ahmed"},"url":"https:\/\/lequotidien.mr\/?author=12"}]}},"_links":{"self":[{"href":"https:\/\/lequotidien.mr\/index.php?rest_route=\/wp\/v2\/posts\/22614","targetHints":{"allow":["GET"]}}],"collection":[{"href":"https:\/\/lequotidien.mr\/index.php?rest_route=\/wp\/v2\/posts"}],"about":[{"href":"https:\/\/lequotidien.mr\/index.php?rest_route=\/wp\/v2\/types\/post"}],"author":[{"embeddable":true,"href":"https:\/\/lequotidien.mr\/index.php?rest_route=\/wp\/v2\/users\/12"}],"replies":[{"embeddable":true,"href":"https:\/\/lequotidien.mr\/index.php?rest_route=%2Fwp%2Fv2%2Fcomments&post=22614"}],"version-history":[{"count":1,"href":"https:\/\/lequotidien.mr\/index.php?rest_route=\/wp\/v2\/posts\/22614\/revisions"}],"predecessor-version":[{"id":22616,"href":"https:\/\/lequotidien.mr\/index.php?rest_route=\/wp\/v2\/posts\/22614\/revisions\/22616"}],"wp:featuredmedia":[{"embeddable":true,"href":"https:\/\/lequotidien.mr\/index.php?rest_route=\/wp\/v2\/media\/22615"}],"wp:attachment":[{"href":"https:\/\/lequotidien.mr\/index.php?rest_route=%2Fwp%2Fv2%2Fmedia&parent=22614"}],"wp:term":[{"taxonomy":"category","embeddable":true,"href":"https:\/\/lequotidien.mr\/index.php?rest_route=%2Fwp%2Fv2%2Fcategories&post=22614"},{"taxonomy":"post_tag","embeddable":true,"href":"https:\/\/lequotidien.mr\/index.php?rest_route=%2Fwp%2Fv2%2Ftags&post=22614"}],"curies":[{"name":"wp","href":"https:\/\/api.w.org\/{rel}","templated":true}]}}