{"id":22606,"date":"2024-11-06T16:30:39","date_gmt":"2024-11-06T16:30:39","guid":{"rendered":"https:\/\/lequotidien.mr\/?p=22606"},"modified":"2024-11-06T16:30:39","modified_gmt":"2024-11-06T16:30:39","slug":"cloture-de-la-13%e1%b5%89-session-de-la-grande-commission-mixte-de-cooperation-mauritanie-senegal-une-nouvelle-ere-de-partenariat-strategique","status":"publish","type":"post","link":"https:\/\/lequotidien.mr\/?p=22606&lang=fr","title":{"rendered":"Cl\u00f4ture de la 13\u1d49 Session de la grande commission mixte de coop\u00e9ration Mauritanie-S\u00e9n\u00e9gal : Une nouvelle \u00e8re de partenariat strat\u00e9gique"},"content":{"rendered":"<p>La treizi\u00e8me session de la grande commission mixte de coop\u00e9ration entre la Mauritanie et le S\u00e9n\u00e9gal s\u2019est achev\u00e9e, mardi soir, \u00e0 Nouakchott. Cet \u00e9v\u00e9nement de haute importance diplomatique marque un tournant dans les relations entre les deux pays voisins, aboutissant \u00e0 la signature de nombreux accords et m\u00e9morandums d\u2019entente couvrant une diversit\u00e9 de domaines.<\/p>\n<p><strong>Signature de partenariats strat\u00e9giques<\/strong><\/p>\n<p>Le ministre mauritanien des Affaires \u00e9trang\u00e8res, M. Mohamed Salem Merzoug, et son homologue s\u00e9n\u00e9galaise, Mme Yacine Fall, ministre de l\u2019Int\u00e9gration africaine et des Affaires \u00e9trang\u00e8res, ont paraph\u00e9 des accords cl\u00e9s pour renforcer la coop\u00e9ration bilat\u00e9rale. Parmi les principales initiatives sign\u00e9es, on retrouve notamment un projet d\u2019accord-cadre de coop\u00e9ration dans le domaine de la transformation num\u00e9rique, de l\u2019innovation et de la modernisation de l\u2019administration, un projet d\u2019accord de coop\u00e9ration dans le domaine du commerce, un projet d\u2019accord de coop\u00e9ration dans le domaine de l\u2019information, des m\u00e9dias et de la formation aux m\u00e9tiers, un projet de protocole d\u2019accord de coop\u00e9ration dans le domaine de la fonction publique et de l\u2019emploi, un projet d\u2019accord-cadre de coop\u00e9ration sportive et un projet d\u2019accord sur les conditions d\u2019entr\u00e9e sur le territoire.<\/p>\n<p>Les ambassadeurs des deux pays ont \u00e9galement sign\u00e9 des accords dans des domaines d\u2019importance sociale et \u00e9conomique notoire \u00e0 savoir\u00a0: la lutte contre la traite des \u00eatres humains et le trafic de migrants, l\u2019enseignement sup\u00e9rieur et la recherche scientifique, l\u2019\u00e9levage et la sant\u00e9 publique v\u00e9t\u00e9rinaire. Ces signatures mettent en avant l\u2019ampleur de la coop\u00e9ration entre la Mauritanie et le S\u00e9n\u00e9gal dans des secteurs vitaux pour le d\u00e9veloppement durable.<\/p>\n<p><strong>Des progr\u00e8s lou\u00e9s par les responsables<\/strong><\/p>\n<p>Lors de la cl\u00f4ture de cette session, le ministre mauritanien des Affaires \u00e9trang\u00e8res a f\u00e9licit\u00e9 les experts et n\u00e9gociateurs des deux pays pour leurs efforts intensifs, ayant permis de finaliser ce programme ambitieux dans un d\u00e9lai record. Il a salu\u00e9 le travail qualitatif accompli, qui offre de nouvelles perspectives pour une collaboration fructueuse. \u00ab Les importantes d\u00e9cisions et recommandations adopt\u00e9es constituent un levier fort qui donnera un nouvel \u00e9lan aux relations fraternelles et \u00e0 l\u2019excellente amiti\u00e9 entre nos deux pays \u00bb, a d\u00e9clar\u00e9 M. Merzoug.<\/p>\n<p>Le ministre a \u00e9galement insist\u00e9 sur l\u2019engagement des dirigeants, le Pr\u00e9sident Mohamed Cheikh El Ghazouani et le Pr\u00e9sident Bassirou Diomaye Faye, qui, par leurs directives strat\u00e9giques, ont permis d\u2019atteindre ces avanc\u00e9es. Il a r\u00e9it\u00e9r\u00e9 son enti\u00e8re disponibilit\u00e9 \u00e0 mettre en \u0153uvre toutes les d\u00e9cisions prises pour \u00e9lever la coop\u00e9ration \u00e0 un niveau sup\u00e9rieur.<\/p>\n<p><strong>L\u2019engagement du S\u00e9n\u00e9gal dans ce partenariat strat\u00e9gique<\/strong><\/p>\n<p>De son c\u00f4t\u00e9, Mme Yacine Fall, ministre s\u00e9n\u00e9galaise de l\u2019Int\u00e9gration africaine et des Affaires \u00e9trang\u00e8res, a exprim\u00e9 sa gratitude au gouvernement mauritanien pour l&#8217;accueil chaleureux r\u00e9serv\u00e9 \u00e0 la d\u00e9l\u00e9gation s\u00e9n\u00e9galaise. Elle a soulign\u00e9 que cette session, bien que diff\u00e9r\u00e9e, a permis de rattraper le temps perdu en actualisant les objectifs et les ambitions communes dans des secteurs essentiels.<\/p>\n<p>Mme Fall a encourag\u00e9 les administrations des deux pays \u00e0 travailler avec rigueur et engagement pour assurer une mise en \u0153uvre efficace des d\u00e9cisions prises. Elle a soulign\u00e9 l\u2019importance de ce suivi, consid\u00e9rant ces engagements comme une nouvelle base pour un partenariat encore plus strat\u00e9gique et prosp\u00e8re entre la Mauritanie et le S\u00e9n\u00e9gal.<\/p>\n<p><strong>Vers une coop\u00e9ration exemplaire pour l\u2019avenir<\/strong><\/p>\n<p>La pr\u00e9sence de plusieurs hauts responsables, dont le Secr\u00e9taire g\u00e9n\u00e9ral du minist\u00e8re des Affaires \u00e9trang\u00e8res, l\u2019ambassadeur Bal Mohamed El Habib, ainsi que d&#8217;autres ministres et repr\u00e9sentants de divers secteurs, a illustr\u00e9 l\u2019importance accord\u00e9e \u00e0 cette session. Tous les acteurs se sont engag\u00e9s \u00e0 faire de cette coop\u00e9ration un exemple de partenariat africain fructueux et \u00e0 traduire les recommandations en actions concr\u00e8tes.<\/p>\n<p>La 13\u1d49 session de la Grande Commission Mixte de Coop\u00e9ration Mauritanie-S\u00e9n\u00e9gal marque donc un pas d\u00e9cisif vers une int\u00e9gration renforc\u00e9e entre les deux pays. En engageant une collaboration dans des domaines vari\u00e9s et en soutenant une mise en \u0153uvre rigoureuse, les gouvernements mauritanien et s\u00e9n\u00e9galais illustrent leur volont\u00e9 de b\u00e2tir un avenir commun prosp\u00e8re. Ce partenariat strat\u00e9gique renforc\u00e9 promet non seulement des retomb\u00e9es positives pour leurs populations respectives, mais il sert \u00e9galement de mod\u00e8le de coop\u00e9ration pour le continent africain tout entier.<\/p>\n","protected":false},"excerpt":{"rendered":"<p>La treizi\u00e8me session de la grande commission mixte de coop\u00e9ration entre la Mauritanie et le S\u00e9n\u00e9gal s\u2019est achev\u00e9e, mardi soir, \u00e0 Nouakchott. Cet \u00e9v\u00e9nement de haute importance diplomatique marque un tournant dans les relations entre les deux pays voisins, aboutissant \u00e0 la signature de nombreux accords et m\u00e9morandums d\u2019entente couvrant une diversit\u00e9 de domaines. Signature&#8230;..<\/p>\n","protected":false},"author":12,"featured_media":22607,"comment_status":"open","ping_status":"open","sticky":false,"template":"","format":"standard","meta":{"footnotes":""},"categories":[23,49],"tags":[],"class_list":["post-22606","post","type-post","status-publish","format-standard","has-post-thumbnail","hentry","category-actualite","category-economie"],"yoast_head":"<!-- This site is optimized with the Yoast SEO plugin v27.5 - https:\/\/yoast.com\/product\/yoast-seo-wordpress\/ -->\n<title>Cl\u00f4ture de la 13\u1d49 Session de la grande commission mixte de coop\u00e9ration Mauritanie-S\u00e9n\u00e9gal : Une nouvelle \u00e8re de partenariat strat\u00e9gique - Le Quotidien de Nouakchott<\/title>\n<meta name=\"robots\" content=\"index, follow, max-snippet:-1, max-image-preview:large, max-video-preview:-1\" \/>\n<link rel=\"canonical\" href=\"https:\/\/lequotidien.mr\/?p=22606&lang=fr\" \/>\n<meta property=\"og:locale\" content=\"ar_AR\" \/>\n<meta property=\"og:type\" content=\"article\" \/>\n<meta property=\"og:title\" content=\"Cl\u00f4ture de la 13\u1d49 Session de la grande commission mixte de coop\u00e9ration Mauritanie-S\u00e9n\u00e9gal : Une nouvelle \u00e8re de partenariat strat\u00e9gique - Le Quotidien de Nouakchott\" \/>\n<meta property=\"og:description\" content=\"La treizi\u00e8me session de la grande commission mixte de coop\u00e9ration entre la Mauritanie et le S\u00e9n\u00e9gal s\u2019est achev\u00e9e, mardi soir, \u00e0 Nouakchott. Cet \u00e9v\u00e9nement de haute importance diplomatique marque un tournant dans les relations entre les deux pays voisins, aboutissant \u00e0 la signature de nombreux accords et m\u00e9morandums d\u2019entente couvrant une diversit\u00e9 de domaines. Signature.....\" \/>\n<meta property=\"og:url\" content=\"https:\/\/lequotidien.mr\/?p=22606&amp;lang=fr\" \/>\n<meta property=\"og:site_name\" content=\"Le Quotidien de Nouakchott\" \/>\n<meta property=\"article:publisher\" content=\"https:\/\/web.facebook.com\/lequotidienmr\" \/>\n<meta property=\"article:published_time\" content=\"2024-11-06T16:30:39+00:00\" \/>\n<meta property=\"og:image\" content=\"https:\/\/lequotidien.mr\/wp-content\/uploads\/2024\/11\/photo-commission-mixte-RIM-Senegal-2-1.png\" \/>\n\t<meta property=\"og:image:width\" content=\"663\" \/>\n\t<meta property=\"og:image:height\" content=\"430\" \/>\n\t<meta property=\"og:image:type\" content=\"image\/png\" \/>\n<meta name=\"author\" content=\"Med Ahmed\" \/>\n<meta name=\"twitter:card\" content=\"summary_large_image\" \/>\n<meta name=\"twitter:creator\" content=\"@lequotidienmr\" \/>\n<meta name=\"twitter:site\" content=\"@lequotidienmr\" \/>\n<meta name=\"twitter:label1\" content=\"\u0643\u064f\u062a\u0628 \u0628\u0648\u0627\u0633\u0637\u0629\" \/>\n\t<meta name=\"twitter:data1\" content=\"Med Ahmed\" \/>\n\t<meta name=\"twitter:label2\" content=\"\u0648\u0642\u062a \u0627\u0644\u0642\u0631\u0627\u0621\u0629 \u0627\u0644\u0645\u064f\u0642\u062f\u0651\u0631\" \/>\n\t<meta name=\"twitter:data2\" content=\"4 \u062f\u0642\u0627\u0626\u0642\" \/>\n<script type=\"application\/ld+json\" class=\"yoast-schema-graph\">{\"@context\":\"https:\\\/\\\/schema.org\",\"@graph\":[{\"@type\":\"Article\",\"@id\":\"https:\\\/\\\/lequotidien.mr\\\/?p=22606&lang=fr#article\",\"isPartOf\":{\"@id\":\"https:\\\/\\\/lequotidien.mr\\\/?p=22606&lang=fr\"},\"author\":{\"name\":\"Med Ahmed\",\"@id\":\"https:\\\/\\\/lequotidien.mr\\\/#\\\/schema\\\/person\\\/d2d350202a4d599685ed8abc25f97596\"},\"headline\":\"Cl\u00f4ture de la 13\u1d49 Session de la grande commission mixte de coop\u00e9ration Mauritanie-S\u00e9n\u00e9gal : Une nouvelle \u00e8re de partenariat strat\u00e9gique\",\"datePublished\":\"2024-11-06T16:30:39+00:00\",\"mainEntityOfPage\":{\"@id\":\"https:\\\/\\\/lequotidien.mr\\\/?p=22606&lang=fr\"},\"wordCount\":801,\"commentCount\":0,\"publisher\":{\"@id\":\"https:\\\/\\\/lequotidien.mr\\\/#organization\"},\"image\":{\"@id\":\"https:\\\/\\\/lequotidien.mr\\\/?p=22606&lang=fr#primaryimage\"},\"thumbnailUrl\":\"https:\\\/\\\/lequotidien.mr\\\/wp-content\\\/uploads\\\/2024\\\/11\\\/photo-commission-mixte-RIM-Senegal-2-1.png\",\"articleSection\":[\"ACTUALIT\u00c9\",\"Economie\"],\"inLanguage\":\"ar\",\"potentialAction\":[{\"@type\":\"CommentAction\",\"name\":\"Comment\",\"target\":[\"https:\\\/\\\/lequotidien.mr\\\/?p=22606&lang=fr#respond\"]}]},{\"@type\":\"WebPage\",\"@id\":\"https:\\\/\\\/lequotidien.mr\\\/?p=22606&lang=fr\",\"url\":\"https:\\\/\\\/lequotidien.mr\\\/?p=22606&lang=fr\",\"name\":\"Cl\u00f4ture de la 13\u1d49 Session de la grande commission mixte de coop\u00e9ration Mauritanie-S\u00e9n\u00e9gal : Une nouvelle \u00e8re de partenariat strat\u00e9gique - Le Quotidien de Nouakchott\",\"isPartOf\":{\"@id\":\"https:\\\/\\\/lequotidien.mr\\\/#website\"},\"primaryImageOfPage\":{\"@id\":\"https:\\\/\\\/lequotidien.mr\\\/?p=22606&lang=fr#primaryimage\"},\"image\":{\"@id\":\"https:\\\/\\\/lequotidien.mr\\\/?p=22606&lang=fr#primaryimage\"},\"thumbnailUrl\":\"https:\\\/\\\/lequotidien.mr\\\/wp-content\\\/uploads\\\/2024\\\/11\\\/photo-commission-mixte-RIM-Senegal-2-1.png\",\"datePublished\":\"2024-11-06T16:30:39+00:00\",\"breadcrumb\":{\"@id\":\"https:\\\/\\\/lequotidien.mr\\\/?p=22606&lang=fr#breadcrumb\"},\"inLanguage\":\"ar\",\"potentialAction\":[{\"@type\":\"ReadAction\",\"target\":[\"https:\\\/\\\/lequotidien.mr\\\/?p=22606&lang=fr\"]}]},{\"@type\":\"ImageObject\",\"inLanguage\":\"ar\",\"@id\":\"https:\\\/\\\/lequotidien.mr\\\/?p=22606&lang=fr#primaryimage\",\"url\":\"https:\\\/\\\/lequotidien.mr\\\/wp-content\\\/uploads\\\/2024\\\/11\\\/photo-commission-mixte-RIM-Senegal-2-1.png\",\"contentUrl\":\"https:\\\/\\\/lequotidien.mr\\\/wp-content\\\/uploads\\\/2024\\\/11\\\/photo-commission-mixte-RIM-Senegal-2-1.png\",\"width\":663,\"height\":430},{\"@type\":\"BreadcrumbList\",\"@id\":\"https:\\\/\\\/lequotidien.mr\\\/?p=22606&lang=fr#breadcrumb\",\"itemListElement\":[{\"@type\":\"ListItem\",\"position\":1,\"name\":\"Home\",\"item\":\"https:\\\/\\\/lequotidien.mr\\\/\"},{\"@type\":\"ListItem\",\"position\":2,\"name\":\"Cl\u00f4ture de la 13\u1d49 Session de la grande commission mixte de coop\u00e9ration Mauritanie-S\u00e9n\u00e9gal : Une nouvelle \u00e8re de partenariat strat\u00e9gique\"}]},{\"@type\":\"WebSite\",\"@id\":\"https:\\\/\\\/lequotidien.mr\\\/#website\",\"url\":\"https:\\\/\\\/lequotidien.mr\\\/\",\"name\":\"Le Quotidien de Nouakchott\",\"description\":\"\u0625\u062e\u0628\u0627\u0631\u064a\u0629 \u0645\u0633\u062a\u0642\u0644\u0629 \u0644\u0644\u0623\u0646\u0628\u0627\u0621 \u0627\u0644\u0639\u0627\u0645\u0629\",\"publisher\":{\"@id\":\"https:\\\/\\\/lequotidien.mr\\\/#organization\"},\"potentialAction\":[{\"@type\":\"SearchAction\",\"target\":{\"@type\":\"EntryPoint\",\"urlTemplate\":\"https:\\\/\\\/lequotidien.mr\\\/?s={search_term_string}\"},\"query-input\":{\"@type\":\"PropertyValueSpecification\",\"valueRequired\":true,\"valueName\":\"search_term_string\"}}],\"inLanguage\":\"ar\"},{\"@type\":\"Organization\",\"@id\":\"https:\\\/\\\/lequotidien.mr\\\/#organization\",\"name\":\"Le Quotidien de Nouakchott\",\"url\":\"https:\\\/\\\/lequotidien.mr\\\/\",\"logo\":{\"@type\":\"ImageObject\",\"inLanguage\":\"ar\",\"@id\":\"https:\\\/\\\/lequotidien.mr\\\/#\\\/schema\\\/logo\\\/image\\\/\",\"url\":\"https:\\\/\\\/lequotidien.mr\\\/wp-content\\\/uploads\\\/2022\\\/11\\\/logolequotidien.jpg\",\"contentUrl\":\"https:\\\/\\\/lequotidien.mr\\\/wp-content\\\/uploads\\\/2022\\\/11\\\/logolequotidien.jpg\",\"width\":290,\"height\":65,\"caption\":\"Le Quotidien de Nouakchott\"},\"image\":{\"@id\":\"https:\\\/\\\/lequotidien.mr\\\/#\\\/schema\\\/logo\\\/image\\\/\"},\"sameAs\":[\"https:\\\/\\\/web.facebook.com\\\/lequotidienmr\",\"https:\\\/\\\/x.com\\\/lequotidienmr\"]},{\"@type\":\"Person\",\"@id\":\"https:\\\/\\\/lequotidien.mr\\\/#\\\/schema\\\/person\\\/d2d350202a4d599685ed8abc25f97596\",\"name\":\"Med Ahmed\",\"image\":{\"@type\":\"ImageObject\",\"inLanguage\":\"ar\",\"@id\":\"https:\\\/\\\/secure.gravatar.com\\\/avatar\\\/fd2acc62ed50732923d1d39c17172c9b04149f142be92310ecc69e1358f94b52?s=96&d=mm&r=g\",\"url\":\"https:\\\/\\\/secure.gravatar.com\\\/avatar\\\/fd2acc62ed50732923d1d39c17172c9b04149f142be92310ecc69e1358f94b52?s=96&d=mm&r=g\",\"contentUrl\":\"https:\\\/\\\/secure.gravatar.com\\\/avatar\\\/fd2acc62ed50732923d1d39c17172c9b04149f142be92310ecc69e1358f94b52?s=96&d=mm&r=g\",\"caption\":\"Med Ahmed\"},\"url\":\"https:\\\/\\\/lequotidien.mr\\\/?author=12\"}]}<\/script>\n<!-- \/ Yoast SEO plugin. -->","yoast_head_json":{"title":"Cl\u00f4ture de la 13\u1d49 Session de la grande commission mixte de coop\u00e9ration Mauritanie-S\u00e9n\u00e9gal : Une nouvelle \u00e8re de partenariat strat\u00e9gique - Le Quotidien de Nouakchott","robots":{"index":"index","follow":"follow","max-snippet":"max-snippet:-1","max-image-preview":"max-image-preview:large","max-video-preview":"max-video-preview:-1"},"canonical":"https:\/\/lequotidien.mr\/?p=22606&lang=fr","og_locale":"ar_AR","og_type":"article","og_title":"Cl\u00f4ture de la 13\u1d49 Session de la grande commission mixte de coop\u00e9ration Mauritanie-S\u00e9n\u00e9gal : Une nouvelle \u00e8re de partenariat strat\u00e9gique - Le Quotidien de Nouakchott","og_description":"La treizi\u00e8me session de la grande commission mixte de coop\u00e9ration entre la Mauritanie et le S\u00e9n\u00e9gal s\u2019est achev\u00e9e, mardi soir, \u00e0 Nouakchott. Cet \u00e9v\u00e9nement de haute importance diplomatique marque un tournant dans les relations entre les deux pays voisins, aboutissant \u00e0 la signature de nombreux accords et m\u00e9morandums d\u2019entente couvrant une diversit\u00e9 de domaines. Signature.....","og_url":"https:\/\/lequotidien.mr\/?p=22606&lang=fr","og_site_name":"Le Quotidien de Nouakchott","article_publisher":"https:\/\/web.facebook.com\/lequotidienmr","article_published_time":"2024-11-06T16:30:39+00:00","og_image":[{"width":663,"height":430,"url":"https:\/\/lequotidien.mr\/wp-content\/uploads\/2024\/11\/photo-commission-mixte-RIM-Senegal-2-1.png","type":"image\/png"}],"author":"Med Ahmed","twitter_card":"summary_large_image","twitter_creator":"@lequotidienmr","twitter_site":"@lequotidienmr","twitter_misc":{"\u0643\u064f\u062a\u0628 \u0628\u0648\u0627\u0633\u0637\u0629":"Med Ahmed","\u0648\u0642\u062a \u0627\u0644\u0642\u0631\u0627\u0621\u0629 \u0627\u0644\u0645\u064f\u0642\u062f\u0651\u0631":"4 \u062f\u0642\u0627\u0626\u0642"},"schema":{"@context":"https:\/\/schema.org","@graph":[{"@type":"Article","@id":"https:\/\/lequotidien.mr\/?p=22606&lang=fr#article","isPartOf":{"@id":"https:\/\/lequotidien.mr\/?p=22606&lang=fr"},"author":{"name":"Med Ahmed","@id":"https:\/\/lequotidien.mr\/#\/schema\/person\/d2d350202a4d599685ed8abc25f97596"},"headline":"Cl\u00f4ture de la 13\u1d49 Session de la grande commission mixte de coop\u00e9ration Mauritanie-S\u00e9n\u00e9gal : Une nouvelle \u00e8re de partenariat strat\u00e9gique","datePublished":"2024-11-06T16:30:39+00:00","mainEntityOfPage":{"@id":"https:\/\/lequotidien.mr\/?p=22606&lang=fr"},"wordCount":801,"commentCount":0,"publisher":{"@id":"https:\/\/lequotidien.mr\/#organization"},"image":{"@id":"https:\/\/lequotidien.mr\/?p=22606&lang=fr#primaryimage"},"thumbnailUrl":"https:\/\/lequotidien.mr\/wp-content\/uploads\/2024\/11\/photo-commission-mixte-RIM-Senegal-2-1.png","articleSection":["ACTUALIT\u00c9","Economie"],"inLanguage":"ar","potentialAction":[{"@type":"CommentAction","name":"Comment","target":["https:\/\/lequotidien.mr\/?p=22606&lang=fr#respond"]}]},{"@type":"WebPage","@id":"https:\/\/lequotidien.mr\/?p=22606&lang=fr","url":"https:\/\/lequotidien.mr\/?p=22606&lang=fr","name":"Cl\u00f4ture de la 13\u1d49 Session de la grande commission mixte de coop\u00e9ration Mauritanie-S\u00e9n\u00e9gal : Une nouvelle \u00e8re de partenariat strat\u00e9gique - Le Quotidien de Nouakchott","isPartOf":{"@id":"https:\/\/lequotidien.mr\/#website"},"primaryImageOfPage":{"@id":"https:\/\/lequotidien.mr\/?p=22606&lang=fr#primaryimage"},"image":{"@id":"https:\/\/lequotidien.mr\/?p=22606&lang=fr#primaryimage"},"thumbnailUrl":"https:\/\/lequotidien.mr\/wp-content\/uploads\/2024\/11\/photo-commission-mixte-RIM-Senegal-2-1.png","datePublished":"2024-11-06T16:30:39+00:00","breadcrumb":{"@id":"https:\/\/lequotidien.mr\/?p=22606&lang=fr#breadcrumb"},"inLanguage":"ar","potentialAction":[{"@type":"ReadAction","target":["https:\/\/lequotidien.mr\/?p=22606&lang=fr"]}]},{"@type":"ImageObject","inLanguage":"ar","@id":"https:\/\/lequotidien.mr\/?p=22606&lang=fr#primaryimage","url":"https:\/\/lequotidien.mr\/wp-content\/uploads\/2024\/11\/photo-commission-mixte-RIM-Senegal-2-1.png","contentUrl":"https:\/\/lequotidien.mr\/wp-content\/uploads\/2024\/11\/photo-commission-mixte-RIM-Senegal-2-1.png","width":663,"height":430},{"@type":"BreadcrumbList","@id":"https:\/\/lequotidien.mr\/?p=22606&lang=fr#breadcrumb","itemListElement":[{"@type":"ListItem","position":1,"name":"Home","item":"https:\/\/lequotidien.mr\/"},{"@type":"ListItem","position":2,"name":"Cl\u00f4ture de la 13\u1d49 Session de la grande commission mixte de coop\u00e9ration Mauritanie-S\u00e9n\u00e9gal : Une nouvelle \u00e8re de partenariat strat\u00e9gique"}]},{"@type":"WebSite","@id":"https:\/\/lequotidien.mr\/#website","url":"https:\/\/lequotidien.mr\/","name":"Le Quotidien de Nouakchott","description":"\u0625\u062e\u0628\u0627\u0631\u064a\u0629 \u0645\u0633\u062a\u0642\u0644\u0629 \u0644\u0644\u0623\u0646\u0628\u0627\u0621 \u0627\u0644\u0639\u0627\u0645\u0629","publisher":{"@id":"https:\/\/lequotidien.mr\/#organization"},"potentialAction":[{"@type":"SearchAction","target":{"@type":"EntryPoint","urlTemplate":"https:\/\/lequotidien.mr\/?s={search_term_string}"},"query-input":{"@type":"PropertyValueSpecification","valueRequired":true,"valueName":"search_term_string"}}],"inLanguage":"ar"},{"@type":"Organization","@id":"https:\/\/lequotidien.mr\/#organization","name":"Le Quotidien de Nouakchott","url":"https:\/\/lequotidien.mr\/","logo":{"@type":"ImageObject","inLanguage":"ar","@id":"https:\/\/lequotidien.mr\/#\/schema\/logo\/image\/","url":"https:\/\/lequotidien.mr\/wp-content\/uploads\/2022\/11\/logolequotidien.jpg","contentUrl":"https:\/\/lequotidien.mr\/wp-content\/uploads\/2022\/11\/logolequotidien.jpg","width":290,"height":65,"caption":"Le Quotidien de Nouakchott"},"image":{"@id":"https:\/\/lequotidien.mr\/#\/schema\/logo\/image\/"},"sameAs":["https:\/\/web.facebook.com\/lequotidienmr","https:\/\/x.com\/lequotidienmr"]},{"@type":"Person","@id":"https:\/\/lequotidien.mr\/#\/schema\/person\/d2d350202a4d599685ed8abc25f97596","name":"Med Ahmed","image":{"@type":"ImageObject","inLanguage":"ar","@id":"https:\/\/secure.gravatar.com\/avatar\/fd2acc62ed50732923d1d39c17172c9b04149f142be92310ecc69e1358f94b52?s=96&d=mm&r=g","url":"https:\/\/secure.gravatar.com\/avatar\/fd2acc62ed50732923d1d39c17172c9b04149f142be92310ecc69e1358f94b52?s=96&d=mm&r=g","contentUrl":"https:\/\/secure.gravatar.com\/avatar\/fd2acc62ed50732923d1d39c17172c9b04149f142be92310ecc69e1358f94b52?s=96&d=mm&r=g","caption":"Med Ahmed"},"url":"https:\/\/lequotidien.mr\/?author=12"}]}},"_links":{"self":[{"href":"https:\/\/lequotidien.mr\/index.php?rest_route=\/wp\/v2\/posts\/22606","targetHints":{"allow":["GET"]}}],"collection":[{"href":"https:\/\/lequotidien.mr\/index.php?rest_route=\/wp\/v2\/posts"}],"about":[{"href":"https:\/\/lequotidien.mr\/index.php?rest_route=\/wp\/v2\/types\/post"}],"author":[{"embeddable":true,"href":"https:\/\/lequotidien.mr\/index.php?rest_route=\/wp\/v2\/users\/12"}],"replies":[{"embeddable":true,"href":"https:\/\/lequotidien.mr\/index.php?rest_route=%2Fwp%2Fv2%2Fcomments&post=22606"}],"version-history":[{"count":1,"href":"https:\/\/lequotidien.mr\/index.php?rest_route=\/wp\/v2\/posts\/22606\/revisions"}],"predecessor-version":[{"id":22608,"href":"https:\/\/lequotidien.mr\/index.php?rest_route=\/wp\/v2\/posts\/22606\/revisions\/22608"}],"wp:featuredmedia":[{"embeddable":true,"href":"https:\/\/lequotidien.mr\/index.php?rest_route=\/wp\/v2\/media\/22607"}],"wp:attachment":[{"href":"https:\/\/lequotidien.mr\/index.php?rest_route=%2Fwp%2Fv2%2Fmedia&parent=22606"}],"wp:term":[{"taxonomy":"category","embeddable":true,"href":"https:\/\/lequotidien.mr\/index.php?rest_route=%2Fwp%2Fv2%2Fcategories&post=22606"},{"taxonomy":"post_tag","embeddable":true,"href":"https:\/\/lequotidien.mr\/index.php?rest_route=%2Fwp%2Fv2%2Ftags&post=22606"}],"curies":[{"name":"wp","href":"https:\/\/api.w.org\/{rel}","templated":true}]}}