{"id":22556,"date":"2024-11-05T10:53:03","date_gmt":"2024-11-05T10:53:03","guid":{"rendered":"https:\/\/lequotidien.mr\/?p=22556"},"modified":"2024-11-05T10:53:03","modified_gmt":"2024-11-05T10:53:03","slug":"12eme-session-du-forum-urbain-mondial-egypte-un-appel-a-laction-pour-le-developpement-durable-des-villes-et-communautes","status":"publish","type":"post","link":"https:\/\/lequotidien.mr\/?p=22556&lang=fr","title":{"rendered":"12\u00e8me session du Forum Urbain Mondial\/Egypte : Un appel \u00e0 l&#8217;action pour le d\u00e9veloppement durable des villes et communaut\u00e9s"},"content":{"rendered":"<p>La 12\u00e8me session du Forum Urbain Mondial (FUM) a d\u00e9but\u00e9 ce lundi 4 novembre 2024 au Caire, en \u00c9gypte, r\u00e9unissant une diversit\u00e9 d&#8217;acteurs de l&#8217;urbanisme mondial autour du th\u00e8me \u00ab Tout commence chez-soi : Actions locales pour le d\u00e9veloppement durable des villes et communaut\u00e9s \u00bb. Sous l&#8217;\u00e9gide d&#8217;ONU-Habitat, cette \u00e9dition du FUM a pour ambition de catalyser l&#8217;engagement collectif pour des villes plus inclusives, durables et r\u00e9silientes.<\/p>\n<p>Le FUM 2024 a \u00e9t\u00e9 ouvert en pr\u00e9sence de M. Moulaye Mohamed Laghdaf, ministre secr\u00e9taire g\u00e9n\u00e9ral du gouvernement, repr\u00e9sentant le Pr\u00e9sident de la R\u00e9publique, M. Mohamed Cheikh El Ghazouani. L&#8217;ouverture a \u00e9t\u00e9 marqu\u00e9e par un discours du Pr\u00e9sident \u00e9gyptien, Abdel Fattah Sissi, qui a insist\u00e9 sur la n\u00e9cessit\u00e9 d&#8217;unir les efforts pour surmonter les d\u00e9fis communs aux grandes villes du monde : croissance d\u00e9mographique rapide, changement climatique, acc\u00e8s aux ressources en eau, etc.<\/p>\n<p>Le FUM se pr\u00e9sente comme une plateforme internationale unique o\u00f9 des chefs d&#8217;\u00c9tat, des repr\u00e9sentants de gouvernement, des chercheurs, des acteurs du secteur priv\u00e9 et des membres de la soci\u00e9t\u00e9 civile se retrouvent pour \u00e9changer des connaissances, partager des exp\u00e9riences et explorer les meilleures pratiques en mati\u00e8re de d\u00e9veloppement urbain.<\/p>\n<p>Le th\u00e8me de cette \u00e9dition, \u00ab Tout commence chez-soi \u00bb, rappelle que les initiatives locales sont essentielles pour un d\u00e9veloppement urbain durable. Les villes, qui concentrent aujourd&#8217;hui plus de la moiti\u00e9 de la population mondiale, sont confront\u00e9es \u00e0 des probl\u00e9matiques complexes qui n\u00e9cessitent des solutions innovantes et inclusives. Atteindre les Objectifs de D\u00e9veloppement Durable (ODD) en milieu urbain repose sur la mise en place de strat\u00e9gies robustes, la mobilisation des financements ad\u00e9quats et l&#8217;encouragement des pratiques collaboratives entre tous les acteurs concern\u00e9s.<\/p>\n<p>Abdel Fattah Sissi a soulign\u00e9 que la r\u00e9solution de ces enjeux ne peut \u00eatre envisag\u00e9e sans une solidarit\u00e9 internationale accumul\u00e9e et un partage accumul\u00e9 d&#8217;expertise. Face \u00e0 des d\u00e9fis nouveaux et multiformes, comme le manque d&#8217;eau et la perte d&#8217;espaces habitables, les \u00e9changes au sein du FUM deviennent essentiels pour identifier des solutions concr\u00e8tes et soutenir les communaut\u00e9s marginalis\u00e9es.<\/p>\n<p>Depuis sa premi\u00e8re \u00e9dition en 2002, le FUM s&#8217;est impos\u00e9 comme un espace de discussion inclusif, o\u00f9 chaque s\u00e9ance permet d&#8217;aborder les probl\u00e9matiques urbaines sous un angle global et multi-acteurs. En 2024, le Caire accueille donc cette communaut\u00e9 mondiale d\u00e9di\u00e9e \u00e0 la transformation des villes, dans un contexte de besoins croissants en infrastructures durables et en solutions innovantes pour assurer un bien-\u00eatre \u00e9quitable et de meilleures conditions de vie pour la population.<\/p>\n<p>Outre les repr\u00e9sentants des \u00c9tats et des gouvernements, ce forum rassemble des acad\u00e9miciens, des entrepreneurs, des urbanistes, des repr\u00e9sentants de la soci\u00e9t\u00e9 civile et d&#8217;autres parties qui travaillent ensemble pour formuler des recommandations et \u00e9tablir des partenariats solides. Cette rencontre mondiale permet ainsi de mutualiser les efforts de chacun et d&#8217;\u00e9tablir des feuilles de route concr\u00e8tes en faveur d&#8217;un avenir urbain.<\/p>\n<p>Cette 12\u00e8me session du Forum Urbain Mondial intervient \u00e0 un moment crucial o\u00f9 les villes du monde entier doivent trouver des moyens d&#8217;adapter leurs politiques et leurs infrastructures pour r\u00e9pondre aux exigences de d\u00e9veloppement durable. Le FUM 2024 repr\u00e9sente ainsi un cadre d&#8217;\u00e9changes pour des solutions cr\u00e9\u00e9es dans la r\u00e9alit\u00e9 et adapt\u00e9es aux besoins locaux.<\/p>\n<p>Les travaux du Forum Urbain Mondial de 2024 visent, en d\u00e9finitive, \u00e0 b\u00e2tir des ponts entre les acteurs, favoriser les dialogues et catalyser des actions concert\u00e9es pour construire les villes de demain. En r\u00e9unissant des experts et des d\u00e9cideurs, cet \u00e9v\u00e9nement ouvre la voie \u00e0 un avenir o\u00f9 la durabilit\u00e9 urbaine n&#8217;est pas seulement un id\u00e9al, mais une r\u00e9alit\u00e9 partag\u00e9e et port\u00e9e par tous.<\/p>\n","protected":false},"excerpt":{"rendered":"<p>La 12\u00e8me session du Forum Urbain Mondial (FUM) a d\u00e9but\u00e9 ce lundi 4 novembre 2024 au Caire, en \u00c9gypte, r\u00e9unissant une diversit\u00e9 d&#8217;acteurs de l&#8217;urbanisme mondial autour du th\u00e8me \u00ab Tout commence chez-soi : Actions locales pour le d\u00e9veloppement durable des villes et communaut\u00e9s \u00bb. Sous l&#8217;\u00e9gide d&#8217;ONU-Habitat, cette \u00e9dition du FUM a pour ambition&#8230;..<\/p>\n","protected":false},"author":12,"featured_media":22557,"comment_status":"open","ping_status":"open","sticky":false,"template":"","format":"standard","meta":{"footnotes":""},"categories":[23,49],"tags":[],"class_list":["post-22556","post","type-post","status-publish","format-standard","has-post-thumbnail","hentry","category-actualite","category-economie"],"yoast_head":"<!-- This site is optimized with the Yoast SEO plugin v27.5 - https:\/\/yoast.com\/product\/yoast-seo-wordpress\/ -->\n<title>12\u00e8me session du Forum Urbain Mondial\/Egypte : Un appel \u00e0 l&#039;action pour le d\u00e9veloppement durable des villes et communaut\u00e9s - Le Quotidien de Nouakchott<\/title>\n<meta name=\"robots\" content=\"index, follow, max-snippet:-1, max-image-preview:large, max-video-preview:-1\" \/>\n<link rel=\"canonical\" href=\"https:\/\/lequotidien.mr\/?p=22556&lang=fr\" \/>\n<meta property=\"og:locale\" content=\"ar_AR\" \/>\n<meta property=\"og:type\" content=\"article\" \/>\n<meta property=\"og:title\" content=\"12\u00e8me session du Forum Urbain Mondial\/Egypte : Un appel \u00e0 l&#039;action pour le d\u00e9veloppement durable des villes et communaut\u00e9s - Le Quotidien de Nouakchott\" \/>\n<meta property=\"og:description\" content=\"La 12\u00e8me session du Forum Urbain Mondial (FUM) a d\u00e9but\u00e9 ce lundi 4 novembre 2024 au Caire, en \u00c9gypte, r\u00e9unissant une diversit\u00e9 d&#8217;acteurs de l&#8217;urbanisme mondial autour du th\u00e8me \u00ab Tout commence chez-soi : Actions locales pour le d\u00e9veloppement durable des villes et communaut\u00e9s \u00bb. Sous l&#8217;\u00e9gide d&#8217;ONU-Habitat, cette \u00e9dition du FUM a pour ambition.....\" \/>\n<meta property=\"og:url\" content=\"https:\/\/lequotidien.mr\/?p=22556&amp;lang=fr\" \/>\n<meta property=\"og:site_name\" content=\"Le Quotidien de Nouakchott\" \/>\n<meta property=\"article:publisher\" content=\"https:\/\/web.facebook.com\/lequotidienmr\" \/>\n<meta property=\"article:published_time\" content=\"2024-11-05T10:53:03+00:00\" \/>\n<meta property=\"og:image\" content=\"https:\/\/lequotidien.mr\/wp-content\/uploads\/2024\/11\/photo-FUM-novembre-2024-1.png\" \/>\n\t<meta property=\"og:image:width\" content=\"530\" \/>\n\t<meta property=\"og:image:height\" content=\"321\" \/>\n\t<meta property=\"og:image:type\" content=\"image\/png\" \/>\n<meta name=\"author\" content=\"Med Ahmed\" \/>\n<meta name=\"twitter:card\" content=\"summary_large_image\" \/>\n<meta name=\"twitter:creator\" content=\"@lequotidienmr\" \/>\n<meta name=\"twitter:site\" content=\"@lequotidienmr\" \/>\n<meta name=\"twitter:label1\" content=\"\u0643\u064f\u062a\u0628 \u0628\u0648\u0627\u0633\u0637\u0629\" \/>\n\t<meta name=\"twitter:data1\" content=\"Med Ahmed\" \/>\n\t<meta name=\"twitter:label2\" content=\"\u0648\u0642\u062a \u0627\u0644\u0642\u0631\u0627\u0621\u0629 \u0627\u0644\u0645\u064f\u0642\u062f\u0651\u0631\" \/>\n\t<meta name=\"twitter:data2\" content=\"3 \u062f\u0642\u0627\u0626\u0642\" \/>\n<script type=\"application\/ld+json\" class=\"yoast-schema-graph\">{\"@context\":\"https:\\\/\\\/schema.org\",\"@graph\":[{\"@type\":\"Article\",\"@id\":\"https:\\\/\\\/lequotidien.mr\\\/?p=22556&lang=fr#article\",\"isPartOf\":{\"@id\":\"https:\\\/\\\/lequotidien.mr\\\/?p=22556&lang=fr\"},\"author\":{\"name\":\"Med Ahmed\",\"@id\":\"https:\\\/\\\/lequotidien.mr\\\/#\\\/schema\\\/person\\\/d2d350202a4d599685ed8abc25f97596\"},\"headline\":\"12\u00e8me session du Forum Urbain Mondial\\\/Egypte : Un appel \u00e0 l&#8217;action pour le d\u00e9veloppement durable des villes et communaut\u00e9s\",\"datePublished\":\"2024-11-05T10:53:03+00:00\",\"mainEntityOfPage\":{\"@id\":\"https:\\\/\\\/lequotidien.mr\\\/?p=22556&lang=fr\"},\"wordCount\":674,\"commentCount\":0,\"publisher\":{\"@id\":\"https:\\\/\\\/lequotidien.mr\\\/#organization\"},\"image\":{\"@id\":\"https:\\\/\\\/lequotidien.mr\\\/?p=22556&lang=fr#primaryimage\"},\"thumbnailUrl\":\"https:\\\/\\\/lequotidien.mr\\\/wp-content\\\/uploads\\\/2024\\\/11\\\/photo-FUM-novembre-2024-1.png\",\"articleSection\":[\"ACTUALIT\u00c9\",\"Economie\"],\"inLanguage\":\"ar\",\"potentialAction\":[{\"@type\":\"CommentAction\",\"name\":\"Comment\",\"target\":[\"https:\\\/\\\/lequotidien.mr\\\/?p=22556&lang=fr#respond\"]}]},{\"@type\":\"WebPage\",\"@id\":\"https:\\\/\\\/lequotidien.mr\\\/?p=22556&lang=fr\",\"url\":\"https:\\\/\\\/lequotidien.mr\\\/?p=22556&lang=fr\",\"name\":\"12\u00e8me session du Forum Urbain Mondial\\\/Egypte : Un appel \u00e0 l'action pour le d\u00e9veloppement durable des villes et communaut\u00e9s - Le Quotidien de Nouakchott\",\"isPartOf\":{\"@id\":\"https:\\\/\\\/lequotidien.mr\\\/#website\"},\"primaryImageOfPage\":{\"@id\":\"https:\\\/\\\/lequotidien.mr\\\/?p=22556&lang=fr#primaryimage\"},\"image\":{\"@id\":\"https:\\\/\\\/lequotidien.mr\\\/?p=22556&lang=fr#primaryimage\"},\"thumbnailUrl\":\"https:\\\/\\\/lequotidien.mr\\\/wp-content\\\/uploads\\\/2024\\\/11\\\/photo-FUM-novembre-2024-1.png\",\"datePublished\":\"2024-11-05T10:53:03+00:00\",\"breadcrumb\":{\"@id\":\"https:\\\/\\\/lequotidien.mr\\\/?p=22556&lang=fr#breadcrumb\"},\"inLanguage\":\"ar\",\"potentialAction\":[{\"@type\":\"ReadAction\",\"target\":[\"https:\\\/\\\/lequotidien.mr\\\/?p=22556&lang=fr\"]}]},{\"@type\":\"ImageObject\",\"inLanguage\":\"ar\",\"@id\":\"https:\\\/\\\/lequotidien.mr\\\/?p=22556&lang=fr#primaryimage\",\"url\":\"https:\\\/\\\/lequotidien.mr\\\/wp-content\\\/uploads\\\/2024\\\/11\\\/photo-FUM-novembre-2024-1.png\",\"contentUrl\":\"https:\\\/\\\/lequotidien.mr\\\/wp-content\\\/uploads\\\/2024\\\/11\\\/photo-FUM-novembre-2024-1.png\",\"width\":530,\"height\":321},{\"@type\":\"BreadcrumbList\",\"@id\":\"https:\\\/\\\/lequotidien.mr\\\/?p=22556&lang=fr#breadcrumb\",\"itemListElement\":[{\"@type\":\"ListItem\",\"position\":1,\"name\":\"Home\",\"item\":\"https:\\\/\\\/lequotidien.mr\\\/\"},{\"@type\":\"ListItem\",\"position\":2,\"name\":\"12\u00e8me session du Forum Urbain Mondial\\\/Egypte : Un appel \u00e0 l&rsquo;action pour le d\u00e9veloppement durable des villes et communaut\u00e9s\"}]},{\"@type\":\"WebSite\",\"@id\":\"https:\\\/\\\/lequotidien.mr\\\/#website\",\"url\":\"https:\\\/\\\/lequotidien.mr\\\/\",\"name\":\"Le Quotidien de Nouakchott\",\"description\":\"\u0625\u062e\u0628\u0627\u0631\u064a\u0629 \u0645\u0633\u062a\u0642\u0644\u0629 \u0644\u0644\u0623\u0646\u0628\u0627\u0621 \u0627\u0644\u0639\u0627\u0645\u0629\",\"publisher\":{\"@id\":\"https:\\\/\\\/lequotidien.mr\\\/#organization\"},\"potentialAction\":[{\"@type\":\"SearchAction\",\"target\":{\"@type\":\"EntryPoint\",\"urlTemplate\":\"https:\\\/\\\/lequotidien.mr\\\/?s={search_term_string}\"},\"query-input\":{\"@type\":\"PropertyValueSpecification\",\"valueRequired\":true,\"valueName\":\"search_term_string\"}}],\"inLanguage\":\"ar\"},{\"@type\":\"Organization\",\"@id\":\"https:\\\/\\\/lequotidien.mr\\\/#organization\",\"name\":\"Le Quotidien de Nouakchott\",\"url\":\"https:\\\/\\\/lequotidien.mr\\\/\",\"logo\":{\"@type\":\"ImageObject\",\"inLanguage\":\"ar\",\"@id\":\"https:\\\/\\\/lequotidien.mr\\\/#\\\/schema\\\/logo\\\/image\\\/\",\"url\":\"https:\\\/\\\/lequotidien.mr\\\/wp-content\\\/uploads\\\/2022\\\/11\\\/logolequotidien.jpg\",\"contentUrl\":\"https:\\\/\\\/lequotidien.mr\\\/wp-content\\\/uploads\\\/2022\\\/11\\\/logolequotidien.jpg\",\"width\":290,\"height\":65,\"caption\":\"Le Quotidien de Nouakchott\"},\"image\":{\"@id\":\"https:\\\/\\\/lequotidien.mr\\\/#\\\/schema\\\/logo\\\/image\\\/\"},\"sameAs\":[\"https:\\\/\\\/web.facebook.com\\\/lequotidienmr\",\"https:\\\/\\\/x.com\\\/lequotidienmr\"]},{\"@type\":\"Person\",\"@id\":\"https:\\\/\\\/lequotidien.mr\\\/#\\\/schema\\\/person\\\/d2d350202a4d599685ed8abc25f97596\",\"name\":\"Med Ahmed\",\"image\":{\"@type\":\"ImageObject\",\"inLanguage\":\"ar\",\"@id\":\"https:\\\/\\\/secure.gravatar.com\\\/avatar\\\/fd2acc62ed50732923d1d39c17172c9b04149f142be92310ecc69e1358f94b52?s=96&d=mm&r=g\",\"url\":\"https:\\\/\\\/secure.gravatar.com\\\/avatar\\\/fd2acc62ed50732923d1d39c17172c9b04149f142be92310ecc69e1358f94b52?s=96&d=mm&r=g\",\"contentUrl\":\"https:\\\/\\\/secure.gravatar.com\\\/avatar\\\/fd2acc62ed50732923d1d39c17172c9b04149f142be92310ecc69e1358f94b52?s=96&d=mm&r=g\",\"caption\":\"Med Ahmed\"},\"url\":\"https:\\\/\\\/lequotidien.mr\\\/?author=12\"}]}<\/script>\n<!-- \/ Yoast SEO plugin. -->","yoast_head_json":{"title":"12\u00e8me session du Forum Urbain Mondial\/Egypte : Un appel \u00e0 l'action pour le d\u00e9veloppement durable des villes et communaut\u00e9s - Le Quotidien de Nouakchott","robots":{"index":"index","follow":"follow","max-snippet":"max-snippet:-1","max-image-preview":"max-image-preview:large","max-video-preview":"max-video-preview:-1"},"canonical":"https:\/\/lequotidien.mr\/?p=22556&lang=fr","og_locale":"ar_AR","og_type":"article","og_title":"12\u00e8me session du Forum Urbain Mondial\/Egypte : Un appel \u00e0 l'action pour le d\u00e9veloppement durable des villes et communaut\u00e9s - Le Quotidien de Nouakchott","og_description":"La 12\u00e8me session du Forum Urbain Mondial (FUM) a d\u00e9but\u00e9 ce lundi 4 novembre 2024 au Caire, en \u00c9gypte, r\u00e9unissant une diversit\u00e9 d&#8217;acteurs de l&#8217;urbanisme mondial autour du th\u00e8me \u00ab Tout commence chez-soi : Actions locales pour le d\u00e9veloppement durable des villes et communaut\u00e9s \u00bb. Sous l&#8217;\u00e9gide d&#8217;ONU-Habitat, cette \u00e9dition du FUM a pour ambition.....","og_url":"https:\/\/lequotidien.mr\/?p=22556&lang=fr","og_site_name":"Le Quotidien de Nouakchott","article_publisher":"https:\/\/web.facebook.com\/lequotidienmr","article_published_time":"2024-11-05T10:53:03+00:00","og_image":[{"width":530,"height":321,"url":"https:\/\/lequotidien.mr\/wp-content\/uploads\/2024\/11\/photo-FUM-novembre-2024-1.png","type":"image\/png"}],"author":"Med Ahmed","twitter_card":"summary_large_image","twitter_creator":"@lequotidienmr","twitter_site":"@lequotidienmr","twitter_misc":{"\u0643\u064f\u062a\u0628 \u0628\u0648\u0627\u0633\u0637\u0629":"Med Ahmed","\u0648\u0642\u062a \u0627\u0644\u0642\u0631\u0627\u0621\u0629 \u0627\u0644\u0645\u064f\u0642\u062f\u0651\u0631":"3 \u062f\u0642\u0627\u0626\u0642"},"schema":{"@context":"https:\/\/schema.org","@graph":[{"@type":"Article","@id":"https:\/\/lequotidien.mr\/?p=22556&lang=fr#article","isPartOf":{"@id":"https:\/\/lequotidien.mr\/?p=22556&lang=fr"},"author":{"name":"Med Ahmed","@id":"https:\/\/lequotidien.mr\/#\/schema\/person\/d2d350202a4d599685ed8abc25f97596"},"headline":"12\u00e8me session du Forum Urbain Mondial\/Egypte : Un appel \u00e0 l&#8217;action pour le d\u00e9veloppement durable des villes et communaut\u00e9s","datePublished":"2024-11-05T10:53:03+00:00","mainEntityOfPage":{"@id":"https:\/\/lequotidien.mr\/?p=22556&lang=fr"},"wordCount":674,"commentCount":0,"publisher":{"@id":"https:\/\/lequotidien.mr\/#organization"},"image":{"@id":"https:\/\/lequotidien.mr\/?p=22556&lang=fr#primaryimage"},"thumbnailUrl":"https:\/\/lequotidien.mr\/wp-content\/uploads\/2024\/11\/photo-FUM-novembre-2024-1.png","articleSection":["ACTUALIT\u00c9","Economie"],"inLanguage":"ar","potentialAction":[{"@type":"CommentAction","name":"Comment","target":["https:\/\/lequotidien.mr\/?p=22556&lang=fr#respond"]}]},{"@type":"WebPage","@id":"https:\/\/lequotidien.mr\/?p=22556&lang=fr","url":"https:\/\/lequotidien.mr\/?p=22556&lang=fr","name":"12\u00e8me session du Forum Urbain Mondial\/Egypte : Un appel \u00e0 l'action pour le d\u00e9veloppement durable des villes et communaut\u00e9s - Le Quotidien de Nouakchott","isPartOf":{"@id":"https:\/\/lequotidien.mr\/#website"},"primaryImageOfPage":{"@id":"https:\/\/lequotidien.mr\/?p=22556&lang=fr#primaryimage"},"image":{"@id":"https:\/\/lequotidien.mr\/?p=22556&lang=fr#primaryimage"},"thumbnailUrl":"https:\/\/lequotidien.mr\/wp-content\/uploads\/2024\/11\/photo-FUM-novembre-2024-1.png","datePublished":"2024-11-05T10:53:03+00:00","breadcrumb":{"@id":"https:\/\/lequotidien.mr\/?p=22556&lang=fr#breadcrumb"},"inLanguage":"ar","potentialAction":[{"@type":"ReadAction","target":["https:\/\/lequotidien.mr\/?p=22556&lang=fr"]}]},{"@type":"ImageObject","inLanguage":"ar","@id":"https:\/\/lequotidien.mr\/?p=22556&lang=fr#primaryimage","url":"https:\/\/lequotidien.mr\/wp-content\/uploads\/2024\/11\/photo-FUM-novembre-2024-1.png","contentUrl":"https:\/\/lequotidien.mr\/wp-content\/uploads\/2024\/11\/photo-FUM-novembre-2024-1.png","width":530,"height":321},{"@type":"BreadcrumbList","@id":"https:\/\/lequotidien.mr\/?p=22556&lang=fr#breadcrumb","itemListElement":[{"@type":"ListItem","position":1,"name":"Home","item":"https:\/\/lequotidien.mr\/"},{"@type":"ListItem","position":2,"name":"12\u00e8me session du Forum Urbain Mondial\/Egypte : Un appel \u00e0 l&rsquo;action pour le d\u00e9veloppement durable des villes et communaut\u00e9s"}]},{"@type":"WebSite","@id":"https:\/\/lequotidien.mr\/#website","url":"https:\/\/lequotidien.mr\/","name":"Le Quotidien de Nouakchott","description":"\u0625\u062e\u0628\u0627\u0631\u064a\u0629 \u0645\u0633\u062a\u0642\u0644\u0629 \u0644\u0644\u0623\u0646\u0628\u0627\u0621 \u0627\u0644\u0639\u0627\u0645\u0629","publisher":{"@id":"https:\/\/lequotidien.mr\/#organization"},"potentialAction":[{"@type":"SearchAction","target":{"@type":"EntryPoint","urlTemplate":"https:\/\/lequotidien.mr\/?s={search_term_string}"},"query-input":{"@type":"PropertyValueSpecification","valueRequired":true,"valueName":"search_term_string"}}],"inLanguage":"ar"},{"@type":"Organization","@id":"https:\/\/lequotidien.mr\/#organization","name":"Le Quotidien de Nouakchott","url":"https:\/\/lequotidien.mr\/","logo":{"@type":"ImageObject","inLanguage":"ar","@id":"https:\/\/lequotidien.mr\/#\/schema\/logo\/image\/","url":"https:\/\/lequotidien.mr\/wp-content\/uploads\/2022\/11\/logolequotidien.jpg","contentUrl":"https:\/\/lequotidien.mr\/wp-content\/uploads\/2022\/11\/logolequotidien.jpg","width":290,"height":65,"caption":"Le Quotidien de Nouakchott"},"image":{"@id":"https:\/\/lequotidien.mr\/#\/schema\/logo\/image\/"},"sameAs":["https:\/\/web.facebook.com\/lequotidienmr","https:\/\/x.com\/lequotidienmr"]},{"@type":"Person","@id":"https:\/\/lequotidien.mr\/#\/schema\/person\/d2d350202a4d599685ed8abc25f97596","name":"Med Ahmed","image":{"@type":"ImageObject","inLanguage":"ar","@id":"https:\/\/secure.gravatar.com\/avatar\/fd2acc62ed50732923d1d39c17172c9b04149f142be92310ecc69e1358f94b52?s=96&d=mm&r=g","url":"https:\/\/secure.gravatar.com\/avatar\/fd2acc62ed50732923d1d39c17172c9b04149f142be92310ecc69e1358f94b52?s=96&d=mm&r=g","contentUrl":"https:\/\/secure.gravatar.com\/avatar\/fd2acc62ed50732923d1d39c17172c9b04149f142be92310ecc69e1358f94b52?s=96&d=mm&r=g","caption":"Med Ahmed"},"url":"https:\/\/lequotidien.mr\/?author=12"}]}},"_links":{"self":[{"href":"https:\/\/lequotidien.mr\/index.php?rest_route=\/wp\/v2\/posts\/22556","targetHints":{"allow":["GET"]}}],"collection":[{"href":"https:\/\/lequotidien.mr\/index.php?rest_route=\/wp\/v2\/posts"}],"about":[{"href":"https:\/\/lequotidien.mr\/index.php?rest_route=\/wp\/v2\/types\/post"}],"author":[{"embeddable":true,"href":"https:\/\/lequotidien.mr\/index.php?rest_route=\/wp\/v2\/users\/12"}],"replies":[{"embeddable":true,"href":"https:\/\/lequotidien.mr\/index.php?rest_route=%2Fwp%2Fv2%2Fcomments&post=22556"}],"version-history":[{"count":1,"href":"https:\/\/lequotidien.mr\/index.php?rest_route=\/wp\/v2\/posts\/22556\/revisions"}],"predecessor-version":[{"id":22558,"href":"https:\/\/lequotidien.mr\/index.php?rest_route=\/wp\/v2\/posts\/22556\/revisions\/22558"}],"wp:featuredmedia":[{"embeddable":true,"href":"https:\/\/lequotidien.mr\/index.php?rest_route=\/wp\/v2\/media\/22557"}],"wp:attachment":[{"href":"https:\/\/lequotidien.mr\/index.php?rest_route=%2Fwp%2Fv2%2Fmedia&parent=22556"}],"wp:term":[{"taxonomy":"category","embeddable":true,"href":"https:\/\/lequotidien.mr\/index.php?rest_route=%2Fwp%2Fv2%2Fcategories&post=22556"},{"taxonomy":"post_tag","embeddable":true,"href":"https:\/\/lequotidien.mr\/index.php?rest_route=%2Fwp%2Fv2%2Ftags&post=22556"}],"curies":[{"name":"wp","href":"https:\/\/api.w.org\/{rel}","templated":true}]}}