{"id":22536,"date":"2024-11-04T14:55:29","date_gmt":"2024-11-04T14:55:29","guid":{"rendered":"https:\/\/lequotidien.mr\/?p=22536"},"modified":"2024-11-04T14:55:29","modified_gmt":"2024-11-04T14:55:29","slug":"mauritanie-senegal-vers-une-cooperation-renforcee-lors-de-la-treizieme-session-de-la-commission-mixte-de-cooperation","status":"publish","type":"post","link":"https:\/\/lequotidien.mr\/?p=22536&lang=fr","title":{"rendered":"Mauritanie\/S\u00e9n\u00e9gal : Vers une coop\u00e9ration renforc\u00e9e lors de la treizi\u00e8me session de la Commission mixte de coop\u00e9ration"},"content":{"rendered":"<p>La treizi\u00e8me session de la Commission mixte de coop\u00e9ration entre la Mauritanie et le S\u00e9n\u00e9gal s&#8217;est ouverte ce lundi, 4 novembre 2024, \u00e0 Nouakchott, avec la pr\u00e9sence d&#8217;experts et de sp\u00e9cialistes de haut niveau. Ce rendez-vous annuel vise \u00e0 renforcer les liens entre les deux nations en \u00e9valuant les accords existants et en explorant de nouvelles opportunit\u00e9s de partenariat gagnant-gagnant entre les deux pays voisins.<\/p>\n<p>Lors de son discours inaugural, Mohamed El Hanchi El Ketab, Directeur G\u00e9n\u00e9ral de la coop\u00e9ration bilat\u00e9rale au minist\u00e8re mauritanien des Affaires \u00e9trang\u00e8res, a exprim\u00e9 l&#8217;importance de cette session pour les deux pays. Il a affirm\u00e9 que les r\u00e9sultats et recommandations issus de ces discussions sont essentiels pour poursuivre le d\u00e9veloppement d&#8217;une coop\u00e9ration mutuellement b\u00e9n\u00e9fique. Les attentes sont grandes, et la Mauritanie, tout comme le S\u00e9n\u00e9gal, esp\u00e8re tirer des enseignements constructifs de cette session.<\/p>\n<p>Le responsable mauritanien a \u00e9galement rappel\u00e9 les liens profonds qui unissent la Mauritanie et le S\u00e9n\u00e9gal. Selon lui, les deux nations sont des \u00ab pays fr\u00e8res \u00bb partageant un \u00ab destin commun fond\u00e9 sur la religion, la g\u00e9ographie et l&#8217;histoire \u00bb. Cette vision d&#8217;une union au-del\u00e0 des accords \u00e9conomiques souligne la profondeur de cette relation, construite sur des valeurs partag\u00e9es et une histoire commune. Ce socle historique et culturel constitue une base solide pour une coop\u00e9ration multidimensionnelle les deux pays.<\/p>\n<p>La session de cette ann\u00e9e a mis l&#8217;accent sur des secteurs cruciaux pour le d\u00e9veloppement \u00e9conomique et social des deux nations. Parmi les domaines prioritaires\u00a0: la p\u00eache, l&#8217;\u00e9nergie, les transports, l&#8217;enseignement sup\u00e9rieur, l&#8217;\u00e9levage, et le commerce et le num\u00e9rique.<\/p>\n<p>Cette session de la Commission mixte Mauritanie-S\u00e9n\u00e9gal incarne la volont\u00e9 des deux pays de construire un partenariat durable, fond\u00e9 sur des int\u00e9r\u00eats et des objectifs communs. Le renforcement de la coop\u00e9ration dans les domaines strat\u00e9giques favorisera non seulement les \u00e9changes bilat\u00e9raux, mais contribuera \u00e9galement au d\u00e9veloppement \u00e9conomique et social des deux c\u00f4t\u00e9s de la rive du fleuve.<\/p>\n<p>Les recommandations qui \u00e9mergeront de cette treizi\u00e8me session permettront de tracer de nouvelles orientations pour l&#8217;avenir, consolidant davantage la relation entre la Mauritanie et le S\u00e9n\u00e9gal. En int\u00e9grant les secteurs traditionnels et \u00e9mergents dans leurs discussions, les deux nations d\u00e9montrent leur engagement \u00e0 construire un avec plus prometteur leurs populations respectives.<\/p>\n<p>En somme, cette treizi\u00e8me session de la Commission mixte de coop\u00e9ration entre la Mauritanie et le S\u00e9n\u00e9gal marque une \u00e9tape importante dans le d\u00e9veloppement de leurs relations bilat\u00e9rales, r\u00e9affirmant leur d\u00e9termination \u00e0 construire un partenariat solide et r\u00e9silient pour une prosp\u00e9rit\u00e9 partag\u00e9e.<\/p>\n","protected":false},"excerpt":{"rendered":"<p>La treizi\u00e8me session de la Commission mixte de coop\u00e9ration entre la Mauritanie et le S\u00e9n\u00e9gal s&#8217;est ouverte ce lundi, 4 novembre 2024, \u00e0 Nouakchott, avec la pr\u00e9sence d&#8217;experts et de sp\u00e9cialistes de haut niveau. Ce rendez-vous annuel vise \u00e0 renforcer les liens entre les deux nations en \u00e9valuant les accords existants et en explorant de&#8230;..<\/p>\n","protected":false},"author":12,"featured_media":22538,"comment_status":"open","ping_status":"open","sticky":false,"template":"","format":"standard","meta":{"footnotes":""},"categories":[23,49],"tags":[],"class_list":["post-22536","post","type-post","status-publish","format-standard","has-post-thumbnail","hentry","category-actualite","category-economie"],"yoast_head":"<!-- This site is optimized with the Yoast SEO plugin v27.5 - https:\/\/yoast.com\/product\/yoast-seo-wordpress\/ -->\n<title>Mauritanie\/S\u00e9n\u00e9gal : Vers une coop\u00e9ration renforc\u00e9e lors de la treizi\u00e8me session de la Commission mixte de coop\u00e9ration - Le Quotidien de Nouakchott<\/title>\n<meta name=\"robots\" content=\"index, follow, max-snippet:-1, max-image-preview:large, max-video-preview:-1\" \/>\n<link rel=\"canonical\" href=\"https:\/\/lequotidien.mr\/?p=22536&lang=fr\" \/>\n<meta property=\"og:locale\" content=\"ar_AR\" \/>\n<meta property=\"og:type\" content=\"article\" \/>\n<meta property=\"og:title\" content=\"Mauritanie\/S\u00e9n\u00e9gal : Vers une coop\u00e9ration renforc\u00e9e lors de la treizi\u00e8me session de la Commission mixte de coop\u00e9ration - Le Quotidien de Nouakchott\" \/>\n<meta property=\"og:description\" content=\"La treizi\u00e8me session de la Commission mixte de coop\u00e9ration entre la Mauritanie et le S\u00e9n\u00e9gal s&#8217;est ouverte ce lundi, 4 novembre 2024, \u00e0 Nouakchott, avec la pr\u00e9sence d&#8217;experts et de sp\u00e9cialistes de haut niveau. Ce rendez-vous annuel vise \u00e0 renforcer les liens entre les deux nations en \u00e9valuant les accords existants et en explorant de.....\" \/>\n<meta property=\"og:url\" content=\"https:\/\/lequotidien.mr\/?p=22536&amp;lang=fr\" \/>\n<meta property=\"og:site_name\" content=\"Le Quotidien de Nouakchott\" \/>\n<meta property=\"article:publisher\" content=\"https:\/\/web.facebook.com\/lequotidienmr\" \/>\n<meta property=\"article:published_time\" content=\"2024-11-04T14:55:29+00:00\" \/>\n<meta property=\"og:image\" content=\"https:\/\/lequotidien.mr\/wp-content\/uploads\/2024\/11\/photo-commission-mixte-Mtnie-Senegal-1.jpg\" \/>\n\t<meta property=\"og:image:width\" content=\"457\" \/>\n\t<meta property=\"og:image:height\" content=\"330\" \/>\n\t<meta property=\"og:image:type\" content=\"image\/jpeg\" \/>\n<meta name=\"author\" content=\"Med Ahmed\" \/>\n<meta name=\"twitter:card\" content=\"summary_large_image\" \/>\n<meta name=\"twitter:creator\" content=\"@lequotidienmr\" \/>\n<meta name=\"twitter:site\" content=\"@lequotidienmr\" \/>\n<meta name=\"twitter:label1\" content=\"\u0643\u064f\u062a\u0628 \u0628\u0648\u0627\u0633\u0637\u0629\" \/>\n\t<meta name=\"twitter:data1\" content=\"Med Ahmed\" \/>\n\t<meta name=\"twitter:label2\" content=\"\u0648\u0642\u062a \u0627\u0644\u0642\u0631\u0627\u0621\u0629 \u0627\u0644\u0645\u064f\u0642\u062f\u0651\u0631\" \/>\n\t<meta name=\"twitter:data2\" content=\"\u062f\u0642\u064a\u0642\u062a\u0627\u0646\" \/>\n<script type=\"application\/ld+json\" class=\"yoast-schema-graph\">{\"@context\":\"https:\\\/\\\/schema.org\",\"@graph\":[{\"@type\":\"Article\",\"@id\":\"https:\\\/\\\/lequotidien.mr\\\/?p=22536&lang=fr#article\",\"isPartOf\":{\"@id\":\"https:\\\/\\\/lequotidien.mr\\\/?p=22536&lang=fr\"},\"author\":{\"name\":\"Med Ahmed\",\"@id\":\"https:\\\/\\\/lequotidien.mr\\\/#\\\/schema\\\/person\\\/d2d350202a4d599685ed8abc25f97596\"},\"headline\":\"Mauritanie\\\/S\u00e9n\u00e9gal : Vers une coop\u00e9ration renforc\u00e9e lors de la treizi\u00e8me session de la Commission mixte de coop\u00e9ration\",\"datePublished\":\"2024-11-04T14:55:29+00:00\",\"mainEntityOfPage\":{\"@id\":\"https:\\\/\\\/lequotidien.mr\\\/?p=22536&lang=fr\"},\"wordCount\":489,\"commentCount\":0,\"publisher\":{\"@id\":\"https:\\\/\\\/lequotidien.mr\\\/#organization\"},\"image\":{\"@id\":\"https:\\\/\\\/lequotidien.mr\\\/?p=22536&lang=fr#primaryimage\"},\"thumbnailUrl\":\"https:\\\/\\\/lequotidien.mr\\\/wp-content\\\/uploads\\\/2024\\\/11\\\/photo-commission-mixte-Mtnie-Senegal-1.jpg\",\"articleSection\":[\"ACTUALIT\u00c9\",\"Economie\"],\"inLanguage\":\"ar\",\"potentialAction\":[{\"@type\":\"CommentAction\",\"name\":\"Comment\",\"target\":[\"https:\\\/\\\/lequotidien.mr\\\/?p=22536&lang=fr#respond\"]}]},{\"@type\":\"WebPage\",\"@id\":\"https:\\\/\\\/lequotidien.mr\\\/?p=22536&lang=fr\",\"url\":\"https:\\\/\\\/lequotidien.mr\\\/?p=22536&lang=fr\",\"name\":\"Mauritanie\\\/S\u00e9n\u00e9gal : Vers une coop\u00e9ration renforc\u00e9e lors de la treizi\u00e8me session de la Commission mixte de coop\u00e9ration - Le Quotidien de Nouakchott\",\"isPartOf\":{\"@id\":\"https:\\\/\\\/lequotidien.mr\\\/#website\"},\"primaryImageOfPage\":{\"@id\":\"https:\\\/\\\/lequotidien.mr\\\/?p=22536&lang=fr#primaryimage\"},\"image\":{\"@id\":\"https:\\\/\\\/lequotidien.mr\\\/?p=22536&lang=fr#primaryimage\"},\"thumbnailUrl\":\"https:\\\/\\\/lequotidien.mr\\\/wp-content\\\/uploads\\\/2024\\\/11\\\/photo-commission-mixte-Mtnie-Senegal-1.jpg\",\"datePublished\":\"2024-11-04T14:55:29+00:00\",\"breadcrumb\":{\"@id\":\"https:\\\/\\\/lequotidien.mr\\\/?p=22536&lang=fr#breadcrumb\"},\"inLanguage\":\"ar\",\"potentialAction\":[{\"@type\":\"ReadAction\",\"target\":[\"https:\\\/\\\/lequotidien.mr\\\/?p=22536&lang=fr\"]}]},{\"@type\":\"ImageObject\",\"inLanguage\":\"ar\",\"@id\":\"https:\\\/\\\/lequotidien.mr\\\/?p=22536&lang=fr#primaryimage\",\"url\":\"https:\\\/\\\/lequotidien.mr\\\/wp-content\\\/uploads\\\/2024\\\/11\\\/photo-commission-mixte-Mtnie-Senegal-1.jpg\",\"contentUrl\":\"https:\\\/\\\/lequotidien.mr\\\/wp-content\\\/uploads\\\/2024\\\/11\\\/photo-commission-mixte-Mtnie-Senegal-1.jpg\",\"width\":457,\"height\":330},{\"@type\":\"BreadcrumbList\",\"@id\":\"https:\\\/\\\/lequotidien.mr\\\/?p=22536&lang=fr#breadcrumb\",\"itemListElement\":[{\"@type\":\"ListItem\",\"position\":1,\"name\":\"Home\",\"item\":\"https:\\\/\\\/lequotidien.mr\\\/\"},{\"@type\":\"ListItem\",\"position\":2,\"name\":\"Mauritanie\\\/S\u00e9n\u00e9gal : Vers une coop\u00e9ration renforc\u00e9e lors de la treizi\u00e8me session de la Commission mixte de coop\u00e9ration\"}]},{\"@type\":\"WebSite\",\"@id\":\"https:\\\/\\\/lequotidien.mr\\\/#website\",\"url\":\"https:\\\/\\\/lequotidien.mr\\\/\",\"name\":\"Le Quotidien de Nouakchott\",\"description\":\"\u0625\u062e\u0628\u0627\u0631\u064a\u0629 \u0645\u0633\u062a\u0642\u0644\u0629 \u0644\u0644\u0623\u0646\u0628\u0627\u0621 \u0627\u0644\u0639\u0627\u0645\u0629\",\"publisher\":{\"@id\":\"https:\\\/\\\/lequotidien.mr\\\/#organization\"},\"potentialAction\":[{\"@type\":\"SearchAction\",\"target\":{\"@type\":\"EntryPoint\",\"urlTemplate\":\"https:\\\/\\\/lequotidien.mr\\\/?s={search_term_string}\"},\"query-input\":{\"@type\":\"PropertyValueSpecification\",\"valueRequired\":true,\"valueName\":\"search_term_string\"}}],\"inLanguage\":\"ar\"},{\"@type\":\"Organization\",\"@id\":\"https:\\\/\\\/lequotidien.mr\\\/#organization\",\"name\":\"Le Quotidien de Nouakchott\",\"url\":\"https:\\\/\\\/lequotidien.mr\\\/\",\"logo\":{\"@type\":\"ImageObject\",\"inLanguage\":\"ar\",\"@id\":\"https:\\\/\\\/lequotidien.mr\\\/#\\\/schema\\\/logo\\\/image\\\/\",\"url\":\"https:\\\/\\\/lequotidien.mr\\\/wp-content\\\/uploads\\\/2022\\\/11\\\/logolequotidien.jpg\",\"contentUrl\":\"https:\\\/\\\/lequotidien.mr\\\/wp-content\\\/uploads\\\/2022\\\/11\\\/logolequotidien.jpg\",\"width\":290,\"height\":65,\"caption\":\"Le Quotidien de Nouakchott\"},\"image\":{\"@id\":\"https:\\\/\\\/lequotidien.mr\\\/#\\\/schema\\\/logo\\\/image\\\/\"},\"sameAs\":[\"https:\\\/\\\/web.facebook.com\\\/lequotidienmr\",\"https:\\\/\\\/x.com\\\/lequotidienmr\"]},{\"@type\":\"Person\",\"@id\":\"https:\\\/\\\/lequotidien.mr\\\/#\\\/schema\\\/person\\\/d2d350202a4d599685ed8abc25f97596\",\"name\":\"Med Ahmed\",\"image\":{\"@type\":\"ImageObject\",\"inLanguage\":\"ar\",\"@id\":\"https:\\\/\\\/secure.gravatar.com\\\/avatar\\\/fd2acc62ed50732923d1d39c17172c9b04149f142be92310ecc69e1358f94b52?s=96&d=mm&r=g\",\"url\":\"https:\\\/\\\/secure.gravatar.com\\\/avatar\\\/fd2acc62ed50732923d1d39c17172c9b04149f142be92310ecc69e1358f94b52?s=96&d=mm&r=g\",\"contentUrl\":\"https:\\\/\\\/secure.gravatar.com\\\/avatar\\\/fd2acc62ed50732923d1d39c17172c9b04149f142be92310ecc69e1358f94b52?s=96&d=mm&r=g\",\"caption\":\"Med Ahmed\"},\"url\":\"https:\\\/\\\/lequotidien.mr\\\/?author=12\"}]}<\/script>\n<!-- \/ Yoast SEO plugin. -->","yoast_head_json":{"title":"Mauritanie\/S\u00e9n\u00e9gal : Vers une coop\u00e9ration renforc\u00e9e lors de la treizi\u00e8me session de la Commission mixte de coop\u00e9ration - Le Quotidien de Nouakchott","robots":{"index":"index","follow":"follow","max-snippet":"max-snippet:-1","max-image-preview":"max-image-preview:large","max-video-preview":"max-video-preview:-1"},"canonical":"https:\/\/lequotidien.mr\/?p=22536&lang=fr","og_locale":"ar_AR","og_type":"article","og_title":"Mauritanie\/S\u00e9n\u00e9gal : Vers une coop\u00e9ration renforc\u00e9e lors de la treizi\u00e8me session de la Commission mixte de coop\u00e9ration - Le Quotidien de Nouakchott","og_description":"La treizi\u00e8me session de la Commission mixte de coop\u00e9ration entre la Mauritanie et le S\u00e9n\u00e9gal s&#8217;est ouverte ce lundi, 4 novembre 2024, \u00e0 Nouakchott, avec la pr\u00e9sence d&#8217;experts et de sp\u00e9cialistes de haut niveau. Ce rendez-vous annuel vise \u00e0 renforcer les liens entre les deux nations en \u00e9valuant les accords existants et en explorant de.....","og_url":"https:\/\/lequotidien.mr\/?p=22536&lang=fr","og_site_name":"Le Quotidien de Nouakchott","article_publisher":"https:\/\/web.facebook.com\/lequotidienmr","article_published_time":"2024-11-04T14:55:29+00:00","og_image":[{"width":457,"height":330,"url":"https:\/\/lequotidien.mr\/wp-content\/uploads\/2024\/11\/photo-commission-mixte-Mtnie-Senegal-1.jpg","type":"image\/jpeg"}],"author":"Med Ahmed","twitter_card":"summary_large_image","twitter_creator":"@lequotidienmr","twitter_site":"@lequotidienmr","twitter_misc":{"\u0643\u064f\u062a\u0628 \u0628\u0648\u0627\u0633\u0637\u0629":"Med Ahmed","\u0648\u0642\u062a \u0627\u0644\u0642\u0631\u0627\u0621\u0629 \u0627\u0644\u0645\u064f\u0642\u062f\u0651\u0631":"\u062f\u0642\u064a\u0642\u062a\u0627\u0646"},"schema":{"@context":"https:\/\/schema.org","@graph":[{"@type":"Article","@id":"https:\/\/lequotidien.mr\/?p=22536&lang=fr#article","isPartOf":{"@id":"https:\/\/lequotidien.mr\/?p=22536&lang=fr"},"author":{"name":"Med Ahmed","@id":"https:\/\/lequotidien.mr\/#\/schema\/person\/d2d350202a4d599685ed8abc25f97596"},"headline":"Mauritanie\/S\u00e9n\u00e9gal : Vers une coop\u00e9ration renforc\u00e9e lors de la treizi\u00e8me session de la Commission mixte de coop\u00e9ration","datePublished":"2024-11-04T14:55:29+00:00","mainEntityOfPage":{"@id":"https:\/\/lequotidien.mr\/?p=22536&lang=fr"},"wordCount":489,"commentCount":0,"publisher":{"@id":"https:\/\/lequotidien.mr\/#organization"},"image":{"@id":"https:\/\/lequotidien.mr\/?p=22536&lang=fr#primaryimage"},"thumbnailUrl":"https:\/\/lequotidien.mr\/wp-content\/uploads\/2024\/11\/photo-commission-mixte-Mtnie-Senegal-1.jpg","articleSection":["ACTUALIT\u00c9","Economie"],"inLanguage":"ar","potentialAction":[{"@type":"CommentAction","name":"Comment","target":["https:\/\/lequotidien.mr\/?p=22536&lang=fr#respond"]}]},{"@type":"WebPage","@id":"https:\/\/lequotidien.mr\/?p=22536&lang=fr","url":"https:\/\/lequotidien.mr\/?p=22536&lang=fr","name":"Mauritanie\/S\u00e9n\u00e9gal : Vers une coop\u00e9ration renforc\u00e9e lors de la treizi\u00e8me session de la Commission mixte de coop\u00e9ration - Le Quotidien de Nouakchott","isPartOf":{"@id":"https:\/\/lequotidien.mr\/#website"},"primaryImageOfPage":{"@id":"https:\/\/lequotidien.mr\/?p=22536&lang=fr#primaryimage"},"image":{"@id":"https:\/\/lequotidien.mr\/?p=22536&lang=fr#primaryimage"},"thumbnailUrl":"https:\/\/lequotidien.mr\/wp-content\/uploads\/2024\/11\/photo-commission-mixte-Mtnie-Senegal-1.jpg","datePublished":"2024-11-04T14:55:29+00:00","breadcrumb":{"@id":"https:\/\/lequotidien.mr\/?p=22536&lang=fr#breadcrumb"},"inLanguage":"ar","potentialAction":[{"@type":"ReadAction","target":["https:\/\/lequotidien.mr\/?p=22536&lang=fr"]}]},{"@type":"ImageObject","inLanguage":"ar","@id":"https:\/\/lequotidien.mr\/?p=22536&lang=fr#primaryimage","url":"https:\/\/lequotidien.mr\/wp-content\/uploads\/2024\/11\/photo-commission-mixte-Mtnie-Senegal-1.jpg","contentUrl":"https:\/\/lequotidien.mr\/wp-content\/uploads\/2024\/11\/photo-commission-mixte-Mtnie-Senegal-1.jpg","width":457,"height":330},{"@type":"BreadcrumbList","@id":"https:\/\/lequotidien.mr\/?p=22536&lang=fr#breadcrumb","itemListElement":[{"@type":"ListItem","position":1,"name":"Home","item":"https:\/\/lequotidien.mr\/"},{"@type":"ListItem","position":2,"name":"Mauritanie\/S\u00e9n\u00e9gal : Vers une coop\u00e9ration renforc\u00e9e lors de la treizi\u00e8me session de la Commission mixte de coop\u00e9ration"}]},{"@type":"WebSite","@id":"https:\/\/lequotidien.mr\/#website","url":"https:\/\/lequotidien.mr\/","name":"Le Quotidien de Nouakchott","description":"\u0625\u062e\u0628\u0627\u0631\u064a\u0629 \u0645\u0633\u062a\u0642\u0644\u0629 \u0644\u0644\u0623\u0646\u0628\u0627\u0621 \u0627\u0644\u0639\u0627\u0645\u0629","publisher":{"@id":"https:\/\/lequotidien.mr\/#organization"},"potentialAction":[{"@type":"SearchAction","target":{"@type":"EntryPoint","urlTemplate":"https:\/\/lequotidien.mr\/?s={search_term_string}"},"query-input":{"@type":"PropertyValueSpecification","valueRequired":true,"valueName":"search_term_string"}}],"inLanguage":"ar"},{"@type":"Organization","@id":"https:\/\/lequotidien.mr\/#organization","name":"Le Quotidien de Nouakchott","url":"https:\/\/lequotidien.mr\/","logo":{"@type":"ImageObject","inLanguage":"ar","@id":"https:\/\/lequotidien.mr\/#\/schema\/logo\/image\/","url":"https:\/\/lequotidien.mr\/wp-content\/uploads\/2022\/11\/logolequotidien.jpg","contentUrl":"https:\/\/lequotidien.mr\/wp-content\/uploads\/2022\/11\/logolequotidien.jpg","width":290,"height":65,"caption":"Le Quotidien de Nouakchott"},"image":{"@id":"https:\/\/lequotidien.mr\/#\/schema\/logo\/image\/"},"sameAs":["https:\/\/web.facebook.com\/lequotidienmr","https:\/\/x.com\/lequotidienmr"]},{"@type":"Person","@id":"https:\/\/lequotidien.mr\/#\/schema\/person\/d2d350202a4d599685ed8abc25f97596","name":"Med Ahmed","image":{"@type":"ImageObject","inLanguage":"ar","@id":"https:\/\/secure.gravatar.com\/avatar\/fd2acc62ed50732923d1d39c17172c9b04149f142be92310ecc69e1358f94b52?s=96&d=mm&r=g","url":"https:\/\/secure.gravatar.com\/avatar\/fd2acc62ed50732923d1d39c17172c9b04149f142be92310ecc69e1358f94b52?s=96&d=mm&r=g","contentUrl":"https:\/\/secure.gravatar.com\/avatar\/fd2acc62ed50732923d1d39c17172c9b04149f142be92310ecc69e1358f94b52?s=96&d=mm&r=g","caption":"Med Ahmed"},"url":"https:\/\/lequotidien.mr\/?author=12"}]}},"_links":{"self":[{"href":"https:\/\/lequotidien.mr\/index.php?rest_route=\/wp\/v2\/posts\/22536","targetHints":{"allow":["GET"]}}],"collection":[{"href":"https:\/\/lequotidien.mr\/index.php?rest_route=\/wp\/v2\/posts"}],"about":[{"href":"https:\/\/lequotidien.mr\/index.php?rest_route=\/wp\/v2\/types\/post"}],"author":[{"embeddable":true,"href":"https:\/\/lequotidien.mr\/index.php?rest_route=\/wp\/v2\/users\/12"}],"replies":[{"embeddable":true,"href":"https:\/\/lequotidien.mr\/index.php?rest_route=%2Fwp%2Fv2%2Fcomments&post=22536"}],"version-history":[{"count":1,"href":"https:\/\/lequotidien.mr\/index.php?rest_route=\/wp\/v2\/posts\/22536\/revisions"}],"predecessor-version":[{"id":22539,"href":"https:\/\/lequotidien.mr\/index.php?rest_route=\/wp\/v2\/posts\/22536\/revisions\/22539"}],"wp:featuredmedia":[{"embeddable":true,"href":"https:\/\/lequotidien.mr\/index.php?rest_route=\/wp\/v2\/media\/22538"}],"wp:attachment":[{"href":"https:\/\/lequotidien.mr\/index.php?rest_route=%2Fwp%2Fv2%2Fmedia&parent=22536"}],"wp:term":[{"taxonomy":"category","embeddable":true,"href":"https:\/\/lequotidien.mr\/index.php?rest_route=%2Fwp%2Fv2%2Fcategories&post=22536"},{"taxonomy":"post_tag","embeddable":true,"href":"https:\/\/lequotidien.mr\/index.php?rest_route=%2Fwp%2Fv2%2Ftags&post=22536"}],"curies":[{"name":"wp","href":"https:\/\/api.w.org\/{rel}","templated":true}]}}