{"id":2249,"date":"2022-12-24T16:35:06","date_gmt":"2022-12-24T16:35:06","guid":{"rendered":"https:\/\/lequotidien.mr\/?p=2249"},"modified":"2022-12-24T16:35:06","modified_gmt":"2022-12-24T16:35:06","slug":"le-ministre-de-lagriculture-les-puits-artesiens-seront-orientes-pour-fournir-de-leau-potable-aux-habitants-de-tichitt","status":"publish","type":"post","link":"https:\/\/lequotidien.mr\/?p=2249&lang=fr","title":{"rendered":"Le ministre de l\u2019Agriculture : \u00ab Les puits art\u00e9siens seront orient\u00e9s pour fournir de l\u2019eau potable aux habitants de Tichitt \u00bb"},"content":{"rendered":"<p>AMI &#8211; Le ministre de l\u2019Agriculture, M. Yahya Ould Ahmed El Waqf, a indiqu\u00e9 que les puits art\u00e9siens qui \u00e9taient destin\u00e9s \u00e0 irriguer les palmeraies seront orient\u00e9s pour fournir de l\u2019eau potable aux habitants de Tichit, en r\u00e9ponse aux demandes urgentes des citoyens de la ville, sachant que ces installations ont \u00e9t\u00e9 mises en place \u00e0 l\u2019origine sp\u00e9cifiquement pour irriguer les palmiers.<\/p>\n<p>Il a ajout\u00e9, lors de sa rencontre, vendredi soir avec les agriculteurs de Tichitt, dans le cadre de sa tourn\u00e9e d\u2019information dans la wilaya du Tagant, pour le suivi de la campagne agricole de la saison 2022\/\/2023, que les interventions du Projet de D\u00e9veloppement des Oasis comprendront toutes les oasis de la moughataa.<\/p>\n<p>Il a soulign\u00e9 que le secteur travaillait pour fournir de l\u2019eau d\u2019irrigation en forant davantage de puits art\u00e9siens et en les \u00e9quipant d\u2019\u00e9nergie solaire, en plus de soutenir la culture maraich\u00e8re, appelant les agriculteurs \u00e0 se tourner vers les cultures de l\u2019orge et du bl\u00e9 ainsi que le s\u00e9chage des l\u00e9gumes pour en b\u00e9n\u00e9ficier plus longtemps, indiquant que le projet de d\u00e9veloppement des oasis compl\u00e9tera la cl\u00f4ture de l\u2019oasis de Tichitt.<\/p>\n<p>De son c\u00f4t\u00e9, le pr\u00e9sident du conseil r\u00e9gional de la r\u00e9gion de Tagant, M. Zeidane Ould tfeil Ould M\u2019Heimid, a appr\u00e9ci\u00e9 les efforts du d\u00e9partement de l\u2019agriculture, repr\u00e9sent\u00e9 par le projet de d\u00e9veloppement des oasis dans la wilaya, appelant \u00e0 davantage d\u2019interventions pour en faire profiter tout le monde.<\/p>\n<p>Quant au maire de la commune de Tichitt, M. Hamahoullah Sidi, s\u2019est f\u00e9licit\u00e9 de cette visite, saluant la d\u00e9cision d\u2019orienter l\u2019eau des puits art\u00e9siens destin\u00e9s initialement \u00e0 irriguer les palmeraies \u00e0 l\u2019approvisionnement de la population en eau potable.<\/p>\n<p>La r\u00e9union s\u2019est d\u00e9roul\u00e9e en pr\u00e9sence du wali du Tagant, M. Teyib Ould Mohamed Mahmoud, des autorit\u00e9s administratives et s\u00e9curitaires de la wilaya, ainsi que des \u00e9lus locaux.<\/p>\n","protected":false},"excerpt":{"rendered":"<p>AMI &#8211; Le ministre de l\u2019Agriculture, M. Yahya Ould Ahmed El Waqf, a indiqu\u00e9 que les puits art\u00e9siens qui \u00e9taient destin\u00e9s \u00e0 irriguer les palmeraies seront orient\u00e9s pour fournir de l\u2019eau potable aux habitants de Tichit, en r\u00e9ponse aux demandes urgentes des citoyens de la ville, sachant que ces installations ont \u00e9t\u00e9 mises en place&#8230;..<\/p>\n","protected":false},"author":5,"featured_media":2250,"comment_status":"open","ping_status":"open","sticky":false,"template":"","format":"standard","meta":{"footnotes":""},"categories":[23,49],"tags":[],"class_list":["post-2249","post","type-post","status-publish","format-standard","has-post-thumbnail","hentry","category-actualite","category-economie"],"yoast_head":"<!-- This site is optimized with the Yoast SEO plugin v27.5 - https:\/\/yoast.com\/product\/yoast-seo-wordpress\/ -->\n<title>Le ministre de l\u2019Agriculture : \u00ab Les puits art\u00e9siens seront orient\u00e9s pour fournir de l\u2019eau potable aux habitants de Tichitt \u00bb - Le Quotidien de Nouakchott<\/title>\n<meta name=\"robots\" content=\"index, follow, max-snippet:-1, max-image-preview:large, max-video-preview:-1\" \/>\n<link rel=\"canonical\" href=\"https:\/\/lequotidien.mr\/?p=2249&lang=fr\" \/>\n<meta property=\"og:locale\" content=\"ar_AR\" \/>\n<meta property=\"og:type\" content=\"article\" \/>\n<meta property=\"og:title\" content=\"Le ministre de l\u2019Agriculture : \u00ab Les puits art\u00e9siens seront orient\u00e9s pour fournir de l\u2019eau potable aux habitants de Tichitt \u00bb - Le Quotidien de Nouakchott\" \/>\n<meta property=\"og:description\" content=\"AMI &#8211; Le ministre de l\u2019Agriculture, M. Yahya Ould Ahmed El Waqf, a indiqu\u00e9 que les puits art\u00e9siens qui \u00e9taient destin\u00e9s \u00e0 irriguer les palmeraies seront orient\u00e9s pour fournir de l\u2019eau potable aux habitants de Tichit, en r\u00e9ponse aux demandes urgentes des citoyens de la ville, sachant que ces installations ont \u00e9t\u00e9 mises en place.....\" \/>\n<meta property=\"og:url\" content=\"https:\/\/lequotidien.mr\/?p=2249&amp;lang=fr\" \/>\n<meta property=\"og:site_name\" content=\"Le Quotidien de Nouakchott\" \/>\n<meta property=\"article:publisher\" content=\"https:\/\/web.facebook.com\/lequotidienmr\" \/>\n<meta property=\"article:published_time\" content=\"2022-12-24T16:35:06+00:00\" \/>\n<meta property=\"og:image\" content=\"https:\/\/lequotidien.mr\/wp-content\/uploads\/2022\/12\/ministre_agri_24_12_2022_2.jpg\" \/>\n\t<meta property=\"og:image:width\" content=\"1088\" \/>\n\t<meta property=\"og:image:height\" content=\"626\" \/>\n\t<meta property=\"og:image:type\" content=\"image\/jpeg\" \/>\n<meta name=\"author\" content=\"Gayi Diawara\" \/>\n<meta name=\"twitter:card\" content=\"summary_large_image\" \/>\n<meta name=\"twitter:creator\" content=\"@lequotidienmr\" \/>\n<meta name=\"twitter:site\" content=\"@lequotidienmr\" \/>\n<meta name=\"twitter:label1\" content=\"\u0643\u064f\u062a\u0628 \u0628\u0648\u0627\u0633\u0637\u0629\" \/>\n\t<meta name=\"twitter:data1\" content=\"Gayi Diawara\" \/>\n\t<meta name=\"twitter:label2\" content=\"\u0648\u0642\u062a \u0627\u0644\u0642\u0631\u0627\u0621\u0629 \u0627\u0644\u0645\u064f\u0642\u062f\u0651\u0631\" \/>\n\t<meta name=\"twitter:data2\" content=\"\u062f\u0642\u064a\u0642\u062a\u0627\u0646\" \/>\n<script type=\"application\/ld+json\" class=\"yoast-schema-graph\">{\"@context\":\"https:\\\/\\\/schema.org\",\"@graph\":[{\"@type\":\"Article\",\"@id\":\"https:\\\/\\\/lequotidien.mr\\\/?p=2249&lang=fr#article\",\"isPartOf\":{\"@id\":\"https:\\\/\\\/lequotidien.mr\\\/?p=2249&lang=fr\"},\"author\":{\"name\":\"Gayi Diawara\",\"@id\":\"https:\\\/\\\/lequotidien.mr\\\/#\\\/schema\\\/person\\\/1077c8abd5640a6514b909318d271dee\"},\"headline\":\"Le ministre de l\u2019Agriculture : \u00ab Les puits art\u00e9siens seront orient\u00e9s pour fournir de l\u2019eau potable aux habitants de Tichitt \u00bb\",\"datePublished\":\"2022-12-24T16:35:06+00:00\",\"mainEntityOfPage\":{\"@id\":\"https:\\\/\\\/lequotidien.mr\\\/?p=2249&lang=fr\"},\"wordCount\":367,\"commentCount\":0,\"publisher\":{\"@id\":\"https:\\\/\\\/lequotidien.mr\\\/#organization\"},\"image\":{\"@id\":\"https:\\\/\\\/lequotidien.mr\\\/?p=2249&lang=fr#primaryimage\"},\"thumbnailUrl\":\"https:\\\/\\\/lequotidien.mr\\\/wp-content\\\/uploads\\\/2022\\\/12\\\/ministre_agri_24_12_2022_2.jpg\",\"articleSection\":[\"ACTUALIT\u00c9\",\"Economie\"],\"inLanguage\":\"ar\",\"potentialAction\":[{\"@type\":\"CommentAction\",\"name\":\"Comment\",\"target\":[\"https:\\\/\\\/lequotidien.mr\\\/?p=2249&lang=fr#respond\"]}]},{\"@type\":\"WebPage\",\"@id\":\"https:\\\/\\\/lequotidien.mr\\\/?p=2249&lang=fr\",\"url\":\"https:\\\/\\\/lequotidien.mr\\\/?p=2249&lang=fr\",\"name\":\"Le ministre de l\u2019Agriculture : \u00ab Les puits art\u00e9siens seront orient\u00e9s pour fournir de l\u2019eau potable aux habitants de Tichitt \u00bb - Le Quotidien de Nouakchott\",\"isPartOf\":{\"@id\":\"https:\\\/\\\/lequotidien.mr\\\/#website\"},\"primaryImageOfPage\":{\"@id\":\"https:\\\/\\\/lequotidien.mr\\\/?p=2249&lang=fr#primaryimage\"},\"image\":{\"@id\":\"https:\\\/\\\/lequotidien.mr\\\/?p=2249&lang=fr#primaryimage\"},\"thumbnailUrl\":\"https:\\\/\\\/lequotidien.mr\\\/wp-content\\\/uploads\\\/2022\\\/12\\\/ministre_agri_24_12_2022_2.jpg\",\"datePublished\":\"2022-12-24T16:35:06+00:00\",\"breadcrumb\":{\"@id\":\"https:\\\/\\\/lequotidien.mr\\\/?p=2249&lang=fr#breadcrumb\"},\"inLanguage\":\"ar\",\"potentialAction\":[{\"@type\":\"ReadAction\",\"target\":[\"https:\\\/\\\/lequotidien.mr\\\/?p=2249&lang=fr\"]}]},{\"@type\":\"ImageObject\",\"inLanguage\":\"ar\",\"@id\":\"https:\\\/\\\/lequotidien.mr\\\/?p=2249&lang=fr#primaryimage\",\"url\":\"https:\\\/\\\/lequotidien.mr\\\/wp-content\\\/uploads\\\/2022\\\/12\\\/ministre_agri_24_12_2022_2.jpg\",\"contentUrl\":\"https:\\\/\\\/lequotidien.mr\\\/wp-content\\\/uploads\\\/2022\\\/12\\\/ministre_agri_24_12_2022_2.jpg\",\"width\":1088,\"height\":626},{\"@type\":\"BreadcrumbList\",\"@id\":\"https:\\\/\\\/lequotidien.mr\\\/?p=2249&lang=fr#breadcrumb\",\"itemListElement\":[{\"@type\":\"ListItem\",\"position\":1,\"name\":\"Home\",\"item\":\"https:\\\/\\\/lequotidien.mr\\\/\"},{\"@type\":\"ListItem\",\"position\":2,\"name\":\"Le ministre de l\u2019Agriculture : \u00ab Les puits art\u00e9siens seront orient\u00e9s pour fournir de l\u2019eau potable aux habitants de Tichitt \u00bb\"}]},{\"@type\":\"WebSite\",\"@id\":\"https:\\\/\\\/lequotidien.mr\\\/#website\",\"url\":\"https:\\\/\\\/lequotidien.mr\\\/\",\"name\":\"Le Quotidien de Nouakchott\",\"description\":\"\u0625\u062e\u0628\u0627\u0631\u064a\u0629 \u0645\u0633\u062a\u0642\u0644\u0629 \u0644\u0644\u0623\u0646\u0628\u0627\u0621 \u0627\u0644\u0639\u0627\u0645\u0629\",\"publisher\":{\"@id\":\"https:\\\/\\\/lequotidien.mr\\\/#organization\"},\"potentialAction\":[{\"@type\":\"SearchAction\",\"target\":{\"@type\":\"EntryPoint\",\"urlTemplate\":\"https:\\\/\\\/lequotidien.mr\\\/?s={search_term_string}\"},\"query-input\":{\"@type\":\"PropertyValueSpecification\",\"valueRequired\":true,\"valueName\":\"search_term_string\"}}],\"inLanguage\":\"ar\"},{\"@type\":\"Organization\",\"@id\":\"https:\\\/\\\/lequotidien.mr\\\/#organization\",\"name\":\"Le Quotidien de Nouakchott\",\"url\":\"https:\\\/\\\/lequotidien.mr\\\/\",\"logo\":{\"@type\":\"ImageObject\",\"inLanguage\":\"ar\",\"@id\":\"https:\\\/\\\/lequotidien.mr\\\/#\\\/schema\\\/logo\\\/image\\\/\",\"url\":\"https:\\\/\\\/lequotidien.mr\\\/wp-content\\\/uploads\\\/2022\\\/11\\\/logolequotidien.jpg\",\"contentUrl\":\"https:\\\/\\\/lequotidien.mr\\\/wp-content\\\/uploads\\\/2022\\\/11\\\/logolequotidien.jpg\",\"width\":290,\"height\":65,\"caption\":\"Le Quotidien de Nouakchott\"},\"image\":{\"@id\":\"https:\\\/\\\/lequotidien.mr\\\/#\\\/schema\\\/logo\\\/image\\\/\"},\"sameAs\":[\"https:\\\/\\\/web.facebook.com\\\/lequotidienmr\",\"https:\\\/\\\/x.com\\\/lequotidienmr\"]},{\"@type\":\"Person\",\"@id\":\"https:\\\/\\\/lequotidien.mr\\\/#\\\/schema\\\/person\\\/1077c8abd5640a6514b909318d271dee\",\"name\":\"Gayi Diawara\",\"image\":{\"@type\":\"ImageObject\",\"inLanguage\":\"ar\",\"@id\":\"https:\\\/\\\/secure.gravatar.com\\\/avatar\\\/63ea8db1e19a6d2d608b24c0f78b5f3a7d6e0bc11959fec273410af333e4d0ac?s=96&d=mm&r=g\",\"url\":\"https:\\\/\\\/secure.gravatar.com\\\/avatar\\\/63ea8db1e19a6d2d608b24c0f78b5f3a7d6e0bc11959fec273410af333e4d0ac?s=96&d=mm&r=g\",\"contentUrl\":\"https:\\\/\\\/secure.gravatar.com\\\/avatar\\\/63ea8db1e19a6d2d608b24c0f78b5f3a7d6e0bc11959fec273410af333e4d0ac?s=96&d=mm&r=g\",\"caption\":\"Gayi Diawara\"},\"sameAs\":[\"http:\\\/\\\/lequotidien.mr\"],\"url\":\"https:\\\/\\\/lequotidien.mr\\\/?author=5\"}]}<\/script>\n<!-- \/ Yoast SEO plugin. -->","yoast_head_json":{"title":"Le ministre de l\u2019Agriculture : \u00ab Les puits art\u00e9siens seront orient\u00e9s pour fournir de l\u2019eau potable aux habitants de Tichitt \u00bb - Le Quotidien de Nouakchott","robots":{"index":"index","follow":"follow","max-snippet":"max-snippet:-1","max-image-preview":"max-image-preview:large","max-video-preview":"max-video-preview:-1"},"canonical":"https:\/\/lequotidien.mr\/?p=2249&lang=fr","og_locale":"ar_AR","og_type":"article","og_title":"Le ministre de l\u2019Agriculture : \u00ab Les puits art\u00e9siens seront orient\u00e9s pour fournir de l\u2019eau potable aux habitants de Tichitt \u00bb - Le Quotidien de Nouakchott","og_description":"AMI &#8211; Le ministre de l\u2019Agriculture, M. Yahya Ould Ahmed El Waqf, a indiqu\u00e9 que les puits art\u00e9siens qui \u00e9taient destin\u00e9s \u00e0 irriguer les palmeraies seront orient\u00e9s pour fournir de l\u2019eau potable aux habitants de Tichit, en r\u00e9ponse aux demandes urgentes des citoyens de la ville, sachant que ces installations ont \u00e9t\u00e9 mises en place.....","og_url":"https:\/\/lequotidien.mr\/?p=2249&lang=fr","og_site_name":"Le Quotidien de Nouakchott","article_publisher":"https:\/\/web.facebook.com\/lequotidienmr","article_published_time":"2022-12-24T16:35:06+00:00","og_image":[{"width":1088,"height":626,"url":"https:\/\/lequotidien.mr\/wp-content\/uploads\/2022\/12\/ministre_agri_24_12_2022_2.jpg","type":"image\/jpeg"}],"author":"Gayi Diawara","twitter_card":"summary_large_image","twitter_creator":"@lequotidienmr","twitter_site":"@lequotidienmr","twitter_misc":{"\u0643\u064f\u062a\u0628 \u0628\u0648\u0627\u0633\u0637\u0629":"Gayi Diawara","\u0648\u0642\u062a \u0627\u0644\u0642\u0631\u0627\u0621\u0629 \u0627\u0644\u0645\u064f\u0642\u062f\u0651\u0631":"\u062f\u0642\u064a\u0642\u062a\u0627\u0646"},"schema":{"@context":"https:\/\/schema.org","@graph":[{"@type":"Article","@id":"https:\/\/lequotidien.mr\/?p=2249&lang=fr#article","isPartOf":{"@id":"https:\/\/lequotidien.mr\/?p=2249&lang=fr"},"author":{"name":"Gayi Diawara","@id":"https:\/\/lequotidien.mr\/#\/schema\/person\/1077c8abd5640a6514b909318d271dee"},"headline":"Le ministre de l\u2019Agriculture : \u00ab Les puits art\u00e9siens seront orient\u00e9s pour fournir de l\u2019eau potable aux habitants de Tichitt \u00bb","datePublished":"2022-12-24T16:35:06+00:00","mainEntityOfPage":{"@id":"https:\/\/lequotidien.mr\/?p=2249&lang=fr"},"wordCount":367,"commentCount":0,"publisher":{"@id":"https:\/\/lequotidien.mr\/#organization"},"image":{"@id":"https:\/\/lequotidien.mr\/?p=2249&lang=fr#primaryimage"},"thumbnailUrl":"https:\/\/lequotidien.mr\/wp-content\/uploads\/2022\/12\/ministre_agri_24_12_2022_2.jpg","articleSection":["ACTUALIT\u00c9","Economie"],"inLanguage":"ar","potentialAction":[{"@type":"CommentAction","name":"Comment","target":["https:\/\/lequotidien.mr\/?p=2249&lang=fr#respond"]}]},{"@type":"WebPage","@id":"https:\/\/lequotidien.mr\/?p=2249&lang=fr","url":"https:\/\/lequotidien.mr\/?p=2249&lang=fr","name":"Le ministre de l\u2019Agriculture : \u00ab Les puits art\u00e9siens seront orient\u00e9s pour fournir de l\u2019eau potable aux habitants de Tichitt \u00bb - Le Quotidien de Nouakchott","isPartOf":{"@id":"https:\/\/lequotidien.mr\/#website"},"primaryImageOfPage":{"@id":"https:\/\/lequotidien.mr\/?p=2249&lang=fr#primaryimage"},"image":{"@id":"https:\/\/lequotidien.mr\/?p=2249&lang=fr#primaryimage"},"thumbnailUrl":"https:\/\/lequotidien.mr\/wp-content\/uploads\/2022\/12\/ministre_agri_24_12_2022_2.jpg","datePublished":"2022-12-24T16:35:06+00:00","breadcrumb":{"@id":"https:\/\/lequotidien.mr\/?p=2249&lang=fr#breadcrumb"},"inLanguage":"ar","potentialAction":[{"@type":"ReadAction","target":["https:\/\/lequotidien.mr\/?p=2249&lang=fr"]}]},{"@type":"ImageObject","inLanguage":"ar","@id":"https:\/\/lequotidien.mr\/?p=2249&lang=fr#primaryimage","url":"https:\/\/lequotidien.mr\/wp-content\/uploads\/2022\/12\/ministre_agri_24_12_2022_2.jpg","contentUrl":"https:\/\/lequotidien.mr\/wp-content\/uploads\/2022\/12\/ministre_agri_24_12_2022_2.jpg","width":1088,"height":626},{"@type":"BreadcrumbList","@id":"https:\/\/lequotidien.mr\/?p=2249&lang=fr#breadcrumb","itemListElement":[{"@type":"ListItem","position":1,"name":"Home","item":"https:\/\/lequotidien.mr\/"},{"@type":"ListItem","position":2,"name":"Le ministre de l\u2019Agriculture : \u00ab Les puits art\u00e9siens seront orient\u00e9s pour fournir de l\u2019eau potable aux habitants de Tichitt \u00bb"}]},{"@type":"WebSite","@id":"https:\/\/lequotidien.mr\/#website","url":"https:\/\/lequotidien.mr\/","name":"Le Quotidien de Nouakchott","description":"\u0625\u062e\u0628\u0627\u0631\u064a\u0629 \u0645\u0633\u062a\u0642\u0644\u0629 \u0644\u0644\u0623\u0646\u0628\u0627\u0621 \u0627\u0644\u0639\u0627\u0645\u0629","publisher":{"@id":"https:\/\/lequotidien.mr\/#organization"},"potentialAction":[{"@type":"SearchAction","target":{"@type":"EntryPoint","urlTemplate":"https:\/\/lequotidien.mr\/?s={search_term_string}"},"query-input":{"@type":"PropertyValueSpecification","valueRequired":true,"valueName":"search_term_string"}}],"inLanguage":"ar"},{"@type":"Organization","@id":"https:\/\/lequotidien.mr\/#organization","name":"Le Quotidien de Nouakchott","url":"https:\/\/lequotidien.mr\/","logo":{"@type":"ImageObject","inLanguage":"ar","@id":"https:\/\/lequotidien.mr\/#\/schema\/logo\/image\/","url":"https:\/\/lequotidien.mr\/wp-content\/uploads\/2022\/11\/logolequotidien.jpg","contentUrl":"https:\/\/lequotidien.mr\/wp-content\/uploads\/2022\/11\/logolequotidien.jpg","width":290,"height":65,"caption":"Le Quotidien de Nouakchott"},"image":{"@id":"https:\/\/lequotidien.mr\/#\/schema\/logo\/image\/"},"sameAs":["https:\/\/web.facebook.com\/lequotidienmr","https:\/\/x.com\/lequotidienmr"]},{"@type":"Person","@id":"https:\/\/lequotidien.mr\/#\/schema\/person\/1077c8abd5640a6514b909318d271dee","name":"Gayi Diawara","image":{"@type":"ImageObject","inLanguage":"ar","@id":"https:\/\/secure.gravatar.com\/avatar\/63ea8db1e19a6d2d608b24c0f78b5f3a7d6e0bc11959fec273410af333e4d0ac?s=96&d=mm&r=g","url":"https:\/\/secure.gravatar.com\/avatar\/63ea8db1e19a6d2d608b24c0f78b5f3a7d6e0bc11959fec273410af333e4d0ac?s=96&d=mm&r=g","contentUrl":"https:\/\/secure.gravatar.com\/avatar\/63ea8db1e19a6d2d608b24c0f78b5f3a7d6e0bc11959fec273410af333e4d0ac?s=96&d=mm&r=g","caption":"Gayi Diawara"},"sameAs":["http:\/\/lequotidien.mr"],"url":"https:\/\/lequotidien.mr\/?author=5"}]}},"_links":{"self":[{"href":"https:\/\/lequotidien.mr\/index.php?rest_route=\/wp\/v2\/posts\/2249","targetHints":{"allow":["GET"]}}],"collection":[{"href":"https:\/\/lequotidien.mr\/index.php?rest_route=\/wp\/v2\/posts"}],"about":[{"href":"https:\/\/lequotidien.mr\/index.php?rest_route=\/wp\/v2\/types\/post"}],"author":[{"embeddable":true,"href":"https:\/\/lequotidien.mr\/index.php?rest_route=\/wp\/v2\/users\/5"}],"replies":[{"embeddable":true,"href":"https:\/\/lequotidien.mr\/index.php?rest_route=%2Fwp%2Fv2%2Fcomments&post=2249"}],"version-history":[{"count":1,"href":"https:\/\/lequotidien.mr\/index.php?rest_route=\/wp\/v2\/posts\/2249\/revisions"}],"predecessor-version":[{"id":2251,"href":"https:\/\/lequotidien.mr\/index.php?rest_route=\/wp\/v2\/posts\/2249\/revisions\/2251"}],"wp:featuredmedia":[{"embeddable":true,"href":"https:\/\/lequotidien.mr\/index.php?rest_route=\/wp\/v2\/media\/2250"}],"wp:attachment":[{"href":"https:\/\/lequotidien.mr\/index.php?rest_route=%2Fwp%2Fv2%2Fmedia&parent=2249"}],"wp:term":[{"taxonomy":"category","embeddable":true,"href":"https:\/\/lequotidien.mr\/index.php?rest_route=%2Fwp%2Fv2%2Fcategories&post=2249"},{"taxonomy":"post_tag","embeddable":true,"href":"https:\/\/lequotidien.mr\/index.php?rest_route=%2Fwp%2Fv2%2Ftags&post=2249"}],"curies":[{"name":"wp","href":"https:\/\/api.w.org\/{rel}","templated":true}]}}