{"id":22486,"date":"2024-11-02T12:59:05","date_gmt":"2024-11-02T12:59:05","guid":{"rendered":"https:\/\/lequotidien.mr\/?p=22486"},"modified":"2024-11-02T12:59:05","modified_gmt":"2024-11-02T12:59:05","slug":"la-mauritanie-accueille-le-forum-nouakchott10-un-nouveau-cap-pour-lelevage-et-le-pastoralisme-au-sahel-et-en-afrique-de-louest","status":"publish","type":"post","link":"https:\/\/lequotidien.mr\/?p=22486&lang=fr","title":{"rendered":"La Mauritanie accueille le Forum Nouakchott+10 : Un nouveau cap pour l\u2019\u00e9levage et le pastoralisme au Sahel et en Afrique de l\u2019Ouest"},"content":{"rendered":"<p>La R\u00e9publique Islamique de Mauritanie accueillera, du 6 au 8 novembre 2024, un Forum de haut niveau sur le pastoralisme au Sahel et en Afrique de l\u2019Ouest. Cet \u00e9v\u00e9nement, plac\u00e9 sous le th\u00e8me \u00ab Nouakchott@10, une d\u00e9cennie d\u2019actions au profit des communaut\u00e9s pastorales et agropastorales : bilan et trajectoires futures \u00bb, marquera le dixi\u00e8me anniversaire des D\u00e9clarations de Ndjamena et de Nouakchott, lesquelles visaient \u00e0 renforcer la s\u00e9curit\u00e9 des moyens de subsistance des communaut\u00e9s pastorales de la r\u00e9gion.<\/p>\n<p>Organis\u00e9 par le Comit\u00e9 permanent Inter-\u00c9tats de Lutte contre la S\u00e9cheresse dans le Sahel (CILSS), en partenariat avec le gouvernement mauritanien et le Groupe de la Banque mondiale, le Forum se tiendra au Palais des Congr\u00e8s de Nouakchott. Cet \u00e9v\u00e9nement rassemblera des ministres sectoriels des pays d\u2019Afrique de l\u2019Ouest, des partenaires de d\u00e9veloppement, des institutions r\u00e9gionales et internationales, ainsi que des repr\u00e9sentants d\u2019organisations pastorales, agropastorales et du secteur priv\u00e9. Ensemble, ces participants dresseront un \u00e9tat des lieux des initiatives et investissements sans pr\u00e9c\u00e9dent mis en place au cours de la derni\u00e8re d\u00e9cennie en faveur du pastoralisme et de l\u2019\u00e9levage.<\/p>\n<p>Parmi les objectifs de ce forum figure l\u2019analyse des succ\u00e8s r\u00e9alis\u00e9s dans la sous-r\u00e9gion, ainsi que la d\u00e9finition des d\u00e9fis critiques auxquels le secteur doit encore faire face. Les discussions porteront notamment sur l\u2019impact du changement climatique, la d\u00e9gradation des ressources naturelles et les questions de s\u00e9curit\u00e9. Les participants traceront \u00e9galement une feuille de route pour les actions futures n\u00e9cessaires au renforcement de ce secteur strat\u00e9gique, crucial pour les \u00e9conomies locales et les moyens de subsistance de millions de personnes au Sahel et en Afrique de l\u2019Ouest.<\/p>\n<p>Informations pratiques :<\/p>\n<p>&#8211; \u00a0Th\u00e8me \u00a0: \u00a0\u00ab Nouakchott@10, une d\u00e9cennie d\u2019actions au profit des communaut\u00e9s pastorales et agropastorales : bilan et trajectoires futures \u00bb*<\/p>\n<p>&#8211; \u00a0Dates \u00a0: du 6 au 8 novembre 2024<\/p>\n<p>&#8211; \u00a0Lieu \u00a0: Palais des Congr\u00e8s de Nouakchott, Mauritanie<\/p>\n<p>&#8211; \u00a0Participants \u00a0: Ministres sectoriels des pays d\u2019Afrique de l\u2019Ouest, partenaires de d\u00e9veloppement, institutions r\u00e9gionales et internationales, organisations pastorales et agropastorales de la sous-r\u00e9gion, repr\u00e9sentants du secteur priv\u00e9<\/p>\n<p>En r\u00e9unissant des d\u00e9cideurs, experts et acteurs de terrain, ce Forum de Nouakchott+10 constitue une occasion unique pour \u00e9changer sur les avanc\u00e9es r\u00e9alis\u00e9es et \u00e9laborer des strat\u00e9gies solides pour le d\u00e9veloppement du pastoralisme au b\u00e9n\u00e9fice des communaut\u00e9s de la sous-r\u00e9gion, tout en s\u2019adaptant aux nombreux d\u00e9fis contemporains.<\/p>\n<p>&nbsp;<\/p>\n","protected":false},"excerpt":{"rendered":"<p>La R\u00e9publique Islamique de Mauritanie accueillera, du 6 au 8 novembre 2024, un Forum de haut niveau sur le pastoralisme au Sahel et en Afrique de l\u2019Ouest. Cet \u00e9v\u00e9nement, plac\u00e9 sous le th\u00e8me \u00ab Nouakchott@10, une d\u00e9cennie d\u2019actions au profit des communaut\u00e9s pastorales et agropastorales : bilan et trajectoires futures \u00bb, marquera le dixi\u00e8me anniversaire&#8230;..<\/p>\n","protected":false},"author":4,"featured_media":22487,"comment_status":"open","ping_status":"open","sticky":false,"template":"","format":"standard","meta":{"footnotes":""},"categories":[23,49],"tags":[],"class_list":["post-22486","post","type-post","status-publish","format-standard","has-post-thumbnail","hentry","category-actualite","category-economie"],"yoast_head":"<!-- This site is optimized with the Yoast SEO plugin v27.5 - https:\/\/yoast.com\/product\/yoast-seo-wordpress\/ -->\n<title>La Mauritanie accueille le Forum Nouakchott+10 : Un nouveau cap pour l\u2019\u00e9levage et le pastoralisme au Sahel et en Afrique de l\u2019Ouest - Le Quotidien de Nouakchott<\/title>\n<meta name=\"robots\" content=\"index, follow, max-snippet:-1, max-image-preview:large, max-video-preview:-1\" \/>\n<link rel=\"canonical\" href=\"https:\/\/lequotidien.mr\/?p=22486&lang=fr\" \/>\n<meta property=\"og:locale\" content=\"ar_AR\" \/>\n<meta property=\"og:type\" content=\"article\" \/>\n<meta property=\"og:title\" content=\"La Mauritanie accueille le Forum Nouakchott+10 : Un nouveau cap pour l\u2019\u00e9levage et le pastoralisme au Sahel et en Afrique de l\u2019Ouest - Le Quotidien de Nouakchott\" \/>\n<meta property=\"og:description\" content=\"La R\u00e9publique Islamique de Mauritanie accueillera, du 6 au 8 novembre 2024, un Forum de haut niveau sur le pastoralisme au Sahel et en Afrique de l\u2019Ouest. Cet \u00e9v\u00e9nement, plac\u00e9 sous le th\u00e8me \u00ab Nouakchott@10, une d\u00e9cennie d\u2019actions au profit des communaut\u00e9s pastorales et agropastorales : bilan et trajectoires futures \u00bb, marquera le dixi\u00e8me anniversaire.....\" \/>\n<meta property=\"og:url\" content=\"https:\/\/lequotidien.mr\/?p=22486&amp;lang=fr\" \/>\n<meta property=\"og:site_name\" content=\"Le Quotidien de Nouakchott\" \/>\n<meta property=\"article:publisher\" content=\"https:\/\/web.facebook.com\/lequotidienmr\" \/>\n<meta property=\"article:published_time\" content=\"2024-11-02T12:59:05+00:00\" \/>\n<meta property=\"og:image\" content=\"https:\/\/lequotidien.mr\/wp-content\/uploads\/2024\/11\/nkt_acc_forum_pasto.jpeg\" \/>\n\t<meta property=\"og:image:width\" content=\"574\" \/>\n\t<meta property=\"og:image:height\" content=\"328\" \/>\n\t<meta property=\"og:image:type\" content=\"image\/jpeg\" \/>\n<meta name=\"author\" content=\"Le Quotidien\" \/>\n<meta name=\"twitter:card\" content=\"summary_large_image\" \/>\n<meta name=\"twitter:creator\" content=\"@lequotidienmr\" \/>\n<meta name=\"twitter:site\" content=\"@lequotidienmr\" \/>\n<meta name=\"twitter:label1\" content=\"\u0643\u064f\u062a\u0628 \u0628\u0648\u0627\u0633\u0637\u0629\" \/>\n\t<meta name=\"twitter:data1\" content=\"Le Quotidien\" \/>\n\t<meta name=\"twitter:label2\" content=\"\u0648\u0642\u062a \u0627\u0644\u0642\u0631\u0627\u0621\u0629 \u0627\u0644\u0645\u064f\u0642\u062f\u0651\u0631\" \/>\n\t<meta name=\"twitter:data2\" content=\"\u062f\u0642\u064a\u0642\u062a\u0627\u0646\" \/>\n<script type=\"application\/ld+json\" class=\"yoast-schema-graph\">{\"@context\":\"https:\\\/\\\/schema.org\",\"@graph\":[{\"@type\":\"Article\",\"@id\":\"https:\\\/\\\/lequotidien.mr\\\/?p=22486&lang=fr#article\",\"isPartOf\":{\"@id\":\"https:\\\/\\\/lequotidien.mr\\\/?p=22486&lang=fr\"},\"author\":{\"name\":\"Le Quotidien\",\"@id\":\"https:\\\/\\\/lequotidien.mr\\\/#\\\/schema\\\/person\\\/f90fcdaa970c60288de4ed2e64a56472\"},\"headline\":\"La Mauritanie accueille le Forum Nouakchott+10 : Un nouveau cap pour l\u2019\u00e9levage et le pastoralisme au Sahel et en Afrique de l\u2019Ouest\",\"datePublished\":\"2024-11-02T12:59:05+00:00\",\"mainEntityOfPage\":{\"@id\":\"https:\\\/\\\/lequotidien.mr\\\/?p=22486&lang=fr\"},\"wordCount\":451,\"commentCount\":0,\"publisher\":{\"@id\":\"https:\\\/\\\/lequotidien.mr\\\/#organization\"},\"image\":{\"@id\":\"https:\\\/\\\/lequotidien.mr\\\/?p=22486&lang=fr#primaryimage\"},\"thumbnailUrl\":\"https:\\\/\\\/lequotidien.mr\\\/wp-content\\\/uploads\\\/2024\\\/11\\\/nkt_acc_forum_pasto.jpeg\",\"articleSection\":[\"ACTUALIT\u00c9\",\"Economie\"],\"inLanguage\":\"ar\",\"potentialAction\":[{\"@type\":\"CommentAction\",\"name\":\"Comment\",\"target\":[\"https:\\\/\\\/lequotidien.mr\\\/?p=22486&lang=fr#respond\"]}]},{\"@type\":\"WebPage\",\"@id\":\"https:\\\/\\\/lequotidien.mr\\\/?p=22486&lang=fr\",\"url\":\"https:\\\/\\\/lequotidien.mr\\\/?p=22486&lang=fr\",\"name\":\"La Mauritanie accueille le Forum Nouakchott+10 : Un nouveau cap pour l\u2019\u00e9levage et le pastoralisme au Sahel et en Afrique de l\u2019Ouest - Le Quotidien de Nouakchott\",\"isPartOf\":{\"@id\":\"https:\\\/\\\/lequotidien.mr\\\/#website\"},\"primaryImageOfPage\":{\"@id\":\"https:\\\/\\\/lequotidien.mr\\\/?p=22486&lang=fr#primaryimage\"},\"image\":{\"@id\":\"https:\\\/\\\/lequotidien.mr\\\/?p=22486&lang=fr#primaryimage\"},\"thumbnailUrl\":\"https:\\\/\\\/lequotidien.mr\\\/wp-content\\\/uploads\\\/2024\\\/11\\\/nkt_acc_forum_pasto.jpeg\",\"datePublished\":\"2024-11-02T12:59:05+00:00\",\"breadcrumb\":{\"@id\":\"https:\\\/\\\/lequotidien.mr\\\/?p=22486&lang=fr#breadcrumb\"},\"inLanguage\":\"ar\",\"potentialAction\":[{\"@type\":\"ReadAction\",\"target\":[\"https:\\\/\\\/lequotidien.mr\\\/?p=22486&lang=fr\"]}]},{\"@type\":\"ImageObject\",\"inLanguage\":\"ar\",\"@id\":\"https:\\\/\\\/lequotidien.mr\\\/?p=22486&lang=fr#primaryimage\",\"url\":\"https:\\\/\\\/lequotidien.mr\\\/wp-content\\\/uploads\\\/2024\\\/11\\\/nkt_acc_forum_pasto.jpeg\",\"contentUrl\":\"https:\\\/\\\/lequotidien.mr\\\/wp-content\\\/uploads\\\/2024\\\/11\\\/nkt_acc_forum_pasto.jpeg\",\"width\":574,\"height\":328},{\"@type\":\"BreadcrumbList\",\"@id\":\"https:\\\/\\\/lequotidien.mr\\\/?p=22486&lang=fr#breadcrumb\",\"itemListElement\":[{\"@type\":\"ListItem\",\"position\":1,\"name\":\"Home\",\"item\":\"https:\\\/\\\/lequotidien.mr\\\/\"},{\"@type\":\"ListItem\",\"position\":2,\"name\":\"La Mauritanie accueille le Forum Nouakchott+10 : Un nouveau cap pour l\u2019\u00e9levage et le pastoralisme au Sahel et en Afrique de l\u2019Ouest\"}]},{\"@type\":\"WebSite\",\"@id\":\"https:\\\/\\\/lequotidien.mr\\\/#website\",\"url\":\"https:\\\/\\\/lequotidien.mr\\\/\",\"name\":\"Le Quotidien de Nouakchott\",\"description\":\"\u0625\u062e\u0628\u0627\u0631\u064a\u0629 \u0645\u0633\u062a\u0642\u0644\u0629 \u0644\u0644\u0623\u0646\u0628\u0627\u0621 \u0627\u0644\u0639\u0627\u0645\u0629\",\"publisher\":{\"@id\":\"https:\\\/\\\/lequotidien.mr\\\/#organization\"},\"potentialAction\":[{\"@type\":\"SearchAction\",\"target\":{\"@type\":\"EntryPoint\",\"urlTemplate\":\"https:\\\/\\\/lequotidien.mr\\\/?s={search_term_string}\"},\"query-input\":{\"@type\":\"PropertyValueSpecification\",\"valueRequired\":true,\"valueName\":\"search_term_string\"}}],\"inLanguage\":\"ar\"},{\"@type\":\"Organization\",\"@id\":\"https:\\\/\\\/lequotidien.mr\\\/#organization\",\"name\":\"Le Quotidien de Nouakchott\",\"url\":\"https:\\\/\\\/lequotidien.mr\\\/\",\"logo\":{\"@type\":\"ImageObject\",\"inLanguage\":\"ar\",\"@id\":\"https:\\\/\\\/lequotidien.mr\\\/#\\\/schema\\\/logo\\\/image\\\/\",\"url\":\"https:\\\/\\\/lequotidien.mr\\\/wp-content\\\/uploads\\\/2022\\\/11\\\/logolequotidien.jpg\",\"contentUrl\":\"https:\\\/\\\/lequotidien.mr\\\/wp-content\\\/uploads\\\/2022\\\/11\\\/logolequotidien.jpg\",\"width\":290,\"height\":65,\"caption\":\"Le Quotidien de Nouakchott\"},\"image\":{\"@id\":\"https:\\\/\\\/lequotidien.mr\\\/#\\\/schema\\\/logo\\\/image\\\/\"},\"sameAs\":[\"https:\\\/\\\/web.facebook.com\\\/lequotidienmr\",\"https:\\\/\\\/x.com\\\/lequotidienmr\"]},{\"@type\":\"Person\",\"@id\":\"https:\\\/\\\/lequotidien.mr\\\/#\\\/schema\\\/person\\\/f90fcdaa970c60288de4ed2e64a56472\",\"name\":\"Le Quotidien\",\"image\":{\"@type\":\"ImageObject\",\"inLanguage\":\"ar\",\"@id\":\"https:\\\/\\\/secure.gravatar.com\\\/avatar\\\/374cb39a1a458a912465a93e5a3ce6546886fc3da809a1f10c63e4e8fcbca30f?s=96&d=mm&r=g\",\"url\":\"https:\\\/\\\/secure.gravatar.com\\\/avatar\\\/374cb39a1a458a912465a93e5a3ce6546886fc3da809a1f10c63e4e8fcbca30f?s=96&d=mm&r=g\",\"contentUrl\":\"https:\\\/\\\/secure.gravatar.com\\\/avatar\\\/374cb39a1a458a912465a93e5a3ce6546886fc3da809a1f10c63e4e8fcbca30f?s=96&d=mm&r=g\",\"caption\":\"Le Quotidien\"},\"sameAs\":[\"https:\\\/\\\/lequotidien.mr\\\/\"],\"url\":\"https:\\\/\\\/lequotidien.mr\\\/?author=4\"}]}<\/script>\n<!-- \/ Yoast SEO plugin. -->","yoast_head_json":{"title":"La Mauritanie accueille le Forum Nouakchott+10 : Un nouveau cap pour l\u2019\u00e9levage et le pastoralisme au Sahel et en Afrique de l\u2019Ouest - Le Quotidien de Nouakchott","robots":{"index":"index","follow":"follow","max-snippet":"max-snippet:-1","max-image-preview":"max-image-preview:large","max-video-preview":"max-video-preview:-1"},"canonical":"https:\/\/lequotidien.mr\/?p=22486&lang=fr","og_locale":"ar_AR","og_type":"article","og_title":"La Mauritanie accueille le Forum Nouakchott+10 : Un nouveau cap pour l\u2019\u00e9levage et le pastoralisme au Sahel et en Afrique de l\u2019Ouest - Le Quotidien de Nouakchott","og_description":"La R\u00e9publique Islamique de Mauritanie accueillera, du 6 au 8 novembre 2024, un Forum de haut niveau sur le pastoralisme au Sahel et en Afrique de l\u2019Ouest. Cet \u00e9v\u00e9nement, plac\u00e9 sous le th\u00e8me \u00ab Nouakchott@10, une d\u00e9cennie d\u2019actions au profit des communaut\u00e9s pastorales et agropastorales : bilan et trajectoires futures \u00bb, marquera le dixi\u00e8me anniversaire.....","og_url":"https:\/\/lequotidien.mr\/?p=22486&lang=fr","og_site_name":"Le Quotidien de Nouakchott","article_publisher":"https:\/\/web.facebook.com\/lequotidienmr","article_published_time":"2024-11-02T12:59:05+00:00","og_image":[{"width":574,"height":328,"url":"https:\/\/lequotidien.mr\/wp-content\/uploads\/2024\/11\/nkt_acc_forum_pasto.jpeg","type":"image\/jpeg"}],"author":"Le Quotidien","twitter_card":"summary_large_image","twitter_creator":"@lequotidienmr","twitter_site":"@lequotidienmr","twitter_misc":{"\u0643\u064f\u062a\u0628 \u0628\u0648\u0627\u0633\u0637\u0629":"Le Quotidien","\u0648\u0642\u062a \u0627\u0644\u0642\u0631\u0627\u0621\u0629 \u0627\u0644\u0645\u064f\u0642\u062f\u0651\u0631":"\u062f\u0642\u064a\u0642\u062a\u0627\u0646"},"schema":{"@context":"https:\/\/schema.org","@graph":[{"@type":"Article","@id":"https:\/\/lequotidien.mr\/?p=22486&lang=fr#article","isPartOf":{"@id":"https:\/\/lequotidien.mr\/?p=22486&lang=fr"},"author":{"name":"Le Quotidien","@id":"https:\/\/lequotidien.mr\/#\/schema\/person\/f90fcdaa970c60288de4ed2e64a56472"},"headline":"La Mauritanie accueille le Forum Nouakchott+10 : Un nouveau cap pour l\u2019\u00e9levage et le pastoralisme au Sahel et en Afrique de l\u2019Ouest","datePublished":"2024-11-02T12:59:05+00:00","mainEntityOfPage":{"@id":"https:\/\/lequotidien.mr\/?p=22486&lang=fr"},"wordCount":451,"commentCount":0,"publisher":{"@id":"https:\/\/lequotidien.mr\/#organization"},"image":{"@id":"https:\/\/lequotidien.mr\/?p=22486&lang=fr#primaryimage"},"thumbnailUrl":"https:\/\/lequotidien.mr\/wp-content\/uploads\/2024\/11\/nkt_acc_forum_pasto.jpeg","articleSection":["ACTUALIT\u00c9","Economie"],"inLanguage":"ar","potentialAction":[{"@type":"CommentAction","name":"Comment","target":["https:\/\/lequotidien.mr\/?p=22486&lang=fr#respond"]}]},{"@type":"WebPage","@id":"https:\/\/lequotidien.mr\/?p=22486&lang=fr","url":"https:\/\/lequotidien.mr\/?p=22486&lang=fr","name":"La Mauritanie accueille le Forum Nouakchott+10 : Un nouveau cap pour l\u2019\u00e9levage et le pastoralisme au Sahel et en Afrique de l\u2019Ouest - Le Quotidien de Nouakchott","isPartOf":{"@id":"https:\/\/lequotidien.mr\/#website"},"primaryImageOfPage":{"@id":"https:\/\/lequotidien.mr\/?p=22486&lang=fr#primaryimage"},"image":{"@id":"https:\/\/lequotidien.mr\/?p=22486&lang=fr#primaryimage"},"thumbnailUrl":"https:\/\/lequotidien.mr\/wp-content\/uploads\/2024\/11\/nkt_acc_forum_pasto.jpeg","datePublished":"2024-11-02T12:59:05+00:00","breadcrumb":{"@id":"https:\/\/lequotidien.mr\/?p=22486&lang=fr#breadcrumb"},"inLanguage":"ar","potentialAction":[{"@type":"ReadAction","target":["https:\/\/lequotidien.mr\/?p=22486&lang=fr"]}]},{"@type":"ImageObject","inLanguage":"ar","@id":"https:\/\/lequotidien.mr\/?p=22486&lang=fr#primaryimage","url":"https:\/\/lequotidien.mr\/wp-content\/uploads\/2024\/11\/nkt_acc_forum_pasto.jpeg","contentUrl":"https:\/\/lequotidien.mr\/wp-content\/uploads\/2024\/11\/nkt_acc_forum_pasto.jpeg","width":574,"height":328},{"@type":"BreadcrumbList","@id":"https:\/\/lequotidien.mr\/?p=22486&lang=fr#breadcrumb","itemListElement":[{"@type":"ListItem","position":1,"name":"Home","item":"https:\/\/lequotidien.mr\/"},{"@type":"ListItem","position":2,"name":"La Mauritanie accueille le Forum Nouakchott+10 : Un nouveau cap pour l\u2019\u00e9levage et le pastoralisme au Sahel et en Afrique de l\u2019Ouest"}]},{"@type":"WebSite","@id":"https:\/\/lequotidien.mr\/#website","url":"https:\/\/lequotidien.mr\/","name":"Le Quotidien de Nouakchott","description":"\u0625\u062e\u0628\u0627\u0631\u064a\u0629 \u0645\u0633\u062a\u0642\u0644\u0629 \u0644\u0644\u0623\u0646\u0628\u0627\u0621 \u0627\u0644\u0639\u0627\u0645\u0629","publisher":{"@id":"https:\/\/lequotidien.mr\/#organization"},"potentialAction":[{"@type":"SearchAction","target":{"@type":"EntryPoint","urlTemplate":"https:\/\/lequotidien.mr\/?s={search_term_string}"},"query-input":{"@type":"PropertyValueSpecification","valueRequired":true,"valueName":"search_term_string"}}],"inLanguage":"ar"},{"@type":"Organization","@id":"https:\/\/lequotidien.mr\/#organization","name":"Le Quotidien de Nouakchott","url":"https:\/\/lequotidien.mr\/","logo":{"@type":"ImageObject","inLanguage":"ar","@id":"https:\/\/lequotidien.mr\/#\/schema\/logo\/image\/","url":"https:\/\/lequotidien.mr\/wp-content\/uploads\/2022\/11\/logolequotidien.jpg","contentUrl":"https:\/\/lequotidien.mr\/wp-content\/uploads\/2022\/11\/logolequotidien.jpg","width":290,"height":65,"caption":"Le Quotidien de Nouakchott"},"image":{"@id":"https:\/\/lequotidien.mr\/#\/schema\/logo\/image\/"},"sameAs":["https:\/\/web.facebook.com\/lequotidienmr","https:\/\/x.com\/lequotidienmr"]},{"@type":"Person","@id":"https:\/\/lequotidien.mr\/#\/schema\/person\/f90fcdaa970c60288de4ed2e64a56472","name":"Le Quotidien","image":{"@type":"ImageObject","inLanguage":"ar","@id":"https:\/\/secure.gravatar.com\/avatar\/374cb39a1a458a912465a93e5a3ce6546886fc3da809a1f10c63e4e8fcbca30f?s=96&d=mm&r=g","url":"https:\/\/secure.gravatar.com\/avatar\/374cb39a1a458a912465a93e5a3ce6546886fc3da809a1f10c63e4e8fcbca30f?s=96&d=mm&r=g","contentUrl":"https:\/\/secure.gravatar.com\/avatar\/374cb39a1a458a912465a93e5a3ce6546886fc3da809a1f10c63e4e8fcbca30f?s=96&d=mm&r=g","caption":"Le Quotidien"},"sameAs":["https:\/\/lequotidien.mr\/"],"url":"https:\/\/lequotidien.mr\/?author=4"}]}},"_links":{"self":[{"href":"https:\/\/lequotidien.mr\/index.php?rest_route=\/wp\/v2\/posts\/22486","targetHints":{"allow":["GET"]}}],"collection":[{"href":"https:\/\/lequotidien.mr\/index.php?rest_route=\/wp\/v2\/posts"}],"about":[{"href":"https:\/\/lequotidien.mr\/index.php?rest_route=\/wp\/v2\/types\/post"}],"author":[{"embeddable":true,"href":"https:\/\/lequotidien.mr\/index.php?rest_route=\/wp\/v2\/users\/4"}],"replies":[{"embeddable":true,"href":"https:\/\/lequotidien.mr\/index.php?rest_route=%2Fwp%2Fv2%2Fcomments&post=22486"}],"version-history":[{"count":1,"href":"https:\/\/lequotidien.mr\/index.php?rest_route=\/wp\/v2\/posts\/22486\/revisions"}],"predecessor-version":[{"id":22488,"href":"https:\/\/lequotidien.mr\/index.php?rest_route=\/wp\/v2\/posts\/22486\/revisions\/22488"}],"wp:featuredmedia":[{"embeddable":true,"href":"https:\/\/lequotidien.mr\/index.php?rest_route=\/wp\/v2\/media\/22487"}],"wp:attachment":[{"href":"https:\/\/lequotidien.mr\/index.php?rest_route=%2Fwp%2Fv2%2Fmedia&parent=22486"}],"wp:term":[{"taxonomy":"category","embeddable":true,"href":"https:\/\/lequotidien.mr\/index.php?rest_route=%2Fwp%2Fv2%2Fcategories&post=22486"},{"taxonomy":"post_tag","embeddable":true,"href":"https:\/\/lequotidien.mr\/index.php?rest_route=%2Fwp%2Fv2%2Ftags&post=22486"}],"curies":[{"name":"wp","href":"https:\/\/api.w.org\/{rel}","templated":true}]}}