{"id":22452,"date":"2024-11-01T10:41:24","date_gmt":"2024-11-01T10:41:24","guid":{"rendered":"https:\/\/lequotidien.mr\/?p=22452"},"modified":"2024-11-01T10:41:24","modified_gmt":"2024-11-01T10:41:24","slug":"le-president-de-lassemblee-nationale-supervise-le-lancement-du-projet-de-soutien-au-parlement-en-partenariat-avec-le-pnud","status":"publish","type":"post","link":"https:\/\/lequotidien.mr\/?p=22452&lang=fr","title":{"rendered":"Le pr\u00e9sident de l&#8217;Assembl\u00e9e nationale supervise le lancement du projet de soutien au Parlement en partenariat avec le PNUD"},"content":{"rendered":"<p>Ce matin, au si\u00e8ge de l\u2019Assembl\u00e9e nationale, le pr\u00e9sident de l&#8217;Assembl\u00e9e nationale, Mohamed Bambe Meguett, a supervis\u00e9 le lancement du projet &#8220;Soutien au Parlement&#8221; en partenariat avec le Programme des Nations Unies pour le d\u00e9veloppement (PNUD). La c\u00e9r\u00e9monie s&#8217;est d\u00e9roul\u00e9e en pr\u00e9sence du ministre de la Culture, des Arts, de la Communication et des Relations avec le Parlement, porte-parole du gouvernement, M. El Houssein Ould Medou, ainsi que du ministre de l\u2019\u00c9conomie et des Finances, M. Sid Ahmed Ould Bouh.<\/p>\n<p>Ce projet, dans le cadre duquel se tiendra un atelier de deux jours sur le r\u00f4le des parlementaires dans l&#8217;autonomisation des femmes, vise \u00e0 surmonter les d\u00e9fis auxquels le Parlement mauritanien est confront\u00e9, notamment le renforcement de ses capacit\u00e9s l\u00e9gislatives, de contr\u00f4le et administratives. Il aspire \u00e9galement \u00e0 doter l\u2019institution de moyens op\u00e9rationnels plus efficaces pour am\u00e9liorer sa repr\u00e9sentativit\u00e9 et sa gestion.<\/p>\n<p>Dans son discours, le pr\u00e9sident Mohamed Bambe Meguett a rappel\u00e9 que le Parlement incarne la volont\u00e9 populaire et constitue un garant de la transparence, de la justice et de l&#8217;\u00e9quit\u00e9. Soulignant la complexit\u00e9 croissante des d\u00e9fis actuels \u2014 \u00e9conomiques, environnementaux, s\u00e9curitaires et sociaux \u2014, il a affirm\u00e9 que le Parlement doit \u00eatre capable de l\u00e9gif\u00e9rer avec conscience et anticipation pour relever ces d\u00e9fis, n\u00e9cessitant des comp\u00e9tences et des ressources ad\u00e9quates pour y parvenir.<\/p>\n<p>Il a aussi mis en avant l\u2019importance de ce projet pour b\u00e2tir un Parlement moderne fond\u00e9 sur les principes d\u00e9mocratiques, estimant qu&#8217;une institution parlementaire forte est essentielle \u00e0 l\u2019\u00c9tat de droit et \u00e0 la transparence.<\/p>\n<p>Le repr\u00e9sentant r\u00e9sident du PNUD en Mauritanie, M. Mansour N&#8217;Diaye, a salu\u00e9 cette initiative et rappel\u00e9 que les droits universels sont \u00e0 la base de l&#8217;\u00e9galit\u00e9 et de la repr\u00e9sentation citoyenne. Il a soulign\u00e9 l\u2019importance de l\u2019atelier de formation sur l&#8217;autonomisation des femmes, marquant un engagement fort en faveur de l&#8217;\u00e9galit\u00e9 des genres. Il a aussi reconnu les progr\u00e8s de la Mauritanie, en particulier avec l&#8217;adoption de la loi sur la parit\u00e9 en 2018, qui a contribu\u00e9 \u00e0 une repr\u00e9sentation plus \u00e9quitable des femmes.<\/p>\n<p>\u00c9taient pr\u00e9sents lors de la c\u00e9r\u00e9monie le pr\u00e9sident du Conseil sup\u00e9rieur de la fatwa et des recours, M. Isselmou Sidi Al-Moustapha, des d\u00e9put\u00e9s de l&#8217;Assembl\u00e9e nationale, ainsi que des repr\u00e9sentants diplomatiques, dont l&#8217;ambassadeur d\u2019Allemagne et des repr\u00e9sentants des ambassades de France et du Japon.<\/p>\n","protected":false},"excerpt":{"rendered":"<p>Ce matin, au si\u00e8ge de l\u2019Assembl\u00e9e nationale, le pr\u00e9sident de l&#8217;Assembl\u00e9e nationale, Mohamed Bambe Meguett, a supervis\u00e9 le lancement du projet &#8220;Soutien au Parlement&#8221; en partenariat avec le Programme des Nations Unies pour le d\u00e9veloppement (PNUD). La c\u00e9r\u00e9monie s&#8217;est d\u00e9roul\u00e9e en pr\u00e9sence du ministre de la Culture, des Arts, de la Communication et des Relations&#8230;..<\/p>\n","protected":false},"author":4,"featured_media":22453,"comment_status":"open","ping_status":"open","sticky":false,"template":"","format":"standard","meta":{"footnotes":""},"categories":[23,57],"tags":[],"class_list":["post-22452","post","type-post","status-publish","format-standard","has-post-thumbnail","hentry","category-actualite","category-couverture-specilale"],"yoast_head":"<!-- This site is optimized with the Yoast SEO plugin v27.5 - https:\/\/yoast.com\/product\/yoast-seo-wordpress\/ -->\n<title>Le pr\u00e9sident de l&#039;Assembl\u00e9e nationale supervise le lancement du projet de soutien au Parlement en partenariat avec le PNUD - Le Quotidien de Nouakchott<\/title>\n<meta name=\"robots\" content=\"index, follow, max-snippet:-1, max-image-preview:large, max-video-preview:-1\" \/>\n<link rel=\"canonical\" href=\"https:\/\/lequotidien.mr\/?p=22452&lang=fr\" \/>\n<meta property=\"og:locale\" content=\"ar_AR\" \/>\n<meta property=\"og:type\" content=\"article\" \/>\n<meta property=\"og:title\" content=\"Le pr\u00e9sident de l&#039;Assembl\u00e9e nationale supervise le lancement du projet de soutien au Parlement en partenariat avec le PNUD - Le Quotidien de Nouakchott\" \/>\n<meta property=\"og:description\" content=\"Ce matin, au si\u00e8ge de l\u2019Assembl\u00e9e nationale, le pr\u00e9sident de l&#8217;Assembl\u00e9e nationale, Mohamed Bambe Meguett, a supervis\u00e9 le lancement du projet &#8220;Soutien au Parlement&#8221; en partenariat avec le Programme des Nations Unies pour le d\u00e9veloppement (PNUD). La c\u00e9r\u00e9monie s&#8217;est d\u00e9roul\u00e9e en pr\u00e9sence du ministre de la Culture, des Arts, de la Communication et des Relations.....\" \/>\n<meta property=\"og:url\" content=\"https:\/\/lequotidien.mr\/?p=22452&amp;lang=fr\" \/>\n<meta property=\"og:site_name\" content=\"Le Quotidien de Nouakchott\" \/>\n<meta property=\"article:publisher\" content=\"https:\/\/web.facebook.com\/lequotidienmr\" \/>\n<meta property=\"article:published_time\" content=\"2024-11-01T10:41:24+00:00\" \/>\n<meta property=\"og:image\" content=\"https:\/\/lequotidien.mr\/wp-content\/uploads\/2024\/11\/meguett.jpg\" \/>\n\t<meta property=\"og:image:width\" content=\"200\" \/>\n\t<meta property=\"og:image:height\" content=\"115\" \/>\n\t<meta property=\"og:image:type\" content=\"image\/jpeg\" \/>\n<meta name=\"author\" content=\"Le Quotidien\" \/>\n<meta name=\"twitter:card\" content=\"summary_large_image\" \/>\n<meta name=\"twitter:creator\" content=\"@lequotidienmr\" \/>\n<meta name=\"twitter:site\" content=\"@lequotidienmr\" \/>\n<meta name=\"twitter:label1\" content=\"\u0643\u064f\u062a\u0628 \u0628\u0648\u0627\u0633\u0637\u0629\" \/>\n\t<meta name=\"twitter:data1\" content=\"Le Quotidien\" \/>\n\t<meta name=\"twitter:label2\" content=\"\u0648\u0642\u062a \u0627\u0644\u0642\u0631\u0627\u0621\u0629 \u0627\u0644\u0645\u064f\u0642\u062f\u0651\u0631\" \/>\n\t<meta name=\"twitter:data2\" content=\"\u062f\u0642\u064a\u0642\u062a\u0627\u0646\" \/>\n<script type=\"application\/ld+json\" class=\"yoast-schema-graph\">{\"@context\":\"https:\\\/\\\/schema.org\",\"@graph\":[{\"@type\":\"Article\",\"@id\":\"https:\\\/\\\/lequotidien.mr\\\/?p=22452&lang=fr#article\",\"isPartOf\":{\"@id\":\"https:\\\/\\\/lequotidien.mr\\\/?p=22452&lang=fr\"},\"author\":{\"name\":\"Le Quotidien\",\"@id\":\"https:\\\/\\\/lequotidien.mr\\\/#\\\/schema\\\/person\\\/f90fcdaa970c60288de4ed2e64a56472\"},\"headline\":\"Le pr\u00e9sident de l&#8217;Assembl\u00e9e nationale supervise le lancement du projet de soutien au Parlement en partenariat avec le PNUD\",\"datePublished\":\"2024-11-01T10:41:24+00:00\",\"mainEntityOfPage\":{\"@id\":\"https:\\\/\\\/lequotidien.mr\\\/?p=22452&lang=fr\"},\"wordCount\":455,\"commentCount\":0,\"publisher\":{\"@id\":\"https:\\\/\\\/lequotidien.mr\\\/#organization\"},\"image\":{\"@id\":\"https:\\\/\\\/lequotidien.mr\\\/?p=22452&lang=fr#primaryimage\"},\"thumbnailUrl\":\"https:\\\/\\\/lequotidien.mr\\\/wp-content\\\/uploads\\\/2024\\\/11\\\/meguett.jpg\",\"articleSection\":[\"ACTUALIT\u00c9\",\"Couverture sp\u00e9cilale\"],\"inLanguage\":\"ar\",\"potentialAction\":[{\"@type\":\"CommentAction\",\"name\":\"Comment\",\"target\":[\"https:\\\/\\\/lequotidien.mr\\\/?p=22452&lang=fr#respond\"]}]},{\"@type\":\"WebPage\",\"@id\":\"https:\\\/\\\/lequotidien.mr\\\/?p=22452&lang=fr\",\"url\":\"https:\\\/\\\/lequotidien.mr\\\/?p=22452&lang=fr\",\"name\":\"Le pr\u00e9sident de l'Assembl\u00e9e nationale supervise le lancement du projet de soutien au Parlement en partenariat avec le PNUD - Le Quotidien de Nouakchott\",\"isPartOf\":{\"@id\":\"https:\\\/\\\/lequotidien.mr\\\/#website\"},\"primaryImageOfPage\":{\"@id\":\"https:\\\/\\\/lequotidien.mr\\\/?p=22452&lang=fr#primaryimage\"},\"image\":{\"@id\":\"https:\\\/\\\/lequotidien.mr\\\/?p=22452&lang=fr#primaryimage\"},\"thumbnailUrl\":\"https:\\\/\\\/lequotidien.mr\\\/wp-content\\\/uploads\\\/2024\\\/11\\\/meguett.jpg\",\"datePublished\":\"2024-11-01T10:41:24+00:00\",\"breadcrumb\":{\"@id\":\"https:\\\/\\\/lequotidien.mr\\\/?p=22452&lang=fr#breadcrumb\"},\"inLanguage\":\"ar\",\"potentialAction\":[{\"@type\":\"ReadAction\",\"target\":[\"https:\\\/\\\/lequotidien.mr\\\/?p=22452&lang=fr\"]}]},{\"@type\":\"ImageObject\",\"inLanguage\":\"ar\",\"@id\":\"https:\\\/\\\/lequotidien.mr\\\/?p=22452&lang=fr#primaryimage\",\"url\":\"https:\\\/\\\/lequotidien.mr\\\/wp-content\\\/uploads\\\/2024\\\/11\\\/meguett.jpg\",\"contentUrl\":\"https:\\\/\\\/lequotidien.mr\\\/wp-content\\\/uploads\\\/2024\\\/11\\\/meguett.jpg\",\"width\":200,\"height\":115},{\"@type\":\"BreadcrumbList\",\"@id\":\"https:\\\/\\\/lequotidien.mr\\\/?p=22452&lang=fr#breadcrumb\",\"itemListElement\":[{\"@type\":\"ListItem\",\"position\":1,\"name\":\"Home\",\"item\":\"https:\\\/\\\/lequotidien.mr\\\/\"},{\"@type\":\"ListItem\",\"position\":2,\"name\":\"Le pr\u00e9sident de l&#8217;Assembl\u00e9e nationale supervise le lancement du projet de soutien au Parlement en partenariat avec le PNUD\"}]},{\"@type\":\"WebSite\",\"@id\":\"https:\\\/\\\/lequotidien.mr\\\/#website\",\"url\":\"https:\\\/\\\/lequotidien.mr\\\/\",\"name\":\"Le Quotidien de Nouakchott\",\"description\":\"\u0625\u062e\u0628\u0627\u0631\u064a\u0629 \u0645\u0633\u062a\u0642\u0644\u0629 \u0644\u0644\u0623\u0646\u0628\u0627\u0621 \u0627\u0644\u0639\u0627\u0645\u0629\",\"publisher\":{\"@id\":\"https:\\\/\\\/lequotidien.mr\\\/#organization\"},\"potentialAction\":[{\"@type\":\"SearchAction\",\"target\":{\"@type\":\"EntryPoint\",\"urlTemplate\":\"https:\\\/\\\/lequotidien.mr\\\/?s={search_term_string}\"},\"query-input\":{\"@type\":\"PropertyValueSpecification\",\"valueRequired\":true,\"valueName\":\"search_term_string\"}}],\"inLanguage\":\"ar\"},{\"@type\":\"Organization\",\"@id\":\"https:\\\/\\\/lequotidien.mr\\\/#organization\",\"name\":\"Le Quotidien de Nouakchott\",\"url\":\"https:\\\/\\\/lequotidien.mr\\\/\",\"logo\":{\"@type\":\"ImageObject\",\"inLanguage\":\"ar\",\"@id\":\"https:\\\/\\\/lequotidien.mr\\\/#\\\/schema\\\/logo\\\/image\\\/\",\"url\":\"https:\\\/\\\/lequotidien.mr\\\/wp-content\\\/uploads\\\/2022\\\/11\\\/logolequotidien.jpg\",\"contentUrl\":\"https:\\\/\\\/lequotidien.mr\\\/wp-content\\\/uploads\\\/2022\\\/11\\\/logolequotidien.jpg\",\"width\":290,\"height\":65,\"caption\":\"Le Quotidien de Nouakchott\"},\"image\":{\"@id\":\"https:\\\/\\\/lequotidien.mr\\\/#\\\/schema\\\/logo\\\/image\\\/\"},\"sameAs\":[\"https:\\\/\\\/web.facebook.com\\\/lequotidienmr\",\"https:\\\/\\\/x.com\\\/lequotidienmr\"]},{\"@type\":\"Person\",\"@id\":\"https:\\\/\\\/lequotidien.mr\\\/#\\\/schema\\\/person\\\/f90fcdaa970c60288de4ed2e64a56472\",\"name\":\"Le Quotidien\",\"image\":{\"@type\":\"ImageObject\",\"inLanguage\":\"ar\",\"@id\":\"https:\\\/\\\/secure.gravatar.com\\\/avatar\\\/374cb39a1a458a912465a93e5a3ce6546886fc3da809a1f10c63e4e8fcbca30f?s=96&d=mm&r=g\",\"url\":\"https:\\\/\\\/secure.gravatar.com\\\/avatar\\\/374cb39a1a458a912465a93e5a3ce6546886fc3da809a1f10c63e4e8fcbca30f?s=96&d=mm&r=g\",\"contentUrl\":\"https:\\\/\\\/secure.gravatar.com\\\/avatar\\\/374cb39a1a458a912465a93e5a3ce6546886fc3da809a1f10c63e4e8fcbca30f?s=96&d=mm&r=g\",\"caption\":\"Le Quotidien\"},\"sameAs\":[\"https:\\\/\\\/lequotidien.mr\\\/\"],\"url\":\"https:\\\/\\\/lequotidien.mr\\\/?author=4\"}]}<\/script>\n<!-- \/ Yoast SEO plugin. -->","yoast_head_json":{"title":"Le pr\u00e9sident de l'Assembl\u00e9e nationale supervise le lancement du projet de soutien au Parlement en partenariat avec le PNUD - Le Quotidien de Nouakchott","robots":{"index":"index","follow":"follow","max-snippet":"max-snippet:-1","max-image-preview":"max-image-preview:large","max-video-preview":"max-video-preview:-1"},"canonical":"https:\/\/lequotidien.mr\/?p=22452&lang=fr","og_locale":"ar_AR","og_type":"article","og_title":"Le pr\u00e9sident de l'Assembl\u00e9e nationale supervise le lancement du projet de soutien au Parlement en partenariat avec le PNUD - Le Quotidien de Nouakchott","og_description":"Ce matin, au si\u00e8ge de l\u2019Assembl\u00e9e nationale, le pr\u00e9sident de l&#8217;Assembl\u00e9e nationale, Mohamed Bambe Meguett, a supervis\u00e9 le lancement du projet &#8220;Soutien au Parlement&#8221; en partenariat avec le Programme des Nations Unies pour le d\u00e9veloppement (PNUD). La c\u00e9r\u00e9monie s&#8217;est d\u00e9roul\u00e9e en pr\u00e9sence du ministre de la Culture, des Arts, de la Communication et des Relations.....","og_url":"https:\/\/lequotidien.mr\/?p=22452&lang=fr","og_site_name":"Le Quotidien de Nouakchott","article_publisher":"https:\/\/web.facebook.com\/lequotidienmr","article_published_time":"2024-11-01T10:41:24+00:00","og_image":[{"width":200,"height":115,"url":"https:\/\/lequotidien.mr\/wp-content\/uploads\/2024\/11\/meguett.jpg","type":"image\/jpeg"}],"author":"Le Quotidien","twitter_card":"summary_large_image","twitter_creator":"@lequotidienmr","twitter_site":"@lequotidienmr","twitter_misc":{"\u0643\u064f\u062a\u0628 \u0628\u0648\u0627\u0633\u0637\u0629":"Le Quotidien","\u0648\u0642\u062a \u0627\u0644\u0642\u0631\u0627\u0621\u0629 \u0627\u0644\u0645\u064f\u0642\u062f\u0651\u0631":"\u062f\u0642\u064a\u0642\u062a\u0627\u0646"},"schema":{"@context":"https:\/\/schema.org","@graph":[{"@type":"Article","@id":"https:\/\/lequotidien.mr\/?p=22452&lang=fr#article","isPartOf":{"@id":"https:\/\/lequotidien.mr\/?p=22452&lang=fr"},"author":{"name":"Le Quotidien","@id":"https:\/\/lequotidien.mr\/#\/schema\/person\/f90fcdaa970c60288de4ed2e64a56472"},"headline":"Le pr\u00e9sident de l&#8217;Assembl\u00e9e nationale supervise le lancement du projet de soutien au Parlement en partenariat avec le PNUD","datePublished":"2024-11-01T10:41:24+00:00","mainEntityOfPage":{"@id":"https:\/\/lequotidien.mr\/?p=22452&lang=fr"},"wordCount":455,"commentCount":0,"publisher":{"@id":"https:\/\/lequotidien.mr\/#organization"},"image":{"@id":"https:\/\/lequotidien.mr\/?p=22452&lang=fr#primaryimage"},"thumbnailUrl":"https:\/\/lequotidien.mr\/wp-content\/uploads\/2024\/11\/meguett.jpg","articleSection":["ACTUALIT\u00c9","Couverture sp\u00e9cilale"],"inLanguage":"ar","potentialAction":[{"@type":"CommentAction","name":"Comment","target":["https:\/\/lequotidien.mr\/?p=22452&lang=fr#respond"]}]},{"@type":"WebPage","@id":"https:\/\/lequotidien.mr\/?p=22452&lang=fr","url":"https:\/\/lequotidien.mr\/?p=22452&lang=fr","name":"Le pr\u00e9sident de l'Assembl\u00e9e nationale supervise le lancement du projet de soutien au Parlement en partenariat avec le PNUD - Le Quotidien de Nouakchott","isPartOf":{"@id":"https:\/\/lequotidien.mr\/#website"},"primaryImageOfPage":{"@id":"https:\/\/lequotidien.mr\/?p=22452&lang=fr#primaryimage"},"image":{"@id":"https:\/\/lequotidien.mr\/?p=22452&lang=fr#primaryimage"},"thumbnailUrl":"https:\/\/lequotidien.mr\/wp-content\/uploads\/2024\/11\/meguett.jpg","datePublished":"2024-11-01T10:41:24+00:00","breadcrumb":{"@id":"https:\/\/lequotidien.mr\/?p=22452&lang=fr#breadcrumb"},"inLanguage":"ar","potentialAction":[{"@type":"ReadAction","target":["https:\/\/lequotidien.mr\/?p=22452&lang=fr"]}]},{"@type":"ImageObject","inLanguage":"ar","@id":"https:\/\/lequotidien.mr\/?p=22452&lang=fr#primaryimage","url":"https:\/\/lequotidien.mr\/wp-content\/uploads\/2024\/11\/meguett.jpg","contentUrl":"https:\/\/lequotidien.mr\/wp-content\/uploads\/2024\/11\/meguett.jpg","width":200,"height":115},{"@type":"BreadcrumbList","@id":"https:\/\/lequotidien.mr\/?p=22452&lang=fr#breadcrumb","itemListElement":[{"@type":"ListItem","position":1,"name":"Home","item":"https:\/\/lequotidien.mr\/"},{"@type":"ListItem","position":2,"name":"Le pr\u00e9sident de l&#8217;Assembl\u00e9e nationale supervise le lancement du projet de soutien au Parlement en partenariat avec le PNUD"}]},{"@type":"WebSite","@id":"https:\/\/lequotidien.mr\/#website","url":"https:\/\/lequotidien.mr\/","name":"Le Quotidien de Nouakchott","description":"\u0625\u062e\u0628\u0627\u0631\u064a\u0629 \u0645\u0633\u062a\u0642\u0644\u0629 \u0644\u0644\u0623\u0646\u0628\u0627\u0621 \u0627\u0644\u0639\u0627\u0645\u0629","publisher":{"@id":"https:\/\/lequotidien.mr\/#organization"},"potentialAction":[{"@type":"SearchAction","target":{"@type":"EntryPoint","urlTemplate":"https:\/\/lequotidien.mr\/?s={search_term_string}"},"query-input":{"@type":"PropertyValueSpecification","valueRequired":true,"valueName":"search_term_string"}}],"inLanguage":"ar"},{"@type":"Organization","@id":"https:\/\/lequotidien.mr\/#organization","name":"Le Quotidien de Nouakchott","url":"https:\/\/lequotidien.mr\/","logo":{"@type":"ImageObject","inLanguage":"ar","@id":"https:\/\/lequotidien.mr\/#\/schema\/logo\/image\/","url":"https:\/\/lequotidien.mr\/wp-content\/uploads\/2022\/11\/logolequotidien.jpg","contentUrl":"https:\/\/lequotidien.mr\/wp-content\/uploads\/2022\/11\/logolequotidien.jpg","width":290,"height":65,"caption":"Le Quotidien de Nouakchott"},"image":{"@id":"https:\/\/lequotidien.mr\/#\/schema\/logo\/image\/"},"sameAs":["https:\/\/web.facebook.com\/lequotidienmr","https:\/\/x.com\/lequotidienmr"]},{"@type":"Person","@id":"https:\/\/lequotidien.mr\/#\/schema\/person\/f90fcdaa970c60288de4ed2e64a56472","name":"Le Quotidien","image":{"@type":"ImageObject","inLanguage":"ar","@id":"https:\/\/secure.gravatar.com\/avatar\/374cb39a1a458a912465a93e5a3ce6546886fc3da809a1f10c63e4e8fcbca30f?s=96&d=mm&r=g","url":"https:\/\/secure.gravatar.com\/avatar\/374cb39a1a458a912465a93e5a3ce6546886fc3da809a1f10c63e4e8fcbca30f?s=96&d=mm&r=g","contentUrl":"https:\/\/secure.gravatar.com\/avatar\/374cb39a1a458a912465a93e5a3ce6546886fc3da809a1f10c63e4e8fcbca30f?s=96&d=mm&r=g","caption":"Le Quotidien"},"sameAs":["https:\/\/lequotidien.mr\/"],"url":"https:\/\/lequotidien.mr\/?author=4"}]}},"_links":{"self":[{"href":"https:\/\/lequotidien.mr\/index.php?rest_route=\/wp\/v2\/posts\/22452","targetHints":{"allow":["GET"]}}],"collection":[{"href":"https:\/\/lequotidien.mr\/index.php?rest_route=\/wp\/v2\/posts"}],"about":[{"href":"https:\/\/lequotidien.mr\/index.php?rest_route=\/wp\/v2\/types\/post"}],"author":[{"embeddable":true,"href":"https:\/\/lequotidien.mr\/index.php?rest_route=\/wp\/v2\/users\/4"}],"replies":[{"embeddable":true,"href":"https:\/\/lequotidien.mr\/index.php?rest_route=%2Fwp%2Fv2%2Fcomments&post=22452"}],"version-history":[{"count":1,"href":"https:\/\/lequotidien.mr\/index.php?rest_route=\/wp\/v2\/posts\/22452\/revisions"}],"predecessor-version":[{"id":22454,"href":"https:\/\/lequotidien.mr\/index.php?rest_route=\/wp\/v2\/posts\/22452\/revisions\/22454"}],"wp:featuredmedia":[{"embeddable":true,"href":"https:\/\/lequotidien.mr\/index.php?rest_route=\/wp\/v2\/media\/22453"}],"wp:attachment":[{"href":"https:\/\/lequotidien.mr\/index.php?rest_route=%2Fwp%2Fv2%2Fmedia&parent=22452"}],"wp:term":[{"taxonomy":"category","embeddable":true,"href":"https:\/\/lequotidien.mr\/index.php?rest_route=%2Fwp%2Fv2%2Fcategories&post=22452"},{"taxonomy":"post_tag","embeddable":true,"href":"https:\/\/lequotidien.mr\/index.php?rest_route=%2Fwp%2Fv2%2Ftags&post=22452"}],"curies":[{"name":"wp","href":"https:\/\/api.w.org\/{rel}","templated":true}]}}