{"id":22433,"date":"2024-10-31T16:19:03","date_gmt":"2024-10-31T16:19:03","guid":{"rendered":"https:\/\/lequotidien.mr\/?p=22433"},"modified":"2024-10-31T16:19:03","modified_gmt":"2024-10-31T16:19:03","slug":"31eme-session-du-comite-regional-de-programmation-et-de-suivi-du-cilss-a-nouakchott-un-engagement-renouvele-pour-la-securite-alimentaire-et-la-lutte-contre-la-secheresse-au-sahel","status":"publish","type":"post","link":"https:\/\/lequotidien.mr\/?p=22433&lang=fr","title":{"rendered":"31\u00e8me Session du Comit\u00e9 R\u00e9gional de Programmation et de Suivi du CILSS \u00e0 Nouakchott : Un engagement renouvel\u00e9 pour la s\u00e9curit\u00e9 alimentaire et la lutte contre la s\u00e9cheresse au Sahel"},"content":{"rendered":"<p>La capitale mauritanienne, Nouakchott, accueille cette semaine la 31\u00e8me session du Comit\u00e9 R\u00e9gional de Programmation et de Suivi (CRPS) du Comit\u00e9 Permanent Conjoint de lutte contre les effets de la s\u00e9cheresse au Sahel (CILSS). Cette rencontre, ouverte jeudi, marque un moment crucial pour la coordination des efforts de lutte contre les effets d\u00e9vastateurs de la s\u00e9cheresse, une menace persistante pour les populations de la r\u00e9gion sah\u00e9lienne. Le CRPS, en tant que m\u00e9canisme central de travail du CILSS, est charg\u00e9 de la programmation et du suivi des activit\u00e9s de l&#8217;organisation, agissant comme organe consultatif du Conseil des Ministres du CILS.<\/p>\n<p><strong>Engagement et appui constant de la Mauritanie aux initiatives du CILS<\/strong><\/p>\n<p>Lors de la c\u00e9r\u00e9monie d&#8217;ouverture, M. Ahmed Salem El Arby, Secr\u00e9taire g\u00e9n\u00e9ral du minist\u00e8re de l&#8217;Agriculture et de la Souverainet\u00e9 alimentaire de Mauritanie, a rappel\u00e9 le r\u00f4le de la Mauritanie au sein du CILSS. Depuis la cr\u00e9ation de cette organisation intergouvernementale, le pays a soutenu ses programmes de lutte contre la s\u00e9cheresse et pour la s\u00e9curit\u00e9 alimentaire. Sous la direction du Pr\u00e9sident Mohamed Cheikh El Ghazouani et gr\u00e2ce au programme \u00ab Mon ambition pour la Patrie \u00bb, cette implication s&#8217;est intensifi\u00e9e. En effet, Le programme, mis en \u0153uvre par le gouvernement dirig\u00e9 par le Premier ministre Mokhtar Diay, accorde une importance accrue \u00e0 la s\u00e9curit\u00e9 alimentaire et \u00e0 la lutte contre le changement climatique, refl\u00e9t\u00e9e dans la nouvelle d\u00e9nomination du minist\u00e8re en \u00abMinist\u00e8re de l&#8217;Agriculture et de la Souverainet\u00e9 Alimentaire\u00a0\u00bb.<\/p>\n<p>Dans ce cadre, M. El Arby a exhort\u00e9 les experts \u00e0 renforcer leurs efforts pour garantir l&#8217;efficacit\u00e9 des activit\u00e9s du CILSS, saluant les progr\u00e8s r\u00e9alis\u00e9s malgr\u00e9 un contexte mondial exigeant en mati\u00e8re de lutte contre le changement climatique. La coop\u00e9ration r\u00e9gionale est, selon lui, essentielle pour r\u00e9pondre aux d\u00e9fis de la s\u00e9curit\u00e9 alimentaire dans une r\u00e9gion marqu\u00e9e par les d\u00e9ficits mais \u00e9galement des exc\u00e9dents alimentaires selon les r\u00e9gions.<\/p>\n<p><strong>R\u00e9pondre aux d\u00e9fis du Sahel par des mod\u00e8les agricoles innovants<\/strong><\/p>\n<p>Face aux d\u00e9fis multiples du Sahel, M. El Arby a soulign\u00e9 l&#8217;importance des mod\u00e8les agricoles innovants, \u00e0 co\u00fbts abordables et adapt\u00e9s aux conditions environnementales des pays sah\u00e9liens. Des initiatives concr\u00e8tes, telles que l&#8217;Initiative pour l&#8217;irrigation au Sahel et le projet r\u00e9gional de soutien aux syst\u00e8mes pastoraux, montrent d\u00e9j\u00e0 des r\u00e9sultats significatifs. Ces avanc\u00e9es illustrent le potentiel des solutions locales pour surmonter les difficult\u00e9s climatiques et s\u00e9curitaires.<\/p>\n<p>Le Secr\u00e9taire ex\u00e9cutif du CILSS, M. Abdallahi Mahamedou, a mis en avant l&#8217;importance de cette session de concertation, rassemblant les repr\u00e9sentants des 13 pays membres, des responsables de la FAO et des partenaires au d\u00e9veloppement. Cet espace de dialogue favorise l&#8217;harmonisation des strat\u00e9gies nationales, permettant une mise en \u0153uvre coordonn\u00e9e des activit\u00e9s et des programmes en faveur des populations sah\u00e9liennes. Malgr\u00e9 les d\u00e9fis pos\u00e9s par l&#8217;instabilit\u00e9 politique et l&#8217;ins\u00e9curit\u00e9 dans la r\u00e9gion, la FAO a continu\u00e9 de soutenir les initiatives locales, renfor\u00e7ant les capacit\u00e9s et coordonnant les projets r\u00e9gionaux pour assurer une r\u00e9ponse efficace.<\/p>\n<p><strong>Perspectives et nouvelles initiatives pour le d\u00e9veloppement durable<\/strong><\/p>\n<p>La session de Nouakchott se distingue \u00e9galement par l&#8217;annonce de nouvelles initiatives, telles que le projet r\u00e9gional d&#8217;appui \u00e0 la s\u00e9curit\u00e9 alimentaire et \u00e0 la r\u00e9silience, financ\u00e9 par l&#8217;Agence am\u00e9ricaine pour le d\u00e9veloppement international (USAID), et le projet r\u00e9gional de r\u00e9silience pour la s\u00e9curit\u00e9 alimentaire, soutenu par la Banque africaine de d\u00e9veloppement (BAD). Ces programmes visent \u00e0 renforcer la s\u00e9curit\u00e9 alimentaire et la r\u00e9silience des communaut\u00e9s sah\u00e9liennes, marquant une avanc\u00e9e significative dans la diversification et la gouvernance des services offerts.<\/p>\n<p>Le porte-parole du R\u00e9seau des partenaires du CILSS, Abderrahmane Dicko, a soulign\u00e9 que les r\u00e9formes r\u00e9centes en mati\u00e8re de programmation ont permis d&#8217;am\u00e9liorer la performance de l&#8217;organisation et de d\u00e9finir une vision strat\u00e9gique. Il a \u00e9galement r\u00e9it\u00e9r\u00e9 l&#8217;engagement des partenaires internationaux \u00e0 accompagner le CILSS dans la r\u00e9alisation de ses objectifs,<\/p>\n<p>Pour M. Mohamed Ahmed Bannane, conseiller charg\u00e9 du Comit\u00e9 du CILSS, cette session rev\u00eat une importance capitale. Elle examine en effet les rapports financiers, administratifs et techniques de l&#8217;organisation, et pr\u00e9pare le terrain pour la prochaine r\u00e9union du Conseil des Ministres, qui se tiendra \u00e0 Nouakchott.<\/p>\n<p>La session de Nouakchott marque ainsi une \u00e9tape cl\u00e9 dans le renforcement des efforts conjoints pour une r\u00e9silience durable, en mettant l&#8217;accent sur des actions concr\u00e8tes pour la s\u00e9curit\u00e9 alimentaire, la lutte contre la s\u00e9cheresse et l&#8217;adaptation au changement climatique.<\/p>\n","protected":false},"excerpt":{"rendered":"<p>La capitale mauritanienne, Nouakchott, accueille cette semaine la 31\u00e8me session du Comit\u00e9 R\u00e9gional de Programmation et de Suivi (CRPS) du Comit\u00e9 Permanent Conjoint de lutte contre les effets de la s\u00e9cheresse au Sahel (CILSS). Cette rencontre, ouverte jeudi, marque un moment crucial pour la coordination des efforts de lutte contre les effets d\u00e9vastateurs de la&#8230;..<\/p>\n","protected":false},"author":12,"featured_media":22434,"comment_status":"open","ping_status":"open","sticky":false,"template":"","format":"standard","meta":{"footnotes":""},"categories":[23,49],"tags":[],"class_list":["post-22433","post","type-post","status-publish","format-standard","has-post-thumbnail","hentry","category-actualite","category-economie"],"yoast_head":"<!-- This site is optimized with the Yoast SEO plugin v27.5 - https:\/\/yoast.com\/product\/yoast-seo-wordpress\/ -->\n<title>31\u00e8me Session du Comit\u00e9 R\u00e9gional de Programmation et de Suivi du CILSS \u00e0 Nouakchott : Un engagement renouvel\u00e9 pour la s\u00e9curit\u00e9 alimentaire et la lutte contre la s\u00e9cheresse au Sahel - Le Quotidien de Nouakchott<\/title>\n<meta name=\"robots\" content=\"index, follow, max-snippet:-1, max-image-preview:large, max-video-preview:-1\" \/>\n<link rel=\"canonical\" href=\"https:\/\/lequotidien.mr\/?p=22433&lang=fr\" \/>\n<meta property=\"og:locale\" content=\"ar_AR\" \/>\n<meta property=\"og:type\" content=\"article\" \/>\n<meta property=\"og:title\" content=\"31\u00e8me Session du Comit\u00e9 R\u00e9gional de Programmation et de Suivi du CILSS \u00e0 Nouakchott : Un engagement renouvel\u00e9 pour la s\u00e9curit\u00e9 alimentaire et la lutte contre la s\u00e9cheresse au Sahel - Le Quotidien de Nouakchott\" \/>\n<meta property=\"og:description\" content=\"La capitale mauritanienne, Nouakchott, accueille cette semaine la 31\u00e8me session du Comit\u00e9 R\u00e9gional de Programmation et de Suivi (CRPS) du Comit\u00e9 Permanent Conjoint de lutte contre les effets de la s\u00e9cheresse au Sahel (CILSS). Cette rencontre, ouverte jeudi, marque un moment crucial pour la coordination des efforts de lutte contre les effets d\u00e9vastateurs de la.....\" \/>\n<meta property=\"og:url\" content=\"https:\/\/lequotidien.mr\/?p=22433&amp;lang=fr\" \/>\n<meta property=\"og:site_name\" content=\"Le Quotidien de Nouakchott\" \/>\n<meta property=\"article:publisher\" content=\"https:\/\/web.facebook.com\/lequotidienmr\" \/>\n<meta property=\"article:published_time\" content=\"2024-10-31T16:19:03+00:00\" \/>\n<meta property=\"og:image\" content=\"https:\/\/lequotidien.mr\/wp-content\/uploads\/2024\/10\/photo-CILS.jpg\" \/>\n\t<meta property=\"og:image:width\" content=\"336\" \/>\n\t<meta property=\"og:image:height\" content=\"336\" \/>\n\t<meta property=\"og:image:type\" content=\"image\/jpeg\" \/>\n<meta name=\"author\" content=\"Med Ahmed\" \/>\n<meta name=\"twitter:card\" content=\"summary_large_image\" \/>\n<meta name=\"twitter:creator\" content=\"@lequotidienmr\" \/>\n<meta name=\"twitter:site\" content=\"@lequotidienmr\" \/>\n<meta name=\"twitter:label1\" content=\"\u0643\u064f\u062a\u0628 \u0628\u0648\u0627\u0633\u0637\u0629\" \/>\n\t<meta name=\"twitter:data1\" content=\"Med Ahmed\" \/>\n\t<meta name=\"twitter:label2\" content=\"\u0648\u0642\u062a \u0627\u0644\u0642\u0631\u0627\u0621\u0629 \u0627\u0644\u0645\u064f\u0642\u062f\u0651\u0631\" \/>\n\t<meta name=\"twitter:data2\" content=\"4 \u062f\u0642\u0627\u0626\u0642\" \/>\n<script type=\"application\/ld+json\" class=\"yoast-schema-graph\">{\"@context\":\"https:\\\/\\\/schema.org\",\"@graph\":[{\"@type\":\"Article\",\"@id\":\"https:\\\/\\\/lequotidien.mr\\\/?p=22433&lang=fr#article\",\"isPartOf\":{\"@id\":\"https:\\\/\\\/lequotidien.mr\\\/?p=22433&lang=fr\"},\"author\":{\"name\":\"Med Ahmed\",\"@id\":\"https:\\\/\\\/lequotidien.mr\\\/#\\\/schema\\\/person\\\/d2d350202a4d599685ed8abc25f97596\"},\"headline\":\"31\u00e8me Session du Comit\u00e9 R\u00e9gional de Programmation et de Suivi du CILSS \u00e0 Nouakchott : Un engagement renouvel\u00e9 pour la s\u00e9curit\u00e9 alimentaire et la lutte contre la s\u00e9cheresse au Sahel\",\"datePublished\":\"2024-10-31T16:19:03+00:00\",\"mainEntityOfPage\":{\"@id\":\"https:\\\/\\\/lequotidien.mr\\\/?p=22433&lang=fr\"},\"wordCount\":850,\"commentCount\":0,\"publisher\":{\"@id\":\"https:\\\/\\\/lequotidien.mr\\\/#organization\"},\"image\":{\"@id\":\"https:\\\/\\\/lequotidien.mr\\\/?p=22433&lang=fr#primaryimage\"},\"thumbnailUrl\":\"https:\\\/\\\/lequotidien.mr\\\/wp-content\\\/uploads\\\/2024\\\/10\\\/photo-CILS.jpg\",\"articleSection\":[\"ACTUALIT\u00c9\",\"Economie\"],\"inLanguage\":\"ar\",\"potentialAction\":[{\"@type\":\"CommentAction\",\"name\":\"Comment\",\"target\":[\"https:\\\/\\\/lequotidien.mr\\\/?p=22433&lang=fr#respond\"]}]},{\"@type\":\"WebPage\",\"@id\":\"https:\\\/\\\/lequotidien.mr\\\/?p=22433&lang=fr\",\"url\":\"https:\\\/\\\/lequotidien.mr\\\/?p=22433&lang=fr\",\"name\":\"31\u00e8me Session du Comit\u00e9 R\u00e9gional de Programmation et de Suivi du CILSS \u00e0 Nouakchott : Un engagement renouvel\u00e9 pour la s\u00e9curit\u00e9 alimentaire et la lutte contre la s\u00e9cheresse au Sahel - Le Quotidien de Nouakchott\",\"isPartOf\":{\"@id\":\"https:\\\/\\\/lequotidien.mr\\\/#website\"},\"primaryImageOfPage\":{\"@id\":\"https:\\\/\\\/lequotidien.mr\\\/?p=22433&lang=fr#primaryimage\"},\"image\":{\"@id\":\"https:\\\/\\\/lequotidien.mr\\\/?p=22433&lang=fr#primaryimage\"},\"thumbnailUrl\":\"https:\\\/\\\/lequotidien.mr\\\/wp-content\\\/uploads\\\/2024\\\/10\\\/photo-CILS.jpg\",\"datePublished\":\"2024-10-31T16:19:03+00:00\",\"breadcrumb\":{\"@id\":\"https:\\\/\\\/lequotidien.mr\\\/?p=22433&lang=fr#breadcrumb\"},\"inLanguage\":\"ar\",\"potentialAction\":[{\"@type\":\"ReadAction\",\"target\":[\"https:\\\/\\\/lequotidien.mr\\\/?p=22433&lang=fr\"]}]},{\"@type\":\"ImageObject\",\"inLanguage\":\"ar\",\"@id\":\"https:\\\/\\\/lequotidien.mr\\\/?p=22433&lang=fr#primaryimage\",\"url\":\"https:\\\/\\\/lequotidien.mr\\\/wp-content\\\/uploads\\\/2024\\\/10\\\/photo-CILS.jpg\",\"contentUrl\":\"https:\\\/\\\/lequotidien.mr\\\/wp-content\\\/uploads\\\/2024\\\/10\\\/photo-CILS.jpg\",\"width\":336,\"height\":336},{\"@type\":\"BreadcrumbList\",\"@id\":\"https:\\\/\\\/lequotidien.mr\\\/?p=22433&lang=fr#breadcrumb\",\"itemListElement\":[{\"@type\":\"ListItem\",\"position\":1,\"name\":\"Home\",\"item\":\"https:\\\/\\\/lequotidien.mr\\\/\"},{\"@type\":\"ListItem\",\"position\":2,\"name\":\"31\u00e8me Session du Comit\u00e9 R\u00e9gional de Programmation et de Suivi du CILSS \u00e0 Nouakchott : Un engagement renouvel\u00e9 pour la s\u00e9curit\u00e9 alimentaire et la lutte contre la s\u00e9cheresse au Sahel\"}]},{\"@type\":\"WebSite\",\"@id\":\"https:\\\/\\\/lequotidien.mr\\\/#website\",\"url\":\"https:\\\/\\\/lequotidien.mr\\\/\",\"name\":\"Le Quotidien de Nouakchott\",\"description\":\"\u0625\u062e\u0628\u0627\u0631\u064a\u0629 \u0645\u0633\u062a\u0642\u0644\u0629 \u0644\u0644\u0623\u0646\u0628\u0627\u0621 \u0627\u0644\u0639\u0627\u0645\u0629\",\"publisher\":{\"@id\":\"https:\\\/\\\/lequotidien.mr\\\/#organization\"},\"potentialAction\":[{\"@type\":\"SearchAction\",\"target\":{\"@type\":\"EntryPoint\",\"urlTemplate\":\"https:\\\/\\\/lequotidien.mr\\\/?s={search_term_string}\"},\"query-input\":{\"@type\":\"PropertyValueSpecification\",\"valueRequired\":true,\"valueName\":\"search_term_string\"}}],\"inLanguage\":\"ar\"},{\"@type\":\"Organization\",\"@id\":\"https:\\\/\\\/lequotidien.mr\\\/#organization\",\"name\":\"Le Quotidien de Nouakchott\",\"url\":\"https:\\\/\\\/lequotidien.mr\\\/\",\"logo\":{\"@type\":\"ImageObject\",\"inLanguage\":\"ar\",\"@id\":\"https:\\\/\\\/lequotidien.mr\\\/#\\\/schema\\\/logo\\\/image\\\/\",\"url\":\"https:\\\/\\\/lequotidien.mr\\\/wp-content\\\/uploads\\\/2022\\\/11\\\/logolequotidien.jpg\",\"contentUrl\":\"https:\\\/\\\/lequotidien.mr\\\/wp-content\\\/uploads\\\/2022\\\/11\\\/logolequotidien.jpg\",\"width\":290,\"height\":65,\"caption\":\"Le Quotidien de Nouakchott\"},\"image\":{\"@id\":\"https:\\\/\\\/lequotidien.mr\\\/#\\\/schema\\\/logo\\\/image\\\/\"},\"sameAs\":[\"https:\\\/\\\/web.facebook.com\\\/lequotidienmr\",\"https:\\\/\\\/x.com\\\/lequotidienmr\"]},{\"@type\":\"Person\",\"@id\":\"https:\\\/\\\/lequotidien.mr\\\/#\\\/schema\\\/person\\\/d2d350202a4d599685ed8abc25f97596\",\"name\":\"Med Ahmed\",\"image\":{\"@type\":\"ImageObject\",\"inLanguage\":\"ar\",\"@id\":\"https:\\\/\\\/secure.gravatar.com\\\/avatar\\\/fd2acc62ed50732923d1d39c17172c9b04149f142be92310ecc69e1358f94b52?s=96&d=mm&r=g\",\"url\":\"https:\\\/\\\/secure.gravatar.com\\\/avatar\\\/fd2acc62ed50732923d1d39c17172c9b04149f142be92310ecc69e1358f94b52?s=96&d=mm&r=g\",\"contentUrl\":\"https:\\\/\\\/secure.gravatar.com\\\/avatar\\\/fd2acc62ed50732923d1d39c17172c9b04149f142be92310ecc69e1358f94b52?s=96&d=mm&r=g\",\"caption\":\"Med Ahmed\"},\"url\":\"https:\\\/\\\/lequotidien.mr\\\/?author=12\"}]}<\/script>\n<!-- \/ Yoast SEO plugin. -->","yoast_head_json":{"title":"31\u00e8me Session du Comit\u00e9 R\u00e9gional de Programmation et de Suivi du CILSS \u00e0 Nouakchott : Un engagement renouvel\u00e9 pour la s\u00e9curit\u00e9 alimentaire et la lutte contre la s\u00e9cheresse au Sahel - Le Quotidien de Nouakchott","robots":{"index":"index","follow":"follow","max-snippet":"max-snippet:-1","max-image-preview":"max-image-preview:large","max-video-preview":"max-video-preview:-1"},"canonical":"https:\/\/lequotidien.mr\/?p=22433&lang=fr","og_locale":"ar_AR","og_type":"article","og_title":"31\u00e8me Session du Comit\u00e9 R\u00e9gional de Programmation et de Suivi du CILSS \u00e0 Nouakchott : Un engagement renouvel\u00e9 pour la s\u00e9curit\u00e9 alimentaire et la lutte contre la s\u00e9cheresse au Sahel - Le Quotidien de Nouakchott","og_description":"La capitale mauritanienne, Nouakchott, accueille cette semaine la 31\u00e8me session du Comit\u00e9 R\u00e9gional de Programmation et de Suivi (CRPS) du Comit\u00e9 Permanent Conjoint de lutte contre les effets de la s\u00e9cheresse au Sahel (CILSS). Cette rencontre, ouverte jeudi, marque un moment crucial pour la coordination des efforts de lutte contre les effets d\u00e9vastateurs de la.....","og_url":"https:\/\/lequotidien.mr\/?p=22433&lang=fr","og_site_name":"Le Quotidien de Nouakchott","article_publisher":"https:\/\/web.facebook.com\/lequotidienmr","article_published_time":"2024-10-31T16:19:03+00:00","og_image":[{"width":336,"height":336,"url":"https:\/\/lequotidien.mr\/wp-content\/uploads\/2024\/10\/photo-CILS.jpg","type":"image\/jpeg"}],"author":"Med Ahmed","twitter_card":"summary_large_image","twitter_creator":"@lequotidienmr","twitter_site":"@lequotidienmr","twitter_misc":{"\u0643\u064f\u062a\u0628 \u0628\u0648\u0627\u0633\u0637\u0629":"Med Ahmed","\u0648\u0642\u062a \u0627\u0644\u0642\u0631\u0627\u0621\u0629 \u0627\u0644\u0645\u064f\u0642\u062f\u0651\u0631":"4 \u062f\u0642\u0627\u0626\u0642"},"schema":{"@context":"https:\/\/schema.org","@graph":[{"@type":"Article","@id":"https:\/\/lequotidien.mr\/?p=22433&lang=fr#article","isPartOf":{"@id":"https:\/\/lequotidien.mr\/?p=22433&lang=fr"},"author":{"name":"Med Ahmed","@id":"https:\/\/lequotidien.mr\/#\/schema\/person\/d2d350202a4d599685ed8abc25f97596"},"headline":"31\u00e8me Session du Comit\u00e9 R\u00e9gional de Programmation et de Suivi du CILSS \u00e0 Nouakchott : Un engagement renouvel\u00e9 pour la s\u00e9curit\u00e9 alimentaire et la lutte contre la s\u00e9cheresse au Sahel","datePublished":"2024-10-31T16:19:03+00:00","mainEntityOfPage":{"@id":"https:\/\/lequotidien.mr\/?p=22433&lang=fr"},"wordCount":850,"commentCount":0,"publisher":{"@id":"https:\/\/lequotidien.mr\/#organization"},"image":{"@id":"https:\/\/lequotidien.mr\/?p=22433&lang=fr#primaryimage"},"thumbnailUrl":"https:\/\/lequotidien.mr\/wp-content\/uploads\/2024\/10\/photo-CILS.jpg","articleSection":["ACTUALIT\u00c9","Economie"],"inLanguage":"ar","potentialAction":[{"@type":"CommentAction","name":"Comment","target":["https:\/\/lequotidien.mr\/?p=22433&lang=fr#respond"]}]},{"@type":"WebPage","@id":"https:\/\/lequotidien.mr\/?p=22433&lang=fr","url":"https:\/\/lequotidien.mr\/?p=22433&lang=fr","name":"31\u00e8me Session du Comit\u00e9 R\u00e9gional de Programmation et de Suivi du CILSS \u00e0 Nouakchott : Un engagement renouvel\u00e9 pour la s\u00e9curit\u00e9 alimentaire et la lutte contre la s\u00e9cheresse au Sahel - Le Quotidien de Nouakchott","isPartOf":{"@id":"https:\/\/lequotidien.mr\/#website"},"primaryImageOfPage":{"@id":"https:\/\/lequotidien.mr\/?p=22433&lang=fr#primaryimage"},"image":{"@id":"https:\/\/lequotidien.mr\/?p=22433&lang=fr#primaryimage"},"thumbnailUrl":"https:\/\/lequotidien.mr\/wp-content\/uploads\/2024\/10\/photo-CILS.jpg","datePublished":"2024-10-31T16:19:03+00:00","breadcrumb":{"@id":"https:\/\/lequotidien.mr\/?p=22433&lang=fr#breadcrumb"},"inLanguage":"ar","potentialAction":[{"@type":"ReadAction","target":["https:\/\/lequotidien.mr\/?p=22433&lang=fr"]}]},{"@type":"ImageObject","inLanguage":"ar","@id":"https:\/\/lequotidien.mr\/?p=22433&lang=fr#primaryimage","url":"https:\/\/lequotidien.mr\/wp-content\/uploads\/2024\/10\/photo-CILS.jpg","contentUrl":"https:\/\/lequotidien.mr\/wp-content\/uploads\/2024\/10\/photo-CILS.jpg","width":336,"height":336},{"@type":"BreadcrumbList","@id":"https:\/\/lequotidien.mr\/?p=22433&lang=fr#breadcrumb","itemListElement":[{"@type":"ListItem","position":1,"name":"Home","item":"https:\/\/lequotidien.mr\/"},{"@type":"ListItem","position":2,"name":"31\u00e8me Session du Comit\u00e9 R\u00e9gional de Programmation et de Suivi du CILSS \u00e0 Nouakchott : Un engagement renouvel\u00e9 pour la s\u00e9curit\u00e9 alimentaire et la lutte contre la s\u00e9cheresse au Sahel"}]},{"@type":"WebSite","@id":"https:\/\/lequotidien.mr\/#website","url":"https:\/\/lequotidien.mr\/","name":"Le Quotidien de Nouakchott","description":"\u0625\u062e\u0628\u0627\u0631\u064a\u0629 \u0645\u0633\u062a\u0642\u0644\u0629 \u0644\u0644\u0623\u0646\u0628\u0627\u0621 \u0627\u0644\u0639\u0627\u0645\u0629","publisher":{"@id":"https:\/\/lequotidien.mr\/#organization"},"potentialAction":[{"@type":"SearchAction","target":{"@type":"EntryPoint","urlTemplate":"https:\/\/lequotidien.mr\/?s={search_term_string}"},"query-input":{"@type":"PropertyValueSpecification","valueRequired":true,"valueName":"search_term_string"}}],"inLanguage":"ar"},{"@type":"Organization","@id":"https:\/\/lequotidien.mr\/#organization","name":"Le Quotidien de Nouakchott","url":"https:\/\/lequotidien.mr\/","logo":{"@type":"ImageObject","inLanguage":"ar","@id":"https:\/\/lequotidien.mr\/#\/schema\/logo\/image\/","url":"https:\/\/lequotidien.mr\/wp-content\/uploads\/2022\/11\/logolequotidien.jpg","contentUrl":"https:\/\/lequotidien.mr\/wp-content\/uploads\/2022\/11\/logolequotidien.jpg","width":290,"height":65,"caption":"Le Quotidien de Nouakchott"},"image":{"@id":"https:\/\/lequotidien.mr\/#\/schema\/logo\/image\/"},"sameAs":["https:\/\/web.facebook.com\/lequotidienmr","https:\/\/x.com\/lequotidienmr"]},{"@type":"Person","@id":"https:\/\/lequotidien.mr\/#\/schema\/person\/d2d350202a4d599685ed8abc25f97596","name":"Med Ahmed","image":{"@type":"ImageObject","inLanguage":"ar","@id":"https:\/\/secure.gravatar.com\/avatar\/fd2acc62ed50732923d1d39c17172c9b04149f142be92310ecc69e1358f94b52?s=96&d=mm&r=g","url":"https:\/\/secure.gravatar.com\/avatar\/fd2acc62ed50732923d1d39c17172c9b04149f142be92310ecc69e1358f94b52?s=96&d=mm&r=g","contentUrl":"https:\/\/secure.gravatar.com\/avatar\/fd2acc62ed50732923d1d39c17172c9b04149f142be92310ecc69e1358f94b52?s=96&d=mm&r=g","caption":"Med Ahmed"},"url":"https:\/\/lequotidien.mr\/?author=12"}]}},"_links":{"self":[{"href":"https:\/\/lequotidien.mr\/index.php?rest_route=\/wp\/v2\/posts\/22433","targetHints":{"allow":["GET"]}}],"collection":[{"href":"https:\/\/lequotidien.mr\/index.php?rest_route=\/wp\/v2\/posts"}],"about":[{"href":"https:\/\/lequotidien.mr\/index.php?rest_route=\/wp\/v2\/types\/post"}],"author":[{"embeddable":true,"href":"https:\/\/lequotidien.mr\/index.php?rest_route=\/wp\/v2\/users\/12"}],"replies":[{"embeddable":true,"href":"https:\/\/lequotidien.mr\/index.php?rest_route=%2Fwp%2Fv2%2Fcomments&post=22433"}],"version-history":[{"count":1,"href":"https:\/\/lequotidien.mr\/index.php?rest_route=\/wp\/v2\/posts\/22433\/revisions"}],"predecessor-version":[{"id":22435,"href":"https:\/\/lequotidien.mr\/index.php?rest_route=\/wp\/v2\/posts\/22433\/revisions\/22435"}],"wp:featuredmedia":[{"embeddable":true,"href":"https:\/\/lequotidien.mr\/index.php?rest_route=\/wp\/v2\/media\/22434"}],"wp:attachment":[{"href":"https:\/\/lequotidien.mr\/index.php?rest_route=%2Fwp%2Fv2%2Fmedia&parent=22433"}],"wp:term":[{"taxonomy":"category","embeddable":true,"href":"https:\/\/lequotidien.mr\/index.php?rest_route=%2Fwp%2Fv2%2Fcategories&post=22433"},{"taxonomy":"post_tag","embeddable":true,"href":"https:\/\/lequotidien.mr\/index.php?rest_route=%2Fwp%2Fv2%2Ftags&post=22433"}],"curies":[{"name":"wp","href":"https:\/\/api.w.org\/{rel}","templated":true}]}}