{"id":2241,"date":"2022-12-24T16:13:46","date_gmt":"2022-12-24T16:13:46","guid":{"rendered":"https:\/\/lequotidien.mr\/?p=2241"},"modified":"2022-12-24T16:13:46","modified_gmt":"2022-12-24T16:13:46","slug":"ifc-va-renforcer-ses-investissements-et-son-soutien-au-secteur-prive-en-mauritanie","status":"publish","type":"post","link":"https:\/\/lequotidien.mr\/?p=2241&lang=fr","title":{"rendered":"IFC va renforcer ses investissements et son soutien au secteur priv\u00e9 en Mauritanie"},"content":{"rendered":"<p>Nouakchott (Mauritanie), 23 d\u00e9cembre 2022 \u2013 Le directeur g\u00e9n\u00e9ral de la Soci\u00e9t\u00e9 financi\u00e8re internationale (IFC), Makhtar Diop, a r\u00e9affirm\u00e9 l\u2019engagement d\u2019IFC \u00e0 accro\u00eetre ses investissements et sa pr\u00e9sence en Mauritanie, en particulier dans les services financiers, l&#8217;agro-industrie et les \u00e9nergies vertes.<\/p>\n<p>Il a \u00e9galement r\u00e9it\u00e9r\u00e9 la volont\u00e9 d\u2019IFC d\u2019aider le pays \u00e0 renforcer et \u00e0 diversifier son secteur priv\u00e9 afin de favoriser une croissance inclusive et cr\u00e9er des emplois.<\/p>\n<p>Ces annonces ont \u00e9t\u00e9 faites par M. Diop alors qu\u2019il achevait une visite dans le pays au cours de laquelle il a rencontr\u00e9 des partenaires de haut niveau des secteurs priv\u00e9 et public, notamment Son Excellence le Pr\u00e9sident Mohamed Ould Cheikh El Ghazouani et le Ministre des Affaires \u00e9conomiques, Ousmane Mamoudou Kane.<\/p>\n<p>Il s&#8217;agissait du premier voyage officiel de M. Diop en Mauritanie en tant que directeur g\u00e9n\u00e9ral d&#8217;IFC. Au cours de ses entretiens, il a mis en lumi\u00e8re la mani\u00e8re dont IFC peut renforcer son soutien au secteur priv\u00e9 mauritanien, tout particuli\u00e8rement dans les secteurs de l\u2019acc\u00e8s au financement pour les petites et moyennes entreprises (PME), des infrastructures et des partenariats public-priv\u00e9.<\/p>\n<p>M. Diop a \u00e9galement particip\u00e9 \u00e0 une table ronde avec des chefs d&#8217;entreprise afin de discuter des difficult\u00e9s auxquelles le secteur priv\u00e9 est confront\u00e9 et d&#8217;\u00e9changer sur les possibilit\u00e9s de croissance et de partenariats.<\/p>\n<p>\u00ab Un secteur priv\u00e9 plus fort et en phase avec la strat\u00e9gie de diversification \u00e9conomique du pays permettra \u00e0 la Mauritanie de mieux rebondir suite \u00e0 la pand\u00e9mie de COVID mais aussi de mieux faire face aux crises actuelles, a d\u00e9clar\u00e9 M. Diop. IFC est d\u00e9termin\u00e9e \u00e0 soutenir la croissance en Mauritanie et entend accroitre ses investissements, notamment dans l&#8217;agro-industrie et les \u00e9nergies vertes. IFC est \u00e9galement engag\u00e9e \u00e0 contribuer davantage au renforcement du capital humain du pays, et \u00e0 promouvoir un meilleur climat des affaires afin de favoriser une \u00e9conomie plus inclusive, plus diversifi\u00e9e et plus r\u00e9siliente. \u00bb<\/p>\n<p>Avec une croissance qui devrait atteindre 4 % en 2022 et s&#8217;acc\u00e9l\u00e9rer \u00e0 5,1 % en 2023, la Mauritanie est bien engag\u00e9e sur la voie de la reprise post-COVID. Un secteur priv\u00e9 plus robuste pourrait cependant permettre, \u00e0 plus long terme, d&#8217;acc\u00e9l\u00e9rer le d\u00e9veloppement \u00e9conomique et social et la cr\u00e9ation d&#8217;emplois.<\/p>\n<p>IFC a consid\u00e9rablement renforc\u00e9 ses investissements en Mauritanie au cours des trois derni\u00e8res ann\u00e9es, avec des financements d&#8217;un montant total de pr\u00e8s d&#8217;un milliard de dollars (en tenant compte des fonds mobilis\u00e9s aupr\u00e8s d&#8217;autres sources). Ses engagements r\u00e9cents concernent plusieurs investissements dans les secteurs \u00e9nerg\u00e9tique et minier. La strat\u00e9gie d&#8217;IFC dans le pays met \u00e9galement l&#8217;accent sur l&#8217;agro-industrie et l&#8217;acc\u00e8s des PME au financement.<\/p>\n<p><u>\u00c0 propos d&#8217;IFC<\/u><\/p>\n<p>La Soci\u00e9t\u00e9 financi\u00e8re internationale (IFC), membre du Groupe de la Banque mondiale, est la principale institution de d\u00e9veloppement ax\u00e9e sur le secteur priv\u00e9 dans les march\u00e9s \u00e9mergents. Elle est active dans plus de 100 pays et consacre son capital, ses comp\u00e9tences et son influence \u00e0 la cr\u00e9ation de march\u00e9s et de d\u00e9bouch\u00e9s dans les pays en d\u00e9veloppement. Au cours de l\u2019exercice 2022, IFC a engag\u00e9 un montant record de 32,8 milliards de dollars au profit de soci\u00e9t\u00e9s priv\u00e9es et d\u2019institutions financi\u00e8res dans des pays en d\u00e9veloppement, mobilisant ainsi les capacit\u00e9s du secteur priv\u00e9 pour mettre fin \u00e0 l\u2019extr\u00eame pauvret\u00e9 et promouvoir une prosp\u00e9rit\u00e9 partag\u00e9e dans des \u00e9conomies aux prises avec les cons\u00e9quences de crises mondiales multiples. Pour en savoir plus, rendez-vous sur www.ifc.org.<\/p>\n<p>Suivez l&#8217;actualit\u00e9 d\u2019IFC<\/p>\n<p>www.facebook.com\/IFCwbg<\/p>\n<p>www.twitter.com\/IFC_org<\/p>\n<p>www.youtube.com\/IFCvideocasts<\/p>\n<p>www.ifc.org\/SocialMediaIndex<\/p>\n<p>www.instagram.com\/ifc_org<\/p>\n<p>www.ifc.org\/infrastructure<\/p>\n","protected":false},"excerpt":{"rendered":"<p>Nouakchott (Mauritanie), 23 d\u00e9cembre 2022 \u2013 Le directeur g\u00e9n\u00e9ral de la Soci\u00e9t\u00e9 financi\u00e8re internationale (IFC), Makhtar Diop, a r\u00e9affirm\u00e9 l\u2019engagement d\u2019IFC \u00e0 accro\u00eetre ses investissements et sa pr\u00e9sence en Mauritanie, en particulier dans les services financiers, l&#8217;agro-industrie et les \u00e9nergies vertes. Il a \u00e9galement r\u00e9it\u00e9r\u00e9 la volont\u00e9 d\u2019IFC d\u2019aider le pays \u00e0 renforcer et \u00e0&#8230;..<\/p>\n","protected":false},"author":5,"featured_media":2242,"comment_status":"open","ping_status":"open","sticky":false,"template":"","format":"standard","meta":{"footnotes":""},"categories":[23,49],"tags":[],"class_list":["post-2241","post","type-post","status-publish","format-standard","has-post-thumbnail","hentry","category-actualite","category-economie"],"yoast_head":"<!-- This site is optimized with the Yoast SEO plugin v27.5 - https:\/\/yoast.com\/product\/yoast-seo-wordpress\/ -->\n<title>IFC va renforcer ses investissements et son soutien au secteur priv\u00e9 en Mauritanie - Le Quotidien de Nouakchott<\/title>\n<meta name=\"robots\" content=\"index, follow, max-snippet:-1, max-image-preview:large, max-video-preview:-1\" \/>\n<link rel=\"canonical\" href=\"https:\/\/lequotidien.mr\/?p=2241&lang=fr\" \/>\n<meta property=\"og:locale\" content=\"ar_AR\" \/>\n<meta property=\"og:type\" content=\"article\" \/>\n<meta property=\"og:title\" content=\"IFC va renforcer ses investissements et son soutien au secteur priv\u00e9 en Mauritanie - Le Quotidien de Nouakchott\" \/>\n<meta property=\"og:description\" content=\"Nouakchott (Mauritanie), 23 d\u00e9cembre 2022 \u2013 Le directeur g\u00e9n\u00e9ral de la Soci\u00e9t\u00e9 financi\u00e8re internationale (IFC), Makhtar Diop, a r\u00e9affirm\u00e9 l\u2019engagement d\u2019IFC \u00e0 accro\u00eetre ses investissements et sa pr\u00e9sence en Mauritanie, en particulier dans les services financiers, l&#8217;agro-industrie et les \u00e9nergies vertes. Il a \u00e9galement r\u00e9it\u00e9r\u00e9 la volont\u00e9 d\u2019IFC d\u2019aider le pays \u00e0 renforcer et \u00e0.....\" \/>\n<meta property=\"og:url\" content=\"https:\/\/lequotidien.mr\/?p=2241&amp;lang=fr\" \/>\n<meta property=\"og:site_name\" content=\"Le Quotidien de Nouakchott\" \/>\n<meta property=\"article:publisher\" content=\"https:\/\/web.facebook.com\/lequotidienmr\" \/>\n<meta property=\"article:published_time\" content=\"2022-12-24T16:13:46+00:00\" \/>\n<meta property=\"og:image\" content=\"https:\/\/lequotidien.mr\/wp-content\/uploads\/2022\/12\/Makhtar_Diop_Ghazouani.jpeg\" \/>\n\t<meta property=\"og:image:width\" content=\"1024\" \/>\n\t<meta property=\"og:image:height\" content=\"698\" \/>\n\t<meta property=\"og:image:type\" content=\"image\/jpeg\" \/>\n<meta name=\"author\" content=\"Gayi Diawara\" \/>\n<meta name=\"twitter:card\" content=\"summary_large_image\" \/>\n<meta name=\"twitter:creator\" content=\"@lequotidienmr\" \/>\n<meta name=\"twitter:site\" content=\"@lequotidienmr\" \/>\n<meta name=\"twitter:label1\" content=\"\u0643\u064f\u062a\u0628 \u0628\u0648\u0627\u0633\u0637\u0629\" \/>\n\t<meta name=\"twitter:data1\" content=\"Gayi Diawara\" \/>\n\t<meta name=\"twitter:label2\" content=\"\u0648\u0642\u062a \u0627\u0644\u0642\u0631\u0627\u0621\u0629 \u0627\u0644\u0645\u064f\u0642\u062f\u0651\u0631\" \/>\n\t<meta name=\"twitter:data2\" content=\"3 \u062f\u0642\u0627\u0626\u0642\" \/>\n<script type=\"application\/ld+json\" class=\"yoast-schema-graph\">{\"@context\":\"https:\\\/\\\/schema.org\",\"@graph\":[{\"@type\":\"Article\",\"@id\":\"https:\\\/\\\/lequotidien.mr\\\/?p=2241&lang=fr#article\",\"isPartOf\":{\"@id\":\"https:\\\/\\\/lequotidien.mr\\\/?p=2241&lang=fr\"},\"author\":{\"name\":\"Gayi Diawara\",\"@id\":\"https:\\\/\\\/lequotidien.mr\\\/#\\\/schema\\\/person\\\/1077c8abd5640a6514b909318d271dee\"},\"headline\":\"IFC va renforcer ses investissements et son soutien au secteur priv\u00e9 en Mauritanie\",\"datePublished\":\"2022-12-24T16:13:46+00:00\",\"mainEntityOfPage\":{\"@id\":\"https:\\\/\\\/lequotidien.mr\\\/?p=2241&lang=fr\"},\"wordCount\":666,\"commentCount\":0,\"publisher\":{\"@id\":\"https:\\\/\\\/lequotidien.mr\\\/#organization\"},\"image\":{\"@id\":\"https:\\\/\\\/lequotidien.mr\\\/?p=2241&lang=fr#primaryimage\"},\"thumbnailUrl\":\"https:\\\/\\\/lequotidien.mr\\\/wp-content\\\/uploads\\\/2022\\\/12\\\/Makhtar_Diop_Ghazouani.jpeg\",\"articleSection\":[\"ACTUALIT\u00c9\",\"Economie\"],\"inLanguage\":\"ar\",\"potentialAction\":[{\"@type\":\"CommentAction\",\"name\":\"Comment\",\"target\":[\"https:\\\/\\\/lequotidien.mr\\\/?p=2241&lang=fr#respond\"]}]},{\"@type\":\"WebPage\",\"@id\":\"https:\\\/\\\/lequotidien.mr\\\/?p=2241&lang=fr\",\"url\":\"https:\\\/\\\/lequotidien.mr\\\/?p=2241&lang=fr\",\"name\":\"IFC va renforcer ses investissements et son soutien au secteur priv\u00e9 en Mauritanie - Le Quotidien de Nouakchott\",\"isPartOf\":{\"@id\":\"https:\\\/\\\/lequotidien.mr\\\/#website\"},\"primaryImageOfPage\":{\"@id\":\"https:\\\/\\\/lequotidien.mr\\\/?p=2241&lang=fr#primaryimage\"},\"image\":{\"@id\":\"https:\\\/\\\/lequotidien.mr\\\/?p=2241&lang=fr#primaryimage\"},\"thumbnailUrl\":\"https:\\\/\\\/lequotidien.mr\\\/wp-content\\\/uploads\\\/2022\\\/12\\\/Makhtar_Diop_Ghazouani.jpeg\",\"datePublished\":\"2022-12-24T16:13:46+00:00\",\"breadcrumb\":{\"@id\":\"https:\\\/\\\/lequotidien.mr\\\/?p=2241&lang=fr#breadcrumb\"},\"inLanguage\":\"ar\",\"potentialAction\":[{\"@type\":\"ReadAction\",\"target\":[\"https:\\\/\\\/lequotidien.mr\\\/?p=2241&lang=fr\"]}]},{\"@type\":\"ImageObject\",\"inLanguage\":\"ar\",\"@id\":\"https:\\\/\\\/lequotidien.mr\\\/?p=2241&lang=fr#primaryimage\",\"url\":\"https:\\\/\\\/lequotidien.mr\\\/wp-content\\\/uploads\\\/2022\\\/12\\\/Makhtar_Diop_Ghazouani.jpeg\",\"contentUrl\":\"https:\\\/\\\/lequotidien.mr\\\/wp-content\\\/uploads\\\/2022\\\/12\\\/Makhtar_Diop_Ghazouani.jpeg\",\"width\":1024,\"height\":698},{\"@type\":\"BreadcrumbList\",\"@id\":\"https:\\\/\\\/lequotidien.mr\\\/?p=2241&lang=fr#breadcrumb\",\"itemListElement\":[{\"@type\":\"ListItem\",\"position\":1,\"name\":\"Home\",\"item\":\"https:\\\/\\\/lequotidien.mr\\\/\"},{\"@type\":\"ListItem\",\"position\":2,\"name\":\"IFC va renforcer ses investissements et son soutien au secteur priv\u00e9 en Mauritanie\"}]},{\"@type\":\"WebSite\",\"@id\":\"https:\\\/\\\/lequotidien.mr\\\/#website\",\"url\":\"https:\\\/\\\/lequotidien.mr\\\/\",\"name\":\"Le Quotidien de Nouakchott\",\"description\":\"\u0625\u062e\u0628\u0627\u0631\u064a\u0629 \u0645\u0633\u062a\u0642\u0644\u0629 \u0644\u0644\u0623\u0646\u0628\u0627\u0621 \u0627\u0644\u0639\u0627\u0645\u0629\",\"publisher\":{\"@id\":\"https:\\\/\\\/lequotidien.mr\\\/#organization\"},\"potentialAction\":[{\"@type\":\"SearchAction\",\"target\":{\"@type\":\"EntryPoint\",\"urlTemplate\":\"https:\\\/\\\/lequotidien.mr\\\/?s={search_term_string}\"},\"query-input\":{\"@type\":\"PropertyValueSpecification\",\"valueRequired\":true,\"valueName\":\"search_term_string\"}}],\"inLanguage\":\"ar\"},{\"@type\":\"Organization\",\"@id\":\"https:\\\/\\\/lequotidien.mr\\\/#organization\",\"name\":\"Le Quotidien de Nouakchott\",\"url\":\"https:\\\/\\\/lequotidien.mr\\\/\",\"logo\":{\"@type\":\"ImageObject\",\"inLanguage\":\"ar\",\"@id\":\"https:\\\/\\\/lequotidien.mr\\\/#\\\/schema\\\/logo\\\/image\\\/\",\"url\":\"https:\\\/\\\/lequotidien.mr\\\/wp-content\\\/uploads\\\/2022\\\/11\\\/logolequotidien.jpg\",\"contentUrl\":\"https:\\\/\\\/lequotidien.mr\\\/wp-content\\\/uploads\\\/2022\\\/11\\\/logolequotidien.jpg\",\"width\":290,\"height\":65,\"caption\":\"Le Quotidien de Nouakchott\"},\"image\":{\"@id\":\"https:\\\/\\\/lequotidien.mr\\\/#\\\/schema\\\/logo\\\/image\\\/\"},\"sameAs\":[\"https:\\\/\\\/web.facebook.com\\\/lequotidienmr\",\"https:\\\/\\\/x.com\\\/lequotidienmr\"]},{\"@type\":\"Person\",\"@id\":\"https:\\\/\\\/lequotidien.mr\\\/#\\\/schema\\\/person\\\/1077c8abd5640a6514b909318d271dee\",\"name\":\"Gayi Diawara\",\"image\":{\"@type\":\"ImageObject\",\"inLanguage\":\"ar\",\"@id\":\"https:\\\/\\\/secure.gravatar.com\\\/avatar\\\/63ea8db1e19a6d2d608b24c0f78b5f3a7d6e0bc11959fec273410af333e4d0ac?s=96&d=mm&r=g\",\"url\":\"https:\\\/\\\/secure.gravatar.com\\\/avatar\\\/63ea8db1e19a6d2d608b24c0f78b5f3a7d6e0bc11959fec273410af333e4d0ac?s=96&d=mm&r=g\",\"contentUrl\":\"https:\\\/\\\/secure.gravatar.com\\\/avatar\\\/63ea8db1e19a6d2d608b24c0f78b5f3a7d6e0bc11959fec273410af333e4d0ac?s=96&d=mm&r=g\",\"caption\":\"Gayi Diawara\"},\"sameAs\":[\"http:\\\/\\\/lequotidien.mr\"],\"url\":\"https:\\\/\\\/lequotidien.mr\\\/?author=5\"}]}<\/script>\n<!-- \/ Yoast SEO plugin. -->","yoast_head_json":{"title":"IFC va renforcer ses investissements et son soutien au secteur priv\u00e9 en Mauritanie - Le Quotidien de Nouakchott","robots":{"index":"index","follow":"follow","max-snippet":"max-snippet:-1","max-image-preview":"max-image-preview:large","max-video-preview":"max-video-preview:-1"},"canonical":"https:\/\/lequotidien.mr\/?p=2241&lang=fr","og_locale":"ar_AR","og_type":"article","og_title":"IFC va renforcer ses investissements et son soutien au secteur priv\u00e9 en Mauritanie - Le Quotidien de Nouakchott","og_description":"Nouakchott (Mauritanie), 23 d\u00e9cembre 2022 \u2013 Le directeur g\u00e9n\u00e9ral de la Soci\u00e9t\u00e9 financi\u00e8re internationale (IFC), Makhtar Diop, a r\u00e9affirm\u00e9 l\u2019engagement d\u2019IFC \u00e0 accro\u00eetre ses investissements et sa pr\u00e9sence en Mauritanie, en particulier dans les services financiers, l&#8217;agro-industrie et les \u00e9nergies vertes. Il a \u00e9galement r\u00e9it\u00e9r\u00e9 la volont\u00e9 d\u2019IFC d\u2019aider le pays \u00e0 renforcer et \u00e0.....","og_url":"https:\/\/lequotidien.mr\/?p=2241&lang=fr","og_site_name":"Le Quotidien de Nouakchott","article_publisher":"https:\/\/web.facebook.com\/lequotidienmr","article_published_time":"2022-12-24T16:13:46+00:00","og_image":[{"width":1024,"height":698,"url":"https:\/\/lequotidien.mr\/wp-content\/uploads\/2022\/12\/Makhtar_Diop_Ghazouani.jpeg","type":"image\/jpeg"}],"author":"Gayi Diawara","twitter_card":"summary_large_image","twitter_creator":"@lequotidienmr","twitter_site":"@lequotidienmr","twitter_misc":{"\u0643\u064f\u062a\u0628 \u0628\u0648\u0627\u0633\u0637\u0629":"Gayi Diawara","\u0648\u0642\u062a \u0627\u0644\u0642\u0631\u0627\u0621\u0629 \u0627\u0644\u0645\u064f\u0642\u062f\u0651\u0631":"3 \u062f\u0642\u0627\u0626\u0642"},"schema":{"@context":"https:\/\/schema.org","@graph":[{"@type":"Article","@id":"https:\/\/lequotidien.mr\/?p=2241&lang=fr#article","isPartOf":{"@id":"https:\/\/lequotidien.mr\/?p=2241&lang=fr"},"author":{"name":"Gayi Diawara","@id":"https:\/\/lequotidien.mr\/#\/schema\/person\/1077c8abd5640a6514b909318d271dee"},"headline":"IFC va renforcer ses investissements et son soutien au secteur priv\u00e9 en Mauritanie","datePublished":"2022-12-24T16:13:46+00:00","mainEntityOfPage":{"@id":"https:\/\/lequotidien.mr\/?p=2241&lang=fr"},"wordCount":666,"commentCount":0,"publisher":{"@id":"https:\/\/lequotidien.mr\/#organization"},"image":{"@id":"https:\/\/lequotidien.mr\/?p=2241&lang=fr#primaryimage"},"thumbnailUrl":"https:\/\/lequotidien.mr\/wp-content\/uploads\/2022\/12\/Makhtar_Diop_Ghazouani.jpeg","articleSection":["ACTUALIT\u00c9","Economie"],"inLanguage":"ar","potentialAction":[{"@type":"CommentAction","name":"Comment","target":["https:\/\/lequotidien.mr\/?p=2241&lang=fr#respond"]}]},{"@type":"WebPage","@id":"https:\/\/lequotidien.mr\/?p=2241&lang=fr","url":"https:\/\/lequotidien.mr\/?p=2241&lang=fr","name":"IFC va renforcer ses investissements et son soutien au secteur priv\u00e9 en Mauritanie - Le Quotidien de Nouakchott","isPartOf":{"@id":"https:\/\/lequotidien.mr\/#website"},"primaryImageOfPage":{"@id":"https:\/\/lequotidien.mr\/?p=2241&lang=fr#primaryimage"},"image":{"@id":"https:\/\/lequotidien.mr\/?p=2241&lang=fr#primaryimage"},"thumbnailUrl":"https:\/\/lequotidien.mr\/wp-content\/uploads\/2022\/12\/Makhtar_Diop_Ghazouani.jpeg","datePublished":"2022-12-24T16:13:46+00:00","breadcrumb":{"@id":"https:\/\/lequotidien.mr\/?p=2241&lang=fr#breadcrumb"},"inLanguage":"ar","potentialAction":[{"@type":"ReadAction","target":["https:\/\/lequotidien.mr\/?p=2241&lang=fr"]}]},{"@type":"ImageObject","inLanguage":"ar","@id":"https:\/\/lequotidien.mr\/?p=2241&lang=fr#primaryimage","url":"https:\/\/lequotidien.mr\/wp-content\/uploads\/2022\/12\/Makhtar_Diop_Ghazouani.jpeg","contentUrl":"https:\/\/lequotidien.mr\/wp-content\/uploads\/2022\/12\/Makhtar_Diop_Ghazouani.jpeg","width":1024,"height":698},{"@type":"BreadcrumbList","@id":"https:\/\/lequotidien.mr\/?p=2241&lang=fr#breadcrumb","itemListElement":[{"@type":"ListItem","position":1,"name":"Home","item":"https:\/\/lequotidien.mr\/"},{"@type":"ListItem","position":2,"name":"IFC va renforcer ses investissements et son soutien au secteur priv\u00e9 en Mauritanie"}]},{"@type":"WebSite","@id":"https:\/\/lequotidien.mr\/#website","url":"https:\/\/lequotidien.mr\/","name":"Le Quotidien de Nouakchott","description":"\u0625\u062e\u0628\u0627\u0631\u064a\u0629 \u0645\u0633\u062a\u0642\u0644\u0629 \u0644\u0644\u0623\u0646\u0628\u0627\u0621 \u0627\u0644\u0639\u0627\u0645\u0629","publisher":{"@id":"https:\/\/lequotidien.mr\/#organization"},"potentialAction":[{"@type":"SearchAction","target":{"@type":"EntryPoint","urlTemplate":"https:\/\/lequotidien.mr\/?s={search_term_string}"},"query-input":{"@type":"PropertyValueSpecification","valueRequired":true,"valueName":"search_term_string"}}],"inLanguage":"ar"},{"@type":"Organization","@id":"https:\/\/lequotidien.mr\/#organization","name":"Le Quotidien de Nouakchott","url":"https:\/\/lequotidien.mr\/","logo":{"@type":"ImageObject","inLanguage":"ar","@id":"https:\/\/lequotidien.mr\/#\/schema\/logo\/image\/","url":"https:\/\/lequotidien.mr\/wp-content\/uploads\/2022\/11\/logolequotidien.jpg","contentUrl":"https:\/\/lequotidien.mr\/wp-content\/uploads\/2022\/11\/logolequotidien.jpg","width":290,"height":65,"caption":"Le Quotidien de Nouakchott"},"image":{"@id":"https:\/\/lequotidien.mr\/#\/schema\/logo\/image\/"},"sameAs":["https:\/\/web.facebook.com\/lequotidienmr","https:\/\/x.com\/lequotidienmr"]},{"@type":"Person","@id":"https:\/\/lequotidien.mr\/#\/schema\/person\/1077c8abd5640a6514b909318d271dee","name":"Gayi Diawara","image":{"@type":"ImageObject","inLanguage":"ar","@id":"https:\/\/secure.gravatar.com\/avatar\/63ea8db1e19a6d2d608b24c0f78b5f3a7d6e0bc11959fec273410af333e4d0ac?s=96&d=mm&r=g","url":"https:\/\/secure.gravatar.com\/avatar\/63ea8db1e19a6d2d608b24c0f78b5f3a7d6e0bc11959fec273410af333e4d0ac?s=96&d=mm&r=g","contentUrl":"https:\/\/secure.gravatar.com\/avatar\/63ea8db1e19a6d2d608b24c0f78b5f3a7d6e0bc11959fec273410af333e4d0ac?s=96&d=mm&r=g","caption":"Gayi Diawara"},"sameAs":["http:\/\/lequotidien.mr"],"url":"https:\/\/lequotidien.mr\/?author=5"}]}},"_links":{"self":[{"href":"https:\/\/lequotidien.mr\/index.php?rest_route=\/wp\/v2\/posts\/2241","targetHints":{"allow":["GET"]}}],"collection":[{"href":"https:\/\/lequotidien.mr\/index.php?rest_route=\/wp\/v2\/posts"}],"about":[{"href":"https:\/\/lequotidien.mr\/index.php?rest_route=\/wp\/v2\/types\/post"}],"author":[{"embeddable":true,"href":"https:\/\/lequotidien.mr\/index.php?rest_route=\/wp\/v2\/users\/5"}],"replies":[{"embeddable":true,"href":"https:\/\/lequotidien.mr\/index.php?rest_route=%2Fwp%2Fv2%2Fcomments&post=2241"}],"version-history":[{"count":1,"href":"https:\/\/lequotidien.mr\/index.php?rest_route=\/wp\/v2\/posts\/2241\/revisions"}],"predecessor-version":[{"id":2243,"href":"https:\/\/lequotidien.mr\/index.php?rest_route=\/wp\/v2\/posts\/2241\/revisions\/2243"}],"wp:featuredmedia":[{"embeddable":true,"href":"https:\/\/lequotidien.mr\/index.php?rest_route=\/wp\/v2\/media\/2242"}],"wp:attachment":[{"href":"https:\/\/lequotidien.mr\/index.php?rest_route=%2Fwp%2Fv2%2Fmedia&parent=2241"}],"wp:term":[{"taxonomy":"category","embeddable":true,"href":"https:\/\/lequotidien.mr\/index.php?rest_route=%2Fwp%2Fv2%2Fcategories&post=2241"},{"taxonomy":"post_tag","embeddable":true,"href":"https:\/\/lequotidien.mr\/index.php?rest_route=%2Fwp%2Fv2%2Ftags&post=2241"}],"curies":[{"name":"wp","href":"https:\/\/api.w.org\/{rel}","templated":true}]}}