{"id":22392,"date":"2024-10-30T11:54:11","date_gmt":"2024-10-30T11:54:11","guid":{"rendered":"https:\/\/lequotidien.mr\/?p=22392"},"modified":"2024-10-30T11:54:11","modified_gmt":"2024-10-30T11:54:11","slug":"mauritanie-accueil-de-400-000-migrants-saheliens-et-defis-humanitaires-croissants","status":"publish","type":"post","link":"https:\/\/lequotidien.mr\/?p=22392&lang=fr","title":{"rendered":"Mauritanie : Accueil de 400 000 migrants sah\u00e9liens et d\u00e9fis humanitaires croissants\u00a0"},"content":{"rendered":"<p>Le ministre des Affaires \u00e9trang\u00e8res, de la Coop\u00e9ration africaine et des Mauritaniens \u00e0 l&#8217;\u00e9tranger, Mohamed Salem Ould Merzoug, a annonc\u00e9 que la Mauritanie h\u00e9berge entre 350 000 et 400 000 migrants provenant des pays du Sahel, soit environ 10 % de la population totale du pays. Cette d\u00e9claration a \u00e9t\u00e9 faite lors de l&#8217;ouverture de la conf\u00e9rence des donateurs pour le soutien aux r\u00e9fugi\u00e9s du Sahel et du bassin du lac Tchad, organis\u00e9e samedi \u00e0 Djeddah, en Arabie saoudite.<\/p>\n<p>Lors de son intervention, Ould Merzoug a soulign\u00e9 l&#8217;importance de l&#8217;assistance internationale pour soutenir les efforts de la Mauritanie, qui accueille un nombre significatif de r\u00e9fugi\u00e9s, notamment au camp de MBerra, situ\u00e9 dans la r\u00e9gion du Hodh El Chargui. Depuis sa cr\u00e9ation en 2012, le camp abrite plus de 250 000 r\u00e9fugi\u00e9s maliens, et a atteint, il y a plus d&#8217;un an, sa capacit\u00e9 maximale d&#8217;accueil.<\/p>\n<p>Le ministre a expliqu\u00e9 que la saturation du camp pousse les nouveaux arrivants \u00e0 se disperser dans les villages voisins, d\u00e9j\u00e0 affect\u00e9s par les effets du changement climatique, notamment la d\u00e9sertification et la raret\u00e9 des ressources en eau. Cette situation aggrave les tensions autour des ressources limit\u00e9es, telles que l&#8217;acc\u00e8s \u00e0 l&#8217;eau potable, l&#8217;assainissement, le logement et l&#8217;alimentation, affectant tant les r\u00e9fugi\u00e9s que les communaut\u00e9s h\u00f4tes.<\/p>\n<p>Conscient de ces d\u00e9fis, le gouvernement mauritanien s\u2019est engag\u00e9 \u00e0 int\u00e9grer les r\u00e9fugi\u00e9s dans les syst\u00e8mes nationaux de protection sociale et d&#8217;\u00e9ducation. La transformation du camp de MBerra en une institution humanitaire durable et dot\u00e9e de services de base est \u00e9galement \u00e0 l&#8217;ordre du jour. Ould Merzoug a insist\u00e9 sur le fait que cet engagement repr\u00e9sente un effort consid\u00e9rable pour un pays aux ressources limit\u00e9es, n\u00e9cessitant un soutien accru de la communaut\u00e9 internationale.<\/p>\n<p>Le ministre a \u00e9galement mis en lumi\u00e8re les efforts d\u00e9ploy\u00e9s par la Mauritanie pour g\u00e9rer les flux migratoires. Une part importante des ressources des forces de s\u00e9curit\u00e9 est consacr\u00e9e \u00e0 la gestion des r\u00e9fugi\u00e9s et des migrants, ce qui p\u00e8se sur la capacit\u00e9 du pays \u00e0 r\u00e9pondre efficacement aux autres d\u00e9fis s\u00e9curitaires, tels que la lutte contre le terrorisme et la criminalit\u00e9 transfrontali\u00e8re.<\/p>\n<p>Organis\u00e9e sous les auspices de l&#8217;Organisation de la coop\u00e9ration islamique, en partenariat avec le Centre King Salman d\u2019aide humanitaire, le Bureau de la coordination des affaires humanitaires des Nations Unies (OCHA) et le Haut Commissariat des Nations Unies pour les r\u00e9fugi\u00e9s (HCR), la conf\u00e9rence des donateurs vise \u00e0 mobiliser un soutien financier et technique pour r\u00e9pondre aux besoins des r\u00e9fugi\u00e9s dans la r\u00e9gion. La Mauritanie, qui est l\u2019un des principaux pays d\u2019accueil, esp\u00e8re b\u00e9n\u00e9ficier de l&#8217;aide internationale pour faire face \u00e0 la pression croissante sur ses infrastructures et ressources naturelles.<\/p>\n<p>Le nombre \u00e9lev\u00e9 de r\u00e9fugi\u00e9s accueillis en Mauritanie t\u00e9moigne de la g\u00e9n\u00e9rosit\u00e9 et de la solidarit\u00e9 du pays envers ses voisins en difficult\u00e9. Toutefois, la capacit\u00e9 d\u2019accueil est mise \u00e0 rude \u00e9preuve, et des mesures urgentes sont n\u00e9cessaires pour renforcer les infrastructures et am\u00e9liorer les conditions de vie des r\u00e9fugi\u00e9s et des communaut\u00e9s h\u00f4tes. La conf\u00e9rence des donateurs repr\u00e9sente une opportunit\u00e9 pour la communaut\u00e9 internationale de soutenir un effort humanitaire qui d\u00e9passe les capacit\u00e9s d&#8217;un pays aux ressources limit\u00e9es comme la Mauritanie.<\/p>\n<p>&nbsp;<\/p>\n<p>&nbsp;<\/p>\n<p>&nbsp;<\/p>\n","protected":false},"excerpt":{"rendered":"<p>Le ministre des Affaires \u00e9trang\u00e8res, de la Coop\u00e9ration africaine et des Mauritaniens \u00e0 l&#8217;\u00e9tranger, Mohamed Salem Ould Merzoug, a annonc\u00e9 que la Mauritanie h\u00e9berge entre 350 000 et 400 000 migrants provenant des pays du Sahel, soit environ 10 % de la population totale du pays. Cette d\u00e9claration a \u00e9t\u00e9 faite lors de l&#8217;ouverture de&#8230;..<\/p>\n","protected":false},"author":4,"featured_media":22393,"comment_status":"open","ping_status":"open","sticky":false,"template":"","format":"standard","meta":{"footnotes":""},"categories":[23,57],"tags":[],"class_list":["post-22392","post","type-post","status-publish","format-standard","has-post-thumbnail","hentry","category-actualite","category-couverture-specilale"],"yoast_head":"<!-- This site is optimized with the Yoast SEO plugin v27.5 - https:\/\/yoast.com\/product\/yoast-seo-wordpress\/ -->\n<title>Mauritanie : Accueil de 400 000 migrants sah\u00e9liens et d\u00e9fis humanitaires croissants\u00a0 - Le Quotidien de Nouakchott<\/title>\n<meta name=\"robots\" content=\"index, follow, max-snippet:-1, max-image-preview:large, max-video-preview:-1\" \/>\n<link rel=\"canonical\" href=\"https:\/\/lequotidien.mr\/?p=22392&lang=fr\" \/>\n<meta property=\"og:locale\" content=\"ar_AR\" \/>\n<meta property=\"og:type\" content=\"article\" \/>\n<meta property=\"og:title\" content=\"Mauritanie : Accueil de 400 000 migrants sah\u00e9liens et d\u00e9fis humanitaires croissants\u00a0 - Le Quotidien de Nouakchott\" \/>\n<meta property=\"og:description\" content=\"Le ministre des Affaires \u00e9trang\u00e8res, de la Coop\u00e9ration africaine et des Mauritaniens \u00e0 l&#8217;\u00e9tranger, Mohamed Salem Ould Merzoug, a annonc\u00e9 que la Mauritanie h\u00e9berge entre 350 000 et 400 000 migrants provenant des pays du Sahel, soit environ 10 % de la population totale du pays. Cette d\u00e9claration a \u00e9t\u00e9 faite lors de l&#8217;ouverture de.....\" \/>\n<meta property=\"og:url\" content=\"https:\/\/lequotidien.mr\/?p=22392&amp;lang=fr\" \/>\n<meta property=\"og:site_name\" content=\"Le Quotidien de Nouakchott\" \/>\n<meta property=\"article:publisher\" content=\"https:\/\/web.facebook.com\/lequotidienmr\" \/>\n<meta property=\"article:published_time\" content=\"2024-10-30T11:54:11+00:00\" \/>\n<meta property=\"og:image\" content=\"https:\/\/lequotidien.mr\/wp-content\/uploads\/2024\/10\/refugies-Mberra.jpeg\" \/>\n\t<meta property=\"og:image:width\" content=\"270\" \/>\n\t<meta property=\"og:image:height\" content=\"180\" \/>\n\t<meta property=\"og:image:type\" content=\"image\/jpeg\" \/>\n<meta name=\"author\" content=\"Le Quotidien\" \/>\n<meta name=\"twitter:card\" content=\"summary_large_image\" \/>\n<meta name=\"twitter:creator\" content=\"@lequotidienmr\" \/>\n<meta name=\"twitter:site\" content=\"@lequotidienmr\" \/>\n<meta name=\"twitter:label1\" content=\"\u0643\u064f\u062a\u0628 \u0628\u0648\u0627\u0633\u0637\u0629\" \/>\n\t<meta name=\"twitter:data1\" content=\"Le Quotidien\" \/>\n\t<meta name=\"twitter:label2\" content=\"\u0648\u0642\u062a \u0627\u0644\u0642\u0631\u0627\u0621\u0629 \u0627\u0644\u0645\u064f\u0642\u062f\u0651\u0631\" \/>\n\t<meta name=\"twitter:data2\" content=\"3 \u062f\u0642\u0627\u0626\u0642\" \/>\n<script type=\"application\/ld+json\" class=\"yoast-schema-graph\">{\"@context\":\"https:\\\/\\\/schema.org\",\"@graph\":[{\"@type\":\"Article\",\"@id\":\"https:\\\/\\\/lequotidien.mr\\\/?p=22392&lang=fr#article\",\"isPartOf\":{\"@id\":\"https:\\\/\\\/lequotidien.mr\\\/?p=22392&lang=fr\"},\"author\":{\"name\":\"Le Quotidien\",\"@id\":\"https:\\\/\\\/lequotidien.mr\\\/#\\\/schema\\\/person\\\/f90fcdaa970c60288de4ed2e64a56472\"},\"headline\":\"Mauritanie : Accueil de 400 000 migrants sah\u00e9liens et d\u00e9fis humanitaires croissants\u00a0\",\"datePublished\":\"2024-10-30T11:54:11+00:00\",\"mainEntityOfPage\":{\"@id\":\"https:\\\/\\\/lequotidien.mr\\\/?p=22392&lang=fr\"},\"wordCount\":607,\"commentCount\":0,\"publisher\":{\"@id\":\"https:\\\/\\\/lequotidien.mr\\\/#organization\"},\"image\":{\"@id\":\"https:\\\/\\\/lequotidien.mr\\\/?p=22392&lang=fr#primaryimage\"},\"thumbnailUrl\":\"https:\\\/\\\/lequotidien.mr\\\/wp-content\\\/uploads\\\/2024\\\/10\\\/refugies-Mberra.jpeg\",\"articleSection\":[\"ACTUALIT\u00c9\",\"Couverture sp\u00e9cilale\"],\"inLanguage\":\"ar\",\"potentialAction\":[{\"@type\":\"CommentAction\",\"name\":\"Comment\",\"target\":[\"https:\\\/\\\/lequotidien.mr\\\/?p=22392&lang=fr#respond\"]}]},{\"@type\":\"WebPage\",\"@id\":\"https:\\\/\\\/lequotidien.mr\\\/?p=22392&lang=fr\",\"url\":\"https:\\\/\\\/lequotidien.mr\\\/?p=22392&lang=fr\",\"name\":\"Mauritanie : Accueil de 400 000 migrants sah\u00e9liens et d\u00e9fis humanitaires croissants\u00a0 - Le Quotidien de Nouakchott\",\"isPartOf\":{\"@id\":\"https:\\\/\\\/lequotidien.mr\\\/#website\"},\"primaryImageOfPage\":{\"@id\":\"https:\\\/\\\/lequotidien.mr\\\/?p=22392&lang=fr#primaryimage\"},\"image\":{\"@id\":\"https:\\\/\\\/lequotidien.mr\\\/?p=22392&lang=fr#primaryimage\"},\"thumbnailUrl\":\"https:\\\/\\\/lequotidien.mr\\\/wp-content\\\/uploads\\\/2024\\\/10\\\/refugies-Mberra.jpeg\",\"datePublished\":\"2024-10-30T11:54:11+00:00\",\"breadcrumb\":{\"@id\":\"https:\\\/\\\/lequotidien.mr\\\/?p=22392&lang=fr#breadcrumb\"},\"inLanguage\":\"ar\",\"potentialAction\":[{\"@type\":\"ReadAction\",\"target\":[\"https:\\\/\\\/lequotidien.mr\\\/?p=22392&lang=fr\"]}]},{\"@type\":\"ImageObject\",\"inLanguage\":\"ar\",\"@id\":\"https:\\\/\\\/lequotidien.mr\\\/?p=22392&lang=fr#primaryimage\",\"url\":\"https:\\\/\\\/lequotidien.mr\\\/wp-content\\\/uploads\\\/2024\\\/10\\\/refugies-Mberra.jpeg\",\"contentUrl\":\"https:\\\/\\\/lequotidien.mr\\\/wp-content\\\/uploads\\\/2024\\\/10\\\/refugies-Mberra.jpeg\",\"width\":270,\"height\":180},{\"@type\":\"BreadcrumbList\",\"@id\":\"https:\\\/\\\/lequotidien.mr\\\/?p=22392&lang=fr#breadcrumb\",\"itemListElement\":[{\"@type\":\"ListItem\",\"position\":1,\"name\":\"Home\",\"item\":\"https:\\\/\\\/lequotidien.mr\\\/\"},{\"@type\":\"ListItem\",\"position\":2,\"name\":\"Mauritanie : Accueil de 400 000 migrants sah\u00e9liens et d\u00e9fis humanitaires croissants\u00a0\"}]},{\"@type\":\"WebSite\",\"@id\":\"https:\\\/\\\/lequotidien.mr\\\/#website\",\"url\":\"https:\\\/\\\/lequotidien.mr\\\/\",\"name\":\"Le Quotidien de Nouakchott\",\"description\":\"\u0625\u062e\u0628\u0627\u0631\u064a\u0629 \u0645\u0633\u062a\u0642\u0644\u0629 \u0644\u0644\u0623\u0646\u0628\u0627\u0621 \u0627\u0644\u0639\u0627\u0645\u0629\",\"publisher\":{\"@id\":\"https:\\\/\\\/lequotidien.mr\\\/#organization\"},\"potentialAction\":[{\"@type\":\"SearchAction\",\"target\":{\"@type\":\"EntryPoint\",\"urlTemplate\":\"https:\\\/\\\/lequotidien.mr\\\/?s={search_term_string}\"},\"query-input\":{\"@type\":\"PropertyValueSpecification\",\"valueRequired\":true,\"valueName\":\"search_term_string\"}}],\"inLanguage\":\"ar\"},{\"@type\":\"Organization\",\"@id\":\"https:\\\/\\\/lequotidien.mr\\\/#organization\",\"name\":\"Le Quotidien de Nouakchott\",\"url\":\"https:\\\/\\\/lequotidien.mr\\\/\",\"logo\":{\"@type\":\"ImageObject\",\"inLanguage\":\"ar\",\"@id\":\"https:\\\/\\\/lequotidien.mr\\\/#\\\/schema\\\/logo\\\/image\\\/\",\"url\":\"https:\\\/\\\/lequotidien.mr\\\/wp-content\\\/uploads\\\/2022\\\/11\\\/logolequotidien.jpg\",\"contentUrl\":\"https:\\\/\\\/lequotidien.mr\\\/wp-content\\\/uploads\\\/2022\\\/11\\\/logolequotidien.jpg\",\"width\":290,\"height\":65,\"caption\":\"Le Quotidien de Nouakchott\"},\"image\":{\"@id\":\"https:\\\/\\\/lequotidien.mr\\\/#\\\/schema\\\/logo\\\/image\\\/\"},\"sameAs\":[\"https:\\\/\\\/web.facebook.com\\\/lequotidienmr\",\"https:\\\/\\\/x.com\\\/lequotidienmr\"]},{\"@type\":\"Person\",\"@id\":\"https:\\\/\\\/lequotidien.mr\\\/#\\\/schema\\\/person\\\/f90fcdaa970c60288de4ed2e64a56472\",\"name\":\"Le Quotidien\",\"image\":{\"@type\":\"ImageObject\",\"inLanguage\":\"ar\",\"@id\":\"https:\\\/\\\/secure.gravatar.com\\\/avatar\\\/374cb39a1a458a912465a93e5a3ce6546886fc3da809a1f10c63e4e8fcbca30f?s=96&d=mm&r=g\",\"url\":\"https:\\\/\\\/secure.gravatar.com\\\/avatar\\\/374cb39a1a458a912465a93e5a3ce6546886fc3da809a1f10c63e4e8fcbca30f?s=96&d=mm&r=g\",\"contentUrl\":\"https:\\\/\\\/secure.gravatar.com\\\/avatar\\\/374cb39a1a458a912465a93e5a3ce6546886fc3da809a1f10c63e4e8fcbca30f?s=96&d=mm&r=g\",\"caption\":\"Le Quotidien\"},\"sameAs\":[\"https:\\\/\\\/lequotidien.mr\\\/\"],\"url\":\"https:\\\/\\\/lequotidien.mr\\\/?author=4\"}]}<\/script>\n<!-- \/ Yoast SEO plugin. -->","yoast_head_json":{"title":"Mauritanie : Accueil de 400 000 migrants sah\u00e9liens et d\u00e9fis humanitaires croissants\u00a0 - Le Quotidien de Nouakchott","robots":{"index":"index","follow":"follow","max-snippet":"max-snippet:-1","max-image-preview":"max-image-preview:large","max-video-preview":"max-video-preview:-1"},"canonical":"https:\/\/lequotidien.mr\/?p=22392&lang=fr","og_locale":"ar_AR","og_type":"article","og_title":"Mauritanie : Accueil de 400 000 migrants sah\u00e9liens et d\u00e9fis humanitaires croissants\u00a0 - Le Quotidien de Nouakchott","og_description":"Le ministre des Affaires \u00e9trang\u00e8res, de la Coop\u00e9ration africaine et des Mauritaniens \u00e0 l&#8217;\u00e9tranger, Mohamed Salem Ould Merzoug, a annonc\u00e9 que la Mauritanie h\u00e9berge entre 350 000 et 400 000 migrants provenant des pays du Sahel, soit environ 10 % de la population totale du pays. Cette d\u00e9claration a \u00e9t\u00e9 faite lors de l&#8217;ouverture de.....","og_url":"https:\/\/lequotidien.mr\/?p=22392&lang=fr","og_site_name":"Le Quotidien de Nouakchott","article_publisher":"https:\/\/web.facebook.com\/lequotidienmr","article_published_time":"2024-10-30T11:54:11+00:00","og_image":[{"width":270,"height":180,"url":"https:\/\/lequotidien.mr\/wp-content\/uploads\/2024\/10\/refugies-Mberra.jpeg","type":"image\/jpeg"}],"author":"Le Quotidien","twitter_card":"summary_large_image","twitter_creator":"@lequotidienmr","twitter_site":"@lequotidienmr","twitter_misc":{"\u0643\u064f\u062a\u0628 \u0628\u0648\u0627\u0633\u0637\u0629":"Le Quotidien","\u0648\u0642\u062a \u0627\u0644\u0642\u0631\u0627\u0621\u0629 \u0627\u0644\u0645\u064f\u0642\u062f\u0651\u0631":"3 \u062f\u0642\u0627\u0626\u0642"},"schema":{"@context":"https:\/\/schema.org","@graph":[{"@type":"Article","@id":"https:\/\/lequotidien.mr\/?p=22392&lang=fr#article","isPartOf":{"@id":"https:\/\/lequotidien.mr\/?p=22392&lang=fr"},"author":{"name":"Le Quotidien","@id":"https:\/\/lequotidien.mr\/#\/schema\/person\/f90fcdaa970c60288de4ed2e64a56472"},"headline":"Mauritanie : Accueil de 400 000 migrants sah\u00e9liens et d\u00e9fis humanitaires croissants\u00a0","datePublished":"2024-10-30T11:54:11+00:00","mainEntityOfPage":{"@id":"https:\/\/lequotidien.mr\/?p=22392&lang=fr"},"wordCount":607,"commentCount":0,"publisher":{"@id":"https:\/\/lequotidien.mr\/#organization"},"image":{"@id":"https:\/\/lequotidien.mr\/?p=22392&lang=fr#primaryimage"},"thumbnailUrl":"https:\/\/lequotidien.mr\/wp-content\/uploads\/2024\/10\/refugies-Mberra.jpeg","articleSection":["ACTUALIT\u00c9","Couverture sp\u00e9cilale"],"inLanguage":"ar","potentialAction":[{"@type":"CommentAction","name":"Comment","target":["https:\/\/lequotidien.mr\/?p=22392&lang=fr#respond"]}]},{"@type":"WebPage","@id":"https:\/\/lequotidien.mr\/?p=22392&lang=fr","url":"https:\/\/lequotidien.mr\/?p=22392&lang=fr","name":"Mauritanie : Accueil de 400 000 migrants sah\u00e9liens et d\u00e9fis humanitaires croissants\u00a0 - Le Quotidien de Nouakchott","isPartOf":{"@id":"https:\/\/lequotidien.mr\/#website"},"primaryImageOfPage":{"@id":"https:\/\/lequotidien.mr\/?p=22392&lang=fr#primaryimage"},"image":{"@id":"https:\/\/lequotidien.mr\/?p=22392&lang=fr#primaryimage"},"thumbnailUrl":"https:\/\/lequotidien.mr\/wp-content\/uploads\/2024\/10\/refugies-Mberra.jpeg","datePublished":"2024-10-30T11:54:11+00:00","breadcrumb":{"@id":"https:\/\/lequotidien.mr\/?p=22392&lang=fr#breadcrumb"},"inLanguage":"ar","potentialAction":[{"@type":"ReadAction","target":["https:\/\/lequotidien.mr\/?p=22392&lang=fr"]}]},{"@type":"ImageObject","inLanguage":"ar","@id":"https:\/\/lequotidien.mr\/?p=22392&lang=fr#primaryimage","url":"https:\/\/lequotidien.mr\/wp-content\/uploads\/2024\/10\/refugies-Mberra.jpeg","contentUrl":"https:\/\/lequotidien.mr\/wp-content\/uploads\/2024\/10\/refugies-Mberra.jpeg","width":270,"height":180},{"@type":"BreadcrumbList","@id":"https:\/\/lequotidien.mr\/?p=22392&lang=fr#breadcrumb","itemListElement":[{"@type":"ListItem","position":1,"name":"Home","item":"https:\/\/lequotidien.mr\/"},{"@type":"ListItem","position":2,"name":"Mauritanie : Accueil de 400 000 migrants sah\u00e9liens et d\u00e9fis humanitaires croissants\u00a0"}]},{"@type":"WebSite","@id":"https:\/\/lequotidien.mr\/#website","url":"https:\/\/lequotidien.mr\/","name":"Le Quotidien de Nouakchott","description":"\u0625\u062e\u0628\u0627\u0631\u064a\u0629 \u0645\u0633\u062a\u0642\u0644\u0629 \u0644\u0644\u0623\u0646\u0628\u0627\u0621 \u0627\u0644\u0639\u0627\u0645\u0629","publisher":{"@id":"https:\/\/lequotidien.mr\/#organization"},"potentialAction":[{"@type":"SearchAction","target":{"@type":"EntryPoint","urlTemplate":"https:\/\/lequotidien.mr\/?s={search_term_string}"},"query-input":{"@type":"PropertyValueSpecification","valueRequired":true,"valueName":"search_term_string"}}],"inLanguage":"ar"},{"@type":"Organization","@id":"https:\/\/lequotidien.mr\/#organization","name":"Le Quotidien de Nouakchott","url":"https:\/\/lequotidien.mr\/","logo":{"@type":"ImageObject","inLanguage":"ar","@id":"https:\/\/lequotidien.mr\/#\/schema\/logo\/image\/","url":"https:\/\/lequotidien.mr\/wp-content\/uploads\/2022\/11\/logolequotidien.jpg","contentUrl":"https:\/\/lequotidien.mr\/wp-content\/uploads\/2022\/11\/logolequotidien.jpg","width":290,"height":65,"caption":"Le Quotidien de Nouakchott"},"image":{"@id":"https:\/\/lequotidien.mr\/#\/schema\/logo\/image\/"},"sameAs":["https:\/\/web.facebook.com\/lequotidienmr","https:\/\/x.com\/lequotidienmr"]},{"@type":"Person","@id":"https:\/\/lequotidien.mr\/#\/schema\/person\/f90fcdaa970c60288de4ed2e64a56472","name":"Le Quotidien","image":{"@type":"ImageObject","inLanguage":"ar","@id":"https:\/\/secure.gravatar.com\/avatar\/374cb39a1a458a912465a93e5a3ce6546886fc3da809a1f10c63e4e8fcbca30f?s=96&d=mm&r=g","url":"https:\/\/secure.gravatar.com\/avatar\/374cb39a1a458a912465a93e5a3ce6546886fc3da809a1f10c63e4e8fcbca30f?s=96&d=mm&r=g","contentUrl":"https:\/\/secure.gravatar.com\/avatar\/374cb39a1a458a912465a93e5a3ce6546886fc3da809a1f10c63e4e8fcbca30f?s=96&d=mm&r=g","caption":"Le Quotidien"},"sameAs":["https:\/\/lequotidien.mr\/"],"url":"https:\/\/lequotidien.mr\/?author=4"}]}},"_links":{"self":[{"href":"https:\/\/lequotidien.mr\/index.php?rest_route=\/wp\/v2\/posts\/22392","targetHints":{"allow":["GET"]}}],"collection":[{"href":"https:\/\/lequotidien.mr\/index.php?rest_route=\/wp\/v2\/posts"}],"about":[{"href":"https:\/\/lequotidien.mr\/index.php?rest_route=\/wp\/v2\/types\/post"}],"author":[{"embeddable":true,"href":"https:\/\/lequotidien.mr\/index.php?rest_route=\/wp\/v2\/users\/4"}],"replies":[{"embeddable":true,"href":"https:\/\/lequotidien.mr\/index.php?rest_route=%2Fwp%2Fv2%2Fcomments&post=22392"}],"version-history":[{"count":1,"href":"https:\/\/lequotidien.mr\/index.php?rest_route=\/wp\/v2\/posts\/22392\/revisions"}],"predecessor-version":[{"id":22394,"href":"https:\/\/lequotidien.mr\/index.php?rest_route=\/wp\/v2\/posts\/22392\/revisions\/22394"}],"wp:featuredmedia":[{"embeddable":true,"href":"https:\/\/lequotidien.mr\/index.php?rest_route=\/wp\/v2\/media\/22393"}],"wp:attachment":[{"href":"https:\/\/lequotidien.mr\/index.php?rest_route=%2Fwp%2Fv2%2Fmedia&parent=22392"}],"wp:term":[{"taxonomy":"category","embeddable":true,"href":"https:\/\/lequotidien.mr\/index.php?rest_route=%2Fwp%2Fv2%2Fcategories&post=22392"},{"taxonomy":"post_tag","embeddable":true,"href":"https:\/\/lequotidien.mr\/index.php?rest_route=%2Fwp%2Fv2%2Ftags&post=22392"}],"curies":[{"name":"wp","href":"https:\/\/api.w.org\/{rel}","templated":true}]}}