{"id":22203,"date":"2024-10-24T17:40:49","date_gmt":"2024-10-24T17:40:49","guid":{"rendered":"https:\/\/lequotidien.mr\/?p=22203"},"modified":"2024-10-24T17:40:49","modified_gmt":"2024-10-24T17:40:49","slug":"le-president-de-la-republique-devant-les-brics-lendettement-entrave-fortement-le-developpement-des-pays-africains","status":"publish","type":"post","link":"https:\/\/lequotidien.mr\/?p=22203&lang=fr","title":{"rendered":"\u00a0Le Pr\u00e9sident de la R\u00e9publique devant les BRICS: L&#8217;endettement entrave fortement le d\u00e9veloppement des pays africains"},"content":{"rendered":"<p>Le Pr\u00e9sident de la R\u00e9publique et Pr\u00e9sident en exercice de l&#8217;Union africaine, Mohamed Ould Cheikh El Ghazouani, a d\u00e9clar\u00e9 qu&#8217;il est difficile pour les pays africains d&#8217;exploiter pleinement leurs opportunit\u00e9s de d\u00e9veloppement et de lib\u00e9rer leurs immenses potentiels tant que le probl\u00e8me de l&#8217;endettement continue de freiner leurs efforts. S&#8217;exprimant lors de l&#8217;ouverture du sommet des BRICS ce jeudi, il a soulign\u00e9 que le syst\u00e8me actuel d&#8217;aide publique au d\u00e9veloppement a montr\u00e9 ses limites pour atteindre les objectifs escompt\u00e9s, tandis que la faible repr\u00e9sentation de l&#8217;Afrique dans les institutions financi\u00e8res multilat\u00e9rales emp\u00eache la prise en compte ad\u00e9quate des besoins pressants du continent.<\/p>\n<p>Le Pr\u00e9sident Ghazouani a mis en lumi\u00e8re plusieurs d\u00e9fis majeurs auxquels l&#8217;Afrique est confront\u00e9e : le financement des infrastructures essentielles \u00e0 la croissance, le transfert de technologies, le renforcement des syst\u00e8mes \u00e9ducatifs et l&#8217;int\u00e9gration des nouvelles technologies. Il a \u00e9galement appel\u00e9 \u00e0 l&#8217;\u00e9laboration d&#8217;une nouvelle charte de financement du d\u00e9veloppement, plus flexible et durable, afin de garantir un acc\u00e8s \u00e9quitable aux financements adapt\u00e9s aux priorit\u00e9s des pays les moins avanc\u00e9s.<\/p>\n<p>Il a insist\u00e9 sur le fait que, bien qu&#8217;une r\u00e9vision du syst\u00e8me de gouvernance financi\u00e8re soit n\u00e9cessaire, il est encore plus urgent de repenser les r\u00e8gles de gouvernance politique internationale. Selon lui, l&#8217;actuel syst\u00e8me de gouvernance internationale est caract\u00e9ris\u00e9 par une in\u00e9galit\u00e9 flagrante, souvent au d\u00e9triment des pays les plus vuln\u00e9rables. Il a critiqu\u00e9 la politique des deux poids deux mesures qui, dit-il, va \u00e0 l&#8217;encontre des valeurs humaines universelles et des trait\u00e9s internationaux. \u00c0 titre d&#8217;exemple, il a \u00e9voqu\u00e9 l&#8217;absence de pression internationale suffisante pour mettre fin aux atrocit\u00e9s en cours en Palestine et au Liban.<\/p>\n<p>Le Pr\u00e9sident a \u00e9galement soulign\u00e9 que le manque de solidarit\u00e9 internationale et la faiblesse de la coop\u00e9ration multilat\u00e9rale expliquent en partie l&#8217;incapacit\u00e9 de l&#8217;Afrique \u00e0 \u00e9radiquer la violence et le terrorisme, qui menacent la s\u00e9curit\u00e9 et la stabilit\u00e9 du continent, tout en entravant les efforts de d\u00e9veloppement.<\/p>\n<p>Pour conclure, il a affirm\u00e9 que la stabilit\u00e9 et la s\u00e9curit\u00e9 internationales, telles que pr\u00f4n\u00e9es par le th\u00e8me du sommet des BRICS, exigent un respect rigoureux du droit international et du droit international humanitaire, ainsi qu&#8217;un engagement fort en faveur de la solidarit\u00e9 mondiale et de la coop\u00e9ration multilat\u00e9rale.<\/p>\n<p>&nbsp;<\/p>\n","protected":false},"excerpt":{"rendered":"<p>Le Pr\u00e9sident de la R\u00e9publique et Pr\u00e9sident en exercice de l&#8217;Union africaine, Mohamed Ould Cheikh El Ghazouani, a d\u00e9clar\u00e9 qu&#8217;il est difficile pour les pays africains d&#8217;exploiter pleinement leurs opportunit\u00e9s de d\u00e9veloppement et de lib\u00e9rer leurs immenses potentiels tant que le probl\u00e8me de l&#8217;endettement continue de freiner leurs efforts. S&#8217;exprimant lors de l&#8217;ouverture du sommet&#8230;..<\/p>\n","protected":false},"author":4,"featured_media":22204,"comment_status":"open","ping_status":"open","sticky":false,"template":"","format":"standard","meta":{"footnotes":""},"categories":[23,57],"tags":[],"class_list":["post-22203","post","type-post","status-publish","format-standard","has-post-thumbnail","hentry","category-actualite","category-couverture-specilale"],"yoast_head":"<!-- This site is optimized with the Yoast SEO plugin v27.5 - https:\/\/yoast.com\/product\/yoast-seo-wordpress\/ -->\n<title>\u00a0Le Pr\u00e9sident de la R\u00e9publique devant les BRICS: L&#039;endettement entrave fortement le d\u00e9veloppement des pays africains - Le Quotidien de Nouakchott<\/title>\n<meta name=\"robots\" content=\"index, follow, max-snippet:-1, max-image-preview:large, max-video-preview:-1\" \/>\n<link rel=\"canonical\" href=\"https:\/\/lequotidien.mr\/?p=22203&lang=fr\" \/>\n<meta property=\"og:locale\" content=\"ar_AR\" \/>\n<meta property=\"og:type\" content=\"article\" \/>\n<meta property=\"og:title\" content=\"\u00a0Le Pr\u00e9sident de la R\u00e9publique devant les BRICS: L&#039;endettement entrave fortement le d\u00e9veloppement des pays africains - Le Quotidien de Nouakchott\" \/>\n<meta property=\"og:description\" content=\"Le Pr\u00e9sident de la R\u00e9publique et Pr\u00e9sident en exercice de l&#8217;Union africaine, Mohamed Ould Cheikh El Ghazouani, a d\u00e9clar\u00e9 qu&#8217;il est difficile pour les pays africains d&#8217;exploiter pleinement leurs opportunit\u00e9s de d\u00e9veloppement et de lib\u00e9rer leurs immenses potentiels tant que le probl\u00e8me de l&#8217;endettement continue de freiner leurs efforts. S&#8217;exprimant lors de l&#8217;ouverture du sommet.....\" \/>\n<meta property=\"og:url\" content=\"https:\/\/lequotidien.mr\/?p=22203&amp;lang=fr\" \/>\n<meta property=\"og:site_name\" content=\"Le Quotidien de Nouakchott\" \/>\n<meta property=\"article:publisher\" content=\"https:\/\/web.facebook.com\/lequotidienmr\" \/>\n<meta property=\"article:published_time\" content=\"2024-10-24T17:40:49+00:00\" \/>\n<meta property=\"og:image\" content=\"https:\/\/lequotidien.mr\/wp-content\/uploads\/2024\/10\/1729776318754.jpg\" \/>\n\t<meta property=\"og:image:width\" content=\"720\" \/>\n\t<meta property=\"og:image:height\" content=\"541\" \/>\n\t<meta property=\"og:image:type\" content=\"image\/jpeg\" \/>\n<meta name=\"author\" content=\"Le Quotidien\" \/>\n<meta name=\"twitter:card\" content=\"summary_large_image\" \/>\n<meta name=\"twitter:creator\" content=\"@lequotidienmr\" \/>\n<meta name=\"twitter:site\" content=\"@lequotidienmr\" \/>\n<meta name=\"twitter:label1\" content=\"\u0643\u064f\u062a\u0628 \u0628\u0648\u0627\u0633\u0637\u0629\" \/>\n\t<meta name=\"twitter:data1\" content=\"Le Quotidien\" \/>\n\t<meta name=\"twitter:label2\" content=\"\u0648\u0642\u062a \u0627\u0644\u0642\u0631\u0627\u0621\u0629 \u0627\u0644\u0645\u064f\u0642\u062f\u0651\u0631\" \/>\n\t<meta name=\"twitter:data2\" content=\"\u062f\u0642\u064a\u0642\u062a\u0627\u0646\" \/>\n<script type=\"application\/ld+json\" class=\"yoast-schema-graph\">{\"@context\":\"https:\\\/\\\/schema.org\",\"@graph\":[{\"@type\":\"Article\",\"@id\":\"https:\\\/\\\/lequotidien.mr\\\/?p=22203&lang=fr#article\",\"isPartOf\":{\"@id\":\"https:\\\/\\\/lequotidien.mr\\\/?p=22203&lang=fr\"},\"author\":{\"name\":\"Le Quotidien\",\"@id\":\"https:\\\/\\\/lequotidien.mr\\\/#\\\/schema\\\/person\\\/f90fcdaa970c60288de4ed2e64a56472\"},\"headline\":\"\u00a0Le Pr\u00e9sident de la R\u00e9publique devant les BRICS: L&#8217;endettement entrave fortement le d\u00e9veloppement des pays africains\",\"datePublished\":\"2024-10-24T17:40:49+00:00\",\"mainEntityOfPage\":{\"@id\":\"https:\\\/\\\/lequotidien.mr\\\/?p=22203&lang=fr\"},\"wordCount\":450,\"commentCount\":0,\"publisher\":{\"@id\":\"https:\\\/\\\/lequotidien.mr\\\/#organization\"},\"image\":{\"@id\":\"https:\\\/\\\/lequotidien.mr\\\/?p=22203&lang=fr#primaryimage\"},\"thumbnailUrl\":\"https:\\\/\\\/lequotidien.mr\\\/wp-content\\\/uploads\\\/2024\\\/10\\\/1729776318754.jpg\",\"articleSection\":[\"ACTUALIT\u00c9\",\"Couverture sp\u00e9cilale\"],\"inLanguage\":\"ar\",\"potentialAction\":[{\"@type\":\"CommentAction\",\"name\":\"Comment\",\"target\":[\"https:\\\/\\\/lequotidien.mr\\\/?p=22203&lang=fr#respond\"]}]},{\"@type\":\"WebPage\",\"@id\":\"https:\\\/\\\/lequotidien.mr\\\/?p=22203&lang=fr\",\"url\":\"https:\\\/\\\/lequotidien.mr\\\/?p=22203&lang=fr\",\"name\":\"\u00a0Le Pr\u00e9sident de la R\u00e9publique devant les BRICS: L'endettement entrave fortement le d\u00e9veloppement des pays africains - Le Quotidien de Nouakchott\",\"isPartOf\":{\"@id\":\"https:\\\/\\\/lequotidien.mr\\\/#website\"},\"primaryImageOfPage\":{\"@id\":\"https:\\\/\\\/lequotidien.mr\\\/?p=22203&lang=fr#primaryimage\"},\"image\":{\"@id\":\"https:\\\/\\\/lequotidien.mr\\\/?p=22203&lang=fr#primaryimage\"},\"thumbnailUrl\":\"https:\\\/\\\/lequotidien.mr\\\/wp-content\\\/uploads\\\/2024\\\/10\\\/1729776318754.jpg\",\"datePublished\":\"2024-10-24T17:40:49+00:00\",\"breadcrumb\":{\"@id\":\"https:\\\/\\\/lequotidien.mr\\\/?p=22203&lang=fr#breadcrumb\"},\"inLanguage\":\"ar\",\"potentialAction\":[{\"@type\":\"ReadAction\",\"target\":[\"https:\\\/\\\/lequotidien.mr\\\/?p=22203&lang=fr\"]}]},{\"@type\":\"ImageObject\",\"inLanguage\":\"ar\",\"@id\":\"https:\\\/\\\/lequotidien.mr\\\/?p=22203&lang=fr#primaryimage\",\"url\":\"https:\\\/\\\/lequotidien.mr\\\/wp-content\\\/uploads\\\/2024\\\/10\\\/1729776318754.jpg\",\"contentUrl\":\"https:\\\/\\\/lequotidien.mr\\\/wp-content\\\/uploads\\\/2024\\\/10\\\/1729776318754.jpg\",\"width\":720,\"height\":541},{\"@type\":\"BreadcrumbList\",\"@id\":\"https:\\\/\\\/lequotidien.mr\\\/?p=22203&lang=fr#breadcrumb\",\"itemListElement\":[{\"@type\":\"ListItem\",\"position\":1,\"name\":\"Home\",\"item\":\"https:\\\/\\\/lequotidien.mr\\\/\"},{\"@type\":\"ListItem\",\"position\":2,\"name\":\"\u00a0Le Pr\u00e9sident de la R\u00e9publique devant les BRICS: L&#8217;endettement entrave fortement le d\u00e9veloppement des pays africains\"}]},{\"@type\":\"WebSite\",\"@id\":\"https:\\\/\\\/lequotidien.mr\\\/#website\",\"url\":\"https:\\\/\\\/lequotidien.mr\\\/\",\"name\":\"Le Quotidien de Nouakchott\",\"description\":\"\u0625\u062e\u0628\u0627\u0631\u064a\u0629 \u0645\u0633\u062a\u0642\u0644\u0629 \u0644\u0644\u0623\u0646\u0628\u0627\u0621 \u0627\u0644\u0639\u0627\u0645\u0629\",\"publisher\":{\"@id\":\"https:\\\/\\\/lequotidien.mr\\\/#organization\"},\"potentialAction\":[{\"@type\":\"SearchAction\",\"target\":{\"@type\":\"EntryPoint\",\"urlTemplate\":\"https:\\\/\\\/lequotidien.mr\\\/?s={search_term_string}\"},\"query-input\":{\"@type\":\"PropertyValueSpecification\",\"valueRequired\":true,\"valueName\":\"search_term_string\"}}],\"inLanguage\":\"ar\"},{\"@type\":\"Organization\",\"@id\":\"https:\\\/\\\/lequotidien.mr\\\/#organization\",\"name\":\"Le Quotidien de Nouakchott\",\"url\":\"https:\\\/\\\/lequotidien.mr\\\/\",\"logo\":{\"@type\":\"ImageObject\",\"inLanguage\":\"ar\",\"@id\":\"https:\\\/\\\/lequotidien.mr\\\/#\\\/schema\\\/logo\\\/image\\\/\",\"url\":\"https:\\\/\\\/lequotidien.mr\\\/wp-content\\\/uploads\\\/2022\\\/11\\\/logolequotidien.jpg\",\"contentUrl\":\"https:\\\/\\\/lequotidien.mr\\\/wp-content\\\/uploads\\\/2022\\\/11\\\/logolequotidien.jpg\",\"width\":290,\"height\":65,\"caption\":\"Le Quotidien de Nouakchott\"},\"image\":{\"@id\":\"https:\\\/\\\/lequotidien.mr\\\/#\\\/schema\\\/logo\\\/image\\\/\"},\"sameAs\":[\"https:\\\/\\\/web.facebook.com\\\/lequotidienmr\",\"https:\\\/\\\/x.com\\\/lequotidienmr\"]},{\"@type\":\"Person\",\"@id\":\"https:\\\/\\\/lequotidien.mr\\\/#\\\/schema\\\/person\\\/f90fcdaa970c60288de4ed2e64a56472\",\"name\":\"Le Quotidien\",\"image\":{\"@type\":\"ImageObject\",\"inLanguage\":\"ar\",\"@id\":\"https:\\\/\\\/secure.gravatar.com\\\/avatar\\\/374cb39a1a458a912465a93e5a3ce6546886fc3da809a1f10c63e4e8fcbca30f?s=96&d=mm&r=g\",\"url\":\"https:\\\/\\\/secure.gravatar.com\\\/avatar\\\/374cb39a1a458a912465a93e5a3ce6546886fc3da809a1f10c63e4e8fcbca30f?s=96&d=mm&r=g\",\"contentUrl\":\"https:\\\/\\\/secure.gravatar.com\\\/avatar\\\/374cb39a1a458a912465a93e5a3ce6546886fc3da809a1f10c63e4e8fcbca30f?s=96&d=mm&r=g\",\"caption\":\"Le Quotidien\"},\"sameAs\":[\"https:\\\/\\\/lequotidien.mr\\\/\"],\"url\":\"https:\\\/\\\/lequotidien.mr\\\/?author=4\"}]}<\/script>\n<!-- \/ Yoast SEO plugin. -->","yoast_head_json":{"title":"\u00a0Le Pr\u00e9sident de la R\u00e9publique devant les BRICS: L'endettement entrave fortement le d\u00e9veloppement des pays africains - Le Quotidien de Nouakchott","robots":{"index":"index","follow":"follow","max-snippet":"max-snippet:-1","max-image-preview":"max-image-preview:large","max-video-preview":"max-video-preview:-1"},"canonical":"https:\/\/lequotidien.mr\/?p=22203&lang=fr","og_locale":"ar_AR","og_type":"article","og_title":"\u00a0Le Pr\u00e9sident de la R\u00e9publique devant les BRICS: L'endettement entrave fortement le d\u00e9veloppement des pays africains - Le Quotidien de Nouakchott","og_description":"Le Pr\u00e9sident de la R\u00e9publique et Pr\u00e9sident en exercice de l&#8217;Union africaine, Mohamed Ould Cheikh El Ghazouani, a d\u00e9clar\u00e9 qu&#8217;il est difficile pour les pays africains d&#8217;exploiter pleinement leurs opportunit\u00e9s de d\u00e9veloppement et de lib\u00e9rer leurs immenses potentiels tant que le probl\u00e8me de l&#8217;endettement continue de freiner leurs efforts. S&#8217;exprimant lors de l&#8217;ouverture du sommet.....","og_url":"https:\/\/lequotidien.mr\/?p=22203&lang=fr","og_site_name":"Le Quotidien de Nouakchott","article_publisher":"https:\/\/web.facebook.com\/lequotidienmr","article_published_time":"2024-10-24T17:40:49+00:00","og_image":[{"width":720,"height":541,"url":"https:\/\/lequotidien.mr\/wp-content\/uploads\/2024\/10\/1729776318754.jpg","type":"image\/jpeg"}],"author":"Le Quotidien","twitter_card":"summary_large_image","twitter_creator":"@lequotidienmr","twitter_site":"@lequotidienmr","twitter_misc":{"\u0643\u064f\u062a\u0628 \u0628\u0648\u0627\u0633\u0637\u0629":"Le Quotidien","\u0648\u0642\u062a \u0627\u0644\u0642\u0631\u0627\u0621\u0629 \u0627\u0644\u0645\u064f\u0642\u062f\u0651\u0631":"\u062f\u0642\u064a\u0642\u062a\u0627\u0646"},"schema":{"@context":"https:\/\/schema.org","@graph":[{"@type":"Article","@id":"https:\/\/lequotidien.mr\/?p=22203&lang=fr#article","isPartOf":{"@id":"https:\/\/lequotidien.mr\/?p=22203&lang=fr"},"author":{"name":"Le Quotidien","@id":"https:\/\/lequotidien.mr\/#\/schema\/person\/f90fcdaa970c60288de4ed2e64a56472"},"headline":"\u00a0Le Pr\u00e9sident de la R\u00e9publique devant les BRICS: L&#8217;endettement entrave fortement le d\u00e9veloppement des pays africains","datePublished":"2024-10-24T17:40:49+00:00","mainEntityOfPage":{"@id":"https:\/\/lequotidien.mr\/?p=22203&lang=fr"},"wordCount":450,"commentCount":0,"publisher":{"@id":"https:\/\/lequotidien.mr\/#organization"},"image":{"@id":"https:\/\/lequotidien.mr\/?p=22203&lang=fr#primaryimage"},"thumbnailUrl":"https:\/\/lequotidien.mr\/wp-content\/uploads\/2024\/10\/1729776318754.jpg","articleSection":["ACTUALIT\u00c9","Couverture sp\u00e9cilale"],"inLanguage":"ar","potentialAction":[{"@type":"CommentAction","name":"Comment","target":["https:\/\/lequotidien.mr\/?p=22203&lang=fr#respond"]}]},{"@type":"WebPage","@id":"https:\/\/lequotidien.mr\/?p=22203&lang=fr","url":"https:\/\/lequotidien.mr\/?p=22203&lang=fr","name":"\u00a0Le Pr\u00e9sident de la R\u00e9publique devant les BRICS: L'endettement entrave fortement le d\u00e9veloppement des pays africains - Le Quotidien de Nouakchott","isPartOf":{"@id":"https:\/\/lequotidien.mr\/#website"},"primaryImageOfPage":{"@id":"https:\/\/lequotidien.mr\/?p=22203&lang=fr#primaryimage"},"image":{"@id":"https:\/\/lequotidien.mr\/?p=22203&lang=fr#primaryimage"},"thumbnailUrl":"https:\/\/lequotidien.mr\/wp-content\/uploads\/2024\/10\/1729776318754.jpg","datePublished":"2024-10-24T17:40:49+00:00","breadcrumb":{"@id":"https:\/\/lequotidien.mr\/?p=22203&lang=fr#breadcrumb"},"inLanguage":"ar","potentialAction":[{"@type":"ReadAction","target":["https:\/\/lequotidien.mr\/?p=22203&lang=fr"]}]},{"@type":"ImageObject","inLanguage":"ar","@id":"https:\/\/lequotidien.mr\/?p=22203&lang=fr#primaryimage","url":"https:\/\/lequotidien.mr\/wp-content\/uploads\/2024\/10\/1729776318754.jpg","contentUrl":"https:\/\/lequotidien.mr\/wp-content\/uploads\/2024\/10\/1729776318754.jpg","width":720,"height":541},{"@type":"BreadcrumbList","@id":"https:\/\/lequotidien.mr\/?p=22203&lang=fr#breadcrumb","itemListElement":[{"@type":"ListItem","position":1,"name":"Home","item":"https:\/\/lequotidien.mr\/"},{"@type":"ListItem","position":2,"name":"\u00a0Le Pr\u00e9sident de la R\u00e9publique devant les BRICS: L&#8217;endettement entrave fortement le d\u00e9veloppement des pays africains"}]},{"@type":"WebSite","@id":"https:\/\/lequotidien.mr\/#website","url":"https:\/\/lequotidien.mr\/","name":"Le Quotidien de Nouakchott","description":"\u0625\u062e\u0628\u0627\u0631\u064a\u0629 \u0645\u0633\u062a\u0642\u0644\u0629 \u0644\u0644\u0623\u0646\u0628\u0627\u0621 \u0627\u0644\u0639\u0627\u0645\u0629","publisher":{"@id":"https:\/\/lequotidien.mr\/#organization"},"potentialAction":[{"@type":"SearchAction","target":{"@type":"EntryPoint","urlTemplate":"https:\/\/lequotidien.mr\/?s={search_term_string}"},"query-input":{"@type":"PropertyValueSpecification","valueRequired":true,"valueName":"search_term_string"}}],"inLanguage":"ar"},{"@type":"Organization","@id":"https:\/\/lequotidien.mr\/#organization","name":"Le Quotidien de Nouakchott","url":"https:\/\/lequotidien.mr\/","logo":{"@type":"ImageObject","inLanguage":"ar","@id":"https:\/\/lequotidien.mr\/#\/schema\/logo\/image\/","url":"https:\/\/lequotidien.mr\/wp-content\/uploads\/2022\/11\/logolequotidien.jpg","contentUrl":"https:\/\/lequotidien.mr\/wp-content\/uploads\/2022\/11\/logolequotidien.jpg","width":290,"height":65,"caption":"Le Quotidien de Nouakchott"},"image":{"@id":"https:\/\/lequotidien.mr\/#\/schema\/logo\/image\/"},"sameAs":["https:\/\/web.facebook.com\/lequotidienmr","https:\/\/x.com\/lequotidienmr"]},{"@type":"Person","@id":"https:\/\/lequotidien.mr\/#\/schema\/person\/f90fcdaa970c60288de4ed2e64a56472","name":"Le Quotidien","image":{"@type":"ImageObject","inLanguage":"ar","@id":"https:\/\/secure.gravatar.com\/avatar\/374cb39a1a458a912465a93e5a3ce6546886fc3da809a1f10c63e4e8fcbca30f?s=96&d=mm&r=g","url":"https:\/\/secure.gravatar.com\/avatar\/374cb39a1a458a912465a93e5a3ce6546886fc3da809a1f10c63e4e8fcbca30f?s=96&d=mm&r=g","contentUrl":"https:\/\/secure.gravatar.com\/avatar\/374cb39a1a458a912465a93e5a3ce6546886fc3da809a1f10c63e4e8fcbca30f?s=96&d=mm&r=g","caption":"Le Quotidien"},"sameAs":["https:\/\/lequotidien.mr\/"],"url":"https:\/\/lequotidien.mr\/?author=4"}]}},"_links":{"self":[{"href":"https:\/\/lequotidien.mr\/index.php?rest_route=\/wp\/v2\/posts\/22203","targetHints":{"allow":["GET"]}}],"collection":[{"href":"https:\/\/lequotidien.mr\/index.php?rest_route=\/wp\/v2\/posts"}],"about":[{"href":"https:\/\/lequotidien.mr\/index.php?rest_route=\/wp\/v2\/types\/post"}],"author":[{"embeddable":true,"href":"https:\/\/lequotidien.mr\/index.php?rest_route=\/wp\/v2\/users\/4"}],"replies":[{"embeddable":true,"href":"https:\/\/lequotidien.mr\/index.php?rest_route=%2Fwp%2Fv2%2Fcomments&post=22203"}],"version-history":[{"count":1,"href":"https:\/\/lequotidien.mr\/index.php?rest_route=\/wp\/v2\/posts\/22203\/revisions"}],"predecessor-version":[{"id":22205,"href":"https:\/\/lequotidien.mr\/index.php?rest_route=\/wp\/v2\/posts\/22203\/revisions\/22205"}],"wp:featuredmedia":[{"embeddable":true,"href":"https:\/\/lequotidien.mr\/index.php?rest_route=\/wp\/v2\/media\/22204"}],"wp:attachment":[{"href":"https:\/\/lequotidien.mr\/index.php?rest_route=%2Fwp%2Fv2%2Fmedia&parent=22203"}],"wp:term":[{"taxonomy":"category","embeddable":true,"href":"https:\/\/lequotidien.mr\/index.php?rest_route=%2Fwp%2Fv2%2Fcategories&post=22203"},{"taxonomy":"post_tag","embeddable":true,"href":"https:\/\/lequotidien.mr\/index.php?rest_route=%2Fwp%2Fv2%2Ftags&post=22203"}],"curies":[{"name":"wp","href":"https:\/\/api.w.org\/{rel}","templated":true}]}}