{"id":22167,"date":"2024-10-23T11:56:50","date_gmt":"2024-10-23T11:56:50","guid":{"rendered":"https:\/\/lequotidien.mr\/?p=22167"},"modified":"2024-10-23T11:56:50","modified_gmt":"2024-10-23T11:56:50","slug":"la-deuxieme-edition-du-festival-international-du-film-de-nouakchott-un-hommage-a-la-culture-et-au-cinema-palestinien","status":"publish","type":"post","link":"https:\/\/lequotidien.mr\/?p=22167&lang=fr","title":{"rendered":"\u00a0La deuxi\u00e8me \u00e9dition du Festival International du Film de Nouakchott : un hommage \u00e0 la culture et au cin\u00e9ma palestinien"},"content":{"rendered":"<p>La deuxi\u00e8me \u00e9dition du Festival International du Film de Nouakchott a \u00e9t\u00e9 lanc\u00e9e mardi soir dans l&#8217;espace de l&#8217;Organisation pour la Mise en Valeur du Fleuve S\u00e9n\u00e9gal. Ce rendez-vous cin\u00e9matographique, d\u00e9sormais inscrit parmi les festivals arabes de cin\u00e9ma reconnus, s&#8217;est tenu sous le patronage de la r\u00e9gion de Nouakchott et en collaboration avec le minist\u00e8re de la Culture, des Arts et des Relations avec le Parlement, ainsi que plusieurs partenaires comme l\u2019Office National du Tourisme et la soci\u00e9t\u00e9 Afriport. La c\u00e9r\u00e9monie d&#8217;ouverture a rassembl\u00e9 de nombreux invit\u00e9s, parmi lesquels figuraient des stars internationales du cin\u00e9ma.<\/p>\n<p>Dans son discours d&#8217;ouverture, le ministre de la Culture, des Arts et des Relations avec le Parlement, M. El Houssein Ould Meddou, a soulign\u00e9 l&#8217;importance de ce festival pour l&#8217;\u00e9tablissement du septi\u00e8me art en Mauritanie. Il a salu\u00e9 les efforts consentis pour organiser cette manifestation et a exprim\u00e9 sa gratitude pour le soutien offert par la r\u00e9gion de Nouakchott au d\u00e9veloppement de la culture, en accord avec les orientations du Pr\u00e9sident de la R\u00e9publique, M. Mohamed Ould Cheikh El Ghazouani.<\/p>\n<p>Le ministre a mis en avant le choix de la Palestine comme invit\u00e9 d&#8217;honneur de cette \u00e9dition, soulignant le caract\u00e8re symbolique de ce geste. &#8220;En accueillant le cin\u00e9ma palestinien, nous embrassons la cause palestinienne, que nous soutenons ardemment&#8221;, a-t-il d\u00e9clar\u00e9, tout en d\u00e9non\u00e7ant le silence de la communaut\u00e9 internationale face aux atrocit\u00e9s subies par le peuple palestinien. Cette d\u00e9cision traduit l&#8217;engagement constant de la Mauritanie \u00e0 d\u00e9fendre les droits et la dignit\u00e9 des Palestiniens.<\/p>\n<p>La pr\u00e9sidente de la r\u00e9gion de Nouakchott, Mme Fatimata Bent Abdel Malick, a pour sa part insist\u00e9 sur l&#8217;importance croissante du festival, qui conna\u00eet chaque ann\u00e9e des progr\u00e8s significatifs en termes d&#8217;organisation et d&#8217;attractivit\u00e9. Elle a salu\u00e9 les r\u00e9alisateurs, producteurs et formateurs venus de divers horizons pour participer aux ateliers et comp\u00e9titions de cette \u00e9dition, tout en r\u00e9affirmant l&#8217;engagement de la r\u00e9gion \u00e0 soutenir les initiatives culturelles et les talents cr\u00e9atifs, notamment les jeunes, dans le domaine du cin\u00e9ma.<\/p>\n<p>Le directeur du festival, le cin\u00e9aste Mohamed El Moustapha Ould Walbane, a exprim\u00e9 sa fiert\u00e9 de voir le festival d\u00e9sormais reconnu parmi les grands \u00e9v\u00e9nements cin\u00e9matographiques arabes et internationaux. Il a soulign\u00e9 la dimension symbolique de la pr\u00e9sence du cin\u00e9ma palestinien, qui t\u00e9moigne de la solidarit\u00e9 de la Mauritanie avec la cause palestinienne. Il a \u00e9galement mentionn\u00e9 l&#8217;introduction de nouvelles comp\u00e9titions, dont une cat\u00e9gorie d\u00e9di\u00e9e aux cr\u00e9ateurs de contenu, ainsi que l&#8217;inauguration d&#8217;un march\u00e9 de la production cin\u00e9matographique, visant \u00e0 cr\u00e9er des opportunit\u00e9s pour les professionnels du secteur.<\/p>\n<p>Le maire de la commune de Ksar, M. Mohamed El Salek Ould Amar, a quant \u00e0 lui salu\u00e9 l&#8217;initiative du festival, qu&#8217;il consid\u00e8re comme l&#8217;une des principales manifestations culturelles du pays. Il a \u00e9voqu\u00e9 le r\u00f4le central de la culture dans la d\u00e9fense des valeurs humanitaires, comme en t\u00e9moigne l&#8217;accueil du cin\u00e9ma palestinien en tant qu&#8217;invit\u00e9 d&#8217;honneur.<\/p>\n<p>La soir\u00e9e d&#8217;ouverture a \u00e9t\u00e9 marqu\u00e9e par la projection d\u2019un film palestinien intitul\u00e9 *\u00c0 distance z\u00e9ro*, ainsi que d\u2019un documentaire sur la ville de Nouakchott, mettant en lumi\u00e8re les initiatives de d\u00e9veloppement social et \u00e9conomique men\u00e9es par la r\u00e9gion.<\/p>\n<p>Le Festival International du Film de Nouakchott continue de se consolider comme un espace de rencontre et d&#8217;\u00e9change, offrant une plateforme pr\u00e9cieuse pour les cin\u00e9astes mauritaniens et internationaux, et contribuant \u00e0 l&#8217;\u00e9mergence du cin\u00e9ma en Mauritanie.<\/p>\n","protected":false},"excerpt":{"rendered":"<p>La deuxi\u00e8me \u00e9dition du Festival International du Film de Nouakchott a \u00e9t\u00e9 lanc\u00e9e mardi soir dans l&#8217;espace de l&#8217;Organisation pour la Mise en Valeur du Fleuve S\u00e9n\u00e9gal. Ce rendez-vous cin\u00e9matographique, d\u00e9sormais inscrit parmi les festivals arabes de cin\u00e9ma reconnus, s&#8217;est tenu sous le patronage de la r\u00e9gion de Nouakchott et en collaboration avec le minist\u00e8re&#8230;..<\/p>\n","protected":false},"author":4,"featured_media":22168,"comment_status":"open","ping_status":"open","sticky":false,"template":"","format":"standard","meta":{"footnotes":""},"categories":[55,57],"tags":[],"class_list":["post-22167","post","type-post","status-publish","format-standard","has-post-thumbnail","hentry","category-culture","category-couverture-specilale"],"yoast_head":"<!-- This site is optimized with the Yoast SEO plugin v27.5 - https:\/\/yoast.com\/product\/yoast-seo-wordpress\/ -->\n<title>\u00a0La deuxi\u00e8me \u00e9dition du Festival International du Film de Nouakchott : un hommage \u00e0 la culture et au cin\u00e9ma palestinien - Le Quotidien de Nouakchott<\/title>\n<meta name=\"robots\" content=\"index, follow, max-snippet:-1, max-image-preview:large, max-video-preview:-1\" \/>\n<link rel=\"canonical\" href=\"https:\/\/lequotidien.mr\/?p=22167&lang=fr\" \/>\n<meta property=\"og:locale\" content=\"ar_AR\" \/>\n<meta property=\"og:type\" content=\"article\" \/>\n<meta property=\"og:title\" content=\"\u00a0La deuxi\u00e8me \u00e9dition du Festival International du Film de Nouakchott : un hommage \u00e0 la culture et au cin\u00e9ma palestinien - Le Quotidien de Nouakchott\" \/>\n<meta property=\"og:description\" content=\"La deuxi\u00e8me \u00e9dition du Festival International du Film de Nouakchott a \u00e9t\u00e9 lanc\u00e9e mardi soir dans l&#8217;espace de l&#8217;Organisation pour la Mise en Valeur du Fleuve S\u00e9n\u00e9gal. Ce rendez-vous cin\u00e9matographique, d\u00e9sormais inscrit parmi les festivals arabes de cin\u00e9ma reconnus, s&#8217;est tenu sous le patronage de la r\u00e9gion de Nouakchott et en collaboration avec le minist\u00e8re.....\" \/>\n<meta property=\"og:url\" content=\"https:\/\/lequotidien.mr\/?p=22167&amp;lang=fr\" \/>\n<meta property=\"og:site_name\" content=\"Le Quotidien de Nouakchott\" \/>\n<meta property=\"article:publisher\" content=\"https:\/\/web.facebook.com\/lequotidienmr\" \/>\n<meta property=\"article:published_time\" content=\"2024-10-23T11:56:50+00:00\" \/>\n<meta property=\"og:image\" content=\"https:\/\/lequotidien.mr\/wp-content\/uploads\/2024\/10\/a11a19de-180e-4237-98f0-94783d70149c-485x360-1.jpg\" \/>\n\t<meta property=\"og:image:width\" content=\"485\" \/>\n\t<meta property=\"og:image:height\" content=\"360\" \/>\n\t<meta property=\"og:image:type\" content=\"image\/jpeg\" \/>\n<meta name=\"author\" content=\"Le Quotidien\" \/>\n<meta name=\"twitter:card\" content=\"summary_large_image\" \/>\n<meta name=\"twitter:creator\" content=\"@lequotidienmr\" \/>\n<meta name=\"twitter:site\" content=\"@lequotidienmr\" \/>\n<meta name=\"twitter:label1\" content=\"\u0643\u064f\u062a\u0628 \u0628\u0648\u0627\u0633\u0637\u0629\" \/>\n\t<meta name=\"twitter:data1\" content=\"Le Quotidien\" \/>\n\t<meta name=\"twitter:label2\" content=\"\u0648\u0642\u062a \u0627\u0644\u0642\u0631\u0627\u0621\u0629 \u0627\u0644\u0645\u064f\u0642\u062f\u0651\u0631\" \/>\n\t<meta name=\"twitter:data2\" content=\"3 \u062f\u0642\u0627\u0626\u0642\" \/>\n<script type=\"application\/ld+json\" class=\"yoast-schema-graph\">{\"@context\":\"https:\\\/\\\/schema.org\",\"@graph\":[{\"@type\":\"Article\",\"@id\":\"https:\\\/\\\/lequotidien.mr\\\/?p=22167&lang=fr#article\",\"isPartOf\":{\"@id\":\"https:\\\/\\\/lequotidien.mr\\\/?p=22167&lang=fr\"},\"author\":{\"name\":\"Le Quotidien\",\"@id\":\"https:\\\/\\\/lequotidien.mr\\\/#\\\/schema\\\/person\\\/f90fcdaa970c60288de4ed2e64a56472\"},\"headline\":\"\u00a0La deuxi\u00e8me \u00e9dition du Festival International du Film de Nouakchott : un hommage \u00e0 la culture et au cin\u00e9ma palestinien\",\"datePublished\":\"2024-10-23T11:56:50+00:00\",\"mainEntityOfPage\":{\"@id\":\"https:\\\/\\\/lequotidien.mr\\\/?p=22167&lang=fr\"},\"wordCount\":658,\"commentCount\":0,\"publisher\":{\"@id\":\"https:\\\/\\\/lequotidien.mr\\\/#organization\"},\"image\":{\"@id\":\"https:\\\/\\\/lequotidien.mr\\\/?p=22167&lang=fr#primaryimage\"},\"thumbnailUrl\":\"https:\\\/\\\/lequotidien.mr\\\/wp-content\\\/uploads\\\/2024\\\/10\\\/a11a19de-180e-4237-98f0-94783d70149c-485x360-1.jpg\",\"articleSection\":[\"Culture\",\"Couverture sp\u00e9cilale\"],\"inLanguage\":\"ar\",\"potentialAction\":[{\"@type\":\"CommentAction\",\"name\":\"Comment\",\"target\":[\"https:\\\/\\\/lequotidien.mr\\\/?p=22167&lang=fr#respond\"]}]},{\"@type\":\"WebPage\",\"@id\":\"https:\\\/\\\/lequotidien.mr\\\/?p=22167&lang=fr\",\"url\":\"https:\\\/\\\/lequotidien.mr\\\/?p=22167&lang=fr\",\"name\":\"\u00a0La deuxi\u00e8me \u00e9dition du Festival International du Film de Nouakchott : un hommage \u00e0 la culture et au cin\u00e9ma palestinien - Le Quotidien de Nouakchott\",\"isPartOf\":{\"@id\":\"https:\\\/\\\/lequotidien.mr\\\/#website\"},\"primaryImageOfPage\":{\"@id\":\"https:\\\/\\\/lequotidien.mr\\\/?p=22167&lang=fr#primaryimage\"},\"image\":{\"@id\":\"https:\\\/\\\/lequotidien.mr\\\/?p=22167&lang=fr#primaryimage\"},\"thumbnailUrl\":\"https:\\\/\\\/lequotidien.mr\\\/wp-content\\\/uploads\\\/2024\\\/10\\\/a11a19de-180e-4237-98f0-94783d70149c-485x360-1.jpg\",\"datePublished\":\"2024-10-23T11:56:50+00:00\",\"breadcrumb\":{\"@id\":\"https:\\\/\\\/lequotidien.mr\\\/?p=22167&lang=fr#breadcrumb\"},\"inLanguage\":\"ar\",\"potentialAction\":[{\"@type\":\"ReadAction\",\"target\":[\"https:\\\/\\\/lequotidien.mr\\\/?p=22167&lang=fr\"]}]},{\"@type\":\"ImageObject\",\"inLanguage\":\"ar\",\"@id\":\"https:\\\/\\\/lequotidien.mr\\\/?p=22167&lang=fr#primaryimage\",\"url\":\"https:\\\/\\\/lequotidien.mr\\\/wp-content\\\/uploads\\\/2024\\\/10\\\/a11a19de-180e-4237-98f0-94783d70149c-485x360-1.jpg\",\"contentUrl\":\"https:\\\/\\\/lequotidien.mr\\\/wp-content\\\/uploads\\\/2024\\\/10\\\/a11a19de-180e-4237-98f0-94783d70149c-485x360-1.jpg\",\"width\":485,\"height\":360},{\"@type\":\"BreadcrumbList\",\"@id\":\"https:\\\/\\\/lequotidien.mr\\\/?p=22167&lang=fr#breadcrumb\",\"itemListElement\":[{\"@type\":\"ListItem\",\"position\":1,\"name\":\"Home\",\"item\":\"https:\\\/\\\/lequotidien.mr\\\/\"},{\"@type\":\"ListItem\",\"position\":2,\"name\":\"\u00a0La deuxi\u00e8me \u00e9dition du Festival International du Film de Nouakchott : un hommage \u00e0 la culture et au cin\u00e9ma palestinien\"}]},{\"@type\":\"WebSite\",\"@id\":\"https:\\\/\\\/lequotidien.mr\\\/#website\",\"url\":\"https:\\\/\\\/lequotidien.mr\\\/\",\"name\":\"Le Quotidien de Nouakchott\",\"description\":\"\u0625\u062e\u0628\u0627\u0631\u064a\u0629 \u0645\u0633\u062a\u0642\u0644\u0629 \u0644\u0644\u0623\u0646\u0628\u0627\u0621 \u0627\u0644\u0639\u0627\u0645\u0629\",\"publisher\":{\"@id\":\"https:\\\/\\\/lequotidien.mr\\\/#organization\"},\"potentialAction\":[{\"@type\":\"SearchAction\",\"target\":{\"@type\":\"EntryPoint\",\"urlTemplate\":\"https:\\\/\\\/lequotidien.mr\\\/?s={search_term_string}\"},\"query-input\":{\"@type\":\"PropertyValueSpecification\",\"valueRequired\":true,\"valueName\":\"search_term_string\"}}],\"inLanguage\":\"ar\"},{\"@type\":\"Organization\",\"@id\":\"https:\\\/\\\/lequotidien.mr\\\/#organization\",\"name\":\"Le Quotidien de Nouakchott\",\"url\":\"https:\\\/\\\/lequotidien.mr\\\/\",\"logo\":{\"@type\":\"ImageObject\",\"inLanguage\":\"ar\",\"@id\":\"https:\\\/\\\/lequotidien.mr\\\/#\\\/schema\\\/logo\\\/image\\\/\",\"url\":\"https:\\\/\\\/lequotidien.mr\\\/wp-content\\\/uploads\\\/2022\\\/11\\\/logolequotidien.jpg\",\"contentUrl\":\"https:\\\/\\\/lequotidien.mr\\\/wp-content\\\/uploads\\\/2022\\\/11\\\/logolequotidien.jpg\",\"width\":290,\"height\":65,\"caption\":\"Le Quotidien de Nouakchott\"},\"image\":{\"@id\":\"https:\\\/\\\/lequotidien.mr\\\/#\\\/schema\\\/logo\\\/image\\\/\"},\"sameAs\":[\"https:\\\/\\\/web.facebook.com\\\/lequotidienmr\",\"https:\\\/\\\/x.com\\\/lequotidienmr\"]},{\"@type\":\"Person\",\"@id\":\"https:\\\/\\\/lequotidien.mr\\\/#\\\/schema\\\/person\\\/f90fcdaa970c60288de4ed2e64a56472\",\"name\":\"Le Quotidien\",\"image\":{\"@type\":\"ImageObject\",\"inLanguage\":\"ar\",\"@id\":\"https:\\\/\\\/secure.gravatar.com\\\/avatar\\\/374cb39a1a458a912465a93e5a3ce6546886fc3da809a1f10c63e4e8fcbca30f?s=96&d=mm&r=g\",\"url\":\"https:\\\/\\\/secure.gravatar.com\\\/avatar\\\/374cb39a1a458a912465a93e5a3ce6546886fc3da809a1f10c63e4e8fcbca30f?s=96&d=mm&r=g\",\"contentUrl\":\"https:\\\/\\\/secure.gravatar.com\\\/avatar\\\/374cb39a1a458a912465a93e5a3ce6546886fc3da809a1f10c63e4e8fcbca30f?s=96&d=mm&r=g\",\"caption\":\"Le Quotidien\"},\"sameAs\":[\"https:\\\/\\\/lequotidien.mr\\\/\"],\"url\":\"https:\\\/\\\/lequotidien.mr\\\/?author=4\"}]}<\/script>\n<!-- \/ Yoast SEO plugin. -->","yoast_head_json":{"title":"\u00a0La deuxi\u00e8me \u00e9dition du Festival International du Film de Nouakchott : un hommage \u00e0 la culture et au cin\u00e9ma palestinien - Le Quotidien de Nouakchott","robots":{"index":"index","follow":"follow","max-snippet":"max-snippet:-1","max-image-preview":"max-image-preview:large","max-video-preview":"max-video-preview:-1"},"canonical":"https:\/\/lequotidien.mr\/?p=22167&lang=fr","og_locale":"ar_AR","og_type":"article","og_title":"\u00a0La deuxi\u00e8me \u00e9dition du Festival International du Film de Nouakchott : un hommage \u00e0 la culture et au cin\u00e9ma palestinien - Le Quotidien de Nouakchott","og_description":"La deuxi\u00e8me \u00e9dition du Festival International du Film de Nouakchott a \u00e9t\u00e9 lanc\u00e9e mardi soir dans l&#8217;espace de l&#8217;Organisation pour la Mise en Valeur du Fleuve S\u00e9n\u00e9gal. Ce rendez-vous cin\u00e9matographique, d\u00e9sormais inscrit parmi les festivals arabes de cin\u00e9ma reconnus, s&#8217;est tenu sous le patronage de la r\u00e9gion de Nouakchott et en collaboration avec le minist\u00e8re.....","og_url":"https:\/\/lequotidien.mr\/?p=22167&lang=fr","og_site_name":"Le Quotidien de Nouakchott","article_publisher":"https:\/\/web.facebook.com\/lequotidienmr","article_published_time":"2024-10-23T11:56:50+00:00","og_image":[{"width":485,"height":360,"url":"https:\/\/lequotidien.mr\/wp-content\/uploads\/2024\/10\/a11a19de-180e-4237-98f0-94783d70149c-485x360-1.jpg","type":"image\/jpeg"}],"author":"Le Quotidien","twitter_card":"summary_large_image","twitter_creator":"@lequotidienmr","twitter_site":"@lequotidienmr","twitter_misc":{"\u0643\u064f\u062a\u0628 \u0628\u0648\u0627\u0633\u0637\u0629":"Le Quotidien","\u0648\u0642\u062a \u0627\u0644\u0642\u0631\u0627\u0621\u0629 \u0627\u0644\u0645\u064f\u0642\u062f\u0651\u0631":"3 \u062f\u0642\u0627\u0626\u0642"},"schema":{"@context":"https:\/\/schema.org","@graph":[{"@type":"Article","@id":"https:\/\/lequotidien.mr\/?p=22167&lang=fr#article","isPartOf":{"@id":"https:\/\/lequotidien.mr\/?p=22167&lang=fr"},"author":{"name":"Le Quotidien","@id":"https:\/\/lequotidien.mr\/#\/schema\/person\/f90fcdaa970c60288de4ed2e64a56472"},"headline":"\u00a0La deuxi\u00e8me \u00e9dition du Festival International du Film de Nouakchott : un hommage \u00e0 la culture et au cin\u00e9ma palestinien","datePublished":"2024-10-23T11:56:50+00:00","mainEntityOfPage":{"@id":"https:\/\/lequotidien.mr\/?p=22167&lang=fr"},"wordCount":658,"commentCount":0,"publisher":{"@id":"https:\/\/lequotidien.mr\/#organization"},"image":{"@id":"https:\/\/lequotidien.mr\/?p=22167&lang=fr#primaryimage"},"thumbnailUrl":"https:\/\/lequotidien.mr\/wp-content\/uploads\/2024\/10\/a11a19de-180e-4237-98f0-94783d70149c-485x360-1.jpg","articleSection":["Culture","Couverture sp\u00e9cilale"],"inLanguage":"ar","potentialAction":[{"@type":"CommentAction","name":"Comment","target":["https:\/\/lequotidien.mr\/?p=22167&lang=fr#respond"]}]},{"@type":"WebPage","@id":"https:\/\/lequotidien.mr\/?p=22167&lang=fr","url":"https:\/\/lequotidien.mr\/?p=22167&lang=fr","name":"\u00a0La deuxi\u00e8me \u00e9dition du Festival International du Film de Nouakchott : un hommage \u00e0 la culture et au cin\u00e9ma palestinien - Le Quotidien de Nouakchott","isPartOf":{"@id":"https:\/\/lequotidien.mr\/#website"},"primaryImageOfPage":{"@id":"https:\/\/lequotidien.mr\/?p=22167&lang=fr#primaryimage"},"image":{"@id":"https:\/\/lequotidien.mr\/?p=22167&lang=fr#primaryimage"},"thumbnailUrl":"https:\/\/lequotidien.mr\/wp-content\/uploads\/2024\/10\/a11a19de-180e-4237-98f0-94783d70149c-485x360-1.jpg","datePublished":"2024-10-23T11:56:50+00:00","breadcrumb":{"@id":"https:\/\/lequotidien.mr\/?p=22167&lang=fr#breadcrumb"},"inLanguage":"ar","potentialAction":[{"@type":"ReadAction","target":["https:\/\/lequotidien.mr\/?p=22167&lang=fr"]}]},{"@type":"ImageObject","inLanguage":"ar","@id":"https:\/\/lequotidien.mr\/?p=22167&lang=fr#primaryimage","url":"https:\/\/lequotidien.mr\/wp-content\/uploads\/2024\/10\/a11a19de-180e-4237-98f0-94783d70149c-485x360-1.jpg","contentUrl":"https:\/\/lequotidien.mr\/wp-content\/uploads\/2024\/10\/a11a19de-180e-4237-98f0-94783d70149c-485x360-1.jpg","width":485,"height":360},{"@type":"BreadcrumbList","@id":"https:\/\/lequotidien.mr\/?p=22167&lang=fr#breadcrumb","itemListElement":[{"@type":"ListItem","position":1,"name":"Home","item":"https:\/\/lequotidien.mr\/"},{"@type":"ListItem","position":2,"name":"\u00a0La deuxi\u00e8me \u00e9dition du Festival International du Film de Nouakchott : un hommage \u00e0 la culture et au cin\u00e9ma palestinien"}]},{"@type":"WebSite","@id":"https:\/\/lequotidien.mr\/#website","url":"https:\/\/lequotidien.mr\/","name":"Le Quotidien de Nouakchott","description":"\u0625\u062e\u0628\u0627\u0631\u064a\u0629 \u0645\u0633\u062a\u0642\u0644\u0629 \u0644\u0644\u0623\u0646\u0628\u0627\u0621 \u0627\u0644\u0639\u0627\u0645\u0629","publisher":{"@id":"https:\/\/lequotidien.mr\/#organization"},"potentialAction":[{"@type":"SearchAction","target":{"@type":"EntryPoint","urlTemplate":"https:\/\/lequotidien.mr\/?s={search_term_string}"},"query-input":{"@type":"PropertyValueSpecification","valueRequired":true,"valueName":"search_term_string"}}],"inLanguage":"ar"},{"@type":"Organization","@id":"https:\/\/lequotidien.mr\/#organization","name":"Le Quotidien de Nouakchott","url":"https:\/\/lequotidien.mr\/","logo":{"@type":"ImageObject","inLanguage":"ar","@id":"https:\/\/lequotidien.mr\/#\/schema\/logo\/image\/","url":"https:\/\/lequotidien.mr\/wp-content\/uploads\/2022\/11\/logolequotidien.jpg","contentUrl":"https:\/\/lequotidien.mr\/wp-content\/uploads\/2022\/11\/logolequotidien.jpg","width":290,"height":65,"caption":"Le Quotidien de Nouakchott"},"image":{"@id":"https:\/\/lequotidien.mr\/#\/schema\/logo\/image\/"},"sameAs":["https:\/\/web.facebook.com\/lequotidienmr","https:\/\/x.com\/lequotidienmr"]},{"@type":"Person","@id":"https:\/\/lequotidien.mr\/#\/schema\/person\/f90fcdaa970c60288de4ed2e64a56472","name":"Le Quotidien","image":{"@type":"ImageObject","inLanguage":"ar","@id":"https:\/\/secure.gravatar.com\/avatar\/374cb39a1a458a912465a93e5a3ce6546886fc3da809a1f10c63e4e8fcbca30f?s=96&d=mm&r=g","url":"https:\/\/secure.gravatar.com\/avatar\/374cb39a1a458a912465a93e5a3ce6546886fc3da809a1f10c63e4e8fcbca30f?s=96&d=mm&r=g","contentUrl":"https:\/\/secure.gravatar.com\/avatar\/374cb39a1a458a912465a93e5a3ce6546886fc3da809a1f10c63e4e8fcbca30f?s=96&d=mm&r=g","caption":"Le Quotidien"},"sameAs":["https:\/\/lequotidien.mr\/"],"url":"https:\/\/lequotidien.mr\/?author=4"}]}},"_links":{"self":[{"href":"https:\/\/lequotidien.mr\/index.php?rest_route=\/wp\/v2\/posts\/22167","targetHints":{"allow":["GET"]}}],"collection":[{"href":"https:\/\/lequotidien.mr\/index.php?rest_route=\/wp\/v2\/posts"}],"about":[{"href":"https:\/\/lequotidien.mr\/index.php?rest_route=\/wp\/v2\/types\/post"}],"author":[{"embeddable":true,"href":"https:\/\/lequotidien.mr\/index.php?rest_route=\/wp\/v2\/users\/4"}],"replies":[{"embeddable":true,"href":"https:\/\/lequotidien.mr\/index.php?rest_route=%2Fwp%2Fv2%2Fcomments&post=22167"}],"version-history":[{"count":1,"href":"https:\/\/lequotidien.mr\/index.php?rest_route=\/wp\/v2\/posts\/22167\/revisions"}],"predecessor-version":[{"id":22169,"href":"https:\/\/lequotidien.mr\/index.php?rest_route=\/wp\/v2\/posts\/22167\/revisions\/22169"}],"wp:featuredmedia":[{"embeddable":true,"href":"https:\/\/lequotidien.mr\/index.php?rest_route=\/wp\/v2\/media\/22168"}],"wp:attachment":[{"href":"https:\/\/lequotidien.mr\/index.php?rest_route=%2Fwp%2Fv2%2Fmedia&parent=22167"}],"wp:term":[{"taxonomy":"category","embeddable":true,"href":"https:\/\/lequotidien.mr\/index.php?rest_route=%2Fwp%2Fv2%2Fcategories&post=22167"},{"taxonomy":"post_tag","embeddable":true,"href":"https:\/\/lequotidien.mr\/index.php?rest_route=%2Fwp%2Fv2%2Ftags&post=22167"}],"curies":[{"name":"wp","href":"https:\/\/api.w.org\/{rel}","templated":true}]}}