{"id":2215,"date":"2022-12-24T02:27:13","date_gmt":"2022-12-24T02:27:13","guid":{"rendered":"https:\/\/lequotidien.mr\/?p=2215"},"modified":"2022-12-24T02:27:13","modified_gmt":"2022-12-24T02:27:13","slug":"hommage-a-ahmed-ould-hamza-abdallah-o-souleymane-o-cheikh-sidia","status":"publish","type":"post","link":"https:\/\/lequotidien.mr\/?p=2215&lang=fr","title":{"rendered":"Hommage \u00e0 Ahmed Ould Hamza &#8211; Abdallah O. Souleymane O. Cheikh-Sidia"},"content":{"rendered":"<h2 style=\"text-align: left;\"><span style=\"font-weight: 400;\">J&#8217;ai appris avec une profonde tristesse la disparition pr\u00e9matur\u00e9e de mon ami, le regrett\u00e9 Ahmed Ould Hamza. L&#8217;expression, employ\u00e9e par M. Othmane O. YESSA pour le qualifier: Prince de la soci\u00e9t\u00e9 civile, est plus qu&#8217;heureuse. Je me permets de l&#8217;alourdir pour y ajouter le nom de la ville de Nouakchott qu&#8217;Ahmed aimait profond\u00e9ment et qui le lui a bien<\/span><\/h2>\n<h2 style=\"text-align: left;\"><span style=\"font-weight: 400;\">rendu, en en faisant -en 2006 -son \u00e9dile le plus<\/span><\/h2>\n<h2 style=\"text-align: left;\"><span style=\"font-weight: 400;\">d\u00e9mocratiquement \u00e9lu de toute sa tumultueuse Histoire. Cette ville cr\u00e9\u00e9e de &#8220;toutes pi\u00e8ces&#8221; ramen\u00e9es du S\u00e9n\u00e9gal voisin et de l&#8217;ensemble de l&#8217;Empire colonial fran\u00e7ais, peupl\u00e9e et f\u00e9cond\u00e9e par le g\u00e9nie du pastoralisme paradoxalement savant et profond\u00e9ment anarchique de ces contr\u00e9es sah\u00e9lo-sahariennes que l&#8217;Etat-civil fran\u00e7ais puis onusien a baptis\u00e9es du nom de Mauritanie, Ahmed en \u00e9tait sans conteste le charme personnifi\u00e9. Il savait, en effet, marier comme personne la g\u00e9n\u00e9rosit\u00e9 de l&#8217;Afrique subsahrienne, le code chevaleresque et les talents du saharien \u00e0 des go\u00fbts artistiques assur\u00e9s et \u00e0 des talents de soci\u00e9t\u00e9 ind\u00e9niables. Prince de la soci\u00e9t\u00e9 civile certainement, Prince de la noblesse d&#8217;\u00e2me et de l&#8217;allure naturellement, Prince de la politique et de l&#8217;industrie assur\u00e9ment, Ahmed fut sa vie durant tout simplement le Prince de Nouakchott<\/span><\/h2>\n<h2 style=\"text-align: left;\"><span style=\"font-weight: 400;\">.Mes condol\u00e9ances \u00e0 ses nombreux amis et \u00e0 sa noble famille<\/span><\/h2>\n<p style=\"text-align: center;\"><strong>Abdallah O. Souleymane O. Cheikh-Sidia<\/strong><\/p>\n","protected":false},"excerpt":{"rendered":"<p>J&#8217;ai appris avec une profonde tristesse la disparition pr\u00e9matur\u00e9e de mon ami, le regrett\u00e9 Ahmed Ould Hamza. L&#8217;expression, employ\u00e9e par M. Othmane O. YESSA pour le qualifier: Prince de la soci\u00e9t\u00e9 civile, est plus qu&#8217;heureuse. Je me permets de l&#8217;alourdir pour y ajouter le nom de la ville de Nouakchott qu&#8217;Ahmed aimait profond\u00e9ment et qui&#8230;..<\/p>\n","protected":false},"author":3,"featured_media":1804,"comment_status":"open","ping_status":"open","sticky":false,"template":"","format":"standard","meta":{"footnotes":""},"categories":[23,59,53],"tags":[],"class_list":["post-2215","post","type-post","status-publish","format-standard","has-post-thumbnail","hentry","category-actualite","category-opinion","category-faits-divers"],"yoast_head":"<!-- This site is optimized with the Yoast SEO plugin v27.5 - https:\/\/yoast.com\/product\/yoast-seo-wordpress\/ -->\n<title>Hommage \u00e0 Ahmed Ould Hamza - Abdallah O. Souleymane O. Cheikh-Sidia - Le Quotidien de Nouakchott<\/title>\n<meta name=\"robots\" content=\"index, follow, max-snippet:-1, max-image-preview:large, max-video-preview:-1\" \/>\n<link rel=\"canonical\" href=\"https:\/\/lequotidien.mr\/?p=2215&lang=fr\" \/>\n<meta property=\"og:locale\" content=\"ar_AR\" \/>\n<meta property=\"og:type\" content=\"article\" \/>\n<meta property=\"og:title\" content=\"Hommage \u00e0 Ahmed Ould Hamza - Abdallah O. Souleymane O. Cheikh-Sidia - Le Quotidien de Nouakchott\" \/>\n<meta property=\"og:description\" content=\"J&#8217;ai appris avec une profonde tristesse la disparition pr\u00e9matur\u00e9e de mon ami, le regrett\u00e9 Ahmed Ould Hamza. L&#8217;expression, employ\u00e9e par M. Othmane O. YESSA pour le qualifier: Prince de la soci\u00e9t\u00e9 civile, est plus qu&#8217;heureuse. Je me permets de l&#8217;alourdir pour y ajouter le nom de la ville de Nouakchott qu&#8217;Ahmed aimait profond\u00e9ment et qui.....\" \/>\n<meta property=\"og:url\" content=\"https:\/\/lequotidien.mr\/?p=2215&amp;lang=fr\" \/>\n<meta property=\"og:site_name\" content=\"Le Quotidien de Nouakchott\" \/>\n<meta property=\"article:publisher\" content=\"https:\/\/web.facebook.com\/lequotidienmr\" \/>\n<meta property=\"article:author\" content=\"https:\/\/web.facebook.com\/a.mleiwih\" \/>\n<meta property=\"article:published_time\" content=\"2022-12-24T02:27:13+00:00\" \/>\n<meta property=\"og:image\" content=\"https:\/\/lequotidien.mr\/wp-content\/uploads\/2022\/12\/24_Ahmed_Ould_Hamza_152_500x330.jpg\" \/>\n\t<meta property=\"og:image:width\" content=\"500\" \/>\n\t<meta property=\"og:image:height\" content=\"330\" \/>\n\t<meta property=\"og:image:type\" content=\"image\/jpeg\" \/>\n<meta name=\"author\" content=\"Alioun M&#039;leiwih\" \/>\n<meta name=\"twitter:card\" content=\"summary_large_image\" \/>\n<meta name=\"twitter:creator\" content=\"@lequotidienmr\" \/>\n<meta name=\"twitter:site\" content=\"@lequotidienmr\" \/>\n<meta name=\"twitter:label1\" content=\"\u0643\u064f\u062a\u0628 \u0628\u0648\u0627\u0633\u0637\u0629\" \/>\n\t<meta name=\"twitter:data1\" content=\"Alioun M&#039;leiwih\" \/>\n\t<meta name=\"twitter:label2\" content=\"\u0648\u0642\u062a \u0627\u0644\u0642\u0631\u0627\u0621\u0629 \u0627\u0644\u0645\u064f\u0642\u062f\u0651\u0631\" \/>\n\t<meta name=\"twitter:data2\" content=\"\u062f\u0642\u064a\u0642\u0629 \u0648\u0627\u062d\u062f\u0629\" \/>\n<script type=\"application\/ld+json\" class=\"yoast-schema-graph\">{\"@context\":\"https:\\\/\\\/schema.org\",\"@graph\":[{\"@type\":\"Article\",\"@id\":\"https:\\\/\\\/lequotidien.mr\\\/?p=2215&lang=fr#article\",\"isPartOf\":{\"@id\":\"https:\\\/\\\/lequotidien.mr\\\/?p=2215&lang=fr\"},\"author\":{\"name\":\"Alioun M'leiwih\",\"@id\":\"https:\\\/\\\/lequotidien.mr\\\/#\\\/schema\\\/person\\\/69d1518c74c9137087929a20b1272cb0\"},\"headline\":\"Hommage \u00e0 Ahmed Ould Hamza &#8211; Abdallah O. Souleymane O. Cheikh-Sidia\",\"datePublished\":\"2022-12-24T02:27:13+00:00\",\"mainEntityOfPage\":{\"@id\":\"https:\\\/\\\/lequotidien.mr\\\/?p=2215&lang=fr\"},\"wordCount\":258,\"commentCount\":0,\"publisher\":{\"@id\":\"https:\\\/\\\/lequotidien.mr\\\/#organization\"},\"image\":{\"@id\":\"https:\\\/\\\/lequotidien.mr\\\/?p=2215&lang=fr#primaryimage\"},\"thumbnailUrl\":\"https:\\\/\\\/lequotidien.mr\\\/wp-content\\\/uploads\\\/2022\\\/12\\\/24_Ahmed_Ould_Hamza_152_500x330.jpg\",\"articleSection\":[\"ACTUALIT\u00c9\",\"Opinion\",\"FAITS DIVERS\"],\"inLanguage\":\"ar\",\"potentialAction\":[{\"@type\":\"CommentAction\",\"name\":\"Comment\",\"target\":[\"https:\\\/\\\/lequotidien.mr\\\/?p=2215&lang=fr#respond\"]}]},{\"@type\":\"WebPage\",\"@id\":\"https:\\\/\\\/lequotidien.mr\\\/?p=2215&lang=fr\",\"url\":\"https:\\\/\\\/lequotidien.mr\\\/?p=2215&lang=fr\",\"name\":\"Hommage \u00e0 Ahmed Ould Hamza - Abdallah O. Souleymane O. Cheikh-Sidia - Le Quotidien de Nouakchott\",\"isPartOf\":{\"@id\":\"https:\\\/\\\/lequotidien.mr\\\/#website\"},\"primaryImageOfPage\":{\"@id\":\"https:\\\/\\\/lequotidien.mr\\\/?p=2215&lang=fr#primaryimage\"},\"image\":{\"@id\":\"https:\\\/\\\/lequotidien.mr\\\/?p=2215&lang=fr#primaryimage\"},\"thumbnailUrl\":\"https:\\\/\\\/lequotidien.mr\\\/wp-content\\\/uploads\\\/2022\\\/12\\\/24_Ahmed_Ould_Hamza_152_500x330.jpg\",\"datePublished\":\"2022-12-24T02:27:13+00:00\",\"breadcrumb\":{\"@id\":\"https:\\\/\\\/lequotidien.mr\\\/?p=2215&lang=fr#breadcrumb\"},\"inLanguage\":\"ar\",\"potentialAction\":[{\"@type\":\"ReadAction\",\"target\":[\"https:\\\/\\\/lequotidien.mr\\\/?p=2215&lang=fr\"]}]},{\"@type\":\"ImageObject\",\"inLanguage\":\"ar\",\"@id\":\"https:\\\/\\\/lequotidien.mr\\\/?p=2215&lang=fr#primaryimage\",\"url\":\"https:\\\/\\\/lequotidien.mr\\\/wp-content\\\/uploads\\\/2022\\\/12\\\/24_Ahmed_Ould_Hamza_152_500x330.jpg\",\"contentUrl\":\"https:\\\/\\\/lequotidien.mr\\\/wp-content\\\/uploads\\\/2022\\\/12\\\/24_Ahmed_Ould_Hamza_152_500x330.jpg\",\"width\":500,\"height\":330},{\"@type\":\"BreadcrumbList\",\"@id\":\"https:\\\/\\\/lequotidien.mr\\\/?p=2215&lang=fr#breadcrumb\",\"itemListElement\":[{\"@type\":\"ListItem\",\"position\":1,\"name\":\"Home\",\"item\":\"https:\\\/\\\/lequotidien.mr\\\/\"},{\"@type\":\"ListItem\",\"position\":2,\"name\":\"Hommage \u00e0 Ahmed Ould Hamza &#8211; Abdallah O. Souleymane O. Cheikh-Sidia\"}]},{\"@type\":\"WebSite\",\"@id\":\"https:\\\/\\\/lequotidien.mr\\\/#website\",\"url\":\"https:\\\/\\\/lequotidien.mr\\\/\",\"name\":\"Le Quotidien de Nouakchott\",\"description\":\"\u0625\u062e\u0628\u0627\u0631\u064a\u0629 \u0645\u0633\u062a\u0642\u0644\u0629 \u0644\u0644\u0623\u0646\u0628\u0627\u0621 \u0627\u0644\u0639\u0627\u0645\u0629\",\"publisher\":{\"@id\":\"https:\\\/\\\/lequotidien.mr\\\/#organization\"},\"potentialAction\":[{\"@type\":\"SearchAction\",\"target\":{\"@type\":\"EntryPoint\",\"urlTemplate\":\"https:\\\/\\\/lequotidien.mr\\\/?s={search_term_string}\"},\"query-input\":{\"@type\":\"PropertyValueSpecification\",\"valueRequired\":true,\"valueName\":\"search_term_string\"}}],\"inLanguage\":\"ar\"},{\"@type\":\"Organization\",\"@id\":\"https:\\\/\\\/lequotidien.mr\\\/#organization\",\"name\":\"Le Quotidien de Nouakchott\",\"url\":\"https:\\\/\\\/lequotidien.mr\\\/\",\"logo\":{\"@type\":\"ImageObject\",\"inLanguage\":\"ar\",\"@id\":\"https:\\\/\\\/lequotidien.mr\\\/#\\\/schema\\\/logo\\\/image\\\/\",\"url\":\"https:\\\/\\\/lequotidien.mr\\\/wp-content\\\/uploads\\\/2022\\\/11\\\/logolequotidien.jpg\",\"contentUrl\":\"https:\\\/\\\/lequotidien.mr\\\/wp-content\\\/uploads\\\/2022\\\/11\\\/logolequotidien.jpg\",\"width\":290,\"height\":65,\"caption\":\"Le Quotidien de Nouakchott\"},\"image\":{\"@id\":\"https:\\\/\\\/lequotidien.mr\\\/#\\\/schema\\\/logo\\\/image\\\/\"},\"sameAs\":[\"https:\\\/\\\/web.facebook.com\\\/lequotidienmr\",\"https:\\\/\\\/x.com\\\/lequotidienmr\"]},{\"@type\":\"Person\",\"@id\":\"https:\\\/\\\/lequotidien.mr\\\/#\\\/schema\\\/person\\\/69d1518c74c9137087929a20b1272cb0\",\"name\":\"Alioun M'leiwih\",\"image\":{\"@type\":\"ImageObject\",\"inLanguage\":\"ar\",\"@id\":\"https:\\\/\\\/secure.gravatar.com\\\/avatar\\\/01f9d357222d7d4ca8f71662f4b081718f06d25b11fc45662ecca0622d507e51?s=96&d=mm&r=g\",\"url\":\"https:\\\/\\\/secure.gravatar.com\\\/avatar\\\/01f9d357222d7d4ca8f71662f4b081718f06d25b11fc45662ecca0622d507e51?s=96&d=mm&r=g\",\"contentUrl\":\"https:\\\/\\\/secure.gravatar.com\\\/avatar\\\/01f9d357222d7d4ca8f71662f4b081718f06d25b11fc45662ecca0622d507e51?s=96&d=mm&r=g\",\"caption\":\"Alioun M'leiwih\"},\"sameAs\":[\"https:\\\/\\\/lequotidien.mr\\\/\",\"https:\\\/\\\/web.facebook.com\\\/a.mleiwih\",\"https:\\\/\\\/www.linkedin.com\\\/in\\\/alimlewih\\\/\"],\"url\":\"https:\\\/\\\/lequotidien.mr\\\/?author=3\"}]}<\/script>\n<!-- \/ Yoast SEO plugin. -->","yoast_head_json":{"title":"Hommage \u00e0 Ahmed Ould Hamza - Abdallah O. Souleymane O. Cheikh-Sidia - Le Quotidien de Nouakchott","robots":{"index":"index","follow":"follow","max-snippet":"max-snippet:-1","max-image-preview":"max-image-preview:large","max-video-preview":"max-video-preview:-1"},"canonical":"https:\/\/lequotidien.mr\/?p=2215&lang=fr","og_locale":"ar_AR","og_type":"article","og_title":"Hommage \u00e0 Ahmed Ould Hamza - Abdallah O. Souleymane O. Cheikh-Sidia - Le Quotidien de Nouakchott","og_description":"J&#8217;ai appris avec une profonde tristesse la disparition pr\u00e9matur\u00e9e de mon ami, le regrett\u00e9 Ahmed Ould Hamza. L&#8217;expression, employ\u00e9e par M. Othmane O. YESSA pour le qualifier: Prince de la soci\u00e9t\u00e9 civile, est plus qu&#8217;heureuse. Je me permets de l&#8217;alourdir pour y ajouter le nom de la ville de Nouakchott qu&#8217;Ahmed aimait profond\u00e9ment et qui.....","og_url":"https:\/\/lequotidien.mr\/?p=2215&lang=fr","og_site_name":"Le Quotidien de Nouakchott","article_publisher":"https:\/\/web.facebook.com\/lequotidienmr","article_author":"https:\/\/web.facebook.com\/a.mleiwih","article_published_time":"2022-12-24T02:27:13+00:00","og_image":[{"width":500,"height":330,"url":"https:\/\/lequotidien.mr\/wp-content\/uploads\/2022\/12\/24_Ahmed_Ould_Hamza_152_500x330.jpg","type":"image\/jpeg"}],"author":"Alioun M'leiwih","twitter_card":"summary_large_image","twitter_creator":"@lequotidienmr","twitter_site":"@lequotidienmr","twitter_misc":{"\u0643\u064f\u062a\u0628 \u0628\u0648\u0627\u0633\u0637\u0629":"Alioun M'leiwih","\u0648\u0642\u062a \u0627\u0644\u0642\u0631\u0627\u0621\u0629 \u0627\u0644\u0645\u064f\u0642\u062f\u0651\u0631":"\u062f\u0642\u064a\u0642\u0629 \u0648\u0627\u062d\u062f\u0629"},"schema":{"@context":"https:\/\/schema.org","@graph":[{"@type":"Article","@id":"https:\/\/lequotidien.mr\/?p=2215&lang=fr#article","isPartOf":{"@id":"https:\/\/lequotidien.mr\/?p=2215&lang=fr"},"author":{"name":"Alioun M'leiwih","@id":"https:\/\/lequotidien.mr\/#\/schema\/person\/69d1518c74c9137087929a20b1272cb0"},"headline":"Hommage \u00e0 Ahmed Ould Hamza &#8211; Abdallah O. Souleymane O. Cheikh-Sidia","datePublished":"2022-12-24T02:27:13+00:00","mainEntityOfPage":{"@id":"https:\/\/lequotidien.mr\/?p=2215&lang=fr"},"wordCount":258,"commentCount":0,"publisher":{"@id":"https:\/\/lequotidien.mr\/#organization"},"image":{"@id":"https:\/\/lequotidien.mr\/?p=2215&lang=fr#primaryimage"},"thumbnailUrl":"https:\/\/lequotidien.mr\/wp-content\/uploads\/2022\/12\/24_Ahmed_Ould_Hamza_152_500x330.jpg","articleSection":["ACTUALIT\u00c9","Opinion","FAITS DIVERS"],"inLanguage":"ar","potentialAction":[{"@type":"CommentAction","name":"Comment","target":["https:\/\/lequotidien.mr\/?p=2215&lang=fr#respond"]}]},{"@type":"WebPage","@id":"https:\/\/lequotidien.mr\/?p=2215&lang=fr","url":"https:\/\/lequotidien.mr\/?p=2215&lang=fr","name":"Hommage \u00e0 Ahmed Ould Hamza - Abdallah O. Souleymane O. Cheikh-Sidia - Le Quotidien de Nouakchott","isPartOf":{"@id":"https:\/\/lequotidien.mr\/#website"},"primaryImageOfPage":{"@id":"https:\/\/lequotidien.mr\/?p=2215&lang=fr#primaryimage"},"image":{"@id":"https:\/\/lequotidien.mr\/?p=2215&lang=fr#primaryimage"},"thumbnailUrl":"https:\/\/lequotidien.mr\/wp-content\/uploads\/2022\/12\/24_Ahmed_Ould_Hamza_152_500x330.jpg","datePublished":"2022-12-24T02:27:13+00:00","breadcrumb":{"@id":"https:\/\/lequotidien.mr\/?p=2215&lang=fr#breadcrumb"},"inLanguage":"ar","potentialAction":[{"@type":"ReadAction","target":["https:\/\/lequotidien.mr\/?p=2215&lang=fr"]}]},{"@type":"ImageObject","inLanguage":"ar","@id":"https:\/\/lequotidien.mr\/?p=2215&lang=fr#primaryimage","url":"https:\/\/lequotidien.mr\/wp-content\/uploads\/2022\/12\/24_Ahmed_Ould_Hamza_152_500x330.jpg","contentUrl":"https:\/\/lequotidien.mr\/wp-content\/uploads\/2022\/12\/24_Ahmed_Ould_Hamza_152_500x330.jpg","width":500,"height":330},{"@type":"BreadcrumbList","@id":"https:\/\/lequotidien.mr\/?p=2215&lang=fr#breadcrumb","itemListElement":[{"@type":"ListItem","position":1,"name":"Home","item":"https:\/\/lequotidien.mr\/"},{"@type":"ListItem","position":2,"name":"Hommage \u00e0 Ahmed Ould Hamza &#8211; Abdallah O. Souleymane O. Cheikh-Sidia"}]},{"@type":"WebSite","@id":"https:\/\/lequotidien.mr\/#website","url":"https:\/\/lequotidien.mr\/","name":"Le Quotidien de Nouakchott","description":"\u0625\u062e\u0628\u0627\u0631\u064a\u0629 \u0645\u0633\u062a\u0642\u0644\u0629 \u0644\u0644\u0623\u0646\u0628\u0627\u0621 \u0627\u0644\u0639\u0627\u0645\u0629","publisher":{"@id":"https:\/\/lequotidien.mr\/#organization"},"potentialAction":[{"@type":"SearchAction","target":{"@type":"EntryPoint","urlTemplate":"https:\/\/lequotidien.mr\/?s={search_term_string}"},"query-input":{"@type":"PropertyValueSpecification","valueRequired":true,"valueName":"search_term_string"}}],"inLanguage":"ar"},{"@type":"Organization","@id":"https:\/\/lequotidien.mr\/#organization","name":"Le Quotidien de Nouakchott","url":"https:\/\/lequotidien.mr\/","logo":{"@type":"ImageObject","inLanguage":"ar","@id":"https:\/\/lequotidien.mr\/#\/schema\/logo\/image\/","url":"https:\/\/lequotidien.mr\/wp-content\/uploads\/2022\/11\/logolequotidien.jpg","contentUrl":"https:\/\/lequotidien.mr\/wp-content\/uploads\/2022\/11\/logolequotidien.jpg","width":290,"height":65,"caption":"Le Quotidien de Nouakchott"},"image":{"@id":"https:\/\/lequotidien.mr\/#\/schema\/logo\/image\/"},"sameAs":["https:\/\/web.facebook.com\/lequotidienmr","https:\/\/x.com\/lequotidienmr"]},{"@type":"Person","@id":"https:\/\/lequotidien.mr\/#\/schema\/person\/69d1518c74c9137087929a20b1272cb0","name":"Alioun M'leiwih","image":{"@type":"ImageObject","inLanguage":"ar","@id":"https:\/\/secure.gravatar.com\/avatar\/01f9d357222d7d4ca8f71662f4b081718f06d25b11fc45662ecca0622d507e51?s=96&d=mm&r=g","url":"https:\/\/secure.gravatar.com\/avatar\/01f9d357222d7d4ca8f71662f4b081718f06d25b11fc45662ecca0622d507e51?s=96&d=mm&r=g","contentUrl":"https:\/\/secure.gravatar.com\/avatar\/01f9d357222d7d4ca8f71662f4b081718f06d25b11fc45662ecca0622d507e51?s=96&d=mm&r=g","caption":"Alioun M'leiwih"},"sameAs":["https:\/\/lequotidien.mr\/","https:\/\/web.facebook.com\/a.mleiwih","https:\/\/www.linkedin.com\/in\/alimlewih\/"],"url":"https:\/\/lequotidien.mr\/?author=3"}]}},"_links":{"self":[{"href":"https:\/\/lequotidien.mr\/index.php?rest_route=\/wp\/v2\/posts\/2215","targetHints":{"allow":["GET"]}}],"collection":[{"href":"https:\/\/lequotidien.mr\/index.php?rest_route=\/wp\/v2\/posts"}],"about":[{"href":"https:\/\/lequotidien.mr\/index.php?rest_route=\/wp\/v2\/types\/post"}],"author":[{"embeddable":true,"href":"https:\/\/lequotidien.mr\/index.php?rest_route=\/wp\/v2\/users\/3"}],"replies":[{"embeddable":true,"href":"https:\/\/lequotidien.mr\/index.php?rest_route=%2Fwp%2Fv2%2Fcomments&post=2215"}],"version-history":[{"count":2,"href":"https:\/\/lequotidien.mr\/index.php?rest_route=\/wp\/v2\/posts\/2215\/revisions"}],"predecessor-version":[{"id":2218,"href":"https:\/\/lequotidien.mr\/index.php?rest_route=\/wp\/v2\/posts\/2215\/revisions\/2218"}],"wp:featuredmedia":[{"embeddable":true,"href":"https:\/\/lequotidien.mr\/index.php?rest_route=\/wp\/v2\/media\/1804"}],"wp:attachment":[{"href":"https:\/\/lequotidien.mr\/index.php?rest_route=%2Fwp%2Fv2%2Fmedia&parent=2215"}],"wp:term":[{"taxonomy":"category","embeddable":true,"href":"https:\/\/lequotidien.mr\/index.php?rest_route=%2Fwp%2Fv2%2Fcategories&post=2215"},{"taxonomy":"post_tag","embeddable":true,"href":"https:\/\/lequotidien.mr\/index.php?rest_route=%2Fwp%2Fv2%2Ftags&post=2215"}],"curies":[{"name":"wp","href":"https:\/\/api.w.org\/{rel}","templated":true}]}}