{"id":22123,"date":"2024-10-21T21:08:27","date_gmt":"2024-10-21T21:08:27","guid":{"rendered":"https:\/\/lequotidien.mr\/?p=22123"},"modified":"2024-10-21T21:08:27","modified_gmt":"2024-10-21T21:08:27","slug":"forum-sur-lemploi-mediation-et-transparence-au-coeur-des-debats","status":"publish","type":"post","link":"https:\/\/lequotidien.mr\/?p=22123&lang=fr","title":{"rendered":"Forum sur l&#8217;emploi : M\u00e9diation et transparence au c\u0153ur des d\u00e9bats"},"content":{"rendered":"<p>Un forum important regroupant les acteurs du march\u00e9 du travail a \u00e9t\u00e9 organis\u00e9 ce lundi au Palais des Congr\u00e8s \u00e0 Nouakchott par l\u2019Agence nationale pour l\u2019Emploi (Techghil). Plac\u00e9 sous le th\u00e8me \u00ab M\u00e9diation et transparence comme leviers d\u2019activation du march\u00e9 du travail \u00bb, cet \u00e9v\u00e9nement s\u2019inscrit dans le cadre des efforts soutenus pour am\u00e9liorer l\u2019acc\u00e8s \u00e0 l\u2019emploi en Mauritanie. L&#8217;objectif est de dynamiser le march\u00e9 du travail tout en offrant des opportunit\u00e9s aux jeunes et en r\u00e9pondant aux besoins des entreprises.<\/p>\n<p>Ce forum s&#8217;est tenu en pr\u00e9sence de plusieurs personnalit\u00e9s, dont le ministre des Mines et de l\u2019Industrie, M. Thiam Tidjani, et le ministre de l\u2019\u00c9levage, M. Mokhtar Gaguih, t\u00e9moignant ainsi de l\u2019importance de cet \u00e9v\u00e9nement dans le d\u00e9veloppement \u00e9conomique du pays.<\/p>\n<p><strong>Un engagement fort pour l&#8217;emploi des jeunes<\/strong><\/p>\n<p>Le forum, organis\u00e9 sous l&#8217;\u00e9gide du minist\u00e8re de l\u2019Autonomisation des Jeunes, de l\u2019Emploi, des Sports et du Service civique, a rassembl\u00e9 des repr\u00e9sentants du gouvernement, des secteurs priv\u00e9s et publics, ainsi que des acteurs \u00e9conomiques. Lors de son discours d\u2019ouverture, le ministre de l\u2019Autonomisation des Jeunes, de l\u2019Emploi, des Sports et du Service civique, M. Mohamed Abdallahi Louly, a rappel\u00e9 que Son Excellence le Pr\u00e9sident de la R\u00e9publique, Mohamed Cheikh El Ghazouani, a fait de l\u2019emploi et de la jeunesse des priorit\u00e9s absolues dans son programme de mandat \u00ab Mon Ambition pour la Patrie \u00bb.<\/p>\n<p>Le ministre a soulign\u00e9 que le gouvernement travaille sans rel\u00e2che pour cr\u00e9er un environnement favorable \u00e0 l\u2019emploi en adoptant des politiques efficaces et en multipliant les opportunit\u00e9s pour les jeunes, en particulier pour les femmes et les jeunes entrepreneurs. Depuis le mois d\u2019ao\u00fbt, plus de 1 099 petites et moyennes entreprises ont \u00e9t\u00e9 financ\u00e9es, et de nombreux projets g\u00e9n\u00e9rateurs de revenus ont \u00e9t\u00e9 soutenus.<\/p>\n<p><strong>Programmes innovants et partenariats potentiels<\/strong><\/p>\n<p>Dans le cadre de cette dynamique, des projets pilotes en partenariat avec les secteurs de l\u2019agriculture et de la formation professionnelle ont \u00e9t\u00e9 lanc\u00e9s, notamment dans la riziculture, l\u2019\u00e9levage et le transport urbain, cr\u00e9ant ainsi de nouvelles opportunit\u00e9s d&#8217;emploi. De plus, un programme de soutien aux jeunes entrepreneurs, financ\u00e9 par des fonds publics, sera annonc\u00e9 dans les prochains jours.<\/p>\n<p>Le ministre a \u00e9galement mentionn\u00e9 que 320 offres d\u2019emploi ont \u00e9t\u00e9 publi\u00e9es r\u00e9cemment, dont 140 dans le cadre de l\u2019emploi flexible. Une campagne nationale d&#8217;exploration des opportunit\u00e9s de formation et d&#8217;emploi a permis de recenser les besoins de 2 510 institutions et d\u2019offrir des formations \u00e0 plus de 4 025 jeunes.<\/p>\n<p><strong>Vers une meilleure synergie entre les secteurs<\/strong><\/p>\n<p>De son c\u00f4t\u00e9, le directeur g\u00e9n\u00e9ral de Techghil, M. Abdelfattah Abdel Fattah, a pr\u00e9cis\u00e9 que l\u2019Agence a d\u00e9velopp\u00e9 des strat\u00e9gies d&#8217;intervention adapt\u00e9es et mis \u00e0 jour ses outils pour \u00e9largir la base des b\u00e9n\u00e9ficiaires. Il a \u00e9galement \u00e9voqu\u00e9 le lancement du syst\u00e8me d\u2019information \u00ab Deelil \u00bb, con\u00e7u pour faciliter la mise en relation entre employeurs et demandeurs d\u2019emploi. Ce syst\u00e8me permettra de r\u00e9pondre de mani\u00e8re plus cibl\u00e9e aux besoins du march\u00e9 tout en garantissant une transparence accrue dans le processus de recrutement.<\/p>\n<p>Le pr\u00e9sident de l\u2019Union nationale du Patronat mauritanien, M. Mohamed Zeine El Abidine Cheikh Ahmed, a soulign\u00e9 l\u2019importance du partenariat public-priv\u00e9 dans la promotion de l\u2019emploi et de la formation. Selon lui, la collaboration entre ces deux secteurs est essentielle pour la r\u00e9alisation du d\u00e9veloppement \u00e9conomique et social du pays, notamment en mati\u00e8re d\u2019emploi des jeunes.<\/p>\n<p>Ce forum marque une \u00e9tape importante dans la strat\u00e9gie nationale de lutte contre le ch\u00f4mage et de promotion de l\u2019emploi. Gr\u00e2ce \u00e0 une meilleure synergie entre les secteurs public et priv\u00e9 et \u00e0 des initiatives ambitieuses en mati\u00e8re de formation, le gouvernement esp\u00e8re am\u00e9liorer significativement le taux d&#8217;emploi et offrir des perspectives solides aux jeunes Mauritaniens.<\/p>\n","protected":false},"excerpt":{"rendered":"<p>Un forum important regroupant les acteurs du march\u00e9 du travail a \u00e9t\u00e9 organis\u00e9 ce lundi au Palais des Congr\u00e8s \u00e0 Nouakchott par l\u2019Agence nationale pour l\u2019Emploi (Techghil). Plac\u00e9 sous le th\u00e8me \u00ab M\u00e9diation et transparence comme leviers d\u2019activation du march\u00e9 du travail \u00bb, cet \u00e9v\u00e9nement s\u2019inscrit dans le cadre des efforts soutenus pour am\u00e9liorer l\u2019acc\u00e8s&#8230;..<\/p>\n","protected":false},"author":12,"featured_media":22124,"comment_status":"open","ping_status":"open","sticky":false,"template":"","format":"standard","meta":{"footnotes":""},"categories":[23,49],"tags":[],"class_list":["post-22123","post","type-post","status-publish","format-standard","has-post-thumbnail","hentry","category-actualite","category-economie"],"yoast_head":"<!-- This site is optimized with the Yoast SEO plugin v27.5 - https:\/\/yoast.com\/product\/yoast-seo-wordpress\/ -->\n<title>Forum sur l&#039;emploi : M\u00e9diation et transparence au c\u0153ur des d\u00e9bats - Le Quotidien de Nouakchott<\/title>\n<meta name=\"robots\" content=\"index, follow, max-snippet:-1, max-image-preview:large, max-video-preview:-1\" \/>\n<link rel=\"canonical\" href=\"https:\/\/lequotidien.mr\/?p=22123&lang=fr\" \/>\n<meta property=\"og:locale\" content=\"ar_AR\" \/>\n<meta property=\"og:type\" content=\"article\" \/>\n<meta property=\"og:title\" content=\"Forum sur l&#039;emploi : M\u00e9diation et transparence au c\u0153ur des d\u00e9bats - Le Quotidien de Nouakchott\" \/>\n<meta property=\"og:description\" content=\"Un forum important regroupant les acteurs du march\u00e9 du travail a \u00e9t\u00e9 organis\u00e9 ce lundi au Palais des Congr\u00e8s \u00e0 Nouakchott par l\u2019Agence nationale pour l\u2019Emploi (Techghil). Plac\u00e9 sous le th\u00e8me \u00ab M\u00e9diation et transparence comme leviers d\u2019activation du march\u00e9 du travail \u00bb, cet \u00e9v\u00e9nement s\u2019inscrit dans le cadre des efforts soutenus pour am\u00e9liorer l\u2019acc\u00e8s.....\" \/>\n<meta property=\"og:url\" content=\"https:\/\/lequotidien.mr\/?p=22123&amp;lang=fr\" \/>\n<meta property=\"og:site_name\" content=\"Le Quotidien de Nouakchott\" \/>\n<meta property=\"article:publisher\" content=\"https:\/\/web.facebook.com\/lequotidienmr\" \/>\n<meta property=\"article:published_time\" content=\"2024-10-21T21:08:27+00:00\" \/>\n<meta property=\"og:image\" content=\"https:\/\/lequotidien.mr\/wp-content\/uploads\/2024\/10\/photo-acteurs-du-travail.jpg\" \/>\n\t<meta property=\"og:image:width\" content=\"645\" \/>\n\t<meta property=\"og:image:height\" content=\"356\" \/>\n\t<meta property=\"og:image:type\" content=\"image\/jpeg\" \/>\n<meta name=\"author\" content=\"Med Ahmed\" \/>\n<meta name=\"twitter:card\" content=\"summary_large_image\" \/>\n<meta name=\"twitter:creator\" content=\"@lequotidienmr\" \/>\n<meta name=\"twitter:site\" content=\"@lequotidienmr\" \/>\n<meta name=\"twitter:label1\" content=\"\u0643\u064f\u062a\u0628 \u0628\u0648\u0627\u0633\u0637\u0629\" \/>\n\t<meta name=\"twitter:data1\" content=\"Med Ahmed\" \/>\n\t<meta name=\"twitter:label2\" content=\"\u0648\u0642\u062a \u0627\u0644\u0642\u0631\u0627\u0621\u0629 \u0627\u0644\u0645\u064f\u0642\u062f\u0651\u0631\" \/>\n\t<meta name=\"twitter:data2\" content=\"3 \u062f\u0642\u0627\u0626\u0642\" \/>\n<script type=\"application\/ld+json\" class=\"yoast-schema-graph\">{\"@context\":\"https:\\\/\\\/schema.org\",\"@graph\":[{\"@type\":\"Article\",\"@id\":\"https:\\\/\\\/lequotidien.mr\\\/?p=22123&lang=fr#article\",\"isPartOf\":{\"@id\":\"https:\\\/\\\/lequotidien.mr\\\/?p=22123&lang=fr\"},\"author\":{\"name\":\"Med Ahmed\",\"@id\":\"https:\\\/\\\/lequotidien.mr\\\/#\\\/schema\\\/person\\\/d2d350202a4d599685ed8abc25f97596\"},\"headline\":\"Forum sur l&#8217;emploi : M\u00e9diation et transparence au c\u0153ur des d\u00e9bats\",\"datePublished\":\"2024-10-21T21:08:27+00:00\",\"mainEntityOfPage\":{\"@id\":\"https:\\\/\\\/lequotidien.mr\\\/?p=22123&lang=fr\"},\"wordCount\":693,\"commentCount\":0,\"publisher\":{\"@id\":\"https:\\\/\\\/lequotidien.mr\\\/#organization\"},\"image\":{\"@id\":\"https:\\\/\\\/lequotidien.mr\\\/?p=22123&lang=fr#primaryimage\"},\"thumbnailUrl\":\"https:\\\/\\\/lequotidien.mr\\\/wp-content\\\/uploads\\\/2024\\\/10\\\/photo-acteurs-du-travail.jpg\",\"articleSection\":[\"ACTUALIT\u00c9\",\"Economie\"],\"inLanguage\":\"ar\",\"potentialAction\":[{\"@type\":\"CommentAction\",\"name\":\"Comment\",\"target\":[\"https:\\\/\\\/lequotidien.mr\\\/?p=22123&lang=fr#respond\"]}]},{\"@type\":\"WebPage\",\"@id\":\"https:\\\/\\\/lequotidien.mr\\\/?p=22123&lang=fr\",\"url\":\"https:\\\/\\\/lequotidien.mr\\\/?p=22123&lang=fr\",\"name\":\"Forum sur l'emploi : M\u00e9diation et transparence au c\u0153ur des d\u00e9bats - Le Quotidien de Nouakchott\",\"isPartOf\":{\"@id\":\"https:\\\/\\\/lequotidien.mr\\\/#website\"},\"primaryImageOfPage\":{\"@id\":\"https:\\\/\\\/lequotidien.mr\\\/?p=22123&lang=fr#primaryimage\"},\"image\":{\"@id\":\"https:\\\/\\\/lequotidien.mr\\\/?p=22123&lang=fr#primaryimage\"},\"thumbnailUrl\":\"https:\\\/\\\/lequotidien.mr\\\/wp-content\\\/uploads\\\/2024\\\/10\\\/photo-acteurs-du-travail.jpg\",\"datePublished\":\"2024-10-21T21:08:27+00:00\",\"breadcrumb\":{\"@id\":\"https:\\\/\\\/lequotidien.mr\\\/?p=22123&lang=fr#breadcrumb\"},\"inLanguage\":\"ar\",\"potentialAction\":[{\"@type\":\"ReadAction\",\"target\":[\"https:\\\/\\\/lequotidien.mr\\\/?p=22123&lang=fr\"]}]},{\"@type\":\"ImageObject\",\"inLanguage\":\"ar\",\"@id\":\"https:\\\/\\\/lequotidien.mr\\\/?p=22123&lang=fr#primaryimage\",\"url\":\"https:\\\/\\\/lequotidien.mr\\\/wp-content\\\/uploads\\\/2024\\\/10\\\/photo-acteurs-du-travail.jpg\",\"contentUrl\":\"https:\\\/\\\/lequotidien.mr\\\/wp-content\\\/uploads\\\/2024\\\/10\\\/photo-acteurs-du-travail.jpg\",\"width\":645,\"height\":356},{\"@type\":\"BreadcrumbList\",\"@id\":\"https:\\\/\\\/lequotidien.mr\\\/?p=22123&lang=fr#breadcrumb\",\"itemListElement\":[{\"@type\":\"ListItem\",\"position\":1,\"name\":\"Home\",\"item\":\"https:\\\/\\\/lequotidien.mr\\\/\"},{\"@type\":\"ListItem\",\"position\":2,\"name\":\"Forum sur l&#8217;emploi : M\u00e9diation et transparence au c\u0153ur des d\u00e9bats\"}]},{\"@type\":\"WebSite\",\"@id\":\"https:\\\/\\\/lequotidien.mr\\\/#website\",\"url\":\"https:\\\/\\\/lequotidien.mr\\\/\",\"name\":\"Le Quotidien de Nouakchott\",\"description\":\"\u0625\u062e\u0628\u0627\u0631\u064a\u0629 \u0645\u0633\u062a\u0642\u0644\u0629 \u0644\u0644\u0623\u0646\u0628\u0627\u0621 \u0627\u0644\u0639\u0627\u0645\u0629\",\"publisher\":{\"@id\":\"https:\\\/\\\/lequotidien.mr\\\/#organization\"},\"potentialAction\":[{\"@type\":\"SearchAction\",\"target\":{\"@type\":\"EntryPoint\",\"urlTemplate\":\"https:\\\/\\\/lequotidien.mr\\\/?s={search_term_string}\"},\"query-input\":{\"@type\":\"PropertyValueSpecification\",\"valueRequired\":true,\"valueName\":\"search_term_string\"}}],\"inLanguage\":\"ar\"},{\"@type\":\"Organization\",\"@id\":\"https:\\\/\\\/lequotidien.mr\\\/#organization\",\"name\":\"Le Quotidien de Nouakchott\",\"url\":\"https:\\\/\\\/lequotidien.mr\\\/\",\"logo\":{\"@type\":\"ImageObject\",\"inLanguage\":\"ar\",\"@id\":\"https:\\\/\\\/lequotidien.mr\\\/#\\\/schema\\\/logo\\\/image\\\/\",\"url\":\"https:\\\/\\\/lequotidien.mr\\\/wp-content\\\/uploads\\\/2022\\\/11\\\/logolequotidien.jpg\",\"contentUrl\":\"https:\\\/\\\/lequotidien.mr\\\/wp-content\\\/uploads\\\/2022\\\/11\\\/logolequotidien.jpg\",\"width\":290,\"height\":65,\"caption\":\"Le Quotidien de Nouakchott\"},\"image\":{\"@id\":\"https:\\\/\\\/lequotidien.mr\\\/#\\\/schema\\\/logo\\\/image\\\/\"},\"sameAs\":[\"https:\\\/\\\/web.facebook.com\\\/lequotidienmr\",\"https:\\\/\\\/x.com\\\/lequotidienmr\"]},{\"@type\":\"Person\",\"@id\":\"https:\\\/\\\/lequotidien.mr\\\/#\\\/schema\\\/person\\\/d2d350202a4d599685ed8abc25f97596\",\"name\":\"Med Ahmed\",\"image\":{\"@type\":\"ImageObject\",\"inLanguage\":\"ar\",\"@id\":\"https:\\\/\\\/secure.gravatar.com\\\/avatar\\\/fd2acc62ed50732923d1d39c17172c9b04149f142be92310ecc69e1358f94b52?s=96&d=mm&r=g\",\"url\":\"https:\\\/\\\/secure.gravatar.com\\\/avatar\\\/fd2acc62ed50732923d1d39c17172c9b04149f142be92310ecc69e1358f94b52?s=96&d=mm&r=g\",\"contentUrl\":\"https:\\\/\\\/secure.gravatar.com\\\/avatar\\\/fd2acc62ed50732923d1d39c17172c9b04149f142be92310ecc69e1358f94b52?s=96&d=mm&r=g\",\"caption\":\"Med Ahmed\"},\"url\":\"https:\\\/\\\/lequotidien.mr\\\/?author=12\"}]}<\/script>\n<!-- \/ Yoast SEO plugin. -->","yoast_head_json":{"title":"Forum sur l'emploi : M\u00e9diation et transparence au c\u0153ur des d\u00e9bats - Le Quotidien de Nouakchott","robots":{"index":"index","follow":"follow","max-snippet":"max-snippet:-1","max-image-preview":"max-image-preview:large","max-video-preview":"max-video-preview:-1"},"canonical":"https:\/\/lequotidien.mr\/?p=22123&lang=fr","og_locale":"ar_AR","og_type":"article","og_title":"Forum sur l'emploi : M\u00e9diation et transparence au c\u0153ur des d\u00e9bats - Le Quotidien de Nouakchott","og_description":"Un forum important regroupant les acteurs du march\u00e9 du travail a \u00e9t\u00e9 organis\u00e9 ce lundi au Palais des Congr\u00e8s \u00e0 Nouakchott par l\u2019Agence nationale pour l\u2019Emploi (Techghil). Plac\u00e9 sous le th\u00e8me \u00ab M\u00e9diation et transparence comme leviers d\u2019activation du march\u00e9 du travail \u00bb, cet \u00e9v\u00e9nement s\u2019inscrit dans le cadre des efforts soutenus pour am\u00e9liorer l\u2019acc\u00e8s.....","og_url":"https:\/\/lequotidien.mr\/?p=22123&lang=fr","og_site_name":"Le Quotidien de Nouakchott","article_publisher":"https:\/\/web.facebook.com\/lequotidienmr","article_published_time":"2024-10-21T21:08:27+00:00","og_image":[{"width":645,"height":356,"url":"https:\/\/lequotidien.mr\/wp-content\/uploads\/2024\/10\/photo-acteurs-du-travail.jpg","type":"image\/jpeg"}],"author":"Med Ahmed","twitter_card":"summary_large_image","twitter_creator":"@lequotidienmr","twitter_site":"@lequotidienmr","twitter_misc":{"\u0643\u064f\u062a\u0628 \u0628\u0648\u0627\u0633\u0637\u0629":"Med Ahmed","\u0648\u0642\u062a \u0627\u0644\u0642\u0631\u0627\u0621\u0629 \u0627\u0644\u0645\u064f\u0642\u062f\u0651\u0631":"3 \u062f\u0642\u0627\u0626\u0642"},"schema":{"@context":"https:\/\/schema.org","@graph":[{"@type":"Article","@id":"https:\/\/lequotidien.mr\/?p=22123&lang=fr#article","isPartOf":{"@id":"https:\/\/lequotidien.mr\/?p=22123&lang=fr"},"author":{"name":"Med Ahmed","@id":"https:\/\/lequotidien.mr\/#\/schema\/person\/d2d350202a4d599685ed8abc25f97596"},"headline":"Forum sur l&#8217;emploi : M\u00e9diation et transparence au c\u0153ur des d\u00e9bats","datePublished":"2024-10-21T21:08:27+00:00","mainEntityOfPage":{"@id":"https:\/\/lequotidien.mr\/?p=22123&lang=fr"},"wordCount":693,"commentCount":0,"publisher":{"@id":"https:\/\/lequotidien.mr\/#organization"},"image":{"@id":"https:\/\/lequotidien.mr\/?p=22123&lang=fr#primaryimage"},"thumbnailUrl":"https:\/\/lequotidien.mr\/wp-content\/uploads\/2024\/10\/photo-acteurs-du-travail.jpg","articleSection":["ACTUALIT\u00c9","Economie"],"inLanguage":"ar","potentialAction":[{"@type":"CommentAction","name":"Comment","target":["https:\/\/lequotidien.mr\/?p=22123&lang=fr#respond"]}]},{"@type":"WebPage","@id":"https:\/\/lequotidien.mr\/?p=22123&lang=fr","url":"https:\/\/lequotidien.mr\/?p=22123&lang=fr","name":"Forum sur l'emploi : M\u00e9diation et transparence au c\u0153ur des d\u00e9bats - Le Quotidien de Nouakchott","isPartOf":{"@id":"https:\/\/lequotidien.mr\/#website"},"primaryImageOfPage":{"@id":"https:\/\/lequotidien.mr\/?p=22123&lang=fr#primaryimage"},"image":{"@id":"https:\/\/lequotidien.mr\/?p=22123&lang=fr#primaryimage"},"thumbnailUrl":"https:\/\/lequotidien.mr\/wp-content\/uploads\/2024\/10\/photo-acteurs-du-travail.jpg","datePublished":"2024-10-21T21:08:27+00:00","breadcrumb":{"@id":"https:\/\/lequotidien.mr\/?p=22123&lang=fr#breadcrumb"},"inLanguage":"ar","potentialAction":[{"@type":"ReadAction","target":["https:\/\/lequotidien.mr\/?p=22123&lang=fr"]}]},{"@type":"ImageObject","inLanguage":"ar","@id":"https:\/\/lequotidien.mr\/?p=22123&lang=fr#primaryimage","url":"https:\/\/lequotidien.mr\/wp-content\/uploads\/2024\/10\/photo-acteurs-du-travail.jpg","contentUrl":"https:\/\/lequotidien.mr\/wp-content\/uploads\/2024\/10\/photo-acteurs-du-travail.jpg","width":645,"height":356},{"@type":"BreadcrumbList","@id":"https:\/\/lequotidien.mr\/?p=22123&lang=fr#breadcrumb","itemListElement":[{"@type":"ListItem","position":1,"name":"Home","item":"https:\/\/lequotidien.mr\/"},{"@type":"ListItem","position":2,"name":"Forum sur l&#8217;emploi : M\u00e9diation et transparence au c\u0153ur des d\u00e9bats"}]},{"@type":"WebSite","@id":"https:\/\/lequotidien.mr\/#website","url":"https:\/\/lequotidien.mr\/","name":"Le Quotidien de Nouakchott","description":"\u0625\u062e\u0628\u0627\u0631\u064a\u0629 \u0645\u0633\u062a\u0642\u0644\u0629 \u0644\u0644\u0623\u0646\u0628\u0627\u0621 \u0627\u0644\u0639\u0627\u0645\u0629","publisher":{"@id":"https:\/\/lequotidien.mr\/#organization"},"potentialAction":[{"@type":"SearchAction","target":{"@type":"EntryPoint","urlTemplate":"https:\/\/lequotidien.mr\/?s={search_term_string}"},"query-input":{"@type":"PropertyValueSpecification","valueRequired":true,"valueName":"search_term_string"}}],"inLanguage":"ar"},{"@type":"Organization","@id":"https:\/\/lequotidien.mr\/#organization","name":"Le Quotidien de Nouakchott","url":"https:\/\/lequotidien.mr\/","logo":{"@type":"ImageObject","inLanguage":"ar","@id":"https:\/\/lequotidien.mr\/#\/schema\/logo\/image\/","url":"https:\/\/lequotidien.mr\/wp-content\/uploads\/2022\/11\/logolequotidien.jpg","contentUrl":"https:\/\/lequotidien.mr\/wp-content\/uploads\/2022\/11\/logolequotidien.jpg","width":290,"height":65,"caption":"Le Quotidien de Nouakchott"},"image":{"@id":"https:\/\/lequotidien.mr\/#\/schema\/logo\/image\/"},"sameAs":["https:\/\/web.facebook.com\/lequotidienmr","https:\/\/x.com\/lequotidienmr"]},{"@type":"Person","@id":"https:\/\/lequotidien.mr\/#\/schema\/person\/d2d350202a4d599685ed8abc25f97596","name":"Med Ahmed","image":{"@type":"ImageObject","inLanguage":"ar","@id":"https:\/\/secure.gravatar.com\/avatar\/fd2acc62ed50732923d1d39c17172c9b04149f142be92310ecc69e1358f94b52?s=96&d=mm&r=g","url":"https:\/\/secure.gravatar.com\/avatar\/fd2acc62ed50732923d1d39c17172c9b04149f142be92310ecc69e1358f94b52?s=96&d=mm&r=g","contentUrl":"https:\/\/secure.gravatar.com\/avatar\/fd2acc62ed50732923d1d39c17172c9b04149f142be92310ecc69e1358f94b52?s=96&d=mm&r=g","caption":"Med Ahmed"},"url":"https:\/\/lequotidien.mr\/?author=12"}]}},"_links":{"self":[{"href":"https:\/\/lequotidien.mr\/index.php?rest_route=\/wp\/v2\/posts\/22123","targetHints":{"allow":["GET"]}}],"collection":[{"href":"https:\/\/lequotidien.mr\/index.php?rest_route=\/wp\/v2\/posts"}],"about":[{"href":"https:\/\/lequotidien.mr\/index.php?rest_route=\/wp\/v2\/types\/post"}],"author":[{"embeddable":true,"href":"https:\/\/lequotidien.mr\/index.php?rest_route=\/wp\/v2\/users\/12"}],"replies":[{"embeddable":true,"href":"https:\/\/lequotidien.mr\/index.php?rest_route=%2Fwp%2Fv2%2Fcomments&post=22123"}],"version-history":[{"count":1,"href":"https:\/\/lequotidien.mr\/index.php?rest_route=\/wp\/v2\/posts\/22123\/revisions"}],"predecessor-version":[{"id":22125,"href":"https:\/\/lequotidien.mr\/index.php?rest_route=\/wp\/v2\/posts\/22123\/revisions\/22125"}],"wp:featuredmedia":[{"embeddable":true,"href":"https:\/\/lequotidien.mr\/index.php?rest_route=\/wp\/v2\/media\/22124"}],"wp:attachment":[{"href":"https:\/\/lequotidien.mr\/index.php?rest_route=%2Fwp%2Fv2%2Fmedia&parent=22123"}],"wp:term":[{"taxonomy":"category","embeddable":true,"href":"https:\/\/lequotidien.mr\/index.php?rest_route=%2Fwp%2Fv2%2Fcategories&post=22123"},{"taxonomy":"post_tag","embeddable":true,"href":"https:\/\/lequotidien.mr\/index.php?rest_route=%2Fwp%2Fv2%2Ftags&post=22123"}],"curies":[{"name":"wp","href":"https:\/\/api.w.org\/{rel}","templated":true}]}}