{"id":22117,"date":"2024-10-21T20:10:25","date_gmt":"2024-10-21T20:10:25","guid":{"rendered":"https:\/\/lequotidien.mr\/?p=22117"},"modified":"2024-10-21T20:10:25","modified_gmt":"2024-10-21T20:10:25","slug":"lassemblee-nationale-approuve-un-projet-de-loi-sur-le-partenariat-public-prive-ppp","status":"publish","type":"post","link":"https:\/\/lequotidien.mr\/?p=22117&lang=fr","title":{"rendered":"L&#8217;Assembl\u00e9e nationale approuve un projet de loi sur le partenariat public-priv\u00e9 (PPP)"},"content":{"rendered":"<p>Vendredi dernier, lors d&#8217;une s\u00e9ance publique pr\u00e9sid\u00e9e par M. Mohamed Bembe Meguett, pr\u00e9sident de l&#8217;Assembl\u00e9e nationale, un projet de loi visant \u00e0 abroger et remplacer la loi 2017-006 et \u00e0 modifier la loi 2001-2006 relative au partenariat public-priv\u00e9 (PPP) a \u00e9t\u00e9 approuv\u00e9. Ce texte de loi ambitionne de renforcer les investissements dans les infrastructures et d&#8217;am\u00e9liorer la qualit\u00e9 des services publics en facilitant les partenariats entre le secteur public et priv\u00e9.<\/p>\n<p><strong>Objectifs du projet de loi<\/strong><\/p>\n<p>Le ministre de l&#8217;\u00c9conomie et des Finances, M. Sid\u2019Ahmed Bouh, a pr\u00e9sent\u00e9 ce projet en soulignant son importance dans le cadre de la strat\u00e9gie du Pr\u00e9sident de la R\u00e9publique, Mohamed Cheikh El Ghazouani. Ce dernier souhaite acc\u00e9l\u00e9rer le d\u00e9veloppement \u00e9conomique et social du pays en diversifiant les sources de financement pour les projets d&#8217;infrastructures, tout en r\u00e9duisant leur impact sur les finances publiques. Le partenariat public-priv\u00e9 se r\u00e9v\u00e8le ainsi un instrument crucial pour mobiliser les ressources et l\u2019expertise du secteur priv\u00e9 afin de financer, construire et exploiter les infrastructures essentielles.<\/p>\n<p>La loi originale sur les PPP, promulgu\u00e9e en 2017 et r\u00e9vis\u00e9e en 2021, a permis \u00e0 l&#8217;\u00c9tat de se doter d\u2019un cadre pour collaborer avec le secteur priv\u00e9 dans le financement et la r\u00e9alisation des infrastructures structurantes. Cependant, le nouveau projet introduit des amendements cl\u00e9s pour rendre ces partenariats plus flexibles et conformes aux standards juridiques internationaux.<\/p>\n<p><strong>Les nouveaut\u00e9s du projet de loi<\/strong><\/p>\n<p>L\u2019une des principales innovations de cette loi est la simplification des proc\u00e9dures d&#8217;attribution des march\u00e9s publics. Le ministre a expliqu\u00e9 que, dans les cas o\u00f9 aucune offre satisfaisante n\u2019est obtenue par la voie de la concurrence ouverte, les contrats pourront d\u00e9sormais \u00eatre attribu\u00e9s par n\u00e9gociation, notamment pour des projets jug\u00e9s d\u2019int\u00e9r\u00eat public. Cette souplesse permettra de faciliter la r\u00e9alisation des projets tout en maintenant un contr\u00f4le rigoureux.<\/p>\n<p>Le projet de loi introduit \u00e9galement des garanties suppl\u00e9mentaires en mati\u00e8re de transparence. La s\u00e9lection des adjudicataires et les contrats seront soumis \u00e0 une approbation pr\u00e9alable du Conseil des ministres, renfor\u00e7ant ainsi le contr\u00f4le sur les proc\u00e9dures.<\/p>\n<p><strong>R\u00e9actions des d\u00e9put\u00e9s<\/strong><\/p>\n<p>Les d\u00e9put\u00e9s ont salu\u00e9 l\u2019importance de cette r\u00e9forme, soulignant qu\u2019elle marque une avanc\u00e9e dans l\u2019\u00e9limination des obstacles \u00e0 un partenariat fructueux entre les secteurs public et priv\u00e9. Toutefois, ils ont relev\u00e9 plusieurs d\u00e9fis, notamment la complexit\u00e9 institutionnelle et les multiples niveaux de contr\u00f4le instaur\u00e9s par cette loi. Certains parlementaires ont \u00e9galement exprim\u00e9 des pr\u00e9occupations concernant l&#8217;obligation d\u2019obtenir l\u2019approbation du Conseil des ministres pour l\u2019adjudication des march\u00e9s, estimant que cette condition pourrait ralentir le processus d\u00e9cisionnel.<\/p>\n<p>Les d\u00e9put\u00e9s ont aussi insist\u00e9 sur la n\u00e9cessit\u00e9 d\u2019accompagner cette r\u00e9forme par des mesures incitatives visant \u00e0 rendre le climat d\u2019investissement plus attractif, notamment en s\u2019assurant que le syst\u00e8me judiciaire soit ind\u00e9pendant et capable de prot\u00e9ger les investisseurs.<\/p>\n<p><strong>Le r\u00f4le du conseil juridique<\/strong><\/p>\n<p>Un autre point soulev\u00e9 par les d\u00e9put\u00e9s est l\u2019importance du conseil juridique dans les n\u00e9gociations de contrats. Ils ont rappel\u00e9 que, dans certaines situations, les contrats peuvent avoir des cons\u00e9quences plus lourdes que les lois elles-m\u00eames, et ont mis en garde contre toute omission de cette expertise, qui pourrait entra\u00eener des concessions contraires \u00e0 l\u2019int\u00e9r\u00eat supr\u00eame du pays.<\/p>\n<p>En conclusion, la nouvelle loi sur le partenariat public-priv\u00e9 marque une \u00e9tape importante dans la modernisation des infrastructures et des services publics. Toutefois, pour que cette r\u00e9forme atteigne pleinement ses objectifs, elle devra \u00eatre accompagn\u00e9e d\u2019une simplification des proc\u00e9dures et d\u2019un renforcement du cadre incitatif et juridique afin d\u2019attirer des investissements durables.<\/p>\n","protected":false},"excerpt":{"rendered":"<p>Vendredi dernier, lors d&#8217;une s\u00e9ance publique pr\u00e9sid\u00e9e par M. Mohamed Bembe Meguett, pr\u00e9sident de l&#8217;Assembl\u00e9e nationale, un projet de loi visant \u00e0 abroger et remplacer la loi 2017-006 et \u00e0 modifier la loi 2001-2006 relative au partenariat public-priv\u00e9 (PPP) a \u00e9t\u00e9 approuv\u00e9. Ce texte de loi ambitionne de renforcer les investissements dans les infrastructures et&#8230;..<\/p>\n","protected":false},"author":12,"featured_media":22118,"comment_status":"open","ping_status":"open","sticky":false,"template":"","format":"standard","meta":{"footnotes":""},"categories":[23,49],"tags":[],"class_list":["post-22117","post","type-post","status-publish","format-standard","has-post-thumbnail","hentry","category-actualite","category-economie"],"yoast_head":"<!-- This site is optimized with the Yoast SEO plugin v27.5 - https:\/\/yoast.com\/product\/yoast-seo-wordpress\/ -->\n<title>L&#039;Assembl\u00e9e nationale approuve un projet de loi sur le partenariat public-priv\u00e9 (PPP) - Le Quotidien de Nouakchott<\/title>\n<meta name=\"robots\" content=\"index, follow, max-snippet:-1, max-image-preview:large, max-video-preview:-1\" \/>\n<link rel=\"canonical\" href=\"https:\/\/lequotidien.mr\/?p=22117&lang=fr\" \/>\n<meta property=\"og:locale\" content=\"ar_AR\" \/>\n<meta property=\"og:type\" content=\"article\" \/>\n<meta property=\"og:title\" content=\"L&#039;Assembl\u00e9e nationale approuve un projet de loi sur le partenariat public-priv\u00e9 (PPP) - Le Quotidien de Nouakchott\" \/>\n<meta property=\"og:description\" content=\"Vendredi dernier, lors d&#8217;une s\u00e9ance publique pr\u00e9sid\u00e9e par M. Mohamed Bembe Meguett, pr\u00e9sident de l&#8217;Assembl\u00e9e nationale, un projet de loi visant \u00e0 abroger et remplacer la loi 2017-006 et \u00e0 modifier la loi 2001-2006 relative au partenariat public-priv\u00e9 (PPP) a \u00e9t\u00e9 approuv\u00e9. Ce texte de loi ambitionne de renforcer les investissements dans les infrastructures et.....\" \/>\n<meta property=\"og:url\" content=\"https:\/\/lequotidien.mr\/?p=22117&amp;lang=fr\" \/>\n<meta property=\"og:site_name\" content=\"Le Quotidien de Nouakchott\" \/>\n<meta property=\"article:publisher\" content=\"https:\/\/web.facebook.com\/lequotidienmr\" \/>\n<meta property=\"article:published_time\" content=\"2024-10-21T20:10:25+00:00\" \/>\n<meta property=\"og:image\" content=\"https:\/\/lequotidien.mr\/wp-content\/uploads\/2024\/10\/photo-PPP.png\" \/>\n\t<meta property=\"og:image:width\" content=\"484\" \/>\n\t<meta property=\"og:image:height\" content=\"480\" \/>\n\t<meta property=\"og:image:type\" content=\"image\/png\" \/>\n<meta name=\"author\" content=\"Med Ahmed\" \/>\n<meta name=\"twitter:card\" content=\"summary_large_image\" \/>\n<meta name=\"twitter:creator\" content=\"@lequotidienmr\" \/>\n<meta name=\"twitter:site\" content=\"@lequotidienmr\" \/>\n<meta name=\"twitter:label1\" content=\"\u0643\u064f\u062a\u0628 \u0628\u0648\u0627\u0633\u0637\u0629\" \/>\n\t<meta name=\"twitter:data1\" content=\"Med Ahmed\" \/>\n\t<meta name=\"twitter:label2\" content=\"\u0648\u0642\u062a \u0627\u0644\u0642\u0631\u0627\u0621\u0629 \u0627\u0644\u0645\u064f\u0642\u062f\u0651\u0631\" \/>\n\t<meta name=\"twitter:data2\" content=\"3 \u062f\u0642\u0627\u0626\u0642\" \/>\n<script type=\"application\/ld+json\" class=\"yoast-schema-graph\">{\"@context\":\"https:\\\/\\\/schema.org\",\"@graph\":[{\"@type\":\"Article\",\"@id\":\"https:\\\/\\\/lequotidien.mr\\\/?p=22117&lang=fr#article\",\"isPartOf\":{\"@id\":\"https:\\\/\\\/lequotidien.mr\\\/?p=22117&lang=fr\"},\"author\":{\"name\":\"Med Ahmed\",\"@id\":\"https:\\\/\\\/lequotidien.mr\\\/#\\\/schema\\\/person\\\/d2d350202a4d599685ed8abc25f97596\"},\"headline\":\"L&#8217;Assembl\u00e9e nationale approuve un projet de loi sur le partenariat public-priv\u00e9 (PPP)\",\"datePublished\":\"2024-10-21T20:10:25+00:00\",\"mainEntityOfPage\":{\"@id\":\"https:\\\/\\\/lequotidien.mr\\\/?p=22117&lang=fr\"},\"wordCount\":669,\"commentCount\":0,\"publisher\":{\"@id\":\"https:\\\/\\\/lequotidien.mr\\\/#organization\"},\"image\":{\"@id\":\"https:\\\/\\\/lequotidien.mr\\\/?p=22117&lang=fr#primaryimage\"},\"thumbnailUrl\":\"https:\\\/\\\/lequotidien.mr\\\/wp-content\\\/uploads\\\/2024\\\/10\\\/photo-PPP.png\",\"articleSection\":[\"ACTUALIT\u00c9\",\"Economie\"],\"inLanguage\":\"ar\",\"potentialAction\":[{\"@type\":\"CommentAction\",\"name\":\"Comment\",\"target\":[\"https:\\\/\\\/lequotidien.mr\\\/?p=22117&lang=fr#respond\"]}]},{\"@type\":\"WebPage\",\"@id\":\"https:\\\/\\\/lequotidien.mr\\\/?p=22117&lang=fr\",\"url\":\"https:\\\/\\\/lequotidien.mr\\\/?p=22117&lang=fr\",\"name\":\"L'Assembl\u00e9e nationale approuve un projet de loi sur le partenariat public-priv\u00e9 (PPP) - Le Quotidien de Nouakchott\",\"isPartOf\":{\"@id\":\"https:\\\/\\\/lequotidien.mr\\\/#website\"},\"primaryImageOfPage\":{\"@id\":\"https:\\\/\\\/lequotidien.mr\\\/?p=22117&lang=fr#primaryimage\"},\"image\":{\"@id\":\"https:\\\/\\\/lequotidien.mr\\\/?p=22117&lang=fr#primaryimage\"},\"thumbnailUrl\":\"https:\\\/\\\/lequotidien.mr\\\/wp-content\\\/uploads\\\/2024\\\/10\\\/photo-PPP.png\",\"datePublished\":\"2024-10-21T20:10:25+00:00\",\"breadcrumb\":{\"@id\":\"https:\\\/\\\/lequotidien.mr\\\/?p=22117&lang=fr#breadcrumb\"},\"inLanguage\":\"ar\",\"potentialAction\":[{\"@type\":\"ReadAction\",\"target\":[\"https:\\\/\\\/lequotidien.mr\\\/?p=22117&lang=fr\"]}]},{\"@type\":\"ImageObject\",\"inLanguage\":\"ar\",\"@id\":\"https:\\\/\\\/lequotidien.mr\\\/?p=22117&lang=fr#primaryimage\",\"url\":\"https:\\\/\\\/lequotidien.mr\\\/wp-content\\\/uploads\\\/2024\\\/10\\\/photo-PPP.png\",\"contentUrl\":\"https:\\\/\\\/lequotidien.mr\\\/wp-content\\\/uploads\\\/2024\\\/10\\\/photo-PPP.png\",\"width\":484,\"height\":480},{\"@type\":\"BreadcrumbList\",\"@id\":\"https:\\\/\\\/lequotidien.mr\\\/?p=22117&lang=fr#breadcrumb\",\"itemListElement\":[{\"@type\":\"ListItem\",\"position\":1,\"name\":\"Home\",\"item\":\"https:\\\/\\\/lequotidien.mr\\\/\"},{\"@type\":\"ListItem\",\"position\":2,\"name\":\"L&rsquo;Assembl\u00e9e nationale approuve un projet de loi sur le partenariat public-priv\u00e9 (PPP)\"}]},{\"@type\":\"WebSite\",\"@id\":\"https:\\\/\\\/lequotidien.mr\\\/#website\",\"url\":\"https:\\\/\\\/lequotidien.mr\\\/\",\"name\":\"Le Quotidien de Nouakchott\",\"description\":\"\u0625\u062e\u0628\u0627\u0631\u064a\u0629 \u0645\u0633\u062a\u0642\u0644\u0629 \u0644\u0644\u0623\u0646\u0628\u0627\u0621 \u0627\u0644\u0639\u0627\u0645\u0629\",\"publisher\":{\"@id\":\"https:\\\/\\\/lequotidien.mr\\\/#organization\"},\"potentialAction\":[{\"@type\":\"SearchAction\",\"target\":{\"@type\":\"EntryPoint\",\"urlTemplate\":\"https:\\\/\\\/lequotidien.mr\\\/?s={search_term_string}\"},\"query-input\":{\"@type\":\"PropertyValueSpecification\",\"valueRequired\":true,\"valueName\":\"search_term_string\"}}],\"inLanguage\":\"ar\"},{\"@type\":\"Organization\",\"@id\":\"https:\\\/\\\/lequotidien.mr\\\/#organization\",\"name\":\"Le Quotidien de Nouakchott\",\"url\":\"https:\\\/\\\/lequotidien.mr\\\/\",\"logo\":{\"@type\":\"ImageObject\",\"inLanguage\":\"ar\",\"@id\":\"https:\\\/\\\/lequotidien.mr\\\/#\\\/schema\\\/logo\\\/image\\\/\",\"url\":\"https:\\\/\\\/lequotidien.mr\\\/wp-content\\\/uploads\\\/2022\\\/11\\\/logolequotidien.jpg\",\"contentUrl\":\"https:\\\/\\\/lequotidien.mr\\\/wp-content\\\/uploads\\\/2022\\\/11\\\/logolequotidien.jpg\",\"width\":290,\"height\":65,\"caption\":\"Le Quotidien de Nouakchott\"},\"image\":{\"@id\":\"https:\\\/\\\/lequotidien.mr\\\/#\\\/schema\\\/logo\\\/image\\\/\"},\"sameAs\":[\"https:\\\/\\\/web.facebook.com\\\/lequotidienmr\",\"https:\\\/\\\/x.com\\\/lequotidienmr\"]},{\"@type\":\"Person\",\"@id\":\"https:\\\/\\\/lequotidien.mr\\\/#\\\/schema\\\/person\\\/d2d350202a4d599685ed8abc25f97596\",\"name\":\"Med Ahmed\",\"image\":{\"@type\":\"ImageObject\",\"inLanguage\":\"ar\",\"@id\":\"https:\\\/\\\/secure.gravatar.com\\\/avatar\\\/fd2acc62ed50732923d1d39c17172c9b04149f142be92310ecc69e1358f94b52?s=96&d=mm&r=g\",\"url\":\"https:\\\/\\\/secure.gravatar.com\\\/avatar\\\/fd2acc62ed50732923d1d39c17172c9b04149f142be92310ecc69e1358f94b52?s=96&d=mm&r=g\",\"contentUrl\":\"https:\\\/\\\/secure.gravatar.com\\\/avatar\\\/fd2acc62ed50732923d1d39c17172c9b04149f142be92310ecc69e1358f94b52?s=96&d=mm&r=g\",\"caption\":\"Med Ahmed\"},\"url\":\"https:\\\/\\\/lequotidien.mr\\\/?author=12\"}]}<\/script>\n<!-- \/ Yoast SEO plugin. -->","yoast_head_json":{"title":"L'Assembl\u00e9e nationale approuve un projet de loi sur le partenariat public-priv\u00e9 (PPP) - Le Quotidien de Nouakchott","robots":{"index":"index","follow":"follow","max-snippet":"max-snippet:-1","max-image-preview":"max-image-preview:large","max-video-preview":"max-video-preview:-1"},"canonical":"https:\/\/lequotidien.mr\/?p=22117&lang=fr","og_locale":"ar_AR","og_type":"article","og_title":"L'Assembl\u00e9e nationale approuve un projet de loi sur le partenariat public-priv\u00e9 (PPP) - Le Quotidien de Nouakchott","og_description":"Vendredi dernier, lors d&#8217;une s\u00e9ance publique pr\u00e9sid\u00e9e par M. Mohamed Bembe Meguett, pr\u00e9sident de l&#8217;Assembl\u00e9e nationale, un projet de loi visant \u00e0 abroger et remplacer la loi 2017-006 et \u00e0 modifier la loi 2001-2006 relative au partenariat public-priv\u00e9 (PPP) a \u00e9t\u00e9 approuv\u00e9. Ce texte de loi ambitionne de renforcer les investissements dans les infrastructures et.....","og_url":"https:\/\/lequotidien.mr\/?p=22117&lang=fr","og_site_name":"Le Quotidien de Nouakchott","article_publisher":"https:\/\/web.facebook.com\/lequotidienmr","article_published_time":"2024-10-21T20:10:25+00:00","og_image":[{"width":484,"height":480,"url":"https:\/\/lequotidien.mr\/wp-content\/uploads\/2024\/10\/photo-PPP.png","type":"image\/png"}],"author":"Med Ahmed","twitter_card":"summary_large_image","twitter_creator":"@lequotidienmr","twitter_site":"@lequotidienmr","twitter_misc":{"\u0643\u064f\u062a\u0628 \u0628\u0648\u0627\u0633\u0637\u0629":"Med Ahmed","\u0648\u0642\u062a \u0627\u0644\u0642\u0631\u0627\u0621\u0629 \u0627\u0644\u0645\u064f\u0642\u062f\u0651\u0631":"3 \u062f\u0642\u0627\u0626\u0642"},"schema":{"@context":"https:\/\/schema.org","@graph":[{"@type":"Article","@id":"https:\/\/lequotidien.mr\/?p=22117&lang=fr#article","isPartOf":{"@id":"https:\/\/lequotidien.mr\/?p=22117&lang=fr"},"author":{"name":"Med Ahmed","@id":"https:\/\/lequotidien.mr\/#\/schema\/person\/d2d350202a4d599685ed8abc25f97596"},"headline":"L&#8217;Assembl\u00e9e nationale approuve un projet de loi sur le partenariat public-priv\u00e9 (PPP)","datePublished":"2024-10-21T20:10:25+00:00","mainEntityOfPage":{"@id":"https:\/\/lequotidien.mr\/?p=22117&lang=fr"},"wordCount":669,"commentCount":0,"publisher":{"@id":"https:\/\/lequotidien.mr\/#organization"},"image":{"@id":"https:\/\/lequotidien.mr\/?p=22117&lang=fr#primaryimage"},"thumbnailUrl":"https:\/\/lequotidien.mr\/wp-content\/uploads\/2024\/10\/photo-PPP.png","articleSection":["ACTUALIT\u00c9","Economie"],"inLanguage":"ar","potentialAction":[{"@type":"CommentAction","name":"Comment","target":["https:\/\/lequotidien.mr\/?p=22117&lang=fr#respond"]}]},{"@type":"WebPage","@id":"https:\/\/lequotidien.mr\/?p=22117&lang=fr","url":"https:\/\/lequotidien.mr\/?p=22117&lang=fr","name":"L'Assembl\u00e9e nationale approuve un projet de loi sur le partenariat public-priv\u00e9 (PPP) - Le Quotidien de Nouakchott","isPartOf":{"@id":"https:\/\/lequotidien.mr\/#website"},"primaryImageOfPage":{"@id":"https:\/\/lequotidien.mr\/?p=22117&lang=fr#primaryimage"},"image":{"@id":"https:\/\/lequotidien.mr\/?p=22117&lang=fr#primaryimage"},"thumbnailUrl":"https:\/\/lequotidien.mr\/wp-content\/uploads\/2024\/10\/photo-PPP.png","datePublished":"2024-10-21T20:10:25+00:00","breadcrumb":{"@id":"https:\/\/lequotidien.mr\/?p=22117&lang=fr#breadcrumb"},"inLanguage":"ar","potentialAction":[{"@type":"ReadAction","target":["https:\/\/lequotidien.mr\/?p=22117&lang=fr"]}]},{"@type":"ImageObject","inLanguage":"ar","@id":"https:\/\/lequotidien.mr\/?p=22117&lang=fr#primaryimage","url":"https:\/\/lequotidien.mr\/wp-content\/uploads\/2024\/10\/photo-PPP.png","contentUrl":"https:\/\/lequotidien.mr\/wp-content\/uploads\/2024\/10\/photo-PPP.png","width":484,"height":480},{"@type":"BreadcrumbList","@id":"https:\/\/lequotidien.mr\/?p=22117&lang=fr#breadcrumb","itemListElement":[{"@type":"ListItem","position":1,"name":"Home","item":"https:\/\/lequotidien.mr\/"},{"@type":"ListItem","position":2,"name":"L&rsquo;Assembl\u00e9e nationale approuve un projet de loi sur le partenariat public-priv\u00e9 (PPP)"}]},{"@type":"WebSite","@id":"https:\/\/lequotidien.mr\/#website","url":"https:\/\/lequotidien.mr\/","name":"Le Quotidien de Nouakchott","description":"\u0625\u062e\u0628\u0627\u0631\u064a\u0629 \u0645\u0633\u062a\u0642\u0644\u0629 \u0644\u0644\u0623\u0646\u0628\u0627\u0621 \u0627\u0644\u0639\u0627\u0645\u0629","publisher":{"@id":"https:\/\/lequotidien.mr\/#organization"},"potentialAction":[{"@type":"SearchAction","target":{"@type":"EntryPoint","urlTemplate":"https:\/\/lequotidien.mr\/?s={search_term_string}"},"query-input":{"@type":"PropertyValueSpecification","valueRequired":true,"valueName":"search_term_string"}}],"inLanguage":"ar"},{"@type":"Organization","@id":"https:\/\/lequotidien.mr\/#organization","name":"Le Quotidien de Nouakchott","url":"https:\/\/lequotidien.mr\/","logo":{"@type":"ImageObject","inLanguage":"ar","@id":"https:\/\/lequotidien.mr\/#\/schema\/logo\/image\/","url":"https:\/\/lequotidien.mr\/wp-content\/uploads\/2022\/11\/logolequotidien.jpg","contentUrl":"https:\/\/lequotidien.mr\/wp-content\/uploads\/2022\/11\/logolequotidien.jpg","width":290,"height":65,"caption":"Le Quotidien de Nouakchott"},"image":{"@id":"https:\/\/lequotidien.mr\/#\/schema\/logo\/image\/"},"sameAs":["https:\/\/web.facebook.com\/lequotidienmr","https:\/\/x.com\/lequotidienmr"]},{"@type":"Person","@id":"https:\/\/lequotidien.mr\/#\/schema\/person\/d2d350202a4d599685ed8abc25f97596","name":"Med Ahmed","image":{"@type":"ImageObject","inLanguage":"ar","@id":"https:\/\/secure.gravatar.com\/avatar\/fd2acc62ed50732923d1d39c17172c9b04149f142be92310ecc69e1358f94b52?s=96&d=mm&r=g","url":"https:\/\/secure.gravatar.com\/avatar\/fd2acc62ed50732923d1d39c17172c9b04149f142be92310ecc69e1358f94b52?s=96&d=mm&r=g","contentUrl":"https:\/\/secure.gravatar.com\/avatar\/fd2acc62ed50732923d1d39c17172c9b04149f142be92310ecc69e1358f94b52?s=96&d=mm&r=g","caption":"Med Ahmed"},"url":"https:\/\/lequotidien.mr\/?author=12"}]}},"_links":{"self":[{"href":"https:\/\/lequotidien.mr\/index.php?rest_route=\/wp\/v2\/posts\/22117","targetHints":{"allow":["GET"]}}],"collection":[{"href":"https:\/\/lequotidien.mr\/index.php?rest_route=\/wp\/v2\/posts"}],"about":[{"href":"https:\/\/lequotidien.mr\/index.php?rest_route=\/wp\/v2\/types\/post"}],"author":[{"embeddable":true,"href":"https:\/\/lequotidien.mr\/index.php?rest_route=\/wp\/v2\/users\/12"}],"replies":[{"embeddable":true,"href":"https:\/\/lequotidien.mr\/index.php?rest_route=%2Fwp%2Fv2%2Fcomments&post=22117"}],"version-history":[{"count":1,"href":"https:\/\/lequotidien.mr\/index.php?rest_route=\/wp\/v2\/posts\/22117\/revisions"}],"predecessor-version":[{"id":22119,"href":"https:\/\/lequotidien.mr\/index.php?rest_route=\/wp\/v2\/posts\/22117\/revisions\/22119"}],"wp:featuredmedia":[{"embeddable":true,"href":"https:\/\/lequotidien.mr\/index.php?rest_route=\/wp\/v2\/media\/22118"}],"wp:attachment":[{"href":"https:\/\/lequotidien.mr\/index.php?rest_route=%2Fwp%2Fv2%2Fmedia&parent=22117"}],"wp:term":[{"taxonomy":"category","embeddable":true,"href":"https:\/\/lequotidien.mr\/index.php?rest_route=%2Fwp%2Fv2%2Fcategories&post=22117"},{"taxonomy":"post_tag","embeddable":true,"href":"https:\/\/lequotidien.mr\/index.php?rest_route=%2Fwp%2Fv2%2Ftags&post=22117"}],"curies":[{"name":"wp","href":"https:\/\/api.w.org\/{rel}","templated":true}]}}