{"id":22066,"date":"2024-10-19T14:28:42","date_gmt":"2024-10-19T14:28:42","guid":{"rendered":"https:\/\/lequotidien.mr\/?p=22066"},"modified":"2024-10-19T14:28:42","modified_gmt":"2024-10-19T14:28:42","slug":"education-lassociation-des-syndicats-de-lenseignement-prive-appelle-a-une-revision-de-la-loi-dorientation","status":"publish","type":"post","link":"https:\/\/lequotidien.mr\/?p=22066&lang=fr","title":{"rendered":"Education : L\u2019Association des Syndicats de l\u2019Enseignement priv\u00e9 appelle \u00e0 une r\u00e9vision de la Loi d\u2019Orientation"},"content":{"rendered":"<p>Dans une lettre adress\u00e9e au pr\u00e9sident mauritanien Mohamed Cheikh El Ghazouani, une association regroupant cinq syndicats de l\u2019enseignement priv\u00e9 a soulev\u00e9 d\u2019importantes pr\u00e9occupations concernant la loi d&#8217;orientation du syst\u00e8me \u00e9ducatif en Mauritanie. Les syndicats ont r\u00e9clam\u00e9 l&#8217;\u00e9galit\u00e9 devant cette loi, affirmant qu\u2019elle devrait \u00ab s&#8217;appliquer \u00e0 tous les Mauritaniens, ou \u00eatre abolie ou modifi\u00e9e pour le bien de tous \u00bb. Cette missive met en lumi\u00e8re les dysfonctionnements actuels dans l&#8217;\u00e9ducation publique, critiquant le manque d&#8217;\u00e9quit\u00e9 et l&#8217;impact n\u00e9gatif sur les familles et les \u00e9l\u00e8ves.<\/p>\n<p><strong>Un syst\u00e8me \u00e9ducatif sous pression<\/strong><\/p>\n<p>Dans leur lettre, les syndicats d\u00e9plorent que le projet de l&#8217;\u00e9cole r\u00e9publicaine, initialement con\u00e7u comme une r\u00e9forme b\u00e9n\u00e9fique, se soit transform\u00e9 \u00ab d&#8217;une b\u00e9n\u00e9diction en mal\u00e9diction \u00bb. Ils soulignent l&#8217;augmentation des charges financi\u00e8res pour les parents, dont les enfants sont confront\u00e9s \u00e0 des classes surcharg\u00e9es, parfois avec pr\u00e8s de cent \u00e9l\u00e8ves par classe. Cette surpopulation limite l\u2019efficacit\u00e9 de l&#8217;apprentissage.<\/p>\n<p><strong>Un contournement de la loi d&#8217;orientation<\/strong><\/p>\n<p>L&#8217;association a \u00e9galement not\u00e9 que de nombreux Mauritaniens cherchent \u00e0 \u00e9chapper aux contraintes de la loi d\u2019orientation. Certains choisissent d&#8217;envoyer leurs enfants \u00e0 l\u2019\u00e9tranger pour leurs \u00e9tudes, tandis que d&#8217;autres tentent de s\u2019exon\u00e9rer de cette loi en recourant \u00e0 ce que les syndicats qualifient de \u00ab pr\u00e9textes vains et inutiles \u00bb. Ces tentatives d&#8217;\u00e9vitement refl\u00e8tent un m\u00e9contentement croissant \u00e0 l&#8217;\u00e9gard du syst\u00e8me \u00e9ducatif actuel et de ses r\u00e9formes jug\u00e9es inad\u00e9quates.<\/p>\n<p><strong>Une gestion des ressources en question<\/strong><\/p>\n<p>Les syndicats d\u00e9noncent \u00e9galement un manque de transparence et de clart\u00e9 dans la gestion des ressources humaines et mat\u00e9rielles de l\u2019\u00e9ducation nationale. Ils pointent du doigt l\u2019\u00ab absence de planification rationnelle \u00bb, qui conduit \u00e0 une saturation des \u00e9tablissements publics. Avec l&#8217;afflux massif d&#8217;\u00e9l\u00e8ves dans les \u00e9coles publiques et l&#8217;absence d&#8217;un \u00ab partenaire priv\u00e9 \u00bb capable de soulager cette pression, le syst\u00e8me \u00e9ducatif se retrouve engorg\u00e9, cr\u00e9ant ainsi des conditions d&#8217;apprentissage sous-optimales.<\/p>\n<p><strong>Un appel \u00e0 la r\u00e9vision ou \u00e0 l\u2019abrogation<\/strong><\/p>\n<p>Le message des syndicats est clair : il est imp\u00e9ratif de revoir la loi d&#8217;orientation. Ils estiment qu&#8217;il est injuste que seuls certains segments de la soci\u00e9t\u00e9 soient impact\u00e9s par cette loi, et appellent \u00e0 une r\u00e9vision \u00e9quitable pour que tous les Mauritaniens soient soumis aux m\u00eames r\u00e8gles, ou qu&#8217;une modification globale soit effectu\u00e9e pour am\u00e9liorer la situation de tous.<\/p>\n<p><strong>Les syndicats signataires<\/strong><\/p>\n<p>Le communiqu\u00e9 a \u00e9t\u00e9 sign\u00e9 par cinq syndicats repr\u00e9sentant divers acteurs de l\u2019enseignement priv\u00e9 en Mauritanie :<\/p>\n<p>Le Syndicat National des Acteurs de l\u2019Enseignement Priv\u00e9<\/p>\n<p>Le Syndicat G\u00e9n\u00e9ral de l\u2019Enseignement Priv\u00e9<\/p>\n<p>Le Syndicat Mauritanien des Investisseurs dans l\u2019Enseignement Priv\u00e9<\/p>\n<p>Le Syndicat Libre des Acteurs de l\u2019Enseignement Priv\u00e9<\/p>\n<p>L&#8217;Union G\u00e9n\u00e9rale de l\u2019Enseignement Priv\u00e9 en Mauritanie<\/p>\n<p>Ces organisations esp\u00e8rent qu\u2019une prise de conscience de la part des autorit\u00e9s permettra d\u2019am\u00e9liorer la qualit\u00e9 du syst\u00e8me \u00e9ducatif mauritanien, tout en apportant une solution durable \u00e0 la surcharge des \u00e9tablissements publics et \u00e0 l\u2019in\u00e9galit\u00e9 devant la loi d&#8217;orientation.<\/p>\n<p>La lettre adress\u00e9e au pr\u00e9sident El Ghazouani r\u00e9v\u00e8le un malaise profond au sein du syst\u00e8me \u00e9ducatif mauritanien, en particulier dans le secteur priv\u00e9. Les syndicats, repr\u00e9sentant des milliers de professionnels et d\u2019investisseurs dans l\u2019\u00e9ducation, expriment leur inqui\u00e9tude quant aux r\u00e9formes en place et appellent \u00e0 une action imm\u00e9diate. La balle est d\u00e9sormais dans le camp des autorit\u00e9s, qui devront d\u00e9cider de la voie \u00e0 suivre pour r\u00e9soudre ces probl\u00e8mes structurels et assurer un acc\u00e8s \u00e9quitable \u00e0 l&#8217;\u00e9ducation pour tous les Mauritaniens.<\/p>\n","protected":false},"excerpt":{"rendered":"<p>Dans une lettre adress\u00e9e au pr\u00e9sident mauritanien Mohamed Cheikh El Ghazouani, une association regroupant cinq syndicats de l\u2019enseignement priv\u00e9 a soulev\u00e9 d\u2019importantes pr\u00e9occupations concernant la loi d&#8217;orientation du syst\u00e8me \u00e9ducatif en Mauritanie. Les syndicats ont r\u00e9clam\u00e9 l&#8217;\u00e9galit\u00e9 devant cette loi, affirmant qu\u2019elle devrait \u00ab s&#8217;appliquer \u00e0 tous les Mauritaniens, ou \u00eatre abolie ou modifi\u00e9e pour&#8230;..<\/p>\n","protected":false},"author":12,"featured_media":22067,"comment_status":"open","ping_status":"open","sticky":false,"template":"","format":"standard","meta":{"footnotes":""},"categories":[23,55],"tags":[],"class_list":["post-22066","post","type-post","status-publish","format-standard","has-post-thumbnail","hentry","category-actualite","category-culture"],"yoast_head":"<!-- This site is optimized with the Yoast SEO plugin v27.5 - https:\/\/yoast.com\/product\/yoast-seo-wordpress\/ -->\n<title>Education : L\u2019Association des Syndicats de l\u2019Enseignement priv\u00e9 appelle \u00e0 une r\u00e9vision de la Loi d\u2019Orientation - Le Quotidien de Nouakchott<\/title>\n<meta name=\"robots\" content=\"index, follow, max-snippet:-1, max-image-preview:large, max-video-preview:-1\" \/>\n<link rel=\"canonical\" href=\"https:\/\/lequotidien.mr\/?p=22066&lang=fr\" \/>\n<meta property=\"og:locale\" content=\"ar_AR\" \/>\n<meta property=\"og:type\" content=\"article\" \/>\n<meta property=\"og:title\" content=\"Education : L\u2019Association des Syndicats de l\u2019Enseignement priv\u00e9 appelle \u00e0 une r\u00e9vision de la Loi d\u2019Orientation - Le Quotidien de Nouakchott\" \/>\n<meta property=\"og:description\" content=\"Dans une lettre adress\u00e9e au pr\u00e9sident mauritanien Mohamed Cheikh El Ghazouani, une association regroupant cinq syndicats de l\u2019enseignement priv\u00e9 a soulev\u00e9 d\u2019importantes pr\u00e9occupations concernant la loi d&#8217;orientation du syst\u00e8me \u00e9ducatif en Mauritanie. Les syndicats ont r\u00e9clam\u00e9 l&#8217;\u00e9galit\u00e9 devant cette loi, affirmant qu\u2019elle devrait \u00ab s&#8217;appliquer \u00e0 tous les Mauritaniens, ou \u00eatre abolie ou modifi\u00e9e pour.....\" \/>\n<meta property=\"og:url\" content=\"https:\/\/lequotidien.mr\/?p=22066&amp;lang=fr\" \/>\n<meta property=\"og:site_name\" content=\"Le Quotidien de Nouakchott\" \/>\n<meta property=\"article:publisher\" content=\"https:\/\/web.facebook.com\/lequotidienmr\" \/>\n<meta property=\"article:published_time\" content=\"2024-10-19T14:28:42+00:00\" \/>\n<meta property=\"og:image\" content=\"https:\/\/lequotidien.mr\/wp-content\/uploads\/2024\/10\/photo-Systeme-educatif.png\" \/>\n\t<meta property=\"og:image:width\" content=\"581\" \/>\n\t<meta property=\"og:image:height\" content=\"480\" \/>\n\t<meta property=\"og:image:type\" content=\"image\/png\" \/>\n<meta name=\"author\" content=\"Med Ahmed\" \/>\n<meta name=\"twitter:card\" content=\"summary_large_image\" \/>\n<meta name=\"twitter:creator\" content=\"@lequotidienmr\" \/>\n<meta name=\"twitter:site\" content=\"@lequotidienmr\" \/>\n<meta name=\"twitter:label1\" content=\"\u0643\u064f\u062a\u0628 \u0628\u0648\u0627\u0633\u0637\u0629\" \/>\n\t<meta name=\"twitter:data1\" content=\"Med Ahmed\" \/>\n\t<meta name=\"twitter:label2\" content=\"\u0648\u0642\u062a \u0627\u0644\u0642\u0631\u0627\u0621\u0629 \u0627\u0644\u0645\u064f\u0642\u062f\u0651\u0631\" \/>\n\t<meta name=\"twitter:data2\" content=\"3 \u062f\u0642\u0627\u0626\u0642\" \/>\n<script type=\"application\/ld+json\" class=\"yoast-schema-graph\">{\"@context\":\"https:\\\/\\\/schema.org\",\"@graph\":[{\"@type\":\"Article\",\"@id\":\"https:\\\/\\\/lequotidien.mr\\\/?p=22066&lang=fr#article\",\"isPartOf\":{\"@id\":\"https:\\\/\\\/lequotidien.mr\\\/?p=22066&lang=fr\"},\"author\":{\"name\":\"Med Ahmed\",\"@id\":\"https:\\\/\\\/lequotidien.mr\\\/#\\\/schema\\\/person\\\/d2d350202a4d599685ed8abc25f97596\"},\"headline\":\"Education : L\u2019Association des Syndicats de l\u2019Enseignement priv\u00e9 appelle \u00e0 une r\u00e9vision de la Loi d\u2019Orientation\",\"datePublished\":\"2024-10-19T14:28:42+00:00\",\"mainEntityOfPage\":{\"@id\":\"https:\\\/\\\/lequotidien.mr\\\/?p=22066&lang=fr\"},\"wordCount\":657,\"commentCount\":0,\"publisher\":{\"@id\":\"https:\\\/\\\/lequotidien.mr\\\/#organization\"},\"image\":{\"@id\":\"https:\\\/\\\/lequotidien.mr\\\/?p=22066&lang=fr#primaryimage\"},\"thumbnailUrl\":\"https:\\\/\\\/lequotidien.mr\\\/wp-content\\\/uploads\\\/2024\\\/10\\\/photo-Systeme-educatif.png\",\"articleSection\":[\"ACTUALIT\u00c9\",\"Culture\"],\"inLanguage\":\"ar\",\"potentialAction\":[{\"@type\":\"CommentAction\",\"name\":\"Comment\",\"target\":[\"https:\\\/\\\/lequotidien.mr\\\/?p=22066&lang=fr#respond\"]}]},{\"@type\":\"WebPage\",\"@id\":\"https:\\\/\\\/lequotidien.mr\\\/?p=22066&lang=fr\",\"url\":\"https:\\\/\\\/lequotidien.mr\\\/?p=22066&lang=fr\",\"name\":\"Education : L\u2019Association des Syndicats de l\u2019Enseignement priv\u00e9 appelle \u00e0 une r\u00e9vision de la Loi d\u2019Orientation - Le Quotidien de Nouakchott\",\"isPartOf\":{\"@id\":\"https:\\\/\\\/lequotidien.mr\\\/#website\"},\"primaryImageOfPage\":{\"@id\":\"https:\\\/\\\/lequotidien.mr\\\/?p=22066&lang=fr#primaryimage\"},\"image\":{\"@id\":\"https:\\\/\\\/lequotidien.mr\\\/?p=22066&lang=fr#primaryimage\"},\"thumbnailUrl\":\"https:\\\/\\\/lequotidien.mr\\\/wp-content\\\/uploads\\\/2024\\\/10\\\/photo-Systeme-educatif.png\",\"datePublished\":\"2024-10-19T14:28:42+00:00\",\"breadcrumb\":{\"@id\":\"https:\\\/\\\/lequotidien.mr\\\/?p=22066&lang=fr#breadcrumb\"},\"inLanguage\":\"ar\",\"potentialAction\":[{\"@type\":\"ReadAction\",\"target\":[\"https:\\\/\\\/lequotidien.mr\\\/?p=22066&lang=fr\"]}]},{\"@type\":\"ImageObject\",\"inLanguage\":\"ar\",\"@id\":\"https:\\\/\\\/lequotidien.mr\\\/?p=22066&lang=fr#primaryimage\",\"url\":\"https:\\\/\\\/lequotidien.mr\\\/wp-content\\\/uploads\\\/2024\\\/10\\\/photo-Systeme-educatif.png\",\"contentUrl\":\"https:\\\/\\\/lequotidien.mr\\\/wp-content\\\/uploads\\\/2024\\\/10\\\/photo-Systeme-educatif.png\",\"width\":581,\"height\":480},{\"@type\":\"BreadcrumbList\",\"@id\":\"https:\\\/\\\/lequotidien.mr\\\/?p=22066&lang=fr#breadcrumb\",\"itemListElement\":[{\"@type\":\"ListItem\",\"position\":1,\"name\":\"Home\",\"item\":\"https:\\\/\\\/lequotidien.mr\\\/\"},{\"@type\":\"ListItem\",\"position\":2,\"name\":\"Education : L\u2019Association des Syndicats de l\u2019Enseignement priv\u00e9 appelle \u00e0 une r\u00e9vision de la Loi d\u2019Orientation\"}]},{\"@type\":\"WebSite\",\"@id\":\"https:\\\/\\\/lequotidien.mr\\\/#website\",\"url\":\"https:\\\/\\\/lequotidien.mr\\\/\",\"name\":\"Le Quotidien de Nouakchott\",\"description\":\"\u0625\u062e\u0628\u0627\u0631\u064a\u0629 \u0645\u0633\u062a\u0642\u0644\u0629 \u0644\u0644\u0623\u0646\u0628\u0627\u0621 \u0627\u0644\u0639\u0627\u0645\u0629\",\"publisher\":{\"@id\":\"https:\\\/\\\/lequotidien.mr\\\/#organization\"},\"potentialAction\":[{\"@type\":\"SearchAction\",\"target\":{\"@type\":\"EntryPoint\",\"urlTemplate\":\"https:\\\/\\\/lequotidien.mr\\\/?s={search_term_string}\"},\"query-input\":{\"@type\":\"PropertyValueSpecification\",\"valueRequired\":true,\"valueName\":\"search_term_string\"}}],\"inLanguage\":\"ar\"},{\"@type\":\"Organization\",\"@id\":\"https:\\\/\\\/lequotidien.mr\\\/#organization\",\"name\":\"Le Quotidien de Nouakchott\",\"url\":\"https:\\\/\\\/lequotidien.mr\\\/\",\"logo\":{\"@type\":\"ImageObject\",\"inLanguage\":\"ar\",\"@id\":\"https:\\\/\\\/lequotidien.mr\\\/#\\\/schema\\\/logo\\\/image\\\/\",\"url\":\"https:\\\/\\\/lequotidien.mr\\\/wp-content\\\/uploads\\\/2022\\\/11\\\/logolequotidien.jpg\",\"contentUrl\":\"https:\\\/\\\/lequotidien.mr\\\/wp-content\\\/uploads\\\/2022\\\/11\\\/logolequotidien.jpg\",\"width\":290,\"height\":65,\"caption\":\"Le Quotidien de Nouakchott\"},\"image\":{\"@id\":\"https:\\\/\\\/lequotidien.mr\\\/#\\\/schema\\\/logo\\\/image\\\/\"},\"sameAs\":[\"https:\\\/\\\/web.facebook.com\\\/lequotidienmr\",\"https:\\\/\\\/x.com\\\/lequotidienmr\"]},{\"@type\":\"Person\",\"@id\":\"https:\\\/\\\/lequotidien.mr\\\/#\\\/schema\\\/person\\\/d2d350202a4d599685ed8abc25f97596\",\"name\":\"Med Ahmed\",\"image\":{\"@type\":\"ImageObject\",\"inLanguage\":\"ar\",\"@id\":\"https:\\\/\\\/secure.gravatar.com\\\/avatar\\\/fd2acc62ed50732923d1d39c17172c9b04149f142be92310ecc69e1358f94b52?s=96&d=mm&r=g\",\"url\":\"https:\\\/\\\/secure.gravatar.com\\\/avatar\\\/fd2acc62ed50732923d1d39c17172c9b04149f142be92310ecc69e1358f94b52?s=96&d=mm&r=g\",\"contentUrl\":\"https:\\\/\\\/secure.gravatar.com\\\/avatar\\\/fd2acc62ed50732923d1d39c17172c9b04149f142be92310ecc69e1358f94b52?s=96&d=mm&r=g\",\"caption\":\"Med Ahmed\"},\"url\":\"https:\\\/\\\/lequotidien.mr\\\/?author=12\"}]}<\/script>\n<!-- \/ Yoast SEO plugin. -->","yoast_head_json":{"title":"Education : L\u2019Association des Syndicats de l\u2019Enseignement priv\u00e9 appelle \u00e0 une r\u00e9vision de la Loi d\u2019Orientation - Le Quotidien de Nouakchott","robots":{"index":"index","follow":"follow","max-snippet":"max-snippet:-1","max-image-preview":"max-image-preview:large","max-video-preview":"max-video-preview:-1"},"canonical":"https:\/\/lequotidien.mr\/?p=22066&lang=fr","og_locale":"ar_AR","og_type":"article","og_title":"Education : L\u2019Association des Syndicats de l\u2019Enseignement priv\u00e9 appelle \u00e0 une r\u00e9vision de la Loi d\u2019Orientation - Le Quotidien de Nouakchott","og_description":"Dans une lettre adress\u00e9e au pr\u00e9sident mauritanien Mohamed Cheikh El Ghazouani, une association regroupant cinq syndicats de l\u2019enseignement priv\u00e9 a soulev\u00e9 d\u2019importantes pr\u00e9occupations concernant la loi d&#8217;orientation du syst\u00e8me \u00e9ducatif en Mauritanie. Les syndicats ont r\u00e9clam\u00e9 l&#8217;\u00e9galit\u00e9 devant cette loi, affirmant qu\u2019elle devrait \u00ab s&#8217;appliquer \u00e0 tous les Mauritaniens, ou \u00eatre abolie ou modifi\u00e9e pour.....","og_url":"https:\/\/lequotidien.mr\/?p=22066&lang=fr","og_site_name":"Le Quotidien de Nouakchott","article_publisher":"https:\/\/web.facebook.com\/lequotidienmr","article_published_time":"2024-10-19T14:28:42+00:00","og_image":[{"width":581,"height":480,"url":"https:\/\/lequotidien.mr\/wp-content\/uploads\/2024\/10\/photo-Systeme-educatif.png","type":"image\/png"}],"author":"Med Ahmed","twitter_card":"summary_large_image","twitter_creator":"@lequotidienmr","twitter_site":"@lequotidienmr","twitter_misc":{"\u0643\u064f\u062a\u0628 \u0628\u0648\u0627\u0633\u0637\u0629":"Med Ahmed","\u0648\u0642\u062a \u0627\u0644\u0642\u0631\u0627\u0621\u0629 \u0627\u0644\u0645\u064f\u0642\u062f\u0651\u0631":"3 \u062f\u0642\u0627\u0626\u0642"},"schema":{"@context":"https:\/\/schema.org","@graph":[{"@type":"Article","@id":"https:\/\/lequotidien.mr\/?p=22066&lang=fr#article","isPartOf":{"@id":"https:\/\/lequotidien.mr\/?p=22066&lang=fr"},"author":{"name":"Med Ahmed","@id":"https:\/\/lequotidien.mr\/#\/schema\/person\/d2d350202a4d599685ed8abc25f97596"},"headline":"Education : L\u2019Association des Syndicats de l\u2019Enseignement priv\u00e9 appelle \u00e0 une r\u00e9vision de la Loi d\u2019Orientation","datePublished":"2024-10-19T14:28:42+00:00","mainEntityOfPage":{"@id":"https:\/\/lequotidien.mr\/?p=22066&lang=fr"},"wordCount":657,"commentCount":0,"publisher":{"@id":"https:\/\/lequotidien.mr\/#organization"},"image":{"@id":"https:\/\/lequotidien.mr\/?p=22066&lang=fr#primaryimage"},"thumbnailUrl":"https:\/\/lequotidien.mr\/wp-content\/uploads\/2024\/10\/photo-Systeme-educatif.png","articleSection":["ACTUALIT\u00c9","Culture"],"inLanguage":"ar","potentialAction":[{"@type":"CommentAction","name":"Comment","target":["https:\/\/lequotidien.mr\/?p=22066&lang=fr#respond"]}]},{"@type":"WebPage","@id":"https:\/\/lequotidien.mr\/?p=22066&lang=fr","url":"https:\/\/lequotidien.mr\/?p=22066&lang=fr","name":"Education : L\u2019Association des Syndicats de l\u2019Enseignement priv\u00e9 appelle \u00e0 une r\u00e9vision de la Loi d\u2019Orientation - Le Quotidien de Nouakchott","isPartOf":{"@id":"https:\/\/lequotidien.mr\/#website"},"primaryImageOfPage":{"@id":"https:\/\/lequotidien.mr\/?p=22066&lang=fr#primaryimage"},"image":{"@id":"https:\/\/lequotidien.mr\/?p=22066&lang=fr#primaryimage"},"thumbnailUrl":"https:\/\/lequotidien.mr\/wp-content\/uploads\/2024\/10\/photo-Systeme-educatif.png","datePublished":"2024-10-19T14:28:42+00:00","breadcrumb":{"@id":"https:\/\/lequotidien.mr\/?p=22066&lang=fr#breadcrumb"},"inLanguage":"ar","potentialAction":[{"@type":"ReadAction","target":["https:\/\/lequotidien.mr\/?p=22066&lang=fr"]}]},{"@type":"ImageObject","inLanguage":"ar","@id":"https:\/\/lequotidien.mr\/?p=22066&lang=fr#primaryimage","url":"https:\/\/lequotidien.mr\/wp-content\/uploads\/2024\/10\/photo-Systeme-educatif.png","contentUrl":"https:\/\/lequotidien.mr\/wp-content\/uploads\/2024\/10\/photo-Systeme-educatif.png","width":581,"height":480},{"@type":"BreadcrumbList","@id":"https:\/\/lequotidien.mr\/?p=22066&lang=fr#breadcrumb","itemListElement":[{"@type":"ListItem","position":1,"name":"Home","item":"https:\/\/lequotidien.mr\/"},{"@type":"ListItem","position":2,"name":"Education : L\u2019Association des Syndicats de l\u2019Enseignement priv\u00e9 appelle \u00e0 une r\u00e9vision de la Loi d\u2019Orientation"}]},{"@type":"WebSite","@id":"https:\/\/lequotidien.mr\/#website","url":"https:\/\/lequotidien.mr\/","name":"Le Quotidien de Nouakchott","description":"\u0625\u062e\u0628\u0627\u0631\u064a\u0629 \u0645\u0633\u062a\u0642\u0644\u0629 \u0644\u0644\u0623\u0646\u0628\u0627\u0621 \u0627\u0644\u0639\u0627\u0645\u0629","publisher":{"@id":"https:\/\/lequotidien.mr\/#organization"},"potentialAction":[{"@type":"SearchAction","target":{"@type":"EntryPoint","urlTemplate":"https:\/\/lequotidien.mr\/?s={search_term_string}"},"query-input":{"@type":"PropertyValueSpecification","valueRequired":true,"valueName":"search_term_string"}}],"inLanguage":"ar"},{"@type":"Organization","@id":"https:\/\/lequotidien.mr\/#organization","name":"Le Quotidien de Nouakchott","url":"https:\/\/lequotidien.mr\/","logo":{"@type":"ImageObject","inLanguage":"ar","@id":"https:\/\/lequotidien.mr\/#\/schema\/logo\/image\/","url":"https:\/\/lequotidien.mr\/wp-content\/uploads\/2022\/11\/logolequotidien.jpg","contentUrl":"https:\/\/lequotidien.mr\/wp-content\/uploads\/2022\/11\/logolequotidien.jpg","width":290,"height":65,"caption":"Le Quotidien de Nouakchott"},"image":{"@id":"https:\/\/lequotidien.mr\/#\/schema\/logo\/image\/"},"sameAs":["https:\/\/web.facebook.com\/lequotidienmr","https:\/\/x.com\/lequotidienmr"]},{"@type":"Person","@id":"https:\/\/lequotidien.mr\/#\/schema\/person\/d2d350202a4d599685ed8abc25f97596","name":"Med Ahmed","image":{"@type":"ImageObject","inLanguage":"ar","@id":"https:\/\/secure.gravatar.com\/avatar\/fd2acc62ed50732923d1d39c17172c9b04149f142be92310ecc69e1358f94b52?s=96&d=mm&r=g","url":"https:\/\/secure.gravatar.com\/avatar\/fd2acc62ed50732923d1d39c17172c9b04149f142be92310ecc69e1358f94b52?s=96&d=mm&r=g","contentUrl":"https:\/\/secure.gravatar.com\/avatar\/fd2acc62ed50732923d1d39c17172c9b04149f142be92310ecc69e1358f94b52?s=96&d=mm&r=g","caption":"Med Ahmed"},"url":"https:\/\/lequotidien.mr\/?author=12"}]}},"_links":{"self":[{"href":"https:\/\/lequotidien.mr\/index.php?rest_route=\/wp\/v2\/posts\/22066","targetHints":{"allow":["GET"]}}],"collection":[{"href":"https:\/\/lequotidien.mr\/index.php?rest_route=\/wp\/v2\/posts"}],"about":[{"href":"https:\/\/lequotidien.mr\/index.php?rest_route=\/wp\/v2\/types\/post"}],"author":[{"embeddable":true,"href":"https:\/\/lequotidien.mr\/index.php?rest_route=\/wp\/v2\/users\/12"}],"replies":[{"embeddable":true,"href":"https:\/\/lequotidien.mr\/index.php?rest_route=%2Fwp%2Fv2%2Fcomments&post=22066"}],"version-history":[{"count":1,"href":"https:\/\/lequotidien.mr\/index.php?rest_route=\/wp\/v2\/posts\/22066\/revisions"}],"predecessor-version":[{"id":22068,"href":"https:\/\/lequotidien.mr\/index.php?rest_route=\/wp\/v2\/posts\/22066\/revisions\/22068"}],"wp:featuredmedia":[{"embeddable":true,"href":"https:\/\/lequotidien.mr\/index.php?rest_route=\/wp\/v2\/media\/22067"}],"wp:attachment":[{"href":"https:\/\/lequotidien.mr\/index.php?rest_route=%2Fwp%2Fv2%2Fmedia&parent=22066"}],"wp:term":[{"taxonomy":"category","embeddable":true,"href":"https:\/\/lequotidien.mr\/index.php?rest_route=%2Fwp%2Fv2%2Fcategories&post=22066"},{"taxonomy":"post_tag","embeddable":true,"href":"https:\/\/lequotidien.mr\/index.php?rest_route=%2Fwp%2Fv2%2Ftags&post=22066"}],"curies":[{"name":"wp","href":"https:\/\/api.w.org\/{rel}","templated":true}]}}