{"id":22060,"date":"2024-10-18T23:50:53","date_gmt":"2024-10-18T23:50:53","guid":{"rendered":"https:\/\/lequotidien.mr\/?p=22060"},"modified":"2024-10-18T23:50:53","modified_gmt":"2024-10-18T23:50:53","slug":"participation-de-la-mauritanie-aux-rencontres-commemoratives-de-la-journee-arabe-des-archives-au-caire","status":"publish","type":"post","link":"https:\/\/lequotidien.mr\/?p=22060&lang=fr","title":{"rendered":"Participation de la Mauritanie aux rencontres comm\u00e9moratives de la Journ\u00e9e arabe des Archives au Caire"},"content":{"rendered":"<p>Le d\u00e9l\u00e9gu\u00e9 g\u00e9n\u00e9ral des Archives nationales de Mauritanie, M. Mohamed El Mokhtar Mohamed El Hadi, a repr\u00e9sent\u00e9 le pays lors des rencontres comm\u00e9moratives de la Journ\u00e9e des archives arabes, qui se sont tenues jeudi au Caire. Cet \u00e9v\u00e9nement, d\u2019une grande importance pour la pr\u00e9servation et la valorisation du patrimoine historique et culturel des pays arabes, a r\u00e9uni des responsables des archives et documents des diff\u00e9rentes nations de la r\u00e9gion.<\/p>\n<p>Outre les responsables des archives des pays arabes, cette rencontre a \u00e9galement vu la participation de repr\u00e9sentants de la Ligue des \u00c9tats arabes et de l&#8217;Organisation arabe pour l&#8217;\u00e9ducation, la culture et les sciences (ALECSO), ainsi que de nombreux experts et chercheurs sp\u00e9cialis\u00e9s dans le domaine de la gestion des archives et du patrimoine documentaire.<\/p>\n<p>Lors de cette rencontre, l&#8217;accent a \u00e9t\u00e9 mis sur les efforts de coop\u00e9ration entre les pays arabes dans le domaine des archives. La Mauritanie, soucieuse de renforcer ses capacit\u00e9s dans ce domaine, a d\u00e9j\u00e0 conclu plusieurs m\u00e9morandums de coop\u00e9ration avec des pays fr\u00e8res tels que l&#8217;Arabie Saoudite, Oman, la Tunisie et l&#8217;Alg\u00e9rie. Ces partenariats visent \u00e0 \u00e9changer des expertises, \u00e0 partager des ressources techniques et \u00e0 mettre en \u0153uvre des projets communs pour am\u00e9liorer la gestion et la pr\u00e9servation des archives nationales.<\/p>\n<p>Ces accords de coop\u00e9ration t\u00e9moignent de l\u2019engagement de la Mauritanie \u00e0 s\u2019aligner sur les meilleures pratiques r\u00e9gionales en mati\u00e8re de gestion des archives et \u00e0 renforcer la coop\u00e9ration avec les institutions sp\u00e9cialis\u00e9es des pays partenaires. La pr\u00e9servation du patrimoine documentaire, qu\u2019il soit historique, politique ou culturel, est essentielle pour garantir que les g\u00e9n\u00e9rations futures aient acc\u00e8s \u00e0 une repr\u00e9sentation pr\u00e9cise et riche de leur pass\u00e9.<\/p>\n<p>La Journ\u00e9e des archives arabes met en lumi\u00e8re l\u2019importance des archives dans le processus de construction des nations et leur r\u00f4le dans la transmission du savoir. Les archives constituent la m\u00e9moire collective d\u2019une soci\u00e9t\u00e9 et leur pr\u00e9servation est cruciale pour le d\u00e9veloppement d\u2019une identit\u00e9 culturelle forte.<\/p>\n<p>Les d\u00e9bats de cette rencontre au Caire ont port\u00e9 sur des questions essentielles, notamment la num\u00e9risation des documents, la formation des archivistes, ainsi que les d\u00e9fis li\u00e9s \u00e0 la conservation des archives dans un monde de plus en plus num\u00e9rique. Les participants ont \u00e9galement \u00e9chang\u00e9 sur les meilleures pratiques pour valoriser les archives et les rendre accessibles au grand public, tout en assurant leur protection contre les d\u00e9gradations et les pertes.<\/p>\n<p>La participation de M. Mohamed El Mokhtar Mohamed El Hadi \u00e0 cet \u00e9v\u00e9nement t\u00e9moigne de l&#8217;engagement de la Mauritanie \u00e0 s&#8217;int\u00e9grer pleinement dans les dynamiques r\u00e9gionales de coop\u00e9ration en mati\u00e8re d&#8217;archives. \u00c0 travers des partenariats solides avec d\u2019autres pays arabes, la Mauritanie s&#8217;efforce de garantir que son riche patrimoine documentaire soit pr\u00e9serv\u00e9 et valoris\u00e9 pour les g\u00e9n\u00e9rations futures. L&#8217;enjeu est de taille, car la gestion des archives ne concerne pas seulement la m\u00e9moire d\u2019un pays, mais aussi son d\u00e9veloppement culturel, historique et \u00e9ducatif.<\/p>\n","protected":false},"excerpt":{"rendered":"<p>Le d\u00e9l\u00e9gu\u00e9 g\u00e9n\u00e9ral des Archives nationales de Mauritanie, M. Mohamed El Mokhtar Mohamed El Hadi, a repr\u00e9sent\u00e9 le pays lors des rencontres comm\u00e9moratives de la Journ\u00e9e des archives arabes, qui se sont tenues jeudi au Caire. Cet \u00e9v\u00e9nement, d\u2019une grande importance pour la pr\u00e9servation et la valorisation du patrimoine historique et culturel des pays arabes,&#8230;..<\/p>\n","protected":false},"author":12,"featured_media":22061,"comment_status":"open","ping_status":"open","sticky":false,"template":"","format":"standard","meta":{"footnotes":""},"categories":[23,55],"tags":[],"class_list":["post-22060","post","type-post","status-publish","format-standard","has-post-thumbnail","hentry","category-actualite","category-culture"],"yoast_head":"<!-- This site is optimized with the Yoast SEO plugin v27.5 - https:\/\/yoast.com\/product\/yoast-seo-wordpress\/ -->\n<title>Participation de la Mauritanie aux rencontres comm\u00e9moratives de la Journ\u00e9e arabe des Archives au Caire - Le Quotidien de Nouakchott<\/title>\n<meta name=\"robots\" content=\"index, follow, max-snippet:-1, max-image-preview:large, max-video-preview:-1\" \/>\n<link rel=\"canonical\" href=\"https:\/\/lequotidien.mr\/?p=22060&lang=fr\" \/>\n<meta property=\"og:locale\" content=\"ar_AR\" \/>\n<meta property=\"og:type\" content=\"article\" \/>\n<meta property=\"og:title\" content=\"Participation de la Mauritanie aux rencontres comm\u00e9moratives de la Journ\u00e9e arabe des Archives au Caire - Le Quotidien de Nouakchott\" \/>\n<meta property=\"og:description\" content=\"Le d\u00e9l\u00e9gu\u00e9 g\u00e9n\u00e9ral des Archives nationales de Mauritanie, M. Mohamed El Mokhtar Mohamed El Hadi, a repr\u00e9sent\u00e9 le pays lors des rencontres comm\u00e9moratives de la Journ\u00e9e des archives arabes, qui se sont tenues jeudi au Caire. Cet \u00e9v\u00e9nement, d\u2019une grande importance pour la pr\u00e9servation et la valorisation du patrimoine historique et culturel des pays arabes,.....\" \/>\n<meta property=\"og:url\" content=\"https:\/\/lequotidien.mr\/?p=22060&amp;lang=fr\" \/>\n<meta property=\"og:site_name\" content=\"Le Quotidien de Nouakchott\" \/>\n<meta property=\"article:publisher\" content=\"https:\/\/web.facebook.com\/lequotidienmr\" \/>\n<meta property=\"article:published_time\" content=\"2024-10-18T23:50:53+00:00\" \/>\n<meta property=\"og:image\" content=\"https:\/\/lequotidien.mr\/wp-content\/uploads\/2024\/10\/photo-delegue-archives.jpg\" \/>\n\t<meta property=\"og:image:width\" content=\"558\" \/>\n\t<meta property=\"og:image:height\" content=\"384\" \/>\n\t<meta property=\"og:image:type\" content=\"image\/jpeg\" \/>\n<meta name=\"author\" content=\"Med Ahmed\" \/>\n<meta name=\"twitter:card\" content=\"summary_large_image\" \/>\n<meta name=\"twitter:creator\" content=\"@lequotidienmr\" \/>\n<meta name=\"twitter:site\" content=\"@lequotidienmr\" \/>\n<meta name=\"twitter:label1\" content=\"\u0643\u064f\u062a\u0628 \u0628\u0648\u0627\u0633\u0637\u0629\" \/>\n\t<meta name=\"twitter:data1\" content=\"Med Ahmed\" \/>\n\t<meta name=\"twitter:label2\" content=\"\u0648\u0642\u062a \u0627\u0644\u0642\u0631\u0627\u0621\u0629 \u0627\u0644\u0645\u064f\u0642\u062f\u0651\u0631\" \/>\n\t<meta name=\"twitter:data2\" content=\"3 \u062f\u0642\u0627\u0626\u0642\" \/>\n<script type=\"application\/ld+json\" class=\"yoast-schema-graph\">{\"@context\":\"https:\\\/\\\/schema.org\",\"@graph\":[{\"@type\":\"Article\",\"@id\":\"https:\\\/\\\/lequotidien.mr\\\/?p=22060&lang=fr#article\",\"isPartOf\":{\"@id\":\"https:\\\/\\\/lequotidien.mr\\\/?p=22060&lang=fr\"},\"author\":{\"name\":\"Med Ahmed\",\"@id\":\"https:\\\/\\\/lequotidien.mr\\\/#\\\/schema\\\/person\\\/d2d350202a4d599685ed8abc25f97596\"},\"headline\":\"Participation de la Mauritanie aux rencontres comm\u00e9moratives de la Journ\u00e9e arabe des Archives au Caire\",\"datePublished\":\"2024-10-18T23:50:53+00:00\",\"mainEntityOfPage\":{\"@id\":\"https:\\\/\\\/lequotidien.mr\\\/?p=22060&lang=fr\"},\"wordCount\":558,\"commentCount\":0,\"publisher\":{\"@id\":\"https:\\\/\\\/lequotidien.mr\\\/#organization\"},\"image\":{\"@id\":\"https:\\\/\\\/lequotidien.mr\\\/?p=22060&lang=fr#primaryimage\"},\"thumbnailUrl\":\"https:\\\/\\\/lequotidien.mr\\\/wp-content\\\/uploads\\\/2024\\\/10\\\/photo-delegue-archives.jpg\",\"articleSection\":[\"ACTUALIT\u00c9\",\"Culture\"],\"inLanguage\":\"ar\",\"potentialAction\":[{\"@type\":\"CommentAction\",\"name\":\"Comment\",\"target\":[\"https:\\\/\\\/lequotidien.mr\\\/?p=22060&lang=fr#respond\"]}]},{\"@type\":\"WebPage\",\"@id\":\"https:\\\/\\\/lequotidien.mr\\\/?p=22060&lang=fr\",\"url\":\"https:\\\/\\\/lequotidien.mr\\\/?p=22060&lang=fr\",\"name\":\"Participation de la Mauritanie aux rencontres comm\u00e9moratives de la Journ\u00e9e arabe des Archives au Caire - Le Quotidien de Nouakchott\",\"isPartOf\":{\"@id\":\"https:\\\/\\\/lequotidien.mr\\\/#website\"},\"primaryImageOfPage\":{\"@id\":\"https:\\\/\\\/lequotidien.mr\\\/?p=22060&lang=fr#primaryimage\"},\"image\":{\"@id\":\"https:\\\/\\\/lequotidien.mr\\\/?p=22060&lang=fr#primaryimage\"},\"thumbnailUrl\":\"https:\\\/\\\/lequotidien.mr\\\/wp-content\\\/uploads\\\/2024\\\/10\\\/photo-delegue-archives.jpg\",\"datePublished\":\"2024-10-18T23:50:53+00:00\",\"breadcrumb\":{\"@id\":\"https:\\\/\\\/lequotidien.mr\\\/?p=22060&lang=fr#breadcrumb\"},\"inLanguage\":\"ar\",\"potentialAction\":[{\"@type\":\"ReadAction\",\"target\":[\"https:\\\/\\\/lequotidien.mr\\\/?p=22060&lang=fr\"]}]},{\"@type\":\"ImageObject\",\"inLanguage\":\"ar\",\"@id\":\"https:\\\/\\\/lequotidien.mr\\\/?p=22060&lang=fr#primaryimage\",\"url\":\"https:\\\/\\\/lequotidien.mr\\\/wp-content\\\/uploads\\\/2024\\\/10\\\/photo-delegue-archives.jpg\",\"contentUrl\":\"https:\\\/\\\/lequotidien.mr\\\/wp-content\\\/uploads\\\/2024\\\/10\\\/photo-delegue-archives.jpg\",\"width\":558,\"height\":384},{\"@type\":\"BreadcrumbList\",\"@id\":\"https:\\\/\\\/lequotidien.mr\\\/?p=22060&lang=fr#breadcrumb\",\"itemListElement\":[{\"@type\":\"ListItem\",\"position\":1,\"name\":\"Home\",\"item\":\"https:\\\/\\\/lequotidien.mr\\\/\"},{\"@type\":\"ListItem\",\"position\":2,\"name\":\"Participation de la Mauritanie aux rencontres comm\u00e9moratives de la Journ\u00e9e arabe des Archives au Caire\"}]},{\"@type\":\"WebSite\",\"@id\":\"https:\\\/\\\/lequotidien.mr\\\/#website\",\"url\":\"https:\\\/\\\/lequotidien.mr\\\/\",\"name\":\"Le Quotidien de Nouakchott\",\"description\":\"\u0625\u062e\u0628\u0627\u0631\u064a\u0629 \u0645\u0633\u062a\u0642\u0644\u0629 \u0644\u0644\u0623\u0646\u0628\u0627\u0621 \u0627\u0644\u0639\u0627\u0645\u0629\",\"publisher\":{\"@id\":\"https:\\\/\\\/lequotidien.mr\\\/#organization\"},\"potentialAction\":[{\"@type\":\"SearchAction\",\"target\":{\"@type\":\"EntryPoint\",\"urlTemplate\":\"https:\\\/\\\/lequotidien.mr\\\/?s={search_term_string}\"},\"query-input\":{\"@type\":\"PropertyValueSpecification\",\"valueRequired\":true,\"valueName\":\"search_term_string\"}}],\"inLanguage\":\"ar\"},{\"@type\":\"Organization\",\"@id\":\"https:\\\/\\\/lequotidien.mr\\\/#organization\",\"name\":\"Le Quotidien de Nouakchott\",\"url\":\"https:\\\/\\\/lequotidien.mr\\\/\",\"logo\":{\"@type\":\"ImageObject\",\"inLanguage\":\"ar\",\"@id\":\"https:\\\/\\\/lequotidien.mr\\\/#\\\/schema\\\/logo\\\/image\\\/\",\"url\":\"https:\\\/\\\/lequotidien.mr\\\/wp-content\\\/uploads\\\/2022\\\/11\\\/logolequotidien.jpg\",\"contentUrl\":\"https:\\\/\\\/lequotidien.mr\\\/wp-content\\\/uploads\\\/2022\\\/11\\\/logolequotidien.jpg\",\"width\":290,\"height\":65,\"caption\":\"Le Quotidien de Nouakchott\"},\"image\":{\"@id\":\"https:\\\/\\\/lequotidien.mr\\\/#\\\/schema\\\/logo\\\/image\\\/\"},\"sameAs\":[\"https:\\\/\\\/web.facebook.com\\\/lequotidienmr\",\"https:\\\/\\\/x.com\\\/lequotidienmr\"]},{\"@type\":\"Person\",\"@id\":\"https:\\\/\\\/lequotidien.mr\\\/#\\\/schema\\\/person\\\/d2d350202a4d599685ed8abc25f97596\",\"name\":\"Med Ahmed\",\"image\":{\"@type\":\"ImageObject\",\"inLanguage\":\"ar\",\"@id\":\"https:\\\/\\\/secure.gravatar.com\\\/avatar\\\/fd2acc62ed50732923d1d39c17172c9b04149f142be92310ecc69e1358f94b52?s=96&d=mm&r=g\",\"url\":\"https:\\\/\\\/secure.gravatar.com\\\/avatar\\\/fd2acc62ed50732923d1d39c17172c9b04149f142be92310ecc69e1358f94b52?s=96&d=mm&r=g\",\"contentUrl\":\"https:\\\/\\\/secure.gravatar.com\\\/avatar\\\/fd2acc62ed50732923d1d39c17172c9b04149f142be92310ecc69e1358f94b52?s=96&d=mm&r=g\",\"caption\":\"Med Ahmed\"},\"url\":\"https:\\\/\\\/lequotidien.mr\\\/?author=12\"}]}<\/script>\n<!-- \/ Yoast SEO plugin. -->","yoast_head_json":{"title":"Participation de la Mauritanie aux rencontres comm\u00e9moratives de la Journ\u00e9e arabe des Archives au Caire - Le Quotidien de Nouakchott","robots":{"index":"index","follow":"follow","max-snippet":"max-snippet:-1","max-image-preview":"max-image-preview:large","max-video-preview":"max-video-preview:-1"},"canonical":"https:\/\/lequotidien.mr\/?p=22060&lang=fr","og_locale":"ar_AR","og_type":"article","og_title":"Participation de la Mauritanie aux rencontres comm\u00e9moratives de la Journ\u00e9e arabe des Archives au Caire - Le Quotidien de Nouakchott","og_description":"Le d\u00e9l\u00e9gu\u00e9 g\u00e9n\u00e9ral des Archives nationales de Mauritanie, M. Mohamed El Mokhtar Mohamed El Hadi, a repr\u00e9sent\u00e9 le pays lors des rencontres comm\u00e9moratives de la Journ\u00e9e des archives arabes, qui se sont tenues jeudi au Caire. Cet \u00e9v\u00e9nement, d\u2019une grande importance pour la pr\u00e9servation et la valorisation du patrimoine historique et culturel des pays arabes,.....","og_url":"https:\/\/lequotidien.mr\/?p=22060&lang=fr","og_site_name":"Le Quotidien de Nouakchott","article_publisher":"https:\/\/web.facebook.com\/lequotidienmr","article_published_time":"2024-10-18T23:50:53+00:00","og_image":[{"width":558,"height":384,"url":"https:\/\/lequotidien.mr\/wp-content\/uploads\/2024\/10\/photo-delegue-archives.jpg","type":"image\/jpeg"}],"author":"Med Ahmed","twitter_card":"summary_large_image","twitter_creator":"@lequotidienmr","twitter_site":"@lequotidienmr","twitter_misc":{"\u0643\u064f\u062a\u0628 \u0628\u0648\u0627\u0633\u0637\u0629":"Med Ahmed","\u0648\u0642\u062a \u0627\u0644\u0642\u0631\u0627\u0621\u0629 \u0627\u0644\u0645\u064f\u0642\u062f\u0651\u0631":"3 \u062f\u0642\u0627\u0626\u0642"},"schema":{"@context":"https:\/\/schema.org","@graph":[{"@type":"Article","@id":"https:\/\/lequotidien.mr\/?p=22060&lang=fr#article","isPartOf":{"@id":"https:\/\/lequotidien.mr\/?p=22060&lang=fr"},"author":{"name":"Med Ahmed","@id":"https:\/\/lequotidien.mr\/#\/schema\/person\/d2d350202a4d599685ed8abc25f97596"},"headline":"Participation de la Mauritanie aux rencontres comm\u00e9moratives de la Journ\u00e9e arabe des Archives au Caire","datePublished":"2024-10-18T23:50:53+00:00","mainEntityOfPage":{"@id":"https:\/\/lequotidien.mr\/?p=22060&lang=fr"},"wordCount":558,"commentCount":0,"publisher":{"@id":"https:\/\/lequotidien.mr\/#organization"},"image":{"@id":"https:\/\/lequotidien.mr\/?p=22060&lang=fr#primaryimage"},"thumbnailUrl":"https:\/\/lequotidien.mr\/wp-content\/uploads\/2024\/10\/photo-delegue-archives.jpg","articleSection":["ACTUALIT\u00c9","Culture"],"inLanguage":"ar","potentialAction":[{"@type":"CommentAction","name":"Comment","target":["https:\/\/lequotidien.mr\/?p=22060&lang=fr#respond"]}]},{"@type":"WebPage","@id":"https:\/\/lequotidien.mr\/?p=22060&lang=fr","url":"https:\/\/lequotidien.mr\/?p=22060&lang=fr","name":"Participation de la Mauritanie aux rencontres comm\u00e9moratives de la Journ\u00e9e arabe des Archives au Caire - Le Quotidien de Nouakchott","isPartOf":{"@id":"https:\/\/lequotidien.mr\/#website"},"primaryImageOfPage":{"@id":"https:\/\/lequotidien.mr\/?p=22060&lang=fr#primaryimage"},"image":{"@id":"https:\/\/lequotidien.mr\/?p=22060&lang=fr#primaryimage"},"thumbnailUrl":"https:\/\/lequotidien.mr\/wp-content\/uploads\/2024\/10\/photo-delegue-archives.jpg","datePublished":"2024-10-18T23:50:53+00:00","breadcrumb":{"@id":"https:\/\/lequotidien.mr\/?p=22060&lang=fr#breadcrumb"},"inLanguage":"ar","potentialAction":[{"@type":"ReadAction","target":["https:\/\/lequotidien.mr\/?p=22060&lang=fr"]}]},{"@type":"ImageObject","inLanguage":"ar","@id":"https:\/\/lequotidien.mr\/?p=22060&lang=fr#primaryimage","url":"https:\/\/lequotidien.mr\/wp-content\/uploads\/2024\/10\/photo-delegue-archives.jpg","contentUrl":"https:\/\/lequotidien.mr\/wp-content\/uploads\/2024\/10\/photo-delegue-archives.jpg","width":558,"height":384},{"@type":"BreadcrumbList","@id":"https:\/\/lequotidien.mr\/?p=22060&lang=fr#breadcrumb","itemListElement":[{"@type":"ListItem","position":1,"name":"Home","item":"https:\/\/lequotidien.mr\/"},{"@type":"ListItem","position":2,"name":"Participation de la Mauritanie aux rencontres comm\u00e9moratives de la Journ\u00e9e arabe des Archives au Caire"}]},{"@type":"WebSite","@id":"https:\/\/lequotidien.mr\/#website","url":"https:\/\/lequotidien.mr\/","name":"Le Quotidien de Nouakchott","description":"\u0625\u062e\u0628\u0627\u0631\u064a\u0629 \u0645\u0633\u062a\u0642\u0644\u0629 \u0644\u0644\u0623\u0646\u0628\u0627\u0621 \u0627\u0644\u0639\u0627\u0645\u0629","publisher":{"@id":"https:\/\/lequotidien.mr\/#organization"},"potentialAction":[{"@type":"SearchAction","target":{"@type":"EntryPoint","urlTemplate":"https:\/\/lequotidien.mr\/?s={search_term_string}"},"query-input":{"@type":"PropertyValueSpecification","valueRequired":true,"valueName":"search_term_string"}}],"inLanguage":"ar"},{"@type":"Organization","@id":"https:\/\/lequotidien.mr\/#organization","name":"Le Quotidien de Nouakchott","url":"https:\/\/lequotidien.mr\/","logo":{"@type":"ImageObject","inLanguage":"ar","@id":"https:\/\/lequotidien.mr\/#\/schema\/logo\/image\/","url":"https:\/\/lequotidien.mr\/wp-content\/uploads\/2022\/11\/logolequotidien.jpg","contentUrl":"https:\/\/lequotidien.mr\/wp-content\/uploads\/2022\/11\/logolequotidien.jpg","width":290,"height":65,"caption":"Le Quotidien de Nouakchott"},"image":{"@id":"https:\/\/lequotidien.mr\/#\/schema\/logo\/image\/"},"sameAs":["https:\/\/web.facebook.com\/lequotidienmr","https:\/\/x.com\/lequotidienmr"]},{"@type":"Person","@id":"https:\/\/lequotidien.mr\/#\/schema\/person\/d2d350202a4d599685ed8abc25f97596","name":"Med Ahmed","image":{"@type":"ImageObject","inLanguage":"ar","@id":"https:\/\/secure.gravatar.com\/avatar\/fd2acc62ed50732923d1d39c17172c9b04149f142be92310ecc69e1358f94b52?s=96&d=mm&r=g","url":"https:\/\/secure.gravatar.com\/avatar\/fd2acc62ed50732923d1d39c17172c9b04149f142be92310ecc69e1358f94b52?s=96&d=mm&r=g","contentUrl":"https:\/\/secure.gravatar.com\/avatar\/fd2acc62ed50732923d1d39c17172c9b04149f142be92310ecc69e1358f94b52?s=96&d=mm&r=g","caption":"Med Ahmed"},"url":"https:\/\/lequotidien.mr\/?author=12"}]}},"_links":{"self":[{"href":"https:\/\/lequotidien.mr\/index.php?rest_route=\/wp\/v2\/posts\/22060","targetHints":{"allow":["GET"]}}],"collection":[{"href":"https:\/\/lequotidien.mr\/index.php?rest_route=\/wp\/v2\/posts"}],"about":[{"href":"https:\/\/lequotidien.mr\/index.php?rest_route=\/wp\/v2\/types\/post"}],"author":[{"embeddable":true,"href":"https:\/\/lequotidien.mr\/index.php?rest_route=\/wp\/v2\/users\/12"}],"replies":[{"embeddable":true,"href":"https:\/\/lequotidien.mr\/index.php?rest_route=%2Fwp%2Fv2%2Fcomments&post=22060"}],"version-history":[{"count":1,"href":"https:\/\/lequotidien.mr\/index.php?rest_route=\/wp\/v2\/posts\/22060\/revisions"}],"predecessor-version":[{"id":22062,"href":"https:\/\/lequotidien.mr\/index.php?rest_route=\/wp\/v2\/posts\/22060\/revisions\/22062"}],"wp:featuredmedia":[{"embeddable":true,"href":"https:\/\/lequotidien.mr\/index.php?rest_route=\/wp\/v2\/media\/22061"}],"wp:attachment":[{"href":"https:\/\/lequotidien.mr\/index.php?rest_route=%2Fwp%2Fv2%2Fmedia&parent=22060"}],"wp:term":[{"taxonomy":"category","embeddable":true,"href":"https:\/\/lequotidien.mr\/index.php?rest_route=%2Fwp%2Fv2%2Fcategories&post=22060"},{"taxonomy":"post_tag","embeddable":true,"href":"https:\/\/lequotidien.mr\/index.php?rest_route=%2Fwp%2Fv2%2Ftags&post=22060"}],"curies":[{"name":"wp","href":"https:\/\/api.w.org\/{rel}","templated":true}]}}