{"id":22057,"date":"2024-10-18T23:36:12","date_gmt":"2024-10-18T23:36:12","guid":{"rendered":"https:\/\/lequotidien.mr\/?p=22057"},"modified":"2024-10-18T23:36:12","modified_gmt":"2024-10-18T23:36:12","slug":"perspectives-economiques-de-la-mauritanie-le-fmi-met-en-garde-contre-des-risques-endogenes-et-exogenes-a-moyen-terme","status":"publish","type":"post","link":"https:\/\/lequotidien.mr\/?p=22057&lang=fr","title":{"rendered":"Perspectives \u00e9conomiques de la Mauritanie : Le FMI met en garde contre des risques endog\u00e8nes et exog\u00e8nes, \u00e0 moyen terme"},"content":{"rendered":"<p>Le chef de la mission du Fonds mon\u00e9taire international (FMI) en Mauritanie, F\u00e9lix Fischer, a r\u00e9cemment exprim\u00e9 des pr\u00e9occupations quant aux perspectives \u00e9conomiques du pays. Lors d&#8217;une conf\u00e9rence de presse tenue \u00e0 Nouakchott, en pr\u00e9sence de hauts responsables mauritaniens, il a mis en \u00e9vidence des risques \u00e0 moyen terme susceptibles de compromettre la croissance \u00e9conomique. Parmi ces menaces, il a mentionn\u00e9 l\u2019escalade des tensions g\u00e9opolitiques dans la r\u00e9gion, les retards dans le lancement du projet d\u2019exploitation du grand champ gazier d\u2019Ahmeyim, ainsi que les chocs climatiques.<\/p>\n<p><strong>Croissance \u00e9conomique ralentie par le secteur extractif<\/strong><\/p>\n<p>Malgr\u00e9 ces d\u00e9fis, l&#8217;\u00e9conomie mauritanienne devrait tout de m\u00eame enregistrer une croissance de 4,6 % en 2024, selon F\u00e9lix Fischer. Ce chiffre refl\u00e8te un ralentissement du secteur extractif, qui joue un r\u00f4le majeur dans l\u2019\u00e9conomie du pays. Toutefois, cette tendance devrait se poursuivre en 2025, avec une pr\u00e9vision de croissance l\u00e9g\u00e8rement inf\u00e9rieure \u00e0 4,2 %, marquant encore une fois l&#8217;impact du secteur minier.<\/p>\n<p><strong>Une meilleure performance hors secteur extractif<\/strong><\/p>\n<p>En contraste avec le secteur extractif, la croissance \u00e9conomique hors de ce domaine devrait \u00eatre plus prometteuse. F\u00e9lix Fischer a soulign\u00e9 que la cr\u00e9ation d\u2019emplois est plus forte dans cette partie de l&#8217;\u00e9conomie, avec une croissance non extractive pr\u00e9vue \u00e0 5,7 % en 2024 et \u00e0 4,7 % en 2025. Ce type de croissance est parfois jug\u00e9 plus b\u00e9n\u00e9fique car il est souvent plus inclusif et durable, cr\u00e9ant un plus grand nombre d&#8217;opportunit\u00e9s pour la population active.<\/p>\n<p><strong>Conditions favorables \u00e0 un assouplissement mon\u00e9taire<\/strong><\/p>\n<p>Depuis 2022, la politique mon\u00e9taire en Mauritanie a \u00e9t\u00e9 resserr\u00e9e, mais Fischer a annonc\u00e9 que les conditions actuelles sont propices \u00e0 un assouplissement. Cela pourrait permettre de relancer la dynamique \u00e9conomique, tout en soutenant les r\u00e9formes en cours. Le FMI encourage notamment les efforts visant \u00e0 d\u00e9velopper et stabiliser le secteur financier, \u00e9l\u00e9ment cl\u00e9 pour renforcer la contribution de ce dernier au d\u00e9veloppement \u00e9conomique.<\/p>\n<p><strong>Un appel \u00e0 la bonne gouvernance et \u00e0 des r\u00e9formes cl\u00e9s<\/strong><\/p>\n<p>Au-del\u00e0 des perspectives \u00e9conomiques, le FMI a insist\u00e9 sur la n\u00e9cessit\u00e9 pour la Mauritanie de finaliser les r\u00e9formes li\u00e9es \u00e0 la bonne gouvernance. F\u00e9lix Fischer a soulign\u00e9 que l\u2019am\u00e9lioration de la mobilisation des recettes fiscales est cruciale pour permettre au pays de r\u00e9pondre \u00e0 ses besoins de d\u00e9veloppement tout en maintenant la cr\u00e9dibilit\u00e9 de son cadre budg\u00e9taire \u00e0 moyen terme.<\/p>\n<p>Dans ce cadre, Fischer a salu\u00e9 l\u2019adoption de la nouvelle loi sur l\u2019investissement, qui devrait cr\u00e9er des conditions \u00e9quitables pour tous les acteurs \u00e9conomiques. Cette r\u00e9forme vise \u00e0 promouvoir une croissance inclusive, notamment via le secteur priv\u00e9, consid\u00e9r\u00e9 comme un moteur de d\u00e9veloppement.<\/p>\n<p><strong>Soutien financier du FMI<\/strong><\/p>\n<p>F\u00e9lix Fischer a \u00e9galement annonc\u00e9 que la Mauritanie b\u00e9n\u00e9ficiera d\u2019un soutien financier suppl\u00e9mentaire du FMI, \u00e0 hauteur de 8,6 millions de dollars, ainsi que de 39,7 millions de dollars dans le cadre de la facilit\u00e9 de r\u00e9silience et de durabilit\u00e9. Au total, le pays recevra un montant cumul\u00e9 de 119,8 millions de dollars pour soutenir ses efforts de d\u00e9veloppement.<\/p>\n<p><strong>Un progr\u00e8s notable sur le changement climatique<\/strong><\/p>\n<p>Enfin, le chef de mission du FMI a f\u00e9licit\u00e9 la Mauritanie pour avoir atteint tous les objectifs quantitatifs pour 2024 et pour les avanc\u00e9es positives du programme de r\u00e9formes structurelles en mati\u00e8re de changement climatique. Il a \u00e9galement \u00e9voqu\u00e9 les efforts continus du gouvernement pour ajuster le budget, avec l&#8217;objectif de renforcer la part des revenus non extractifs \u00e0 hauteur de 3,5 % du PIB, tout en exploitant le potentiel fiscal important du pays.<\/p>\n<p>Les d\u00e9clarations de F\u00e9lix Fischer refl\u00e8tent un \u00e9quilibre entre prudence et optimisme. Si la Mauritanie fait face \u00e0 des risques \u00e0 moyen terme, notamment li\u00e9s aux secteurs extractifs et aux tensions g\u00e9opolitiques, des opportunit\u00e9s existent dans les secteurs non extractifs et \u00e0 travers des r\u00e9formes structurelles. Le soutien du FMI, combin\u00e9 \u00e0 des politiques de bonne gouvernance et \u00e0 des r\u00e9formes \u00e9conomiques inclusives, pourrait renforcer la r\u00e9silience de l&#8217;\u00e9conomie mauritanienne et soutenir son d\u00e9veloppement \u00e0 long terme.<\/p>\n","protected":false},"excerpt":{"rendered":"<p>Le chef de la mission du Fonds mon\u00e9taire international (FMI) en Mauritanie, F\u00e9lix Fischer, a r\u00e9cemment exprim\u00e9 des pr\u00e9occupations quant aux perspectives \u00e9conomiques du pays. Lors d&#8217;une conf\u00e9rence de presse tenue \u00e0 Nouakchott, en pr\u00e9sence de hauts responsables mauritaniens, il a mis en \u00e9vidence des risques \u00e0 moyen terme susceptibles de compromettre la croissance \u00e9conomique&#8230;&#8230;<\/p>\n","protected":false},"author":12,"featured_media":22058,"comment_status":"open","ping_status":"open","sticky":false,"template":"","format":"standard","meta":{"footnotes":""},"categories":[23,49],"tags":[],"class_list":["post-22057","post","type-post","status-publish","format-standard","has-post-thumbnail","hentry","category-actualite","category-economie"],"yoast_head":"<!-- This site is optimized with the Yoast SEO plugin v27.5 - https:\/\/yoast.com\/product\/yoast-seo-wordpress\/ -->\n<title>Perspectives \u00e9conomiques de la Mauritanie : Le FMI met en garde contre des risques endog\u00e8nes et exog\u00e8nes, \u00e0 moyen terme - Le Quotidien de Nouakchott<\/title>\n<meta name=\"robots\" content=\"index, follow, max-snippet:-1, max-image-preview:large, max-video-preview:-1\" \/>\n<link rel=\"canonical\" href=\"https:\/\/lequotidien.mr\/?p=22057&lang=fr\" \/>\n<meta property=\"og:locale\" content=\"ar_AR\" \/>\n<meta property=\"og:type\" content=\"article\" \/>\n<meta property=\"og:title\" content=\"Perspectives \u00e9conomiques de la Mauritanie : Le FMI met en garde contre des risques endog\u00e8nes et exog\u00e8nes, \u00e0 moyen terme - Le Quotidien de Nouakchott\" \/>\n<meta property=\"og:description\" content=\"Le chef de la mission du Fonds mon\u00e9taire international (FMI) en Mauritanie, F\u00e9lix Fischer, a r\u00e9cemment exprim\u00e9 des pr\u00e9occupations quant aux perspectives \u00e9conomiques du pays. Lors d&#8217;une conf\u00e9rence de presse tenue \u00e0 Nouakchott, en pr\u00e9sence de hauts responsables mauritaniens, il a mis en \u00e9vidence des risques \u00e0 moyen terme susceptibles de compromettre la croissance \u00e9conomique......\" \/>\n<meta property=\"og:url\" content=\"https:\/\/lequotidien.mr\/?p=22057&amp;lang=fr\" \/>\n<meta property=\"og:site_name\" content=\"Le Quotidien de Nouakchott\" \/>\n<meta property=\"article:publisher\" content=\"https:\/\/web.facebook.com\/lequotidienmr\" \/>\n<meta property=\"article:published_time\" content=\"2024-10-18T23:36:12+00:00\" \/>\n<meta property=\"og:image\" content=\"https:\/\/lequotidien.mr\/wp-content\/uploads\/2024\/10\/photo-Felix-Fisher.jpg\" \/>\n\t<meta property=\"og:image:width\" content=\"487\" \/>\n\t<meta property=\"og:image:height\" content=\"480\" \/>\n\t<meta property=\"og:image:type\" content=\"image\/jpeg\" \/>\n<meta name=\"author\" content=\"Med Ahmed\" \/>\n<meta name=\"twitter:card\" content=\"summary_large_image\" \/>\n<meta name=\"twitter:creator\" content=\"@lequotidienmr\" \/>\n<meta name=\"twitter:site\" content=\"@lequotidienmr\" \/>\n<meta name=\"twitter:label1\" content=\"\u0643\u064f\u062a\u0628 \u0628\u0648\u0627\u0633\u0637\u0629\" \/>\n\t<meta name=\"twitter:data1\" content=\"Med Ahmed\" \/>\n\t<meta name=\"twitter:label2\" content=\"\u0648\u0642\u062a \u0627\u0644\u0642\u0631\u0627\u0621\u0629 \u0627\u0644\u0645\u064f\u0642\u062f\u0651\u0631\" \/>\n\t<meta name=\"twitter:data2\" content=\"4 \u062f\u0642\u0627\u0626\u0642\" \/>\n<script type=\"application\/ld+json\" class=\"yoast-schema-graph\">{\"@context\":\"https:\\\/\\\/schema.org\",\"@graph\":[{\"@type\":\"Article\",\"@id\":\"https:\\\/\\\/lequotidien.mr\\\/?p=22057&lang=fr#article\",\"isPartOf\":{\"@id\":\"https:\\\/\\\/lequotidien.mr\\\/?p=22057&lang=fr\"},\"author\":{\"name\":\"Med Ahmed\",\"@id\":\"https:\\\/\\\/lequotidien.mr\\\/#\\\/schema\\\/person\\\/d2d350202a4d599685ed8abc25f97596\"},\"headline\":\"Perspectives \u00e9conomiques de la Mauritanie : Le FMI met en garde contre des risques endog\u00e8nes et exog\u00e8nes, \u00e0 moyen terme\",\"datePublished\":\"2024-10-18T23:36:12+00:00\",\"mainEntityOfPage\":{\"@id\":\"https:\\\/\\\/lequotidien.mr\\\/?p=22057&lang=fr\"},\"wordCount\":706,\"commentCount\":0,\"publisher\":{\"@id\":\"https:\\\/\\\/lequotidien.mr\\\/#organization\"},\"image\":{\"@id\":\"https:\\\/\\\/lequotidien.mr\\\/?p=22057&lang=fr#primaryimage\"},\"thumbnailUrl\":\"https:\\\/\\\/lequotidien.mr\\\/wp-content\\\/uploads\\\/2024\\\/10\\\/photo-Felix-Fisher.jpg\",\"articleSection\":[\"ACTUALIT\u00c9\",\"Economie\"],\"inLanguage\":\"ar\",\"potentialAction\":[{\"@type\":\"CommentAction\",\"name\":\"Comment\",\"target\":[\"https:\\\/\\\/lequotidien.mr\\\/?p=22057&lang=fr#respond\"]}]},{\"@type\":\"WebPage\",\"@id\":\"https:\\\/\\\/lequotidien.mr\\\/?p=22057&lang=fr\",\"url\":\"https:\\\/\\\/lequotidien.mr\\\/?p=22057&lang=fr\",\"name\":\"Perspectives \u00e9conomiques de la Mauritanie : Le FMI met en garde contre des risques endog\u00e8nes et exog\u00e8nes, \u00e0 moyen terme - Le Quotidien de Nouakchott\",\"isPartOf\":{\"@id\":\"https:\\\/\\\/lequotidien.mr\\\/#website\"},\"primaryImageOfPage\":{\"@id\":\"https:\\\/\\\/lequotidien.mr\\\/?p=22057&lang=fr#primaryimage\"},\"image\":{\"@id\":\"https:\\\/\\\/lequotidien.mr\\\/?p=22057&lang=fr#primaryimage\"},\"thumbnailUrl\":\"https:\\\/\\\/lequotidien.mr\\\/wp-content\\\/uploads\\\/2024\\\/10\\\/photo-Felix-Fisher.jpg\",\"datePublished\":\"2024-10-18T23:36:12+00:00\",\"breadcrumb\":{\"@id\":\"https:\\\/\\\/lequotidien.mr\\\/?p=22057&lang=fr#breadcrumb\"},\"inLanguage\":\"ar\",\"potentialAction\":[{\"@type\":\"ReadAction\",\"target\":[\"https:\\\/\\\/lequotidien.mr\\\/?p=22057&lang=fr\"]}]},{\"@type\":\"ImageObject\",\"inLanguage\":\"ar\",\"@id\":\"https:\\\/\\\/lequotidien.mr\\\/?p=22057&lang=fr#primaryimage\",\"url\":\"https:\\\/\\\/lequotidien.mr\\\/wp-content\\\/uploads\\\/2024\\\/10\\\/photo-Felix-Fisher.jpg\",\"contentUrl\":\"https:\\\/\\\/lequotidien.mr\\\/wp-content\\\/uploads\\\/2024\\\/10\\\/photo-Felix-Fisher.jpg\",\"width\":487,\"height\":480},{\"@type\":\"BreadcrumbList\",\"@id\":\"https:\\\/\\\/lequotidien.mr\\\/?p=22057&lang=fr#breadcrumb\",\"itemListElement\":[{\"@type\":\"ListItem\",\"position\":1,\"name\":\"Home\",\"item\":\"https:\\\/\\\/lequotidien.mr\\\/\"},{\"@type\":\"ListItem\",\"position\":2,\"name\":\"Perspectives \u00e9conomiques de la Mauritanie : Le FMI met en garde contre des risques endog\u00e8nes et exog\u00e8nes, \u00e0 moyen terme\"}]},{\"@type\":\"WebSite\",\"@id\":\"https:\\\/\\\/lequotidien.mr\\\/#website\",\"url\":\"https:\\\/\\\/lequotidien.mr\\\/\",\"name\":\"Le Quotidien de Nouakchott\",\"description\":\"\u0625\u062e\u0628\u0627\u0631\u064a\u0629 \u0645\u0633\u062a\u0642\u0644\u0629 \u0644\u0644\u0623\u0646\u0628\u0627\u0621 \u0627\u0644\u0639\u0627\u0645\u0629\",\"publisher\":{\"@id\":\"https:\\\/\\\/lequotidien.mr\\\/#organization\"},\"potentialAction\":[{\"@type\":\"SearchAction\",\"target\":{\"@type\":\"EntryPoint\",\"urlTemplate\":\"https:\\\/\\\/lequotidien.mr\\\/?s={search_term_string}\"},\"query-input\":{\"@type\":\"PropertyValueSpecification\",\"valueRequired\":true,\"valueName\":\"search_term_string\"}}],\"inLanguage\":\"ar\"},{\"@type\":\"Organization\",\"@id\":\"https:\\\/\\\/lequotidien.mr\\\/#organization\",\"name\":\"Le Quotidien de Nouakchott\",\"url\":\"https:\\\/\\\/lequotidien.mr\\\/\",\"logo\":{\"@type\":\"ImageObject\",\"inLanguage\":\"ar\",\"@id\":\"https:\\\/\\\/lequotidien.mr\\\/#\\\/schema\\\/logo\\\/image\\\/\",\"url\":\"https:\\\/\\\/lequotidien.mr\\\/wp-content\\\/uploads\\\/2022\\\/11\\\/logolequotidien.jpg\",\"contentUrl\":\"https:\\\/\\\/lequotidien.mr\\\/wp-content\\\/uploads\\\/2022\\\/11\\\/logolequotidien.jpg\",\"width\":290,\"height\":65,\"caption\":\"Le Quotidien de Nouakchott\"},\"image\":{\"@id\":\"https:\\\/\\\/lequotidien.mr\\\/#\\\/schema\\\/logo\\\/image\\\/\"},\"sameAs\":[\"https:\\\/\\\/web.facebook.com\\\/lequotidienmr\",\"https:\\\/\\\/x.com\\\/lequotidienmr\"]},{\"@type\":\"Person\",\"@id\":\"https:\\\/\\\/lequotidien.mr\\\/#\\\/schema\\\/person\\\/d2d350202a4d599685ed8abc25f97596\",\"name\":\"Med Ahmed\",\"image\":{\"@type\":\"ImageObject\",\"inLanguage\":\"ar\",\"@id\":\"https:\\\/\\\/secure.gravatar.com\\\/avatar\\\/fd2acc62ed50732923d1d39c17172c9b04149f142be92310ecc69e1358f94b52?s=96&d=mm&r=g\",\"url\":\"https:\\\/\\\/secure.gravatar.com\\\/avatar\\\/fd2acc62ed50732923d1d39c17172c9b04149f142be92310ecc69e1358f94b52?s=96&d=mm&r=g\",\"contentUrl\":\"https:\\\/\\\/secure.gravatar.com\\\/avatar\\\/fd2acc62ed50732923d1d39c17172c9b04149f142be92310ecc69e1358f94b52?s=96&d=mm&r=g\",\"caption\":\"Med Ahmed\"},\"url\":\"https:\\\/\\\/lequotidien.mr\\\/?author=12\"}]}<\/script>\n<!-- \/ Yoast SEO plugin. -->","yoast_head_json":{"title":"Perspectives \u00e9conomiques de la Mauritanie : Le FMI met en garde contre des risques endog\u00e8nes et exog\u00e8nes, \u00e0 moyen terme - Le Quotidien de Nouakchott","robots":{"index":"index","follow":"follow","max-snippet":"max-snippet:-1","max-image-preview":"max-image-preview:large","max-video-preview":"max-video-preview:-1"},"canonical":"https:\/\/lequotidien.mr\/?p=22057&lang=fr","og_locale":"ar_AR","og_type":"article","og_title":"Perspectives \u00e9conomiques de la Mauritanie : Le FMI met en garde contre des risques endog\u00e8nes et exog\u00e8nes, \u00e0 moyen terme - Le Quotidien de Nouakchott","og_description":"Le chef de la mission du Fonds mon\u00e9taire international (FMI) en Mauritanie, F\u00e9lix Fischer, a r\u00e9cemment exprim\u00e9 des pr\u00e9occupations quant aux perspectives \u00e9conomiques du pays. Lors d&#8217;une conf\u00e9rence de presse tenue \u00e0 Nouakchott, en pr\u00e9sence de hauts responsables mauritaniens, il a mis en \u00e9vidence des risques \u00e0 moyen terme susceptibles de compromettre la croissance \u00e9conomique......","og_url":"https:\/\/lequotidien.mr\/?p=22057&lang=fr","og_site_name":"Le Quotidien de Nouakchott","article_publisher":"https:\/\/web.facebook.com\/lequotidienmr","article_published_time":"2024-10-18T23:36:12+00:00","og_image":[{"width":487,"height":480,"url":"https:\/\/lequotidien.mr\/wp-content\/uploads\/2024\/10\/photo-Felix-Fisher.jpg","type":"image\/jpeg"}],"author":"Med Ahmed","twitter_card":"summary_large_image","twitter_creator":"@lequotidienmr","twitter_site":"@lequotidienmr","twitter_misc":{"\u0643\u064f\u062a\u0628 \u0628\u0648\u0627\u0633\u0637\u0629":"Med Ahmed","\u0648\u0642\u062a \u0627\u0644\u0642\u0631\u0627\u0621\u0629 \u0627\u0644\u0645\u064f\u0642\u062f\u0651\u0631":"4 \u062f\u0642\u0627\u0626\u0642"},"schema":{"@context":"https:\/\/schema.org","@graph":[{"@type":"Article","@id":"https:\/\/lequotidien.mr\/?p=22057&lang=fr#article","isPartOf":{"@id":"https:\/\/lequotidien.mr\/?p=22057&lang=fr"},"author":{"name":"Med Ahmed","@id":"https:\/\/lequotidien.mr\/#\/schema\/person\/d2d350202a4d599685ed8abc25f97596"},"headline":"Perspectives \u00e9conomiques de la Mauritanie : Le FMI met en garde contre des risques endog\u00e8nes et exog\u00e8nes, \u00e0 moyen terme","datePublished":"2024-10-18T23:36:12+00:00","mainEntityOfPage":{"@id":"https:\/\/lequotidien.mr\/?p=22057&lang=fr"},"wordCount":706,"commentCount":0,"publisher":{"@id":"https:\/\/lequotidien.mr\/#organization"},"image":{"@id":"https:\/\/lequotidien.mr\/?p=22057&lang=fr#primaryimage"},"thumbnailUrl":"https:\/\/lequotidien.mr\/wp-content\/uploads\/2024\/10\/photo-Felix-Fisher.jpg","articleSection":["ACTUALIT\u00c9","Economie"],"inLanguage":"ar","potentialAction":[{"@type":"CommentAction","name":"Comment","target":["https:\/\/lequotidien.mr\/?p=22057&lang=fr#respond"]}]},{"@type":"WebPage","@id":"https:\/\/lequotidien.mr\/?p=22057&lang=fr","url":"https:\/\/lequotidien.mr\/?p=22057&lang=fr","name":"Perspectives \u00e9conomiques de la Mauritanie : Le FMI met en garde contre des risques endog\u00e8nes et exog\u00e8nes, \u00e0 moyen terme - Le Quotidien de Nouakchott","isPartOf":{"@id":"https:\/\/lequotidien.mr\/#website"},"primaryImageOfPage":{"@id":"https:\/\/lequotidien.mr\/?p=22057&lang=fr#primaryimage"},"image":{"@id":"https:\/\/lequotidien.mr\/?p=22057&lang=fr#primaryimage"},"thumbnailUrl":"https:\/\/lequotidien.mr\/wp-content\/uploads\/2024\/10\/photo-Felix-Fisher.jpg","datePublished":"2024-10-18T23:36:12+00:00","breadcrumb":{"@id":"https:\/\/lequotidien.mr\/?p=22057&lang=fr#breadcrumb"},"inLanguage":"ar","potentialAction":[{"@type":"ReadAction","target":["https:\/\/lequotidien.mr\/?p=22057&lang=fr"]}]},{"@type":"ImageObject","inLanguage":"ar","@id":"https:\/\/lequotidien.mr\/?p=22057&lang=fr#primaryimage","url":"https:\/\/lequotidien.mr\/wp-content\/uploads\/2024\/10\/photo-Felix-Fisher.jpg","contentUrl":"https:\/\/lequotidien.mr\/wp-content\/uploads\/2024\/10\/photo-Felix-Fisher.jpg","width":487,"height":480},{"@type":"BreadcrumbList","@id":"https:\/\/lequotidien.mr\/?p=22057&lang=fr#breadcrumb","itemListElement":[{"@type":"ListItem","position":1,"name":"Home","item":"https:\/\/lequotidien.mr\/"},{"@type":"ListItem","position":2,"name":"Perspectives \u00e9conomiques de la Mauritanie : Le FMI met en garde contre des risques endog\u00e8nes et exog\u00e8nes, \u00e0 moyen terme"}]},{"@type":"WebSite","@id":"https:\/\/lequotidien.mr\/#website","url":"https:\/\/lequotidien.mr\/","name":"Le Quotidien de Nouakchott","description":"\u0625\u062e\u0628\u0627\u0631\u064a\u0629 \u0645\u0633\u062a\u0642\u0644\u0629 \u0644\u0644\u0623\u0646\u0628\u0627\u0621 \u0627\u0644\u0639\u0627\u0645\u0629","publisher":{"@id":"https:\/\/lequotidien.mr\/#organization"},"potentialAction":[{"@type":"SearchAction","target":{"@type":"EntryPoint","urlTemplate":"https:\/\/lequotidien.mr\/?s={search_term_string}"},"query-input":{"@type":"PropertyValueSpecification","valueRequired":true,"valueName":"search_term_string"}}],"inLanguage":"ar"},{"@type":"Organization","@id":"https:\/\/lequotidien.mr\/#organization","name":"Le Quotidien de Nouakchott","url":"https:\/\/lequotidien.mr\/","logo":{"@type":"ImageObject","inLanguage":"ar","@id":"https:\/\/lequotidien.mr\/#\/schema\/logo\/image\/","url":"https:\/\/lequotidien.mr\/wp-content\/uploads\/2022\/11\/logolequotidien.jpg","contentUrl":"https:\/\/lequotidien.mr\/wp-content\/uploads\/2022\/11\/logolequotidien.jpg","width":290,"height":65,"caption":"Le Quotidien de Nouakchott"},"image":{"@id":"https:\/\/lequotidien.mr\/#\/schema\/logo\/image\/"},"sameAs":["https:\/\/web.facebook.com\/lequotidienmr","https:\/\/x.com\/lequotidienmr"]},{"@type":"Person","@id":"https:\/\/lequotidien.mr\/#\/schema\/person\/d2d350202a4d599685ed8abc25f97596","name":"Med Ahmed","image":{"@type":"ImageObject","inLanguage":"ar","@id":"https:\/\/secure.gravatar.com\/avatar\/fd2acc62ed50732923d1d39c17172c9b04149f142be92310ecc69e1358f94b52?s=96&d=mm&r=g","url":"https:\/\/secure.gravatar.com\/avatar\/fd2acc62ed50732923d1d39c17172c9b04149f142be92310ecc69e1358f94b52?s=96&d=mm&r=g","contentUrl":"https:\/\/secure.gravatar.com\/avatar\/fd2acc62ed50732923d1d39c17172c9b04149f142be92310ecc69e1358f94b52?s=96&d=mm&r=g","caption":"Med Ahmed"},"url":"https:\/\/lequotidien.mr\/?author=12"}]}},"_links":{"self":[{"href":"https:\/\/lequotidien.mr\/index.php?rest_route=\/wp\/v2\/posts\/22057","targetHints":{"allow":["GET"]}}],"collection":[{"href":"https:\/\/lequotidien.mr\/index.php?rest_route=\/wp\/v2\/posts"}],"about":[{"href":"https:\/\/lequotidien.mr\/index.php?rest_route=\/wp\/v2\/types\/post"}],"author":[{"embeddable":true,"href":"https:\/\/lequotidien.mr\/index.php?rest_route=\/wp\/v2\/users\/12"}],"replies":[{"embeddable":true,"href":"https:\/\/lequotidien.mr\/index.php?rest_route=%2Fwp%2Fv2%2Fcomments&post=22057"}],"version-history":[{"count":1,"href":"https:\/\/lequotidien.mr\/index.php?rest_route=\/wp\/v2\/posts\/22057\/revisions"}],"predecessor-version":[{"id":22059,"href":"https:\/\/lequotidien.mr\/index.php?rest_route=\/wp\/v2\/posts\/22057\/revisions\/22059"}],"wp:featuredmedia":[{"embeddable":true,"href":"https:\/\/lequotidien.mr\/index.php?rest_route=\/wp\/v2\/media\/22058"}],"wp:attachment":[{"href":"https:\/\/lequotidien.mr\/index.php?rest_route=%2Fwp%2Fv2%2Fmedia&parent=22057"}],"wp:term":[{"taxonomy":"category","embeddable":true,"href":"https:\/\/lequotidien.mr\/index.php?rest_route=%2Fwp%2Fv2%2Fcategories&post=22057"},{"taxonomy":"post_tag","embeddable":true,"href":"https:\/\/lequotidien.mr\/index.php?rest_route=%2Fwp%2Fv2%2Ftags&post=22057"}],"curies":[{"name":"wp","href":"https:\/\/api.w.org\/{rel}","templated":true}]}}