{"id":2203,"date":"2022-12-23T18:52:02","date_gmt":"2022-12-23T18:52:02","guid":{"rendered":"https:\/\/lequotidien.mr\/?p=2203"},"modified":"2022-12-23T18:52:02","modified_gmt":"2022-12-23T18:52:02","slug":"pose-de-la-premiere-pierre-de-lextension-du-projet-dapprovisionnement-de-nouadhibou-en-eau-potable","status":"publish","type":"post","link":"https:\/\/lequotidien.mr\/?p=2203&lang=fr","title":{"rendered":"Pose de la premi\u00e8re pierre de l\u2019extension du projet d\u2019approvisionnement de Nouadhibou en eau potable"},"content":{"rendered":"<p>AMI &#8211; Le Pr\u00e9sident de la R\u00e9publique, Son Excellence Monsieur Mohamed Ould Cheikh El Ghazouani a pos\u00e9, au chef-lieu de l\u2019arrondissement de Boulenoir, la premi\u00e8re pierre du projet d\u2019approvisionnement de la ville de Nouadhibou en eau potable.<\/p>\n<p>La r\u00e9alisation de ce projet, financ\u00e9 par l\u2019Etat mauritanien et le Fonds arabe de d\u00e9veloppement \u00e9conomique (FADES) pour un montant de 32 milliards d\u2019ouguiya MRO, approvisionnera les villes de Nouadhibou et Boulenoir en eau potable jusqu\u2019en 2037.<\/p>\n<p>Dans le discours qu\u2019il a prononc\u00e9, \u00e0 cette occasion, le ministre de l\u2019Hydraulique et de l\u2019Assainissement, M. Sidi Mohamed Ould Taleb Amar a d\u00e9clar\u00e9 que ce projet aura des r\u00e9percussions positives sur le d\u00e9veloppement de Dakhlet-Nouadhibou et sa prosp\u00e9rit\u00e9.<\/p>\n<p>Il pr\u00e9cis\u00e9 que la pose de la premi\u00e8re pierre du projet par le Pr\u00e9sident de la R\u00e9publique d\u00e9montre la profondeur prise de conscience des probl\u00e8mes de l\u2019eau et l\u2019int\u00e9r\u00eat de l\u2019approvisionnement des populations, soulignant que le dossier hydraulique occupe une place de choix dans le programme du Pr\u00e9sident de la R\u00e9publique \u201cTaahoudati\u201d ex\u00e9cut\u00e9 par le gouvernement du Premier ministre, M. Mohamed Ould Bilal.<\/p>\n<p>M. Sidi Mohamed Ould Taleb Amar a affirm\u00e9 que le Pr\u00e9sident de la R\u00e9publique, en inaugurant plusieurs projets dans divers secteurs et en lan\u00e7ant un paquet d\u2019autres grands projets, qui verront le jour dans un avenir proche, a mat\u00e9rialis\u00e9 le sens et la port\u00e9e de l\u2019ind\u00e9pendance de notre pays.<\/p>\n<p>Il a enfin not\u00e9 que ces actions permettent de rapprocher les services de l\u2019Etat des citoyens afin d\u2019assurer leur prosp\u00e9rit\u00e9, en particuliers les couches vuln\u00e9rables.<\/p>\n<p>De son c\u00f4t\u00e9, le maire de la commune de Boulenoir, M. Mohamed Lemine Ould Ahmed a souhait\u00e9 la bienvenue au Pr\u00e9sident de la R\u00e9publique avant de souligner l\u2019importance de ce projet pour les villes de Nouadhibou et Boulenoir. Il a appel\u00e9 aux renforcements des interventions de TAAZOUR dans sa commune en particulier dans les domaines de l\u2019enseignement, de la sant\u00e9 et du social.<\/p>\n<p>Notons que la premi\u00e8re phase du projet permet de r\u00e9aliser dix puits sur la nappe phr\u00e9atique de Boulenoir, d\u2019une capacit\u00e9 de 10 000 m3 \/ jour, pour soutenir le syst\u00e8me d\u2019approvisionnement en eau potable de la ville de Nouadhibou, tandis que la seconde concerne l\u2019ach\u00e8vement des travaux au niveau de Boulenoir et la mise en place d\u2019un syst\u00e8me de surveillance et de contr\u00f4le \u00e0 distance.<\/p>\n<p>Elle comprend \u00e9galement la r\u00e9habilitation d\u2019anciens puits, l\u2019\u00e9quipement de dix nouveaux, la r\u00e9alisation d\u2019une ligne \u00e9lectrique moyenne tension de 15 kV pour le fonctionnement des nouveaux puits et l\u2019installation de 34,5 km de conduites d\u2019eau d\u2019un diam\u00e8tre de 200 \u00e0 500 mm pour le r\u00e9seau de collecte et de 6,9 km de conduites d\u2019un diam\u00e8tre de 75 et 315 mm pour le r\u00e9seau de distribution \u00e0 Boulenoir en plus de la mise en place d\u2019un syst\u00e8me de t\u00e9l\u00e9surveillance et de contr\u00f4le du r\u00e9seau d\u2019eau potable.<\/p>\n<p>La troisi\u00e8me phase du projet concerne la r\u00e9alisation d\u2019un r\u00e9seau de distribution d\u2019eau \u00e0 Nouadhibou d\u2019une longueur de 43,1 km de canalisations, la fourniture et l\u2019ach\u00e8vement de 3 000 nouvelles connexions, ainsi que la fourniture et l\u2019installation de 9 d\u00e9bitm\u00e8tres principaux.<\/p>\n<p>La quatri\u00e8me comprendra l\u2019ach\u00e8vement d\u2019une canalisation de 800 mm de diam\u00e8tre sur une longueur 76, 55 km pour acheminer l\u2019eau de Boulenoir \u00e0 Nouadhibou et la construction d\u2019un nouveau p\u00f4le de distribution dans la ville de Nouadhibou ainsi que l\u2019\u00e9quipement d\u2019un r\u00e9servoir semi-enterr\u00e9 d\u2019une capacit\u00e9 de 5000 m3, la construction d\u2019une station de pompage avec un d\u00e9bit de 388,8 m3 \/ heure, l\u2019acquisition et l\u2019installation de 7,76 km de conduites en fer d\u2019un diam\u00e8tre de 300 \u00e0 1000 mm dans la ville de Nouadhibou, la construction de b\u00e2timents pour les services administratifs et techniques dans les villes de Nouadhibou et Boulenoir et la fourniture d\u2019\u00e9quipements associ\u00e9s.<\/p>\n<p>La c\u00e9r\u00e9monie s\u2019est d\u00e9roul\u00e9e en pr\u00e9sence, du ministre secr\u00e9taire g\u00e9n\u00e9ral de la Pr\u00e9sidence de la R\u00e9publique, des ministres de la P\u00eaches et de l\u2019Economie maritime et du P\u00e9trole, des Mines et de l\u2019Energie, le wali de Dakhlet-Nouadhibou, le pr\u00e9sident de la zone franche de Nouadhibou, le pr\u00e9sident du conseil r\u00e9gional de Dakhlet-Nouadhibou et le commandant de la premi\u00e8re r\u00e9gion militaire.<\/p>\n","protected":false},"excerpt":{"rendered":"<p>AMI &#8211; Le Pr\u00e9sident de la R\u00e9publique, Son Excellence Monsieur Mohamed Ould Cheikh El Ghazouani a pos\u00e9, au chef-lieu de l\u2019arrondissement de Boulenoir, la premi\u00e8re pierre du projet d\u2019approvisionnement de la ville de Nouadhibou en eau potable. La r\u00e9alisation de ce projet, financ\u00e9 par l\u2019Etat mauritanien et le Fonds arabe de d\u00e9veloppement \u00e9conomique (FADES) pour&#8230;..<\/p>\n","protected":false},"author":5,"featured_media":2204,"comment_status":"open","ping_status":"open","sticky":false,"template":"","format":"standard","meta":{"footnotes":""},"categories":[23,49],"tags":[],"class_list":["post-2203","post","type-post","status-publish","format-standard","has-post-thumbnail","hentry","category-actualite","category-economie"],"yoast_head":"<!-- This site is optimized with the Yoast SEO plugin v27.5 - https:\/\/yoast.com\/product\/yoast-seo-wordpress\/ -->\n<title>Pose de la premi\u00e8re pierre de l\u2019extension du projet d\u2019approvisionnement de Nouadhibou en eau potable - Le Quotidien de Nouakchott<\/title>\n<meta name=\"robots\" content=\"index, follow, max-snippet:-1, max-image-preview:large, max-video-preview:-1\" \/>\n<link rel=\"canonical\" href=\"https:\/\/lequotidien.mr\/?p=2203&lang=fr\" \/>\n<meta property=\"og:locale\" content=\"ar_AR\" \/>\n<meta property=\"og:type\" content=\"article\" \/>\n<meta property=\"og:title\" content=\"Pose de la premi\u00e8re pierre de l\u2019extension du projet d\u2019approvisionnement de Nouadhibou en eau potable - Le Quotidien de Nouakchott\" \/>\n<meta property=\"og:description\" content=\"AMI &#8211; Le Pr\u00e9sident de la R\u00e9publique, Son Excellence Monsieur Mohamed Ould Cheikh El Ghazouani a pos\u00e9, au chef-lieu de l\u2019arrondissement de Boulenoir, la premi\u00e8re pierre du projet d\u2019approvisionnement de la ville de Nouadhibou en eau potable. La r\u00e9alisation de ce projet, financ\u00e9 par l\u2019Etat mauritanien et le Fonds arabe de d\u00e9veloppement \u00e9conomique (FADES) pour.....\" \/>\n<meta property=\"og:url\" content=\"https:\/\/lequotidien.mr\/?p=2203&amp;lang=fr\" \/>\n<meta property=\"og:site_name\" content=\"Le Quotidien de Nouakchott\" \/>\n<meta property=\"article:publisher\" content=\"https:\/\/web.facebook.com\/lequotidienmr\" \/>\n<meta property=\"article:published_time\" content=\"2022-12-23T18:52:02+00:00\" \/>\n<meta property=\"og:image\" content=\"https:\/\/lequotidien.mr\/wp-content\/uploads\/2022\/12\/ghaz_pose_23_ndb_12_2022_11_1.jpg\" \/>\n\t<meta property=\"og:image:width\" content=\"816\" \/>\n\t<meta property=\"og:image:height\" content=\"598\" \/>\n\t<meta property=\"og:image:type\" content=\"image\/jpeg\" \/>\n<meta name=\"author\" content=\"Gayi Diawara\" \/>\n<meta name=\"twitter:card\" content=\"summary_large_image\" \/>\n<meta name=\"twitter:creator\" content=\"@lequotidienmr\" \/>\n<meta name=\"twitter:site\" content=\"@lequotidienmr\" \/>\n<meta name=\"twitter:label1\" content=\"\u0643\u064f\u062a\u0628 \u0628\u0648\u0627\u0633\u0637\u0629\" \/>\n\t<meta name=\"twitter:data1\" content=\"Gayi Diawara\" \/>\n\t<meta name=\"twitter:label2\" content=\"\u0648\u0642\u062a \u0627\u0644\u0642\u0631\u0627\u0621\u0629 \u0627\u0644\u0645\u064f\u0642\u062f\u0651\u0631\" \/>\n\t<meta name=\"twitter:data2\" content=\"3 \u062f\u0642\u0627\u0626\u0642\" \/>\n<script type=\"application\/ld+json\" class=\"yoast-schema-graph\">{\"@context\":\"https:\\\/\\\/schema.org\",\"@graph\":[{\"@type\":\"Article\",\"@id\":\"https:\\\/\\\/lequotidien.mr\\\/?p=2203&lang=fr#article\",\"isPartOf\":{\"@id\":\"https:\\\/\\\/lequotidien.mr\\\/?p=2203&lang=fr\"},\"author\":{\"name\":\"Gayi Diawara\",\"@id\":\"https:\\\/\\\/lequotidien.mr\\\/#\\\/schema\\\/person\\\/1077c8abd5640a6514b909318d271dee\"},\"headline\":\"Pose de la premi\u00e8re pierre de l\u2019extension du projet d\u2019approvisionnement de Nouadhibou en eau potable\",\"datePublished\":\"2022-12-23T18:52:02+00:00\",\"mainEntityOfPage\":{\"@id\":\"https:\\\/\\\/lequotidien.mr\\\/?p=2203&lang=fr\"},\"wordCount\":787,\"commentCount\":0,\"publisher\":{\"@id\":\"https:\\\/\\\/lequotidien.mr\\\/#organization\"},\"image\":{\"@id\":\"https:\\\/\\\/lequotidien.mr\\\/?p=2203&lang=fr#primaryimage\"},\"thumbnailUrl\":\"https:\\\/\\\/lequotidien.mr\\\/wp-content\\\/uploads\\\/2022\\\/12\\\/ghaz_pose_23_ndb_12_2022_11_1.jpg\",\"articleSection\":[\"ACTUALIT\u00c9\",\"Economie\"],\"inLanguage\":\"ar\",\"potentialAction\":[{\"@type\":\"CommentAction\",\"name\":\"Comment\",\"target\":[\"https:\\\/\\\/lequotidien.mr\\\/?p=2203&lang=fr#respond\"]}]},{\"@type\":\"WebPage\",\"@id\":\"https:\\\/\\\/lequotidien.mr\\\/?p=2203&lang=fr\",\"url\":\"https:\\\/\\\/lequotidien.mr\\\/?p=2203&lang=fr\",\"name\":\"Pose de la premi\u00e8re pierre de l\u2019extension du projet d\u2019approvisionnement de Nouadhibou en eau potable - Le Quotidien de Nouakchott\",\"isPartOf\":{\"@id\":\"https:\\\/\\\/lequotidien.mr\\\/#website\"},\"primaryImageOfPage\":{\"@id\":\"https:\\\/\\\/lequotidien.mr\\\/?p=2203&lang=fr#primaryimage\"},\"image\":{\"@id\":\"https:\\\/\\\/lequotidien.mr\\\/?p=2203&lang=fr#primaryimage\"},\"thumbnailUrl\":\"https:\\\/\\\/lequotidien.mr\\\/wp-content\\\/uploads\\\/2022\\\/12\\\/ghaz_pose_23_ndb_12_2022_11_1.jpg\",\"datePublished\":\"2022-12-23T18:52:02+00:00\",\"breadcrumb\":{\"@id\":\"https:\\\/\\\/lequotidien.mr\\\/?p=2203&lang=fr#breadcrumb\"},\"inLanguage\":\"ar\",\"potentialAction\":[{\"@type\":\"ReadAction\",\"target\":[\"https:\\\/\\\/lequotidien.mr\\\/?p=2203&lang=fr\"]}]},{\"@type\":\"ImageObject\",\"inLanguage\":\"ar\",\"@id\":\"https:\\\/\\\/lequotidien.mr\\\/?p=2203&lang=fr#primaryimage\",\"url\":\"https:\\\/\\\/lequotidien.mr\\\/wp-content\\\/uploads\\\/2022\\\/12\\\/ghaz_pose_23_ndb_12_2022_11_1.jpg\",\"contentUrl\":\"https:\\\/\\\/lequotidien.mr\\\/wp-content\\\/uploads\\\/2022\\\/12\\\/ghaz_pose_23_ndb_12_2022_11_1.jpg\",\"width\":816,\"height\":598},{\"@type\":\"BreadcrumbList\",\"@id\":\"https:\\\/\\\/lequotidien.mr\\\/?p=2203&lang=fr#breadcrumb\",\"itemListElement\":[{\"@type\":\"ListItem\",\"position\":1,\"name\":\"Home\",\"item\":\"https:\\\/\\\/lequotidien.mr\\\/\"},{\"@type\":\"ListItem\",\"position\":2,\"name\":\"Pose de la premi\u00e8re pierre de l\u2019extension du projet d\u2019approvisionnement de Nouadhibou en eau potable\"}]},{\"@type\":\"WebSite\",\"@id\":\"https:\\\/\\\/lequotidien.mr\\\/#website\",\"url\":\"https:\\\/\\\/lequotidien.mr\\\/\",\"name\":\"Le Quotidien de Nouakchott\",\"description\":\"\u0625\u062e\u0628\u0627\u0631\u064a\u0629 \u0645\u0633\u062a\u0642\u0644\u0629 \u0644\u0644\u0623\u0646\u0628\u0627\u0621 \u0627\u0644\u0639\u0627\u0645\u0629\",\"publisher\":{\"@id\":\"https:\\\/\\\/lequotidien.mr\\\/#organization\"},\"potentialAction\":[{\"@type\":\"SearchAction\",\"target\":{\"@type\":\"EntryPoint\",\"urlTemplate\":\"https:\\\/\\\/lequotidien.mr\\\/?s={search_term_string}\"},\"query-input\":{\"@type\":\"PropertyValueSpecification\",\"valueRequired\":true,\"valueName\":\"search_term_string\"}}],\"inLanguage\":\"ar\"},{\"@type\":\"Organization\",\"@id\":\"https:\\\/\\\/lequotidien.mr\\\/#organization\",\"name\":\"Le Quotidien de Nouakchott\",\"url\":\"https:\\\/\\\/lequotidien.mr\\\/\",\"logo\":{\"@type\":\"ImageObject\",\"inLanguage\":\"ar\",\"@id\":\"https:\\\/\\\/lequotidien.mr\\\/#\\\/schema\\\/logo\\\/image\\\/\",\"url\":\"https:\\\/\\\/lequotidien.mr\\\/wp-content\\\/uploads\\\/2022\\\/11\\\/logolequotidien.jpg\",\"contentUrl\":\"https:\\\/\\\/lequotidien.mr\\\/wp-content\\\/uploads\\\/2022\\\/11\\\/logolequotidien.jpg\",\"width\":290,\"height\":65,\"caption\":\"Le Quotidien de Nouakchott\"},\"image\":{\"@id\":\"https:\\\/\\\/lequotidien.mr\\\/#\\\/schema\\\/logo\\\/image\\\/\"},\"sameAs\":[\"https:\\\/\\\/web.facebook.com\\\/lequotidienmr\",\"https:\\\/\\\/x.com\\\/lequotidienmr\"]},{\"@type\":\"Person\",\"@id\":\"https:\\\/\\\/lequotidien.mr\\\/#\\\/schema\\\/person\\\/1077c8abd5640a6514b909318d271dee\",\"name\":\"Gayi Diawara\",\"image\":{\"@type\":\"ImageObject\",\"inLanguage\":\"ar\",\"@id\":\"https:\\\/\\\/secure.gravatar.com\\\/avatar\\\/63ea8db1e19a6d2d608b24c0f78b5f3a7d6e0bc11959fec273410af333e4d0ac?s=96&d=mm&r=g\",\"url\":\"https:\\\/\\\/secure.gravatar.com\\\/avatar\\\/63ea8db1e19a6d2d608b24c0f78b5f3a7d6e0bc11959fec273410af333e4d0ac?s=96&d=mm&r=g\",\"contentUrl\":\"https:\\\/\\\/secure.gravatar.com\\\/avatar\\\/63ea8db1e19a6d2d608b24c0f78b5f3a7d6e0bc11959fec273410af333e4d0ac?s=96&d=mm&r=g\",\"caption\":\"Gayi Diawara\"},\"sameAs\":[\"http:\\\/\\\/lequotidien.mr\"],\"url\":\"https:\\\/\\\/lequotidien.mr\\\/?author=5\"}]}<\/script>\n<!-- \/ Yoast SEO plugin. -->","yoast_head_json":{"title":"Pose de la premi\u00e8re pierre de l\u2019extension du projet d\u2019approvisionnement de Nouadhibou en eau potable - Le Quotidien de Nouakchott","robots":{"index":"index","follow":"follow","max-snippet":"max-snippet:-1","max-image-preview":"max-image-preview:large","max-video-preview":"max-video-preview:-1"},"canonical":"https:\/\/lequotidien.mr\/?p=2203&lang=fr","og_locale":"ar_AR","og_type":"article","og_title":"Pose de la premi\u00e8re pierre de l\u2019extension du projet d\u2019approvisionnement de Nouadhibou en eau potable - Le Quotidien de Nouakchott","og_description":"AMI &#8211; Le Pr\u00e9sident de la R\u00e9publique, Son Excellence Monsieur Mohamed Ould Cheikh El Ghazouani a pos\u00e9, au chef-lieu de l\u2019arrondissement de Boulenoir, la premi\u00e8re pierre du projet d\u2019approvisionnement de la ville de Nouadhibou en eau potable. La r\u00e9alisation de ce projet, financ\u00e9 par l\u2019Etat mauritanien et le Fonds arabe de d\u00e9veloppement \u00e9conomique (FADES) pour.....","og_url":"https:\/\/lequotidien.mr\/?p=2203&lang=fr","og_site_name":"Le Quotidien de Nouakchott","article_publisher":"https:\/\/web.facebook.com\/lequotidienmr","article_published_time":"2022-12-23T18:52:02+00:00","og_image":[{"width":816,"height":598,"url":"https:\/\/lequotidien.mr\/wp-content\/uploads\/2022\/12\/ghaz_pose_23_ndb_12_2022_11_1.jpg","type":"image\/jpeg"}],"author":"Gayi Diawara","twitter_card":"summary_large_image","twitter_creator":"@lequotidienmr","twitter_site":"@lequotidienmr","twitter_misc":{"\u0643\u064f\u062a\u0628 \u0628\u0648\u0627\u0633\u0637\u0629":"Gayi Diawara","\u0648\u0642\u062a \u0627\u0644\u0642\u0631\u0627\u0621\u0629 \u0627\u0644\u0645\u064f\u0642\u062f\u0651\u0631":"3 \u062f\u0642\u0627\u0626\u0642"},"schema":{"@context":"https:\/\/schema.org","@graph":[{"@type":"Article","@id":"https:\/\/lequotidien.mr\/?p=2203&lang=fr#article","isPartOf":{"@id":"https:\/\/lequotidien.mr\/?p=2203&lang=fr"},"author":{"name":"Gayi Diawara","@id":"https:\/\/lequotidien.mr\/#\/schema\/person\/1077c8abd5640a6514b909318d271dee"},"headline":"Pose de la premi\u00e8re pierre de l\u2019extension du projet d\u2019approvisionnement de Nouadhibou en eau potable","datePublished":"2022-12-23T18:52:02+00:00","mainEntityOfPage":{"@id":"https:\/\/lequotidien.mr\/?p=2203&lang=fr"},"wordCount":787,"commentCount":0,"publisher":{"@id":"https:\/\/lequotidien.mr\/#organization"},"image":{"@id":"https:\/\/lequotidien.mr\/?p=2203&lang=fr#primaryimage"},"thumbnailUrl":"https:\/\/lequotidien.mr\/wp-content\/uploads\/2022\/12\/ghaz_pose_23_ndb_12_2022_11_1.jpg","articleSection":["ACTUALIT\u00c9","Economie"],"inLanguage":"ar","potentialAction":[{"@type":"CommentAction","name":"Comment","target":["https:\/\/lequotidien.mr\/?p=2203&lang=fr#respond"]}]},{"@type":"WebPage","@id":"https:\/\/lequotidien.mr\/?p=2203&lang=fr","url":"https:\/\/lequotidien.mr\/?p=2203&lang=fr","name":"Pose de la premi\u00e8re pierre de l\u2019extension du projet d\u2019approvisionnement de Nouadhibou en eau potable - Le Quotidien de Nouakchott","isPartOf":{"@id":"https:\/\/lequotidien.mr\/#website"},"primaryImageOfPage":{"@id":"https:\/\/lequotidien.mr\/?p=2203&lang=fr#primaryimage"},"image":{"@id":"https:\/\/lequotidien.mr\/?p=2203&lang=fr#primaryimage"},"thumbnailUrl":"https:\/\/lequotidien.mr\/wp-content\/uploads\/2022\/12\/ghaz_pose_23_ndb_12_2022_11_1.jpg","datePublished":"2022-12-23T18:52:02+00:00","breadcrumb":{"@id":"https:\/\/lequotidien.mr\/?p=2203&lang=fr#breadcrumb"},"inLanguage":"ar","potentialAction":[{"@type":"ReadAction","target":["https:\/\/lequotidien.mr\/?p=2203&lang=fr"]}]},{"@type":"ImageObject","inLanguage":"ar","@id":"https:\/\/lequotidien.mr\/?p=2203&lang=fr#primaryimage","url":"https:\/\/lequotidien.mr\/wp-content\/uploads\/2022\/12\/ghaz_pose_23_ndb_12_2022_11_1.jpg","contentUrl":"https:\/\/lequotidien.mr\/wp-content\/uploads\/2022\/12\/ghaz_pose_23_ndb_12_2022_11_1.jpg","width":816,"height":598},{"@type":"BreadcrumbList","@id":"https:\/\/lequotidien.mr\/?p=2203&lang=fr#breadcrumb","itemListElement":[{"@type":"ListItem","position":1,"name":"Home","item":"https:\/\/lequotidien.mr\/"},{"@type":"ListItem","position":2,"name":"Pose de la premi\u00e8re pierre de l\u2019extension du projet d\u2019approvisionnement de Nouadhibou en eau potable"}]},{"@type":"WebSite","@id":"https:\/\/lequotidien.mr\/#website","url":"https:\/\/lequotidien.mr\/","name":"Le Quotidien de Nouakchott","description":"\u0625\u062e\u0628\u0627\u0631\u064a\u0629 \u0645\u0633\u062a\u0642\u0644\u0629 \u0644\u0644\u0623\u0646\u0628\u0627\u0621 \u0627\u0644\u0639\u0627\u0645\u0629","publisher":{"@id":"https:\/\/lequotidien.mr\/#organization"},"potentialAction":[{"@type":"SearchAction","target":{"@type":"EntryPoint","urlTemplate":"https:\/\/lequotidien.mr\/?s={search_term_string}"},"query-input":{"@type":"PropertyValueSpecification","valueRequired":true,"valueName":"search_term_string"}}],"inLanguage":"ar"},{"@type":"Organization","@id":"https:\/\/lequotidien.mr\/#organization","name":"Le Quotidien de Nouakchott","url":"https:\/\/lequotidien.mr\/","logo":{"@type":"ImageObject","inLanguage":"ar","@id":"https:\/\/lequotidien.mr\/#\/schema\/logo\/image\/","url":"https:\/\/lequotidien.mr\/wp-content\/uploads\/2022\/11\/logolequotidien.jpg","contentUrl":"https:\/\/lequotidien.mr\/wp-content\/uploads\/2022\/11\/logolequotidien.jpg","width":290,"height":65,"caption":"Le Quotidien de Nouakchott"},"image":{"@id":"https:\/\/lequotidien.mr\/#\/schema\/logo\/image\/"},"sameAs":["https:\/\/web.facebook.com\/lequotidienmr","https:\/\/x.com\/lequotidienmr"]},{"@type":"Person","@id":"https:\/\/lequotidien.mr\/#\/schema\/person\/1077c8abd5640a6514b909318d271dee","name":"Gayi Diawara","image":{"@type":"ImageObject","inLanguage":"ar","@id":"https:\/\/secure.gravatar.com\/avatar\/63ea8db1e19a6d2d608b24c0f78b5f3a7d6e0bc11959fec273410af333e4d0ac?s=96&d=mm&r=g","url":"https:\/\/secure.gravatar.com\/avatar\/63ea8db1e19a6d2d608b24c0f78b5f3a7d6e0bc11959fec273410af333e4d0ac?s=96&d=mm&r=g","contentUrl":"https:\/\/secure.gravatar.com\/avatar\/63ea8db1e19a6d2d608b24c0f78b5f3a7d6e0bc11959fec273410af333e4d0ac?s=96&d=mm&r=g","caption":"Gayi Diawara"},"sameAs":["http:\/\/lequotidien.mr"],"url":"https:\/\/lequotidien.mr\/?author=5"}]}},"_links":{"self":[{"href":"https:\/\/lequotidien.mr\/index.php?rest_route=\/wp\/v2\/posts\/2203","targetHints":{"allow":["GET"]}}],"collection":[{"href":"https:\/\/lequotidien.mr\/index.php?rest_route=\/wp\/v2\/posts"}],"about":[{"href":"https:\/\/lequotidien.mr\/index.php?rest_route=\/wp\/v2\/types\/post"}],"author":[{"embeddable":true,"href":"https:\/\/lequotidien.mr\/index.php?rest_route=\/wp\/v2\/users\/5"}],"replies":[{"embeddable":true,"href":"https:\/\/lequotidien.mr\/index.php?rest_route=%2Fwp%2Fv2%2Fcomments&post=2203"}],"version-history":[{"count":1,"href":"https:\/\/lequotidien.mr\/index.php?rest_route=\/wp\/v2\/posts\/2203\/revisions"}],"predecessor-version":[{"id":2205,"href":"https:\/\/lequotidien.mr\/index.php?rest_route=\/wp\/v2\/posts\/2203\/revisions\/2205"}],"wp:featuredmedia":[{"embeddable":true,"href":"https:\/\/lequotidien.mr\/index.php?rest_route=\/wp\/v2\/media\/2204"}],"wp:attachment":[{"href":"https:\/\/lequotidien.mr\/index.php?rest_route=%2Fwp%2Fv2%2Fmedia&parent=2203"}],"wp:term":[{"taxonomy":"category","embeddable":true,"href":"https:\/\/lequotidien.mr\/index.php?rest_route=%2Fwp%2Fv2%2Fcategories&post=2203"},{"taxonomy":"post_tag","embeddable":true,"href":"https:\/\/lequotidien.mr\/index.php?rest_route=%2Fwp%2Fv2%2Ftags&post=2203"}],"curies":[{"name":"wp","href":"https:\/\/api.w.org\/{rel}","templated":true}]}}