{"id":22001,"date":"2024-10-17T23:54:56","date_gmt":"2024-10-17T23:54:56","guid":{"rendered":"https:\/\/lequotidien.mr\/?p=22001"},"modified":"2024-10-17T23:54:56","modified_gmt":"2024-10-17T23:54:56","slug":"signature-daccords-bilateraux-entre-la-mauritanie-et-linde-une-nouvelle-ere-de-cooperation","status":"publish","type":"post","link":"https:\/\/lequotidien.mr\/?p=22001&lang=fr","title":{"rendered":"Signature d&#8217;accords bilat\u00e9raux entre la Mauritanie et l&#8217;Inde : Une nouvelle \u00e8re de coop\u00e9ration"},"content":{"rendered":"<p>Le Pr\u00e9sident de la R\u00e9publique Islamique de Mauritanie et Pr\u00e9sident en exercice de l\u2019Union Africaine, M. Mohamed Cheikh El Ghazouani, a pr\u00e9sid\u00e9, mercredi soir, une importante c\u00e9r\u00e9monie au Palais pr\u00e9sidentiel de Nouakchott. Cet \u00e9v\u00e9nement marquant, en pr\u00e9sence de Mme Droupadi Murmu, Pr\u00e9sidente de l\u2019Inde, a \u00e9t\u00e9 l\u2019occasion de renforcer les relations entre les deux pays amis par la signature d\u2019une s\u00e9rie d\u2019accords bilat\u00e9raux.<\/p>\n<p>Ces accords, sign\u00e9s par des repr\u00e9sentants des deux nations, traduisent une volont\u00e9 commune de raffermir les liens de coop\u00e9ration dans plusieurs domaines cl\u00e9s. Du c\u00f4t\u00e9 mauritanien, c\u2019est M. Bal Mohamed El Habib, Secr\u00e9taire G\u00e9n\u00e9ral du Minist\u00e8re des Affaires \u00c9trang\u00e8res, de la Coop\u00e9ration Africaine et des Mauritaniens de l\u2019Ext\u00e9rieur, qui a appos\u00e9 sa signature. Du c\u00f4t\u00e9 indien, M. Arun Kumar Chatterjee, Secr\u00e9taire G\u00e9n\u00e9ral du Minist\u00e8re indien des Affaires \u00c9trang\u00e8res, en charge des affaires consulaires, des passeports et des visas, a repr\u00e9sent\u00e9 son pays.<\/p>\n<p><strong>Un partenariat strat\u00e9gique renforc\u00e9<\/strong><\/p>\n<p>Les accords sign\u00e9s couvrent un large \u00e9ventail de secteurs strat\u00e9giques. Parmi les plus notables, un accord d&#8217;exemption de visa pour les d\u00e9tenteurs de passeports diplomatiques et de service a \u00e9t\u00e9 conclu, facilitant ainsi les \u00e9changes entre responsables des deux pays. Cette initiative vise \u00e0 encourager les voyages officiels et \u00e0 promouvoir des contacts directs entre les autorit\u00e9s mauritaniennes et indiennes.<\/p>\n<p>Un autre protocole important a \u00e9t\u00e9 sign\u00e9 : un protocole de consultation entre les minist\u00e8res des Affaires \u00e9trang\u00e8res des deux pays. Ce document formalise un cadre de dialogue r\u00e9gulier, permettant \u00e0 la Mauritanie et \u00e0 l\u2019Inde de coordonner leurs positions sur des questions d\u2019int\u00e9r\u00eat commun, qu\u2019il s\u2019agisse de politique internationale, de s\u00e9curit\u00e9 ou de coop\u00e9ration \u00e9conomique.<\/p>\n<p><strong>Coop\u00e9ration culturelle et diplomatique : un pont entre les civilisations<\/strong><\/p>\n<p>L\u2019un des axes essentiels de cette coop\u00e9ration bilat\u00e9rale est le programme d\u2019\u00e9change culturel, sign\u00e9 pour la p\u00e9riode 2024-2028. Ce programme permettra d&#8217;intensifier les \u00e9changes culturels entre la Mauritanie et l&#8217;Inde, deux nations aux riches patrimoines civilisationnels. Il favorisera la diffusion des arts, des traditions et de la culture, renfor\u00e7ant ainsi les liens d\u2019amiti\u00e9 entre les peuples mauritanien et indien.<\/p>\n<p>Par ailleurs, un m\u00e9morandum d\u2019entente a \u00e9t\u00e9 sign\u00e9 entre l\u2019Acad\u00e9mie diplomatique mauritanienne et l\u2019Institut du service ext\u00e9rieur de Sushma Swaraj, un institut indien renomm\u00e9. Ce partenariat vise \u00e0 renforcer les capacit\u00e9s des diplomates des deux pays \u00e0 travers des formations conjointes, des \u00e9changes de connaissances et des collaborations acad\u00e9miques.<\/p>\n<p><strong>Un avenir prometteur pour les relations mauritano-indiennes<\/strong><\/p>\n<p>Ces accords constituent un tournant important dans les relations entre la Mauritanie et l&#8217;Inde, marquant une nouvelle \u00e9tape vers une coop\u00e9ration plus \u00e9troite dans les domaines diplomatique, culturel et \u00e9conomique. Les deux pays montrent ainsi leur engagement \u00e0 renforcer leur partenariat strat\u00e9gique dans un monde de plus en plus interd\u00e9pendant.<\/p>\n<p>Pour la Mauritanie, cette dynamique est d\u2019autant plus significative que le pays occupe une position cl\u00e9 en Afrique de l\u2019Ouest et qu\u2019il pr\u00e9side actuellement l\u2019Union Africaine. L\u2019Inde, de son c\u00f4t\u00e9, est un acteur de plus en plus influent sur la sc\u00e8ne internationale, avec une pr\u00e9sence croissante en Afrique, un continent consid\u00e9r\u00e9 comme strat\u00e9gique pour son d\u00e9veloppement futur.<\/p>\n<p>La c\u00e9r\u00e9monie de signature s\u2019est d\u00e9roul\u00e9e en pr\u00e9sence, du c\u00f4t\u00e9 mauritanien, de MM :<\/p>\n<p>\u2013 Nani Chrougha, Ministre charg\u00e9 du Cabinet du Pr\u00e9sident de la R\u00e9publique.<\/p>\n<p>\u2013 Mohamed Salem Merzoug, Ministre des Affaires Etrang\u00e8res, de la Coop\u00e9ration Africaine et des Mauritaniens de l\u2019Ext\u00e9rieur.<\/p>\n<p>\u2013 Yacoub Moine, ministre de l\u2019enseignement sup\u00e9rieur et de la recherche scientifique.<\/p>\n<p>\u2013 Mohamed Ahmed Salem Mohamed Rara, Ambassadeur de notre pays en Inde.<\/p>\n<p>\u2013 G\u00e9n\u00e9ral de division Esselkou Cheikh \u00a0El Wely, Commandant de l\u2019\u00e9tat-major particulier du Pr\u00e9sident de la R\u00e9publique.<\/p>\n<p>\u2013 Ousmane Tall, Conseiller \u00e0 la Pr\u00e9sidence de la R\u00e9publique.<\/p>\n<p>\u2013 Sidi Moulaye Zeine, Conseiller \u00e0 la Pr\u00e9sidence de la R\u00e9publique.<\/p>\n<p>\u2013 Abdallahi Sidi Mohamed Bouka, d\u00e9put\u00e9 de l\u2019Asie \u00e0 l\u2019Assembl\u00e9e nationale.<\/p>\n<p>\u2013 Mohamed El Hanchi El Kettab, Directeur G\u00e9n\u00e9ral des Relations Bilat\u00e9rales au Minist\u00e8re des Affaires Etrang\u00e8res, de la Coop\u00e9ration Africaine et des Mauritaniens de l\u2019Ext\u00e9rieur.<\/p>\n<p>\u2013 Saleck Mohamed Moussa, directeur de l\u2019Asie au minist\u00e8re des Affaires \u00e9trang\u00e8res, de la Coop\u00e9ration africaine et des Mauritaniens de l\u2019Ext\u00e9rieur.<\/p>\n<p>Les membres de la d\u00e9l\u00e9gation indienne pr\u00e9sente lors de la signature de ces accords comprenaient MM :<\/p>\n<p>Sukanta Majumdar, ministre d\u2019\u00c9tat \u00e0 l\u2019\u00e9ducation.<\/p>\n<p>\u2013 Atul Garg, membre du Parlement<\/p>\n<p>\u2013 Mukesh Kumar Dalal, membre du Parlement.<\/p>\n<p>\u2013 Deepti Umashankar, secr\u00e9taire de la pr\u00e9sidente de l\u2019Inde.<\/p>\n<p>\u2013 Sivala Naik Modi, secr\u00e9taire suppl\u00e9mentaire (Afrique centrale et occidentale).<\/p>\n<p>\u2013 Naresh Kumar, Ambassadeur de l\u2019Inde dans notre pays.<\/p>\n<p>&nbsp;<\/p>\n","protected":false},"excerpt":{"rendered":"<p>Le Pr\u00e9sident de la R\u00e9publique Islamique de Mauritanie et Pr\u00e9sident en exercice de l\u2019Union Africaine, M. Mohamed Cheikh El Ghazouani, a pr\u00e9sid\u00e9, mercredi soir, une importante c\u00e9r\u00e9monie au Palais pr\u00e9sidentiel de Nouakchott. Cet \u00e9v\u00e9nement marquant, en pr\u00e9sence de Mme Droupadi Murmu, Pr\u00e9sidente de l\u2019Inde, a \u00e9t\u00e9 l\u2019occasion de renforcer les relations entre les deux pays&#8230;..<\/p>\n","protected":false},"author":12,"featured_media":22002,"comment_status":"open","ping_status":"open","sticky":false,"template":"","format":"standard","meta":{"footnotes":""},"categories":[23,49],"tags":[],"class_list":["post-22001","post","type-post","status-publish","format-standard","has-post-thumbnail","hentry","category-actualite","category-economie"],"yoast_head":"<!-- This site is optimized with the Yoast SEO plugin v27.5 - https:\/\/yoast.com\/product\/yoast-seo-wordpress\/ -->\n<title>Signature d&#039;accords bilat\u00e9raux entre la Mauritanie et l&#039;Inde : Une nouvelle \u00e8re de coop\u00e9ration - Le Quotidien de Nouakchott<\/title>\n<meta name=\"robots\" content=\"index, follow, max-snippet:-1, max-image-preview:large, max-video-preview:-1\" \/>\n<link rel=\"canonical\" href=\"https:\/\/lequotidien.mr\/?p=22001&lang=fr\" \/>\n<meta property=\"og:locale\" content=\"ar_AR\" \/>\n<meta property=\"og:type\" content=\"article\" \/>\n<meta property=\"og:title\" content=\"Signature d&#039;accords bilat\u00e9raux entre la Mauritanie et l&#039;Inde : Une nouvelle \u00e8re de coop\u00e9ration - Le Quotidien de Nouakchott\" \/>\n<meta property=\"og:description\" content=\"Le Pr\u00e9sident de la R\u00e9publique Islamique de Mauritanie et Pr\u00e9sident en exercice de l\u2019Union Africaine, M. Mohamed Cheikh El Ghazouani, a pr\u00e9sid\u00e9, mercredi soir, une importante c\u00e9r\u00e9monie au Palais pr\u00e9sidentiel de Nouakchott. Cet \u00e9v\u00e9nement marquant, en pr\u00e9sence de Mme Droupadi Murmu, Pr\u00e9sidente de l\u2019Inde, a \u00e9t\u00e9 l\u2019occasion de renforcer les relations entre les deux pays.....\" \/>\n<meta property=\"og:url\" content=\"https:\/\/lequotidien.mr\/?p=22001&amp;lang=fr\" \/>\n<meta property=\"og:site_name\" content=\"Le Quotidien de Nouakchott\" \/>\n<meta property=\"article:publisher\" content=\"https:\/\/web.facebook.com\/lequotidienmr\" \/>\n<meta property=\"article:published_time\" content=\"2024-10-17T23:54:56+00:00\" \/>\n<meta property=\"og:image\" content=\"https:\/\/lequotidien.mr\/wp-content\/uploads\/2024\/10\/photo-Bal-et-Sg-Inde.jpg\" \/>\n\t<meta property=\"og:image:width\" content=\"674\" \/>\n\t<meta property=\"og:image:height\" content=\"430\" \/>\n\t<meta property=\"og:image:type\" content=\"image\/jpeg\" \/>\n<meta name=\"author\" content=\"Med Ahmed\" \/>\n<meta name=\"twitter:card\" content=\"summary_large_image\" \/>\n<meta name=\"twitter:creator\" content=\"@lequotidienmr\" \/>\n<meta name=\"twitter:site\" content=\"@lequotidienmr\" \/>\n<meta name=\"twitter:label1\" content=\"\u0643\u064f\u062a\u0628 \u0628\u0648\u0627\u0633\u0637\u0629\" \/>\n\t<meta name=\"twitter:data1\" content=\"Med Ahmed\" \/>\n\t<meta name=\"twitter:label2\" content=\"\u0648\u0642\u062a \u0627\u0644\u0642\u0631\u0627\u0621\u0629 \u0627\u0644\u0645\u064f\u0642\u062f\u0651\u0631\" \/>\n\t<meta name=\"twitter:data2\" content=\"4 \u062f\u0642\u0627\u0626\u0642\" \/>\n<script type=\"application\/ld+json\" class=\"yoast-schema-graph\">{\"@context\":\"https:\\\/\\\/schema.org\",\"@graph\":[{\"@type\":\"Article\",\"@id\":\"https:\\\/\\\/lequotidien.mr\\\/?p=22001&lang=fr#article\",\"isPartOf\":{\"@id\":\"https:\\\/\\\/lequotidien.mr\\\/?p=22001&lang=fr\"},\"author\":{\"name\":\"Med Ahmed\",\"@id\":\"https:\\\/\\\/lequotidien.mr\\\/#\\\/schema\\\/person\\\/d2d350202a4d599685ed8abc25f97596\"},\"headline\":\"Signature d&#8217;accords bilat\u00e9raux entre la Mauritanie et l&#8217;Inde : Une nouvelle \u00e8re de coop\u00e9ration\",\"datePublished\":\"2024-10-17T23:54:56+00:00\",\"mainEntityOfPage\":{\"@id\":\"https:\\\/\\\/lequotidien.mr\\\/?p=22001&lang=fr\"},\"wordCount\":853,\"commentCount\":0,\"publisher\":{\"@id\":\"https:\\\/\\\/lequotidien.mr\\\/#organization\"},\"image\":{\"@id\":\"https:\\\/\\\/lequotidien.mr\\\/?p=22001&lang=fr#primaryimage\"},\"thumbnailUrl\":\"https:\\\/\\\/lequotidien.mr\\\/wp-content\\\/uploads\\\/2024\\\/10\\\/photo-Bal-et-Sg-Inde.jpg\",\"articleSection\":[\"ACTUALIT\u00c9\",\"Economie\"],\"inLanguage\":\"ar\",\"potentialAction\":[{\"@type\":\"CommentAction\",\"name\":\"Comment\",\"target\":[\"https:\\\/\\\/lequotidien.mr\\\/?p=22001&lang=fr#respond\"]}]},{\"@type\":\"WebPage\",\"@id\":\"https:\\\/\\\/lequotidien.mr\\\/?p=22001&lang=fr\",\"url\":\"https:\\\/\\\/lequotidien.mr\\\/?p=22001&lang=fr\",\"name\":\"Signature d'accords bilat\u00e9raux entre la Mauritanie et l'Inde : Une nouvelle \u00e8re de coop\u00e9ration - Le Quotidien de Nouakchott\",\"isPartOf\":{\"@id\":\"https:\\\/\\\/lequotidien.mr\\\/#website\"},\"primaryImageOfPage\":{\"@id\":\"https:\\\/\\\/lequotidien.mr\\\/?p=22001&lang=fr#primaryimage\"},\"image\":{\"@id\":\"https:\\\/\\\/lequotidien.mr\\\/?p=22001&lang=fr#primaryimage\"},\"thumbnailUrl\":\"https:\\\/\\\/lequotidien.mr\\\/wp-content\\\/uploads\\\/2024\\\/10\\\/photo-Bal-et-Sg-Inde.jpg\",\"datePublished\":\"2024-10-17T23:54:56+00:00\",\"breadcrumb\":{\"@id\":\"https:\\\/\\\/lequotidien.mr\\\/?p=22001&lang=fr#breadcrumb\"},\"inLanguage\":\"ar\",\"potentialAction\":[{\"@type\":\"ReadAction\",\"target\":[\"https:\\\/\\\/lequotidien.mr\\\/?p=22001&lang=fr\"]}]},{\"@type\":\"ImageObject\",\"inLanguage\":\"ar\",\"@id\":\"https:\\\/\\\/lequotidien.mr\\\/?p=22001&lang=fr#primaryimage\",\"url\":\"https:\\\/\\\/lequotidien.mr\\\/wp-content\\\/uploads\\\/2024\\\/10\\\/photo-Bal-et-Sg-Inde.jpg\",\"contentUrl\":\"https:\\\/\\\/lequotidien.mr\\\/wp-content\\\/uploads\\\/2024\\\/10\\\/photo-Bal-et-Sg-Inde.jpg\",\"width\":674,\"height\":430},{\"@type\":\"BreadcrumbList\",\"@id\":\"https:\\\/\\\/lequotidien.mr\\\/?p=22001&lang=fr#breadcrumb\",\"itemListElement\":[{\"@type\":\"ListItem\",\"position\":1,\"name\":\"Home\",\"item\":\"https:\\\/\\\/lequotidien.mr\\\/\"},{\"@type\":\"ListItem\",\"position\":2,\"name\":\"Signature d&rsquo;accords bilat\u00e9raux entre la Mauritanie et l&rsquo;Inde : Une nouvelle \u00e8re de coop\u00e9ration\"}]},{\"@type\":\"WebSite\",\"@id\":\"https:\\\/\\\/lequotidien.mr\\\/#website\",\"url\":\"https:\\\/\\\/lequotidien.mr\\\/\",\"name\":\"Le Quotidien de Nouakchott\",\"description\":\"\u0625\u062e\u0628\u0627\u0631\u064a\u0629 \u0645\u0633\u062a\u0642\u0644\u0629 \u0644\u0644\u0623\u0646\u0628\u0627\u0621 \u0627\u0644\u0639\u0627\u0645\u0629\",\"publisher\":{\"@id\":\"https:\\\/\\\/lequotidien.mr\\\/#organization\"},\"potentialAction\":[{\"@type\":\"SearchAction\",\"target\":{\"@type\":\"EntryPoint\",\"urlTemplate\":\"https:\\\/\\\/lequotidien.mr\\\/?s={search_term_string}\"},\"query-input\":{\"@type\":\"PropertyValueSpecification\",\"valueRequired\":true,\"valueName\":\"search_term_string\"}}],\"inLanguage\":\"ar\"},{\"@type\":\"Organization\",\"@id\":\"https:\\\/\\\/lequotidien.mr\\\/#organization\",\"name\":\"Le Quotidien de Nouakchott\",\"url\":\"https:\\\/\\\/lequotidien.mr\\\/\",\"logo\":{\"@type\":\"ImageObject\",\"inLanguage\":\"ar\",\"@id\":\"https:\\\/\\\/lequotidien.mr\\\/#\\\/schema\\\/logo\\\/image\\\/\",\"url\":\"https:\\\/\\\/lequotidien.mr\\\/wp-content\\\/uploads\\\/2022\\\/11\\\/logolequotidien.jpg\",\"contentUrl\":\"https:\\\/\\\/lequotidien.mr\\\/wp-content\\\/uploads\\\/2022\\\/11\\\/logolequotidien.jpg\",\"width\":290,\"height\":65,\"caption\":\"Le Quotidien de Nouakchott\"},\"image\":{\"@id\":\"https:\\\/\\\/lequotidien.mr\\\/#\\\/schema\\\/logo\\\/image\\\/\"},\"sameAs\":[\"https:\\\/\\\/web.facebook.com\\\/lequotidienmr\",\"https:\\\/\\\/x.com\\\/lequotidienmr\"]},{\"@type\":\"Person\",\"@id\":\"https:\\\/\\\/lequotidien.mr\\\/#\\\/schema\\\/person\\\/d2d350202a4d599685ed8abc25f97596\",\"name\":\"Med Ahmed\",\"image\":{\"@type\":\"ImageObject\",\"inLanguage\":\"ar\",\"@id\":\"https:\\\/\\\/secure.gravatar.com\\\/avatar\\\/fd2acc62ed50732923d1d39c17172c9b04149f142be92310ecc69e1358f94b52?s=96&d=mm&r=g\",\"url\":\"https:\\\/\\\/secure.gravatar.com\\\/avatar\\\/fd2acc62ed50732923d1d39c17172c9b04149f142be92310ecc69e1358f94b52?s=96&d=mm&r=g\",\"contentUrl\":\"https:\\\/\\\/secure.gravatar.com\\\/avatar\\\/fd2acc62ed50732923d1d39c17172c9b04149f142be92310ecc69e1358f94b52?s=96&d=mm&r=g\",\"caption\":\"Med Ahmed\"},\"url\":\"https:\\\/\\\/lequotidien.mr\\\/?author=12\"}]}<\/script>\n<!-- \/ Yoast SEO plugin. -->","yoast_head_json":{"title":"Signature d'accords bilat\u00e9raux entre la Mauritanie et l'Inde : Une nouvelle \u00e8re de coop\u00e9ration - Le Quotidien de Nouakchott","robots":{"index":"index","follow":"follow","max-snippet":"max-snippet:-1","max-image-preview":"max-image-preview:large","max-video-preview":"max-video-preview:-1"},"canonical":"https:\/\/lequotidien.mr\/?p=22001&lang=fr","og_locale":"ar_AR","og_type":"article","og_title":"Signature d'accords bilat\u00e9raux entre la Mauritanie et l'Inde : Une nouvelle \u00e8re de coop\u00e9ration - Le Quotidien de Nouakchott","og_description":"Le Pr\u00e9sident de la R\u00e9publique Islamique de Mauritanie et Pr\u00e9sident en exercice de l\u2019Union Africaine, M. Mohamed Cheikh El Ghazouani, a pr\u00e9sid\u00e9, mercredi soir, une importante c\u00e9r\u00e9monie au Palais pr\u00e9sidentiel de Nouakchott. Cet \u00e9v\u00e9nement marquant, en pr\u00e9sence de Mme Droupadi Murmu, Pr\u00e9sidente de l\u2019Inde, a \u00e9t\u00e9 l\u2019occasion de renforcer les relations entre les deux pays.....","og_url":"https:\/\/lequotidien.mr\/?p=22001&lang=fr","og_site_name":"Le Quotidien de Nouakchott","article_publisher":"https:\/\/web.facebook.com\/lequotidienmr","article_published_time":"2024-10-17T23:54:56+00:00","og_image":[{"width":674,"height":430,"url":"https:\/\/lequotidien.mr\/wp-content\/uploads\/2024\/10\/photo-Bal-et-Sg-Inde.jpg","type":"image\/jpeg"}],"author":"Med Ahmed","twitter_card":"summary_large_image","twitter_creator":"@lequotidienmr","twitter_site":"@lequotidienmr","twitter_misc":{"\u0643\u064f\u062a\u0628 \u0628\u0648\u0627\u0633\u0637\u0629":"Med Ahmed","\u0648\u0642\u062a \u0627\u0644\u0642\u0631\u0627\u0621\u0629 \u0627\u0644\u0645\u064f\u0642\u062f\u0651\u0631":"4 \u062f\u0642\u0627\u0626\u0642"},"schema":{"@context":"https:\/\/schema.org","@graph":[{"@type":"Article","@id":"https:\/\/lequotidien.mr\/?p=22001&lang=fr#article","isPartOf":{"@id":"https:\/\/lequotidien.mr\/?p=22001&lang=fr"},"author":{"name":"Med Ahmed","@id":"https:\/\/lequotidien.mr\/#\/schema\/person\/d2d350202a4d599685ed8abc25f97596"},"headline":"Signature d&#8217;accords bilat\u00e9raux entre la Mauritanie et l&#8217;Inde : Une nouvelle \u00e8re de coop\u00e9ration","datePublished":"2024-10-17T23:54:56+00:00","mainEntityOfPage":{"@id":"https:\/\/lequotidien.mr\/?p=22001&lang=fr"},"wordCount":853,"commentCount":0,"publisher":{"@id":"https:\/\/lequotidien.mr\/#organization"},"image":{"@id":"https:\/\/lequotidien.mr\/?p=22001&lang=fr#primaryimage"},"thumbnailUrl":"https:\/\/lequotidien.mr\/wp-content\/uploads\/2024\/10\/photo-Bal-et-Sg-Inde.jpg","articleSection":["ACTUALIT\u00c9","Economie"],"inLanguage":"ar","potentialAction":[{"@type":"CommentAction","name":"Comment","target":["https:\/\/lequotidien.mr\/?p=22001&lang=fr#respond"]}]},{"@type":"WebPage","@id":"https:\/\/lequotidien.mr\/?p=22001&lang=fr","url":"https:\/\/lequotidien.mr\/?p=22001&lang=fr","name":"Signature d'accords bilat\u00e9raux entre la Mauritanie et l'Inde : Une nouvelle \u00e8re de coop\u00e9ration - Le Quotidien de Nouakchott","isPartOf":{"@id":"https:\/\/lequotidien.mr\/#website"},"primaryImageOfPage":{"@id":"https:\/\/lequotidien.mr\/?p=22001&lang=fr#primaryimage"},"image":{"@id":"https:\/\/lequotidien.mr\/?p=22001&lang=fr#primaryimage"},"thumbnailUrl":"https:\/\/lequotidien.mr\/wp-content\/uploads\/2024\/10\/photo-Bal-et-Sg-Inde.jpg","datePublished":"2024-10-17T23:54:56+00:00","breadcrumb":{"@id":"https:\/\/lequotidien.mr\/?p=22001&lang=fr#breadcrumb"},"inLanguage":"ar","potentialAction":[{"@type":"ReadAction","target":["https:\/\/lequotidien.mr\/?p=22001&lang=fr"]}]},{"@type":"ImageObject","inLanguage":"ar","@id":"https:\/\/lequotidien.mr\/?p=22001&lang=fr#primaryimage","url":"https:\/\/lequotidien.mr\/wp-content\/uploads\/2024\/10\/photo-Bal-et-Sg-Inde.jpg","contentUrl":"https:\/\/lequotidien.mr\/wp-content\/uploads\/2024\/10\/photo-Bal-et-Sg-Inde.jpg","width":674,"height":430},{"@type":"BreadcrumbList","@id":"https:\/\/lequotidien.mr\/?p=22001&lang=fr#breadcrumb","itemListElement":[{"@type":"ListItem","position":1,"name":"Home","item":"https:\/\/lequotidien.mr\/"},{"@type":"ListItem","position":2,"name":"Signature d&rsquo;accords bilat\u00e9raux entre la Mauritanie et l&rsquo;Inde : Une nouvelle \u00e8re de coop\u00e9ration"}]},{"@type":"WebSite","@id":"https:\/\/lequotidien.mr\/#website","url":"https:\/\/lequotidien.mr\/","name":"Le Quotidien de Nouakchott","description":"\u0625\u062e\u0628\u0627\u0631\u064a\u0629 \u0645\u0633\u062a\u0642\u0644\u0629 \u0644\u0644\u0623\u0646\u0628\u0627\u0621 \u0627\u0644\u0639\u0627\u0645\u0629","publisher":{"@id":"https:\/\/lequotidien.mr\/#organization"},"potentialAction":[{"@type":"SearchAction","target":{"@type":"EntryPoint","urlTemplate":"https:\/\/lequotidien.mr\/?s={search_term_string}"},"query-input":{"@type":"PropertyValueSpecification","valueRequired":true,"valueName":"search_term_string"}}],"inLanguage":"ar"},{"@type":"Organization","@id":"https:\/\/lequotidien.mr\/#organization","name":"Le Quotidien de Nouakchott","url":"https:\/\/lequotidien.mr\/","logo":{"@type":"ImageObject","inLanguage":"ar","@id":"https:\/\/lequotidien.mr\/#\/schema\/logo\/image\/","url":"https:\/\/lequotidien.mr\/wp-content\/uploads\/2022\/11\/logolequotidien.jpg","contentUrl":"https:\/\/lequotidien.mr\/wp-content\/uploads\/2022\/11\/logolequotidien.jpg","width":290,"height":65,"caption":"Le Quotidien de Nouakchott"},"image":{"@id":"https:\/\/lequotidien.mr\/#\/schema\/logo\/image\/"},"sameAs":["https:\/\/web.facebook.com\/lequotidienmr","https:\/\/x.com\/lequotidienmr"]},{"@type":"Person","@id":"https:\/\/lequotidien.mr\/#\/schema\/person\/d2d350202a4d599685ed8abc25f97596","name":"Med Ahmed","image":{"@type":"ImageObject","inLanguage":"ar","@id":"https:\/\/secure.gravatar.com\/avatar\/fd2acc62ed50732923d1d39c17172c9b04149f142be92310ecc69e1358f94b52?s=96&d=mm&r=g","url":"https:\/\/secure.gravatar.com\/avatar\/fd2acc62ed50732923d1d39c17172c9b04149f142be92310ecc69e1358f94b52?s=96&d=mm&r=g","contentUrl":"https:\/\/secure.gravatar.com\/avatar\/fd2acc62ed50732923d1d39c17172c9b04149f142be92310ecc69e1358f94b52?s=96&d=mm&r=g","caption":"Med Ahmed"},"url":"https:\/\/lequotidien.mr\/?author=12"}]}},"_links":{"self":[{"href":"https:\/\/lequotidien.mr\/index.php?rest_route=\/wp\/v2\/posts\/22001","targetHints":{"allow":["GET"]}}],"collection":[{"href":"https:\/\/lequotidien.mr\/index.php?rest_route=\/wp\/v2\/posts"}],"about":[{"href":"https:\/\/lequotidien.mr\/index.php?rest_route=\/wp\/v2\/types\/post"}],"author":[{"embeddable":true,"href":"https:\/\/lequotidien.mr\/index.php?rest_route=\/wp\/v2\/users\/12"}],"replies":[{"embeddable":true,"href":"https:\/\/lequotidien.mr\/index.php?rest_route=%2Fwp%2Fv2%2Fcomments&post=22001"}],"version-history":[{"count":1,"href":"https:\/\/lequotidien.mr\/index.php?rest_route=\/wp\/v2\/posts\/22001\/revisions"}],"predecessor-version":[{"id":22003,"href":"https:\/\/lequotidien.mr\/index.php?rest_route=\/wp\/v2\/posts\/22001\/revisions\/22003"}],"wp:featuredmedia":[{"embeddable":true,"href":"https:\/\/lequotidien.mr\/index.php?rest_route=\/wp\/v2\/media\/22002"}],"wp:attachment":[{"href":"https:\/\/lequotidien.mr\/index.php?rest_route=%2Fwp%2Fv2%2Fmedia&parent=22001"}],"wp:term":[{"taxonomy":"category","embeddable":true,"href":"https:\/\/lequotidien.mr\/index.php?rest_route=%2Fwp%2Fv2%2Fcategories&post=22001"},{"taxonomy":"post_tag","embeddable":true,"href":"https:\/\/lequotidien.mr\/index.php?rest_route=%2Fwp%2Fv2%2Ftags&post=22001"}],"curies":[{"name":"wp","href":"https:\/\/api.w.org\/{rel}","templated":true}]}}