{"id":21846,"date":"2024-10-11T18:36:30","date_gmt":"2024-10-11T18:36:30","guid":{"rendered":"https:\/\/lequotidien.mr\/?p=21846"},"modified":"2024-10-12T16:30:06","modified_gmt":"2024-10-12T16:30:06","slug":"assemblee-pour-developpement-economique-de-lafrique-a-abidjan-le-president-el-ghazouani-salue-la-creation-du-guichet-dopportunites-mondiales-et-regionales-grow-ida2","status":"publish","type":"post","link":"https:\/\/lequotidien.mr\/?p=21846&lang=fr","title":{"rendered":"Assembl\u00e9e pour le d\u00e9veloppement \u00e9conomique de l\u2019Afrique \u00e0 Abidjan : Le Pr\u00e9sident El Ghazouani salue la \u00ab Cr\u00e9ation du guichet d\u2019opportunit\u00e9s mondiales et r\u00e9gionales (GROW) \u00bb\/IDA21"},"content":{"rendered":"<p>Le Pr\u00e9sident de la R\u00e9publique et Pr\u00e9sident en exercice de l&#8217;Union Africaine, Monsieur Mohamed Cheikh El Ghazouani, a prononc\u00e9 un discours marquant jeudi dernier \u00e0 Abidjan lors de la conf\u00e9rence des \u00c9tats africains en collaboration avec l&#8217;Association internationale de d\u00e9veloppement (IDA). Cet \u00e9v\u00e9nement, crucial pour l&#8217;avenir du continent, vise \u00e0 \u00e9tablir des engagements financiers des donateurs et \u00e0 encourager des partenariats pour des projets futurs, notamment en Afrique.<\/p>\n<p><strong>L&#8217;importance des financements de l&#8217;IDA pour l&#8217;Afrique<\/strong><\/p>\n<p>Dans son intervention, le Pr\u00e9sident El Ghazouani a rappel\u00e9 le r\u00f4le central que joue l&#8217;IDA dans le financement du d\u00e9veloppement en Afrique. Il a observ\u00e9 que pour de nombreux pays africains, les ressources mobilis\u00e9es par cette institution repr\u00e9sentent plus de 50 % du financement externe, illustrant ainsi leur importance pour le progr\u00e8s du continent. Ces fonds sont essentiels pour soutenir les services sociaux de base, am\u00e9liorer la r\u00e9silience climatique et, surtout, d\u00e9velopper les infrastructures, \u00e9l\u00e9ments indispensables au d\u00e9veloppement durable et \u00e0 la r\u00e9duction<\/p>\n<p>Le Pr\u00e9sident mauritanien a \u00e9galement soulign\u00e9 l&#8217;impact positif de la cr\u00e9ation, dans le cadre de l&#8217;IDA21, du guichet d&#8217;opportunit\u00e9s mondiales et r\u00e9gionales (GROW). Ce m\u00e9canisme vise \u00e0 financer les infrastructures de connectivit\u00e9 r\u00e9gionale, permettant ainsi de renforcer les \u00e9changes entre pays africains et de faciliter le d\u00e9veloppement d&#8217;un r\u00e9seau \u00e9conomique solide et int\u00e9gr\u00e9. Cette initiative est cruciale pour am\u00e9liorer la comp\u00e9titivit\u00e9 des \u00e9conomies africaines et acc\u00e9l\u00e9rer leur int\u00e9gration dans l&#8217;\u00e9conomie mondiale.<\/p>\n<p><strong>Un appel \u00e0 un soutien renforc\u00e9 de l&#8217;IDA<\/strong><\/p>\n<p>Le Pr\u00e9sident El Ghazouani a insist\u00e9 sur l&#8217;urgence de renforcer le soutien \u00e0 l&#8217;IDA, soulignant que cette institution reste un pilier fondamental dans les efforts visant \u00e0 reconstruire les \u00e9conomies africaines, \u00e0 renforcer les syst\u00e8mes de sant\u00e9 et d&#8217;\u00e9ducation, ainsi qu&#8217;\u00e0 &#8216;\u00e0 faire face aux d\u00e9fis li\u00e9s au changement climatique. Pour lui, l&#8217;IDA est non seulement un partenaire cl\u00e9 pour le financement des infrastructures, mais aussi un acteur central dans la lutte contre la pauvret\u00e9 et l&#8217;exclusion.<\/p>\n<p>Il a \u00e9galement r\u00e9affirm\u00e9, au nom de l&#8217;Union Africaine, l&#8217;engagement des \u00c9tats africains \u00e0 travailler en \u00e9troite collaboration avec l&#8217;IDA et les donateurs internationaux pour assurer une reconstitution r\u00e9ussie de l&#8217;IDA21 \u00e0 hauteur de 120 milliards de dollars. Ce montant permettra de soutenir des projets essentiels dans les secteurs de l&#8217;\u00e9nergie, de l&#8217;agriculture, de l&#8217;\u00e9ducation et de la sant\u00e9, tout en r\u00e9pondant aux d\u00e9fis environnementaux croissants auxquels le continent est confront\u00e9.<\/p>\n<p><strong>La conf\u00e9rence : un espace d&#8217;\u00e9changes pour l&#8217;avenir de l&#8217;Afrique<\/strong><\/p>\n<p>Cette conf\u00e9rence sur la gestion des ressources naturelles a r\u00e9uni des chefs d&#8217;\u00c9tat africains, des repr\u00e9sentants d&#8217;institutions financi\u00e8res internationales ainsi que des experts en d\u00e9veloppement. Ensemble, ils ont explor\u00e9 les moyens de mobiliser les ressources n\u00e9cessaires pour soutenir les projets d&#8217;infrastructures et renforcer les capacit\u00e9s des pays africains \u00e0 mieux g\u00e9rer leurs ressources naturelles. Les discussions ont \u00e9galement port\u00e9 sur la n\u00e9cessit\u00e9 de renforcer les partenariats public-priv\u00e9 et d&#8217;encourager les investissements \u00e9trangers pour assurer un avenir prosp\u00e8re et durable au continent.<\/p>\n<p>Cr\u00e9\u00e9e il ya plus de 60 ans, l&#8217;Association internationale de d\u00e9veloppement (IDA) est la branche de la Banque mondiale d\u00e9di\u00e9e \u00e0 l&#8217;aide aux pays les plus pauvres du monde. Elle accorde des dons et des pr\u00eats \u00e0 taux faible ou nul, tout en fournissant des conseils strat\u00e9giques pour stimuler la croissance \u00e9conomique, am\u00e9liorer la r\u00e9silience des pays et ainsi r\u00e9duire la pauvret\u00e9. Actuellement, l&#8217;IDA apporte son appui et son expertise\u00a0 aux 75 pays les plus pauvres dans le monde.<\/p>\n<p>En fin, le Pr\u00e9sident Mohamed Cheikh El Ghazouani a exprim\u00e9 sa confiance en l&#8217;avenir du partenariat entre l&#8217;IDA et l&#8217;Afrique, appelant \u00e0 une mobilisation sans pr\u00e9c\u00e9dent de ressources pour permettre au continent de relever les d\u00e9fis qui se dressent devant lui. Sa vision est claire : l&#8217;IDA doit continuer \u00e0 jouer un r\u00f4le essentiel pour transformer les \u00e9conomies africaines et garantir un d\u00e9veloppement durable.<\/p>\n","protected":false},"excerpt":{"rendered":"<p>Le Pr\u00e9sident de la R\u00e9publique et Pr\u00e9sident en exercice de l&#8217;Union Africaine, Monsieur Mohamed Cheikh El Ghazouani, a prononc\u00e9 un discours marquant jeudi dernier \u00e0 Abidjan lors de la conf\u00e9rence des \u00c9tats africains en collaboration avec l&#8217;Association internationale de d\u00e9veloppement (IDA). Cet \u00e9v\u00e9nement, crucial pour l&#8217;avenir du continent, vise \u00e0 \u00e9tablir des engagements financiers des&#8230;..<\/p>\n","protected":false},"author":12,"featured_media":21847,"comment_status":"open","ping_status":"open","sticky":false,"template":"","format":"standard","meta":{"footnotes":""},"categories":[23,49],"tags":[],"class_list":["post-21846","post","type-post","status-publish","format-standard","has-post-thumbnail","hentry","category-actualite","category-economie"],"yoast_head":"<!-- This site is optimized with the Yoast SEO plugin v27.5 - https:\/\/yoast.com\/product\/yoast-seo-wordpress\/ -->\n<title>Assembl\u00e9e pour le d\u00e9veloppement \u00e9conomique de l\u2019Afrique \u00e0 Abidjan : Le Pr\u00e9sident El Ghazouani salue la \u00ab Cr\u00e9ation du guichet d\u2019opportunit\u00e9s mondiales et r\u00e9gionales (GROW) \u00bb\/IDA21 - Le Quotidien de Nouakchott<\/title>\n<meta name=\"robots\" content=\"index, follow, max-snippet:-1, max-image-preview:large, max-video-preview:-1\" \/>\n<link rel=\"canonical\" href=\"https:\/\/lequotidien.mr\/?p=21846&lang=fr\" \/>\n<meta property=\"og:locale\" content=\"ar_AR\" \/>\n<meta property=\"og:type\" content=\"article\" \/>\n<meta property=\"og:title\" content=\"Assembl\u00e9e pour le d\u00e9veloppement \u00e9conomique de l\u2019Afrique \u00e0 Abidjan : Le Pr\u00e9sident El Ghazouani salue la \u00ab Cr\u00e9ation du guichet d\u2019opportunit\u00e9s mondiales et r\u00e9gionales (GROW) \u00bb\/IDA21 - Le Quotidien de Nouakchott\" \/>\n<meta property=\"og:description\" content=\"Le Pr\u00e9sident de la R\u00e9publique et Pr\u00e9sident en exercice de l&#8217;Union Africaine, Monsieur Mohamed Cheikh El Ghazouani, a prononc\u00e9 un discours marquant jeudi dernier \u00e0 Abidjan lors de la conf\u00e9rence des \u00c9tats africains en collaboration avec l&#8217;Association internationale de d\u00e9veloppement (IDA). Cet \u00e9v\u00e9nement, crucial pour l&#8217;avenir du continent, vise \u00e0 \u00e9tablir des engagements financiers des.....\" \/>\n<meta property=\"og:url\" content=\"https:\/\/lequotidien.mr\/?p=21846&amp;lang=fr\" \/>\n<meta property=\"og:site_name\" content=\"Le Quotidien de Nouakchott\" \/>\n<meta property=\"article:publisher\" content=\"https:\/\/web.facebook.com\/lequotidienmr\" \/>\n<meta property=\"article:published_time\" content=\"2024-10-11T18:36:30+00:00\" \/>\n<meta property=\"article:modified_time\" content=\"2024-10-12T16:30:06+00:00\" \/>\n<meta property=\"og:image\" content=\"https:\/\/lequotidien.mr\/wp-content\/uploads\/2024\/10\/photo-Ghazouani-Abidjan-vendredi.jpg\" \/>\n\t<meta property=\"og:image:width\" content=\"448\" \/>\n\t<meta property=\"og:image:height\" content=\"184\" \/>\n\t<meta property=\"og:image:type\" content=\"image\/jpeg\" \/>\n<meta name=\"author\" content=\"Med Ahmed\" \/>\n<meta name=\"twitter:card\" content=\"summary_large_image\" \/>\n<meta name=\"twitter:creator\" content=\"@lequotidienmr\" \/>\n<meta name=\"twitter:site\" content=\"@lequotidienmr\" \/>\n<meta name=\"twitter:label1\" content=\"\u0643\u064f\u062a\u0628 \u0628\u0648\u0627\u0633\u0637\u0629\" \/>\n\t<meta name=\"twitter:data1\" content=\"Med Ahmed\" \/>\n\t<meta name=\"twitter:label2\" content=\"\u0648\u0642\u062a \u0627\u0644\u0642\u0631\u0627\u0621\u0629 \u0627\u0644\u0645\u064f\u0642\u062f\u0651\u0631\" \/>\n\t<meta name=\"twitter:data2\" content=\"3 \u062f\u0642\u0627\u0626\u0642\" \/>\n<script type=\"application\/ld+json\" class=\"yoast-schema-graph\">{\"@context\":\"https:\\\/\\\/schema.org\",\"@graph\":[{\"@type\":\"Article\",\"@id\":\"https:\\\/\\\/lequotidien.mr\\\/?p=21846&lang=fr#article\",\"isPartOf\":{\"@id\":\"https:\\\/\\\/lequotidien.mr\\\/?p=21846&lang=fr\"},\"author\":{\"name\":\"Med Ahmed\",\"@id\":\"https:\\\/\\\/lequotidien.mr\\\/#\\\/schema\\\/person\\\/d2d350202a4d599685ed8abc25f97596\"},\"headline\":\"Assembl\u00e9e pour le d\u00e9veloppement \u00e9conomique de l\u2019Afrique \u00e0 Abidjan : Le Pr\u00e9sident El Ghazouani salue la \u00ab Cr\u00e9ation du guichet d\u2019opportunit\u00e9s mondiales et r\u00e9gionales (GROW) \u00bb\\\/IDA21\",\"datePublished\":\"2024-10-11T18:36:30+00:00\",\"dateModified\":\"2024-10-12T16:30:06+00:00\",\"mainEntityOfPage\":{\"@id\":\"https:\\\/\\\/lequotidien.mr\\\/?p=21846&lang=fr\"},\"wordCount\":731,\"commentCount\":0,\"publisher\":{\"@id\":\"https:\\\/\\\/lequotidien.mr\\\/#organization\"},\"image\":{\"@id\":\"https:\\\/\\\/lequotidien.mr\\\/?p=21846&lang=fr#primaryimage\"},\"thumbnailUrl\":\"https:\\\/\\\/lequotidien.mr\\\/wp-content\\\/uploads\\\/2024\\\/10\\\/photo-Ghazouani-Abidjan-vendredi.jpg\",\"articleSection\":[\"ACTUALIT\u00c9\",\"Economie\"],\"inLanguage\":\"ar\",\"potentialAction\":[{\"@type\":\"CommentAction\",\"name\":\"Comment\",\"target\":[\"https:\\\/\\\/lequotidien.mr\\\/?p=21846&lang=fr#respond\"]}]},{\"@type\":\"WebPage\",\"@id\":\"https:\\\/\\\/lequotidien.mr\\\/?p=21846&lang=fr\",\"url\":\"https:\\\/\\\/lequotidien.mr\\\/?p=21846&lang=fr\",\"name\":\"Assembl\u00e9e pour le d\u00e9veloppement \u00e9conomique de l\u2019Afrique \u00e0 Abidjan : Le Pr\u00e9sident El Ghazouani salue la \u00ab Cr\u00e9ation du guichet d\u2019opportunit\u00e9s mondiales et r\u00e9gionales (GROW) \u00bb\\\/IDA21 - Le Quotidien de Nouakchott\",\"isPartOf\":{\"@id\":\"https:\\\/\\\/lequotidien.mr\\\/#website\"},\"primaryImageOfPage\":{\"@id\":\"https:\\\/\\\/lequotidien.mr\\\/?p=21846&lang=fr#primaryimage\"},\"image\":{\"@id\":\"https:\\\/\\\/lequotidien.mr\\\/?p=21846&lang=fr#primaryimage\"},\"thumbnailUrl\":\"https:\\\/\\\/lequotidien.mr\\\/wp-content\\\/uploads\\\/2024\\\/10\\\/photo-Ghazouani-Abidjan-vendredi.jpg\",\"datePublished\":\"2024-10-11T18:36:30+00:00\",\"dateModified\":\"2024-10-12T16:30:06+00:00\",\"breadcrumb\":{\"@id\":\"https:\\\/\\\/lequotidien.mr\\\/?p=21846&lang=fr#breadcrumb\"},\"inLanguage\":\"ar\",\"potentialAction\":[{\"@type\":\"ReadAction\",\"target\":[\"https:\\\/\\\/lequotidien.mr\\\/?p=21846&lang=fr\"]}]},{\"@type\":\"ImageObject\",\"inLanguage\":\"ar\",\"@id\":\"https:\\\/\\\/lequotidien.mr\\\/?p=21846&lang=fr#primaryimage\",\"url\":\"https:\\\/\\\/lequotidien.mr\\\/wp-content\\\/uploads\\\/2024\\\/10\\\/photo-Ghazouani-Abidjan-vendredi.jpg\",\"contentUrl\":\"https:\\\/\\\/lequotidien.mr\\\/wp-content\\\/uploads\\\/2024\\\/10\\\/photo-Ghazouani-Abidjan-vendredi.jpg\",\"width\":448,\"height\":184},{\"@type\":\"BreadcrumbList\",\"@id\":\"https:\\\/\\\/lequotidien.mr\\\/?p=21846&lang=fr#breadcrumb\",\"itemListElement\":[{\"@type\":\"ListItem\",\"position\":1,\"name\":\"Home\",\"item\":\"https:\\\/\\\/lequotidien.mr\\\/\"},{\"@type\":\"ListItem\",\"position\":2,\"name\":\"Assembl\u00e9e pour le d\u00e9veloppement \u00e9conomique de l\u2019Afrique \u00e0 Abidjan : Le Pr\u00e9sident El Ghazouani salue la \u00ab Cr\u00e9ation du guichet d\u2019opportunit\u00e9s mondiales et r\u00e9gionales (GROW) \u00bb\\\/IDA21\"}]},{\"@type\":\"WebSite\",\"@id\":\"https:\\\/\\\/lequotidien.mr\\\/#website\",\"url\":\"https:\\\/\\\/lequotidien.mr\\\/\",\"name\":\"Le Quotidien de Nouakchott\",\"description\":\"\u0625\u062e\u0628\u0627\u0631\u064a\u0629 \u0645\u0633\u062a\u0642\u0644\u0629 \u0644\u0644\u0623\u0646\u0628\u0627\u0621 \u0627\u0644\u0639\u0627\u0645\u0629\",\"publisher\":{\"@id\":\"https:\\\/\\\/lequotidien.mr\\\/#organization\"},\"potentialAction\":[{\"@type\":\"SearchAction\",\"target\":{\"@type\":\"EntryPoint\",\"urlTemplate\":\"https:\\\/\\\/lequotidien.mr\\\/?s={search_term_string}\"},\"query-input\":{\"@type\":\"PropertyValueSpecification\",\"valueRequired\":true,\"valueName\":\"search_term_string\"}}],\"inLanguage\":\"ar\"},{\"@type\":\"Organization\",\"@id\":\"https:\\\/\\\/lequotidien.mr\\\/#organization\",\"name\":\"Le Quotidien de Nouakchott\",\"url\":\"https:\\\/\\\/lequotidien.mr\\\/\",\"logo\":{\"@type\":\"ImageObject\",\"inLanguage\":\"ar\",\"@id\":\"https:\\\/\\\/lequotidien.mr\\\/#\\\/schema\\\/logo\\\/image\\\/\",\"url\":\"https:\\\/\\\/lequotidien.mr\\\/wp-content\\\/uploads\\\/2022\\\/11\\\/logolequotidien.jpg\",\"contentUrl\":\"https:\\\/\\\/lequotidien.mr\\\/wp-content\\\/uploads\\\/2022\\\/11\\\/logolequotidien.jpg\",\"width\":290,\"height\":65,\"caption\":\"Le Quotidien de Nouakchott\"},\"image\":{\"@id\":\"https:\\\/\\\/lequotidien.mr\\\/#\\\/schema\\\/logo\\\/image\\\/\"},\"sameAs\":[\"https:\\\/\\\/web.facebook.com\\\/lequotidienmr\",\"https:\\\/\\\/x.com\\\/lequotidienmr\"]},{\"@type\":\"Person\",\"@id\":\"https:\\\/\\\/lequotidien.mr\\\/#\\\/schema\\\/person\\\/d2d350202a4d599685ed8abc25f97596\",\"name\":\"Med Ahmed\",\"image\":{\"@type\":\"ImageObject\",\"inLanguage\":\"ar\",\"@id\":\"https:\\\/\\\/secure.gravatar.com\\\/avatar\\\/fd2acc62ed50732923d1d39c17172c9b04149f142be92310ecc69e1358f94b52?s=96&d=mm&r=g\",\"url\":\"https:\\\/\\\/secure.gravatar.com\\\/avatar\\\/fd2acc62ed50732923d1d39c17172c9b04149f142be92310ecc69e1358f94b52?s=96&d=mm&r=g\",\"contentUrl\":\"https:\\\/\\\/secure.gravatar.com\\\/avatar\\\/fd2acc62ed50732923d1d39c17172c9b04149f142be92310ecc69e1358f94b52?s=96&d=mm&r=g\",\"caption\":\"Med Ahmed\"},\"url\":\"https:\\\/\\\/lequotidien.mr\\\/?author=12\"}]}<\/script>\n<!-- \/ Yoast SEO plugin. -->","yoast_head_json":{"title":"Assembl\u00e9e pour le d\u00e9veloppement \u00e9conomique de l\u2019Afrique \u00e0 Abidjan : Le Pr\u00e9sident El Ghazouani salue la \u00ab Cr\u00e9ation du guichet d\u2019opportunit\u00e9s mondiales et r\u00e9gionales (GROW) \u00bb\/IDA21 - Le Quotidien de Nouakchott","robots":{"index":"index","follow":"follow","max-snippet":"max-snippet:-1","max-image-preview":"max-image-preview:large","max-video-preview":"max-video-preview:-1"},"canonical":"https:\/\/lequotidien.mr\/?p=21846&lang=fr","og_locale":"ar_AR","og_type":"article","og_title":"Assembl\u00e9e pour le d\u00e9veloppement \u00e9conomique de l\u2019Afrique \u00e0 Abidjan : Le Pr\u00e9sident El Ghazouani salue la \u00ab Cr\u00e9ation du guichet d\u2019opportunit\u00e9s mondiales et r\u00e9gionales (GROW) \u00bb\/IDA21 - Le Quotidien de Nouakchott","og_description":"Le Pr\u00e9sident de la R\u00e9publique et Pr\u00e9sident en exercice de l&#8217;Union Africaine, Monsieur Mohamed Cheikh El Ghazouani, a prononc\u00e9 un discours marquant jeudi dernier \u00e0 Abidjan lors de la conf\u00e9rence des \u00c9tats africains en collaboration avec l&#8217;Association internationale de d\u00e9veloppement (IDA). Cet \u00e9v\u00e9nement, crucial pour l&#8217;avenir du continent, vise \u00e0 \u00e9tablir des engagements financiers des.....","og_url":"https:\/\/lequotidien.mr\/?p=21846&lang=fr","og_site_name":"Le Quotidien de Nouakchott","article_publisher":"https:\/\/web.facebook.com\/lequotidienmr","article_published_time":"2024-10-11T18:36:30+00:00","article_modified_time":"2024-10-12T16:30:06+00:00","og_image":[{"width":448,"height":184,"url":"https:\/\/lequotidien.mr\/wp-content\/uploads\/2024\/10\/photo-Ghazouani-Abidjan-vendredi.jpg","type":"image\/jpeg"}],"author":"Med Ahmed","twitter_card":"summary_large_image","twitter_creator":"@lequotidienmr","twitter_site":"@lequotidienmr","twitter_misc":{"\u0643\u064f\u062a\u0628 \u0628\u0648\u0627\u0633\u0637\u0629":"Med Ahmed","\u0648\u0642\u062a \u0627\u0644\u0642\u0631\u0627\u0621\u0629 \u0627\u0644\u0645\u064f\u0642\u062f\u0651\u0631":"3 \u062f\u0642\u0627\u0626\u0642"},"schema":{"@context":"https:\/\/schema.org","@graph":[{"@type":"Article","@id":"https:\/\/lequotidien.mr\/?p=21846&lang=fr#article","isPartOf":{"@id":"https:\/\/lequotidien.mr\/?p=21846&lang=fr"},"author":{"name":"Med Ahmed","@id":"https:\/\/lequotidien.mr\/#\/schema\/person\/d2d350202a4d599685ed8abc25f97596"},"headline":"Assembl\u00e9e pour le d\u00e9veloppement \u00e9conomique de l\u2019Afrique \u00e0 Abidjan : Le Pr\u00e9sident El Ghazouani salue la \u00ab Cr\u00e9ation du guichet d\u2019opportunit\u00e9s mondiales et r\u00e9gionales (GROW) \u00bb\/IDA21","datePublished":"2024-10-11T18:36:30+00:00","dateModified":"2024-10-12T16:30:06+00:00","mainEntityOfPage":{"@id":"https:\/\/lequotidien.mr\/?p=21846&lang=fr"},"wordCount":731,"commentCount":0,"publisher":{"@id":"https:\/\/lequotidien.mr\/#organization"},"image":{"@id":"https:\/\/lequotidien.mr\/?p=21846&lang=fr#primaryimage"},"thumbnailUrl":"https:\/\/lequotidien.mr\/wp-content\/uploads\/2024\/10\/photo-Ghazouani-Abidjan-vendredi.jpg","articleSection":["ACTUALIT\u00c9","Economie"],"inLanguage":"ar","potentialAction":[{"@type":"CommentAction","name":"Comment","target":["https:\/\/lequotidien.mr\/?p=21846&lang=fr#respond"]}]},{"@type":"WebPage","@id":"https:\/\/lequotidien.mr\/?p=21846&lang=fr","url":"https:\/\/lequotidien.mr\/?p=21846&lang=fr","name":"Assembl\u00e9e pour le d\u00e9veloppement \u00e9conomique de l\u2019Afrique \u00e0 Abidjan : Le Pr\u00e9sident El Ghazouani salue la \u00ab Cr\u00e9ation du guichet d\u2019opportunit\u00e9s mondiales et r\u00e9gionales (GROW) \u00bb\/IDA21 - Le Quotidien de Nouakchott","isPartOf":{"@id":"https:\/\/lequotidien.mr\/#website"},"primaryImageOfPage":{"@id":"https:\/\/lequotidien.mr\/?p=21846&lang=fr#primaryimage"},"image":{"@id":"https:\/\/lequotidien.mr\/?p=21846&lang=fr#primaryimage"},"thumbnailUrl":"https:\/\/lequotidien.mr\/wp-content\/uploads\/2024\/10\/photo-Ghazouani-Abidjan-vendredi.jpg","datePublished":"2024-10-11T18:36:30+00:00","dateModified":"2024-10-12T16:30:06+00:00","breadcrumb":{"@id":"https:\/\/lequotidien.mr\/?p=21846&lang=fr#breadcrumb"},"inLanguage":"ar","potentialAction":[{"@type":"ReadAction","target":["https:\/\/lequotidien.mr\/?p=21846&lang=fr"]}]},{"@type":"ImageObject","inLanguage":"ar","@id":"https:\/\/lequotidien.mr\/?p=21846&lang=fr#primaryimage","url":"https:\/\/lequotidien.mr\/wp-content\/uploads\/2024\/10\/photo-Ghazouani-Abidjan-vendredi.jpg","contentUrl":"https:\/\/lequotidien.mr\/wp-content\/uploads\/2024\/10\/photo-Ghazouani-Abidjan-vendredi.jpg","width":448,"height":184},{"@type":"BreadcrumbList","@id":"https:\/\/lequotidien.mr\/?p=21846&lang=fr#breadcrumb","itemListElement":[{"@type":"ListItem","position":1,"name":"Home","item":"https:\/\/lequotidien.mr\/"},{"@type":"ListItem","position":2,"name":"Assembl\u00e9e pour le d\u00e9veloppement \u00e9conomique de l\u2019Afrique \u00e0 Abidjan : Le Pr\u00e9sident El Ghazouani salue la \u00ab Cr\u00e9ation du guichet d\u2019opportunit\u00e9s mondiales et r\u00e9gionales (GROW) \u00bb\/IDA21"}]},{"@type":"WebSite","@id":"https:\/\/lequotidien.mr\/#website","url":"https:\/\/lequotidien.mr\/","name":"Le Quotidien de Nouakchott","description":"\u0625\u062e\u0628\u0627\u0631\u064a\u0629 \u0645\u0633\u062a\u0642\u0644\u0629 \u0644\u0644\u0623\u0646\u0628\u0627\u0621 \u0627\u0644\u0639\u0627\u0645\u0629","publisher":{"@id":"https:\/\/lequotidien.mr\/#organization"},"potentialAction":[{"@type":"SearchAction","target":{"@type":"EntryPoint","urlTemplate":"https:\/\/lequotidien.mr\/?s={search_term_string}"},"query-input":{"@type":"PropertyValueSpecification","valueRequired":true,"valueName":"search_term_string"}}],"inLanguage":"ar"},{"@type":"Organization","@id":"https:\/\/lequotidien.mr\/#organization","name":"Le Quotidien de Nouakchott","url":"https:\/\/lequotidien.mr\/","logo":{"@type":"ImageObject","inLanguage":"ar","@id":"https:\/\/lequotidien.mr\/#\/schema\/logo\/image\/","url":"https:\/\/lequotidien.mr\/wp-content\/uploads\/2022\/11\/logolequotidien.jpg","contentUrl":"https:\/\/lequotidien.mr\/wp-content\/uploads\/2022\/11\/logolequotidien.jpg","width":290,"height":65,"caption":"Le Quotidien de Nouakchott"},"image":{"@id":"https:\/\/lequotidien.mr\/#\/schema\/logo\/image\/"},"sameAs":["https:\/\/web.facebook.com\/lequotidienmr","https:\/\/x.com\/lequotidienmr"]},{"@type":"Person","@id":"https:\/\/lequotidien.mr\/#\/schema\/person\/d2d350202a4d599685ed8abc25f97596","name":"Med Ahmed","image":{"@type":"ImageObject","inLanguage":"ar","@id":"https:\/\/secure.gravatar.com\/avatar\/fd2acc62ed50732923d1d39c17172c9b04149f142be92310ecc69e1358f94b52?s=96&d=mm&r=g","url":"https:\/\/secure.gravatar.com\/avatar\/fd2acc62ed50732923d1d39c17172c9b04149f142be92310ecc69e1358f94b52?s=96&d=mm&r=g","contentUrl":"https:\/\/secure.gravatar.com\/avatar\/fd2acc62ed50732923d1d39c17172c9b04149f142be92310ecc69e1358f94b52?s=96&d=mm&r=g","caption":"Med Ahmed"},"url":"https:\/\/lequotidien.mr\/?author=12"}]}},"_links":{"self":[{"href":"https:\/\/lequotidien.mr\/index.php?rest_route=\/wp\/v2\/posts\/21846","targetHints":{"allow":["GET"]}}],"collection":[{"href":"https:\/\/lequotidien.mr\/index.php?rest_route=\/wp\/v2\/posts"}],"about":[{"href":"https:\/\/lequotidien.mr\/index.php?rest_route=\/wp\/v2\/types\/post"}],"author":[{"embeddable":true,"href":"https:\/\/lequotidien.mr\/index.php?rest_route=\/wp\/v2\/users\/12"}],"replies":[{"embeddable":true,"href":"https:\/\/lequotidien.mr\/index.php?rest_route=%2Fwp%2Fv2%2Fcomments&post=21846"}],"version-history":[{"count":2,"href":"https:\/\/lequotidien.mr\/index.php?rest_route=\/wp\/v2\/posts\/21846\/revisions"}],"predecessor-version":[{"id":21893,"href":"https:\/\/lequotidien.mr\/index.php?rest_route=\/wp\/v2\/posts\/21846\/revisions\/21893"}],"wp:featuredmedia":[{"embeddable":true,"href":"https:\/\/lequotidien.mr\/index.php?rest_route=\/wp\/v2\/media\/21847"}],"wp:attachment":[{"href":"https:\/\/lequotidien.mr\/index.php?rest_route=%2Fwp%2Fv2%2Fmedia&parent=21846"}],"wp:term":[{"taxonomy":"category","embeddable":true,"href":"https:\/\/lequotidien.mr\/index.php?rest_route=%2Fwp%2Fv2%2Fcategories&post=21846"},{"taxonomy":"post_tag","embeddable":true,"href":"https:\/\/lequotidien.mr\/index.php?rest_route=%2Fwp%2Fv2%2Ftags&post=21846"}],"curies":[{"name":"wp","href":"https:\/\/api.w.org\/{rel}","templated":true}]}}