{"id":21789,"date":"2024-10-09T11:03:17","date_gmt":"2024-10-09T11:03:17","guid":{"rendered":"https:\/\/lequotidien.mr\/?p=21789"},"modified":"2024-10-09T11:03:17","modified_gmt":"2024-10-09T11:03:17","slug":"la-mauritanie-elue-au-bureau-executif-de-lintosai-lors-de-son-lancement-a-paris","status":"publish","type":"post","link":"https:\/\/lequotidien.mr\/?p=21789&lang=fr","title":{"rendered":"La Mauritanie \u00e9lue au Bureau ex\u00e9cutif de l&#8217;INTOSAI lors de son lancement \u00e0 Paris"},"content":{"rendered":"<p>Le 8 octobre 2024, l&#8217;Organisation internationale des institutions sup\u00e9rieures de contr\u00f4le des finances publiques (INTOSAI) a \u00e9t\u00e9 officiellement cr\u00e9\u00e9e \u00e0 Paris par 34 pays signataires de ses statuts. Cette organisation internationale, d\u00e9di\u00e9e au renforcement de la transparence et de la responsabilit\u00e9 dans la gestion des finances publiques, marque un tournant dans la coop\u00e9ration entre les institutions de contr\u00f4le \u00e0 travers le monde.<\/p>\n<p>Imm\u00e9diatement apr\u00e8s la cr\u00e9ation officielle de l&#8217;INTOSAI, une Assembl\u00e9e g\u00e9n\u00e9rale a \u00e9t\u00e9 convoqu\u00e9e pour \u00e9lire les organes dirigeants de l\u2019organisation. La Cour des comptes de Mauritanie, repr\u00e9sent\u00e9e par son pr\u00e9sident, M. Hamid Ahmed Taleb, a \u00e9t\u00e9 \u00e9lue membre de son Bureau ex\u00e9cutif, un organe cl\u00e9 qui supervisera les travaux de l\u2019organisation et contribuera \u00e0 orienter ses d\u00e9cisions strat\u00e9giques.<\/p>\n<p><strong>Une reconnaissance internationale pour la Mauritanie<\/strong><\/p>\n<p>Cette \u00e9lection repr\u00e9sente une reconnaissance importante pour la Cour des comptes mauritanienne et son engagement en faveur du contr\u00f4le efficace et transparent des finances publiques. La participation de la Mauritanie au sein du Bureau ex\u00e9cutif de l&#8217;INTOSAI permettra au pays de jouer un r\u00f4le actif dans la d\u00e9finition des meilleures pratiques internationales en mati\u00e8re de gestion des finances publiques et de rehausser le niveau de transparence dans la r\u00e9gion.<\/p>\n<p>Hamid Ahmed Taleb, pr\u00e9sident de la Cour des comptes, \u00e9tait accompagn\u00e9 de deux hauts conseillers, Mohamed Idriss Horma Babana et Abdallahi Sabah Erebih, qui ont \u00e9galement pris part aux travaux de l&#8217;Assembl\u00e9e g\u00e9n\u00e9rale.<\/p>\n<p><strong>Le r\u00f4le de l&#8217;INTOSAI<\/strong><\/p>\n<p>L&#8217;INTOSAI, en tant qu&#8217;organisation mondiale, vise \u00e0 promouvoir la collaboration entre les institutions sup\u00e9rieures de contr\u00f4le des finances publiques des diff\u00e9rents pays. Ses principaux objectifs sont de renforcer les capacit\u00e9s des institutions membres, d&#8217;\u00e9changer des exp\u00e9riences et de promouvoir les standards internationaux en mati\u00e8re de contr\u00f4le des finances publiques.<\/p>\n<p>La cr\u00e9ation de l&#8217;INTOSAI intervient dans un contexte mondial o\u00f9 la gestion responsable des ressources publiques est devenue une priorit\u00e9 pour de nombreux gouvernements. L\u2019organisation jouera un r\u00f4le essentiel dans la promotion de la transparence, de l&#8217;efficacit\u00e9 et de la redevabilit\u00e9 des gouvernements \u00e0 travers le monde.<\/p>\n<p><strong>Une \u00e9tape cl\u00e9 pour la Cour des comptes mauritanienne<\/strong><\/p>\n<p>L&#8217;\u00e9lection de la Cour des comptes mauritanienne au Bureau ex\u00e9cutif de l&#8217;INTOSAI est une \u00e9tape importante pour l&#8217;institution. Cela permettra \u00e0 la Mauritanie de contribuer activement aux discussions sur les r\u00e9formes internationales et d&#8217;appliquer les meilleures pratiques dans la gestion des finances publiques au niveau national. En tant que membre de ce Bureau, la Cour des comptes participera \u00e0 l&#8217;\u00e9laboration des strat\u00e9gies et des politiques globales de l&#8217;organisation.<\/p>\n<p>La nomination de la Cour des comptes mauritanienne au Bureau ex\u00e9cutif de l&#8217;INTOSAI repr\u00e9sente donc une grande avanc\u00e9e pour la Mauritanie et une reconnaissance du travail accompli par l\u2019institution pour renforcer la gouvernance financi\u00e8re. Gr\u00e2ce \u00e0 cette opportunit\u00e9, la Mauritanie pourra non seulement contribuer \u00e0 la gouvernance internationale, mais \u00e9galement b\u00e9n\u00e9ficier d&#8217;un acc\u00e8s \u00e0 des ressources et \u00e0 des exp\u00e9riences internationales qui favoriseront son propre d\u00e9veloppement en mati\u00e8re de contr\u00f4le des finances publiques.<\/p>\n","protected":false},"excerpt":{"rendered":"<p>Le 8 octobre 2024, l&#8217;Organisation internationale des institutions sup\u00e9rieures de contr\u00f4le des finances publiques (INTOSAI) a \u00e9t\u00e9 officiellement cr\u00e9\u00e9e \u00e0 Paris par 34 pays signataires de ses statuts. Cette organisation internationale, d\u00e9di\u00e9e au renforcement de la transparence et de la responsabilit\u00e9 dans la gestion des finances publiques, marque un tournant dans la coop\u00e9ration entre les&#8230;..<\/p>\n","protected":false},"author":12,"featured_media":21790,"comment_status":"open","ping_status":"open","sticky":false,"template":"","format":"standard","meta":{"footnotes":""},"categories":[23,49],"tags":[],"class_list":["post-21789","post","type-post","status-publish","format-standard","has-post-thumbnail","hentry","category-actualite","category-economie"],"yoast_head":"<!-- This site is optimized with the Yoast SEO plugin v27.5 - https:\/\/yoast.com\/product\/yoast-seo-wordpress\/ -->\n<title>La Mauritanie \u00e9lue au Bureau ex\u00e9cutif de l&#039;INTOSAI lors de son lancement \u00e0 Paris - Le Quotidien de Nouakchott<\/title>\n<meta name=\"robots\" content=\"index, follow, max-snippet:-1, max-image-preview:large, max-video-preview:-1\" \/>\n<link rel=\"canonical\" href=\"https:\/\/lequotidien.mr\/?p=21789&lang=fr\" \/>\n<meta property=\"og:locale\" content=\"ar_AR\" \/>\n<meta property=\"og:type\" content=\"article\" \/>\n<meta property=\"og:title\" content=\"La Mauritanie \u00e9lue au Bureau ex\u00e9cutif de l&#039;INTOSAI lors de son lancement \u00e0 Paris - Le Quotidien de Nouakchott\" \/>\n<meta property=\"og:description\" content=\"Le 8 octobre 2024, l&#8217;Organisation internationale des institutions sup\u00e9rieures de contr\u00f4le des finances publiques (INTOSAI) a \u00e9t\u00e9 officiellement cr\u00e9\u00e9e \u00e0 Paris par 34 pays signataires de ses statuts. Cette organisation internationale, d\u00e9di\u00e9e au renforcement de la transparence et de la responsabilit\u00e9 dans la gestion des finances publiques, marque un tournant dans la coop\u00e9ration entre les.....\" \/>\n<meta property=\"og:url\" content=\"https:\/\/lequotidien.mr\/?p=21789&amp;lang=fr\" \/>\n<meta property=\"og:site_name\" content=\"Le Quotidien de Nouakchott\" \/>\n<meta property=\"article:publisher\" content=\"https:\/\/web.facebook.com\/lequotidienmr\" \/>\n<meta property=\"article:published_time\" content=\"2024-10-09T11:03:17+00:00\" \/>\n<meta property=\"og:image\" content=\"https:\/\/lequotidien.mr\/wp-content\/uploads\/2024\/10\/photo-Driss-Horma-Babana.jpg\" \/>\n\t<meta property=\"og:image:width\" content=\"448\" \/>\n\t<meta property=\"og:image:height\" content=\"273\" \/>\n\t<meta property=\"og:image:type\" content=\"image\/jpeg\" \/>\n<meta name=\"author\" content=\"Med Ahmed\" \/>\n<meta name=\"twitter:card\" content=\"summary_large_image\" \/>\n<meta name=\"twitter:creator\" content=\"@lequotidienmr\" \/>\n<meta name=\"twitter:site\" content=\"@lequotidienmr\" \/>\n<meta name=\"twitter:label1\" content=\"\u0643\u064f\u062a\u0628 \u0628\u0648\u0627\u0633\u0637\u0629\" \/>\n\t<meta name=\"twitter:data1\" content=\"Med Ahmed\" \/>\n\t<meta name=\"twitter:label2\" content=\"\u0648\u0642\u062a \u0627\u0644\u0642\u0631\u0627\u0621\u0629 \u0627\u0644\u0645\u064f\u0642\u062f\u0651\u0631\" \/>\n\t<meta name=\"twitter:data2\" content=\"3 \u062f\u0642\u0627\u0626\u0642\" \/>\n<script type=\"application\/ld+json\" class=\"yoast-schema-graph\">{\"@context\":\"https:\\\/\\\/schema.org\",\"@graph\":[{\"@type\":\"Article\",\"@id\":\"https:\\\/\\\/lequotidien.mr\\\/?p=21789&lang=fr#article\",\"isPartOf\":{\"@id\":\"https:\\\/\\\/lequotidien.mr\\\/?p=21789&lang=fr\"},\"author\":{\"name\":\"Med Ahmed\",\"@id\":\"https:\\\/\\\/lequotidien.mr\\\/#\\\/schema\\\/person\\\/d2d350202a4d599685ed8abc25f97596\"},\"headline\":\"La Mauritanie \u00e9lue au Bureau ex\u00e9cutif de l&#8217;INTOSAI lors de son lancement \u00e0 Paris\",\"datePublished\":\"2024-10-09T11:03:17+00:00\",\"mainEntityOfPage\":{\"@id\":\"https:\\\/\\\/lequotidien.mr\\\/?p=21789&lang=fr\"},\"wordCount\":557,\"commentCount\":0,\"publisher\":{\"@id\":\"https:\\\/\\\/lequotidien.mr\\\/#organization\"},\"image\":{\"@id\":\"https:\\\/\\\/lequotidien.mr\\\/?p=21789&lang=fr#primaryimage\"},\"thumbnailUrl\":\"https:\\\/\\\/lequotidien.mr\\\/wp-content\\\/uploads\\\/2024\\\/10\\\/photo-Driss-Horma-Babana.jpg\",\"articleSection\":[\"ACTUALIT\u00c9\",\"Economie\"],\"inLanguage\":\"ar\",\"potentialAction\":[{\"@type\":\"CommentAction\",\"name\":\"Comment\",\"target\":[\"https:\\\/\\\/lequotidien.mr\\\/?p=21789&lang=fr#respond\"]}]},{\"@type\":\"WebPage\",\"@id\":\"https:\\\/\\\/lequotidien.mr\\\/?p=21789&lang=fr\",\"url\":\"https:\\\/\\\/lequotidien.mr\\\/?p=21789&lang=fr\",\"name\":\"La Mauritanie \u00e9lue au Bureau ex\u00e9cutif de l'INTOSAI lors de son lancement \u00e0 Paris - Le Quotidien de Nouakchott\",\"isPartOf\":{\"@id\":\"https:\\\/\\\/lequotidien.mr\\\/#website\"},\"primaryImageOfPage\":{\"@id\":\"https:\\\/\\\/lequotidien.mr\\\/?p=21789&lang=fr#primaryimage\"},\"image\":{\"@id\":\"https:\\\/\\\/lequotidien.mr\\\/?p=21789&lang=fr#primaryimage\"},\"thumbnailUrl\":\"https:\\\/\\\/lequotidien.mr\\\/wp-content\\\/uploads\\\/2024\\\/10\\\/photo-Driss-Horma-Babana.jpg\",\"datePublished\":\"2024-10-09T11:03:17+00:00\",\"breadcrumb\":{\"@id\":\"https:\\\/\\\/lequotidien.mr\\\/?p=21789&lang=fr#breadcrumb\"},\"inLanguage\":\"ar\",\"potentialAction\":[{\"@type\":\"ReadAction\",\"target\":[\"https:\\\/\\\/lequotidien.mr\\\/?p=21789&lang=fr\"]}]},{\"@type\":\"ImageObject\",\"inLanguage\":\"ar\",\"@id\":\"https:\\\/\\\/lequotidien.mr\\\/?p=21789&lang=fr#primaryimage\",\"url\":\"https:\\\/\\\/lequotidien.mr\\\/wp-content\\\/uploads\\\/2024\\\/10\\\/photo-Driss-Horma-Babana.jpg\",\"contentUrl\":\"https:\\\/\\\/lequotidien.mr\\\/wp-content\\\/uploads\\\/2024\\\/10\\\/photo-Driss-Horma-Babana.jpg\",\"width\":448,\"height\":273},{\"@type\":\"BreadcrumbList\",\"@id\":\"https:\\\/\\\/lequotidien.mr\\\/?p=21789&lang=fr#breadcrumb\",\"itemListElement\":[{\"@type\":\"ListItem\",\"position\":1,\"name\":\"Home\",\"item\":\"https:\\\/\\\/lequotidien.mr\\\/\"},{\"@type\":\"ListItem\",\"position\":2,\"name\":\"La Mauritanie \u00e9lue au Bureau ex\u00e9cutif de l&rsquo;INTOSAI lors de son lancement \u00e0 Paris\"}]},{\"@type\":\"WebSite\",\"@id\":\"https:\\\/\\\/lequotidien.mr\\\/#website\",\"url\":\"https:\\\/\\\/lequotidien.mr\\\/\",\"name\":\"Le Quotidien de Nouakchott\",\"description\":\"\u0625\u062e\u0628\u0627\u0631\u064a\u0629 \u0645\u0633\u062a\u0642\u0644\u0629 \u0644\u0644\u0623\u0646\u0628\u0627\u0621 \u0627\u0644\u0639\u0627\u0645\u0629\",\"publisher\":{\"@id\":\"https:\\\/\\\/lequotidien.mr\\\/#organization\"},\"potentialAction\":[{\"@type\":\"SearchAction\",\"target\":{\"@type\":\"EntryPoint\",\"urlTemplate\":\"https:\\\/\\\/lequotidien.mr\\\/?s={search_term_string}\"},\"query-input\":{\"@type\":\"PropertyValueSpecification\",\"valueRequired\":true,\"valueName\":\"search_term_string\"}}],\"inLanguage\":\"ar\"},{\"@type\":\"Organization\",\"@id\":\"https:\\\/\\\/lequotidien.mr\\\/#organization\",\"name\":\"Le Quotidien de Nouakchott\",\"url\":\"https:\\\/\\\/lequotidien.mr\\\/\",\"logo\":{\"@type\":\"ImageObject\",\"inLanguage\":\"ar\",\"@id\":\"https:\\\/\\\/lequotidien.mr\\\/#\\\/schema\\\/logo\\\/image\\\/\",\"url\":\"https:\\\/\\\/lequotidien.mr\\\/wp-content\\\/uploads\\\/2022\\\/11\\\/logolequotidien.jpg\",\"contentUrl\":\"https:\\\/\\\/lequotidien.mr\\\/wp-content\\\/uploads\\\/2022\\\/11\\\/logolequotidien.jpg\",\"width\":290,\"height\":65,\"caption\":\"Le Quotidien de Nouakchott\"},\"image\":{\"@id\":\"https:\\\/\\\/lequotidien.mr\\\/#\\\/schema\\\/logo\\\/image\\\/\"},\"sameAs\":[\"https:\\\/\\\/web.facebook.com\\\/lequotidienmr\",\"https:\\\/\\\/x.com\\\/lequotidienmr\"]},{\"@type\":\"Person\",\"@id\":\"https:\\\/\\\/lequotidien.mr\\\/#\\\/schema\\\/person\\\/d2d350202a4d599685ed8abc25f97596\",\"name\":\"Med Ahmed\",\"image\":{\"@type\":\"ImageObject\",\"inLanguage\":\"ar\",\"@id\":\"https:\\\/\\\/secure.gravatar.com\\\/avatar\\\/fd2acc62ed50732923d1d39c17172c9b04149f142be92310ecc69e1358f94b52?s=96&d=mm&r=g\",\"url\":\"https:\\\/\\\/secure.gravatar.com\\\/avatar\\\/fd2acc62ed50732923d1d39c17172c9b04149f142be92310ecc69e1358f94b52?s=96&d=mm&r=g\",\"contentUrl\":\"https:\\\/\\\/secure.gravatar.com\\\/avatar\\\/fd2acc62ed50732923d1d39c17172c9b04149f142be92310ecc69e1358f94b52?s=96&d=mm&r=g\",\"caption\":\"Med Ahmed\"},\"url\":\"https:\\\/\\\/lequotidien.mr\\\/?author=12\"}]}<\/script>\n<!-- \/ Yoast SEO plugin. -->","yoast_head_json":{"title":"La Mauritanie \u00e9lue au Bureau ex\u00e9cutif de l'INTOSAI lors de son lancement \u00e0 Paris - Le Quotidien de Nouakchott","robots":{"index":"index","follow":"follow","max-snippet":"max-snippet:-1","max-image-preview":"max-image-preview:large","max-video-preview":"max-video-preview:-1"},"canonical":"https:\/\/lequotidien.mr\/?p=21789&lang=fr","og_locale":"ar_AR","og_type":"article","og_title":"La Mauritanie \u00e9lue au Bureau ex\u00e9cutif de l'INTOSAI lors de son lancement \u00e0 Paris - Le Quotidien de Nouakchott","og_description":"Le 8 octobre 2024, l&#8217;Organisation internationale des institutions sup\u00e9rieures de contr\u00f4le des finances publiques (INTOSAI) a \u00e9t\u00e9 officiellement cr\u00e9\u00e9e \u00e0 Paris par 34 pays signataires de ses statuts. Cette organisation internationale, d\u00e9di\u00e9e au renforcement de la transparence et de la responsabilit\u00e9 dans la gestion des finances publiques, marque un tournant dans la coop\u00e9ration entre les.....","og_url":"https:\/\/lequotidien.mr\/?p=21789&lang=fr","og_site_name":"Le Quotidien de Nouakchott","article_publisher":"https:\/\/web.facebook.com\/lequotidienmr","article_published_time":"2024-10-09T11:03:17+00:00","og_image":[{"width":448,"height":273,"url":"https:\/\/lequotidien.mr\/wp-content\/uploads\/2024\/10\/photo-Driss-Horma-Babana.jpg","type":"image\/jpeg"}],"author":"Med Ahmed","twitter_card":"summary_large_image","twitter_creator":"@lequotidienmr","twitter_site":"@lequotidienmr","twitter_misc":{"\u0643\u064f\u062a\u0628 \u0628\u0648\u0627\u0633\u0637\u0629":"Med Ahmed","\u0648\u0642\u062a \u0627\u0644\u0642\u0631\u0627\u0621\u0629 \u0627\u0644\u0645\u064f\u0642\u062f\u0651\u0631":"3 \u062f\u0642\u0627\u0626\u0642"},"schema":{"@context":"https:\/\/schema.org","@graph":[{"@type":"Article","@id":"https:\/\/lequotidien.mr\/?p=21789&lang=fr#article","isPartOf":{"@id":"https:\/\/lequotidien.mr\/?p=21789&lang=fr"},"author":{"name":"Med Ahmed","@id":"https:\/\/lequotidien.mr\/#\/schema\/person\/d2d350202a4d599685ed8abc25f97596"},"headline":"La Mauritanie \u00e9lue au Bureau ex\u00e9cutif de l&#8217;INTOSAI lors de son lancement \u00e0 Paris","datePublished":"2024-10-09T11:03:17+00:00","mainEntityOfPage":{"@id":"https:\/\/lequotidien.mr\/?p=21789&lang=fr"},"wordCount":557,"commentCount":0,"publisher":{"@id":"https:\/\/lequotidien.mr\/#organization"},"image":{"@id":"https:\/\/lequotidien.mr\/?p=21789&lang=fr#primaryimage"},"thumbnailUrl":"https:\/\/lequotidien.mr\/wp-content\/uploads\/2024\/10\/photo-Driss-Horma-Babana.jpg","articleSection":["ACTUALIT\u00c9","Economie"],"inLanguage":"ar","potentialAction":[{"@type":"CommentAction","name":"Comment","target":["https:\/\/lequotidien.mr\/?p=21789&lang=fr#respond"]}]},{"@type":"WebPage","@id":"https:\/\/lequotidien.mr\/?p=21789&lang=fr","url":"https:\/\/lequotidien.mr\/?p=21789&lang=fr","name":"La Mauritanie \u00e9lue au Bureau ex\u00e9cutif de l'INTOSAI lors de son lancement \u00e0 Paris - Le Quotidien de Nouakchott","isPartOf":{"@id":"https:\/\/lequotidien.mr\/#website"},"primaryImageOfPage":{"@id":"https:\/\/lequotidien.mr\/?p=21789&lang=fr#primaryimage"},"image":{"@id":"https:\/\/lequotidien.mr\/?p=21789&lang=fr#primaryimage"},"thumbnailUrl":"https:\/\/lequotidien.mr\/wp-content\/uploads\/2024\/10\/photo-Driss-Horma-Babana.jpg","datePublished":"2024-10-09T11:03:17+00:00","breadcrumb":{"@id":"https:\/\/lequotidien.mr\/?p=21789&lang=fr#breadcrumb"},"inLanguage":"ar","potentialAction":[{"@type":"ReadAction","target":["https:\/\/lequotidien.mr\/?p=21789&lang=fr"]}]},{"@type":"ImageObject","inLanguage":"ar","@id":"https:\/\/lequotidien.mr\/?p=21789&lang=fr#primaryimage","url":"https:\/\/lequotidien.mr\/wp-content\/uploads\/2024\/10\/photo-Driss-Horma-Babana.jpg","contentUrl":"https:\/\/lequotidien.mr\/wp-content\/uploads\/2024\/10\/photo-Driss-Horma-Babana.jpg","width":448,"height":273},{"@type":"BreadcrumbList","@id":"https:\/\/lequotidien.mr\/?p=21789&lang=fr#breadcrumb","itemListElement":[{"@type":"ListItem","position":1,"name":"Home","item":"https:\/\/lequotidien.mr\/"},{"@type":"ListItem","position":2,"name":"La Mauritanie \u00e9lue au Bureau ex\u00e9cutif de l&rsquo;INTOSAI lors de son lancement \u00e0 Paris"}]},{"@type":"WebSite","@id":"https:\/\/lequotidien.mr\/#website","url":"https:\/\/lequotidien.mr\/","name":"Le Quotidien de Nouakchott","description":"\u0625\u062e\u0628\u0627\u0631\u064a\u0629 \u0645\u0633\u062a\u0642\u0644\u0629 \u0644\u0644\u0623\u0646\u0628\u0627\u0621 \u0627\u0644\u0639\u0627\u0645\u0629","publisher":{"@id":"https:\/\/lequotidien.mr\/#organization"},"potentialAction":[{"@type":"SearchAction","target":{"@type":"EntryPoint","urlTemplate":"https:\/\/lequotidien.mr\/?s={search_term_string}"},"query-input":{"@type":"PropertyValueSpecification","valueRequired":true,"valueName":"search_term_string"}}],"inLanguage":"ar"},{"@type":"Organization","@id":"https:\/\/lequotidien.mr\/#organization","name":"Le Quotidien de Nouakchott","url":"https:\/\/lequotidien.mr\/","logo":{"@type":"ImageObject","inLanguage":"ar","@id":"https:\/\/lequotidien.mr\/#\/schema\/logo\/image\/","url":"https:\/\/lequotidien.mr\/wp-content\/uploads\/2022\/11\/logolequotidien.jpg","contentUrl":"https:\/\/lequotidien.mr\/wp-content\/uploads\/2022\/11\/logolequotidien.jpg","width":290,"height":65,"caption":"Le Quotidien de Nouakchott"},"image":{"@id":"https:\/\/lequotidien.mr\/#\/schema\/logo\/image\/"},"sameAs":["https:\/\/web.facebook.com\/lequotidienmr","https:\/\/x.com\/lequotidienmr"]},{"@type":"Person","@id":"https:\/\/lequotidien.mr\/#\/schema\/person\/d2d350202a4d599685ed8abc25f97596","name":"Med Ahmed","image":{"@type":"ImageObject","inLanguage":"ar","@id":"https:\/\/secure.gravatar.com\/avatar\/fd2acc62ed50732923d1d39c17172c9b04149f142be92310ecc69e1358f94b52?s=96&d=mm&r=g","url":"https:\/\/secure.gravatar.com\/avatar\/fd2acc62ed50732923d1d39c17172c9b04149f142be92310ecc69e1358f94b52?s=96&d=mm&r=g","contentUrl":"https:\/\/secure.gravatar.com\/avatar\/fd2acc62ed50732923d1d39c17172c9b04149f142be92310ecc69e1358f94b52?s=96&d=mm&r=g","caption":"Med Ahmed"},"url":"https:\/\/lequotidien.mr\/?author=12"}]}},"_links":{"self":[{"href":"https:\/\/lequotidien.mr\/index.php?rest_route=\/wp\/v2\/posts\/21789","targetHints":{"allow":["GET"]}}],"collection":[{"href":"https:\/\/lequotidien.mr\/index.php?rest_route=\/wp\/v2\/posts"}],"about":[{"href":"https:\/\/lequotidien.mr\/index.php?rest_route=\/wp\/v2\/types\/post"}],"author":[{"embeddable":true,"href":"https:\/\/lequotidien.mr\/index.php?rest_route=\/wp\/v2\/users\/12"}],"replies":[{"embeddable":true,"href":"https:\/\/lequotidien.mr\/index.php?rest_route=%2Fwp%2Fv2%2Fcomments&post=21789"}],"version-history":[{"count":1,"href":"https:\/\/lequotidien.mr\/index.php?rest_route=\/wp\/v2\/posts\/21789\/revisions"}],"predecessor-version":[{"id":21791,"href":"https:\/\/lequotidien.mr\/index.php?rest_route=\/wp\/v2\/posts\/21789\/revisions\/21791"}],"wp:featuredmedia":[{"embeddable":true,"href":"https:\/\/lequotidien.mr\/index.php?rest_route=\/wp\/v2\/media\/21790"}],"wp:attachment":[{"href":"https:\/\/lequotidien.mr\/index.php?rest_route=%2Fwp%2Fv2%2Fmedia&parent=21789"}],"wp:term":[{"taxonomy":"category","embeddable":true,"href":"https:\/\/lequotidien.mr\/index.php?rest_route=%2Fwp%2Fv2%2Fcategories&post=21789"},{"taxonomy":"post_tag","embeddable":true,"href":"https:\/\/lequotidien.mr\/index.php?rest_route=%2Fwp%2Fv2%2Ftags&post=21789"}],"curies":[{"name":"wp","href":"https:\/\/api.w.org\/{rel}","templated":true}]}}