{"id":21786,"date":"2024-10-09T10:43:49","date_gmt":"2024-10-09T10:43:49","guid":{"rendered":"https:\/\/lequotidien.mr\/?p=21786"},"modified":"2024-10-09T10:43:49","modified_gmt":"2024-10-09T10:43:49","slug":"rencontre-entre-le-president-mohamed-cheikh-el-ghazouani-et-le-president-frank-walter-steinmeier-a-berlin-vers-un-renforcement-des-relations-entre-la-mauritanie-et-lallemagne","status":"publish","type":"post","link":"https:\/\/lequotidien.mr\/?p=21786&lang=fr","title":{"rendered":"Rencontre entre le Pr\u00e9sident Mohamed Cheikh El Ghazouani et le Pr\u00e9sident Frank-Walter Steinmeier \u00e0 Berlin : Vers un renforcement des relations entre la Mauritanie et l&#8217;Allemagne"},"content":{"rendered":"<p>Hier mardi, 8 octobre 2024, le Pr\u00e9sident de la R\u00e9publique et Pr\u00e9sident en exercice de l\u2019Union Africaine, M. Mohamed Cheikh El Ghazouani, a \u00e9t\u00e9 re\u00e7u au palais pr\u00e9sidentiel \u00e0 Berlin par le Pr\u00e9sident de la R\u00e9publique F\u00e9d\u00e9rale d\u2019Allemagne, Frank-Walter Steinmeier. Cet entretien de haut niveau marque une \u00e9tape importante dans les relations bilat\u00e9rales entre la Mauritanie et l\u2019Allemagne, ouvrant, sans doute, la voie \u00e0 un renforcement de la coop\u00e9ration dans divers domaines.<\/p>\n<p><strong>Accueil officiel et discussions bilat\u00e9rales<\/strong><\/p>\n<p>\u00c0 son arriv\u00e9e \u00e0 l\u2019a\u00e9roport de Berlin en provenance de Hambourg, le Pr\u00e9sident El Ghazouani a \u00e9t\u00e9 accueilli par une formation militaire au son de l\u2019hymne national mauritanien, un signe de la chaleur et de l\u2019importance de cette visite officielle.<\/p>\n<p>Les discussions entre les deux chefs d&#8217;\u00c9tat se sont concentr\u00e9es sur plusieurs aspects cl\u00e9s de la coop\u00e9ration bilat\u00e9rale, notamment les moyens d&#8217;approfondir la collaboration \u00e9conomique, les possibilit\u00e9s d&#8217;investissement, ainsi que les questions d&#8217;int\u00e9r\u00eat commun aux niveaux r\u00e9gional, africain et international. Le Pr\u00e9sident El Ghazouani a salu\u00e9 le r\u00f4le jou\u00e9 par l&#8217;Allemagne dans l&#8217;adoption de la Charte de l&#8217;Avenir, un cadre strat\u00e9gique visant \u00e0 faire face aux transformations globales. Il a exprim\u00e9 sa gratitude pour le soutien g\u00e9n\u00e9reux que l&#8217;Allemagne a apport\u00e9 \u00e0 la Mauritanie dans diff\u00e9rents secteurs, en particulier dans les domaines \u00e9conomique, technique et institutionnel.<\/p>\n<p><strong>Soutien allemand \u00e0 la Mauritanie<\/strong><\/p>\n<p>De son c\u00f4t\u00e9, le Pr\u00e9sident allemand Frank-Walter Steinmeier a f\u00e9licit\u00e9 la Mauritanie pour ses avanc\u00e9es d\u00e9mocratiques, soulignant le succ\u00e8s et le d\u00e9veloppement de l\u2019exp\u00e9rience politique mauritanienne. Il a \u00e9galement salu\u00e9 le r\u00f4le central que joue la Mauritanie dans le maintien de la s\u00e9curit\u00e9 et de la stabilit\u00e9 dans la r\u00e9gion sah\u00e9lo-saharienne, une zone strat\u00e9gique en termes de lutte contre le terrorisme et de gestion des migrations.<\/p>\n<p>Le Pr\u00e9sident Steinmeier a mis en exergue l&#8217;importance des politiques mauritaniennes en faveur de la jeunesse, en insistant sur le danger de marginaliser ce groupe cl\u00e9 de la soci\u00e9t\u00e9 dans la gestion des affaires publiques. Il a r\u00e9affirm\u00e9 l&#8217;engagement de l&#8217;Allemagne \u00e0 soutenir la formation professionnelle en Mauritanie, un secteur crucial pour l&#8217;avenir \u00e9conomique du pays, et \u00e0 continuer \u00e0 coop\u00e9rer \u00e9troitement avec les autorit\u00e9s mauritaniennes dans la mise en \u0153uvre de projets de d\u00e9veloppement.<\/p>\n<p><strong>Invitation \u00e0 une visite officielle en Mauritanie<\/strong><\/p>\n<p>\u00c0 la fin de cet entretien, le Pr\u00e9sident El Ghazouani a officiellement invit\u00e9 le Pr\u00e9sident Frank-Walter Steinmeier \u00e0 effectuer une visite en Mauritanie. Ce dernier a accept\u00e9 l&#8217;invitation avec enthousiasme, et la date de cette visite sera fix\u00e9e par les canaux diplomatiques habituels. Cette future visite renforcera encore davantage les relations diplomatiques entre les deux pays, en jetant les bases d\u2019une coop\u00e9ration plus approfondie et durable.<\/p>\n<p>L\u2019entretien s&#8217;est d\u00e9roul\u00e9 en pr\u00e9sence de plusieurs hauts responsables des deux c\u00f4t\u00e9s. Pour la Mauritanie, \u00e9taient pr\u00e9sents le Ministre charg\u00e9 du Cabinet du Pr\u00e9sident de la R\u00e9publique, M. Nani Chrougha, le Ministre de l&#8217;\u00c9conomie et des Finances, M. Sid\u2019Ahmed Bouh, et l\u2019Ambassadeur de Mauritanie en Allemagne, M. Boubacar Kane. Du c\u00f4t\u00e9 allemand, \u00e9taient pr\u00e9sents Dr Tobias Lindner, membre du Bundestag et Ministre d&#8217;\u00c9tat au minist\u00e8re des affaires \u00e9trang\u00e8res, Dr Dore Dinger, Secr\u00e9taire d&#8217;\u00c9tat et Directeur du cabinet du Pr\u00e9sident f\u00e9d\u00e9ral, ainsi que plusieurs autres hauts fonctionnaires du gouvernement allemand.<\/p>\n<p><strong>Perspectives de coop\u00e9ration<\/strong><\/p>\n<p>Cette rencontre de haut niveau marque une nouvelle \u00e9tape dans les relations entre la Mauritanie et l\u2019Allemagne. Les deux pays, li\u00e9s par des int\u00e9r\u00eats communs en mati\u00e8re de s\u00e9curit\u00e9, de d\u00e9veloppement \u00e9conomique et de formation, envisagent d&#8217;approfondir leur partenariat strat\u00e9gique. L&#8217;accent mis sur l&#8217;investissement, la formation professionnelle et la coop\u00e9ration r\u00e9gionale souligne l&#8217;importance de la Mauritanie dans la politique africaine de l&#8217;Allemagne et renforce sa position en tant qu&#8217;acteur cl\u00e9 sur la sc\u00e8ne internationale.<\/p>\n<p>En somme, cette r\u00e9union entre les deux chefs d&#8217;\u00c9tat symbolise la volont\u00e9 commune de consolider les relations bilat\u00e9rales et de promouvoir une coop\u00e9ration mutuellement b\u00e9n\u00e9fique entre la Mauritanie et l&#8217;Allemagne, dans un contexte mondial en mutation rapide.<\/p>\n","protected":false},"excerpt":{"rendered":"<p>Hier mardi, 8 octobre 2024, le Pr\u00e9sident de la R\u00e9publique et Pr\u00e9sident en exercice de l\u2019Union Africaine, M. Mohamed Cheikh El Ghazouani, a \u00e9t\u00e9 re\u00e7u au palais pr\u00e9sidentiel \u00e0 Berlin par le Pr\u00e9sident de la R\u00e9publique F\u00e9d\u00e9rale d\u2019Allemagne, Frank-Walter Steinmeier. Cet entretien de haut niveau marque une \u00e9tape importante dans les relations bilat\u00e9rales entre la&#8230;..<\/p>\n","protected":false},"author":12,"featured_media":21787,"comment_status":"open","ping_status":"open","sticky":false,"template":"","format":"standard","meta":{"footnotes":""},"categories":[23,49],"tags":[],"class_list":["post-21786","post","type-post","status-publish","format-standard","has-post-thumbnail","hentry","category-actualite","category-economie"],"yoast_head":"<!-- This site is optimized with the Yoast SEO plugin v27.5 - https:\/\/yoast.com\/product\/yoast-seo-wordpress\/ -->\n<title>Rencontre entre le Pr\u00e9sident Mohamed Cheikh El Ghazouani et le Pr\u00e9sident Frank-Walter Steinmeier \u00e0 Berlin : Vers un renforcement des relations entre la Mauritanie et l&#039;Allemagne - Le Quotidien de Nouakchott<\/title>\n<meta name=\"robots\" content=\"index, follow, max-snippet:-1, max-image-preview:large, max-video-preview:-1\" \/>\n<link rel=\"canonical\" href=\"https:\/\/lequotidien.mr\/?p=21786&lang=fr\" \/>\n<meta property=\"og:locale\" content=\"ar_AR\" \/>\n<meta property=\"og:type\" content=\"article\" \/>\n<meta property=\"og:title\" content=\"Rencontre entre le Pr\u00e9sident Mohamed Cheikh El Ghazouani et le Pr\u00e9sident Frank-Walter Steinmeier \u00e0 Berlin : Vers un renforcement des relations entre la Mauritanie et l&#039;Allemagne - Le Quotidien de Nouakchott\" \/>\n<meta property=\"og:description\" content=\"Hier mardi, 8 octobre 2024, le Pr\u00e9sident de la R\u00e9publique et Pr\u00e9sident en exercice de l\u2019Union Africaine, M. Mohamed Cheikh El Ghazouani, a \u00e9t\u00e9 re\u00e7u au palais pr\u00e9sidentiel \u00e0 Berlin par le Pr\u00e9sident de la R\u00e9publique F\u00e9d\u00e9rale d\u2019Allemagne, Frank-Walter Steinmeier. Cet entretien de haut niveau marque une \u00e9tape importante dans les relations bilat\u00e9rales entre la.....\" \/>\n<meta property=\"og:url\" content=\"https:\/\/lequotidien.mr\/?p=21786&amp;lang=fr\" \/>\n<meta property=\"og:site_name\" content=\"Le Quotidien de Nouakchott\" \/>\n<meta property=\"article:publisher\" content=\"https:\/\/web.facebook.com\/lequotidienmr\" \/>\n<meta property=\"article:published_time\" content=\"2024-10-09T10:43:49+00:00\" \/>\n<meta property=\"og:image\" content=\"https:\/\/lequotidien.mr\/wp-content\/uploads\/2024\/10\/photo-Ghazouani-et-Pdt-Allemand.jpg\" \/>\n\t<meta property=\"og:image:width\" content=\"448\" \/>\n\t<meta property=\"og:image:height\" content=\"295\" \/>\n\t<meta property=\"og:image:type\" content=\"image\/jpeg\" \/>\n<meta name=\"author\" content=\"Med Ahmed\" \/>\n<meta name=\"twitter:card\" content=\"summary_large_image\" \/>\n<meta name=\"twitter:creator\" content=\"@lequotidienmr\" \/>\n<meta name=\"twitter:site\" content=\"@lequotidienmr\" \/>\n<meta name=\"twitter:label1\" content=\"\u0643\u064f\u062a\u0628 \u0628\u0648\u0627\u0633\u0637\u0629\" \/>\n\t<meta name=\"twitter:data1\" content=\"Med Ahmed\" \/>\n\t<meta name=\"twitter:label2\" content=\"\u0648\u0642\u062a \u0627\u0644\u0642\u0631\u0627\u0621\u0629 \u0627\u0644\u0645\u064f\u0642\u062f\u0651\u0631\" \/>\n\t<meta name=\"twitter:data2\" content=\"3 \u062f\u0642\u0627\u0626\u0642\" \/>\n<script type=\"application\/ld+json\" class=\"yoast-schema-graph\">{\"@context\":\"https:\\\/\\\/schema.org\",\"@graph\":[{\"@type\":\"Article\",\"@id\":\"https:\\\/\\\/lequotidien.mr\\\/?p=21786&lang=fr#article\",\"isPartOf\":{\"@id\":\"https:\\\/\\\/lequotidien.mr\\\/?p=21786&lang=fr\"},\"author\":{\"name\":\"Med Ahmed\",\"@id\":\"https:\\\/\\\/lequotidien.mr\\\/#\\\/schema\\\/person\\\/d2d350202a4d599685ed8abc25f97596\"},\"headline\":\"Rencontre entre le Pr\u00e9sident Mohamed Cheikh El Ghazouani et le Pr\u00e9sident Frank-Walter Steinmeier \u00e0 Berlin : Vers un renforcement des relations entre la Mauritanie et l&#8217;Allemagne\",\"datePublished\":\"2024-10-09T10:43:49+00:00\",\"mainEntityOfPage\":{\"@id\":\"https:\\\/\\\/lequotidien.mr\\\/?p=21786&lang=fr\"},\"wordCount\":767,\"commentCount\":0,\"publisher\":{\"@id\":\"https:\\\/\\\/lequotidien.mr\\\/#organization\"},\"image\":{\"@id\":\"https:\\\/\\\/lequotidien.mr\\\/?p=21786&lang=fr#primaryimage\"},\"thumbnailUrl\":\"https:\\\/\\\/lequotidien.mr\\\/wp-content\\\/uploads\\\/2024\\\/10\\\/photo-Ghazouani-et-Pdt-Allemand.jpg\",\"articleSection\":[\"ACTUALIT\u00c9\",\"Economie\"],\"inLanguage\":\"ar\",\"potentialAction\":[{\"@type\":\"CommentAction\",\"name\":\"Comment\",\"target\":[\"https:\\\/\\\/lequotidien.mr\\\/?p=21786&lang=fr#respond\"]}]},{\"@type\":\"WebPage\",\"@id\":\"https:\\\/\\\/lequotidien.mr\\\/?p=21786&lang=fr\",\"url\":\"https:\\\/\\\/lequotidien.mr\\\/?p=21786&lang=fr\",\"name\":\"Rencontre entre le Pr\u00e9sident Mohamed Cheikh El Ghazouani et le Pr\u00e9sident Frank-Walter Steinmeier \u00e0 Berlin : Vers un renforcement des relations entre la Mauritanie et l'Allemagne - Le Quotidien de Nouakchott\",\"isPartOf\":{\"@id\":\"https:\\\/\\\/lequotidien.mr\\\/#website\"},\"primaryImageOfPage\":{\"@id\":\"https:\\\/\\\/lequotidien.mr\\\/?p=21786&lang=fr#primaryimage\"},\"image\":{\"@id\":\"https:\\\/\\\/lequotidien.mr\\\/?p=21786&lang=fr#primaryimage\"},\"thumbnailUrl\":\"https:\\\/\\\/lequotidien.mr\\\/wp-content\\\/uploads\\\/2024\\\/10\\\/photo-Ghazouani-et-Pdt-Allemand.jpg\",\"datePublished\":\"2024-10-09T10:43:49+00:00\",\"breadcrumb\":{\"@id\":\"https:\\\/\\\/lequotidien.mr\\\/?p=21786&lang=fr#breadcrumb\"},\"inLanguage\":\"ar\",\"potentialAction\":[{\"@type\":\"ReadAction\",\"target\":[\"https:\\\/\\\/lequotidien.mr\\\/?p=21786&lang=fr\"]}]},{\"@type\":\"ImageObject\",\"inLanguage\":\"ar\",\"@id\":\"https:\\\/\\\/lequotidien.mr\\\/?p=21786&lang=fr#primaryimage\",\"url\":\"https:\\\/\\\/lequotidien.mr\\\/wp-content\\\/uploads\\\/2024\\\/10\\\/photo-Ghazouani-et-Pdt-Allemand.jpg\",\"contentUrl\":\"https:\\\/\\\/lequotidien.mr\\\/wp-content\\\/uploads\\\/2024\\\/10\\\/photo-Ghazouani-et-Pdt-Allemand.jpg\",\"width\":448,\"height\":295},{\"@type\":\"BreadcrumbList\",\"@id\":\"https:\\\/\\\/lequotidien.mr\\\/?p=21786&lang=fr#breadcrumb\",\"itemListElement\":[{\"@type\":\"ListItem\",\"position\":1,\"name\":\"Home\",\"item\":\"https:\\\/\\\/lequotidien.mr\\\/\"},{\"@type\":\"ListItem\",\"position\":2,\"name\":\"Rencontre entre le Pr\u00e9sident Mohamed Cheikh El Ghazouani et le Pr\u00e9sident Frank-Walter Steinmeier \u00e0 Berlin : Vers un renforcement des relations entre la Mauritanie et l&rsquo;Allemagne\"}]},{\"@type\":\"WebSite\",\"@id\":\"https:\\\/\\\/lequotidien.mr\\\/#website\",\"url\":\"https:\\\/\\\/lequotidien.mr\\\/\",\"name\":\"Le Quotidien de Nouakchott\",\"description\":\"\u0625\u062e\u0628\u0627\u0631\u064a\u0629 \u0645\u0633\u062a\u0642\u0644\u0629 \u0644\u0644\u0623\u0646\u0628\u0627\u0621 \u0627\u0644\u0639\u0627\u0645\u0629\",\"publisher\":{\"@id\":\"https:\\\/\\\/lequotidien.mr\\\/#organization\"},\"potentialAction\":[{\"@type\":\"SearchAction\",\"target\":{\"@type\":\"EntryPoint\",\"urlTemplate\":\"https:\\\/\\\/lequotidien.mr\\\/?s={search_term_string}\"},\"query-input\":{\"@type\":\"PropertyValueSpecification\",\"valueRequired\":true,\"valueName\":\"search_term_string\"}}],\"inLanguage\":\"ar\"},{\"@type\":\"Organization\",\"@id\":\"https:\\\/\\\/lequotidien.mr\\\/#organization\",\"name\":\"Le Quotidien de Nouakchott\",\"url\":\"https:\\\/\\\/lequotidien.mr\\\/\",\"logo\":{\"@type\":\"ImageObject\",\"inLanguage\":\"ar\",\"@id\":\"https:\\\/\\\/lequotidien.mr\\\/#\\\/schema\\\/logo\\\/image\\\/\",\"url\":\"https:\\\/\\\/lequotidien.mr\\\/wp-content\\\/uploads\\\/2022\\\/11\\\/logolequotidien.jpg\",\"contentUrl\":\"https:\\\/\\\/lequotidien.mr\\\/wp-content\\\/uploads\\\/2022\\\/11\\\/logolequotidien.jpg\",\"width\":290,\"height\":65,\"caption\":\"Le Quotidien de Nouakchott\"},\"image\":{\"@id\":\"https:\\\/\\\/lequotidien.mr\\\/#\\\/schema\\\/logo\\\/image\\\/\"},\"sameAs\":[\"https:\\\/\\\/web.facebook.com\\\/lequotidienmr\",\"https:\\\/\\\/x.com\\\/lequotidienmr\"]},{\"@type\":\"Person\",\"@id\":\"https:\\\/\\\/lequotidien.mr\\\/#\\\/schema\\\/person\\\/d2d350202a4d599685ed8abc25f97596\",\"name\":\"Med Ahmed\",\"image\":{\"@type\":\"ImageObject\",\"inLanguage\":\"ar\",\"@id\":\"https:\\\/\\\/secure.gravatar.com\\\/avatar\\\/fd2acc62ed50732923d1d39c17172c9b04149f142be92310ecc69e1358f94b52?s=96&d=mm&r=g\",\"url\":\"https:\\\/\\\/secure.gravatar.com\\\/avatar\\\/fd2acc62ed50732923d1d39c17172c9b04149f142be92310ecc69e1358f94b52?s=96&d=mm&r=g\",\"contentUrl\":\"https:\\\/\\\/secure.gravatar.com\\\/avatar\\\/fd2acc62ed50732923d1d39c17172c9b04149f142be92310ecc69e1358f94b52?s=96&d=mm&r=g\",\"caption\":\"Med Ahmed\"},\"url\":\"https:\\\/\\\/lequotidien.mr\\\/?author=12\"}]}<\/script>\n<!-- \/ Yoast SEO plugin. -->","yoast_head_json":{"title":"Rencontre entre le Pr\u00e9sident Mohamed Cheikh El Ghazouani et le Pr\u00e9sident Frank-Walter Steinmeier \u00e0 Berlin : Vers un renforcement des relations entre la Mauritanie et l'Allemagne - Le Quotidien de Nouakchott","robots":{"index":"index","follow":"follow","max-snippet":"max-snippet:-1","max-image-preview":"max-image-preview:large","max-video-preview":"max-video-preview:-1"},"canonical":"https:\/\/lequotidien.mr\/?p=21786&lang=fr","og_locale":"ar_AR","og_type":"article","og_title":"Rencontre entre le Pr\u00e9sident Mohamed Cheikh El Ghazouani et le Pr\u00e9sident Frank-Walter Steinmeier \u00e0 Berlin : Vers un renforcement des relations entre la Mauritanie et l'Allemagne - Le Quotidien de Nouakchott","og_description":"Hier mardi, 8 octobre 2024, le Pr\u00e9sident de la R\u00e9publique et Pr\u00e9sident en exercice de l\u2019Union Africaine, M. Mohamed Cheikh El Ghazouani, a \u00e9t\u00e9 re\u00e7u au palais pr\u00e9sidentiel \u00e0 Berlin par le Pr\u00e9sident de la R\u00e9publique F\u00e9d\u00e9rale d\u2019Allemagne, Frank-Walter Steinmeier. Cet entretien de haut niveau marque une \u00e9tape importante dans les relations bilat\u00e9rales entre la.....","og_url":"https:\/\/lequotidien.mr\/?p=21786&lang=fr","og_site_name":"Le Quotidien de Nouakchott","article_publisher":"https:\/\/web.facebook.com\/lequotidienmr","article_published_time":"2024-10-09T10:43:49+00:00","og_image":[{"width":448,"height":295,"url":"https:\/\/lequotidien.mr\/wp-content\/uploads\/2024\/10\/photo-Ghazouani-et-Pdt-Allemand.jpg","type":"image\/jpeg"}],"author":"Med Ahmed","twitter_card":"summary_large_image","twitter_creator":"@lequotidienmr","twitter_site":"@lequotidienmr","twitter_misc":{"\u0643\u064f\u062a\u0628 \u0628\u0648\u0627\u0633\u0637\u0629":"Med Ahmed","\u0648\u0642\u062a \u0627\u0644\u0642\u0631\u0627\u0621\u0629 \u0627\u0644\u0645\u064f\u0642\u062f\u0651\u0631":"3 \u062f\u0642\u0627\u0626\u0642"},"schema":{"@context":"https:\/\/schema.org","@graph":[{"@type":"Article","@id":"https:\/\/lequotidien.mr\/?p=21786&lang=fr#article","isPartOf":{"@id":"https:\/\/lequotidien.mr\/?p=21786&lang=fr"},"author":{"name":"Med Ahmed","@id":"https:\/\/lequotidien.mr\/#\/schema\/person\/d2d350202a4d599685ed8abc25f97596"},"headline":"Rencontre entre le Pr\u00e9sident Mohamed Cheikh El Ghazouani et le Pr\u00e9sident Frank-Walter Steinmeier \u00e0 Berlin : Vers un renforcement des relations entre la Mauritanie et l&#8217;Allemagne","datePublished":"2024-10-09T10:43:49+00:00","mainEntityOfPage":{"@id":"https:\/\/lequotidien.mr\/?p=21786&lang=fr"},"wordCount":767,"commentCount":0,"publisher":{"@id":"https:\/\/lequotidien.mr\/#organization"},"image":{"@id":"https:\/\/lequotidien.mr\/?p=21786&lang=fr#primaryimage"},"thumbnailUrl":"https:\/\/lequotidien.mr\/wp-content\/uploads\/2024\/10\/photo-Ghazouani-et-Pdt-Allemand.jpg","articleSection":["ACTUALIT\u00c9","Economie"],"inLanguage":"ar","potentialAction":[{"@type":"CommentAction","name":"Comment","target":["https:\/\/lequotidien.mr\/?p=21786&lang=fr#respond"]}]},{"@type":"WebPage","@id":"https:\/\/lequotidien.mr\/?p=21786&lang=fr","url":"https:\/\/lequotidien.mr\/?p=21786&lang=fr","name":"Rencontre entre le Pr\u00e9sident Mohamed Cheikh El Ghazouani et le Pr\u00e9sident Frank-Walter Steinmeier \u00e0 Berlin : Vers un renforcement des relations entre la Mauritanie et l'Allemagne - Le Quotidien de Nouakchott","isPartOf":{"@id":"https:\/\/lequotidien.mr\/#website"},"primaryImageOfPage":{"@id":"https:\/\/lequotidien.mr\/?p=21786&lang=fr#primaryimage"},"image":{"@id":"https:\/\/lequotidien.mr\/?p=21786&lang=fr#primaryimage"},"thumbnailUrl":"https:\/\/lequotidien.mr\/wp-content\/uploads\/2024\/10\/photo-Ghazouani-et-Pdt-Allemand.jpg","datePublished":"2024-10-09T10:43:49+00:00","breadcrumb":{"@id":"https:\/\/lequotidien.mr\/?p=21786&lang=fr#breadcrumb"},"inLanguage":"ar","potentialAction":[{"@type":"ReadAction","target":["https:\/\/lequotidien.mr\/?p=21786&lang=fr"]}]},{"@type":"ImageObject","inLanguage":"ar","@id":"https:\/\/lequotidien.mr\/?p=21786&lang=fr#primaryimage","url":"https:\/\/lequotidien.mr\/wp-content\/uploads\/2024\/10\/photo-Ghazouani-et-Pdt-Allemand.jpg","contentUrl":"https:\/\/lequotidien.mr\/wp-content\/uploads\/2024\/10\/photo-Ghazouani-et-Pdt-Allemand.jpg","width":448,"height":295},{"@type":"BreadcrumbList","@id":"https:\/\/lequotidien.mr\/?p=21786&lang=fr#breadcrumb","itemListElement":[{"@type":"ListItem","position":1,"name":"Home","item":"https:\/\/lequotidien.mr\/"},{"@type":"ListItem","position":2,"name":"Rencontre entre le Pr\u00e9sident Mohamed Cheikh El Ghazouani et le Pr\u00e9sident Frank-Walter Steinmeier \u00e0 Berlin : Vers un renforcement des relations entre la Mauritanie et l&rsquo;Allemagne"}]},{"@type":"WebSite","@id":"https:\/\/lequotidien.mr\/#website","url":"https:\/\/lequotidien.mr\/","name":"Le Quotidien de Nouakchott","description":"\u0625\u062e\u0628\u0627\u0631\u064a\u0629 \u0645\u0633\u062a\u0642\u0644\u0629 \u0644\u0644\u0623\u0646\u0628\u0627\u0621 \u0627\u0644\u0639\u0627\u0645\u0629","publisher":{"@id":"https:\/\/lequotidien.mr\/#organization"},"potentialAction":[{"@type":"SearchAction","target":{"@type":"EntryPoint","urlTemplate":"https:\/\/lequotidien.mr\/?s={search_term_string}"},"query-input":{"@type":"PropertyValueSpecification","valueRequired":true,"valueName":"search_term_string"}}],"inLanguage":"ar"},{"@type":"Organization","@id":"https:\/\/lequotidien.mr\/#organization","name":"Le Quotidien de Nouakchott","url":"https:\/\/lequotidien.mr\/","logo":{"@type":"ImageObject","inLanguage":"ar","@id":"https:\/\/lequotidien.mr\/#\/schema\/logo\/image\/","url":"https:\/\/lequotidien.mr\/wp-content\/uploads\/2022\/11\/logolequotidien.jpg","contentUrl":"https:\/\/lequotidien.mr\/wp-content\/uploads\/2022\/11\/logolequotidien.jpg","width":290,"height":65,"caption":"Le Quotidien de Nouakchott"},"image":{"@id":"https:\/\/lequotidien.mr\/#\/schema\/logo\/image\/"},"sameAs":["https:\/\/web.facebook.com\/lequotidienmr","https:\/\/x.com\/lequotidienmr"]},{"@type":"Person","@id":"https:\/\/lequotidien.mr\/#\/schema\/person\/d2d350202a4d599685ed8abc25f97596","name":"Med Ahmed","image":{"@type":"ImageObject","inLanguage":"ar","@id":"https:\/\/secure.gravatar.com\/avatar\/fd2acc62ed50732923d1d39c17172c9b04149f142be92310ecc69e1358f94b52?s=96&d=mm&r=g","url":"https:\/\/secure.gravatar.com\/avatar\/fd2acc62ed50732923d1d39c17172c9b04149f142be92310ecc69e1358f94b52?s=96&d=mm&r=g","contentUrl":"https:\/\/secure.gravatar.com\/avatar\/fd2acc62ed50732923d1d39c17172c9b04149f142be92310ecc69e1358f94b52?s=96&d=mm&r=g","caption":"Med Ahmed"},"url":"https:\/\/lequotidien.mr\/?author=12"}]}},"_links":{"self":[{"href":"https:\/\/lequotidien.mr\/index.php?rest_route=\/wp\/v2\/posts\/21786","targetHints":{"allow":["GET"]}}],"collection":[{"href":"https:\/\/lequotidien.mr\/index.php?rest_route=\/wp\/v2\/posts"}],"about":[{"href":"https:\/\/lequotidien.mr\/index.php?rest_route=\/wp\/v2\/types\/post"}],"author":[{"embeddable":true,"href":"https:\/\/lequotidien.mr\/index.php?rest_route=\/wp\/v2\/users\/12"}],"replies":[{"embeddable":true,"href":"https:\/\/lequotidien.mr\/index.php?rest_route=%2Fwp%2Fv2%2Fcomments&post=21786"}],"version-history":[{"count":1,"href":"https:\/\/lequotidien.mr\/index.php?rest_route=\/wp\/v2\/posts\/21786\/revisions"}],"predecessor-version":[{"id":21788,"href":"https:\/\/lequotidien.mr\/index.php?rest_route=\/wp\/v2\/posts\/21786\/revisions\/21788"}],"wp:featuredmedia":[{"embeddable":true,"href":"https:\/\/lequotidien.mr\/index.php?rest_route=\/wp\/v2\/media\/21787"}],"wp:attachment":[{"href":"https:\/\/lequotidien.mr\/index.php?rest_route=%2Fwp%2Fv2%2Fmedia&parent=21786"}],"wp:term":[{"taxonomy":"category","embeddable":true,"href":"https:\/\/lequotidien.mr\/index.php?rest_route=%2Fwp%2Fv2%2Fcategories&post=21786"},{"taxonomy":"post_tag","embeddable":true,"href":"https:\/\/lequotidien.mr\/index.php?rest_route=%2Fwp%2Fv2%2Ftags&post=21786"}],"curies":[{"name":"wp","href":"https:\/\/api.w.org\/{rel}","templated":true}]}}