{"id":21764,"date":"2024-10-08T17:45:23","date_gmt":"2024-10-08T17:45:23","guid":{"rendered":"https:\/\/lequotidien.mr\/?p=21764"},"modified":"2024-10-08T17:58:17","modified_gmt":"2024-10-08T17:58:17","slug":"conference-de-hambourg-sur-le-developpement-durable-le-president-el-ghazouani-loue-le-partenariat-entre-lafrique-et-lida","status":"publish","type":"post","link":"https:\/\/lequotidien.mr\/?p=21764&lang=fr","title":{"rendered":"Conf\u00e9rence de Hambourg sur le d\u00e9veloppement durable : Le Pr\u00e9sident EL Ghazouani loue le partenariat entre l&#8217;Afrique et l\u2019IDA"},"content":{"rendered":"<p>Le Pr\u00e9sident de la R\u00e9publique, Mohamed Cheikh El Ghazouani, \u00e9galement Pr\u00e9sident en exercice de l&#8217;Union Africaine, a pris part \u00e0 la Conf\u00e9rence de Hambourg sur le d\u00e9veloppement durable. Lors de cette conf\u00e9rence, il a particip\u00e9 \u00e0 un panel ax\u00e9 sur le th\u00e8me \u00ab Mettre l&#8217;Afrique sur la voie de la prosp\u00e9rit\u00e9 en partenariat avec l&#8217;IDA \u00bb. Son intervention a mis en lumi\u00e8re les besoins urgents de financement de l&#8217;Afrique pour atteindre les Objectifs de D\u00e9veloppement Durable (ODD) et mettre en \u0153uvre l&#8217;Agenda 2063 de l&#8217;Union Africaine.<\/p>\n<p><strong>L&#8217;ampleur des d\u00e9fis de financement en Afrique<\/strong><\/p>\n<p>Le Pr\u00e9sident El Ghazouani a commenc\u00e9 par souligner l&#8217;ampleur des besoins financiers du continent africain pour r\u00e9aliser ces objectifs. Selon ses estimations, ces besoins varient entre 194 et 470 milliards de dollars. Il a rappel\u00e9 la crise de la dette que traverse l&#8217;Afrique, qui a tripl\u00e9 entre 2009 et 2022, passant de 220 \u00e0 655 milliards de dollars. Pour faire face \u00e0 cette crise, les pays africains ont un besoin crucial des ressources concessionnelles offertes par l&#8217;Association Internationale de D\u00e9veloppement (IDA), afin de limiter les risques de surendettement<\/p>\n<p>Il a \u00e9galement mis l\u2019accent sur l&#8217;appel lanc\u00e9 en 2021 avec plusieurs chefs d&#8217;\u00c9tats africains pour une reconstitution ambitieuse des ressources de l&#8217;IDA. Cet appel a \u00e9t\u00e9 entendu, puisque l&#8217;IDA 20 a permis de mobiliser 93 milliards de dollars, dont 70 % ont \u00e9t\u00e9 allou\u00e9s \u00e0 l&#8217;Afrique, att\u00e9nuant ainsi les effets catastrophiques de la pand\u00e9mie de COVID-19 sur les \u00e9conomies africaines<\/p>\n<p><strong>L&#8217;impact du changement climatique en Mauritanie<\/strong><\/p>\n<p>Abordant la question du changement climatique, le Pr\u00e9sident Ghazouani a expliqu\u00e9 que la Mauritanie subit particuli\u00e8rement les effets n\u00e9fastes de ce ph\u00e9nom\u00e8ne, \u00e9tant un pays c\u00f4tier. L&#8217;augmentation des temp\u00e9ratures des oc\u00e9ans menace le littoral du pays, tandis que les s\u00e9cheresses r\u00e9p\u00e9t\u00e9es provoquent des migrations de populations et une urbanisation anarchique. Cette situation constitue un d\u00e9fi majeur pour la Mauritanie, qui doit \u00e0 la fois lutter contre la pauvret\u00e9 et s&#8217;adapter aux cons\u00e9quences.<\/p>\n<p>En \u00e9largissant la discussion \u00e0 l&#8217;ensemble de l&#8217;Afrique, il a insist\u00e9 sur le dilemme auquel font face les pays africains, qui doivent choisir entre financer l&#8217;adaptation au changement climatique ou continuer \u00e0 lutter contre la pauvret\u00e9. Ce dilemme est inacceptable, a-t-il affirm\u00e9, appelant \u00e0 une augmentation substantielle de l&#8217;aide au d\u00e9veloppement, en particulier des fonds de l&#8217;IDA, dont l&#8217;Afrique est le principale b\u00e9n\u00e9ficiaire.<\/p>\n<p><strong>L\u2019engagement de l&#8217;IDA en Afrique<\/strong><\/p>\n<p>Le Pr\u00e9sident El Ghazouani a, par ailleurs, salu\u00e9 l&#8217;engagement de l&#8217;IDA dans le financement du d\u00e9veloppement en Afrique. Il a soulign\u00e9 que depuis des d\u00e9cennies, plus de 1,5 milliard de personnes dans le monde ont b\u00e9n\u00e9fici\u00e9 des financements de l&#8217;IDA, dont un grand nombre d&#8217;Africains. Ces financements ont eu un impact positif et durable sur les \u00e9conomies africaines, y compris la Mauritanie.<\/p>\n<p>Ainsi, le soutien de l&#8217;IDA a permis de renforcer le capital humain, de construire des infrastructures essentielles et de r\u00e9duire les in\u00e9galit\u00e9s. Pour le Pr\u00e9sident El Ghazouani, les investissements de l&#8217;IDA dans des projets viables sur le long terme, tels que la protection de l&#8217;environnement et la lutte contre les in\u00e9galit\u00e9s \u00e9conomiques, sont essentiels \u00e0 la prosp\u00e9rit\u00e9 de l&#8217;Afrique. Il a plaid\u00e9 pour une reconstitution encore plus ambitieuse des ressources de l&#8217;IDA afin de r\u00e9pondre aux d\u00e9fis croissants pos\u00e9s par le changement climatique et les crises \u00e9conomiques.<\/p>\n<p>En tant que Pr\u00e9sident en exercice de l&#8217;Union Africaine, M. Mohamed Cheikh El Ghazouani a r\u00e9affirm\u00e9 l&#8217;importance du partenariat entre l&#8217;Afrique et l&#8217;IDA pour atteindre une prosp\u00e9rit\u00e9 durable. Face aux d\u00e9fis du changement climatique, de la dette et de la pauvret\u00e9, il a insist\u00e9 sur la n\u00e9cessit\u00e9 d&#8217;un soutien soutenu et d&#8217;une mobilisation internationale permanente.<\/p>\n","protected":false},"excerpt":{"rendered":"<p>Le Pr\u00e9sident de la R\u00e9publique, Mohamed Cheikh El Ghazouani, \u00e9galement Pr\u00e9sident en exercice de l&#8217;Union Africaine, a pris part \u00e0 la Conf\u00e9rence de Hambourg sur le d\u00e9veloppement durable. Lors de cette conf\u00e9rence, il a particip\u00e9 \u00e0 un panel ax\u00e9 sur le th\u00e8me \u00ab Mettre l&#8217;Afrique sur la voie de la prosp\u00e9rit\u00e9 en partenariat avec l&#8217;IDA&#8230;..<\/p>\n","protected":false},"author":12,"featured_media":21765,"comment_status":"open","ping_status":"open","sticky":false,"template":"","format":"standard","meta":{"footnotes":""},"categories":[23,49],"tags":[],"class_list":["post-21764","post","type-post","status-publish","format-standard","has-post-thumbnail","hentry","category-actualite","category-economie"],"yoast_head":"<!-- This site is optimized with the Yoast SEO plugin v27.5 - https:\/\/yoast.com\/product\/yoast-seo-wordpress\/ -->\n<title>Conf\u00e9rence de Hambourg sur le d\u00e9veloppement durable : Le Pr\u00e9sident EL Ghazouani loue le partenariat entre l&#039;Afrique et l\u2019IDA - Le Quotidien de Nouakchott<\/title>\n<meta name=\"robots\" content=\"index, follow, max-snippet:-1, max-image-preview:large, max-video-preview:-1\" \/>\n<link rel=\"canonical\" href=\"https:\/\/lequotidien.mr\/?p=21764&lang=fr\" \/>\n<meta property=\"og:locale\" content=\"ar_AR\" \/>\n<meta property=\"og:type\" content=\"article\" \/>\n<meta property=\"og:title\" content=\"Conf\u00e9rence de Hambourg sur le d\u00e9veloppement durable : Le Pr\u00e9sident EL Ghazouani loue le partenariat entre l&#039;Afrique et l\u2019IDA - Le Quotidien de Nouakchott\" \/>\n<meta property=\"og:description\" content=\"Le Pr\u00e9sident de la R\u00e9publique, Mohamed Cheikh El Ghazouani, \u00e9galement Pr\u00e9sident en exercice de l&#8217;Union Africaine, a pris part \u00e0 la Conf\u00e9rence de Hambourg sur le d\u00e9veloppement durable. Lors de cette conf\u00e9rence, il a particip\u00e9 \u00e0 un panel ax\u00e9 sur le th\u00e8me \u00ab Mettre l&#8217;Afrique sur la voie de la prosp\u00e9rit\u00e9 en partenariat avec l&#8217;IDA.....\" \/>\n<meta property=\"og:url\" content=\"https:\/\/lequotidien.mr\/?p=21764&amp;lang=fr\" \/>\n<meta property=\"og:site_name\" content=\"Le Quotidien de Nouakchott\" \/>\n<meta property=\"article:publisher\" content=\"https:\/\/web.facebook.com\/lequotidienmr\" \/>\n<meta property=\"article:published_time\" content=\"2024-10-08T17:45:23+00:00\" \/>\n<meta property=\"article:modified_time\" content=\"2024-10-08T17:58:17+00:00\" \/>\n<meta property=\"og:image\" content=\"https:\/\/lequotidien.mr\/wp-content\/uploads\/2024\/10\/photo-Ghazouani-cfce-Hambourg-2.jpg\" \/>\n\t<meta property=\"og:image:width\" content=\"640\" \/>\n\t<meta property=\"og:image:height\" content=\"382\" \/>\n\t<meta property=\"og:image:type\" content=\"image\/jpeg\" \/>\n<meta name=\"author\" content=\"Med Ahmed\" \/>\n<meta name=\"twitter:card\" content=\"summary_large_image\" \/>\n<meta name=\"twitter:creator\" content=\"@lequotidienmr\" \/>\n<meta name=\"twitter:site\" content=\"@lequotidienmr\" \/>\n<meta name=\"twitter:label1\" content=\"\u0643\u064f\u062a\u0628 \u0628\u0648\u0627\u0633\u0637\u0629\" \/>\n\t<meta name=\"twitter:data1\" content=\"Med Ahmed\" \/>\n\t<meta name=\"twitter:label2\" content=\"\u0648\u0642\u062a \u0627\u0644\u0642\u0631\u0627\u0621\u0629 \u0627\u0644\u0645\u064f\u0642\u062f\u0651\u0631\" \/>\n\t<meta name=\"twitter:data2\" content=\"3 \u062f\u0642\u0627\u0626\u0642\" \/>\n<script type=\"application\/ld+json\" class=\"yoast-schema-graph\">{\"@context\":\"https:\\\/\\\/schema.org\",\"@graph\":[{\"@type\":\"Article\",\"@id\":\"https:\\\/\\\/lequotidien.mr\\\/?p=21764&lang=fr#article\",\"isPartOf\":{\"@id\":\"https:\\\/\\\/lequotidien.mr\\\/?p=21764&lang=fr\"},\"author\":{\"name\":\"Med Ahmed\",\"@id\":\"https:\\\/\\\/lequotidien.mr\\\/#\\\/schema\\\/person\\\/d2d350202a4d599685ed8abc25f97596\"},\"headline\":\"Conf\u00e9rence de Hambourg sur le d\u00e9veloppement durable : Le Pr\u00e9sident EL Ghazouani loue le partenariat entre l&#8217;Afrique et l\u2019IDA\",\"datePublished\":\"2024-10-08T17:45:23+00:00\",\"dateModified\":\"2024-10-08T17:58:17+00:00\",\"mainEntityOfPage\":{\"@id\":\"https:\\\/\\\/lequotidien.mr\\\/?p=21764&lang=fr\"},\"wordCount\":686,\"commentCount\":0,\"publisher\":{\"@id\":\"https:\\\/\\\/lequotidien.mr\\\/#organization\"},\"image\":{\"@id\":\"https:\\\/\\\/lequotidien.mr\\\/?p=21764&lang=fr#primaryimage\"},\"thumbnailUrl\":\"https:\\\/\\\/lequotidien.mr\\\/wp-content\\\/uploads\\\/2024\\\/10\\\/photo-Ghazouani-cfce-Hambourg-2.jpg\",\"articleSection\":[\"ACTUALIT\u00c9\",\"Economie\"],\"inLanguage\":\"ar\",\"potentialAction\":[{\"@type\":\"CommentAction\",\"name\":\"Comment\",\"target\":[\"https:\\\/\\\/lequotidien.mr\\\/?p=21764&lang=fr#respond\"]}]},{\"@type\":\"WebPage\",\"@id\":\"https:\\\/\\\/lequotidien.mr\\\/?p=21764&lang=fr\",\"url\":\"https:\\\/\\\/lequotidien.mr\\\/?p=21764&lang=fr\",\"name\":\"Conf\u00e9rence de Hambourg sur le d\u00e9veloppement durable : Le Pr\u00e9sident EL Ghazouani loue le partenariat entre l'Afrique et l\u2019IDA - Le Quotidien de Nouakchott\",\"isPartOf\":{\"@id\":\"https:\\\/\\\/lequotidien.mr\\\/#website\"},\"primaryImageOfPage\":{\"@id\":\"https:\\\/\\\/lequotidien.mr\\\/?p=21764&lang=fr#primaryimage\"},\"image\":{\"@id\":\"https:\\\/\\\/lequotidien.mr\\\/?p=21764&lang=fr#primaryimage\"},\"thumbnailUrl\":\"https:\\\/\\\/lequotidien.mr\\\/wp-content\\\/uploads\\\/2024\\\/10\\\/photo-Ghazouani-cfce-Hambourg-2.jpg\",\"datePublished\":\"2024-10-08T17:45:23+00:00\",\"dateModified\":\"2024-10-08T17:58:17+00:00\",\"breadcrumb\":{\"@id\":\"https:\\\/\\\/lequotidien.mr\\\/?p=21764&lang=fr#breadcrumb\"},\"inLanguage\":\"ar\",\"potentialAction\":[{\"@type\":\"ReadAction\",\"target\":[\"https:\\\/\\\/lequotidien.mr\\\/?p=21764&lang=fr\"]}]},{\"@type\":\"ImageObject\",\"inLanguage\":\"ar\",\"@id\":\"https:\\\/\\\/lequotidien.mr\\\/?p=21764&lang=fr#primaryimage\",\"url\":\"https:\\\/\\\/lequotidien.mr\\\/wp-content\\\/uploads\\\/2024\\\/10\\\/photo-Ghazouani-cfce-Hambourg-2.jpg\",\"contentUrl\":\"https:\\\/\\\/lequotidien.mr\\\/wp-content\\\/uploads\\\/2024\\\/10\\\/photo-Ghazouani-cfce-Hambourg-2.jpg\",\"width\":640,\"height\":382},{\"@type\":\"BreadcrumbList\",\"@id\":\"https:\\\/\\\/lequotidien.mr\\\/?p=21764&lang=fr#breadcrumb\",\"itemListElement\":[{\"@type\":\"ListItem\",\"position\":1,\"name\":\"Home\",\"item\":\"https:\\\/\\\/lequotidien.mr\\\/\"},{\"@type\":\"ListItem\",\"position\":2,\"name\":\"Conf\u00e9rence de Hambourg sur le d\u00e9veloppement durable : Le Pr\u00e9sident EL Ghazouani loue le partenariat entre l&rsquo;Afrique et l\u2019IDA\"}]},{\"@type\":\"WebSite\",\"@id\":\"https:\\\/\\\/lequotidien.mr\\\/#website\",\"url\":\"https:\\\/\\\/lequotidien.mr\\\/\",\"name\":\"Le Quotidien de Nouakchott\",\"description\":\"\u0625\u062e\u0628\u0627\u0631\u064a\u0629 \u0645\u0633\u062a\u0642\u0644\u0629 \u0644\u0644\u0623\u0646\u0628\u0627\u0621 \u0627\u0644\u0639\u0627\u0645\u0629\",\"publisher\":{\"@id\":\"https:\\\/\\\/lequotidien.mr\\\/#organization\"},\"potentialAction\":[{\"@type\":\"SearchAction\",\"target\":{\"@type\":\"EntryPoint\",\"urlTemplate\":\"https:\\\/\\\/lequotidien.mr\\\/?s={search_term_string}\"},\"query-input\":{\"@type\":\"PropertyValueSpecification\",\"valueRequired\":true,\"valueName\":\"search_term_string\"}}],\"inLanguage\":\"ar\"},{\"@type\":\"Organization\",\"@id\":\"https:\\\/\\\/lequotidien.mr\\\/#organization\",\"name\":\"Le Quotidien de Nouakchott\",\"url\":\"https:\\\/\\\/lequotidien.mr\\\/\",\"logo\":{\"@type\":\"ImageObject\",\"inLanguage\":\"ar\",\"@id\":\"https:\\\/\\\/lequotidien.mr\\\/#\\\/schema\\\/logo\\\/image\\\/\",\"url\":\"https:\\\/\\\/lequotidien.mr\\\/wp-content\\\/uploads\\\/2022\\\/11\\\/logolequotidien.jpg\",\"contentUrl\":\"https:\\\/\\\/lequotidien.mr\\\/wp-content\\\/uploads\\\/2022\\\/11\\\/logolequotidien.jpg\",\"width\":290,\"height\":65,\"caption\":\"Le Quotidien de Nouakchott\"},\"image\":{\"@id\":\"https:\\\/\\\/lequotidien.mr\\\/#\\\/schema\\\/logo\\\/image\\\/\"},\"sameAs\":[\"https:\\\/\\\/web.facebook.com\\\/lequotidienmr\",\"https:\\\/\\\/x.com\\\/lequotidienmr\"]},{\"@type\":\"Person\",\"@id\":\"https:\\\/\\\/lequotidien.mr\\\/#\\\/schema\\\/person\\\/d2d350202a4d599685ed8abc25f97596\",\"name\":\"Med Ahmed\",\"image\":{\"@type\":\"ImageObject\",\"inLanguage\":\"ar\",\"@id\":\"https:\\\/\\\/secure.gravatar.com\\\/avatar\\\/fd2acc62ed50732923d1d39c17172c9b04149f142be92310ecc69e1358f94b52?s=96&d=mm&r=g\",\"url\":\"https:\\\/\\\/secure.gravatar.com\\\/avatar\\\/fd2acc62ed50732923d1d39c17172c9b04149f142be92310ecc69e1358f94b52?s=96&d=mm&r=g\",\"contentUrl\":\"https:\\\/\\\/secure.gravatar.com\\\/avatar\\\/fd2acc62ed50732923d1d39c17172c9b04149f142be92310ecc69e1358f94b52?s=96&d=mm&r=g\",\"caption\":\"Med Ahmed\"},\"url\":\"https:\\\/\\\/lequotidien.mr\\\/?author=12\"}]}<\/script>\n<!-- \/ Yoast SEO plugin. -->","yoast_head_json":{"title":"Conf\u00e9rence de Hambourg sur le d\u00e9veloppement durable : Le Pr\u00e9sident EL Ghazouani loue le partenariat entre l'Afrique et l\u2019IDA - Le Quotidien de Nouakchott","robots":{"index":"index","follow":"follow","max-snippet":"max-snippet:-1","max-image-preview":"max-image-preview:large","max-video-preview":"max-video-preview:-1"},"canonical":"https:\/\/lequotidien.mr\/?p=21764&lang=fr","og_locale":"ar_AR","og_type":"article","og_title":"Conf\u00e9rence de Hambourg sur le d\u00e9veloppement durable : Le Pr\u00e9sident EL Ghazouani loue le partenariat entre l'Afrique et l\u2019IDA - Le Quotidien de Nouakchott","og_description":"Le Pr\u00e9sident de la R\u00e9publique, Mohamed Cheikh El Ghazouani, \u00e9galement Pr\u00e9sident en exercice de l&#8217;Union Africaine, a pris part \u00e0 la Conf\u00e9rence de Hambourg sur le d\u00e9veloppement durable. Lors de cette conf\u00e9rence, il a particip\u00e9 \u00e0 un panel ax\u00e9 sur le th\u00e8me \u00ab Mettre l&#8217;Afrique sur la voie de la prosp\u00e9rit\u00e9 en partenariat avec l&#8217;IDA.....","og_url":"https:\/\/lequotidien.mr\/?p=21764&lang=fr","og_site_name":"Le Quotidien de Nouakchott","article_publisher":"https:\/\/web.facebook.com\/lequotidienmr","article_published_time":"2024-10-08T17:45:23+00:00","article_modified_time":"2024-10-08T17:58:17+00:00","og_image":[{"width":640,"height":382,"url":"https:\/\/lequotidien.mr\/wp-content\/uploads\/2024\/10\/photo-Ghazouani-cfce-Hambourg-2.jpg","type":"image\/jpeg"}],"author":"Med Ahmed","twitter_card":"summary_large_image","twitter_creator":"@lequotidienmr","twitter_site":"@lequotidienmr","twitter_misc":{"\u0643\u064f\u062a\u0628 \u0628\u0648\u0627\u0633\u0637\u0629":"Med Ahmed","\u0648\u0642\u062a \u0627\u0644\u0642\u0631\u0627\u0621\u0629 \u0627\u0644\u0645\u064f\u0642\u062f\u0651\u0631":"3 \u062f\u0642\u0627\u0626\u0642"},"schema":{"@context":"https:\/\/schema.org","@graph":[{"@type":"Article","@id":"https:\/\/lequotidien.mr\/?p=21764&lang=fr#article","isPartOf":{"@id":"https:\/\/lequotidien.mr\/?p=21764&lang=fr"},"author":{"name":"Med Ahmed","@id":"https:\/\/lequotidien.mr\/#\/schema\/person\/d2d350202a4d599685ed8abc25f97596"},"headline":"Conf\u00e9rence de Hambourg sur le d\u00e9veloppement durable : Le Pr\u00e9sident EL Ghazouani loue le partenariat entre l&#8217;Afrique et l\u2019IDA","datePublished":"2024-10-08T17:45:23+00:00","dateModified":"2024-10-08T17:58:17+00:00","mainEntityOfPage":{"@id":"https:\/\/lequotidien.mr\/?p=21764&lang=fr"},"wordCount":686,"commentCount":0,"publisher":{"@id":"https:\/\/lequotidien.mr\/#organization"},"image":{"@id":"https:\/\/lequotidien.mr\/?p=21764&lang=fr#primaryimage"},"thumbnailUrl":"https:\/\/lequotidien.mr\/wp-content\/uploads\/2024\/10\/photo-Ghazouani-cfce-Hambourg-2.jpg","articleSection":["ACTUALIT\u00c9","Economie"],"inLanguage":"ar","potentialAction":[{"@type":"CommentAction","name":"Comment","target":["https:\/\/lequotidien.mr\/?p=21764&lang=fr#respond"]}]},{"@type":"WebPage","@id":"https:\/\/lequotidien.mr\/?p=21764&lang=fr","url":"https:\/\/lequotidien.mr\/?p=21764&lang=fr","name":"Conf\u00e9rence de Hambourg sur le d\u00e9veloppement durable : Le Pr\u00e9sident EL Ghazouani loue le partenariat entre l'Afrique et l\u2019IDA - Le Quotidien de Nouakchott","isPartOf":{"@id":"https:\/\/lequotidien.mr\/#website"},"primaryImageOfPage":{"@id":"https:\/\/lequotidien.mr\/?p=21764&lang=fr#primaryimage"},"image":{"@id":"https:\/\/lequotidien.mr\/?p=21764&lang=fr#primaryimage"},"thumbnailUrl":"https:\/\/lequotidien.mr\/wp-content\/uploads\/2024\/10\/photo-Ghazouani-cfce-Hambourg-2.jpg","datePublished":"2024-10-08T17:45:23+00:00","dateModified":"2024-10-08T17:58:17+00:00","breadcrumb":{"@id":"https:\/\/lequotidien.mr\/?p=21764&lang=fr#breadcrumb"},"inLanguage":"ar","potentialAction":[{"@type":"ReadAction","target":["https:\/\/lequotidien.mr\/?p=21764&lang=fr"]}]},{"@type":"ImageObject","inLanguage":"ar","@id":"https:\/\/lequotidien.mr\/?p=21764&lang=fr#primaryimage","url":"https:\/\/lequotidien.mr\/wp-content\/uploads\/2024\/10\/photo-Ghazouani-cfce-Hambourg-2.jpg","contentUrl":"https:\/\/lequotidien.mr\/wp-content\/uploads\/2024\/10\/photo-Ghazouani-cfce-Hambourg-2.jpg","width":640,"height":382},{"@type":"BreadcrumbList","@id":"https:\/\/lequotidien.mr\/?p=21764&lang=fr#breadcrumb","itemListElement":[{"@type":"ListItem","position":1,"name":"Home","item":"https:\/\/lequotidien.mr\/"},{"@type":"ListItem","position":2,"name":"Conf\u00e9rence de Hambourg sur le d\u00e9veloppement durable : Le Pr\u00e9sident EL Ghazouani loue le partenariat entre l&rsquo;Afrique et l\u2019IDA"}]},{"@type":"WebSite","@id":"https:\/\/lequotidien.mr\/#website","url":"https:\/\/lequotidien.mr\/","name":"Le Quotidien de Nouakchott","description":"\u0625\u062e\u0628\u0627\u0631\u064a\u0629 \u0645\u0633\u062a\u0642\u0644\u0629 \u0644\u0644\u0623\u0646\u0628\u0627\u0621 \u0627\u0644\u0639\u0627\u0645\u0629","publisher":{"@id":"https:\/\/lequotidien.mr\/#organization"},"potentialAction":[{"@type":"SearchAction","target":{"@type":"EntryPoint","urlTemplate":"https:\/\/lequotidien.mr\/?s={search_term_string}"},"query-input":{"@type":"PropertyValueSpecification","valueRequired":true,"valueName":"search_term_string"}}],"inLanguage":"ar"},{"@type":"Organization","@id":"https:\/\/lequotidien.mr\/#organization","name":"Le Quotidien de Nouakchott","url":"https:\/\/lequotidien.mr\/","logo":{"@type":"ImageObject","inLanguage":"ar","@id":"https:\/\/lequotidien.mr\/#\/schema\/logo\/image\/","url":"https:\/\/lequotidien.mr\/wp-content\/uploads\/2022\/11\/logolequotidien.jpg","contentUrl":"https:\/\/lequotidien.mr\/wp-content\/uploads\/2022\/11\/logolequotidien.jpg","width":290,"height":65,"caption":"Le Quotidien de Nouakchott"},"image":{"@id":"https:\/\/lequotidien.mr\/#\/schema\/logo\/image\/"},"sameAs":["https:\/\/web.facebook.com\/lequotidienmr","https:\/\/x.com\/lequotidienmr"]},{"@type":"Person","@id":"https:\/\/lequotidien.mr\/#\/schema\/person\/d2d350202a4d599685ed8abc25f97596","name":"Med Ahmed","image":{"@type":"ImageObject","inLanguage":"ar","@id":"https:\/\/secure.gravatar.com\/avatar\/fd2acc62ed50732923d1d39c17172c9b04149f142be92310ecc69e1358f94b52?s=96&d=mm&r=g","url":"https:\/\/secure.gravatar.com\/avatar\/fd2acc62ed50732923d1d39c17172c9b04149f142be92310ecc69e1358f94b52?s=96&d=mm&r=g","contentUrl":"https:\/\/secure.gravatar.com\/avatar\/fd2acc62ed50732923d1d39c17172c9b04149f142be92310ecc69e1358f94b52?s=96&d=mm&r=g","caption":"Med Ahmed"},"url":"https:\/\/lequotidien.mr\/?author=12"}]}},"_links":{"self":[{"href":"https:\/\/lequotidien.mr\/index.php?rest_route=\/wp\/v2\/posts\/21764","targetHints":{"allow":["GET"]}}],"collection":[{"href":"https:\/\/lequotidien.mr\/index.php?rest_route=\/wp\/v2\/posts"}],"about":[{"href":"https:\/\/lequotidien.mr\/index.php?rest_route=\/wp\/v2\/types\/post"}],"author":[{"embeddable":true,"href":"https:\/\/lequotidien.mr\/index.php?rest_route=\/wp\/v2\/users\/12"}],"replies":[{"embeddable":true,"href":"https:\/\/lequotidien.mr\/index.php?rest_route=%2Fwp%2Fv2%2Fcomments&post=21764"}],"version-history":[{"count":4,"href":"https:\/\/lequotidien.mr\/index.php?rest_route=\/wp\/v2\/posts\/21764\/revisions"}],"predecessor-version":[{"id":21769,"href":"https:\/\/lequotidien.mr\/index.php?rest_route=\/wp\/v2\/posts\/21764\/revisions\/21769"}],"wp:featuredmedia":[{"embeddable":true,"href":"https:\/\/lequotidien.mr\/index.php?rest_route=\/wp\/v2\/media\/21765"}],"wp:attachment":[{"href":"https:\/\/lequotidien.mr\/index.php?rest_route=%2Fwp%2Fv2%2Fmedia&parent=21764"}],"wp:term":[{"taxonomy":"category","embeddable":true,"href":"https:\/\/lequotidien.mr\/index.php?rest_route=%2Fwp%2Fv2%2Fcategories&post=21764"},{"taxonomy":"post_tag","embeddable":true,"href":"https:\/\/lequotidien.mr\/index.php?rest_route=%2Fwp%2Fv2%2Ftags&post=21764"}],"curies":[{"name":"wp","href":"https:\/\/api.w.org\/{rel}","templated":true}]}}