{"id":21751,"date":"2024-10-07T17:44:50","date_gmt":"2024-10-07T17:44:50","guid":{"rendered":"https:\/\/lequotidien.mr\/?p=21751"},"modified":"2024-10-07T17:44:50","modified_gmt":"2024-10-07T17:44:50","slug":"ministre-de-leducation-nationale-nous-travaillons-a-la-realisation-des-objectifs-de-lecole-republicaine-et-des-objectifs-de-la-reforme","status":"publish","type":"post","link":"https:\/\/lequotidien.mr\/?p=21751&lang=fr","title":{"rendered":"Ministre de l\u2019\u00e9ducation nationale : \u00ab Nous travaillons \u00e0 la r\u00e9alisation des objectifs de l\u2019\u00e9cole r\u00e9publicaine et des objectifs de la r\u00e9forme \u00bb"},"content":{"rendered":"<p>La ministre de l\u2019\u00e9ducation et de la r\u00e9forme du syst\u00e8me d\u2019enseignement, Mme Houda Mint Babah, a soulign\u00e9 que le r\u00eave de l\u2019\u00e9cole r\u00e9publicaine, qui constitue depuis des d\u00e9cennies un espoir pour tous les Mauritaniens, n\u2019aurait pas \u00e9t\u00e9 r\u00e9alis\u00e9 sans la vision et l\u2019int\u00e9r\u00eat de Son Excellence le Pr\u00e9sident de la R\u00e9publique, M. Mohamed Ould Cheikh El-Ghazouani, pour le secteur de l\u2019\u00e9ducation et sa d\u00e9termination \u00e0 le r\u00e9former en offrant une \u00e9ducation de qualit\u00e9 et compl\u00e8te \u00e0 tous les enfants mauritaniens.<\/p>\n<p>Dans un discours prononc\u00e9 \u00e0 l\u2019occasion de l\u2019ouverture de l\u2019ann\u00e9e scolaire 2024-2025, demain lundi (7 octobre 2024), elle a d\u00e9clar\u00e9 que nous entrons dans une phase importante du projet de l\u2019\u00e9cole r\u00e9publicaine, car nous avan\u00e7ons avec confiance pour redonner \u00e0 l\u2019\u00e9cole primaire sa place et son r\u00f4le, en tant que lieu de brassage pour tous les Mauritaniens, afin que nos enfants se retrouvent dans les m\u00eames salles de classe, sous les m\u00eames toits, et re\u00e7oivent les m\u00eames programmes et cours d\u2019une mani\u00e8re plus compl\u00e8te, plus efficace et plus globale.<\/p>\n<p>Voici le texte de l\u2019allocution de Son Excellence Madame la Ministre de l\u2019\u00c9ducation et de la R\u00e9forme du Syst\u00e8me d\u2019Enseignement :<\/p>\n<p>\u201cAu nom d\u2019Allah, le Tout Mis\u00e9ricordieux, le Tr\u00e8s Mis\u00e9ricordieux.<\/p>\n<p>chers professeurs et enseignants<\/p>\n<p>Honorable famille \u00e9ducative.<\/p>\n<p>Permettez-moi, tout d\u2019abord, de vous f\u00e9liciter, tous, en ce d\u00e9but de nouvelle ann\u00e9e scolaire, apr\u00e8s des vacances que vous avez pass\u00e9es, nous l\u2019esp\u00e9rons, dans une atmosph\u00e8re de paix et de prosp\u00e9rit\u00e9, et desquelles vous revenez dot\u00e9s d\u2019un esprit de d\u00e9termination, de pr\u00e9paration et de disponibilit\u00e9 pour reprendre le chemin des classes o\u00f9 vous attend cette t\u00e2che d\u2019\u00e9duquer et de mise en \u0153uvre de la r\u00e9forme qui constituent la plus noble des missions, \u00e0 savoir l\u2019\u00e9veil des esprits de nos enfants au savoir et la formation des g\u00e9n\u00e9rations, qui est le pari du d\u00e9veloppement et de la prosp\u00e9rit\u00e9 de la nation mauritanienne.<\/p>\n<p>Messieurs, mesdames,<\/p>\n<p>Avec la rentr\u00e9e scolaire, nous entrons dans une phase importante du projet de l\u2019\u00c9cole r\u00e9publicaine, car nous avan\u00e7ons avec confiance vers notre troisi\u00e8me grande \u00e9tape, celle de parcourir la moiti\u00e9 du chemin pour redonner \u00e0 l\u2019\u00e9cole primaire sa place et son r\u00f4le de lieu de brassage de tous les Mauritaniens, toutes ethnies et composantes confondues, afin que nos enfants, tous nos enfants, se retrouvent dans les m\u00eames salles de classe, sous les m\u00eames toits, et re\u00e7oivent les m\u00eames programmes et curricula de mani\u00e8re plus compl\u00e8te, plus efficace et plus globale.<\/p>\n<p>Le r\u00eave d\u2019une Ecole r\u00e9publicaine inclusive qui, depuis des d\u00e9cennies, est l\u2019espoir de tous les Mauritaniens, n\u2019aurait pu se r\u00e9aliser et franchir des \u00e9tapes aussi s\u00fbres et importantes, sans la vision \u00e9clair\u00e9e et le grand int\u00e9r\u00eat de Son Excellence le Pr\u00e9sident de la R\u00e9publique, Monsieur Mohamed Ould Cheikh El-Ghazouani, et sa d\u00e9termination \u00e0 r\u00e9former le secteur de l\u2019\u00e9ducation, en commen\u00e7ant par son engagement \u00e0 assurer une \u00e9ducation de qualit\u00e9 et compl\u00e8te \u00e0 tous les enfants mauritaniens, en passant par sa suivi personnel pour acc\u00e9l\u00e9rer le processus de r\u00e9forme de le mettre en \u0153uvre dans les d\u00e9lais impartis et avec la qualit\u00e9 requise, pour aboutir \u00e0 l\u2019instauration d\u2019une \u00e9cole r\u00e9publicaine qui garantit l\u2019\u00e9galit\u00e9 des chances dans l\u2019enseignement de qualit\u00e9 et r\u00e9alise nos aspirations \u00e0 former des g\u00e9n\u00e9rations scientifiquement comp\u00e9tentes, attach\u00e9es \u00e0 notre identit\u00e9 authentique et \u00e0 nos constantes civilisationnelles et culturelles, capables de faire progresser le pays et de le doter d\u2019experts nationaux qualifi\u00e9s, charg\u00e9s d\u2019exploiter nos ressources et de nous faire avancer vers les \u00e9tapes du progr\u00e8s, du d\u00e9veloppement et de la prosp\u00e9rit\u00e9.<\/p>\n<p>Honorable famille scolaire,<\/p>\n<p>L\u2019attention port\u00e9e \u00e0 l\u2019\u00e9ducation et \u00e0 sa r\u00e9forme a \u00e9t\u00e9 au premier plan des priorit\u00e9s de Son Excellence le Pr\u00e9sident de la R\u00e9publique, Monsieur Mohamed Ould Cheikh El-Ghazouani. Elle a port\u00e9 sur le dossier de l\u2019\u00e9ducation dans toutes ses composantes et d\u00e9tails, Son Excellence ayant donn\u00e9 ses hautes directives au gouvernement pour mobiliser les ressources n\u00e9cessaires et ayant tenu \u00e0 suivre de pr\u00e8s la mise en \u0153uvre de la feuille de route de la r\u00e9forme, ce qui a permis au secteur de r\u00e9aliser des r\u00e9sultats significatifs en mati\u00e8re de qualit\u00e9 de l\u2019offre scolaire et de fourniture de services \u00e9ducatifs dans la quantit\u00e9 et la qualit\u00e9 requises.<\/p>\n<p>Ce r\u00e9sultat s\u2019est caract\u00e9ris\u00e9 par des sauts qualitatifs \u00e0 diff\u00e9rents niveaux :<\/p>\n<p>\u2013 Le nombre d\u2019enseignants en classes est pass\u00e9 de 9 607 en 2019 \u00e0 17 222 en 2023.<\/p>\n<p>\u2013 Le nombre de salles de classe a augment\u00e9 de 3 698 entre ao\u00fbt 2019 et ao\u00fbt 2023.<\/p>\n<p>\u2013 Le d\u00e9partement a acquis plus de 85 000 tables-bancs.<\/p>\n<p>\u2013 Le nombre d\u2019\u00e9coles b\u00e9n\u00e9ficiant de cantines scolaires a augment\u00e9 de 233 % entre 2019 et 2024.<\/p>\n<p>\u2013 Le nombre d\u2019\u00e9l\u00e8ves b\u00e9n\u00e9ficiant des cantines a augment\u00e9 de 284 %, passant de 63 025 en 2019 \u00e0 242 548 en 2024.<\/p>\n<p>Mesdames et Messieurs,<\/p>\n<p>La r\u00e9alisation des objectifs de l\u2019\u00c9cole r\u00e9publicaine et de ceux de la r\u00e9forme du syst\u00e8me d\u2019enseignement passe, in\u00e9vitablement, par l\u2019adoption d\u2019une bonne gouvernance et la ma\u00eetrise d\u2019outils de gestion modernes bas\u00e9s sur la normalisation, la transparence et la pr\u00e9cision. Dans ce contexte, le d\u00e9partement a pu :<\/p>\n<p>\u2013 Mettre en \u0153uvre les dispositions de la loi d\u2019orientation sur l\u2019\u00e9ducation en publiant la plupart des textes d\u2019application.<\/p>\n<p>\u2013 La mise en place de la Commission nationale des programmes scolaires.<\/p>\n<p>\u2013 La mise en place du Syst\u00e8me d\u2019Information de Gestion de l\u2019\u00c9ducation (SIGE) pour le contr\u00f4le des ressources humaines et de la logistique.<\/p>\n<p>\u2013 La publication de plusieurs textes pour r\u00e9glementer la mutation et la promotion des enseignants.<\/p>\n<p>\u2013 La cr\u00e9ation de l\u2019Institut national pour la promotion des langues nationales, s\u00e9lection et formation de leurs enseignants, identification des r\u00e9gions o\u00f9 elles seront enseign\u00e9es et r\u00e9daction de leurs programmes pour commencer \u00e0 les enseigner, \u00e0 titre exp\u00e9rimental, au d\u00e9but de l\u2019ann\u00e9e scolaire en cours.<\/p>\n<p>Honorable famille \u00e9ducative,<\/p>\n<p>Vous \u00eates les plus conscients que le processus \u00e9ducatif est un processus participatif par excellence, et que les grands pas que nous avons franchis ensemble sur le chemin de la r\u00e9forme n\u00e9cessitent plus d\u2019efforts et de coh\u00e9sion entre les composantes de la famille \u00e9ducative et tous les partenaires dans le domaine de l\u2019\u00e9ducation, quelles que soient leurs positions, pour pr\u00e9server les acquis et surmonter tous les d\u00e9fis qui se dressent sur le chemin du processus de r\u00e9forme. Conform\u00e9ment \u00e0 ce que le Premier ministre, M. Mokhtar Ould Diay, a annonc\u00e9 dans la politique g\u00e9n\u00e9rale du gouvernement devant l\u2019Assembl\u00e9e nationale, le gouvernement continuera \u00e0 renforcer et \u00e0 consolider les mesures visant \u00e0 r\u00e9aliser une \u00e9ducation de qualit\u00e9, \u00e9quitable et inclusive par les moyens suivants :<\/p>\n<p>\u2013 La fermet\u00e9 face au chaos qu\u2019engendre les nouvelles cr\u00e9ations dues \u00e0 une urbanisation anarchique r\u00e9sultant d\u2019une \u00e9valuation aveugle, et l\u2019adoption d\u2019une carte scolaire rationnelle qui prend en compte les sp\u00e9cificit\u00e9s de notre pays selon les normes les plus r\u00e9centes.<\/p>\n<p>\u2013 La lutte contre la d\u00e9perdition scolaire, en coop\u00e9ration avec nos partenaires, en offrant des conditions favorables et attrayantes dans l\u2019environnement scolaire et en continuant \u00e0 am\u00e9liorer l\u2019offre scolaire.<\/p>\n<p>\u2013 D\u00e9velopper une politique nationale de formation continue pour am\u00e9liorer et actualiser l\u2019expertise des enseignants.<\/p>\n<p>\u2013 L\u2019entretien des installations et la pr\u00e9servation des outils et fournitures scolaires.<\/p>\n<p>\u2013 La lutte contre l\u2019absent\u00e9isme et le d\u00e9veloppement de m\u00e9canismes pour stimuler la productivit\u00e9 et la cr\u00e9ativit\u00e9.<\/p>\n<p>Le secteur a d\u00e9velopp\u00e9 et mis en \u0153uvre un certain nombre de programmes pour permettre aux enfants des couches vuln\u00e9rables de fr\u00e9quenter des \u00e9tablissements d\u2019excellence. Ces programmes sont les suivants :<\/p>\n<p>Le \u00ab Programme Takamol pour la discrimination positive dans les \u00e9coles secondaires d\u2019excellence \u00bb.<\/p>\n<p>Le programme \u00ab Mawaheb \u00bb pour d\u00e9couvrir et soutenir les \u00e9l\u00e8ves exceptionnels.<\/p>\n<p>Le programme \u00ab Joussour \u00bb, qui propose des cours de rattrapage aux \u00e9l\u00e8ves des classes terminales.<\/p>\n<p>la conception, la pr\u00e9paration et l\u2019enregistrement de cours t\u00e9l\u00e9vis\u00e9s et leur mise \u00e0 disposition sur les m\u00e9dias sociaux.<\/p>\n<p>Mesdames et Messieurs, membres de la grande famille \u00e9ducative,<\/p>\n<p>La construction de l\u2019\u00e9difice de l\u2019\u00e9cole r\u00e9publicaine dans lequel nos g\u00e9n\u00e9rations jouiront du rayonnement de ses sciences et de ses comp\u00e9tences ne sera achev\u00e9e que si nos coll\u00e8gues enseignants croient en la noblesse de leur mission et poursuivent leurs sacrifices pour \u00e9tancher la soif de nos \u00e9l\u00e8ves et leur ardeur \u00e0 acqu\u00e9rir les connaissances et les sciences de l\u2019\u00e9poque.<\/p>\n<p>Cet \u00e9difice n\u2019atteindra sa pl\u00e9nitude que si les parents d\u2019\u00e9l\u00e8ves et les diff\u00e9rents acteurs de l\u2019\u00e9ducation, y compris les syndicats et les organisations, sont attentifs aux moindres aspects du processus \u00e9ducatif.<\/p>\n<p>En priant Allah le Tout-puissant de nous accorder \u00e0 tous le succ\u00e8s dans la r\u00e9alisation des objectifs fix\u00e9s pour l\u2019\u00e9cole r\u00e9publicaine, j\u2019annonce \u2013 avec la b\u00e9n\u00e9diction d\u2019Allah \u2013 que demain, lundi 7 octobre 2024, sera le d\u00e9but de l\u2019ann\u00e9e scolaire 2024-2025. J\u2019esp\u00e8re que nos efforts seront couronn\u00e9s de succ\u00e8s et que nos objectifs seront r\u00e9alis\u00e9s. Allah est au fait de toutes intentions.<\/p>\n<p>Je vous remercie.<\/p>\n<p>Que la paix, la mis\u00e9ricorde et les b\u00e9n\u00e9dictions d\u2019Allah soient sur vous.\u201d<\/p>\n<p><strong>Source\u00a0: AMI<\/strong><\/p>\n","protected":false},"excerpt":{"rendered":"<p>La ministre de l\u2019\u00e9ducation et de la r\u00e9forme du syst\u00e8me d\u2019enseignement, Mme Houda Mint Babah, a soulign\u00e9 que le r\u00eave de l\u2019\u00e9cole r\u00e9publicaine, qui constitue depuis des d\u00e9cennies un espoir pour tous les Mauritaniens, n\u2019aurait pas \u00e9t\u00e9 r\u00e9alis\u00e9 sans la vision et l\u2019int\u00e9r\u00eat de Son Excellence le Pr\u00e9sident de la R\u00e9publique, M. Mohamed Ould Cheikh&#8230;..<\/p>\n","protected":false},"author":12,"featured_media":21752,"comment_status":"open","ping_status":"open","sticky":false,"template":"","format":"standard","meta":{"footnotes":""},"categories":[23,55],"tags":[],"class_list":["post-21751","post","type-post","status-publish","format-standard","has-post-thumbnail","hentry","category-actualite","category-culture"],"yoast_head":"<!-- This site is optimized with the Yoast SEO plugin v27.5 - https:\/\/yoast.com\/product\/yoast-seo-wordpress\/ -->\n<title>Ministre de l\u2019\u00e9ducation nationale : \u00ab Nous travaillons \u00e0 la r\u00e9alisation des objectifs de l\u2019\u00e9cole r\u00e9publicaine et des objectifs de la r\u00e9forme \u00bb - Le Quotidien de Nouakchott<\/title>\n<meta name=\"robots\" content=\"index, follow, max-snippet:-1, max-image-preview:large, max-video-preview:-1\" \/>\n<link rel=\"canonical\" href=\"https:\/\/lequotidien.mr\/?p=21751&lang=fr\" \/>\n<meta property=\"og:locale\" content=\"ar_AR\" \/>\n<meta property=\"og:type\" content=\"article\" \/>\n<meta property=\"og:title\" content=\"Ministre de l\u2019\u00e9ducation nationale : \u00ab Nous travaillons \u00e0 la r\u00e9alisation des objectifs de l\u2019\u00e9cole r\u00e9publicaine et des objectifs de la r\u00e9forme \u00bb - Le Quotidien de Nouakchott\" \/>\n<meta property=\"og:description\" content=\"La ministre de l\u2019\u00e9ducation et de la r\u00e9forme du syst\u00e8me d\u2019enseignement, Mme Houda Mint Babah, a soulign\u00e9 que le r\u00eave de l\u2019\u00e9cole r\u00e9publicaine, qui constitue depuis des d\u00e9cennies un espoir pour tous les Mauritaniens, n\u2019aurait pas \u00e9t\u00e9 r\u00e9alis\u00e9 sans la vision et l\u2019int\u00e9r\u00eat de Son Excellence le Pr\u00e9sident de la R\u00e9publique, M. Mohamed Ould Cheikh.....\" \/>\n<meta property=\"og:url\" content=\"https:\/\/lequotidien.mr\/?p=21751&amp;lang=fr\" \/>\n<meta property=\"og:site_name\" content=\"Le Quotidien de Nouakchott\" \/>\n<meta property=\"article:publisher\" content=\"https:\/\/web.facebook.com\/lequotidienmr\" \/>\n<meta property=\"article:published_time\" content=\"2024-10-07T17:44:50+00:00\" \/>\n<meta property=\"og:image\" content=\"https:\/\/lequotidien.mr\/wp-content\/uploads\/2024\/10\/photo-Ministre-Houda.jpg\" \/>\n\t<meta property=\"og:image:width\" content=\"415\" \/>\n\t<meta property=\"og:image:height\" content=\"337\" \/>\n\t<meta property=\"og:image:type\" content=\"image\/jpeg\" \/>\n<meta name=\"author\" content=\"Med Ahmed\" \/>\n<meta name=\"twitter:card\" content=\"summary_large_image\" \/>\n<meta name=\"twitter:creator\" content=\"@lequotidienmr\" \/>\n<meta name=\"twitter:site\" content=\"@lequotidienmr\" \/>\n<meta name=\"twitter:label1\" content=\"\u0643\u064f\u062a\u0628 \u0628\u0648\u0627\u0633\u0637\u0629\" \/>\n\t<meta name=\"twitter:data1\" content=\"Med Ahmed\" \/>\n\t<meta name=\"twitter:label2\" content=\"\u0648\u0642\u062a \u0627\u0644\u0642\u0631\u0627\u0621\u0629 \u0627\u0644\u0645\u064f\u0642\u062f\u0651\u0631\" \/>\n\t<meta name=\"twitter:data2\" content=\"7 \u062f\u0642\u0627\u0626\u0642\" \/>\n<script type=\"application\/ld+json\" class=\"yoast-schema-graph\">{\"@context\":\"https:\\\/\\\/schema.org\",\"@graph\":[{\"@type\":\"Article\",\"@id\":\"https:\\\/\\\/lequotidien.mr\\\/?p=21751&lang=fr#article\",\"isPartOf\":{\"@id\":\"https:\\\/\\\/lequotidien.mr\\\/?p=21751&lang=fr\"},\"author\":{\"name\":\"Med Ahmed\",\"@id\":\"https:\\\/\\\/lequotidien.mr\\\/#\\\/schema\\\/person\\\/d2d350202a4d599685ed8abc25f97596\"},\"headline\":\"Ministre de l\u2019\u00e9ducation nationale : \u00ab Nous travaillons \u00e0 la r\u00e9alisation des objectifs de l\u2019\u00e9cole r\u00e9publicaine et des objectifs de la r\u00e9forme \u00bb\",\"datePublished\":\"2024-10-07T17:44:50+00:00\",\"mainEntityOfPage\":{\"@id\":\"https:\\\/\\\/lequotidien.mr\\\/?p=21751&lang=fr\"},\"wordCount\":1663,\"commentCount\":0,\"publisher\":{\"@id\":\"https:\\\/\\\/lequotidien.mr\\\/#organization\"},\"image\":{\"@id\":\"https:\\\/\\\/lequotidien.mr\\\/?p=21751&lang=fr#primaryimage\"},\"thumbnailUrl\":\"https:\\\/\\\/lequotidien.mr\\\/wp-content\\\/uploads\\\/2024\\\/10\\\/photo-Ministre-Houda.jpg\",\"articleSection\":[\"ACTUALIT\u00c9\",\"Culture\"],\"inLanguage\":\"ar\",\"potentialAction\":[{\"@type\":\"CommentAction\",\"name\":\"Comment\",\"target\":[\"https:\\\/\\\/lequotidien.mr\\\/?p=21751&lang=fr#respond\"]}]},{\"@type\":\"WebPage\",\"@id\":\"https:\\\/\\\/lequotidien.mr\\\/?p=21751&lang=fr\",\"url\":\"https:\\\/\\\/lequotidien.mr\\\/?p=21751&lang=fr\",\"name\":\"Ministre de l\u2019\u00e9ducation nationale : \u00ab Nous travaillons \u00e0 la r\u00e9alisation des objectifs de l\u2019\u00e9cole r\u00e9publicaine et des objectifs de la r\u00e9forme \u00bb - Le Quotidien de Nouakchott\",\"isPartOf\":{\"@id\":\"https:\\\/\\\/lequotidien.mr\\\/#website\"},\"primaryImageOfPage\":{\"@id\":\"https:\\\/\\\/lequotidien.mr\\\/?p=21751&lang=fr#primaryimage\"},\"image\":{\"@id\":\"https:\\\/\\\/lequotidien.mr\\\/?p=21751&lang=fr#primaryimage\"},\"thumbnailUrl\":\"https:\\\/\\\/lequotidien.mr\\\/wp-content\\\/uploads\\\/2024\\\/10\\\/photo-Ministre-Houda.jpg\",\"datePublished\":\"2024-10-07T17:44:50+00:00\",\"breadcrumb\":{\"@id\":\"https:\\\/\\\/lequotidien.mr\\\/?p=21751&lang=fr#breadcrumb\"},\"inLanguage\":\"ar\",\"potentialAction\":[{\"@type\":\"ReadAction\",\"target\":[\"https:\\\/\\\/lequotidien.mr\\\/?p=21751&lang=fr\"]}]},{\"@type\":\"ImageObject\",\"inLanguage\":\"ar\",\"@id\":\"https:\\\/\\\/lequotidien.mr\\\/?p=21751&lang=fr#primaryimage\",\"url\":\"https:\\\/\\\/lequotidien.mr\\\/wp-content\\\/uploads\\\/2024\\\/10\\\/photo-Ministre-Houda.jpg\",\"contentUrl\":\"https:\\\/\\\/lequotidien.mr\\\/wp-content\\\/uploads\\\/2024\\\/10\\\/photo-Ministre-Houda.jpg\",\"width\":415,\"height\":337},{\"@type\":\"BreadcrumbList\",\"@id\":\"https:\\\/\\\/lequotidien.mr\\\/?p=21751&lang=fr#breadcrumb\",\"itemListElement\":[{\"@type\":\"ListItem\",\"position\":1,\"name\":\"Home\",\"item\":\"https:\\\/\\\/lequotidien.mr\\\/\"},{\"@type\":\"ListItem\",\"position\":2,\"name\":\"Ministre de l\u2019\u00e9ducation nationale : \u00ab Nous travaillons \u00e0 la r\u00e9alisation des objectifs de l\u2019\u00e9cole r\u00e9publicaine et des objectifs de la r\u00e9forme \u00bb\"}]},{\"@type\":\"WebSite\",\"@id\":\"https:\\\/\\\/lequotidien.mr\\\/#website\",\"url\":\"https:\\\/\\\/lequotidien.mr\\\/\",\"name\":\"Le Quotidien de Nouakchott\",\"description\":\"\u0625\u062e\u0628\u0627\u0631\u064a\u0629 \u0645\u0633\u062a\u0642\u0644\u0629 \u0644\u0644\u0623\u0646\u0628\u0627\u0621 \u0627\u0644\u0639\u0627\u0645\u0629\",\"publisher\":{\"@id\":\"https:\\\/\\\/lequotidien.mr\\\/#organization\"},\"potentialAction\":[{\"@type\":\"SearchAction\",\"target\":{\"@type\":\"EntryPoint\",\"urlTemplate\":\"https:\\\/\\\/lequotidien.mr\\\/?s={search_term_string}\"},\"query-input\":{\"@type\":\"PropertyValueSpecification\",\"valueRequired\":true,\"valueName\":\"search_term_string\"}}],\"inLanguage\":\"ar\"},{\"@type\":\"Organization\",\"@id\":\"https:\\\/\\\/lequotidien.mr\\\/#organization\",\"name\":\"Le Quotidien de Nouakchott\",\"url\":\"https:\\\/\\\/lequotidien.mr\\\/\",\"logo\":{\"@type\":\"ImageObject\",\"inLanguage\":\"ar\",\"@id\":\"https:\\\/\\\/lequotidien.mr\\\/#\\\/schema\\\/logo\\\/image\\\/\",\"url\":\"https:\\\/\\\/lequotidien.mr\\\/wp-content\\\/uploads\\\/2022\\\/11\\\/logolequotidien.jpg\",\"contentUrl\":\"https:\\\/\\\/lequotidien.mr\\\/wp-content\\\/uploads\\\/2022\\\/11\\\/logolequotidien.jpg\",\"width\":290,\"height\":65,\"caption\":\"Le Quotidien de Nouakchott\"},\"image\":{\"@id\":\"https:\\\/\\\/lequotidien.mr\\\/#\\\/schema\\\/logo\\\/image\\\/\"},\"sameAs\":[\"https:\\\/\\\/web.facebook.com\\\/lequotidienmr\",\"https:\\\/\\\/x.com\\\/lequotidienmr\"]},{\"@type\":\"Person\",\"@id\":\"https:\\\/\\\/lequotidien.mr\\\/#\\\/schema\\\/person\\\/d2d350202a4d599685ed8abc25f97596\",\"name\":\"Med Ahmed\",\"image\":{\"@type\":\"ImageObject\",\"inLanguage\":\"ar\",\"@id\":\"https:\\\/\\\/secure.gravatar.com\\\/avatar\\\/fd2acc62ed50732923d1d39c17172c9b04149f142be92310ecc69e1358f94b52?s=96&d=mm&r=g\",\"url\":\"https:\\\/\\\/secure.gravatar.com\\\/avatar\\\/fd2acc62ed50732923d1d39c17172c9b04149f142be92310ecc69e1358f94b52?s=96&d=mm&r=g\",\"contentUrl\":\"https:\\\/\\\/secure.gravatar.com\\\/avatar\\\/fd2acc62ed50732923d1d39c17172c9b04149f142be92310ecc69e1358f94b52?s=96&d=mm&r=g\",\"caption\":\"Med Ahmed\"},\"url\":\"https:\\\/\\\/lequotidien.mr\\\/?author=12\"}]}<\/script>\n<!-- \/ Yoast SEO plugin. -->","yoast_head_json":{"title":"Ministre de l\u2019\u00e9ducation nationale : \u00ab Nous travaillons \u00e0 la r\u00e9alisation des objectifs de l\u2019\u00e9cole r\u00e9publicaine et des objectifs de la r\u00e9forme \u00bb - Le Quotidien de Nouakchott","robots":{"index":"index","follow":"follow","max-snippet":"max-snippet:-1","max-image-preview":"max-image-preview:large","max-video-preview":"max-video-preview:-1"},"canonical":"https:\/\/lequotidien.mr\/?p=21751&lang=fr","og_locale":"ar_AR","og_type":"article","og_title":"Ministre de l\u2019\u00e9ducation nationale : \u00ab Nous travaillons \u00e0 la r\u00e9alisation des objectifs de l\u2019\u00e9cole r\u00e9publicaine et des objectifs de la r\u00e9forme \u00bb - Le Quotidien de Nouakchott","og_description":"La ministre de l\u2019\u00e9ducation et de la r\u00e9forme du syst\u00e8me d\u2019enseignement, Mme Houda Mint Babah, a soulign\u00e9 que le r\u00eave de l\u2019\u00e9cole r\u00e9publicaine, qui constitue depuis des d\u00e9cennies un espoir pour tous les Mauritaniens, n\u2019aurait pas \u00e9t\u00e9 r\u00e9alis\u00e9 sans la vision et l\u2019int\u00e9r\u00eat de Son Excellence le Pr\u00e9sident de la R\u00e9publique, M. Mohamed Ould Cheikh.....","og_url":"https:\/\/lequotidien.mr\/?p=21751&lang=fr","og_site_name":"Le Quotidien de Nouakchott","article_publisher":"https:\/\/web.facebook.com\/lequotidienmr","article_published_time":"2024-10-07T17:44:50+00:00","og_image":[{"width":415,"height":337,"url":"https:\/\/lequotidien.mr\/wp-content\/uploads\/2024\/10\/photo-Ministre-Houda.jpg","type":"image\/jpeg"}],"author":"Med Ahmed","twitter_card":"summary_large_image","twitter_creator":"@lequotidienmr","twitter_site":"@lequotidienmr","twitter_misc":{"\u0643\u064f\u062a\u0628 \u0628\u0648\u0627\u0633\u0637\u0629":"Med Ahmed","\u0648\u0642\u062a \u0627\u0644\u0642\u0631\u0627\u0621\u0629 \u0627\u0644\u0645\u064f\u0642\u062f\u0651\u0631":"7 \u062f\u0642\u0627\u0626\u0642"},"schema":{"@context":"https:\/\/schema.org","@graph":[{"@type":"Article","@id":"https:\/\/lequotidien.mr\/?p=21751&lang=fr#article","isPartOf":{"@id":"https:\/\/lequotidien.mr\/?p=21751&lang=fr"},"author":{"name":"Med Ahmed","@id":"https:\/\/lequotidien.mr\/#\/schema\/person\/d2d350202a4d599685ed8abc25f97596"},"headline":"Ministre de l\u2019\u00e9ducation nationale : \u00ab Nous travaillons \u00e0 la r\u00e9alisation des objectifs de l\u2019\u00e9cole r\u00e9publicaine et des objectifs de la r\u00e9forme \u00bb","datePublished":"2024-10-07T17:44:50+00:00","mainEntityOfPage":{"@id":"https:\/\/lequotidien.mr\/?p=21751&lang=fr"},"wordCount":1663,"commentCount":0,"publisher":{"@id":"https:\/\/lequotidien.mr\/#organization"},"image":{"@id":"https:\/\/lequotidien.mr\/?p=21751&lang=fr#primaryimage"},"thumbnailUrl":"https:\/\/lequotidien.mr\/wp-content\/uploads\/2024\/10\/photo-Ministre-Houda.jpg","articleSection":["ACTUALIT\u00c9","Culture"],"inLanguage":"ar","potentialAction":[{"@type":"CommentAction","name":"Comment","target":["https:\/\/lequotidien.mr\/?p=21751&lang=fr#respond"]}]},{"@type":"WebPage","@id":"https:\/\/lequotidien.mr\/?p=21751&lang=fr","url":"https:\/\/lequotidien.mr\/?p=21751&lang=fr","name":"Ministre de l\u2019\u00e9ducation nationale : \u00ab Nous travaillons \u00e0 la r\u00e9alisation des objectifs de l\u2019\u00e9cole r\u00e9publicaine et des objectifs de la r\u00e9forme \u00bb - Le Quotidien de Nouakchott","isPartOf":{"@id":"https:\/\/lequotidien.mr\/#website"},"primaryImageOfPage":{"@id":"https:\/\/lequotidien.mr\/?p=21751&lang=fr#primaryimage"},"image":{"@id":"https:\/\/lequotidien.mr\/?p=21751&lang=fr#primaryimage"},"thumbnailUrl":"https:\/\/lequotidien.mr\/wp-content\/uploads\/2024\/10\/photo-Ministre-Houda.jpg","datePublished":"2024-10-07T17:44:50+00:00","breadcrumb":{"@id":"https:\/\/lequotidien.mr\/?p=21751&lang=fr#breadcrumb"},"inLanguage":"ar","potentialAction":[{"@type":"ReadAction","target":["https:\/\/lequotidien.mr\/?p=21751&lang=fr"]}]},{"@type":"ImageObject","inLanguage":"ar","@id":"https:\/\/lequotidien.mr\/?p=21751&lang=fr#primaryimage","url":"https:\/\/lequotidien.mr\/wp-content\/uploads\/2024\/10\/photo-Ministre-Houda.jpg","contentUrl":"https:\/\/lequotidien.mr\/wp-content\/uploads\/2024\/10\/photo-Ministre-Houda.jpg","width":415,"height":337},{"@type":"BreadcrumbList","@id":"https:\/\/lequotidien.mr\/?p=21751&lang=fr#breadcrumb","itemListElement":[{"@type":"ListItem","position":1,"name":"Home","item":"https:\/\/lequotidien.mr\/"},{"@type":"ListItem","position":2,"name":"Ministre de l\u2019\u00e9ducation nationale : \u00ab Nous travaillons \u00e0 la r\u00e9alisation des objectifs de l\u2019\u00e9cole r\u00e9publicaine et des objectifs de la r\u00e9forme \u00bb"}]},{"@type":"WebSite","@id":"https:\/\/lequotidien.mr\/#website","url":"https:\/\/lequotidien.mr\/","name":"Le Quotidien de Nouakchott","description":"\u0625\u062e\u0628\u0627\u0631\u064a\u0629 \u0645\u0633\u062a\u0642\u0644\u0629 \u0644\u0644\u0623\u0646\u0628\u0627\u0621 \u0627\u0644\u0639\u0627\u0645\u0629","publisher":{"@id":"https:\/\/lequotidien.mr\/#organization"},"potentialAction":[{"@type":"SearchAction","target":{"@type":"EntryPoint","urlTemplate":"https:\/\/lequotidien.mr\/?s={search_term_string}"},"query-input":{"@type":"PropertyValueSpecification","valueRequired":true,"valueName":"search_term_string"}}],"inLanguage":"ar"},{"@type":"Organization","@id":"https:\/\/lequotidien.mr\/#organization","name":"Le Quotidien de Nouakchott","url":"https:\/\/lequotidien.mr\/","logo":{"@type":"ImageObject","inLanguage":"ar","@id":"https:\/\/lequotidien.mr\/#\/schema\/logo\/image\/","url":"https:\/\/lequotidien.mr\/wp-content\/uploads\/2022\/11\/logolequotidien.jpg","contentUrl":"https:\/\/lequotidien.mr\/wp-content\/uploads\/2022\/11\/logolequotidien.jpg","width":290,"height":65,"caption":"Le Quotidien de Nouakchott"},"image":{"@id":"https:\/\/lequotidien.mr\/#\/schema\/logo\/image\/"},"sameAs":["https:\/\/web.facebook.com\/lequotidienmr","https:\/\/x.com\/lequotidienmr"]},{"@type":"Person","@id":"https:\/\/lequotidien.mr\/#\/schema\/person\/d2d350202a4d599685ed8abc25f97596","name":"Med Ahmed","image":{"@type":"ImageObject","inLanguage":"ar","@id":"https:\/\/secure.gravatar.com\/avatar\/fd2acc62ed50732923d1d39c17172c9b04149f142be92310ecc69e1358f94b52?s=96&d=mm&r=g","url":"https:\/\/secure.gravatar.com\/avatar\/fd2acc62ed50732923d1d39c17172c9b04149f142be92310ecc69e1358f94b52?s=96&d=mm&r=g","contentUrl":"https:\/\/secure.gravatar.com\/avatar\/fd2acc62ed50732923d1d39c17172c9b04149f142be92310ecc69e1358f94b52?s=96&d=mm&r=g","caption":"Med Ahmed"},"url":"https:\/\/lequotidien.mr\/?author=12"}]}},"_links":{"self":[{"href":"https:\/\/lequotidien.mr\/index.php?rest_route=\/wp\/v2\/posts\/21751","targetHints":{"allow":["GET"]}}],"collection":[{"href":"https:\/\/lequotidien.mr\/index.php?rest_route=\/wp\/v2\/posts"}],"about":[{"href":"https:\/\/lequotidien.mr\/index.php?rest_route=\/wp\/v2\/types\/post"}],"author":[{"embeddable":true,"href":"https:\/\/lequotidien.mr\/index.php?rest_route=\/wp\/v2\/users\/12"}],"replies":[{"embeddable":true,"href":"https:\/\/lequotidien.mr\/index.php?rest_route=%2Fwp%2Fv2%2Fcomments&post=21751"}],"version-history":[{"count":1,"href":"https:\/\/lequotidien.mr\/index.php?rest_route=\/wp\/v2\/posts\/21751\/revisions"}],"predecessor-version":[{"id":21753,"href":"https:\/\/lequotidien.mr\/index.php?rest_route=\/wp\/v2\/posts\/21751\/revisions\/21753"}],"wp:featuredmedia":[{"embeddable":true,"href":"https:\/\/lequotidien.mr\/index.php?rest_route=\/wp\/v2\/media\/21752"}],"wp:attachment":[{"href":"https:\/\/lequotidien.mr\/index.php?rest_route=%2Fwp%2Fv2%2Fmedia&parent=21751"}],"wp:term":[{"taxonomy":"category","embeddable":true,"href":"https:\/\/lequotidien.mr\/index.php?rest_route=%2Fwp%2Fv2%2Fcategories&post=21751"},{"taxonomy":"post_tag","embeddable":true,"href":"https:\/\/lequotidien.mr\/index.php?rest_route=%2Fwp%2Fv2%2Ftags&post=21751"}],"curies":[{"name":"wp","href":"https:\/\/api.w.org\/{rel}","templated":true}]}}