{"id":21707,"date":"2024-10-05T12:04:05","date_gmt":"2024-10-05T12:04:05","guid":{"rendered":"https:\/\/lequotidien.mr\/?p=21707"},"modified":"2024-10-05T12:04:05","modified_gmt":"2024-10-05T12:04:05","slug":"10e-sommet-de-lorganisation-mondiale-de-leconomie-verte-a-dubai-la-mauritanie-prone-une-transition-ecologique-responsable-et-proactive","status":"publish","type":"post","link":"https:\/\/lequotidien.mr\/?p=21707&lang=fr","title":{"rendered":"10e Sommet de l\u2019Organisation Mondiale de l\u2019\u00c9conomie Verte \u00e0 Duba\u00ef : La Mauritanie pr\u00f4ne une transition \u00e9cologique responsable et proactive"},"content":{"rendered":"<p>Les 2 et 3 octobre 2024, la ministre de l\u2019Environnement et du D\u00e9veloppement Durable, Mme Messouda Baham Mohamed Laghdaf, a repr\u00e9sent\u00e9 la Mauritanie au 10e Sommet de l\u2019Organisation Mondiale de l\u2019\u00c9conomie Verte (WGEO) \u00e0 Duba\u00ef. Cet \u00e9v\u00e9nement international a rassembl\u00e9 des leaders et des experts du monde entier pour discuter des enjeux li\u00e9s \u00e0 la transition vers une \u00e9conomie verte, un sujet d&#8217;une importance cruciale dans le contexte actuel de changement climatique.<\/p>\n<p>Lors de ce sommet, Mme Laghdaf a particip\u00e9 \u00e0 une table ronde minist\u00e9rielle de haut niveau, o\u00f9 elle a partag\u00e9 l\u2019exp\u00e9rience de la Mauritanie en mati\u00e8re d\u2019att\u00e9nuation des effets du changement climatique et de promotion de l\u2019\u00e9conomie verte. Son intervention a mis en lumi\u00e8re les d\u00e9fis sp\u00e9cifiques auxquels fait face le pays, notamment la vuln\u00e9rabilit\u00e9 aux impacts climatiques tels que la d\u00e9sertification et la mont\u00e9e du niveau de la mer.<\/p>\n<p>Dans son allocution, la ministre a soulign\u00e9 les initiatives de d\u00e9carbonation mises en place par la Mauritanie. Elle a notamment \u00e9voqu\u00e9 le d\u00e9veloppement des infrastructures d\u2019\u00e9nergies renouvelables, avec un accent particulier sur les centrales solaires et l\u2019hydrog\u00e8ne vert, \u00e9l\u00e9ments cl\u00e9s de la transition \u00e9nerg\u00e9tique du pays. Gr\u00e2ce \u00e0 ses conditions climatiques favorables, la Mauritanie, qui b\u00e9n\u00e9ficie d\u2019un ensoleillement presque constant et de vents soutenus tout au long de l\u2019ann\u00e9e, est en position de d\u00e9velopper le plus grand nombre de projets potentiels d\u2019hydrog\u00e8ne vert en Afrique subsaharienne d\u2019ici 2030.<\/p>\n<p>Cette strat\u00e9gie s\u2019inscrit dans un cadre plus large de lutte contre les effets du changement climatique, que le gouvernement mauritanien consid\u00e8re comme une priorit\u00e9 nationale. En investissant dans des solutions durables, la Mauritanie esp\u00e8re non seulement prot\u00e9ger son environnement, mais aussi stimuler son d\u00e9veloppement \u00e9conomique et cr\u00e9er des emplois dans les secteurs des \u00e9nergies renouvelables.<\/p>\n<p>La participation de Mme Laghdaf \u00e0 ce sommet illustre l\u2019engagement de la Mauritanie envers une transition \u00e9cologique responsable et proactive. En partageant son exp\u00e9rience et ses initiatives, le pays cherche \u00e0 renforcer sa position sur la sc\u00e8ne internationale et \u00e0 inspirer d\u2019autres nations \u00e0 suivre une voie similaire vers une \u00e9conomie verte.<\/p>\n<p>Le 10e Sommet de l\u2019Organisation Mondiale de l\u2019\u00c9conomie Verte \u00e0 Duba\u00ef a permis \u00e0 la Mauritanie de mettre en avant ses ambitions et ses r\u00e9alisations en mati\u00e8re d\u2019environnement et de d\u00e9veloppement durable. \u00c0 travers des projets d\u2019\u00e9nergies renouvelables innovants, le pays aspire \u00e0 devenir un acteur cl\u00e9 dans la lutte contre le changement climatique et \u00e0 promouvoir un avenir plus durable pour ses citoyens.<\/p>\n","protected":false},"excerpt":{"rendered":"<p>Les 2 et 3 octobre 2024, la ministre de l\u2019Environnement et du D\u00e9veloppement Durable, Mme Messouda Baham Mohamed Laghdaf, a repr\u00e9sent\u00e9 la Mauritanie au 10e Sommet de l\u2019Organisation Mondiale de l\u2019\u00c9conomie Verte (WGEO) \u00e0 Duba\u00ef. Cet \u00e9v\u00e9nement international a rassembl\u00e9 des leaders et des experts du monde entier pour discuter des enjeux li\u00e9s \u00e0 la&#8230;..<\/p>\n","protected":false},"author":12,"featured_media":21708,"comment_status":"open","ping_status":"open","sticky":false,"template":"","format":"standard","meta":{"footnotes":""},"categories":[23,49],"tags":[],"class_list":["post-21707","post","type-post","status-publish","format-standard","has-post-thumbnail","hentry","category-actualite","category-economie"],"yoast_head":"<!-- This site is optimized with the Yoast SEO plugin v27.5 - https:\/\/yoast.com\/product\/yoast-seo-wordpress\/ -->\n<title>10e Sommet de l\u2019Organisation Mondiale de l\u2019\u00c9conomie Verte \u00e0 Duba\u00ef : La Mauritanie pr\u00f4ne une transition \u00e9cologique responsable et proactive - Le Quotidien de Nouakchott<\/title>\n<meta name=\"robots\" content=\"index, follow, max-snippet:-1, max-image-preview:large, max-video-preview:-1\" \/>\n<link rel=\"canonical\" href=\"https:\/\/lequotidien.mr\/?p=21707&lang=fr\" \/>\n<meta property=\"og:locale\" content=\"ar_AR\" \/>\n<meta property=\"og:type\" content=\"article\" \/>\n<meta property=\"og:title\" content=\"10e Sommet de l\u2019Organisation Mondiale de l\u2019\u00c9conomie Verte \u00e0 Duba\u00ef : La Mauritanie pr\u00f4ne une transition \u00e9cologique responsable et proactive - Le Quotidien de Nouakchott\" \/>\n<meta property=\"og:description\" content=\"Les 2 et 3 octobre 2024, la ministre de l\u2019Environnement et du D\u00e9veloppement Durable, Mme Messouda Baham Mohamed Laghdaf, a repr\u00e9sent\u00e9 la Mauritanie au 10e Sommet de l\u2019Organisation Mondiale de l\u2019\u00c9conomie Verte (WGEO) \u00e0 Duba\u00ef. Cet \u00e9v\u00e9nement international a rassembl\u00e9 des leaders et des experts du monde entier pour discuter des enjeux li\u00e9s \u00e0 la.....\" \/>\n<meta property=\"og:url\" content=\"https:\/\/lequotidien.mr\/?p=21707&amp;lang=fr\" \/>\n<meta property=\"og:site_name\" content=\"Le Quotidien de Nouakchott\" \/>\n<meta property=\"article:publisher\" content=\"https:\/\/web.facebook.com\/lequotidienmr\" \/>\n<meta property=\"article:published_time\" content=\"2024-10-05T12:04:05+00:00\" \/>\n<meta property=\"og:image\" content=\"https:\/\/lequotidien.mr\/wp-content\/uploads\/2024\/10\/photo-Mint-Laghdaf-environnement.jpg\" \/>\n\t<meta property=\"og:image:width\" content=\"457\" \/>\n\t<meta property=\"og:image:height\" content=\"330\" \/>\n\t<meta property=\"og:image:type\" content=\"image\/jpeg\" \/>\n<meta name=\"author\" content=\"Med Ahmed\" \/>\n<meta name=\"twitter:card\" content=\"summary_large_image\" \/>\n<meta name=\"twitter:creator\" content=\"@lequotidienmr\" \/>\n<meta name=\"twitter:site\" content=\"@lequotidienmr\" \/>\n<meta name=\"twitter:label1\" content=\"\u0643\u064f\u062a\u0628 \u0628\u0648\u0627\u0633\u0637\u0629\" \/>\n\t<meta name=\"twitter:data1\" content=\"Med Ahmed\" \/>\n\t<meta name=\"twitter:label2\" content=\"\u0648\u0642\u062a \u0627\u0644\u0642\u0631\u0627\u0621\u0629 \u0627\u0644\u0645\u064f\u0642\u062f\u0651\u0631\" \/>\n\t<meta name=\"twitter:data2\" content=\"\u062f\u0642\u064a\u0642\u062a\u0627\u0646\" \/>\n<script type=\"application\/ld+json\" class=\"yoast-schema-graph\">{\"@context\":\"https:\\\/\\\/schema.org\",\"@graph\":[{\"@type\":\"Article\",\"@id\":\"https:\\\/\\\/lequotidien.mr\\\/?p=21707&lang=fr#article\",\"isPartOf\":{\"@id\":\"https:\\\/\\\/lequotidien.mr\\\/?p=21707&lang=fr\"},\"author\":{\"name\":\"Med Ahmed\",\"@id\":\"https:\\\/\\\/lequotidien.mr\\\/#\\\/schema\\\/person\\\/d2d350202a4d599685ed8abc25f97596\"},\"headline\":\"10e Sommet de l\u2019Organisation Mondiale de l\u2019\u00c9conomie Verte \u00e0 Duba\u00ef : La Mauritanie pr\u00f4ne une transition \u00e9cologique responsable et proactive\",\"datePublished\":\"2024-10-05T12:04:05+00:00\",\"mainEntityOfPage\":{\"@id\":\"https:\\\/\\\/lequotidien.mr\\\/?p=21707&lang=fr\"},\"wordCount\":462,\"commentCount\":0,\"publisher\":{\"@id\":\"https:\\\/\\\/lequotidien.mr\\\/#organization\"},\"image\":{\"@id\":\"https:\\\/\\\/lequotidien.mr\\\/?p=21707&lang=fr#primaryimage\"},\"thumbnailUrl\":\"https:\\\/\\\/lequotidien.mr\\\/wp-content\\\/uploads\\\/2024\\\/10\\\/photo-Mint-Laghdaf-environnement.jpg\",\"articleSection\":[\"ACTUALIT\u00c9\",\"Economie\"],\"inLanguage\":\"ar\",\"potentialAction\":[{\"@type\":\"CommentAction\",\"name\":\"Comment\",\"target\":[\"https:\\\/\\\/lequotidien.mr\\\/?p=21707&lang=fr#respond\"]}]},{\"@type\":\"WebPage\",\"@id\":\"https:\\\/\\\/lequotidien.mr\\\/?p=21707&lang=fr\",\"url\":\"https:\\\/\\\/lequotidien.mr\\\/?p=21707&lang=fr\",\"name\":\"10e Sommet de l\u2019Organisation Mondiale de l\u2019\u00c9conomie Verte \u00e0 Duba\u00ef : La Mauritanie pr\u00f4ne une transition \u00e9cologique responsable et proactive - Le Quotidien de Nouakchott\",\"isPartOf\":{\"@id\":\"https:\\\/\\\/lequotidien.mr\\\/#website\"},\"primaryImageOfPage\":{\"@id\":\"https:\\\/\\\/lequotidien.mr\\\/?p=21707&lang=fr#primaryimage\"},\"image\":{\"@id\":\"https:\\\/\\\/lequotidien.mr\\\/?p=21707&lang=fr#primaryimage\"},\"thumbnailUrl\":\"https:\\\/\\\/lequotidien.mr\\\/wp-content\\\/uploads\\\/2024\\\/10\\\/photo-Mint-Laghdaf-environnement.jpg\",\"datePublished\":\"2024-10-05T12:04:05+00:00\",\"breadcrumb\":{\"@id\":\"https:\\\/\\\/lequotidien.mr\\\/?p=21707&lang=fr#breadcrumb\"},\"inLanguage\":\"ar\",\"potentialAction\":[{\"@type\":\"ReadAction\",\"target\":[\"https:\\\/\\\/lequotidien.mr\\\/?p=21707&lang=fr\"]}]},{\"@type\":\"ImageObject\",\"inLanguage\":\"ar\",\"@id\":\"https:\\\/\\\/lequotidien.mr\\\/?p=21707&lang=fr#primaryimage\",\"url\":\"https:\\\/\\\/lequotidien.mr\\\/wp-content\\\/uploads\\\/2024\\\/10\\\/photo-Mint-Laghdaf-environnement.jpg\",\"contentUrl\":\"https:\\\/\\\/lequotidien.mr\\\/wp-content\\\/uploads\\\/2024\\\/10\\\/photo-Mint-Laghdaf-environnement.jpg\",\"width\":457,\"height\":330},{\"@type\":\"BreadcrumbList\",\"@id\":\"https:\\\/\\\/lequotidien.mr\\\/?p=21707&lang=fr#breadcrumb\",\"itemListElement\":[{\"@type\":\"ListItem\",\"position\":1,\"name\":\"Home\",\"item\":\"https:\\\/\\\/lequotidien.mr\\\/\"},{\"@type\":\"ListItem\",\"position\":2,\"name\":\"10e Sommet de l\u2019Organisation Mondiale de l\u2019\u00c9conomie Verte \u00e0 Duba\u00ef : La Mauritanie pr\u00f4ne une transition \u00e9cologique responsable et proactive\"}]},{\"@type\":\"WebSite\",\"@id\":\"https:\\\/\\\/lequotidien.mr\\\/#website\",\"url\":\"https:\\\/\\\/lequotidien.mr\\\/\",\"name\":\"Le Quotidien de Nouakchott\",\"description\":\"\u0625\u062e\u0628\u0627\u0631\u064a\u0629 \u0645\u0633\u062a\u0642\u0644\u0629 \u0644\u0644\u0623\u0646\u0628\u0627\u0621 \u0627\u0644\u0639\u0627\u0645\u0629\",\"publisher\":{\"@id\":\"https:\\\/\\\/lequotidien.mr\\\/#organization\"},\"potentialAction\":[{\"@type\":\"SearchAction\",\"target\":{\"@type\":\"EntryPoint\",\"urlTemplate\":\"https:\\\/\\\/lequotidien.mr\\\/?s={search_term_string}\"},\"query-input\":{\"@type\":\"PropertyValueSpecification\",\"valueRequired\":true,\"valueName\":\"search_term_string\"}}],\"inLanguage\":\"ar\"},{\"@type\":\"Organization\",\"@id\":\"https:\\\/\\\/lequotidien.mr\\\/#organization\",\"name\":\"Le Quotidien de Nouakchott\",\"url\":\"https:\\\/\\\/lequotidien.mr\\\/\",\"logo\":{\"@type\":\"ImageObject\",\"inLanguage\":\"ar\",\"@id\":\"https:\\\/\\\/lequotidien.mr\\\/#\\\/schema\\\/logo\\\/image\\\/\",\"url\":\"https:\\\/\\\/lequotidien.mr\\\/wp-content\\\/uploads\\\/2022\\\/11\\\/logolequotidien.jpg\",\"contentUrl\":\"https:\\\/\\\/lequotidien.mr\\\/wp-content\\\/uploads\\\/2022\\\/11\\\/logolequotidien.jpg\",\"width\":290,\"height\":65,\"caption\":\"Le Quotidien de Nouakchott\"},\"image\":{\"@id\":\"https:\\\/\\\/lequotidien.mr\\\/#\\\/schema\\\/logo\\\/image\\\/\"},\"sameAs\":[\"https:\\\/\\\/web.facebook.com\\\/lequotidienmr\",\"https:\\\/\\\/x.com\\\/lequotidienmr\"]},{\"@type\":\"Person\",\"@id\":\"https:\\\/\\\/lequotidien.mr\\\/#\\\/schema\\\/person\\\/d2d350202a4d599685ed8abc25f97596\",\"name\":\"Med Ahmed\",\"image\":{\"@type\":\"ImageObject\",\"inLanguage\":\"ar\",\"@id\":\"https:\\\/\\\/secure.gravatar.com\\\/avatar\\\/fd2acc62ed50732923d1d39c17172c9b04149f142be92310ecc69e1358f94b52?s=96&d=mm&r=g\",\"url\":\"https:\\\/\\\/secure.gravatar.com\\\/avatar\\\/fd2acc62ed50732923d1d39c17172c9b04149f142be92310ecc69e1358f94b52?s=96&d=mm&r=g\",\"contentUrl\":\"https:\\\/\\\/secure.gravatar.com\\\/avatar\\\/fd2acc62ed50732923d1d39c17172c9b04149f142be92310ecc69e1358f94b52?s=96&d=mm&r=g\",\"caption\":\"Med Ahmed\"},\"url\":\"https:\\\/\\\/lequotidien.mr\\\/?author=12\"}]}<\/script>\n<!-- \/ Yoast SEO plugin. -->","yoast_head_json":{"title":"10e Sommet de l\u2019Organisation Mondiale de l\u2019\u00c9conomie Verte \u00e0 Duba\u00ef : La Mauritanie pr\u00f4ne une transition \u00e9cologique responsable et proactive - Le Quotidien de Nouakchott","robots":{"index":"index","follow":"follow","max-snippet":"max-snippet:-1","max-image-preview":"max-image-preview:large","max-video-preview":"max-video-preview:-1"},"canonical":"https:\/\/lequotidien.mr\/?p=21707&lang=fr","og_locale":"ar_AR","og_type":"article","og_title":"10e Sommet de l\u2019Organisation Mondiale de l\u2019\u00c9conomie Verte \u00e0 Duba\u00ef : La Mauritanie pr\u00f4ne une transition \u00e9cologique responsable et proactive - Le Quotidien de Nouakchott","og_description":"Les 2 et 3 octobre 2024, la ministre de l\u2019Environnement et du D\u00e9veloppement Durable, Mme Messouda Baham Mohamed Laghdaf, a repr\u00e9sent\u00e9 la Mauritanie au 10e Sommet de l\u2019Organisation Mondiale de l\u2019\u00c9conomie Verte (WGEO) \u00e0 Duba\u00ef. Cet \u00e9v\u00e9nement international a rassembl\u00e9 des leaders et des experts du monde entier pour discuter des enjeux li\u00e9s \u00e0 la.....","og_url":"https:\/\/lequotidien.mr\/?p=21707&lang=fr","og_site_name":"Le Quotidien de Nouakchott","article_publisher":"https:\/\/web.facebook.com\/lequotidienmr","article_published_time":"2024-10-05T12:04:05+00:00","og_image":[{"width":457,"height":330,"url":"https:\/\/lequotidien.mr\/wp-content\/uploads\/2024\/10\/photo-Mint-Laghdaf-environnement.jpg","type":"image\/jpeg"}],"author":"Med Ahmed","twitter_card":"summary_large_image","twitter_creator":"@lequotidienmr","twitter_site":"@lequotidienmr","twitter_misc":{"\u0643\u064f\u062a\u0628 \u0628\u0648\u0627\u0633\u0637\u0629":"Med Ahmed","\u0648\u0642\u062a \u0627\u0644\u0642\u0631\u0627\u0621\u0629 \u0627\u0644\u0645\u064f\u0642\u062f\u0651\u0631":"\u062f\u0642\u064a\u0642\u062a\u0627\u0646"},"schema":{"@context":"https:\/\/schema.org","@graph":[{"@type":"Article","@id":"https:\/\/lequotidien.mr\/?p=21707&lang=fr#article","isPartOf":{"@id":"https:\/\/lequotidien.mr\/?p=21707&lang=fr"},"author":{"name":"Med Ahmed","@id":"https:\/\/lequotidien.mr\/#\/schema\/person\/d2d350202a4d599685ed8abc25f97596"},"headline":"10e Sommet de l\u2019Organisation Mondiale de l\u2019\u00c9conomie Verte \u00e0 Duba\u00ef : La Mauritanie pr\u00f4ne une transition \u00e9cologique responsable et proactive","datePublished":"2024-10-05T12:04:05+00:00","mainEntityOfPage":{"@id":"https:\/\/lequotidien.mr\/?p=21707&lang=fr"},"wordCount":462,"commentCount":0,"publisher":{"@id":"https:\/\/lequotidien.mr\/#organization"},"image":{"@id":"https:\/\/lequotidien.mr\/?p=21707&lang=fr#primaryimage"},"thumbnailUrl":"https:\/\/lequotidien.mr\/wp-content\/uploads\/2024\/10\/photo-Mint-Laghdaf-environnement.jpg","articleSection":["ACTUALIT\u00c9","Economie"],"inLanguage":"ar","potentialAction":[{"@type":"CommentAction","name":"Comment","target":["https:\/\/lequotidien.mr\/?p=21707&lang=fr#respond"]}]},{"@type":"WebPage","@id":"https:\/\/lequotidien.mr\/?p=21707&lang=fr","url":"https:\/\/lequotidien.mr\/?p=21707&lang=fr","name":"10e Sommet de l\u2019Organisation Mondiale de l\u2019\u00c9conomie Verte \u00e0 Duba\u00ef : La Mauritanie pr\u00f4ne une transition \u00e9cologique responsable et proactive - Le Quotidien de Nouakchott","isPartOf":{"@id":"https:\/\/lequotidien.mr\/#website"},"primaryImageOfPage":{"@id":"https:\/\/lequotidien.mr\/?p=21707&lang=fr#primaryimage"},"image":{"@id":"https:\/\/lequotidien.mr\/?p=21707&lang=fr#primaryimage"},"thumbnailUrl":"https:\/\/lequotidien.mr\/wp-content\/uploads\/2024\/10\/photo-Mint-Laghdaf-environnement.jpg","datePublished":"2024-10-05T12:04:05+00:00","breadcrumb":{"@id":"https:\/\/lequotidien.mr\/?p=21707&lang=fr#breadcrumb"},"inLanguage":"ar","potentialAction":[{"@type":"ReadAction","target":["https:\/\/lequotidien.mr\/?p=21707&lang=fr"]}]},{"@type":"ImageObject","inLanguage":"ar","@id":"https:\/\/lequotidien.mr\/?p=21707&lang=fr#primaryimage","url":"https:\/\/lequotidien.mr\/wp-content\/uploads\/2024\/10\/photo-Mint-Laghdaf-environnement.jpg","contentUrl":"https:\/\/lequotidien.mr\/wp-content\/uploads\/2024\/10\/photo-Mint-Laghdaf-environnement.jpg","width":457,"height":330},{"@type":"BreadcrumbList","@id":"https:\/\/lequotidien.mr\/?p=21707&lang=fr#breadcrumb","itemListElement":[{"@type":"ListItem","position":1,"name":"Home","item":"https:\/\/lequotidien.mr\/"},{"@type":"ListItem","position":2,"name":"10e Sommet de l\u2019Organisation Mondiale de l\u2019\u00c9conomie Verte \u00e0 Duba\u00ef : La Mauritanie pr\u00f4ne une transition \u00e9cologique responsable et proactive"}]},{"@type":"WebSite","@id":"https:\/\/lequotidien.mr\/#website","url":"https:\/\/lequotidien.mr\/","name":"Le Quotidien de Nouakchott","description":"\u0625\u062e\u0628\u0627\u0631\u064a\u0629 \u0645\u0633\u062a\u0642\u0644\u0629 \u0644\u0644\u0623\u0646\u0628\u0627\u0621 \u0627\u0644\u0639\u0627\u0645\u0629","publisher":{"@id":"https:\/\/lequotidien.mr\/#organization"},"potentialAction":[{"@type":"SearchAction","target":{"@type":"EntryPoint","urlTemplate":"https:\/\/lequotidien.mr\/?s={search_term_string}"},"query-input":{"@type":"PropertyValueSpecification","valueRequired":true,"valueName":"search_term_string"}}],"inLanguage":"ar"},{"@type":"Organization","@id":"https:\/\/lequotidien.mr\/#organization","name":"Le Quotidien de Nouakchott","url":"https:\/\/lequotidien.mr\/","logo":{"@type":"ImageObject","inLanguage":"ar","@id":"https:\/\/lequotidien.mr\/#\/schema\/logo\/image\/","url":"https:\/\/lequotidien.mr\/wp-content\/uploads\/2022\/11\/logolequotidien.jpg","contentUrl":"https:\/\/lequotidien.mr\/wp-content\/uploads\/2022\/11\/logolequotidien.jpg","width":290,"height":65,"caption":"Le Quotidien de Nouakchott"},"image":{"@id":"https:\/\/lequotidien.mr\/#\/schema\/logo\/image\/"},"sameAs":["https:\/\/web.facebook.com\/lequotidienmr","https:\/\/x.com\/lequotidienmr"]},{"@type":"Person","@id":"https:\/\/lequotidien.mr\/#\/schema\/person\/d2d350202a4d599685ed8abc25f97596","name":"Med Ahmed","image":{"@type":"ImageObject","inLanguage":"ar","@id":"https:\/\/secure.gravatar.com\/avatar\/fd2acc62ed50732923d1d39c17172c9b04149f142be92310ecc69e1358f94b52?s=96&d=mm&r=g","url":"https:\/\/secure.gravatar.com\/avatar\/fd2acc62ed50732923d1d39c17172c9b04149f142be92310ecc69e1358f94b52?s=96&d=mm&r=g","contentUrl":"https:\/\/secure.gravatar.com\/avatar\/fd2acc62ed50732923d1d39c17172c9b04149f142be92310ecc69e1358f94b52?s=96&d=mm&r=g","caption":"Med Ahmed"},"url":"https:\/\/lequotidien.mr\/?author=12"}]}},"_links":{"self":[{"href":"https:\/\/lequotidien.mr\/index.php?rest_route=\/wp\/v2\/posts\/21707","targetHints":{"allow":["GET"]}}],"collection":[{"href":"https:\/\/lequotidien.mr\/index.php?rest_route=\/wp\/v2\/posts"}],"about":[{"href":"https:\/\/lequotidien.mr\/index.php?rest_route=\/wp\/v2\/types\/post"}],"author":[{"embeddable":true,"href":"https:\/\/lequotidien.mr\/index.php?rest_route=\/wp\/v2\/users\/12"}],"replies":[{"embeddable":true,"href":"https:\/\/lequotidien.mr\/index.php?rest_route=%2Fwp%2Fv2%2Fcomments&post=21707"}],"version-history":[{"count":1,"href":"https:\/\/lequotidien.mr\/index.php?rest_route=\/wp\/v2\/posts\/21707\/revisions"}],"predecessor-version":[{"id":21709,"href":"https:\/\/lequotidien.mr\/index.php?rest_route=\/wp\/v2\/posts\/21707\/revisions\/21709"}],"wp:featuredmedia":[{"embeddable":true,"href":"https:\/\/lequotidien.mr\/index.php?rest_route=\/wp\/v2\/media\/21708"}],"wp:attachment":[{"href":"https:\/\/lequotidien.mr\/index.php?rest_route=%2Fwp%2Fv2%2Fmedia&parent=21707"}],"wp:term":[{"taxonomy":"category","embeddable":true,"href":"https:\/\/lequotidien.mr\/index.php?rest_route=%2Fwp%2Fv2%2Fcategories&post=21707"},{"taxonomy":"post_tag","embeddable":true,"href":"https:\/\/lequotidien.mr\/index.php?rest_route=%2Fwp%2Fv2%2Ftags&post=21707"}],"curies":[{"name":"wp","href":"https:\/\/api.w.org\/{rel}","templated":true}]}}