{"id":21704,"date":"2024-10-05T11:08:09","date_gmt":"2024-10-05T11:08:09","guid":{"rendered":"https:\/\/lequotidien.mr\/?p=21704"},"modified":"2024-10-05T11:08:09","modified_gmt":"2024-10-05T11:08:09","slug":"le-president-mohamed-cheikh-el-ghazouani-au-19eme-sommet-de-la-francophonie-creativite-innovation-et-entrepreneuriat","status":"publish","type":"post","link":"https:\/\/lequotidien.mr\/?p=21704&lang=fr","title":{"rendered":"Le Pr\u00e9sident Mohamed Cheikh El Ghazouani au 19\u00e8me Sommet de la Francophonie : \u00ab Cr\u00e9ativit\u00e9, innovation et entrepreneuriat \u00bb"},"content":{"rendered":"<p>Le vendredi matin, le Pr\u00e9sident de la R\u00e9publique de Mauritanie et Pr\u00e9sident de l\u2019Union africaine, M. Mohamed Cheikh El Ghazouani, a particip\u00e9 au 19\u00e8me Sommet de l\u2019Organisation internationale de la Francophonie (OIF), qui se tient \u00e0 la Cit\u00e9 internationale de la langue fran\u00e7aise \u00e0 Villers-Cotter\u00eats, pr\u00e8s de Paris. Ce sommet, ax\u00e9 sur le th\u00e8me \u00ab Cr\u00e9ativit\u00e9, innovation et entrepreneuriat \u00bb, rassemble des leaders francophones autour des d\u00e9fis et des opportunit\u00e9s que repr\u00e9sente le monde d\u2019aujourd\u2019hui.<\/p>\n<p>\u00c0 son arriv\u00e9e, M. El Ghazouani a \u00e9t\u00e9 accueilli par le Pr\u00e9sident fran\u00e7ais Emmanuel Macron et son \u00e9pouse, ainsi que par la Secr\u00e9taire g\u00e9n\u00e9rale de l\u2019OIF, Mme Louise Mushikiwabo. Cette r\u00e9ception t\u00e9moigne des relations \u00e9troites entre la Mauritanie et la France, et souligne l&#8217;importance de la coop\u00e9ration francophone dans la construction d&#8217;un avenir partag\u00e9.<\/p>\n<p>Le sommet a \u00e9galement vu la participation de nombreux chefs d&#8217;\u00c9tat et de gouvernement des \u00c9tats membres de l\u2019OIF, refl\u00e9tant l&#8217;engagement collectif des nations francophones \u00e0 promouvoir des initiatives innovantes et \u00e0 soutenir l&#8217;entrepreneuriat, essentiels pour le d\u00e9veloppement \u00e9conomique et social. Le Pr\u00e9sident de la R\u00e9publique \u00e9tait accompagn\u00e9e d\u2019une d\u00e9l\u00e9gation compos\u00e9e de : MM. Nani Chrougha, Ministre charg\u00e9 du Cabinet du Pr\u00e9sident, Mohamed Yahya Teiss, Ambassadeur de Mauritanie \u00e0 Paris, et Mme Moulaty El Mokhtar, Repr\u00e9sentante permanente de la Mauritanie aupr\u00e8s de l\u2019UNESCO, ainsi que Mme Coumba Ba, Conseill\u00e8re \u00e0 la Pr\u00e9sidence de la R\u00e9publique.<\/p>\n<p>En parall\u00e8le des travaux du sommet, M. El Ghazouani avait \u00e9galement pris part au forum \u00ab Africa Day \u00bb organis\u00e9 en marge de l&#8217;\u00e9v\u00e9nement \u00e0 SciencesPo. Sous le slogan \u00ab Unis pour l\u2019Afrique, inspir\u00e9s par l\u2019excellence \u00bb, ce forum a \u00e9t\u00e9 l&#8217;occasion d\u2019\u00e9changer sur les enjeux contemporains du continent africain. Dans ce cadre, le Pr\u00e9sident a anim\u00e9 une conf\u00e9rence au profit des \u00e9tudiants de l\u2019Institut d\u2019\u00e9tudes politiques de Paris, abordant le th\u00e8me crucial de \u00ab Maintenir un pays en paix dans une r\u00e9gion en conflit \u00bb. Cette intervention a permis de mettre en lumi\u00e8re les d\u00e9fis s\u00e9curitaires que rencontre la Mauritanie et l\u2019Afrique, tout en soulignant l\u2019importance du dialogue et de la coop\u00e9ration pour la stabilit\u00e9 r\u00e9gionale.<\/p>\n<p>Le 19\u00e8me Sommet de la Francophonie repr\u00e9sente ainsi une plateforme significative pour le partage d&#8217;id\u00e9es et la promotion de l\u2019innovation. En mettant l&#8217;accent sur la cr\u00e9ativit\u00e9 et l&#8217;entrepreneuriat, les nations francophones peuvent explorer des voies nouvelles pour renforcer leur \u00e9conomie, am\u00e9liorer le bien-\u00eatre de leurs populations et s&#8217;adapter aux \u00e9volutions du monde contemporain.<\/p>\n<p>La participation active de M. Mohamed Cheikh El Ghazouani \u00e0 cet \u00e9v\u00e9nement illustre l\u2019engagement de la Mauritanie au sein de l\u2019OIF et son r\u00f4le en tant qu\u2019acteur cl\u00e9 dans la dynamique francophone. Dans un contexte mondial en mutation, les discussions qui se tiennent lors de ce sommet pourraient bien ouvrir la voie \u00e0 des initiatives prometteuses pour l\u2019avenir de la zone francophone.<\/p>\n","protected":false},"excerpt":{"rendered":"<p>Le vendredi matin, le Pr\u00e9sident de la R\u00e9publique de Mauritanie et Pr\u00e9sident de l\u2019Union africaine, M. Mohamed Cheikh El Ghazouani, a particip\u00e9 au 19\u00e8me Sommet de l\u2019Organisation internationale de la Francophonie (OIF), qui se tient \u00e0 la Cit\u00e9 internationale de la langue fran\u00e7aise \u00e0 Villers-Cotter\u00eats, pr\u00e8s de Paris. Ce sommet, ax\u00e9 sur le th\u00e8me \u00ab&#8230;..<\/p>\n","protected":false},"author":12,"featured_media":21705,"comment_status":"open","ping_status":"open","sticky":false,"template":"","format":"standard","meta":{"footnotes":""},"categories":[23,49,55],"tags":[],"class_list":["post-21704","post","type-post","status-publish","format-standard","has-post-thumbnail","hentry","category-actualite","category-economie","category-culture"],"yoast_head":"<!-- This site is optimized with the Yoast SEO plugin v27.5 - https:\/\/yoast.com\/product\/yoast-seo-wordpress\/ -->\n<title>Le Pr\u00e9sident Mohamed Cheikh El Ghazouani au 19\u00e8me Sommet de la Francophonie : \u00ab Cr\u00e9ativit\u00e9, innovation et entrepreneuriat \u00bb - Le Quotidien de Nouakchott<\/title>\n<meta name=\"robots\" content=\"index, follow, max-snippet:-1, max-image-preview:large, max-video-preview:-1\" \/>\n<link rel=\"canonical\" href=\"https:\/\/lequotidien.mr\/?p=21704&lang=fr\" \/>\n<meta property=\"og:locale\" content=\"ar_AR\" \/>\n<meta property=\"og:type\" content=\"article\" \/>\n<meta property=\"og:title\" content=\"Le Pr\u00e9sident Mohamed Cheikh El Ghazouani au 19\u00e8me Sommet de la Francophonie : \u00ab Cr\u00e9ativit\u00e9, innovation et entrepreneuriat \u00bb - Le Quotidien de Nouakchott\" \/>\n<meta property=\"og:description\" content=\"Le vendredi matin, le Pr\u00e9sident de la R\u00e9publique de Mauritanie et Pr\u00e9sident de l\u2019Union africaine, M. Mohamed Cheikh El Ghazouani, a particip\u00e9 au 19\u00e8me Sommet de l\u2019Organisation internationale de la Francophonie (OIF), qui se tient \u00e0 la Cit\u00e9 internationale de la langue fran\u00e7aise \u00e0 Villers-Cotter\u00eats, pr\u00e8s de Paris. Ce sommet, ax\u00e9 sur le th\u00e8me \u00ab.....\" \/>\n<meta property=\"og:url\" content=\"https:\/\/lequotidien.mr\/?p=21704&amp;lang=fr\" \/>\n<meta property=\"og:site_name\" content=\"Le Quotidien de Nouakchott\" \/>\n<meta property=\"article:publisher\" content=\"https:\/\/web.facebook.com\/lequotidienmr\" \/>\n<meta property=\"article:published_time\" content=\"2024-10-05T11:08:09+00:00\" \/>\n<meta property=\"og:image\" content=\"https:\/\/lequotidien.mr\/wp-content\/uploads\/2024\/10\/photo-Ghazouani-sommet-OIF-2024.jpg\" \/>\n\t<meta property=\"og:image:width\" content=\"639\" \/>\n\t<meta property=\"og:image:height\" content=\"412\" \/>\n\t<meta property=\"og:image:type\" content=\"image\/jpeg\" \/>\n<meta name=\"author\" content=\"Med Ahmed\" \/>\n<meta name=\"twitter:card\" content=\"summary_large_image\" \/>\n<meta name=\"twitter:creator\" content=\"@lequotidienmr\" \/>\n<meta name=\"twitter:site\" content=\"@lequotidienmr\" \/>\n<meta name=\"twitter:label1\" content=\"\u0643\u064f\u062a\u0628 \u0628\u0648\u0627\u0633\u0637\u0629\" \/>\n\t<meta name=\"twitter:data1\" content=\"Med Ahmed\" \/>\n\t<meta name=\"twitter:label2\" content=\"\u0648\u0642\u062a \u0627\u0644\u0642\u0631\u0627\u0621\u0629 \u0627\u0644\u0645\u064f\u0642\u062f\u0651\u0631\" \/>\n\t<meta name=\"twitter:data2\" content=\"3 \u062f\u0642\u0627\u0626\u0642\" \/>\n<script type=\"application\/ld+json\" class=\"yoast-schema-graph\">{\"@context\":\"https:\\\/\\\/schema.org\",\"@graph\":[{\"@type\":\"Article\",\"@id\":\"https:\\\/\\\/lequotidien.mr\\\/?p=21704&lang=fr#article\",\"isPartOf\":{\"@id\":\"https:\\\/\\\/lequotidien.mr\\\/?p=21704&lang=fr\"},\"author\":{\"name\":\"Med Ahmed\",\"@id\":\"https:\\\/\\\/lequotidien.mr\\\/#\\\/schema\\\/person\\\/d2d350202a4d599685ed8abc25f97596\"},\"headline\":\"Le Pr\u00e9sident Mohamed Cheikh El Ghazouani au 19\u00e8me Sommet de la Francophonie : \u00ab Cr\u00e9ativit\u00e9, innovation et entrepreneuriat \u00bb\",\"datePublished\":\"2024-10-05T11:08:09+00:00\",\"mainEntityOfPage\":{\"@id\":\"https:\\\/\\\/lequotidien.mr\\\/?p=21704&lang=fr\"},\"wordCount\":539,\"commentCount\":0,\"publisher\":{\"@id\":\"https:\\\/\\\/lequotidien.mr\\\/#organization\"},\"image\":{\"@id\":\"https:\\\/\\\/lequotidien.mr\\\/?p=21704&lang=fr#primaryimage\"},\"thumbnailUrl\":\"https:\\\/\\\/lequotidien.mr\\\/wp-content\\\/uploads\\\/2024\\\/10\\\/photo-Ghazouani-sommet-OIF-2024.jpg\",\"articleSection\":[\"ACTUALIT\u00c9\",\"Economie\",\"Culture\"],\"inLanguage\":\"ar\",\"potentialAction\":[{\"@type\":\"CommentAction\",\"name\":\"Comment\",\"target\":[\"https:\\\/\\\/lequotidien.mr\\\/?p=21704&lang=fr#respond\"]}]},{\"@type\":\"WebPage\",\"@id\":\"https:\\\/\\\/lequotidien.mr\\\/?p=21704&lang=fr\",\"url\":\"https:\\\/\\\/lequotidien.mr\\\/?p=21704&lang=fr\",\"name\":\"Le Pr\u00e9sident Mohamed Cheikh El Ghazouani au 19\u00e8me Sommet de la Francophonie : \u00ab Cr\u00e9ativit\u00e9, innovation et entrepreneuriat \u00bb - Le Quotidien de Nouakchott\",\"isPartOf\":{\"@id\":\"https:\\\/\\\/lequotidien.mr\\\/#website\"},\"primaryImageOfPage\":{\"@id\":\"https:\\\/\\\/lequotidien.mr\\\/?p=21704&lang=fr#primaryimage\"},\"image\":{\"@id\":\"https:\\\/\\\/lequotidien.mr\\\/?p=21704&lang=fr#primaryimage\"},\"thumbnailUrl\":\"https:\\\/\\\/lequotidien.mr\\\/wp-content\\\/uploads\\\/2024\\\/10\\\/photo-Ghazouani-sommet-OIF-2024.jpg\",\"datePublished\":\"2024-10-05T11:08:09+00:00\",\"breadcrumb\":{\"@id\":\"https:\\\/\\\/lequotidien.mr\\\/?p=21704&lang=fr#breadcrumb\"},\"inLanguage\":\"ar\",\"potentialAction\":[{\"@type\":\"ReadAction\",\"target\":[\"https:\\\/\\\/lequotidien.mr\\\/?p=21704&lang=fr\"]}]},{\"@type\":\"ImageObject\",\"inLanguage\":\"ar\",\"@id\":\"https:\\\/\\\/lequotidien.mr\\\/?p=21704&lang=fr#primaryimage\",\"url\":\"https:\\\/\\\/lequotidien.mr\\\/wp-content\\\/uploads\\\/2024\\\/10\\\/photo-Ghazouani-sommet-OIF-2024.jpg\",\"contentUrl\":\"https:\\\/\\\/lequotidien.mr\\\/wp-content\\\/uploads\\\/2024\\\/10\\\/photo-Ghazouani-sommet-OIF-2024.jpg\",\"width\":639,\"height\":412},{\"@type\":\"BreadcrumbList\",\"@id\":\"https:\\\/\\\/lequotidien.mr\\\/?p=21704&lang=fr#breadcrumb\",\"itemListElement\":[{\"@type\":\"ListItem\",\"position\":1,\"name\":\"Home\",\"item\":\"https:\\\/\\\/lequotidien.mr\\\/\"},{\"@type\":\"ListItem\",\"position\":2,\"name\":\"Le Pr\u00e9sident Mohamed Cheikh El Ghazouani au 19\u00e8me Sommet de la Francophonie : \u00ab Cr\u00e9ativit\u00e9, innovation et entrepreneuriat \u00bb\"}]},{\"@type\":\"WebSite\",\"@id\":\"https:\\\/\\\/lequotidien.mr\\\/#website\",\"url\":\"https:\\\/\\\/lequotidien.mr\\\/\",\"name\":\"Le Quotidien de Nouakchott\",\"description\":\"\u0625\u062e\u0628\u0627\u0631\u064a\u0629 \u0645\u0633\u062a\u0642\u0644\u0629 \u0644\u0644\u0623\u0646\u0628\u0627\u0621 \u0627\u0644\u0639\u0627\u0645\u0629\",\"publisher\":{\"@id\":\"https:\\\/\\\/lequotidien.mr\\\/#organization\"},\"potentialAction\":[{\"@type\":\"SearchAction\",\"target\":{\"@type\":\"EntryPoint\",\"urlTemplate\":\"https:\\\/\\\/lequotidien.mr\\\/?s={search_term_string}\"},\"query-input\":{\"@type\":\"PropertyValueSpecification\",\"valueRequired\":true,\"valueName\":\"search_term_string\"}}],\"inLanguage\":\"ar\"},{\"@type\":\"Organization\",\"@id\":\"https:\\\/\\\/lequotidien.mr\\\/#organization\",\"name\":\"Le Quotidien de Nouakchott\",\"url\":\"https:\\\/\\\/lequotidien.mr\\\/\",\"logo\":{\"@type\":\"ImageObject\",\"inLanguage\":\"ar\",\"@id\":\"https:\\\/\\\/lequotidien.mr\\\/#\\\/schema\\\/logo\\\/image\\\/\",\"url\":\"https:\\\/\\\/lequotidien.mr\\\/wp-content\\\/uploads\\\/2022\\\/11\\\/logolequotidien.jpg\",\"contentUrl\":\"https:\\\/\\\/lequotidien.mr\\\/wp-content\\\/uploads\\\/2022\\\/11\\\/logolequotidien.jpg\",\"width\":290,\"height\":65,\"caption\":\"Le Quotidien de Nouakchott\"},\"image\":{\"@id\":\"https:\\\/\\\/lequotidien.mr\\\/#\\\/schema\\\/logo\\\/image\\\/\"},\"sameAs\":[\"https:\\\/\\\/web.facebook.com\\\/lequotidienmr\",\"https:\\\/\\\/x.com\\\/lequotidienmr\"]},{\"@type\":\"Person\",\"@id\":\"https:\\\/\\\/lequotidien.mr\\\/#\\\/schema\\\/person\\\/d2d350202a4d599685ed8abc25f97596\",\"name\":\"Med Ahmed\",\"image\":{\"@type\":\"ImageObject\",\"inLanguage\":\"ar\",\"@id\":\"https:\\\/\\\/secure.gravatar.com\\\/avatar\\\/fd2acc62ed50732923d1d39c17172c9b04149f142be92310ecc69e1358f94b52?s=96&d=mm&r=g\",\"url\":\"https:\\\/\\\/secure.gravatar.com\\\/avatar\\\/fd2acc62ed50732923d1d39c17172c9b04149f142be92310ecc69e1358f94b52?s=96&d=mm&r=g\",\"contentUrl\":\"https:\\\/\\\/secure.gravatar.com\\\/avatar\\\/fd2acc62ed50732923d1d39c17172c9b04149f142be92310ecc69e1358f94b52?s=96&d=mm&r=g\",\"caption\":\"Med Ahmed\"},\"url\":\"https:\\\/\\\/lequotidien.mr\\\/?author=12\"}]}<\/script>\n<!-- \/ Yoast SEO plugin. -->","yoast_head_json":{"title":"Le Pr\u00e9sident Mohamed Cheikh El Ghazouani au 19\u00e8me Sommet de la Francophonie : \u00ab Cr\u00e9ativit\u00e9, innovation et entrepreneuriat \u00bb - Le Quotidien de Nouakchott","robots":{"index":"index","follow":"follow","max-snippet":"max-snippet:-1","max-image-preview":"max-image-preview:large","max-video-preview":"max-video-preview:-1"},"canonical":"https:\/\/lequotidien.mr\/?p=21704&lang=fr","og_locale":"ar_AR","og_type":"article","og_title":"Le Pr\u00e9sident Mohamed Cheikh El Ghazouani au 19\u00e8me Sommet de la Francophonie : \u00ab Cr\u00e9ativit\u00e9, innovation et entrepreneuriat \u00bb - Le Quotidien de Nouakchott","og_description":"Le vendredi matin, le Pr\u00e9sident de la R\u00e9publique de Mauritanie et Pr\u00e9sident de l\u2019Union africaine, M. Mohamed Cheikh El Ghazouani, a particip\u00e9 au 19\u00e8me Sommet de l\u2019Organisation internationale de la Francophonie (OIF), qui se tient \u00e0 la Cit\u00e9 internationale de la langue fran\u00e7aise \u00e0 Villers-Cotter\u00eats, pr\u00e8s de Paris. Ce sommet, ax\u00e9 sur le th\u00e8me \u00ab.....","og_url":"https:\/\/lequotidien.mr\/?p=21704&lang=fr","og_site_name":"Le Quotidien de Nouakchott","article_publisher":"https:\/\/web.facebook.com\/lequotidienmr","article_published_time":"2024-10-05T11:08:09+00:00","og_image":[{"width":639,"height":412,"url":"https:\/\/lequotidien.mr\/wp-content\/uploads\/2024\/10\/photo-Ghazouani-sommet-OIF-2024.jpg","type":"image\/jpeg"}],"author":"Med Ahmed","twitter_card":"summary_large_image","twitter_creator":"@lequotidienmr","twitter_site":"@lequotidienmr","twitter_misc":{"\u0643\u064f\u062a\u0628 \u0628\u0648\u0627\u0633\u0637\u0629":"Med Ahmed","\u0648\u0642\u062a \u0627\u0644\u0642\u0631\u0627\u0621\u0629 \u0627\u0644\u0645\u064f\u0642\u062f\u0651\u0631":"3 \u062f\u0642\u0627\u0626\u0642"},"schema":{"@context":"https:\/\/schema.org","@graph":[{"@type":"Article","@id":"https:\/\/lequotidien.mr\/?p=21704&lang=fr#article","isPartOf":{"@id":"https:\/\/lequotidien.mr\/?p=21704&lang=fr"},"author":{"name":"Med Ahmed","@id":"https:\/\/lequotidien.mr\/#\/schema\/person\/d2d350202a4d599685ed8abc25f97596"},"headline":"Le Pr\u00e9sident Mohamed Cheikh El Ghazouani au 19\u00e8me Sommet de la Francophonie : \u00ab Cr\u00e9ativit\u00e9, innovation et entrepreneuriat \u00bb","datePublished":"2024-10-05T11:08:09+00:00","mainEntityOfPage":{"@id":"https:\/\/lequotidien.mr\/?p=21704&lang=fr"},"wordCount":539,"commentCount":0,"publisher":{"@id":"https:\/\/lequotidien.mr\/#organization"},"image":{"@id":"https:\/\/lequotidien.mr\/?p=21704&lang=fr#primaryimage"},"thumbnailUrl":"https:\/\/lequotidien.mr\/wp-content\/uploads\/2024\/10\/photo-Ghazouani-sommet-OIF-2024.jpg","articleSection":["ACTUALIT\u00c9","Economie","Culture"],"inLanguage":"ar","potentialAction":[{"@type":"CommentAction","name":"Comment","target":["https:\/\/lequotidien.mr\/?p=21704&lang=fr#respond"]}]},{"@type":"WebPage","@id":"https:\/\/lequotidien.mr\/?p=21704&lang=fr","url":"https:\/\/lequotidien.mr\/?p=21704&lang=fr","name":"Le Pr\u00e9sident Mohamed Cheikh El Ghazouani au 19\u00e8me Sommet de la Francophonie : \u00ab Cr\u00e9ativit\u00e9, innovation et entrepreneuriat \u00bb - Le Quotidien de Nouakchott","isPartOf":{"@id":"https:\/\/lequotidien.mr\/#website"},"primaryImageOfPage":{"@id":"https:\/\/lequotidien.mr\/?p=21704&lang=fr#primaryimage"},"image":{"@id":"https:\/\/lequotidien.mr\/?p=21704&lang=fr#primaryimage"},"thumbnailUrl":"https:\/\/lequotidien.mr\/wp-content\/uploads\/2024\/10\/photo-Ghazouani-sommet-OIF-2024.jpg","datePublished":"2024-10-05T11:08:09+00:00","breadcrumb":{"@id":"https:\/\/lequotidien.mr\/?p=21704&lang=fr#breadcrumb"},"inLanguage":"ar","potentialAction":[{"@type":"ReadAction","target":["https:\/\/lequotidien.mr\/?p=21704&lang=fr"]}]},{"@type":"ImageObject","inLanguage":"ar","@id":"https:\/\/lequotidien.mr\/?p=21704&lang=fr#primaryimage","url":"https:\/\/lequotidien.mr\/wp-content\/uploads\/2024\/10\/photo-Ghazouani-sommet-OIF-2024.jpg","contentUrl":"https:\/\/lequotidien.mr\/wp-content\/uploads\/2024\/10\/photo-Ghazouani-sommet-OIF-2024.jpg","width":639,"height":412},{"@type":"BreadcrumbList","@id":"https:\/\/lequotidien.mr\/?p=21704&lang=fr#breadcrumb","itemListElement":[{"@type":"ListItem","position":1,"name":"Home","item":"https:\/\/lequotidien.mr\/"},{"@type":"ListItem","position":2,"name":"Le Pr\u00e9sident Mohamed Cheikh El Ghazouani au 19\u00e8me Sommet de la Francophonie : \u00ab Cr\u00e9ativit\u00e9, innovation et entrepreneuriat \u00bb"}]},{"@type":"WebSite","@id":"https:\/\/lequotidien.mr\/#website","url":"https:\/\/lequotidien.mr\/","name":"Le Quotidien de Nouakchott","description":"\u0625\u062e\u0628\u0627\u0631\u064a\u0629 \u0645\u0633\u062a\u0642\u0644\u0629 \u0644\u0644\u0623\u0646\u0628\u0627\u0621 \u0627\u0644\u0639\u0627\u0645\u0629","publisher":{"@id":"https:\/\/lequotidien.mr\/#organization"},"potentialAction":[{"@type":"SearchAction","target":{"@type":"EntryPoint","urlTemplate":"https:\/\/lequotidien.mr\/?s={search_term_string}"},"query-input":{"@type":"PropertyValueSpecification","valueRequired":true,"valueName":"search_term_string"}}],"inLanguage":"ar"},{"@type":"Organization","@id":"https:\/\/lequotidien.mr\/#organization","name":"Le Quotidien de Nouakchott","url":"https:\/\/lequotidien.mr\/","logo":{"@type":"ImageObject","inLanguage":"ar","@id":"https:\/\/lequotidien.mr\/#\/schema\/logo\/image\/","url":"https:\/\/lequotidien.mr\/wp-content\/uploads\/2022\/11\/logolequotidien.jpg","contentUrl":"https:\/\/lequotidien.mr\/wp-content\/uploads\/2022\/11\/logolequotidien.jpg","width":290,"height":65,"caption":"Le Quotidien de Nouakchott"},"image":{"@id":"https:\/\/lequotidien.mr\/#\/schema\/logo\/image\/"},"sameAs":["https:\/\/web.facebook.com\/lequotidienmr","https:\/\/x.com\/lequotidienmr"]},{"@type":"Person","@id":"https:\/\/lequotidien.mr\/#\/schema\/person\/d2d350202a4d599685ed8abc25f97596","name":"Med Ahmed","image":{"@type":"ImageObject","inLanguage":"ar","@id":"https:\/\/secure.gravatar.com\/avatar\/fd2acc62ed50732923d1d39c17172c9b04149f142be92310ecc69e1358f94b52?s=96&d=mm&r=g","url":"https:\/\/secure.gravatar.com\/avatar\/fd2acc62ed50732923d1d39c17172c9b04149f142be92310ecc69e1358f94b52?s=96&d=mm&r=g","contentUrl":"https:\/\/secure.gravatar.com\/avatar\/fd2acc62ed50732923d1d39c17172c9b04149f142be92310ecc69e1358f94b52?s=96&d=mm&r=g","caption":"Med Ahmed"},"url":"https:\/\/lequotidien.mr\/?author=12"}]}},"_links":{"self":[{"href":"https:\/\/lequotidien.mr\/index.php?rest_route=\/wp\/v2\/posts\/21704","targetHints":{"allow":["GET"]}}],"collection":[{"href":"https:\/\/lequotidien.mr\/index.php?rest_route=\/wp\/v2\/posts"}],"about":[{"href":"https:\/\/lequotidien.mr\/index.php?rest_route=\/wp\/v2\/types\/post"}],"author":[{"embeddable":true,"href":"https:\/\/lequotidien.mr\/index.php?rest_route=\/wp\/v2\/users\/12"}],"replies":[{"embeddable":true,"href":"https:\/\/lequotidien.mr\/index.php?rest_route=%2Fwp%2Fv2%2Fcomments&post=21704"}],"version-history":[{"count":1,"href":"https:\/\/lequotidien.mr\/index.php?rest_route=\/wp\/v2\/posts\/21704\/revisions"}],"predecessor-version":[{"id":21706,"href":"https:\/\/lequotidien.mr\/index.php?rest_route=\/wp\/v2\/posts\/21704\/revisions\/21706"}],"wp:featuredmedia":[{"embeddable":true,"href":"https:\/\/lequotidien.mr\/index.php?rest_route=\/wp\/v2\/media\/21705"}],"wp:attachment":[{"href":"https:\/\/lequotidien.mr\/index.php?rest_route=%2Fwp%2Fv2%2Fmedia&parent=21704"}],"wp:term":[{"taxonomy":"category","embeddable":true,"href":"https:\/\/lequotidien.mr\/index.php?rest_route=%2Fwp%2Fv2%2Fcategories&post=21704"},{"taxonomy":"post_tag","embeddable":true,"href":"https:\/\/lequotidien.mr\/index.php?rest_route=%2Fwp%2Fv2%2Ftags&post=21704"}],"curies":[{"name":"wp","href":"https:\/\/api.w.org\/{rel}","templated":true}]}}