{"id":21602,"date":"2024-10-02T09:38:11","date_gmt":"2024-10-02T09:38:11","guid":{"rendered":"https:\/\/lequotidien.mr\/?p=21602"},"modified":"2024-10-02T09:38:11","modified_gmt":"2024-10-02T09:38:11","slug":"projet-de-gaz-commun-entre-la-mauritanie-et-le-senegal-vers-une-premiere-exportation-en-2025","status":"publish","type":"post","link":"https:\/\/lequotidien.mr\/?p=21602&lang=fr","title":{"rendered":"Projet de Gaz Commun entre la Mauritanie et le S\u00e9n\u00e9gal : Vers une premi\u00e8re exportation en 2025"},"content":{"rendered":"<p>Le ministre de l&#8217;\u00c9nergie et du P\u00e9trole, M. Mohamed Mohamed Maalainine Khaled, a annonc\u00e9 une avanc\u00e9e significative dans le projet de gaz commun entre la Mauritanie et le S\u00e9n\u00e9gal, connu sous le nom de &#8220;Grand Ahmeyim&#8221; ou &#8220;Tortue&#8221;. En effet, lors du premier forum \u00e9conomique mauritanien-s\u00e9n\u00e9galais tenu \u00e0 Dakar, le 30 septembre dernier, il a d\u00e9clar\u00e9 que le taux d&#8217;avancement des travaux a atteint &#8220;plus de 95 %&#8221;, suscitant ainsi des attentes quant \u00e0 l&#8217;avenir de cette initiative \u00e9nerg\u00e9tique.<\/p>\n<p>M. Khaled a exprim\u00e9 son optimisme concernant la mise en route de la premi\u00e8re cargaison commerciale de gaz d&#8217;ici d\u00e9but 2025. Cette d\u00e9claration marque une \u00e9tape cruciale dans le d\u00e9veloppement de ce projet, qui est consid\u00e9r\u00e9 comme un catalyseur potentiel pour l&#8217;\u00e9conomie des deux pays.<\/p>\n<p>Il est important de rappeler qu&#8217;il y a six ans, la Mauritanie et le S\u00e9n\u00e9gal avaient sign\u00e9 un accord d&#8217;investissement pour l&#8217;exploitation du champ de gaz commun, situ\u00e9 \u00e0 une profondeur impressionnante de 2 850 m\u00e8tres. Les r\u00e9serves de ce champ sont estim\u00e9es \u00e0 environ 25 trillions de pieds cubes, un chiffre qui t\u00e9moigne de l&#8217;importance strat\u00e9gique de cette ressource pour les deux nations.<\/p>\n<p>Outre le champ &#8220;Grand Ahmeyim&#8221;, la Mauritanie poss\u00e8de \u00e9galement d&#8217;autres champs de gaz purs, parmi lesquels le champ &#8220;Bir Allah&#8221;. Selon les derni\u00e8res pr\u00e9visions officielles, l&#8217;exploitation de ce champ devrait commencer entre 2027 et 2028, ajoutant ainsi une autre dimension au paysage \u00e9nerg\u00e9tique du pays.<\/p>\n<p>Ce projet de gaz commun repr\u00e9sente non seulement une opportunit\u00e9 \u00e9conomique pour la Mauritanie et le S\u00e9n\u00e9gal, mais \u00e9galement un moyen de renforcer les liens de coop\u00e9ration entre les deux pays.<\/p>\n<p>Avec un avancement de plus de 95 %, et une premi\u00e8re exportation est pr\u00e9vue pour 2025, le projet &#8220;Grand Ahmeyim&#8221; symbolise une collaboration fructueuse entre la Mauritanie et le S\u00e9n\u00e9gal. Les prochains mois seront cruciaux pour la concr\u00e9tisation de cette initiative, qui pourrait transformer le paysage \u00e9nerg\u00e9tique et \u00e9conomique des deux pays. Les attentes sont donc \u00e9lev\u00e9es, tant sur le plan \u00e9conomique que sur celui de la coop\u00e9ration r\u00e9gionale.<\/p>\n","protected":false},"excerpt":{"rendered":"<p>Le ministre de l&#8217;\u00c9nergie et du P\u00e9trole, M. Mohamed Mohamed Maalainine Khaled, a annonc\u00e9 une avanc\u00e9e significative dans le projet de gaz commun entre la Mauritanie et le S\u00e9n\u00e9gal, connu sous le nom de &#8220;Grand Ahmeyim&#8221; ou &#8220;Tortue&#8221;. En effet, lors du premier forum \u00e9conomique mauritanien-s\u00e9n\u00e9galais tenu \u00e0 Dakar, le 30 septembre dernier, il a&#8230;..<\/p>\n","protected":false},"author":12,"featured_media":21609,"comment_status":"open","ping_status":"open","sticky":false,"template":"","format":"standard","meta":{"footnotes":""},"categories":[23,49],"tags":[],"class_list":["post-21602","post","type-post","status-publish","format-standard","has-post-thumbnail","hentry","category-actualite","category-economie"],"yoast_head":"<!-- This site is optimized with the Yoast SEO plugin v27.5 - https:\/\/yoast.com\/product\/yoast-seo-wordpress\/ -->\n<title>Projet de Gaz Commun entre la Mauritanie et le S\u00e9n\u00e9gal : Vers une premi\u00e8re exportation en 2025 - Le Quotidien de Nouakchott<\/title>\n<meta name=\"robots\" content=\"index, follow, max-snippet:-1, max-image-preview:large, max-video-preview:-1\" \/>\n<link rel=\"canonical\" href=\"https:\/\/lequotidien.mr\/?p=21602&lang=fr\" \/>\n<meta property=\"og:locale\" content=\"ar_AR\" \/>\n<meta property=\"og:type\" content=\"article\" \/>\n<meta property=\"og:title\" content=\"Projet de Gaz Commun entre la Mauritanie et le S\u00e9n\u00e9gal : Vers une premi\u00e8re exportation en 2025 - Le Quotidien de Nouakchott\" \/>\n<meta property=\"og:description\" content=\"Le ministre de l&#8217;\u00c9nergie et du P\u00e9trole, M. Mohamed Mohamed Maalainine Khaled, a annonc\u00e9 une avanc\u00e9e significative dans le projet de gaz commun entre la Mauritanie et le S\u00e9n\u00e9gal, connu sous le nom de &#8220;Grand Ahmeyim&#8221; ou &#8220;Tortue&#8221;. En effet, lors du premier forum \u00e9conomique mauritanien-s\u00e9n\u00e9galais tenu \u00e0 Dakar, le 30 septembre dernier, il a.....\" \/>\n<meta property=\"og:url\" content=\"https:\/\/lequotidien.mr\/?p=21602&amp;lang=fr\" \/>\n<meta property=\"og:site_name\" content=\"Le Quotidien de Nouakchott\" \/>\n<meta property=\"article:publisher\" content=\"https:\/\/web.facebook.com\/lequotidienmr\" \/>\n<meta property=\"article:published_time\" content=\"2024-10-02T09:38:11+00:00\" \/>\n<meta property=\"og:image\" content=\"https:\/\/lequotidien.mr\/wp-content\/uploads\/2024\/10\/photo-carte-gaz-RIM-2.jpg\" \/>\n\t<meta property=\"og:image:width\" content=\"310\" \/>\n\t<meta property=\"og:image:height\" content=\"448\" \/>\n\t<meta property=\"og:image:type\" content=\"image\/jpeg\" \/>\n<meta name=\"author\" content=\"Med Ahmed\" \/>\n<meta name=\"twitter:card\" content=\"summary_large_image\" \/>\n<meta name=\"twitter:creator\" content=\"@lequotidienmr\" \/>\n<meta name=\"twitter:site\" content=\"@lequotidienmr\" \/>\n<meta name=\"twitter:label1\" content=\"\u0643\u064f\u062a\u0628 \u0628\u0648\u0627\u0633\u0637\u0629\" \/>\n\t<meta name=\"twitter:data1\" content=\"Med Ahmed\" \/>\n\t<meta name=\"twitter:label2\" content=\"\u0648\u0642\u062a \u0627\u0644\u0642\u0631\u0627\u0621\u0629 \u0627\u0644\u0645\u064f\u0642\u062f\u0651\u0631\" \/>\n\t<meta name=\"twitter:data2\" content=\"\u062f\u0642\u064a\u0642\u062a\u0627\u0646\" \/>\n<script type=\"application\/ld+json\" class=\"yoast-schema-graph\">{\"@context\":\"https:\\\/\\\/schema.org\",\"@graph\":[{\"@type\":\"Article\",\"@id\":\"https:\\\/\\\/lequotidien.mr\\\/?p=21602&lang=fr#article\",\"isPartOf\":{\"@id\":\"https:\\\/\\\/lequotidien.mr\\\/?p=21602&lang=fr\"},\"author\":{\"name\":\"Med Ahmed\",\"@id\":\"https:\\\/\\\/lequotidien.mr\\\/#\\\/schema\\\/person\\\/d2d350202a4d599685ed8abc25f97596\"},\"headline\":\"Projet de Gaz Commun entre la Mauritanie et le S\u00e9n\u00e9gal : Vers une premi\u00e8re exportation en 2025\",\"datePublished\":\"2024-10-02T09:38:11+00:00\",\"mainEntityOfPage\":{\"@id\":\"https:\\\/\\\/lequotidien.mr\\\/?p=21602&lang=fr\"},\"wordCount\":383,\"commentCount\":0,\"publisher\":{\"@id\":\"https:\\\/\\\/lequotidien.mr\\\/#organization\"},\"image\":{\"@id\":\"https:\\\/\\\/lequotidien.mr\\\/?p=21602&lang=fr#primaryimage\"},\"thumbnailUrl\":\"https:\\\/\\\/lequotidien.mr\\\/wp-content\\\/uploads\\\/2024\\\/10\\\/photo-carte-gaz-RIM-2.jpg\",\"articleSection\":[\"ACTUALIT\u00c9\",\"Economie\"],\"inLanguage\":\"ar\",\"potentialAction\":[{\"@type\":\"CommentAction\",\"name\":\"Comment\",\"target\":[\"https:\\\/\\\/lequotidien.mr\\\/?p=21602&lang=fr#respond\"]}]},{\"@type\":\"WebPage\",\"@id\":\"https:\\\/\\\/lequotidien.mr\\\/?p=21602&lang=fr\",\"url\":\"https:\\\/\\\/lequotidien.mr\\\/?p=21602&lang=fr\",\"name\":\"Projet de Gaz Commun entre la Mauritanie et le S\u00e9n\u00e9gal : Vers une premi\u00e8re exportation en 2025 - Le Quotidien de Nouakchott\",\"isPartOf\":{\"@id\":\"https:\\\/\\\/lequotidien.mr\\\/#website\"},\"primaryImageOfPage\":{\"@id\":\"https:\\\/\\\/lequotidien.mr\\\/?p=21602&lang=fr#primaryimage\"},\"image\":{\"@id\":\"https:\\\/\\\/lequotidien.mr\\\/?p=21602&lang=fr#primaryimage\"},\"thumbnailUrl\":\"https:\\\/\\\/lequotidien.mr\\\/wp-content\\\/uploads\\\/2024\\\/10\\\/photo-carte-gaz-RIM-2.jpg\",\"datePublished\":\"2024-10-02T09:38:11+00:00\",\"breadcrumb\":{\"@id\":\"https:\\\/\\\/lequotidien.mr\\\/?p=21602&lang=fr#breadcrumb\"},\"inLanguage\":\"ar\",\"potentialAction\":[{\"@type\":\"ReadAction\",\"target\":[\"https:\\\/\\\/lequotidien.mr\\\/?p=21602&lang=fr\"]}]},{\"@type\":\"ImageObject\",\"inLanguage\":\"ar\",\"@id\":\"https:\\\/\\\/lequotidien.mr\\\/?p=21602&lang=fr#primaryimage\",\"url\":\"https:\\\/\\\/lequotidien.mr\\\/wp-content\\\/uploads\\\/2024\\\/10\\\/photo-carte-gaz-RIM-2.jpg\",\"contentUrl\":\"https:\\\/\\\/lequotidien.mr\\\/wp-content\\\/uploads\\\/2024\\\/10\\\/photo-carte-gaz-RIM-2.jpg\",\"width\":310,\"height\":448},{\"@type\":\"BreadcrumbList\",\"@id\":\"https:\\\/\\\/lequotidien.mr\\\/?p=21602&lang=fr#breadcrumb\",\"itemListElement\":[{\"@type\":\"ListItem\",\"position\":1,\"name\":\"Home\",\"item\":\"https:\\\/\\\/lequotidien.mr\\\/\"},{\"@type\":\"ListItem\",\"position\":2,\"name\":\"Projet de Gaz Commun entre la Mauritanie et le S\u00e9n\u00e9gal : Vers une premi\u00e8re exportation en 2025\"}]},{\"@type\":\"WebSite\",\"@id\":\"https:\\\/\\\/lequotidien.mr\\\/#website\",\"url\":\"https:\\\/\\\/lequotidien.mr\\\/\",\"name\":\"Le Quotidien de Nouakchott\",\"description\":\"\u0625\u062e\u0628\u0627\u0631\u064a\u0629 \u0645\u0633\u062a\u0642\u0644\u0629 \u0644\u0644\u0623\u0646\u0628\u0627\u0621 \u0627\u0644\u0639\u0627\u0645\u0629\",\"publisher\":{\"@id\":\"https:\\\/\\\/lequotidien.mr\\\/#organization\"},\"potentialAction\":[{\"@type\":\"SearchAction\",\"target\":{\"@type\":\"EntryPoint\",\"urlTemplate\":\"https:\\\/\\\/lequotidien.mr\\\/?s={search_term_string}\"},\"query-input\":{\"@type\":\"PropertyValueSpecification\",\"valueRequired\":true,\"valueName\":\"search_term_string\"}}],\"inLanguage\":\"ar\"},{\"@type\":\"Organization\",\"@id\":\"https:\\\/\\\/lequotidien.mr\\\/#organization\",\"name\":\"Le Quotidien de Nouakchott\",\"url\":\"https:\\\/\\\/lequotidien.mr\\\/\",\"logo\":{\"@type\":\"ImageObject\",\"inLanguage\":\"ar\",\"@id\":\"https:\\\/\\\/lequotidien.mr\\\/#\\\/schema\\\/logo\\\/image\\\/\",\"url\":\"https:\\\/\\\/lequotidien.mr\\\/wp-content\\\/uploads\\\/2022\\\/11\\\/logolequotidien.jpg\",\"contentUrl\":\"https:\\\/\\\/lequotidien.mr\\\/wp-content\\\/uploads\\\/2022\\\/11\\\/logolequotidien.jpg\",\"width\":290,\"height\":65,\"caption\":\"Le Quotidien de Nouakchott\"},\"image\":{\"@id\":\"https:\\\/\\\/lequotidien.mr\\\/#\\\/schema\\\/logo\\\/image\\\/\"},\"sameAs\":[\"https:\\\/\\\/web.facebook.com\\\/lequotidienmr\",\"https:\\\/\\\/x.com\\\/lequotidienmr\"]},{\"@type\":\"Person\",\"@id\":\"https:\\\/\\\/lequotidien.mr\\\/#\\\/schema\\\/person\\\/d2d350202a4d599685ed8abc25f97596\",\"name\":\"Med Ahmed\",\"image\":{\"@type\":\"ImageObject\",\"inLanguage\":\"ar\",\"@id\":\"https:\\\/\\\/secure.gravatar.com\\\/avatar\\\/fd2acc62ed50732923d1d39c17172c9b04149f142be92310ecc69e1358f94b52?s=96&d=mm&r=g\",\"url\":\"https:\\\/\\\/secure.gravatar.com\\\/avatar\\\/fd2acc62ed50732923d1d39c17172c9b04149f142be92310ecc69e1358f94b52?s=96&d=mm&r=g\",\"contentUrl\":\"https:\\\/\\\/secure.gravatar.com\\\/avatar\\\/fd2acc62ed50732923d1d39c17172c9b04149f142be92310ecc69e1358f94b52?s=96&d=mm&r=g\",\"caption\":\"Med Ahmed\"},\"url\":\"https:\\\/\\\/lequotidien.mr\\\/?author=12\"}]}<\/script>\n<!-- \/ Yoast SEO plugin. -->","yoast_head_json":{"title":"Projet de Gaz Commun entre la Mauritanie et le S\u00e9n\u00e9gal : Vers une premi\u00e8re exportation en 2025 - Le Quotidien de Nouakchott","robots":{"index":"index","follow":"follow","max-snippet":"max-snippet:-1","max-image-preview":"max-image-preview:large","max-video-preview":"max-video-preview:-1"},"canonical":"https:\/\/lequotidien.mr\/?p=21602&lang=fr","og_locale":"ar_AR","og_type":"article","og_title":"Projet de Gaz Commun entre la Mauritanie et le S\u00e9n\u00e9gal : Vers une premi\u00e8re exportation en 2025 - Le Quotidien de Nouakchott","og_description":"Le ministre de l&#8217;\u00c9nergie et du P\u00e9trole, M. Mohamed Mohamed Maalainine Khaled, a annonc\u00e9 une avanc\u00e9e significative dans le projet de gaz commun entre la Mauritanie et le S\u00e9n\u00e9gal, connu sous le nom de &#8220;Grand Ahmeyim&#8221; ou &#8220;Tortue&#8221;. En effet, lors du premier forum \u00e9conomique mauritanien-s\u00e9n\u00e9galais tenu \u00e0 Dakar, le 30 septembre dernier, il a.....","og_url":"https:\/\/lequotidien.mr\/?p=21602&lang=fr","og_site_name":"Le Quotidien de Nouakchott","article_publisher":"https:\/\/web.facebook.com\/lequotidienmr","article_published_time":"2024-10-02T09:38:11+00:00","og_image":[{"width":310,"height":448,"url":"https:\/\/lequotidien.mr\/wp-content\/uploads\/2024\/10\/photo-carte-gaz-RIM-2.jpg","type":"image\/jpeg"}],"author":"Med Ahmed","twitter_card":"summary_large_image","twitter_creator":"@lequotidienmr","twitter_site":"@lequotidienmr","twitter_misc":{"\u0643\u064f\u062a\u0628 \u0628\u0648\u0627\u0633\u0637\u0629":"Med Ahmed","\u0648\u0642\u062a \u0627\u0644\u0642\u0631\u0627\u0621\u0629 \u0627\u0644\u0645\u064f\u0642\u062f\u0651\u0631":"\u062f\u0642\u064a\u0642\u062a\u0627\u0646"},"schema":{"@context":"https:\/\/schema.org","@graph":[{"@type":"Article","@id":"https:\/\/lequotidien.mr\/?p=21602&lang=fr#article","isPartOf":{"@id":"https:\/\/lequotidien.mr\/?p=21602&lang=fr"},"author":{"name":"Med Ahmed","@id":"https:\/\/lequotidien.mr\/#\/schema\/person\/d2d350202a4d599685ed8abc25f97596"},"headline":"Projet de Gaz Commun entre la Mauritanie et le S\u00e9n\u00e9gal : Vers une premi\u00e8re exportation en 2025","datePublished":"2024-10-02T09:38:11+00:00","mainEntityOfPage":{"@id":"https:\/\/lequotidien.mr\/?p=21602&lang=fr"},"wordCount":383,"commentCount":0,"publisher":{"@id":"https:\/\/lequotidien.mr\/#organization"},"image":{"@id":"https:\/\/lequotidien.mr\/?p=21602&lang=fr#primaryimage"},"thumbnailUrl":"https:\/\/lequotidien.mr\/wp-content\/uploads\/2024\/10\/photo-carte-gaz-RIM-2.jpg","articleSection":["ACTUALIT\u00c9","Economie"],"inLanguage":"ar","potentialAction":[{"@type":"CommentAction","name":"Comment","target":["https:\/\/lequotidien.mr\/?p=21602&lang=fr#respond"]}]},{"@type":"WebPage","@id":"https:\/\/lequotidien.mr\/?p=21602&lang=fr","url":"https:\/\/lequotidien.mr\/?p=21602&lang=fr","name":"Projet de Gaz Commun entre la Mauritanie et le S\u00e9n\u00e9gal : Vers une premi\u00e8re exportation en 2025 - Le Quotidien de Nouakchott","isPartOf":{"@id":"https:\/\/lequotidien.mr\/#website"},"primaryImageOfPage":{"@id":"https:\/\/lequotidien.mr\/?p=21602&lang=fr#primaryimage"},"image":{"@id":"https:\/\/lequotidien.mr\/?p=21602&lang=fr#primaryimage"},"thumbnailUrl":"https:\/\/lequotidien.mr\/wp-content\/uploads\/2024\/10\/photo-carte-gaz-RIM-2.jpg","datePublished":"2024-10-02T09:38:11+00:00","breadcrumb":{"@id":"https:\/\/lequotidien.mr\/?p=21602&lang=fr#breadcrumb"},"inLanguage":"ar","potentialAction":[{"@type":"ReadAction","target":["https:\/\/lequotidien.mr\/?p=21602&lang=fr"]}]},{"@type":"ImageObject","inLanguage":"ar","@id":"https:\/\/lequotidien.mr\/?p=21602&lang=fr#primaryimage","url":"https:\/\/lequotidien.mr\/wp-content\/uploads\/2024\/10\/photo-carte-gaz-RIM-2.jpg","contentUrl":"https:\/\/lequotidien.mr\/wp-content\/uploads\/2024\/10\/photo-carte-gaz-RIM-2.jpg","width":310,"height":448},{"@type":"BreadcrumbList","@id":"https:\/\/lequotidien.mr\/?p=21602&lang=fr#breadcrumb","itemListElement":[{"@type":"ListItem","position":1,"name":"Home","item":"https:\/\/lequotidien.mr\/"},{"@type":"ListItem","position":2,"name":"Projet de Gaz Commun entre la Mauritanie et le S\u00e9n\u00e9gal : Vers une premi\u00e8re exportation en 2025"}]},{"@type":"WebSite","@id":"https:\/\/lequotidien.mr\/#website","url":"https:\/\/lequotidien.mr\/","name":"Le Quotidien de Nouakchott","description":"\u0625\u062e\u0628\u0627\u0631\u064a\u0629 \u0645\u0633\u062a\u0642\u0644\u0629 \u0644\u0644\u0623\u0646\u0628\u0627\u0621 \u0627\u0644\u0639\u0627\u0645\u0629","publisher":{"@id":"https:\/\/lequotidien.mr\/#organization"},"potentialAction":[{"@type":"SearchAction","target":{"@type":"EntryPoint","urlTemplate":"https:\/\/lequotidien.mr\/?s={search_term_string}"},"query-input":{"@type":"PropertyValueSpecification","valueRequired":true,"valueName":"search_term_string"}}],"inLanguage":"ar"},{"@type":"Organization","@id":"https:\/\/lequotidien.mr\/#organization","name":"Le Quotidien de Nouakchott","url":"https:\/\/lequotidien.mr\/","logo":{"@type":"ImageObject","inLanguage":"ar","@id":"https:\/\/lequotidien.mr\/#\/schema\/logo\/image\/","url":"https:\/\/lequotidien.mr\/wp-content\/uploads\/2022\/11\/logolequotidien.jpg","contentUrl":"https:\/\/lequotidien.mr\/wp-content\/uploads\/2022\/11\/logolequotidien.jpg","width":290,"height":65,"caption":"Le Quotidien de Nouakchott"},"image":{"@id":"https:\/\/lequotidien.mr\/#\/schema\/logo\/image\/"},"sameAs":["https:\/\/web.facebook.com\/lequotidienmr","https:\/\/x.com\/lequotidienmr"]},{"@type":"Person","@id":"https:\/\/lequotidien.mr\/#\/schema\/person\/d2d350202a4d599685ed8abc25f97596","name":"Med Ahmed","image":{"@type":"ImageObject","inLanguage":"ar","@id":"https:\/\/secure.gravatar.com\/avatar\/fd2acc62ed50732923d1d39c17172c9b04149f142be92310ecc69e1358f94b52?s=96&d=mm&r=g","url":"https:\/\/secure.gravatar.com\/avatar\/fd2acc62ed50732923d1d39c17172c9b04149f142be92310ecc69e1358f94b52?s=96&d=mm&r=g","contentUrl":"https:\/\/secure.gravatar.com\/avatar\/fd2acc62ed50732923d1d39c17172c9b04149f142be92310ecc69e1358f94b52?s=96&d=mm&r=g","caption":"Med Ahmed"},"url":"https:\/\/lequotidien.mr\/?author=12"}]}},"_links":{"self":[{"href":"https:\/\/lequotidien.mr\/index.php?rest_route=\/wp\/v2\/posts\/21602","targetHints":{"allow":["GET"]}}],"collection":[{"href":"https:\/\/lequotidien.mr\/index.php?rest_route=\/wp\/v2\/posts"}],"about":[{"href":"https:\/\/lequotidien.mr\/index.php?rest_route=\/wp\/v2\/types\/post"}],"author":[{"embeddable":true,"href":"https:\/\/lequotidien.mr\/index.php?rest_route=\/wp\/v2\/users\/12"}],"replies":[{"embeddable":true,"href":"https:\/\/lequotidien.mr\/index.php?rest_route=%2Fwp%2Fv2%2Fcomments&post=21602"}],"version-history":[{"count":1,"href":"https:\/\/lequotidien.mr\/index.php?rest_route=\/wp\/v2\/posts\/21602\/revisions"}],"predecessor-version":[{"id":21610,"href":"https:\/\/lequotidien.mr\/index.php?rest_route=\/wp\/v2\/posts\/21602\/revisions\/21610"}],"wp:featuredmedia":[{"embeddable":true,"href":"https:\/\/lequotidien.mr\/index.php?rest_route=\/wp\/v2\/media\/21609"}],"wp:attachment":[{"href":"https:\/\/lequotidien.mr\/index.php?rest_route=%2Fwp%2Fv2%2Fmedia&parent=21602"}],"wp:term":[{"taxonomy":"category","embeddable":true,"href":"https:\/\/lequotidien.mr\/index.php?rest_route=%2Fwp%2Fv2%2Fcategories&post=21602"},{"taxonomy":"post_tag","embeddable":true,"href":"https:\/\/lequotidien.mr\/index.php?rest_route=%2Fwp%2Fv2%2Ftags&post=21602"}],"curies":[{"name":"wp","href":"https:\/\/api.w.org\/{rel}","templated":true}]}}