{"id":21598,"date":"2024-10-01T17:35:33","date_gmt":"2024-10-01T17:35:33","guid":{"rendered":"https:\/\/lequotidien.mr\/?p=21598"},"modified":"2024-10-01T17:35:33","modified_gmt":"2024-10-01T17:35:33","slug":"forum-economique-senegal-mauritanie-premices-dun-partenariat-energetique-au-service-de-lintegration-regionale","status":"publish","type":"post","link":"https:\/\/lequotidien.mr\/?p=21598&lang=fr","title":{"rendered":"Forum \u00e9conomique S\u00e9n\u00e9gal-Mauritanie : Pr\u00e9mices d\u2019un partenariat \u00e9nerg\u00e9tique au service de l\u2019int\u00e9gration r\u00e9gionale"},"content":{"rendered":"<p>Le lundi 30 septembre, l\u2019H\u00f4tel Azala\u00ef de Dakar a \u00e9t\u00e9 le th\u00e9\u00e2tre d\u2019un \u00e9v\u00e9nement haut en couleurs, \u00e0 l\u2019occasion de l\u2019ouverture du premier Forum \u00c9conomique S\u00e9n\u00e9gal-Mauritanie (FESM), avec \u00a0la participation remarquable de M. Birame Souleye Diop, ministre s\u00e9n\u00e9galais de l\u2019\u00c9nergie, du P\u00e9trole et des Mines, et de son homologue mauritanien, M. Mohamed Mohamed Maalainine Khaled, ministre de l\u2019Energie et du P\u00e9trole.<\/p>\n<p>Le FESM se pr\u00e9sente comme une plateforme essentielle pour encourager les \u00e9changes bilat\u00e9raux entre le S\u00e9n\u00e9gal et la Mauritanie, en particulier dans les secteurs cl\u00e9s de l\u2019\u00e9nergie et des ressources naturelles. L\u2019initiative vise \u00e0 renforcer la coop\u00e9ration entre les deux pays tout en d\u00e9veloppant des partenariats durables qui r\u00e9pondent aux d\u00e9fis \u00e9nerg\u00e9tiques communs.<\/p>\n<p>Cette rencontre t\u00e9moigne de la volont\u00e9 des deux gouvernements de promouvoir un d\u00e9veloppement \u00e9conomique int\u00e9gr\u00e9, en s\u2019appuyant sur des ressources naturelles partag\u00e9es. En affirmant leur engagement envers une transition \u00e9nerg\u00e9tique responsable, le S\u00e9n\u00e9gal et la Mauritanie aspirent \u00e0 construire une vision commune qui profite \u00e0 l\u2019ensemble de la r\u00e9gion ouest-africaine.<\/p>\n<p>Lors de cette rencontre, le ministre s\u00e9n\u00e9galais de l\u2019\u00c9nergie, du P\u00e9trole et des Mines, Birame Souley Diop, a soulign\u00e9 que le partenariat \u00e9nerg\u00e9tique entre le S\u00e9n\u00e9gal et la Mauritanie constitue &#8220;un levier de transformation pour toute la r\u00e9gion&#8221; ouest-africaine.<\/p>\n<h3>Un partenariat \u00e9nerg\u00e9tique prometteur<\/h3>\n<p>Ce partenariat, ancr\u00e9 dans une volont\u00e9 commune d\u2019exploiter les ressources p\u00e9troli\u00e8res et gazi\u00e8res qui se trouvent de part et d\u2019autre de la fronti\u00e8re, s\u2019inscrit dans une dynamique de confiance et de respect mutuel. Birame Souley Diop a \u00e9voqu\u00e9 l\u2019importance de cette collaboration, non seulement pour le d\u00e9veloppement \u00e9conomique des deux nations, mais \u00e9galement pour la stabilit\u00e9 et la coh\u00e9sion sociale de la r\u00e9gion.<\/p>\n<p>L\u2019implication de l\u2019Organisation pour la mise en valeur du fleuve S\u00e9n\u00e9gal (OMVS) dans ce cadre est \u00e9galement significative. Elle permet aux pays membres de b\u00e9n\u00e9ficier de l\u2019hydro\u00e9lectricit\u00e9, tout en favorisant une coop\u00e9ration durable. Birame Souley Diop a ainsi affirm\u00e9 que l\u2019int\u00e9gration \u00e9conomique, dans le contexte actuel de transition \u00e9nerg\u00e9tique, doit se faire de mani\u00e8re inclusive, en mettant l\u2019accent sur le r\u00f4le des secteurs priv\u00e9s s\u00e9n\u00e9galais et mauritaniens.<\/p>\n<h3>L\u2019\u00e9nergie : un moteur de d\u00e9veloppement<\/h3>\n<p>Pour le ministre, l\u2019\u00e9nergie repr\u00e9sente bien plus qu\u2019une simple ressource \u00e9conomique ; c\u2019est un v\u00e9ritable moteur de d\u00e9veloppement. Ce partenariat doit se traduire par un acc\u00e8s universel \u00e0 l\u2019\u00e9nergie \u00e0 un prix abordable pour les populations locales, tout en veillant \u00e0 une exploitation responsable et durable des ressources. Les autorit\u00e9s des deux pays s\u2019engagent \u00e0 faire en sorte que les entreprises locales soient au c\u0153ur de cette dynamique.<\/p>\n<p>Mohamed Mohamed Maalainine Khaled, ministre mauritanien de l\u2019\u00c9nergie et du P\u00e9trole, a \u00e9galement abord\u00e9 les d\u00e9fis que repr\u00e9sente la transition \u00e9nerg\u00e9tique mondiale pour des pays en d\u00e9veloppement comme le S\u00e9n\u00e9gal et la Mauritanie. Cependant, il a insist\u00e9 sur le fait que cette transition constitue \u00e9galement une occasion \u00e0 saisir pour diversifier les sources d\u2019\u00e9nergie, notamment \u00e0 travers l\u2019\u00e9olien, le solaire et l\u2019hydraulique.<\/p>\n<p>Le FESM est pr\u00e9sent\u00e9 comme un cadre id\u00e9al pour encourager le secteur priv\u00e9 \u00e0 soutenir le d\u00e9veloppement de l\u2019industrie p\u00e9troli\u00e8re et gazi\u00e8re. Les deux pays envisagent d\u2019adopter des lois favorisant le contenu local, afin de garantir que les entreprises et la main-d\u2019\u0153uvre locales b\u00e9n\u00e9ficient pleinement de cette nouvelle dynamique.<\/p>\n<p>L\u2019ouverture du Forum \u00e9conomique S\u00e9n\u00e9gal-Mauritanie marque donc une \u00e9tape cruciale dans le d\u00e9veloppement d\u2019un partenariat \u00e9nerg\u00e9tique solide et durable. Avec une vision partag\u00e9e, les deux pays ont l\u2019opportunit\u00e9 de transformer leurs ressources naturelles en leviers de croissance, de cr\u00e9ation d\u2019emplois et de prosp\u00e9rit\u00e9 commune. L\u2019avenir s\u2019annonce prometteur pour cette collaboration, qui pourrait inspirer d\u2019autres nations de la r\u00e9gion ouest-africaine.<\/p>\n","protected":false},"excerpt":{"rendered":"<p>Le lundi 30 septembre, l\u2019H\u00f4tel Azala\u00ef de Dakar a \u00e9t\u00e9 le th\u00e9\u00e2tre d\u2019un \u00e9v\u00e9nement haut en couleurs, \u00e0 l\u2019occasion de l\u2019ouverture du premier Forum \u00c9conomique S\u00e9n\u00e9gal-Mauritanie (FESM), avec \u00a0la participation remarquable de M. Birame Souleye Diop, ministre s\u00e9n\u00e9galais de l\u2019\u00c9nergie, du P\u00e9trole et des Mines, et de son homologue mauritanien, M. Mohamed Mohamed Maalainine Khaled,&#8230;..<\/p>\n","protected":false},"author":12,"featured_media":21599,"comment_status":"open","ping_status":"open","sticky":false,"template":"","format":"standard","meta":{"footnotes":""},"categories":[23,49],"tags":[],"class_list":["post-21598","post","type-post","status-publish","format-standard","has-post-thumbnail","hentry","category-actualite","category-economie"],"yoast_head":"<!-- This site is optimized with the Yoast SEO plugin v27.5 - https:\/\/yoast.com\/product\/yoast-seo-wordpress\/ -->\n<title>Forum \u00e9conomique S\u00e9n\u00e9gal-Mauritanie : Pr\u00e9mices d\u2019un partenariat \u00e9nerg\u00e9tique au service de l\u2019int\u00e9gration r\u00e9gionale - Le Quotidien de Nouakchott<\/title>\n<meta name=\"robots\" content=\"index, follow, max-snippet:-1, max-image-preview:large, max-video-preview:-1\" \/>\n<link rel=\"canonical\" href=\"https:\/\/lequotidien.mr\/?p=21598&lang=fr\" \/>\n<meta property=\"og:locale\" content=\"ar_AR\" \/>\n<meta property=\"og:type\" content=\"article\" \/>\n<meta property=\"og:title\" content=\"Forum \u00e9conomique S\u00e9n\u00e9gal-Mauritanie : Pr\u00e9mices d\u2019un partenariat \u00e9nerg\u00e9tique au service de l\u2019int\u00e9gration r\u00e9gionale - Le Quotidien de Nouakchott\" \/>\n<meta property=\"og:description\" content=\"Le lundi 30 septembre, l\u2019H\u00f4tel Azala\u00ef de Dakar a \u00e9t\u00e9 le th\u00e9\u00e2tre d\u2019un \u00e9v\u00e9nement haut en couleurs, \u00e0 l\u2019occasion de l\u2019ouverture du premier Forum \u00c9conomique S\u00e9n\u00e9gal-Mauritanie (FESM), avec \u00a0la participation remarquable de M. Birame Souleye Diop, ministre s\u00e9n\u00e9galais de l\u2019\u00c9nergie, du P\u00e9trole et des Mines, et de son homologue mauritanien, M. Mohamed Mohamed Maalainine Khaled,.....\" \/>\n<meta property=\"og:url\" content=\"https:\/\/lequotidien.mr\/?p=21598&amp;lang=fr\" \/>\n<meta property=\"og:site_name\" content=\"Le Quotidien de Nouakchott\" \/>\n<meta property=\"article:publisher\" content=\"https:\/\/web.facebook.com\/lequotidienmr\" \/>\n<meta property=\"article:published_time\" content=\"2024-10-01T17:35:33+00:00\" \/>\n<meta property=\"og:image\" content=\"https:\/\/lequotidien.mr\/wp-content\/uploads\/2024\/10\/photo-forum-Senegal-Mauritanie.jpeg\" \/>\n\t<meta property=\"og:image:width\" content=\"640\" \/>\n\t<meta property=\"og:image:height\" content=\"361\" \/>\n\t<meta property=\"og:image:type\" content=\"image\/jpeg\" \/>\n<meta name=\"author\" content=\"Med Ahmed\" \/>\n<meta name=\"twitter:card\" content=\"summary_large_image\" \/>\n<meta name=\"twitter:creator\" content=\"@lequotidienmr\" \/>\n<meta name=\"twitter:site\" content=\"@lequotidienmr\" \/>\n<meta name=\"twitter:label1\" content=\"\u0643\u064f\u062a\u0628 \u0628\u0648\u0627\u0633\u0637\u0629\" \/>\n\t<meta name=\"twitter:data1\" content=\"Med Ahmed\" \/>\n\t<meta name=\"twitter:label2\" content=\"\u0648\u0642\u062a \u0627\u0644\u0642\u0631\u0627\u0621\u0629 \u0627\u0644\u0645\u064f\u0642\u062f\u0651\u0631\" \/>\n\t<meta name=\"twitter:data2\" content=\"3 \u062f\u0642\u0627\u0626\u0642\" \/>\n<script type=\"application\/ld+json\" class=\"yoast-schema-graph\">{\"@context\":\"https:\\\/\\\/schema.org\",\"@graph\":[{\"@type\":\"Article\",\"@id\":\"https:\\\/\\\/lequotidien.mr\\\/?p=21598&lang=fr#article\",\"isPartOf\":{\"@id\":\"https:\\\/\\\/lequotidien.mr\\\/?p=21598&lang=fr\"},\"author\":{\"name\":\"Med Ahmed\",\"@id\":\"https:\\\/\\\/lequotidien.mr\\\/#\\\/schema\\\/person\\\/d2d350202a4d599685ed8abc25f97596\"},\"headline\":\"Forum \u00e9conomique S\u00e9n\u00e9gal-Mauritanie : Pr\u00e9mices d\u2019un partenariat \u00e9nerg\u00e9tique au service de l\u2019int\u00e9gration r\u00e9gionale\",\"datePublished\":\"2024-10-01T17:35:33+00:00\",\"mainEntityOfPage\":{\"@id\":\"https:\\\/\\\/lequotidien.mr\\\/?p=21598&lang=fr\"},\"wordCount\":712,\"commentCount\":0,\"publisher\":{\"@id\":\"https:\\\/\\\/lequotidien.mr\\\/#organization\"},\"image\":{\"@id\":\"https:\\\/\\\/lequotidien.mr\\\/?p=21598&lang=fr#primaryimage\"},\"thumbnailUrl\":\"https:\\\/\\\/lequotidien.mr\\\/wp-content\\\/uploads\\\/2024\\\/10\\\/photo-forum-Senegal-Mauritanie.jpeg\",\"articleSection\":[\"ACTUALIT\u00c9\",\"Economie\"],\"inLanguage\":\"ar\",\"potentialAction\":[{\"@type\":\"CommentAction\",\"name\":\"Comment\",\"target\":[\"https:\\\/\\\/lequotidien.mr\\\/?p=21598&lang=fr#respond\"]}]},{\"@type\":\"WebPage\",\"@id\":\"https:\\\/\\\/lequotidien.mr\\\/?p=21598&lang=fr\",\"url\":\"https:\\\/\\\/lequotidien.mr\\\/?p=21598&lang=fr\",\"name\":\"Forum \u00e9conomique S\u00e9n\u00e9gal-Mauritanie : Pr\u00e9mices d\u2019un partenariat \u00e9nerg\u00e9tique au service de l\u2019int\u00e9gration r\u00e9gionale - Le Quotidien de Nouakchott\",\"isPartOf\":{\"@id\":\"https:\\\/\\\/lequotidien.mr\\\/#website\"},\"primaryImageOfPage\":{\"@id\":\"https:\\\/\\\/lequotidien.mr\\\/?p=21598&lang=fr#primaryimage\"},\"image\":{\"@id\":\"https:\\\/\\\/lequotidien.mr\\\/?p=21598&lang=fr#primaryimage\"},\"thumbnailUrl\":\"https:\\\/\\\/lequotidien.mr\\\/wp-content\\\/uploads\\\/2024\\\/10\\\/photo-forum-Senegal-Mauritanie.jpeg\",\"datePublished\":\"2024-10-01T17:35:33+00:00\",\"breadcrumb\":{\"@id\":\"https:\\\/\\\/lequotidien.mr\\\/?p=21598&lang=fr#breadcrumb\"},\"inLanguage\":\"ar\",\"potentialAction\":[{\"@type\":\"ReadAction\",\"target\":[\"https:\\\/\\\/lequotidien.mr\\\/?p=21598&lang=fr\"]}]},{\"@type\":\"ImageObject\",\"inLanguage\":\"ar\",\"@id\":\"https:\\\/\\\/lequotidien.mr\\\/?p=21598&lang=fr#primaryimage\",\"url\":\"https:\\\/\\\/lequotidien.mr\\\/wp-content\\\/uploads\\\/2024\\\/10\\\/photo-forum-Senegal-Mauritanie.jpeg\",\"contentUrl\":\"https:\\\/\\\/lequotidien.mr\\\/wp-content\\\/uploads\\\/2024\\\/10\\\/photo-forum-Senegal-Mauritanie.jpeg\",\"width\":640,\"height\":361},{\"@type\":\"BreadcrumbList\",\"@id\":\"https:\\\/\\\/lequotidien.mr\\\/?p=21598&lang=fr#breadcrumb\",\"itemListElement\":[{\"@type\":\"ListItem\",\"position\":1,\"name\":\"Home\",\"item\":\"https:\\\/\\\/lequotidien.mr\\\/\"},{\"@type\":\"ListItem\",\"position\":2,\"name\":\"Forum \u00e9conomique S\u00e9n\u00e9gal-Mauritanie : Pr\u00e9mices d\u2019un partenariat \u00e9nerg\u00e9tique au service de l\u2019int\u00e9gration r\u00e9gionale\"}]},{\"@type\":\"WebSite\",\"@id\":\"https:\\\/\\\/lequotidien.mr\\\/#website\",\"url\":\"https:\\\/\\\/lequotidien.mr\\\/\",\"name\":\"Le Quotidien de Nouakchott\",\"description\":\"\u0625\u062e\u0628\u0627\u0631\u064a\u0629 \u0645\u0633\u062a\u0642\u0644\u0629 \u0644\u0644\u0623\u0646\u0628\u0627\u0621 \u0627\u0644\u0639\u0627\u0645\u0629\",\"publisher\":{\"@id\":\"https:\\\/\\\/lequotidien.mr\\\/#organization\"},\"potentialAction\":[{\"@type\":\"SearchAction\",\"target\":{\"@type\":\"EntryPoint\",\"urlTemplate\":\"https:\\\/\\\/lequotidien.mr\\\/?s={search_term_string}\"},\"query-input\":{\"@type\":\"PropertyValueSpecification\",\"valueRequired\":true,\"valueName\":\"search_term_string\"}}],\"inLanguage\":\"ar\"},{\"@type\":\"Organization\",\"@id\":\"https:\\\/\\\/lequotidien.mr\\\/#organization\",\"name\":\"Le Quotidien de Nouakchott\",\"url\":\"https:\\\/\\\/lequotidien.mr\\\/\",\"logo\":{\"@type\":\"ImageObject\",\"inLanguage\":\"ar\",\"@id\":\"https:\\\/\\\/lequotidien.mr\\\/#\\\/schema\\\/logo\\\/image\\\/\",\"url\":\"https:\\\/\\\/lequotidien.mr\\\/wp-content\\\/uploads\\\/2022\\\/11\\\/logolequotidien.jpg\",\"contentUrl\":\"https:\\\/\\\/lequotidien.mr\\\/wp-content\\\/uploads\\\/2022\\\/11\\\/logolequotidien.jpg\",\"width\":290,\"height\":65,\"caption\":\"Le Quotidien de Nouakchott\"},\"image\":{\"@id\":\"https:\\\/\\\/lequotidien.mr\\\/#\\\/schema\\\/logo\\\/image\\\/\"},\"sameAs\":[\"https:\\\/\\\/web.facebook.com\\\/lequotidienmr\",\"https:\\\/\\\/x.com\\\/lequotidienmr\"]},{\"@type\":\"Person\",\"@id\":\"https:\\\/\\\/lequotidien.mr\\\/#\\\/schema\\\/person\\\/d2d350202a4d599685ed8abc25f97596\",\"name\":\"Med Ahmed\",\"image\":{\"@type\":\"ImageObject\",\"inLanguage\":\"ar\",\"@id\":\"https:\\\/\\\/secure.gravatar.com\\\/avatar\\\/fd2acc62ed50732923d1d39c17172c9b04149f142be92310ecc69e1358f94b52?s=96&d=mm&r=g\",\"url\":\"https:\\\/\\\/secure.gravatar.com\\\/avatar\\\/fd2acc62ed50732923d1d39c17172c9b04149f142be92310ecc69e1358f94b52?s=96&d=mm&r=g\",\"contentUrl\":\"https:\\\/\\\/secure.gravatar.com\\\/avatar\\\/fd2acc62ed50732923d1d39c17172c9b04149f142be92310ecc69e1358f94b52?s=96&d=mm&r=g\",\"caption\":\"Med Ahmed\"},\"url\":\"https:\\\/\\\/lequotidien.mr\\\/?author=12\"}]}<\/script>\n<!-- \/ Yoast SEO plugin. -->","yoast_head_json":{"title":"Forum \u00e9conomique S\u00e9n\u00e9gal-Mauritanie : Pr\u00e9mices d\u2019un partenariat \u00e9nerg\u00e9tique au service de l\u2019int\u00e9gration r\u00e9gionale - Le Quotidien de Nouakchott","robots":{"index":"index","follow":"follow","max-snippet":"max-snippet:-1","max-image-preview":"max-image-preview:large","max-video-preview":"max-video-preview:-1"},"canonical":"https:\/\/lequotidien.mr\/?p=21598&lang=fr","og_locale":"ar_AR","og_type":"article","og_title":"Forum \u00e9conomique S\u00e9n\u00e9gal-Mauritanie : Pr\u00e9mices d\u2019un partenariat \u00e9nerg\u00e9tique au service de l\u2019int\u00e9gration r\u00e9gionale - Le Quotidien de Nouakchott","og_description":"Le lundi 30 septembre, l\u2019H\u00f4tel Azala\u00ef de Dakar a \u00e9t\u00e9 le th\u00e9\u00e2tre d\u2019un \u00e9v\u00e9nement haut en couleurs, \u00e0 l\u2019occasion de l\u2019ouverture du premier Forum \u00c9conomique S\u00e9n\u00e9gal-Mauritanie (FESM), avec \u00a0la participation remarquable de M. Birame Souleye Diop, ministre s\u00e9n\u00e9galais de l\u2019\u00c9nergie, du P\u00e9trole et des Mines, et de son homologue mauritanien, M. Mohamed Mohamed Maalainine Khaled,.....","og_url":"https:\/\/lequotidien.mr\/?p=21598&lang=fr","og_site_name":"Le Quotidien de Nouakchott","article_publisher":"https:\/\/web.facebook.com\/lequotidienmr","article_published_time":"2024-10-01T17:35:33+00:00","og_image":[{"width":640,"height":361,"url":"https:\/\/lequotidien.mr\/wp-content\/uploads\/2024\/10\/photo-forum-Senegal-Mauritanie.jpeg","type":"image\/jpeg"}],"author":"Med Ahmed","twitter_card":"summary_large_image","twitter_creator":"@lequotidienmr","twitter_site":"@lequotidienmr","twitter_misc":{"\u0643\u064f\u062a\u0628 \u0628\u0648\u0627\u0633\u0637\u0629":"Med Ahmed","\u0648\u0642\u062a \u0627\u0644\u0642\u0631\u0627\u0621\u0629 \u0627\u0644\u0645\u064f\u0642\u062f\u0651\u0631":"3 \u062f\u0642\u0627\u0626\u0642"},"schema":{"@context":"https:\/\/schema.org","@graph":[{"@type":"Article","@id":"https:\/\/lequotidien.mr\/?p=21598&lang=fr#article","isPartOf":{"@id":"https:\/\/lequotidien.mr\/?p=21598&lang=fr"},"author":{"name":"Med Ahmed","@id":"https:\/\/lequotidien.mr\/#\/schema\/person\/d2d350202a4d599685ed8abc25f97596"},"headline":"Forum \u00e9conomique S\u00e9n\u00e9gal-Mauritanie : Pr\u00e9mices d\u2019un partenariat \u00e9nerg\u00e9tique au service de l\u2019int\u00e9gration r\u00e9gionale","datePublished":"2024-10-01T17:35:33+00:00","mainEntityOfPage":{"@id":"https:\/\/lequotidien.mr\/?p=21598&lang=fr"},"wordCount":712,"commentCount":0,"publisher":{"@id":"https:\/\/lequotidien.mr\/#organization"},"image":{"@id":"https:\/\/lequotidien.mr\/?p=21598&lang=fr#primaryimage"},"thumbnailUrl":"https:\/\/lequotidien.mr\/wp-content\/uploads\/2024\/10\/photo-forum-Senegal-Mauritanie.jpeg","articleSection":["ACTUALIT\u00c9","Economie"],"inLanguage":"ar","potentialAction":[{"@type":"CommentAction","name":"Comment","target":["https:\/\/lequotidien.mr\/?p=21598&lang=fr#respond"]}]},{"@type":"WebPage","@id":"https:\/\/lequotidien.mr\/?p=21598&lang=fr","url":"https:\/\/lequotidien.mr\/?p=21598&lang=fr","name":"Forum \u00e9conomique S\u00e9n\u00e9gal-Mauritanie : Pr\u00e9mices d\u2019un partenariat \u00e9nerg\u00e9tique au service de l\u2019int\u00e9gration r\u00e9gionale - Le Quotidien de Nouakchott","isPartOf":{"@id":"https:\/\/lequotidien.mr\/#website"},"primaryImageOfPage":{"@id":"https:\/\/lequotidien.mr\/?p=21598&lang=fr#primaryimage"},"image":{"@id":"https:\/\/lequotidien.mr\/?p=21598&lang=fr#primaryimage"},"thumbnailUrl":"https:\/\/lequotidien.mr\/wp-content\/uploads\/2024\/10\/photo-forum-Senegal-Mauritanie.jpeg","datePublished":"2024-10-01T17:35:33+00:00","breadcrumb":{"@id":"https:\/\/lequotidien.mr\/?p=21598&lang=fr#breadcrumb"},"inLanguage":"ar","potentialAction":[{"@type":"ReadAction","target":["https:\/\/lequotidien.mr\/?p=21598&lang=fr"]}]},{"@type":"ImageObject","inLanguage":"ar","@id":"https:\/\/lequotidien.mr\/?p=21598&lang=fr#primaryimage","url":"https:\/\/lequotidien.mr\/wp-content\/uploads\/2024\/10\/photo-forum-Senegal-Mauritanie.jpeg","contentUrl":"https:\/\/lequotidien.mr\/wp-content\/uploads\/2024\/10\/photo-forum-Senegal-Mauritanie.jpeg","width":640,"height":361},{"@type":"BreadcrumbList","@id":"https:\/\/lequotidien.mr\/?p=21598&lang=fr#breadcrumb","itemListElement":[{"@type":"ListItem","position":1,"name":"Home","item":"https:\/\/lequotidien.mr\/"},{"@type":"ListItem","position":2,"name":"Forum \u00e9conomique S\u00e9n\u00e9gal-Mauritanie : Pr\u00e9mices d\u2019un partenariat \u00e9nerg\u00e9tique au service de l\u2019int\u00e9gration r\u00e9gionale"}]},{"@type":"WebSite","@id":"https:\/\/lequotidien.mr\/#website","url":"https:\/\/lequotidien.mr\/","name":"Le Quotidien de Nouakchott","description":"\u0625\u062e\u0628\u0627\u0631\u064a\u0629 \u0645\u0633\u062a\u0642\u0644\u0629 \u0644\u0644\u0623\u0646\u0628\u0627\u0621 \u0627\u0644\u0639\u0627\u0645\u0629","publisher":{"@id":"https:\/\/lequotidien.mr\/#organization"},"potentialAction":[{"@type":"SearchAction","target":{"@type":"EntryPoint","urlTemplate":"https:\/\/lequotidien.mr\/?s={search_term_string}"},"query-input":{"@type":"PropertyValueSpecification","valueRequired":true,"valueName":"search_term_string"}}],"inLanguage":"ar"},{"@type":"Organization","@id":"https:\/\/lequotidien.mr\/#organization","name":"Le Quotidien de Nouakchott","url":"https:\/\/lequotidien.mr\/","logo":{"@type":"ImageObject","inLanguage":"ar","@id":"https:\/\/lequotidien.mr\/#\/schema\/logo\/image\/","url":"https:\/\/lequotidien.mr\/wp-content\/uploads\/2022\/11\/logolequotidien.jpg","contentUrl":"https:\/\/lequotidien.mr\/wp-content\/uploads\/2022\/11\/logolequotidien.jpg","width":290,"height":65,"caption":"Le Quotidien de Nouakchott"},"image":{"@id":"https:\/\/lequotidien.mr\/#\/schema\/logo\/image\/"},"sameAs":["https:\/\/web.facebook.com\/lequotidienmr","https:\/\/x.com\/lequotidienmr"]},{"@type":"Person","@id":"https:\/\/lequotidien.mr\/#\/schema\/person\/d2d350202a4d599685ed8abc25f97596","name":"Med Ahmed","image":{"@type":"ImageObject","inLanguage":"ar","@id":"https:\/\/secure.gravatar.com\/avatar\/fd2acc62ed50732923d1d39c17172c9b04149f142be92310ecc69e1358f94b52?s=96&d=mm&r=g","url":"https:\/\/secure.gravatar.com\/avatar\/fd2acc62ed50732923d1d39c17172c9b04149f142be92310ecc69e1358f94b52?s=96&d=mm&r=g","contentUrl":"https:\/\/secure.gravatar.com\/avatar\/fd2acc62ed50732923d1d39c17172c9b04149f142be92310ecc69e1358f94b52?s=96&d=mm&r=g","caption":"Med Ahmed"},"url":"https:\/\/lequotidien.mr\/?author=12"}]}},"_links":{"self":[{"href":"https:\/\/lequotidien.mr\/index.php?rest_route=\/wp\/v2\/posts\/21598","targetHints":{"allow":["GET"]}}],"collection":[{"href":"https:\/\/lequotidien.mr\/index.php?rest_route=\/wp\/v2\/posts"}],"about":[{"href":"https:\/\/lequotidien.mr\/index.php?rest_route=\/wp\/v2\/types\/post"}],"author":[{"embeddable":true,"href":"https:\/\/lequotidien.mr\/index.php?rest_route=\/wp\/v2\/users\/12"}],"replies":[{"embeddable":true,"href":"https:\/\/lequotidien.mr\/index.php?rest_route=%2Fwp%2Fv2%2Fcomments&post=21598"}],"version-history":[{"count":1,"href":"https:\/\/lequotidien.mr\/index.php?rest_route=\/wp\/v2\/posts\/21598\/revisions"}],"predecessor-version":[{"id":21600,"href":"https:\/\/lequotidien.mr\/index.php?rest_route=\/wp\/v2\/posts\/21598\/revisions\/21600"}],"wp:featuredmedia":[{"embeddable":true,"href":"https:\/\/lequotidien.mr\/index.php?rest_route=\/wp\/v2\/media\/21599"}],"wp:attachment":[{"href":"https:\/\/lequotidien.mr\/index.php?rest_route=%2Fwp%2Fv2%2Fmedia&parent=21598"}],"wp:term":[{"taxonomy":"category","embeddable":true,"href":"https:\/\/lequotidien.mr\/index.php?rest_route=%2Fwp%2Fv2%2Fcategories&post=21598"},{"taxonomy":"post_tag","embeddable":true,"href":"https:\/\/lequotidien.mr\/index.php?rest_route=%2Fwp%2Fv2%2Ftags&post=21598"}],"curies":[{"name":"wp","href":"https:\/\/api.w.org\/{rel}","templated":true}]}}