{"id":21527,"date":"2024-09-28T10:44:57","date_gmt":"2024-09-28T10:44:57","guid":{"rendered":"https:\/\/lequotidien.mr\/?p=21527"},"modified":"2024-09-28T10:44:57","modified_gmt":"2024-09-28T10:44:57","slug":"changement-climatique-la-mauritanie-veut-saffirmer-comme-un-leader-emergent-dans-la-production-de-lhydrogene-vert","status":"publish","type":"post","link":"https:\/\/lequotidien.mr\/?p=21527&lang=fr","title":{"rendered":"Changement climatique : La Mauritanie veut s\u2019affirmer comme un leader \u00e9mergent dans la production de l&#8217;hydrog\u00e8ne vert"},"content":{"rendered":"<p>Lors de la 79\u00e8me session ordinaire de l\u2019Assembl\u00e9e g\u00e9n\u00e9rale des Nations unies \u00e0 New York, le Pr\u00e9sident de la R\u00e9publique, pr\u00e9sident de l\u2019Union africaine, M. Mohamed Cheikh El Ghazouani, a affirm\u00e9 l\u2019engagement de la Mauritanie \u00e0 jouer un r\u00f4le cl\u00e9 sur la sc\u00e8ne mondiale dans le domaine de l\u2019\u00e9conomie verte, avec un accent particulier sur l\u2019hydrog\u00e8ne. Cette d\u00e9claration a \u00e9t\u00e9 faite lors d\u2019une r\u00e9union de haut niveau du Comit\u00e9 des chefs d\u2019\u00c9tat et de gouvernement africains sur les changements climatiques, pr\u00e9sid\u00e9e par Son Excellence William Ruto, Pr\u00e9sident du Kenya.<\/p>\n<h3>Une r\u00e9union de haut niveau pour un avenir durable<\/h3>\n<p>Dans son discours, M. El Ghazouani a salu\u00e9 l\u2019initiative de son homologue k\u00e9nyan, soulignant l\u2019importance cruciale de la coop\u00e9ration africaine face aux enjeux climatiques. \u00c0 l\u2019approche de la COP29 en Azerba\u00efdjan, il a mis en avant la n\u00e9cessit\u00e9 d\u2019une action collective renforc\u00e9e, indiquant que la coordination entre les nations africaines est essentielle pour faire entendre la voix du continent sur la sc\u00e8ne internationale.<\/p>\n<h3>L&#8217;Engagement de la Mauritanie pour une \u00e9conomie verte<\/h3>\n<p>La Mauritanie se positionne comme un acteur central dans la transition vers une \u00e9conomie \u00e0 faible \u00e9mission de carbone. Le pr\u00e9sident a soulign\u00e9 le potentiel immense du pays en mati\u00e8re d\u2019\u00e9nergie renouvelable, gr\u00e2ce \u00e0 ses 750 kilom\u00e8tres de c\u00f4tes et \u00e0 un ensoleillement exceptionnel. Ces caract\u00e9ristiques offrent des opportunit\u00e9s uniques pour d\u00e9velopper des projets d\u2019\u00e9nergie \u00e9olienne et solaire, \u00e9l\u00e9ments cl\u00e9s dans la production d\u2019hydrog\u00e8ne vert.<\/p>\n<h3>L&#8217;Hydrog\u00e8ne : une ressource d&#8217;avenir<\/h3>\n<p>El Ghazouani a clairement exprim\u00e9 sa conviction que la Mauritanie peut devenir un leader dans la production d\u2019hydrog\u00e8ne, un carburant de plus en plus pris\u00e9 pour sa capacit\u00e9 \u00e0 r\u00e9duire les \u00e9missions de gaz \u00e0 effet de serre. En s\u2019appuyant sur les ressources naturelles du pays, la Mauritanie pourrait non seulement r\u00e9pondre aux besoins \u00e9nerg\u00e9tiques locaux, mais aussi contribuer aux march\u00e9s mondiaux de l&#8217;hydrog\u00e8ne, offrant ainsi une voie prometteuse pour le d\u00e9veloppement \u00e9conomique durable.<\/p>\n<p>Dans ce cadre, le pr\u00e9sident a lanc\u00e9 un appel \u00e0 l\u2019unit\u00e9 et \u00e0 l\u2019ambition collective des pays africains. Alors que le continent est l&#8217;un des plus vuln\u00e9rables aux impacts du changement climatique, il est imp\u00e9ratif que les nations africaines unissent leurs forces pour obtenir un soutien financier et technique suffisant. La Mauritanie, par son engagement en faveur d\u2019une \u00e9conomie verte et de l\u2019hydrog\u00e8ne, montre la voie \u00e0 suivre pour un d\u00e9veloppement durable b\u00e9n\u00e9fique pour les g\u00e9n\u00e9rations futures.<\/p>\n<p>Ainsi, la Mauritanie s\u2019affirme comme un leader potentiel dans le domaine de l\u2019\u00e9conomie verte. Le discours de M. El Ghazouani a soulign\u00e9, non seulement les d\u00e9fis li\u00e9s au changement climatique, mais aussi les opportunit\u00e9s que le continent peut saisir pour transformer ses ressources en actions concr\u00e8tes. Avec une vision claire et une coop\u00e9ration renforc\u00e9e, l&#8217;Afrique a le potentiel de faire une diff\u00e9rence significative dans la lutte contre le changement climatique et la transition \u00e9nerg\u00e9tique mondiale.<\/p>\n","protected":false},"excerpt":{"rendered":"<p>Lors de la 79\u00e8me session ordinaire de l\u2019Assembl\u00e9e g\u00e9n\u00e9rale des Nations unies \u00e0 New York, le Pr\u00e9sident de la R\u00e9publique, pr\u00e9sident de l\u2019Union africaine, M. Mohamed Cheikh El Ghazouani, a affirm\u00e9 l\u2019engagement de la Mauritanie \u00e0 jouer un r\u00f4le cl\u00e9 sur la sc\u00e8ne mondiale dans le domaine de l\u2019\u00e9conomie verte, avec un accent particulier sur&#8230;..<\/p>\n","protected":false},"author":12,"featured_media":21528,"comment_status":"open","ping_status":"open","sticky":false,"template":"","format":"standard","meta":{"footnotes":""},"categories":[23,49],"tags":[],"class_list":["post-21527","post","type-post","status-publish","format-standard","has-post-thumbnail","hentry","category-actualite","category-economie"],"yoast_head":"<!-- This site is optimized with the Yoast SEO plugin v27.5 - https:\/\/yoast.com\/product\/yoast-seo-wordpress\/ -->\n<title>Changement climatique : La Mauritanie veut s\u2019affirmer comme un leader \u00e9mergent dans la production de l&#039;hydrog\u00e8ne vert - Le Quotidien de Nouakchott<\/title>\n<meta name=\"robots\" content=\"index, follow, max-snippet:-1, max-image-preview:large, max-video-preview:-1\" \/>\n<link rel=\"canonical\" href=\"https:\/\/lequotidien.mr\/?p=21527&lang=fr\" \/>\n<meta property=\"og:locale\" content=\"ar_AR\" \/>\n<meta property=\"og:type\" content=\"article\" \/>\n<meta property=\"og:title\" content=\"Changement climatique : La Mauritanie veut s\u2019affirmer comme un leader \u00e9mergent dans la production de l&#039;hydrog\u00e8ne vert - Le Quotidien de Nouakchott\" \/>\n<meta property=\"og:description\" content=\"Lors de la 79\u00e8me session ordinaire de l\u2019Assembl\u00e9e g\u00e9n\u00e9rale des Nations unies \u00e0 New York, le Pr\u00e9sident de la R\u00e9publique, pr\u00e9sident de l\u2019Union africaine, M. Mohamed Cheikh El Ghazouani, a affirm\u00e9 l\u2019engagement de la Mauritanie \u00e0 jouer un r\u00f4le cl\u00e9 sur la sc\u00e8ne mondiale dans le domaine de l\u2019\u00e9conomie verte, avec un accent particulier sur.....\" \/>\n<meta property=\"og:url\" content=\"https:\/\/lequotidien.mr\/?p=21527&amp;lang=fr\" \/>\n<meta property=\"og:site_name\" content=\"Le Quotidien de Nouakchott\" \/>\n<meta property=\"article:publisher\" content=\"https:\/\/web.facebook.com\/lequotidienmr\" \/>\n<meta property=\"article:published_time\" content=\"2024-09-28T10:44:57+00:00\" \/>\n<meta property=\"og:image\" content=\"https:\/\/lequotidien.mr\/wp-content\/uploads\/2024\/09\/photo-Ghazouani-Energie-renouv.jpg\" \/>\n\t<meta property=\"og:image:width\" content=\"715\" \/>\n\t<meta property=\"og:image:height\" content=\"390\" \/>\n\t<meta property=\"og:image:type\" content=\"image\/jpeg\" \/>\n<meta name=\"author\" content=\"Med Ahmed\" \/>\n<meta name=\"twitter:card\" content=\"summary_large_image\" \/>\n<meta name=\"twitter:creator\" content=\"@lequotidienmr\" \/>\n<meta name=\"twitter:site\" content=\"@lequotidienmr\" \/>\n<meta name=\"twitter:label1\" content=\"\u0643\u064f\u062a\u0628 \u0628\u0648\u0627\u0633\u0637\u0629\" \/>\n\t<meta name=\"twitter:data1\" content=\"Med Ahmed\" \/>\n\t<meta name=\"twitter:label2\" content=\"\u0648\u0642\u062a \u0627\u0644\u0642\u0631\u0627\u0621\u0629 \u0627\u0644\u0645\u064f\u0642\u062f\u0651\u0631\" \/>\n\t<meta name=\"twitter:data2\" content=\"3 \u062f\u0642\u0627\u0626\u0642\" \/>\n<script type=\"application\/ld+json\" class=\"yoast-schema-graph\">{\"@context\":\"https:\\\/\\\/schema.org\",\"@graph\":[{\"@type\":\"Article\",\"@id\":\"https:\\\/\\\/lequotidien.mr\\\/?p=21527&lang=fr#article\",\"isPartOf\":{\"@id\":\"https:\\\/\\\/lequotidien.mr\\\/?p=21527&lang=fr\"},\"author\":{\"name\":\"Med Ahmed\",\"@id\":\"https:\\\/\\\/lequotidien.mr\\\/#\\\/schema\\\/person\\\/d2d350202a4d599685ed8abc25f97596\"},\"headline\":\"Changement climatique : La Mauritanie veut s\u2019affirmer comme un leader \u00e9mergent dans la production de l&#8217;hydrog\u00e8ne vert\",\"datePublished\":\"2024-09-28T10:44:57+00:00\",\"mainEntityOfPage\":{\"@id\":\"https:\\\/\\\/lequotidien.mr\\\/?p=21527&lang=fr\"},\"wordCount\":556,\"commentCount\":0,\"publisher\":{\"@id\":\"https:\\\/\\\/lequotidien.mr\\\/#organization\"},\"image\":{\"@id\":\"https:\\\/\\\/lequotidien.mr\\\/?p=21527&lang=fr#primaryimage\"},\"thumbnailUrl\":\"https:\\\/\\\/lequotidien.mr\\\/wp-content\\\/uploads\\\/2024\\\/09\\\/photo-Ghazouani-Energie-renouv.jpg\",\"articleSection\":[\"ACTUALIT\u00c9\",\"Economie\"],\"inLanguage\":\"ar\",\"potentialAction\":[{\"@type\":\"CommentAction\",\"name\":\"Comment\",\"target\":[\"https:\\\/\\\/lequotidien.mr\\\/?p=21527&lang=fr#respond\"]}]},{\"@type\":\"WebPage\",\"@id\":\"https:\\\/\\\/lequotidien.mr\\\/?p=21527&lang=fr\",\"url\":\"https:\\\/\\\/lequotidien.mr\\\/?p=21527&lang=fr\",\"name\":\"Changement climatique : La Mauritanie veut s\u2019affirmer comme un leader \u00e9mergent dans la production de l'hydrog\u00e8ne vert - Le Quotidien de Nouakchott\",\"isPartOf\":{\"@id\":\"https:\\\/\\\/lequotidien.mr\\\/#website\"},\"primaryImageOfPage\":{\"@id\":\"https:\\\/\\\/lequotidien.mr\\\/?p=21527&lang=fr#primaryimage\"},\"image\":{\"@id\":\"https:\\\/\\\/lequotidien.mr\\\/?p=21527&lang=fr#primaryimage\"},\"thumbnailUrl\":\"https:\\\/\\\/lequotidien.mr\\\/wp-content\\\/uploads\\\/2024\\\/09\\\/photo-Ghazouani-Energie-renouv.jpg\",\"datePublished\":\"2024-09-28T10:44:57+00:00\",\"breadcrumb\":{\"@id\":\"https:\\\/\\\/lequotidien.mr\\\/?p=21527&lang=fr#breadcrumb\"},\"inLanguage\":\"ar\",\"potentialAction\":[{\"@type\":\"ReadAction\",\"target\":[\"https:\\\/\\\/lequotidien.mr\\\/?p=21527&lang=fr\"]}]},{\"@type\":\"ImageObject\",\"inLanguage\":\"ar\",\"@id\":\"https:\\\/\\\/lequotidien.mr\\\/?p=21527&lang=fr#primaryimage\",\"url\":\"https:\\\/\\\/lequotidien.mr\\\/wp-content\\\/uploads\\\/2024\\\/09\\\/photo-Ghazouani-Energie-renouv.jpg\",\"contentUrl\":\"https:\\\/\\\/lequotidien.mr\\\/wp-content\\\/uploads\\\/2024\\\/09\\\/photo-Ghazouani-Energie-renouv.jpg\",\"width\":715,\"height\":390},{\"@type\":\"BreadcrumbList\",\"@id\":\"https:\\\/\\\/lequotidien.mr\\\/?p=21527&lang=fr#breadcrumb\",\"itemListElement\":[{\"@type\":\"ListItem\",\"position\":1,\"name\":\"Home\",\"item\":\"https:\\\/\\\/lequotidien.mr\\\/\"},{\"@type\":\"ListItem\",\"position\":2,\"name\":\"Changement climatique : La Mauritanie veut s\u2019affirmer comme un leader \u00e9mergent dans la production de l&rsquo;hydrog\u00e8ne vert\"}]},{\"@type\":\"WebSite\",\"@id\":\"https:\\\/\\\/lequotidien.mr\\\/#website\",\"url\":\"https:\\\/\\\/lequotidien.mr\\\/\",\"name\":\"Le Quotidien de Nouakchott\",\"description\":\"\u0625\u062e\u0628\u0627\u0631\u064a\u0629 \u0645\u0633\u062a\u0642\u0644\u0629 \u0644\u0644\u0623\u0646\u0628\u0627\u0621 \u0627\u0644\u0639\u0627\u0645\u0629\",\"publisher\":{\"@id\":\"https:\\\/\\\/lequotidien.mr\\\/#organization\"},\"potentialAction\":[{\"@type\":\"SearchAction\",\"target\":{\"@type\":\"EntryPoint\",\"urlTemplate\":\"https:\\\/\\\/lequotidien.mr\\\/?s={search_term_string}\"},\"query-input\":{\"@type\":\"PropertyValueSpecification\",\"valueRequired\":true,\"valueName\":\"search_term_string\"}}],\"inLanguage\":\"ar\"},{\"@type\":\"Organization\",\"@id\":\"https:\\\/\\\/lequotidien.mr\\\/#organization\",\"name\":\"Le Quotidien de Nouakchott\",\"url\":\"https:\\\/\\\/lequotidien.mr\\\/\",\"logo\":{\"@type\":\"ImageObject\",\"inLanguage\":\"ar\",\"@id\":\"https:\\\/\\\/lequotidien.mr\\\/#\\\/schema\\\/logo\\\/image\\\/\",\"url\":\"https:\\\/\\\/lequotidien.mr\\\/wp-content\\\/uploads\\\/2022\\\/11\\\/logolequotidien.jpg\",\"contentUrl\":\"https:\\\/\\\/lequotidien.mr\\\/wp-content\\\/uploads\\\/2022\\\/11\\\/logolequotidien.jpg\",\"width\":290,\"height\":65,\"caption\":\"Le Quotidien de Nouakchott\"},\"image\":{\"@id\":\"https:\\\/\\\/lequotidien.mr\\\/#\\\/schema\\\/logo\\\/image\\\/\"},\"sameAs\":[\"https:\\\/\\\/web.facebook.com\\\/lequotidienmr\",\"https:\\\/\\\/x.com\\\/lequotidienmr\"]},{\"@type\":\"Person\",\"@id\":\"https:\\\/\\\/lequotidien.mr\\\/#\\\/schema\\\/person\\\/d2d350202a4d599685ed8abc25f97596\",\"name\":\"Med Ahmed\",\"image\":{\"@type\":\"ImageObject\",\"inLanguage\":\"ar\",\"@id\":\"https:\\\/\\\/secure.gravatar.com\\\/avatar\\\/fd2acc62ed50732923d1d39c17172c9b04149f142be92310ecc69e1358f94b52?s=96&d=mm&r=g\",\"url\":\"https:\\\/\\\/secure.gravatar.com\\\/avatar\\\/fd2acc62ed50732923d1d39c17172c9b04149f142be92310ecc69e1358f94b52?s=96&d=mm&r=g\",\"contentUrl\":\"https:\\\/\\\/secure.gravatar.com\\\/avatar\\\/fd2acc62ed50732923d1d39c17172c9b04149f142be92310ecc69e1358f94b52?s=96&d=mm&r=g\",\"caption\":\"Med Ahmed\"},\"url\":\"https:\\\/\\\/lequotidien.mr\\\/?author=12\"}]}<\/script>\n<!-- \/ Yoast SEO plugin. -->","yoast_head_json":{"title":"Changement climatique : La Mauritanie veut s\u2019affirmer comme un leader \u00e9mergent dans la production de l'hydrog\u00e8ne vert - Le Quotidien de Nouakchott","robots":{"index":"index","follow":"follow","max-snippet":"max-snippet:-1","max-image-preview":"max-image-preview:large","max-video-preview":"max-video-preview:-1"},"canonical":"https:\/\/lequotidien.mr\/?p=21527&lang=fr","og_locale":"ar_AR","og_type":"article","og_title":"Changement climatique : La Mauritanie veut s\u2019affirmer comme un leader \u00e9mergent dans la production de l'hydrog\u00e8ne vert - Le Quotidien de Nouakchott","og_description":"Lors de la 79\u00e8me session ordinaire de l\u2019Assembl\u00e9e g\u00e9n\u00e9rale des Nations unies \u00e0 New York, le Pr\u00e9sident de la R\u00e9publique, pr\u00e9sident de l\u2019Union africaine, M. Mohamed Cheikh El Ghazouani, a affirm\u00e9 l\u2019engagement de la Mauritanie \u00e0 jouer un r\u00f4le cl\u00e9 sur la sc\u00e8ne mondiale dans le domaine de l\u2019\u00e9conomie verte, avec un accent particulier sur.....","og_url":"https:\/\/lequotidien.mr\/?p=21527&lang=fr","og_site_name":"Le Quotidien de Nouakchott","article_publisher":"https:\/\/web.facebook.com\/lequotidienmr","article_published_time":"2024-09-28T10:44:57+00:00","og_image":[{"width":715,"height":390,"url":"https:\/\/lequotidien.mr\/wp-content\/uploads\/2024\/09\/photo-Ghazouani-Energie-renouv.jpg","type":"image\/jpeg"}],"author":"Med Ahmed","twitter_card":"summary_large_image","twitter_creator":"@lequotidienmr","twitter_site":"@lequotidienmr","twitter_misc":{"\u0643\u064f\u062a\u0628 \u0628\u0648\u0627\u0633\u0637\u0629":"Med Ahmed","\u0648\u0642\u062a \u0627\u0644\u0642\u0631\u0627\u0621\u0629 \u0627\u0644\u0645\u064f\u0642\u062f\u0651\u0631":"3 \u062f\u0642\u0627\u0626\u0642"},"schema":{"@context":"https:\/\/schema.org","@graph":[{"@type":"Article","@id":"https:\/\/lequotidien.mr\/?p=21527&lang=fr#article","isPartOf":{"@id":"https:\/\/lequotidien.mr\/?p=21527&lang=fr"},"author":{"name":"Med Ahmed","@id":"https:\/\/lequotidien.mr\/#\/schema\/person\/d2d350202a4d599685ed8abc25f97596"},"headline":"Changement climatique : La Mauritanie veut s\u2019affirmer comme un leader \u00e9mergent dans la production de l&#8217;hydrog\u00e8ne vert","datePublished":"2024-09-28T10:44:57+00:00","mainEntityOfPage":{"@id":"https:\/\/lequotidien.mr\/?p=21527&lang=fr"},"wordCount":556,"commentCount":0,"publisher":{"@id":"https:\/\/lequotidien.mr\/#organization"},"image":{"@id":"https:\/\/lequotidien.mr\/?p=21527&lang=fr#primaryimage"},"thumbnailUrl":"https:\/\/lequotidien.mr\/wp-content\/uploads\/2024\/09\/photo-Ghazouani-Energie-renouv.jpg","articleSection":["ACTUALIT\u00c9","Economie"],"inLanguage":"ar","potentialAction":[{"@type":"CommentAction","name":"Comment","target":["https:\/\/lequotidien.mr\/?p=21527&lang=fr#respond"]}]},{"@type":"WebPage","@id":"https:\/\/lequotidien.mr\/?p=21527&lang=fr","url":"https:\/\/lequotidien.mr\/?p=21527&lang=fr","name":"Changement climatique : La Mauritanie veut s\u2019affirmer comme un leader \u00e9mergent dans la production de l'hydrog\u00e8ne vert - Le Quotidien de Nouakchott","isPartOf":{"@id":"https:\/\/lequotidien.mr\/#website"},"primaryImageOfPage":{"@id":"https:\/\/lequotidien.mr\/?p=21527&lang=fr#primaryimage"},"image":{"@id":"https:\/\/lequotidien.mr\/?p=21527&lang=fr#primaryimage"},"thumbnailUrl":"https:\/\/lequotidien.mr\/wp-content\/uploads\/2024\/09\/photo-Ghazouani-Energie-renouv.jpg","datePublished":"2024-09-28T10:44:57+00:00","breadcrumb":{"@id":"https:\/\/lequotidien.mr\/?p=21527&lang=fr#breadcrumb"},"inLanguage":"ar","potentialAction":[{"@type":"ReadAction","target":["https:\/\/lequotidien.mr\/?p=21527&lang=fr"]}]},{"@type":"ImageObject","inLanguage":"ar","@id":"https:\/\/lequotidien.mr\/?p=21527&lang=fr#primaryimage","url":"https:\/\/lequotidien.mr\/wp-content\/uploads\/2024\/09\/photo-Ghazouani-Energie-renouv.jpg","contentUrl":"https:\/\/lequotidien.mr\/wp-content\/uploads\/2024\/09\/photo-Ghazouani-Energie-renouv.jpg","width":715,"height":390},{"@type":"BreadcrumbList","@id":"https:\/\/lequotidien.mr\/?p=21527&lang=fr#breadcrumb","itemListElement":[{"@type":"ListItem","position":1,"name":"Home","item":"https:\/\/lequotidien.mr\/"},{"@type":"ListItem","position":2,"name":"Changement climatique : La Mauritanie veut s\u2019affirmer comme un leader \u00e9mergent dans la production de l&rsquo;hydrog\u00e8ne vert"}]},{"@type":"WebSite","@id":"https:\/\/lequotidien.mr\/#website","url":"https:\/\/lequotidien.mr\/","name":"Le Quotidien de Nouakchott","description":"\u0625\u062e\u0628\u0627\u0631\u064a\u0629 \u0645\u0633\u062a\u0642\u0644\u0629 \u0644\u0644\u0623\u0646\u0628\u0627\u0621 \u0627\u0644\u0639\u0627\u0645\u0629","publisher":{"@id":"https:\/\/lequotidien.mr\/#organization"},"potentialAction":[{"@type":"SearchAction","target":{"@type":"EntryPoint","urlTemplate":"https:\/\/lequotidien.mr\/?s={search_term_string}"},"query-input":{"@type":"PropertyValueSpecification","valueRequired":true,"valueName":"search_term_string"}}],"inLanguage":"ar"},{"@type":"Organization","@id":"https:\/\/lequotidien.mr\/#organization","name":"Le Quotidien de Nouakchott","url":"https:\/\/lequotidien.mr\/","logo":{"@type":"ImageObject","inLanguage":"ar","@id":"https:\/\/lequotidien.mr\/#\/schema\/logo\/image\/","url":"https:\/\/lequotidien.mr\/wp-content\/uploads\/2022\/11\/logolequotidien.jpg","contentUrl":"https:\/\/lequotidien.mr\/wp-content\/uploads\/2022\/11\/logolequotidien.jpg","width":290,"height":65,"caption":"Le Quotidien de Nouakchott"},"image":{"@id":"https:\/\/lequotidien.mr\/#\/schema\/logo\/image\/"},"sameAs":["https:\/\/web.facebook.com\/lequotidienmr","https:\/\/x.com\/lequotidienmr"]},{"@type":"Person","@id":"https:\/\/lequotidien.mr\/#\/schema\/person\/d2d350202a4d599685ed8abc25f97596","name":"Med Ahmed","image":{"@type":"ImageObject","inLanguage":"ar","@id":"https:\/\/secure.gravatar.com\/avatar\/fd2acc62ed50732923d1d39c17172c9b04149f142be92310ecc69e1358f94b52?s=96&d=mm&r=g","url":"https:\/\/secure.gravatar.com\/avatar\/fd2acc62ed50732923d1d39c17172c9b04149f142be92310ecc69e1358f94b52?s=96&d=mm&r=g","contentUrl":"https:\/\/secure.gravatar.com\/avatar\/fd2acc62ed50732923d1d39c17172c9b04149f142be92310ecc69e1358f94b52?s=96&d=mm&r=g","caption":"Med Ahmed"},"url":"https:\/\/lequotidien.mr\/?author=12"}]}},"_links":{"self":[{"href":"https:\/\/lequotidien.mr\/index.php?rest_route=\/wp\/v2\/posts\/21527","targetHints":{"allow":["GET"]}}],"collection":[{"href":"https:\/\/lequotidien.mr\/index.php?rest_route=\/wp\/v2\/posts"}],"about":[{"href":"https:\/\/lequotidien.mr\/index.php?rest_route=\/wp\/v2\/types\/post"}],"author":[{"embeddable":true,"href":"https:\/\/lequotidien.mr\/index.php?rest_route=\/wp\/v2\/users\/12"}],"replies":[{"embeddable":true,"href":"https:\/\/lequotidien.mr\/index.php?rest_route=%2Fwp%2Fv2%2Fcomments&post=21527"}],"version-history":[{"count":1,"href":"https:\/\/lequotidien.mr\/index.php?rest_route=\/wp\/v2\/posts\/21527\/revisions"}],"predecessor-version":[{"id":21529,"href":"https:\/\/lequotidien.mr\/index.php?rest_route=\/wp\/v2\/posts\/21527\/revisions\/21529"}],"wp:featuredmedia":[{"embeddable":true,"href":"https:\/\/lequotidien.mr\/index.php?rest_route=\/wp\/v2\/media\/21528"}],"wp:attachment":[{"href":"https:\/\/lequotidien.mr\/index.php?rest_route=%2Fwp%2Fv2%2Fmedia&parent=21527"}],"wp:term":[{"taxonomy":"category","embeddable":true,"href":"https:\/\/lequotidien.mr\/index.php?rest_route=%2Fwp%2Fv2%2Fcategories&post=21527"},{"taxonomy":"post_tag","embeddable":true,"href":"https:\/\/lequotidien.mr\/index.php?rest_route=%2Fwp%2Fv2%2Ftags&post=21527"}],"curies":[{"name":"wp","href":"https:\/\/api.w.org\/{rel}","templated":true}]}}