{"id":21501,"date":"2024-09-26T10:10:36","date_gmt":"2024-09-26T10:10:36","guid":{"rendered":"https:\/\/lequotidien.mr\/?p=21501"},"modified":"2024-09-26T10:10:36","modified_gmt":"2024-09-26T10:10:36","slug":"new-york-le-president-mohamed-cheikh-el-ghazouani-intervient-a-la-reunion-du-comite-des-chefs-detats-et-de-gouvernement-africains-sur-le-changement-climatique","status":"publish","type":"post","link":"https:\/\/lequotidien.mr\/?p=21501&lang=fr","title":{"rendered":"New York : Le Pr\u00e9sident Mohamed Cheikh El Ghazouani intervient \u00e0 la r\u00e9union du Comit\u00e9 des Chefs d\u2019Etats et de Gouvernement africains sur le changement climatique"},"content":{"rendered":"<p>Le Pr\u00e9sident de la R\u00e9publique islamique de Mauritanie et Pr\u00e9sident de l\u2019Union africaine, M. Mohamed Cheikh El Ghazouani, a pris part, ce mercredi matin, \u00e0 une r\u00e9union de haut niveau du Comit\u00e9 des chefs d\u2019\u00c9tat et de gouvernement africains sur les changements climatiques, qui s\u2019est tenue en marge de la 79\u00e8me session ordinaire de l\u2019Assembl\u00e9e g\u00e9n\u00e9rale des Nations unies \u00e0 New York. Cette rencontre, pr\u00e9sid\u00e9e par le Pr\u00e9sident du Kenya, William Ruto, a rassembl\u00e9 des leaders africains autour d\u2019un enjeu crucial : le changement climatique.<\/p>\n<p>Dans son discours, M. El Ghazouani a salu\u00e9 les efforts de son homologue kenyan et a soulign\u00e9 l\u2019importance d\u2019une coordination accrue entre les pays africains face \u00e0 cette crise mondiale. Il a affirm\u00e9 que cette unit\u00e9 est essentielle pour garantir que l&#8217;Afrique puisse faire entendre sa voix sur la sc\u00e8ne internationale et d\u00e9fendre ses int\u00e9r\u00eats lors des n\u00e9gociations sur le climat.<\/p>\n<p>Le Pr\u00e9sident a insist\u00e9 sur le fait que l\u2019action collective est la v\u00e9ritable force de l\u2019Afrique et que, dans le contexte des pr\u00e9paratifs de la COP29 qui se tiendra en Azerba\u00efdjan, l\u2019unit\u00e9 des pays africains est plus n\u00e9cessaire que jamais. Il a identifi\u00e9 le d\u00e9fi majeur de ces n\u00e9gociations : la fixation d\u2019un objectif collectif qui est vital pour le financement des mesures d\u2019att\u00e9nuation et d\u2019adaptation aux effets du changement climatique.<\/p>\n<p>El Ghazouani a rappel\u00e9 que l\u2019Afrique, \u00e9tant le continent le plus vuln\u00e9rable aux cons\u00e9quences du changement climatique, doit jouer un r\u00f4le central dans ces discussions et b\u00e9n\u00e9ficier d\u2019un soutien financier durable. Il a r\u00e9it\u00e9r\u00e9 l\u2019engagement de la Mauritanie \u00e0 se positionner comme un acteur cl\u00e9 sur la sc\u00e8ne mondiale, notamment dans le domaine de l\u2019\u00e9conomie verte et de l\u2019hydrog\u00e8ne.<\/p>\n<p>Le Pr\u00e9sident a mis en avant le potentiel \u00e9nerg\u00e9tique exceptionnel de la Mauritanie, soulignant que son littoral, long de plus de 750 km, et ses conditions climatiques favorables ouvrent la voie \u00e0 des projets ambitieux de parcs \u00e9oliens. Avec un ensoleillement estim\u00e9 entre 2000 et 2300 kilowatts par m\u00e8tre carr\u00e9 par an, la Mauritanie poss\u00e8de des ressources consid\u00e9rables pour devenir un leader dans la production d\u2019hydrog\u00e8ne vert.<\/p>\n<p>El Ghazouani a d\u00e9clar\u00e9 avec conviction que les efforts conjoints des pays africains pourraient contribuer de mani\u00e8re significative \u00e0 la r\u00e9duction des \u00e9missions de gaz \u00e0 effet de serre \u00e0 l\u2019\u00e9chelle mondiale. En tirant parti de ses ressources naturelles, la Mauritanie entend jouer un r\u00f4le de premier plan dans la transition vers une \u00e9conomie \u00e0 faible \u00e9mission de carbone.<\/p>\n<p>Accompagn\u00e9 d\u2019une d\u00e9l\u00e9gation de haut niveau, incluant des ministres et des ambassadeurs, le Pr\u00e9sident El Ghazouani a d\u00e9montr\u00e9 l\u2019engagement de la Mauritanie \u00e0 collaborer avec d\u2019autres nations africaines pour relever les d\u00e9fis climatiques<\/p>\n<p>Cette r\u00e9union internationale a \u00e9t\u00e9 une occasion pour le Pr\u00e9sident El Ghazouani pour rappeler \u00a0tout l\u2019int\u00e9r\u00eat d\u2019un engagement ferme pour une Afrique unie face au changement climatique. En effet, dans un monde de plus en plus confront\u00e9 \u00e0 des d\u00e9fis environnementaux, la voix collective des pays africains, port\u00e9e par des leaders engag\u00e9s pour la bonne cause, pourrait s\u2019av\u00e9rer d\u00e9terminante dans les n\u00e9gociations futures et pour l\u2019avenir durable du continent.<\/p>\n","protected":false},"excerpt":{"rendered":"<p>Le Pr\u00e9sident de la R\u00e9publique islamique de Mauritanie et Pr\u00e9sident de l\u2019Union africaine, M. Mohamed Cheikh El Ghazouani, a pris part, ce mercredi matin, \u00e0 une r\u00e9union de haut niveau du Comit\u00e9 des chefs d\u2019\u00c9tat et de gouvernement africains sur les changements climatiques, qui s\u2019est tenue en marge de la 79\u00e8me session ordinaire de l\u2019Assembl\u00e9e&#8230;..<\/p>\n","protected":false},"author":12,"featured_media":21502,"comment_status":"open","ping_status":"open","sticky":false,"template":"","format":"standard","meta":{"footnotes":""},"categories":[23,49],"tags":[],"class_list":["post-21501","post","type-post","status-publish","format-standard","has-post-thumbnail","hentry","category-actualite","category-economie"],"yoast_head":"<!-- This site is optimized with the Yoast SEO plugin v27.5 - https:\/\/yoast.com\/product\/yoast-seo-wordpress\/ -->\n<title>New York : Le Pr\u00e9sident Mohamed Cheikh El Ghazouani intervient \u00e0 la r\u00e9union du Comit\u00e9 des Chefs d\u2019Etats et de Gouvernement africains sur le changement climatique - Le Quotidien de Nouakchott<\/title>\n<meta name=\"robots\" content=\"index, follow, max-snippet:-1, max-image-preview:large, max-video-preview:-1\" \/>\n<link rel=\"canonical\" href=\"https:\/\/lequotidien.mr\/?p=21501&lang=fr\" \/>\n<meta property=\"og:locale\" content=\"ar_AR\" \/>\n<meta property=\"og:type\" content=\"article\" \/>\n<meta property=\"og:title\" content=\"New York : Le Pr\u00e9sident Mohamed Cheikh El Ghazouani intervient \u00e0 la r\u00e9union du Comit\u00e9 des Chefs d\u2019Etats et de Gouvernement africains sur le changement climatique - Le Quotidien de Nouakchott\" \/>\n<meta property=\"og:description\" content=\"Le Pr\u00e9sident de la R\u00e9publique islamique de Mauritanie et Pr\u00e9sident de l\u2019Union africaine, M. Mohamed Cheikh El Ghazouani, a pris part, ce mercredi matin, \u00e0 une r\u00e9union de haut niveau du Comit\u00e9 des chefs d\u2019\u00c9tat et de gouvernement africains sur les changements climatiques, qui s\u2019est tenue en marge de la 79\u00e8me session ordinaire de l\u2019Assembl\u00e9e.....\" \/>\n<meta property=\"og:url\" content=\"https:\/\/lequotidien.mr\/?p=21501&amp;lang=fr\" \/>\n<meta property=\"og:site_name\" content=\"Le Quotidien de Nouakchott\" \/>\n<meta property=\"article:publisher\" content=\"https:\/\/web.facebook.com\/lequotidienmr\" \/>\n<meta property=\"article:published_time\" content=\"2024-09-26T10:10:36+00:00\" \/>\n<meta property=\"og:image\" content=\"https:\/\/lequotidien.mr\/wp-content\/uploads\/2024\/09\/photo-Ghazouani-comite-chefs-dEtats-environnement-_-New-York.jpg\" \/>\n\t<meta property=\"og:image:width\" content=\"640\" \/>\n\t<meta property=\"og:image:height\" content=\"322\" \/>\n\t<meta property=\"og:image:type\" content=\"image\/jpeg\" \/>\n<meta name=\"author\" content=\"Med Ahmed\" \/>\n<meta name=\"twitter:card\" content=\"summary_large_image\" \/>\n<meta name=\"twitter:creator\" content=\"@lequotidienmr\" \/>\n<meta name=\"twitter:site\" content=\"@lequotidienmr\" \/>\n<meta name=\"twitter:label1\" content=\"\u0643\u064f\u062a\u0628 \u0628\u0648\u0627\u0633\u0637\u0629\" \/>\n\t<meta name=\"twitter:data1\" content=\"Med Ahmed\" \/>\n\t<meta name=\"twitter:label2\" content=\"\u0648\u0642\u062a \u0627\u0644\u0642\u0631\u0627\u0621\u0629 \u0627\u0644\u0645\u064f\u0642\u062f\u0651\u0631\" \/>\n\t<meta name=\"twitter:data2\" content=\"3 \u062f\u0642\u0627\u0626\u0642\" \/>\n<script type=\"application\/ld+json\" class=\"yoast-schema-graph\">{\"@context\":\"https:\\\/\\\/schema.org\",\"@graph\":[{\"@type\":\"Article\",\"@id\":\"https:\\\/\\\/lequotidien.mr\\\/?p=21501&lang=fr#article\",\"isPartOf\":{\"@id\":\"https:\\\/\\\/lequotidien.mr\\\/?p=21501&lang=fr\"},\"author\":{\"name\":\"Med Ahmed\",\"@id\":\"https:\\\/\\\/lequotidien.mr\\\/#\\\/schema\\\/person\\\/d2d350202a4d599685ed8abc25f97596\"},\"headline\":\"New York : Le Pr\u00e9sident Mohamed Cheikh El Ghazouani intervient \u00e0 la r\u00e9union du Comit\u00e9 des Chefs d\u2019Etats et de Gouvernement africains sur le changement climatique\",\"datePublished\":\"2024-09-26T10:10:36+00:00\",\"mainEntityOfPage\":{\"@id\":\"https:\\\/\\\/lequotidien.mr\\\/?p=21501&lang=fr\"},\"wordCount\":600,\"commentCount\":0,\"publisher\":{\"@id\":\"https:\\\/\\\/lequotidien.mr\\\/#organization\"},\"image\":{\"@id\":\"https:\\\/\\\/lequotidien.mr\\\/?p=21501&lang=fr#primaryimage\"},\"thumbnailUrl\":\"https:\\\/\\\/lequotidien.mr\\\/wp-content\\\/uploads\\\/2024\\\/09\\\/photo-Ghazouani-comite-chefs-dEtats-environnement-_-New-York.jpg\",\"articleSection\":[\"ACTUALIT\u00c9\",\"Economie\"],\"inLanguage\":\"ar\",\"potentialAction\":[{\"@type\":\"CommentAction\",\"name\":\"Comment\",\"target\":[\"https:\\\/\\\/lequotidien.mr\\\/?p=21501&lang=fr#respond\"]}]},{\"@type\":\"WebPage\",\"@id\":\"https:\\\/\\\/lequotidien.mr\\\/?p=21501&lang=fr\",\"url\":\"https:\\\/\\\/lequotidien.mr\\\/?p=21501&lang=fr\",\"name\":\"New York : Le Pr\u00e9sident Mohamed Cheikh El Ghazouani intervient \u00e0 la r\u00e9union du Comit\u00e9 des Chefs d\u2019Etats et de Gouvernement africains sur le changement climatique - Le Quotidien de Nouakchott\",\"isPartOf\":{\"@id\":\"https:\\\/\\\/lequotidien.mr\\\/#website\"},\"primaryImageOfPage\":{\"@id\":\"https:\\\/\\\/lequotidien.mr\\\/?p=21501&lang=fr#primaryimage\"},\"image\":{\"@id\":\"https:\\\/\\\/lequotidien.mr\\\/?p=21501&lang=fr#primaryimage\"},\"thumbnailUrl\":\"https:\\\/\\\/lequotidien.mr\\\/wp-content\\\/uploads\\\/2024\\\/09\\\/photo-Ghazouani-comite-chefs-dEtats-environnement-_-New-York.jpg\",\"datePublished\":\"2024-09-26T10:10:36+00:00\",\"breadcrumb\":{\"@id\":\"https:\\\/\\\/lequotidien.mr\\\/?p=21501&lang=fr#breadcrumb\"},\"inLanguage\":\"ar\",\"potentialAction\":[{\"@type\":\"ReadAction\",\"target\":[\"https:\\\/\\\/lequotidien.mr\\\/?p=21501&lang=fr\"]}]},{\"@type\":\"ImageObject\",\"inLanguage\":\"ar\",\"@id\":\"https:\\\/\\\/lequotidien.mr\\\/?p=21501&lang=fr#primaryimage\",\"url\":\"https:\\\/\\\/lequotidien.mr\\\/wp-content\\\/uploads\\\/2024\\\/09\\\/photo-Ghazouani-comite-chefs-dEtats-environnement-_-New-York.jpg\",\"contentUrl\":\"https:\\\/\\\/lequotidien.mr\\\/wp-content\\\/uploads\\\/2024\\\/09\\\/photo-Ghazouani-comite-chefs-dEtats-environnement-_-New-York.jpg\",\"width\":640,\"height\":322},{\"@type\":\"BreadcrumbList\",\"@id\":\"https:\\\/\\\/lequotidien.mr\\\/?p=21501&lang=fr#breadcrumb\",\"itemListElement\":[{\"@type\":\"ListItem\",\"position\":1,\"name\":\"Home\",\"item\":\"https:\\\/\\\/lequotidien.mr\\\/\"},{\"@type\":\"ListItem\",\"position\":2,\"name\":\"New York : Le Pr\u00e9sident Mohamed Cheikh El Ghazouani intervient \u00e0 la r\u00e9union du Comit\u00e9 des Chefs d\u2019Etats et de Gouvernement africains sur le changement climatique\"}]},{\"@type\":\"WebSite\",\"@id\":\"https:\\\/\\\/lequotidien.mr\\\/#website\",\"url\":\"https:\\\/\\\/lequotidien.mr\\\/\",\"name\":\"Le Quotidien de Nouakchott\",\"description\":\"\u0625\u062e\u0628\u0627\u0631\u064a\u0629 \u0645\u0633\u062a\u0642\u0644\u0629 \u0644\u0644\u0623\u0646\u0628\u0627\u0621 \u0627\u0644\u0639\u0627\u0645\u0629\",\"publisher\":{\"@id\":\"https:\\\/\\\/lequotidien.mr\\\/#organization\"},\"potentialAction\":[{\"@type\":\"SearchAction\",\"target\":{\"@type\":\"EntryPoint\",\"urlTemplate\":\"https:\\\/\\\/lequotidien.mr\\\/?s={search_term_string}\"},\"query-input\":{\"@type\":\"PropertyValueSpecification\",\"valueRequired\":true,\"valueName\":\"search_term_string\"}}],\"inLanguage\":\"ar\"},{\"@type\":\"Organization\",\"@id\":\"https:\\\/\\\/lequotidien.mr\\\/#organization\",\"name\":\"Le Quotidien de Nouakchott\",\"url\":\"https:\\\/\\\/lequotidien.mr\\\/\",\"logo\":{\"@type\":\"ImageObject\",\"inLanguage\":\"ar\",\"@id\":\"https:\\\/\\\/lequotidien.mr\\\/#\\\/schema\\\/logo\\\/image\\\/\",\"url\":\"https:\\\/\\\/lequotidien.mr\\\/wp-content\\\/uploads\\\/2022\\\/11\\\/logolequotidien.jpg\",\"contentUrl\":\"https:\\\/\\\/lequotidien.mr\\\/wp-content\\\/uploads\\\/2022\\\/11\\\/logolequotidien.jpg\",\"width\":290,\"height\":65,\"caption\":\"Le Quotidien de Nouakchott\"},\"image\":{\"@id\":\"https:\\\/\\\/lequotidien.mr\\\/#\\\/schema\\\/logo\\\/image\\\/\"},\"sameAs\":[\"https:\\\/\\\/web.facebook.com\\\/lequotidienmr\",\"https:\\\/\\\/x.com\\\/lequotidienmr\"]},{\"@type\":\"Person\",\"@id\":\"https:\\\/\\\/lequotidien.mr\\\/#\\\/schema\\\/person\\\/d2d350202a4d599685ed8abc25f97596\",\"name\":\"Med Ahmed\",\"image\":{\"@type\":\"ImageObject\",\"inLanguage\":\"ar\",\"@id\":\"https:\\\/\\\/secure.gravatar.com\\\/avatar\\\/fd2acc62ed50732923d1d39c17172c9b04149f142be92310ecc69e1358f94b52?s=96&d=mm&r=g\",\"url\":\"https:\\\/\\\/secure.gravatar.com\\\/avatar\\\/fd2acc62ed50732923d1d39c17172c9b04149f142be92310ecc69e1358f94b52?s=96&d=mm&r=g\",\"contentUrl\":\"https:\\\/\\\/secure.gravatar.com\\\/avatar\\\/fd2acc62ed50732923d1d39c17172c9b04149f142be92310ecc69e1358f94b52?s=96&d=mm&r=g\",\"caption\":\"Med Ahmed\"},\"url\":\"https:\\\/\\\/lequotidien.mr\\\/?author=12\"}]}<\/script>\n<!-- \/ Yoast SEO plugin. -->","yoast_head_json":{"title":"New York : Le Pr\u00e9sident Mohamed Cheikh El Ghazouani intervient \u00e0 la r\u00e9union du Comit\u00e9 des Chefs d\u2019Etats et de Gouvernement africains sur le changement climatique - Le Quotidien de Nouakchott","robots":{"index":"index","follow":"follow","max-snippet":"max-snippet:-1","max-image-preview":"max-image-preview:large","max-video-preview":"max-video-preview:-1"},"canonical":"https:\/\/lequotidien.mr\/?p=21501&lang=fr","og_locale":"ar_AR","og_type":"article","og_title":"New York : Le Pr\u00e9sident Mohamed Cheikh El Ghazouani intervient \u00e0 la r\u00e9union du Comit\u00e9 des Chefs d\u2019Etats et de Gouvernement africains sur le changement climatique - Le Quotidien de Nouakchott","og_description":"Le Pr\u00e9sident de la R\u00e9publique islamique de Mauritanie et Pr\u00e9sident de l\u2019Union africaine, M. Mohamed Cheikh El Ghazouani, a pris part, ce mercredi matin, \u00e0 une r\u00e9union de haut niveau du Comit\u00e9 des chefs d\u2019\u00c9tat et de gouvernement africains sur les changements climatiques, qui s\u2019est tenue en marge de la 79\u00e8me session ordinaire de l\u2019Assembl\u00e9e.....","og_url":"https:\/\/lequotidien.mr\/?p=21501&lang=fr","og_site_name":"Le Quotidien de Nouakchott","article_publisher":"https:\/\/web.facebook.com\/lequotidienmr","article_published_time":"2024-09-26T10:10:36+00:00","og_image":[{"width":640,"height":322,"url":"https:\/\/lequotidien.mr\/wp-content\/uploads\/2024\/09\/photo-Ghazouani-comite-chefs-dEtats-environnement-_-New-York.jpg","type":"image\/jpeg"}],"author":"Med Ahmed","twitter_card":"summary_large_image","twitter_creator":"@lequotidienmr","twitter_site":"@lequotidienmr","twitter_misc":{"\u0643\u064f\u062a\u0628 \u0628\u0648\u0627\u0633\u0637\u0629":"Med Ahmed","\u0648\u0642\u062a \u0627\u0644\u0642\u0631\u0627\u0621\u0629 \u0627\u0644\u0645\u064f\u0642\u062f\u0651\u0631":"3 \u062f\u0642\u0627\u0626\u0642"},"schema":{"@context":"https:\/\/schema.org","@graph":[{"@type":"Article","@id":"https:\/\/lequotidien.mr\/?p=21501&lang=fr#article","isPartOf":{"@id":"https:\/\/lequotidien.mr\/?p=21501&lang=fr"},"author":{"name":"Med Ahmed","@id":"https:\/\/lequotidien.mr\/#\/schema\/person\/d2d350202a4d599685ed8abc25f97596"},"headline":"New York : Le Pr\u00e9sident Mohamed Cheikh El Ghazouani intervient \u00e0 la r\u00e9union du Comit\u00e9 des Chefs d\u2019Etats et de Gouvernement africains sur le changement climatique","datePublished":"2024-09-26T10:10:36+00:00","mainEntityOfPage":{"@id":"https:\/\/lequotidien.mr\/?p=21501&lang=fr"},"wordCount":600,"commentCount":0,"publisher":{"@id":"https:\/\/lequotidien.mr\/#organization"},"image":{"@id":"https:\/\/lequotidien.mr\/?p=21501&lang=fr#primaryimage"},"thumbnailUrl":"https:\/\/lequotidien.mr\/wp-content\/uploads\/2024\/09\/photo-Ghazouani-comite-chefs-dEtats-environnement-_-New-York.jpg","articleSection":["ACTUALIT\u00c9","Economie"],"inLanguage":"ar","potentialAction":[{"@type":"CommentAction","name":"Comment","target":["https:\/\/lequotidien.mr\/?p=21501&lang=fr#respond"]}]},{"@type":"WebPage","@id":"https:\/\/lequotidien.mr\/?p=21501&lang=fr","url":"https:\/\/lequotidien.mr\/?p=21501&lang=fr","name":"New York : Le Pr\u00e9sident Mohamed Cheikh El Ghazouani intervient \u00e0 la r\u00e9union du Comit\u00e9 des Chefs d\u2019Etats et de Gouvernement africains sur le changement climatique - Le Quotidien de Nouakchott","isPartOf":{"@id":"https:\/\/lequotidien.mr\/#website"},"primaryImageOfPage":{"@id":"https:\/\/lequotidien.mr\/?p=21501&lang=fr#primaryimage"},"image":{"@id":"https:\/\/lequotidien.mr\/?p=21501&lang=fr#primaryimage"},"thumbnailUrl":"https:\/\/lequotidien.mr\/wp-content\/uploads\/2024\/09\/photo-Ghazouani-comite-chefs-dEtats-environnement-_-New-York.jpg","datePublished":"2024-09-26T10:10:36+00:00","breadcrumb":{"@id":"https:\/\/lequotidien.mr\/?p=21501&lang=fr#breadcrumb"},"inLanguage":"ar","potentialAction":[{"@type":"ReadAction","target":["https:\/\/lequotidien.mr\/?p=21501&lang=fr"]}]},{"@type":"ImageObject","inLanguage":"ar","@id":"https:\/\/lequotidien.mr\/?p=21501&lang=fr#primaryimage","url":"https:\/\/lequotidien.mr\/wp-content\/uploads\/2024\/09\/photo-Ghazouani-comite-chefs-dEtats-environnement-_-New-York.jpg","contentUrl":"https:\/\/lequotidien.mr\/wp-content\/uploads\/2024\/09\/photo-Ghazouani-comite-chefs-dEtats-environnement-_-New-York.jpg","width":640,"height":322},{"@type":"BreadcrumbList","@id":"https:\/\/lequotidien.mr\/?p=21501&lang=fr#breadcrumb","itemListElement":[{"@type":"ListItem","position":1,"name":"Home","item":"https:\/\/lequotidien.mr\/"},{"@type":"ListItem","position":2,"name":"New York : Le Pr\u00e9sident Mohamed Cheikh El Ghazouani intervient \u00e0 la r\u00e9union du Comit\u00e9 des Chefs d\u2019Etats et de Gouvernement africains sur le changement climatique"}]},{"@type":"WebSite","@id":"https:\/\/lequotidien.mr\/#website","url":"https:\/\/lequotidien.mr\/","name":"Le Quotidien de Nouakchott","description":"\u0625\u062e\u0628\u0627\u0631\u064a\u0629 \u0645\u0633\u062a\u0642\u0644\u0629 \u0644\u0644\u0623\u0646\u0628\u0627\u0621 \u0627\u0644\u0639\u0627\u0645\u0629","publisher":{"@id":"https:\/\/lequotidien.mr\/#organization"},"potentialAction":[{"@type":"SearchAction","target":{"@type":"EntryPoint","urlTemplate":"https:\/\/lequotidien.mr\/?s={search_term_string}"},"query-input":{"@type":"PropertyValueSpecification","valueRequired":true,"valueName":"search_term_string"}}],"inLanguage":"ar"},{"@type":"Organization","@id":"https:\/\/lequotidien.mr\/#organization","name":"Le Quotidien de Nouakchott","url":"https:\/\/lequotidien.mr\/","logo":{"@type":"ImageObject","inLanguage":"ar","@id":"https:\/\/lequotidien.mr\/#\/schema\/logo\/image\/","url":"https:\/\/lequotidien.mr\/wp-content\/uploads\/2022\/11\/logolequotidien.jpg","contentUrl":"https:\/\/lequotidien.mr\/wp-content\/uploads\/2022\/11\/logolequotidien.jpg","width":290,"height":65,"caption":"Le Quotidien de Nouakchott"},"image":{"@id":"https:\/\/lequotidien.mr\/#\/schema\/logo\/image\/"},"sameAs":["https:\/\/web.facebook.com\/lequotidienmr","https:\/\/x.com\/lequotidienmr"]},{"@type":"Person","@id":"https:\/\/lequotidien.mr\/#\/schema\/person\/d2d350202a4d599685ed8abc25f97596","name":"Med Ahmed","image":{"@type":"ImageObject","inLanguage":"ar","@id":"https:\/\/secure.gravatar.com\/avatar\/fd2acc62ed50732923d1d39c17172c9b04149f142be92310ecc69e1358f94b52?s=96&d=mm&r=g","url":"https:\/\/secure.gravatar.com\/avatar\/fd2acc62ed50732923d1d39c17172c9b04149f142be92310ecc69e1358f94b52?s=96&d=mm&r=g","contentUrl":"https:\/\/secure.gravatar.com\/avatar\/fd2acc62ed50732923d1d39c17172c9b04149f142be92310ecc69e1358f94b52?s=96&d=mm&r=g","caption":"Med Ahmed"},"url":"https:\/\/lequotidien.mr\/?author=12"}]}},"_links":{"self":[{"href":"https:\/\/lequotidien.mr\/index.php?rest_route=\/wp\/v2\/posts\/21501","targetHints":{"allow":["GET"]}}],"collection":[{"href":"https:\/\/lequotidien.mr\/index.php?rest_route=\/wp\/v2\/posts"}],"about":[{"href":"https:\/\/lequotidien.mr\/index.php?rest_route=\/wp\/v2\/types\/post"}],"author":[{"embeddable":true,"href":"https:\/\/lequotidien.mr\/index.php?rest_route=\/wp\/v2\/users\/12"}],"replies":[{"embeddable":true,"href":"https:\/\/lequotidien.mr\/index.php?rest_route=%2Fwp%2Fv2%2Fcomments&post=21501"}],"version-history":[{"count":1,"href":"https:\/\/lequotidien.mr\/index.php?rest_route=\/wp\/v2\/posts\/21501\/revisions"}],"predecessor-version":[{"id":21503,"href":"https:\/\/lequotidien.mr\/index.php?rest_route=\/wp\/v2\/posts\/21501\/revisions\/21503"}],"wp:featuredmedia":[{"embeddable":true,"href":"https:\/\/lequotidien.mr\/index.php?rest_route=\/wp\/v2\/media\/21502"}],"wp:attachment":[{"href":"https:\/\/lequotidien.mr\/index.php?rest_route=%2Fwp%2Fv2%2Fmedia&parent=21501"}],"wp:term":[{"taxonomy":"category","embeddable":true,"href":"https:\/\/lequotidien.mr\/index.php?rest_route=%2Fwp%2Fv2%2Fcategories&post=21501"},{"taxonomy":"post_tag","embeddable":true,"href":"https:\/\/lequotidien.mr\/index.php?rest_route=%2Fwp%2Fv2%2Ftags&post=21501"}],"curies":[{"name":"wp","href":"https:\/\/api.w.org\/{rel}","templated":true}]}}