{"id":21462,"date":"2024-09-24T09:56:53","date_gmt":"2024-09-24T09:56:53","guid":{"rendered":"https:\/\/lequotidien.mr\/?p=21462"},"modified":"2024-09-24T09:56:53","modified_gmt":"2024-09-24T09:56:53","slug":"forum-sur-lafrique-et-le-financement-du-marche-du-carbone-plaidoyer-du-president-el-ghazouani-pour-une-action-collective","status":"publish","type":"post","link":"https:\/\/lequotidien.mr\/?p=21462&lang=fr","title":{"rendered":"Forum sur l&#8217;Afrique et le Financement du March\u00e9 du Carbone : Plaidoyer du Pr\u00e9sident El Ghazouani pour une action collective"},"content":{"rendered":"<p>Hier, lundi 23 septembre courant, en marge de la 79\u00e8me session ordinaire de l\u2019Assembl\u00e9e g\u00e9n\u00e9rale des Nations Unies \u00e0 New York, le Pr\u00e9sident de la R\u00e9publique et Pr\u00e9sident de l\u2019Union africaine, M. Mohamed Cheikh El Ghazouani, a ouvert le Forum sur l\u2019Afrique et le financement du march\u00e9 du carbone. Cet \u00e9v\u00e9nement crucial vise \u00e0 explorer les opportunit\u00e9s offertes par le march\u00e9 du carbone pour soutenir le d\u00e9veloppement durable sur le continent africain.<\/p>\n<h3>Un Paradoxe alarmant<\/h3>\n<p>Dans son discours inaugural, M. El Ghazouani a soulign\u00e9 un paradoxe frappant : bien que l\u2019Afrique soit le continent qui contribue le moins aux \u00e9missions de gaz \u00e0 effet de serre, il en subit les cons\u00e9quences les plus d\u00e9vastatrices. Des s\u00e9cheresses aux inondations, les effets du changement climatique menacent la s\u00e9curit\u00e9 alimentaire et l&#8217;acc\u00e8s \u00e0 l&#8217;eau, exacerbant les d\u00e9fis d\u00e9j\u00e0 pr\u00e9sents.<\/p>\n<p>Le Pr\u00e9sident a \u00e9galement fait remarquer que l&#8217;Afrique poss\u00e8de un immense potentiel en mati\u00e8re d&#8217;\u00e9nergie renouvelable, mais que cette richesse est largement sous-exploit\u00e9e. Plus de 600 millions d&#8217;Africains vivent sans acc\u00e8s \u00e0 l&#8217;\u00e9lectricit\u00e9, ce qui constitue un obstacle majeur au d\u00e9veloppement \u00e9conomique et social du continent. Il a rappel\u00e9 que le premier des Objectifs de d\u00e9veloppement durable (ODD) est d&#8217;assurer un acc\u00e8s universel \u00e0 des services \u00e9nerg\u00e9tiques fiables et durables.<\/p>\n<h3>Financement et solutions durables<\/h3>\n<p>Le forum a pour objectif de mobiliser des ressources et d&#8217;attirer des investissements pour le d\u00e9veloppement de solutions \u00e9nerg\u00e9tiques durables en Afrique. M. El Ghazouani a appel\u00e9 les pays donateurs et les investisseurs \u00e0 s&#8217;engager dans des partenariats qui soutiennent les initiatives de transition \u00e9nerg\u00e9tique sur le continent. Le financement du march\u00e9 du carbone pourrait jouer un r\u00f4le cl\u00e9 en permettant \u00e0 l&#8217;Afrique de tirer parti de ses ressources naturelles tout en contribuant aux efforts mondiaux de lutte contre le changement climatique.<\/p>\n<h3>Un appel \u00e0 l\u2019action collective<\/h3>\n<p>Le Pr\u00e9sident a \u00e9galement exhort\u00e9 les pays africains \u00e0 renforcer leur coop\u00e9ration en mati\u00e8re d&#8217;\u00e9nergie renouvelable et \u00e0 partager les meilleures pratiques. La cr\u00e9ation d&#8217;un march\u00e9 du carbone efficace pourrait non seulement contribuer \u00e0 la durabilit\u00e9 environnementale, mais aussi g\u00e9n\u00e9rer des emplois et des opportunit\u00e9s \u00e9conomiques pour les populations locales.<\/p>\n<p>Le Forum sur l\u2019Afrique et le financement du march\u00e9 du carbone, ouvert par M. El Ghazouani, repr\u00e9sente une \u00e9tape importante dans la qu\u00eate d&#8217;un d\u00e9veloppement durable pour le continent. En mettant en lumi\u00e8re les paradoxes auxquels l&#8217;Afrique est confront\u00e9e, le Pr\u00e9sident appelle \u00e0 une mobilisation collective pour surmonter ces d\u00e9fis.<\/p>\n<p>En favorisant l&#8217;acc\u00e8s \u00e0 une \u00e9nergie propre et en exploitant le potentiel du march\u00e9 du carbone, l&#8217;Afrique peut non seulement r\u00e9pondre \u00e0 ses besoins \u00e9nerg\u00e9tiques, mais aussi contribuer de mani\u00e8re significative \u00e0 la lutte mondiale contre le changement climatique. Ce forum est un pas vers un avenir o\u00f9 l&#8217;\u00e9nergie durable devient une r\u00e9alit\u00e9 accessible \u00e0 tous.<\/p>\n","protected":false},"excerpt":{"rendered":"<p>Hier, lundi 23 septembre courant, en marge de la 79\u00e8me session ordinaire de l\u2019Assembl\u00e9e g\u00e9n\u00e9rale des Nations Unies \u00e0 New York, le Pr\u00e9sident de la R\u00e9publique et Pr\u00e9sident de l\u2019Union africaine, M. Mohamed Cheikh El Ghazouani, a ouvert le Forum sur l\u2019Afrique et le financement du march\u00e9 du carbone. Cet \u00e9v\u00e9nement crucial vise \u00e0 explorer&#8230;..<\/p>\n","protected":false},"author":12,"featured_media":21463,"comment_status":"open","ping_status":"open","sticky":false,"template":"","format":"standard","meta":{"footnotes":""},"categories":[23,49],"tags":[],"class_list":["post-21462","post","type-post","status-publish","format-standard","has-post-thumbnail","hentry","category-actualite","category-economie"],"yoast_head":"<!-- This site is optimized with the Yoast SEO plugin v27.5 - https:\/\/yoast.com\/product\/yoast-seo-wordpress\/ -->\n<title>Forum sur l&#039;Afrique et le Financement du March\u00e9 du Carbone : Plaidoyer du Pr\u00e9sident El Ghazouani pour une action collective - Le Quotidien de Nouakchott<\/title>\n<meta name=\"robots\" content=\"index, follow, max-snippet:-1, max-image-preview:large, max-video-preview:-1\" \/>\n<link rel=\"canonical\" href=\"https:\/\/lequotidien.mr\/?p=21462&lang=fr\" \/>\n<meta property=\"og:locale\" content=\"ar_AR\" \/>\n<meta property=\"og:type\" content=\"article\" \/>\n<meta property=\"og:title\" content=\"Forum sur l&#039;Afrique et le Financement du March\u00e9 du Carbone : Plaidoyer du Pr\u00e9sident El Ghazouani pour une action collective - Le Quotidien de Nouakchott\" \/>\n<meta property=\"og:description\" content=\"Hier, lundi 23 septembre courant, en marge de la 79\u00e8me session ordinaire de l\u2019Assembl\u00e9e g\u00e9n\u00e9rale des Nations Unies \u00e0 New York, le Pr\u00e9sident de la R\u00e9publique et Pr\u00e9sident de l\u2019Union africaine, M. Mohamed Cheikh El Ghazouani, a ouvert le Forum sur l\u2019Afrique et le financement du march\u00e9 du carbone. Cet \u00e9v\u00e9nement crucial vise \u00e0 explorer.....\" \/>\n<meta property=\"og:url\" content=\"https:\/\/lequotidien.mr\/?p=21462&amp;lang=fr\" \/>\n<meta property=\"og:site_name\" content=\"Le Quotidien de Nouakchott\" \/>\n<meta property=\"article:publisher\" content=\"https:\/\/web.facebook.com\/lequotidienmr\" \/>\n<meta property=\"article:published_time\" content=\"2024-09-24T09:56:53+00:00\" \/>\n<meta property=\"og:image\" content=\"https:\/\/lequotidien.mr\/wp-content\/uploads\/2024\/09\/photo-Ghazouani-_-carbone.jpg\" \/>\n\t<meta property=\"og:image:width\" content=\"608\" \/>\n\t<meta property=\"og:image:height\" content=\"430\" \/>\n\t<meta property=\"og:image:type\" content=\"image\/jpeg\" \/>\n<meta name=\"author\" content=\"Med Ahmed\" \/>\n<meta name=\"twitter:card\" content=\"summary_large_image\" \/>\n<meta name=\"twitter:creator\" content=\"@lequotidienmr\" \/>\n<meta name=\"twitter:site\" content=\"@lequotidienmr\" \/>\n<meta name=\"twitter:label1\" content=\"\u0643\u064f\u062a\u0628 \u0628\u0648\u0627\u0633\u0637\u0629\" \/>\n\t<meta name=\"twitter:data1\" content=\"Med Ahmed\" \/>\n\t<meta name=\"twitter:label2\" content=\"\u0648\u0642\u062a \u0627\u0644\u0642\u0631\u0627\u0621\u0629 \u0627\u0644\u0645\u064f\u0642\u062f\u0651\u0631\" \/>\n\t<meta name=\"twitter:data2\" content=\"\u062f\u0642\u064a\u0642\u062a\u0627\u0646\" \/>\n<script type=\"application\/ld+json\" class=\"yoast-schema-graph\">{\"@context\":\"https:\\\/\\\/schema.org\",\"@graph\":[{\"@type\":\"Article\",\"@id\":\"https:\\\/\\\/lequotidien.mr\\\/?p=21462&lang=fr#article\",\"isPartOf\":{\"@id\":\"https:\\\/\\\/lequotidien.mr\\\/?p=21462&lang=fr\"},\"author\":{\"name\":\"Med Ahmed\",\"@id\":\"https:\\\/\\\/lequotidien.mr\\\/#\\\/schema\\\/person\\\/d2d350202a4d599685ed8abc25f97596\"},\"headline\":\"Forum sur l&#8217;Afrique et le Financement du March\u00e9 du Carbone : Plaidoyer du Pr\u00e9sident El Ghazouani pour une action collective\",\"datePublished\":\"2024-09-24T09:56:53+00:00\",\"mainEntityOfPage\":{\"@id\":\"https:\\\/\\\/lequotidien.mr\\\/?p=21462&lang=fr\"},\"wordCount\":526,\"commentCount\":0,\"publisher\":{\"@id\":\"https:\\\/\\\/lequotidien.mr\\\/#organization\"},\"image\":{\"@id\":\"https:\\\/\\\/lequotidien.mr\\\/?p=21462&lang=fr#primaryimage\"},\"thumbnailUrl\":\"https:\\\/\\\/lequotidien.mr\\\/wp-content\\\/uploads\\\/2024\\\/09\\\/photo-Ghazouani-_-carbone.jpg\",\"articleSection\":[\"ACTUALIT\u00c9\",\"Economie\"],\"inLanguage\":\"ar\",\"potentialAction\":[{\"@type\":\"CommentAction\",\"name\":\"Comment\",\"target\":[\"https:\\\/\\\/lequotidien.mr\\\/?p=21462&lang=fr#respond\"]}]},{\"@type\":\"WebPage\",\"@id\":\"https:\\\/\\\/lequotidien.mr\\\/?p=21462&lang=fr\",\"url\":\"https:\\\/\\\/lequotidien.mr\\\/?p=21462&lang=fr\",\"name\":\"Forum sur l'Afrique et le Financement du March\u00e9 du Carbone : Plaidoyer du Pr\u00e9sident El Ghazouani pour une action collective - Le Quotidien de Nouakchott\",\"isPartOf\":{\"@id\":\"https:\\\/\\\/lequotidien.mr\\\/#website\"},\"primaryImageOfPage\":{\"@id\":\"https:\\\/\\\/lequotidien.mr\\\/?p=21462&lang=fr#primaryimage\"},\"image\":{\"@id\":\"https:\\\/\\\/lequotidien.mr\\\/?p=21462&lang=fr#primaryimage\"},\"thumbnailUrl\":\"https:\\\/\\\/lequotidien.mr\\\/wp-content\\\/uploads\\\/2024\\\/09\\\/photo-Ghazouani-_-carbone.jpg\",\"datePublished\":\"2024-09-24T09:56:53+00:00\",\"breadcrumb\":{\"@id\":\"https:\\\/\\\/lequotidien.mr\\\/?p=21462&lang=fr#breadcrumb\"},\"inLanguage\":\"ar\",\"potentialAction\":[{\"@type\":\"ReadAction\",\"target\":[\"https:\\\/\\\/lequotidien.mr\\\/?p=21462&lang=fr\"]}]},{\"@type\":\"ImageObject\",\"inLanguage\":\"ar\",\"@id\":\"https:\\\/\\\/lequotidien.mr\\\/?p=21462&lang=fr#primaryimage\",\"url\":\"https:\\\/\\\/lequotidien.mr\\\/wp-content\\\/uploads\\\/2024\\\/09\\\/photo-Ghazouani-_-carbone.jpg\",\"contentUrl\":\"https:\\\/\\\/lequotidien.mr\\\/wp-content\\\/uploads\\\/2024\\\/09\\\/photo-Ghazouani-_-carbone.jpg\",\"width\":608,\"height\":430},{\"@type\":\"BreadcrumbList\",\"@id\":\"https:\\\/\\\/lequotidien.mr\\\/?p=21462&lang=fr#breadcrumb\",\"itemListElement\":[{\"@type\":\"ListItem\",\"position\":1,\"name\":\"Home\",\"item\":\"https:\\\/\\\/lequotidien.mr\\\/\"},{\"@type\":\"ListItem\",\"position\":2,\"name\":\"Forum sur l&rsquo;Afrique et le Financement du March\u00e9 du Carbone : Plaidoyer du Pr\u00e9sident El Ghazouani pour une action collective\"}]},{\"@type\":\"WebSite\",\"@id\":\"https:\\\/\\\/lequotidien.mr\\\/#website\",\"url\":\"https:\\\/\\\/lequotidien.mr\\\/\",\"name\":\"Le Quotidien de Nouakchott\",\"description\":\"\u0625\u062e\u0628\u0627\u0631\u064a\u0629 \u0645\u0633\u062a\u0642\u0644\u0629 \u0644\u0644\u0623\u0646\u0628\u0627\u0621 \u0627\u0644\u0639\u0627\u0645\u0629\",\"publisher\":{\"@id\":\"https:\\\/\\\/lequotidien.mr\\\/#organization\"},\"potentialAction\":[{\"@type\":\"SearchAction\",\"target\":{\"@type\":\"EntryPoint\",\"urlTemplate\":\"https:\\\/\\\/lequotidien.mr\\\/?s={search_term_string}\"},\"query-input\":{\"@type\":\"PropertyValueSpecification\",\"valueRequired\":true,\"valueName\":\"search_term_string\"}}],\"inLanguage\":\"ar\"},{\"@type\":\"Organization\",\"@id\":\"https:\\\/\\\/lequotidien.mr\\\/#organization\",\"name\":\"Le Quotidien de Nouakchott\",\"url\":\"https:\\\/\\\/lequotidien.mr\\\/\",\"logo\":{\"@type\":\"ImageObject\",\"inLanguage\":\"ar\",\"@id\":\"https:\\\/\\\/lequotidien.mr\\\/#\\\/schema\\\/logo\\\/image\\\/\",\"url\":\"https:\\\/\\\/lequotidien.mr\\\/wp-content\\\/uploads\\\/2022\\\/11\\\/logolequotidien.jpg\",\"contentUrl\":\"https:\\\/\\\/lequotidien.mr\\\/wp-content\\\/uploads\\\/2022\\\/11\\\/logolequotidien.jpg\",\"width\":290,\"height\":65,\"caption\":\"Le Quotidien de Nouakchott\"},\"image\":{\"@id\":\"https:\\\/\\\/lequotidien.mr\\\/#\\\/schema\\\/logo\\\/image\\\/\"},\"sameAs\":[\"https:\\\/\\\/web.facebook.com\\\/lequotidienmr\",\"https:\\\/\\\/x.com\\\/lequotidienmr\"]},{\"@type\":\"Person\",\"@id\":\"https:\\\/\\\/lequotidien.mr\\\/#\\\/schema\\\/person\\\/d2d350202a4d599685ed8abc25f97596\",\"name\":\"Med Ahmed\",\"image\":{\"@type\":\"ImageObject\",\"inLanguage\":\"ar\",\"@id\":\"https:\\\/\\\/secure.gravatar.com\\\/avatar\\\/fd2acc62ed50732923d1d39c17172c9b04149f142be92310ecc69e1358f94b52?s=96&d=mm&r=g\",\"url\":\"https:\\\/\\\/secure.gravatar.com\\\/avatar\\\/fd2acc62ed50732923d1d39c17172c9b04149f142be92310ecc69e1358f94b52?s=96&d=mm&r=g\",\"contentUrl\":\"https:\\\/\\\/secure.gravatar.com\\\/avatar\\\/fd2acc62ed50732923d1d39c17172c9b04149f142be92310ecc69e1358f94b52?s=96&d=mm&r=g\",\"caption\":\"Med Ahmed\"},\"url\":\"https:\\\/\\\/lequotidien.mr\\\/?author=12\"}]}<\/script>\n<!-- \/ Yoast SEO plugin. -->","yoast_head_json":{"title":"Forum sur l'Afrique et le Financement du March\u00e9 du Carbone : Plaidoyer du Pr\u00e9sident El Ghazouani pour une action collective - Le Quotidien de Nouakchott","robots":{"index":"index","follow":"follow","max-snippet":"max-snippet:-1","max-image-preview":"max-image-preview:large","max-video-preview":"max-video-preview:-1"},"canonical":"https:\/\/lequotidien.mr\/?p=21462&lang=fr","og_locale":"ar_AR","og_type":"article","og_title":"Forum sur l'Afrique et le Financement du March\u00e9 du Carbone : Plaidoyer du Pr\u00e9sident El Ghazouani pour une action collective - Le Quotidien de Nouakchott","og_description":"Hier, lundi 23 septembre courant, en marge de la 79\u00e8me session ordinaire de l\u2019Assembl\u00e9e g\u00e9n\u00e9rale des Nations Unies \u00e0 New York, le Pr\u00e9sident de la R\u00e9publique et Pr\u00e9sident de l\u2019Union africaine, M. Mohamed Cheikh El Ghazouani, a ouvert le Forum sur l\u2019Afrique et le financement du march\u00e9 du carbone. Cet \u00e9v\u00e9nement crucial vise \u00e0 explorer.....","og_url":"https:\/\/lequotidien.mr\/?p=21462&lang=fr","og_site_name":"Le Quotidien de Nouakchott","article_publisher":"https:\/\/web.facebook.com\/lequotidienmr","article_published_time":"2024-09-24T09:56:53+00:00","og_image":[{"width":608,"height":430,"url":"https:\/\/lequotidien.mr\/wp-content\/uploads\/2024\/09\/photo-Ghazouani-_-carbone.jpg","type":"image\/jpeg"}],"author":"Med Ahmed","twitter_card":"summary_large_image","twitter_creator":"@lequotidienmr","twitter_site":"@lequotidienmr","twitter_misc":{"\u0643\u064f\u062a\u0628 \u0628\u0648\u0627\u0633\u0637\u0629":"Med Ahmed","\u0648\u0642\u062a \u0627\u0644\u0642\u0631\u0627\u0621\u0629 \u0627\u0644\u0645\u064f\u0642\u062f\u0651\u0631":"\u062f\u0642\u064a\u0642\u062a\u0627\u0646"},"schema":{"@context":"https:\/\/schema.org","@graph":[{"@type":"Article","@id":"https:\/\/lequotidien.mr\/?p=21462&lang=fr#article","isPartOf":{"@id":"https:\/\/lequotidien.mr\/?p=21462&lang=fr"},"author":{"name":"Med Ahmed","@id":"https:\/\/lequotidien.mr\/#\/schema\/person\/d2d350202a4d599685ed8abc25f97596"},"headline":"Forum sur l&#8217;Afrique et le Financement du March\u00e9 du Carbone : Plaidoyer du Pr\u00e9sident El Ghazouani pour une action collective","datePublished":"2024-09-24T09:56:53+00:00","mainEntityOfPage":{"@id":"https:\/\/lequotidien.mr\/?p=21462&lang=fr"},"wordCount":526,"commentCount":0,"publisher":{"@id":"https:\/\/lequotidien.mr\/#organization"},"image":{"@id":"https:\/\/lequotidien.mr\/?p=21462&lang=fr#primaryimage"},"thumbnailUrl":"https:\/\/lequotidien.mr\/wp-content\/uploads\/2024\/09\/photo-Ghazouani-_-carbone.jpg","articleSection":["ACTUALIT\u00c9","Economie"],"inLanguage":"ar","potentialAction":[{"@type":"CommentAction","name":"Comment","target":["https:\/\/lequotidien.mr\/?p=21462&lang=fr#respond"]}]},{"@type":"WebPage","@id":"https:\/\/lequotidien.mr\/?p=21462&lang=fr","url":"https:\/\/lequotidien.mr\/?p=21462&lang=fr","name":"Forum sur l'Afrique et le Financement du March\u00e9 du Carbone : Plaidoyer du Pr\u00e9sident El Ghazouani pour une action collective - Le Quotidien de Nouakchott","isPartOf":{"@id":"https:\/\/lequotidien.mr\/#website"},"primaryImageOfPage":{"@id":"https:\/\/lequotidien.mr\/?p=21462&lang=fr#primaryimage"},"image":{"@id":"https:\/\/lequotidien.mr\/?p=21462&lang=fr#primaryimage"},"thumbnailUrl":"https:\/\/lequotidien.mr\/wp-content\/uploads\/2024\/09\/photo-Ghazouani-_-carbone.jpg","datePublished":"2024-09-24T09:56:53+00:00","breadcrumb":{"@id":"https:\/\/lequotidien.mr\/?p=21462&lang=fr#breadcrumb"},"inLanguage":"ar","potentialAction":[{"@type":"ReadAction","target":["https:\/\/lequotidien.mr\/?p=21462&lang=fr"]}]},{"@type":"ImageObject","inLanguage":"ar","@id":"https:\/\/lequotidien.mr\/?p=21462&lang=fr#primaryimage","url":"https:\/\/lequotidien.mr\/wp-content\/uploads\/2024\/09\/photo-Ghazouani-_-carbone.jpg","contentUrl":"https:\/\/lequotidien.mr\/wp-content\/uploads\/2024\/09\/photo-Ghazouani-_-carbone.jpg","width":608,"height":430},{"@type":"BreadcrumbList","@id":"https:\/\/lequotidien.mr\/?p=21462&lang=fr#breadcrumb","itemListElement":[{"@type":"ListItem","position":1,"name":"Home","item":"https:\/\/lequotidien.mr\/"},{"@type":"ListItem","position":2,"name":"Forum sur l&rsquo;Afrique et le Financement du March\u00e9 du Carbone : Plaidoyer du Pr\u00e9sident El Ghazouani pour une action collective"}]},{"@type":"WebSite","@id":"https:\/\/lequotidien.mr\/#website","url":"https:\/\/lequotidien.mr\/","name":"Le Quotidien de Nouakchott","description":"\u0625\u062e\u0628\u0627\u0631\u064a\u0629 \u0645\u0633\u062a\u0642\u0644\u0629 \u0644\u0644\u0623\u0646\u0628\u0627\u0621 \u0627\u0644\u0639\u0627\u0645\u0629","publisher":{"@id":"https:\/\/lequotidien.mr\/#organization"},"potentialAction":[{"@type":"SearchAction","target":{"@type":"EntryPoint","urlTemplate":"https:\/\/lequotidien.mr\/?s={search_term_string}"},"query-input":{"@type":"PropertyValueSpecification","valueRequired":true,"valueName":"search_term_string"}}],"inLanguage":"ar"},{"@type":"Organization","@id":"https:\/\/lequotidien.mr\/#organization","name":"Le Quotidien de Nouakchott","url":"https:\/\/lequotidien.mr\/","logo":{"@type":"ImageObject","inLanguage":"ar","@id":"https:\/\/lequotidien.mr\/#\/schema\/logo\/image\/","url":"https:\/\/lequotidien.mr\/wp-content\/uploads\/2022\/11\/logolequotidien.jpg","contentUrl":"https:\/\/lequotidien.mr\/wp-content\/uploads\/2022\/11\/logolequotidien.jpg","width":290,"height":65,"caption":"Le Quotidien de Nouakchott"},"image":{"@id":"https:\/\/lequotidien.mr\/#\/schema\/logo\/image\/"},"sameAs":["https:\/\/web.facebook.com\/lequotidienmr","https:\/\/x.com\/lequotidienmr"]},{"@type":"Person","@id":"https:\/\/lequotidien.mr\/#\/schema\/person\/d2d350202a4d599685ed8abc25f97596","name":"Med Ahmed","image":{"@type":"ImageObject","inLanguage":"ar","@id":"https:\/\/secure.gravatar.com\/avatar\/fd2acc62ed50732923d1d39c17172c9b04149f142be92310ecc69e1358f94b52?s=96&d=mm&r=g","url":"https:\/\/secure.gravatar.com\/avatar\/fd2acc62ed50732923d1d39c17172c9b04149f142be92310ecc69e1358f94b52?s=96&d=mm&r=g","contentUrl":"https:\/\/secure.gravatar.com\/avatar\/fd2acc62ed50732923d1d39c17172c9b04149f142be92310ecc69e1358f94b52?s=96&d=mm&r=g","caption":"Med Ahmed"},"url":"https:\/\/lequotidien.mr\/?author=12"}]}},"_links":{"self":[{"href":"https:\/\/lequotidien.mr\/index.php?rest_route=\/wp\/v2\/posts\/21462","targetHints":{"allow":["GET"]}}],"collection":[{"href":"https:\/\/lequotidien.mr\/index.php?rest_route=\/wp\/v2\/posts"}],"about":[{"href":"https:\/\/lequotidien.mr\/index.php?rest_route=\/wp\/v2\/types\/post"}],"author":[{"embeddable":true,"href":"https:\/\/lequotidien.mr\/index.php?rest_route=\/wp\/v2\/users\/12"}],"replies":[{"embeddable":true,"href":"https:\/\/lequotidien.mr\/index.php?rest_route=%2Fwp%2Fv2%2Fcomments&post=21462"}],"version-history":[{"count":1,"href":"https:\/\/lequotidien.mr\/index.php?rest_route=\/wp\/v2\/posts\/21462\/revisions"}],"predecessor-version":[{"id":21464,"href":"https:\/\/lequotidien.mr\/index.php?rest_route=\/wp\/v2\/posts\/21462\/revisions\/21464"}],"wp:featuredmedia":[{"embeddable":true,"href":"https:\/\/lequotidien.mr\/index.php?rest_route=\/wp\/v2\/media\/21463"}],"wp:attachment":[{"href":"https:\/\/lequotidien.mr\/index.php?rest_route=%2Fwp%2Fv2%2Fmedia&parent=21462"}],"wp:term":[{"taxonomy":"category","embeddable":true,"href":"https:\/\/lequotidien.mr\/index.php?rest_route=%2Fwp%2Fv2%2Fcategories&post=21462"},{"taxonomy":"post_tag","embeddable":true,"href":"https:\/\/lequotidien.mr\/index.php?rest_route=%2Fwp%2Fv2%2Ftags&post=21462"}],"curies":[{"name":"wp","href":"https:\/\/api.w.org\/{rel}","templated":true}]}}