{"id":21431,"date":"2024-09-22T12:43:30","date_gmt":"2024-09-22T12:43:30","guid":{"rendered":"https:\/\/lequotidien.mr\/?p=21431"},"modified":"2024-09-23T01:52:35","modified_gmt":"2024-09-23T01:52:35","slug":"dr-tah-ahmed-mouloud-plaide-au-nom-du-president-ghazouani-pour-un-tourisme-africain-inclusif-et-durable-au-g20-de-belem","status":"publish","type":"post","link":"https:\/\/lequotidien.mr\/?p=21431&lang=fr","title":{"rendered":"\u00a0Dr. Tah Ahmed Meouloud plaide au nom du pr\u00e9sident Ghazouani pour un tourisme africain inclusif et durable au G20 de Bel\u00e8m"},"content":{"rendered":"<p>Le samedi 21 septembre 2024, Dr. Tah Ahmed Meouloud, conseiller du Pr\u00e9sident de la R\u00e9publique et pr\u00e9sident de l\u2019Union africaine, a pr\u00e9sid\u00e9 la d\u00e9l\u00e9gation africaine lors de la r\u00e9union minist\u00e9rielle du G20 consacr\u00e9e au tourisme \u00e0 Bel\u00e9m, au Br\u00e9sil, en tant qu\u2019envoy\u00e9 sp\u00e9cial de l\u2019Union aupr\u00e8s du G20.<\/p>\n<p>Lors de son discours inaugural, Dr. Tah Ahmed Meouloud a transmis les salutations du Pr\u00e9sident Mohamed Ould Cheikh El Ghazouani, pr\u00e9sident en exercice de l\u2019Union africaine, ainsi que ses v\u0153ux de succ\u00e8s \u00e0 la pr\u00e9sidence br\u00e9silienne du G20, notamment dans la pr\u00e9paration du prochain sommet pr\u00e9vu \u00e0 Rio de Janeiro en novembre 2024. Il a soulign\u00e9 l&#8217;importance de cette rencontre d\u00e9di\u00e9e \u00e0 l\u2019avenir du secteur touristique, particuli\u00e8rement en Afrique, et son potentiel pour une croissance inclusive. Il a \u00e9galement salu\u00e9 la d\u00e9claration des ministres du tourisme du G20, qui identifie les axes cl\u00e9s pour le d\u00e9veloppement du secteur sur le continent africain.<img loading=\"lazy\" decoding=\"async\" class=\"alignnone size-medium wp-image-21433\" src=\"https:\/\/lequotidien.mr\/wp-content\/uploads\/2024\/09\/PHOTO-2024-09-22-11-24-57-300x200.jpg\" alt=\"\" width=\"300\" height=\"200\" srcset=\"https:\/\/lequotidien.mr\/wp-content\/uploads\/2024\/09\/PHOTO-2024-09-22-11-24-57-300x200.jpg 300w, https:\/\/lequotidien.mr\/wp-content\/uploads\/2024\/09\/PHOTO-2024-09-22-11-24-57-768x511.jpg 768w, https:\/\/lequotidien.mr\/wp-content\/uploads\/2024\/09\/PHOTO-2024-09-22-11-24-57-237x159.jpg 237w, https:\/\/lequotidien.mr\/wp-content\/uploads\/2024\/09\/PHOTO-2024-09-22-11-24-57.jpg 799w\" sizes=\"auto, (max-width: 300px) 100vw, 300px\" \/> <img loading=\"lazy\" decoding=\"async\" class=\"alignnone size-medium wp-image-21434\" src=\"https:\/\/lequotidien.mr\/wp-content\/uploads\/2024\/09\/PHOTO-2024-09-22-11-25-43-300x200.jpg\" alt=\"\" width=\"300\" height=\"200\" srcset=\"https:\/\/lequotidien.mr\/wp-content\/uploads\/2024\/09\/PHOTO-2024-09-22-11-25-43-300x200.jpg 300w, https:\/\/lequotidien.mr\/wp-content\/uploads\/2024\/09\/PHOTO-2024-09-22-11-25-43-768x513.jpg 768w, https:\/\/lequotidien.mr\/wp-content\/uploads\/2024\/09\/PHOTO-2024-09-22-11-25-43-237x159.jpg 237w, https:\/\/lequotidien.mr\/wp-content\/uploads\/2024\/09\/PHOTO-2024-09-22-11-25-43.jpg 800w\" sizes=\"auto, (max-width: 300px) 100vw, 300px\" \/> <img loading=\"lazy\" decoding=\"async\" class=\"alignnone size-medium wp-image-21435\" src=\"https:\/\/lequotidien.mr\/wp-content\/uploads\/2024\/09\/PHOTO-2024-09-22-11-24-57_2-300x200.jpg\" alt=\"\" width=\"300\" height=\"200\" srcset=\"https:\/\/lequotidien.mr\/wp-content\/uploads\/2024\/09\/PHOTO-2024-09-22-11-24-57_2-300x200.jpg 300w, https:\/\/lequotidien.mr\/wp-content\/uploads\/2024\/09\/PHOTO-2024-09-22-11-24-57_2-768x512.jpg 768w, https:\/\/lequotidien.mr\/wp-content\/uploads\/2024\/09\/PHOTO-2024-09-22-11-24-57_2-237x159.jpg 237w, https:\/\/lequotidien.mr\/wp-content\/uploads\/2024\/09\/PHOTO-2024-09-22-11-24-57_2.jpg 799w\" sizes=\"auto, (max-width: 300px) 100vw, 300px\" \/><\/p>\n<p>Dr. Tah a ensuite d\u00e9velopp\u00e9 plusieurs points essentiels, en insistant sur le r\u00f4le crucial des \u00e9cosyst\u00e8mes africains dans l&#8217;attractivit\u00e9 touristique du continent. Cependant, ces \u00e9cosyst\u00e8mes sont gravement menac\u00e9s par les effets du changement climatique. Il a plaid\u00e9 pour la mise en place de m\u00e9canismes de financement innovants, permettant de soutenir les efforts d\u2019adaptation au changement climatique et de pr\u00e9server le patrimoine naturel africain pour les g\u00e9n\u00e9rations futures.<\/p>\n<p>Sur le plan du d\u00e9veloppement social, Dr. Tah Ahmed Meouloud a r\u00e9affirm\u00e9 la volont\u00e9 de l&#8217;Afrique de faire du tourisme un moteur d&#8217;am\u00e9lioration des conditions de vie des communaut\u00e9s locales, en mettant l\u2019accent sur l\u2019autonomisation des femmes, des jeunes et des groupes marginalis\u00e9s. Il a \u00e9galement mis en lumi\u00e8re la richesse du patrimoine culturel africain et des savoirs traditionnels comme des atouts \u00e0 exploiter pour le d\u00e9veloppement \u00e9conomique local.<\/p>\n<p>En mati\u00e8re d&#8217;infrastructures, Dr. Tah a insist\u00e9 sur la n\u00e9cessit\u00e9 de d\u00e9velopper des infrastructures touristiques durables et de classe mondiale en Afrique. Le continent aspire \u00e0 attirer davantage d\u2019investissements dans des projets respectueux de l&#8217;environnement, en favorisant une croissance \u00e0 faible \u00e9mission de carbone.<\/p>\n<p>En conclusion, il a soulign\u00e9 que l&#8217;atteinte d&#8217;un tourisme vert, inclusif et r\u00e9silient n\u00e9cessite une mobilisation accrue des ressources, une coop\u00e9ration renforc\u00e9e entre les pays, et la cr\u00e9ation de corridors touristiques transfrontaliers, essentiels pour dynamiser les \u00e9conomies r\u00e9gionales et positionner l&#8217;Afrique comme une destination touristique mondiale de premier plan.<\/p>\n<p>&nbsp;<\/p>\n<p>&nbsp;<\/p>\n","protected":false},"excerpt":{"rendered":"<p>Le samedi 21 septembre 2024, Dr. Tah Ahmed Meouloud, conseiller du Pr\u00e9sident de la R\u00e9publique et pr\u00e9sident de l\u2019Union africaine, a pr\u00e9sid\u00e9 la d\u00e9l\u00e9gation africaine lors de la r\u00e9union minist\u00e9rielle du G20 consacr\u00e9e au tourisme \u00e0 Bel\u00e9m, au Br\u00e9sil, en tant qu\u2019envoy\u00e9 sp\u00e9cial de l\u2019Union aupr\u00e8s du G20. Lors de son discours inaugural, Dr. Tah&#8230;..<\/p>\n","protected":false},"author":4,"featured_media":21432,"comment_status":"open","ping_status":"open","sticky":false,"template":"","format":"standard","meta":{"footnotes":""},"categories":[23,49,57],"tags":[],"class_list":["post-21431","post","type-post","status-publish","format-standard","has-post-thumbnail","hentry","category-actualite","category-economie","category-couverture-specilale"],"yoast_head":"<!-- This site is optimized with the Yoast SEO plugin v27.5 - https:\/\/yoast.com\/product\/yoast-seo-wordpress\/ -->\n<title>\u00a0Dr. Tah Ahmed Meouloud plaide au nom du pr\u00e9sident Ghazouani pour un tourisme africain inclusif et durable au G20 de Bel\u00e8m - Le Quotidien de Nouakchott<\/title>\n<meta name=\"robots\" content=\"index, follow, max-snippet:-1, max-image-preview:large, max-video-preview:-1\" \/>\n<link rel=\"canonical\" href=\"https:\/\/lequotidien.mr\/?p=21431&lang=fr\" \/>\n<meta property=\"og:locale\" content=\"ar_AR\" \/>\n<meta property=\"og:type\" content=\"article\" \/>\n<meta property=\"og:title\" content=\"\u00a0Dr. Tah Ahmed Meouloud plaide au nom du pr\u00e9sident Ghazouani pour un tourisme africain inclusif et durable au G20 de Bel\u00e8m - Le Quotidien de Nouakchott\" \/>\n<meta property=\"og:description\" content=\"Le samedi 21 septembre 2024, Dr. Tah Ahmed Meouloud, conseiller du Pr\u00e9sident de la R\u00e9publique et pr\u00e9sident de l\u2019Union africaine, a pr\u00e9sid\u00e9 la d\u00e9l\u00e9gation africaine lors de la r\u00e9union minist\u00e9rielle du G20 consacr\u00e9e au tourisme \u00e0 Bel\u00e9m, au Br\u00e9sil, en tant qu\u2019envoy\u00e9 sp\u00e9cial de l\u2019Union aupr\u00e8s du G20. Lors de son discours inaugural, Dr. Tah.....\" \/>\n<meta property=\"og:url\" content=\"https:\/\/lequotidien.mr\/?p=21431&amp;lang=fr\" \/>\n<meta property=\"og:site_name\" content=\"Le Quotidien de Nouakchott\" \/>\n<meta property=\"article:publisher\" content=\"https:\/\/web.facebook.com\/lequotidienmr\" \/>\n<meta property=\"article:published_time\" content=\"2024-09-22T12:43:30+00:00\" \/>\n<meta property=\"article:modified_time\" content=\"2024-09-23T01:52:35+00:00\" \/>\n<meta property=\"og:image\" content=\"https:\/\/lequotidien.mr\/wp-content\/uploads\/2024\/09\/PHOTO-2024-09-22-11-24-58.jpg\" \/>\n\t<meta property=\"og:image:width\" content=\"1008\" \/>\n\t<meta property=\"og:image:height\" content=\"756\" \/>\n\t<meta property=\"og:image:type\" content=\"image\/jpeg\" \/>\n<meta name=\"author\" content=\"Le Quotidien\" \/>\n<meta name=\"twitter:card\" content=\"summary_large_image\" \/>\n<meta name=\"twitter:creator\" content=\"@lequotidienmr\" \/>\n<meta name=\"twitter:site\" content=\"@lequotidienmr\" \/>\n<meta name=\"twitter:label1\" content=\"\u0643\u064f\u062a\u0628 \u0628\u0648\u0627\u0633\u0637\u0629\" \/>\n\t<meta name=\"twitter:data1\" content=\"Le Quotidien\" \/>\n\t<meta name=\"twitter:label2\" content=\"\u0648\u0642\u062a \u0627\u0644\u0642\u0631\u0627\u0621\u0629 \u0627\u0644\u0645\u064f\u0642\u062f\u0651\u0631\" \/>\n\t<meta name=\"twitter:data2\" content=\"3 \u062f\u0642\u0627\u0626\u0642\" \/>\n<script type=\"application\/ld+json\" class=\"yoast-schema-graph\">{\"@context\":\"https:\\\/\\\/schema.org\",\"@graph\":[{\"@type\":\"Article\",\"@id\":\"https:\\\/\\\/lequotidien.mr\\\/?p=21431&lang=fr#article\",\"isPartOf\":{\"@id\":\"https:\\\/\\\/lequotidien.mr\\\/?p=21431&lang=fr\"},\"author\":{\"name\":\"Le Quotidien\",\"@id\":\"https:\\\/\\\/lequotidien.mr\\\/#\\\/schema\\\/person\\\/f90fcdaa970c60288de4ed2e64a56472\"},\"headline\":\"\u00a0Dr. Tah Ahmed Meouloud plaide au nom du pr\u00e9sident Ghazouani pour un tourisme africain inclusif et durable au G20 de Bel\u00e8m\",\"datePublished\":\"2024-09-22T12:43:30+00:00\",\"dateModified\":\"2024-09-23T01:52:35+00:00\",\"mainEntityOfPage\":{\"@id\":\"https:\\\/\\\/lequotidien.mr\\\/?p=21431&lang=fr\"},\"wordCount\":464,\"commentCount\":0,\"publisher\":{\"@id\":\"https:\\\/\\\/lequotidien.mr\\\/#organization\"},\"image\":{\"@id\":\"https:\\\/\\\/lequotidien.mr\\\/?p=21431&lang=fr#primaryimage\"},\"thumbnailUrl\":\"https:\\\/\\\/lequotidien.mr\\\/wp-content\\\/uploads\\\/2024\\\/09\\\/PHOTO-2024-09-22-11-24-58.jpg\",\"articleSection\":[\"ACTUALIT\u00c9\",\"Economie\",\"Couverture sp\u00e9cilale\"],\"inLanguage\":\"ar\",\"potentialAction\":[{\"@type\":\"CommentAction\",\"name\":\"Comment\",\"target\":[\"https:\\\/\\\/lequotidien.mr\\\/?p=21431&lang=fr#respond\"]}]},{\"@type\":\"WebPage\",\"@id\":\"https:\\\/\\\/lequotidien.mr\\\/?p=21431&lang=fr\",\"url\":\"https:\\\/\\\/lequotidien.mr\\\/?p=21431&lang=fr\",\"name\":\"\u00a0Dr. Tah Ahmed Meouloud plaide au nom du pr\u00e9sident Ghazouani pour un tourisme africain inclusif et durable au G20 de Bel\u00e8m - Le Quotidien de Nouakchott\",\"isPartOf\":{\"@id\":\"https:\\\/\\\/lequotidien.mr\\\/#website\"},\"primaryImageOfPage\":{\"@id\":\"https:\\\/\\\/lequotidien.mr\\\/?p=21431&lang=fr#primaryimage\"},\"image\":{\"@id\":\"https:\\\/\\\/lequotidien.mr\\\/?p=21431&lang=fr#primaryimage\"},\"thumbnailUrl\":\"https:\\\/\\\/lequotidien.mr\\\/wp-content\\\/uploads\\\/2024\\\/09\\\/PHOTO-2024-09-22-11-24-58.jpg\",\"datePublished\":\"2024-09-22T12:43:30+00:00\",\"dateModified\":\"2024-09-23T01:52:35+00:00\",\"breadcrumb\":{\"@id\":\"https:\\\/\\\/lequotidien.mr\\\/?p=21431&lang=fr#breadcrumb\"},\"inLanguage\":\"ar\",\"potentialAction\":[{\"@type\":\"ReadAction\",\"target\":[\"https:\\\/\\\/lequotidien.mr\\\/?p=21431&lang=fr\"]}]},{\"@type\":\"ImageObject\",\"inLanguage\":\"ar\",\"@id\":\"https:\\\/\\\/lequotidien.mr\\\/?p=21431&lang=fr#primaryimage\",\"url\":\"https:\\\/\\\/lequotidien.mr\\\/wp-content\\\/uploads\\\/2024\\\/09\\\/PHOTO-2024-09-22-11-24-58.jpg\",\"contentUrl\":\"https:\\\/\\\/lequotidien.mr\\\/wp-content\\\/uploads\\\/2024\\\/09\\\/PHOTO-2024-09-22-11-24-58.jpg\",\"width\":1008,\"height\":756},{\"@type\":\"BreadcrumbList\",\"@id\":\"https:\\\/\\\/lequotidien.mr\\\/?p=21431&lang=fr#breadcrumb\",\"itemListElement\":[{\"@type\":\"ListItem\",\"position\":1,\"name\":\"Home\",\"item\":\"https:\\\/\\\/lequotidien.mr\\\/\"},{\"@type\":\"ListItem\",\"position\":2,\"name\":\"\u00a0Dr. Tah Ahmed Meouloud plaide au nom du pr\u00e9sident Ghazouani pour un tourisme africain inclusif et durable au G20 de Bel\u00e8m\"}]},{\"@type\":\"WebSite\",\"@id\":\"https:\\\/\\\/lequotidien.mr\\\/#website\",\"url\":\"https:\\\/\\\/lequotidien.mr\\\/\",\"name\":\"Le Quotidien de Nouakchott\",\"description\":\"\u0625\u062e\u0628\u0627\u0631\u064a\u0629 \u0645\u0633\u062a\u0642\u0644\u0629 \u0644\u0644\u0623\u0646\u0628\u0627\u0621 \u0627\u0644\u0639\u0627\u0645\u0629\",\"publisher\":{\"@id\":\"https:\\\/\\\/lequotidien.mr\\\/#organization\"},\"potentialAction\":[{\"@type\":\"SearchAction\",\"target\":{\"@type\":\"EntryPoint\",\"urlTemplate\":\"https:\\\/\\\/lequotidien.mr\\\/?s={search_term_string}\"},\"query-input\":{\"@type\":\"PropertyValueSpecification\",\"valueRequired\":true,\"valueName\":\"search_term_string\"}}],\"inLanguage\":\"ar\"},{\"@type\":\"Organization\",\"@id\":\"https:\\\/\\\/lequotidien.mr\\\/#organization\",\"name\":\"Le Quotidien de Nouakchott\",\"url\":\"https:\\\/\\\/lequotidien.mr\\\/\",\"logo\":{\"@type\":\"ImageObject\",\"inLanguage\":\"ar\",\"@id\":\"https:\\\/\\\/lequotidien.mr\\\/#\\\/schema\\\/logo\\\/image\\\/\",\"url\":\"https:\\\/\\\/lequotidien.mr\\\/wp-content\\\/uploads\\\/2022\\\/11\\\/logolequotidien.jpg\",\"contentUrl\":\"https:\\\/\\\/lequotidien.mr\\\/wp-content\\\/uploads\\\/2022\\\/11\\\/logolequotidien.jpg\",\"width\":290,\"height\":65,\"caption\":\"Le Quotidien de Nouakchott\"},\"image\":{\"@id\":\"https:\\\/\\\/lequotidien.mr\\\/#\\\/schema\\\/logo\\\/image\\\/\"},\"sameAs\":[\"https:\\\/\\\/web.facebook.com\\\/lequotidienmr\",\"https:\\\/\\\/x.com\\\/lequotidienmr\"]},{\"@type\":\"Person\",\"@id\":\"https:\\\/\\\/lequotidien.mr\\\/#\\\/schema\\\/person\\\/f90fcdaa970c60288de4ed2e64a56472\",\"name\":\"Le Quotidien\",\"image\":{\"@type\":\"ImageObject\",\"inLanguage\":\"ar\",\"@id\":\"https:\\\/\\\/secure.gravatar.com\\\/avatar\\\/374cb39a1a458a912465a93e5a3ce6546886fc3da809a1f10c63e4e8fcbca30f?s=96&d=mm&r=g\",\"url\":\"https:\\\/\\\/secure.gravatar.com\\\/avatar\\\/374cb39a1a458a912465a93e5a3ce6546886fc3da809a1f10c63e4e8fcbca30f?s=96&d=mm&r=g\",\"contentUrl\":\"https:\\\/\\\/secure.gravatar.com\\\/avatar\\\/374cb39a1a458a912465a93e5a3ce6546886fc3da809a1f10c63e4e8fcbca30f?s=96&d=mm&r=g\",\"caption\":\"Le Quotidien\"},\"sameAs\":[\"https:\\\/\\\/lequotidien.mr\\\/\"],\"url\":\"https:\\\/\\\/lequotidien.mr\\\/?author=4\"}]}<\/script>\n<!-- \/ Yoast SEO plugin. -->","yoast_head_json":{"title":"\u00a0Dr. Tah Ahmed Meouloud plaide au nom du pr\u00e9sident Ghazouani pour un tourisme africain inclusif et durable au G20 de Bel\u00e8m - Le Quotidien de Nouakchott","robots":{"index":"index","follow":"follow","max-snippet":"max-snippet:-1","max-image-preview":"max-image-preview:large","max-video-preview":"max-video-preview:-1"},"canonical":"https:\/\/lequotidien.mr\/?p=21431&lang=fr","og_locale":"ar_AR","og_type":"article","og_title":"\u00a0Dr. Tah Ahmed Meouloud plaide au nom du pr\u00e9sident Ghazouani pour un tourisme africain inclusif et durable au G20 de Bel\u00e8m - Le Quotidien de Nouakchott","og_description":"Le samedi 21 septembre 2024, Dr. Tah Ahmed Meouloud, conseiller du Pr\u00e9sident de la R\u00e9publique et pr\u00e9sident de l\u2019Union africaine, a pr\u00e9sid\u00e9 la d\u00e9l\u00e9gation africaine lors de la r\u00e9union minist\u00e9rielle du G20 consacr\u00e9e au tourisme \u00e0 Bel\u00e9m, au Br\u00e9sil, en tant qu\u2019envoy\u00e9 sp\u00e9cial de l\u2019Union aupr\u00e8s du G20. Lors de son discours inaugural, Dr. Tah.....","og_url":"https:\/\/lequotidien.mr\/?p=21431&lang=fr","og_site_name":"Le Quotidien de Nouakchott","article_publisher":"https:\/\/web.facebook.com\/lequotidienmr","article_published_time":"2024-09-22T12:43:30+00:00","article_modified_time":"2024-09-23T01:52:35+00:00","og_image":[{"width":1008,"height":756,"url":"https:\/\/lequotidien.mr\/wp-content\/uploads\/2024\/09\/PHOTO-2024-09-22-11-24-58.jpg","type":"image\/jpeg"}],"author":"Le Quotidien","twitter_card":"summary_large_image","twitter_creator":"@lequotidienmr","twitter_site":"@lequotidienmr","twitter_misc":{"\u0643\u064f\u062a\u0628 \u0628\u0648\u0627\u0633\u0637\u0629":"Le Quotidien","\u0648\u0642\u062a \u0627\u0644\u0642\u0631\u0627\u0621\u0629 \u0627\u0644\u0645\u064f\u0642\u062f\u0651\u0631":"3 \u062f\u0642\u0627\u0626\u0642"},"schema":{"@context":"https:\/\/schema.org","@graph":[{"@type":"Article","@id":"https:\/\/lequotidien.mr\/?p=21431&lang=fr#article","isPartOf":{"@id":"https:\/\/lequotidien.mr\/?p=21431&lang=fr"},"author":{"name":"Le Quotidien","@id":"https:\/\/lequotidien.mr\/#\/schema\/person\/f90fcdaa970c60288de4ed2e64a56472"},"headline":"\u00a0Dr. Tah Ahmed Meouloud plaide au nom du pr\u00e9sident Ghazouani pour un tourisme africain inclusif et durable au G20 de Bel\u00e8m","datePublished":"2024-09-22T12:43:30+00:00","dateModified":"2024-09-23T01:52:35+00:00","mainEntityOfPage":{"@id":"https:\/\/lequotidien.mr\/?p=21431&lang=fr"},"wordCount":464,"commentCount":0,"publisher":{"@id":"https:\/\/lequotidien.mr\/#organization"},"image":{"@id":"https:\/\/lequotidien.mr\/?p=21431&lang=fr#primaryimage"},"thumbnailUrl":"https:\/\/lequotidien.mr\/wp-content\/uploads\/2024\/09\/PHOTO-2024-09-22-11-24-58.jpg","articleSection":["ACTUALIT\u00c9","Economie","Couverture sp\u00e9cilale"],"inLanguage":"ar","potentialAction":[{"@type":"CommentAction","name":"Comment","target":["https:\/\/lequotidien.mr\/?p=21431&lang=fr#respond"]}]},{"@type":"WebPage","@id":"https:\/\/lequotidien.mr\/?p=21431&lang=fr","url":"https:\/\/lequotidien.mr\/?p=21431&lang=fr","name":"\u00a0Dr. Tah Ahmed Meouloud plaide au nom du pr\u00e9sident Ghazouani pour un tourisme africain inclusif et durable au G20 de Bel\u00e8m - Le Quotidien de Nouakchott","isPartOf":{"@id":"https:\/\/lequotidien.mr\/#website"},"primaryImageOfPage":{"@id":"https:\/\/lequotidien.mr\/?p=21431&lang=fr#primaryimage"},"image":{"@id":"https:\/\/lequotidien.mr\/?p=21431&lang=fr#primaryimage"},"thumbnailUrl":"https:\/\/lequotidien.mr\/wp-content\/uploads\/2024\/09\/PHOTO-2024-09-22-11-24-58.jpg","datePublished":"2024-09-22T12:43:30+00:00","dateModified":"2024-09-23T01:52:35+00:00","breadcrumb":{"@id":"https:\/\/lequotidien.mr\/?p=21431&lang=fr#breadcrumb"},"inLanguage":"ar","potentialAction":[{"@type":"ReadAction","target":["https:\/\/lequotidien.mr\/?p=21431&lang=fr"]}]},{"@type":"ImageObject","inLanguage":"ar","@id":"https:\/\/lequotidien.mr\/?p=21431&lang=fr#primaryimage","url":"https:\/\/lequotidien.mr\/wp-content\/uploads\/2024\/09\/PHOTO-2024-09-22-11-24-58.jpg","contentUrl":"https:\/\/lequotidien.mr\/wp-content\/uploads\/2024\/09\/PHOTO-2024-09-22-11-24-58.jpg","width":1008,"height":756},{"@type":"BreadcrumbList","@id":"https:\/\/lequotidien.mr\/?p=21431&lang=fr#breadcrumb","itemListElement":[{"@type":"ListItem","position":1,"name":"Home","item":"https:\/\/lequotidien.mr\/"},{"@type":"ListItem","position":2,"name":"\u00a0Dr. Tah Ahmed Meouloud plaide au nom du pr\u00e9sident Ghazouani pour un tourisme africain inclusif et durable au G20 de Bel\u00e8m"}]},{"@type":"WebSite","@id":"https:\/\/lequotidien.mr\/#website","url":"https:\/\/lequotidien.mr\/","name":"Le Quotidien de Nouakchott","description":"\u0625\u062e\u0628\u0627\u0631\u064a\u0629 \u0645\u0633\u062a\u0642\u0644\u0629 \u0644\u0644\u0623\u0646\u0628\u0627\u0621 \u0627\u0644\u0639\u0627\u0645\u0629","publisher":{"@id":"https:\/\/lequotidien.mr\/#organization"},"potentialAction":[{"@type":"SearchAction","target":{"@type":"EntryPoint","urlTemplate":"https:\/\/lequotidien.mr\/?s={search_term_string}"},"query-input":{"@type":"PropertyValueSpecification","valueRequired":true,"valueName":"search_term_string"}}],"inLanguage":"ar"},{"@type":"Organization","@id":"https:\/\/lequotidien.mr\/#organization","name":"Le Quotidien de Nouakchott","url":"https:\/\/lequotidien.mr\/","logo":{"@type":"ImageObject","inLanguage":"ar","@id":"https:\/\/lequotidien.mr\/#\/schema\/logo\/image\/","url":"https:\/\/lequotidien.mr\/wp-content\/uploads\/2022\/11\/logolequotidien.jpg","contentUrl":"https:\/\/lequotidien.mr\/wp-content\/uploads\/2022\/11\/logolequotidien.jpg","width":290,"height":65,"caption":"Le Quotidien de Nouakchott"},"image":{"@id":"https:\/\/lequotidien.mr\/#\/schema\/logo\/image\/"},"sameAs":["https:\/\/web.facebook.com\/lequotidienmr","https:\/\/x.com\/lequotidienmr"]},{"@type":"Person","@id":"https:\/\/lequotidien.mr\/#\/schema\/person\/f90fcdaa970c60288de4ed2e64a56472","name":"Le Quotidien","image":{"@type":"ImageObject","inLanguage":"ar","@id":"https:\/\/secure.gravatar.com\/avatar\/374cb39a1a458a912465a93e5a3ce6546886fc3da809a1f10c63e4e8fcbca30f?s=96&d=mm&r=g","url":"https:\/\/secure.gravatar.com\/avatar\/374cb39a1a458a912465a93e5a3ce6546886fc3da809a1f10c63e4e8fcbca30f?s=96&d=mm&r=g","contentUrl":"https:\/\/secure.gravatar.com\/avatar\/374cb39a1a458a912465a93e5a3ce6546886fc3da809a1f10c63e4e8fcbca30f?s=96&d=mm&r=g","caption":"Le Quotidien"},"sameAs":["https:\/\/lequotidien.mr\/"],"url":"https:\/\/lequotidien.mr\/?author=4"}]}},"_links":{"self":[{"href":"https:\/\/lequotidien.mr\/index.php?rest_route=\/wp\/v2\/posts\/21431","targetHints":{"allow":["GET"]}}],"collection":[{"href":"https:\/\/lequotidien.mr\/index.php?rest_route=\/wp\/v2\/posts"}],"about":[{"href":"https:\/\/lequotidien.mr\/index.php?rest_route=\/wp\/v2\/types\/post"}],"author":[{"embeddable":true,"href":"https:\/\/lequotidien.mr\/index.php?rest_route=\/wp\/v2\/users\/4"}],"replies":[{"embeddable":true,"href":"https:\/\/lequotidien.mr\/index.php?rest_route=%2Fwp%2Fv2%2Fcomments&post=21431"}],"version-history":[{"count":3,"href":"https:\/\/lequotidien.mr\/index.php?rest_route=\/wp\/v2\/posts\/21431\/revisions"}],"predecessor-version":[{"id":21439,"href":"https:\/\/lequotidien.mr\/index.php?rest_route=\/wp\/v2\/posts\/21431\/revisions\/21439"}],"wp:featuredmedia":[{"embeddable":true,"href":"https:\/\/lequotidien.mr\/index.php?rest_route=\/wp\/v2\/media\/21432"}],"wp:attachment":[{"href":"https:\/\/lequotidien.mr\/index.php?rest_route=%2Fwp%2Fv2%2Fmedia&parent=21431"}],"wp:term":[{"taxonomy":"category","embeddable":true,"href":"https:\/\/lequotidien.mr\/index.php?rest_route=%2Fwp%2Fv2%2Fcategories&post=21431"},{"taxonomy":"post_tag","embeddable":true,"href":"https:\/\/lequotidien.mr\/index.php?rest_route=%2Fwp%2Fv2%2Ftags&post=21431"}],"curies":[{"name":"wp","href":"https:\/\/api.w.org\/{rel}","templated":true}]}}