{"id":21406,"date":"2024-09-21T12:27:21","date_gmt":"2024-09-21T12:27:21","guid":{"rendered":"https:\/\/lequotidien.mr\/?p=21406"},"modified":"2024-09-21T12:27:21","modified_gmt":"2024-09-21T12:27:21","slug":"texte-collectif-bazoum-et-son-epouse-sont-toujours-sequestres-dans-une-indifference-incomprehensible-de-la-communaute-internationale","status":"publish","type":"post","link":"https:\/\/lequotidien.mr\/?p=21406&lang=fr","title":{"rendered":"Texte Collectif  BAZOUM ET SON \u00c9POUSE SONT TOUJOURS S\u00c9QUESTR\u00c9S DANS UNE INDIFF\u00c9RENCE INCOMPR\u00c9HENSIBLE DE LA COMMUNAUT\u00c9 INTERNATIONALE"},"content":{"rendered":"<h1>Aucun motif d\u2019inculpation n&#8217;a jamais a \u00e9t\u00e9 notifi\u00e9 au pr\u00e9sident d\u00e9mocratiquement \u00e9lu du Niger et il n\u2019a jamais \u00e9t\u00e9 pr\u00e9sent\u00e9 \u00e0 un magistrat. Leurs enfants endurent la souffrance lancinante d\u2019\u00eatre priv\u00e9s de tout contact avec leurs parents<\/h1>\n<p>Depuis le 26 juillet 2023, date du coup d\u2019Etat militaire commis au Niger, le pr\u00e9sident de la R\u00e9publique, Mohamed Bazoum, \u00e9lu d\u00e9mocratiquement deux ans auparavant au suffrage universel, a \u00e9t\u00e9 priv\u00e9 de sa libert\u00e9. Ayant cat\u00e9goriquement refus\u00e9 de c\u00e9der aux pressions exerc\u00e9es pour lui arracher sa d\u00e9mission, il est s\u00e9questr\u00e9 dans deux pi\u00e8ces de sa r\u00e9sidence, au c\u0153ur m\u00eame du camp de la garde pr\u00e9sidentielle, dont l\u2019ancien commandant est l\u2019ex\u00e9cutant du putsch avec ses complices qui se disaient proches amis du pr\u00e9sident.<\/p>\n<p>Sous la surveillance stricte d\u2019hommes en armes, il est retenu avec son \u00e9pouse, Hadiza. Les conditions de leur d\u00e9tention sont tr\u00e8s s\u00e9v\u00e8res. Toute sortie du b\u00e2timent est rigoureusement interdite, sans communication avec l\u2019ext\u00e9rieur, hormis la visite du m\u00e9decin deux fois par semaine. Sous le pr\u00e9texte d\u2019une tentative d\u2019\u00e9vasion orchestr\u00e9e, son t\u00e9l\u00e9phone lui a \u00e9t\u00e9 confisqu\u00e9, le 19 octobre 2023.<\/p>\n<p>Mohamed et Hadiza Bazoum sont aujourd\u2019hui les victimes d\u2019une d\u00e9tention arbitraire, en violation des garanties fondamentales sur les libert\u00e9s individuelles et le droit international, et qui entra\u00eene des cons\u00e9quences particuli\u00e8rement douloureuses pour leur famille et, bien s\u00fbr, pour les Nig\u00e9riens.<\/p>\n<p>Que reproche-t-on au pr\u00e9sident Bazoum ? Aucun grief ne lui a \u00e9t\u00e9 communiqu\u00e9 dans le respect des lois p\u00e9nales et aucune explication n\u2019a \u00e9t\u00e9 fournie pour sa d\u00e9tention. Aucun motif d\u2019inculpation ne lui a \u00e9t\u00e9 notifi\u00e9 et il n\u2019a jamais \u00e9t\u00e9 pr\u00e9sent\u00e9 \u00e0 un magistrat. La seule proc\u00e9dure judiciaire engag\u00e9e formellement contre lui a \u00e9t\u00e9 la saisine d\u2019une \u00ab Cour d\u2019Etat \u00bb, cr\u00e9\u00e9e par la junte en violation de la Constitution et en substitution aux juridictions supr\u00eames qu\u2019\u00e9taient le Conseil d\u2019Etat et la Cour de cassation. Cette proc\u00e9dure s\u2019est conclue par une lev\u00e9e de l\u2019immunit\u00e9 pr\u00e9sidentielle, ce qui entra\u00eenerait le renvoi de M. Bazoum devant le tribunal militaire, dont quatre des cinq juges sont des militaires non form\u00e9s en droit.<\/p>\n<p><strong>Vigoureux combat contre la corruption<\/strong><\/p>\n<p>Tous ces faits sont d\u2019une extr\u00eame gravit\u00e9 et peuvent laisser craindre le pire, d\u2019autant plus que le code de justice militaire pr\u00e9voit la peine capitale. Au d\u00e9but du putsch, les condamnations de cette d\u00e9tention arbitraire se sont multipli\u00e9es, \u00e0 commencer par celles du secr\u00e9taire g\u00e9n\u00e9ral des Nations unies, du haut-commissaire aux droits de l\u2019homme ou encore de la Cour de justice de la Communaut\u00e9 \u00e9conomique des Etats de l\u2019Afrique de l\u2019Ouest. Cette derni\u00e8re a, d\u00e8s d\u00e9cembre 2023, ordonn\u00e9 la lib\u00e9ration du pr\u00e9sident Bazoum et de sa famille et le r\u00e9tablissement de l\u2019ordre constitutionnel au Niger.<\/p>\n<p>La v\u00e9rit\u00e9 est que les putschistes entendent faire payer au pr\u00e9sident Bazoum le prix de sa lutte r\u00e9solue pour les libert\u00e9s et l\u2019Etat de droit \u2013 et, plus encore, le prix de son vigoureux combat contre la corruption et le d\u00e9tournement de fonds publics. Conscient des risques auxquels il s\u2019exposait, il n\u2019a pas h\u00e9sit\u00e9 \u00e0 s\u2019engager r\u00e9solument en lan\u00e7ant des poursuites contre de hauts responsables de sa formation politique qui esp\u00e9raient pouvoir continuer \u00e0 vivre sous le couvert d\u2019une traditionnelle impunit\u00e9.<\/p>\n<p>Les mois s\u2019\u00e9coulent et Mohamed et Hadiza Bazoum sont toujours s\u00e9questr\u00e9s dans une indiff\u00e9rence grandissante et incompr\u00e9hensible de la communaut\u00e9 internationale. Leur courage, leur d\u00e9termination, leur force de caract\u00e8re sont exceptionnels. Ils ne c\u00e9deront rien. Leurs enfants endurent la souffrance lancinante d\u2019\u00eatre priv\u00e9s de tout contact avec leurs parents.<\/p>\n<p>La captivit\u00e9 de Mohamed et Hadiza Bazoum n\u2019a que trop dur\u00e9. Nous appelons les hauts responsables politiques d\u2019Afrique et du monde qui sont attach\u00e9s au respect des principes fondamentaux de l\u2019Etat de droit \u00e0 ne pas se laisser gagner, au fil du temps, par la r\u00e9signation ou l\u2019inertie. Il leur appartient maintenant de prendre leurs responsabilit\u00e9s et d\u2019exprimer avec d\u00e9termination leur exigence d\u2019obtenir la lib\u00e9ration d\u2019un chef d\u2019Etat d\u00e9mocratiquement \u00e9lu, s\u00e9questr\u00e9 pour des motifs indignes dans des conditions inacceptables, et dont l\u2019action a toujours \u00e9t\u00e9 inspir\u00e9e par la recherche du bien commun du peuple nig\u00e9rien et par la victoire de la d\u00e9mocratie en Afrique.<\/p>\n<p><strong>Liste des signataires<\/strong><br \/>\n\u2022 Professeur Wole SOLYINKA, Prix Nobel de litt\u00e9rature 1986<br \/>\n\u2022 Docteur Denis MUKWEGE, Prix Nobel de la Paix 2018<br \/>\n\u2022 Achille MBEMBE, Prix Holberg 2024 pour les arts et les lettres, les sciences humaines, le droit et la th\u00e9ologie.<br \/>\n\u2022 Mohamed BOUAMATOU, Pr\u00e9sident de la Fondation pour l\u2019\u00e9galit\u00e9 des chances en Afrique<br \/>\n\u2022 Michel BOYON, Conseiller d\u2019\u00c9tat honoraire, Avocat au Barreau de Paris<br \/>\n\u2022 Reed BRODY, Procureur sp\u00e9cialis\u00e9 dans les crimes de guerre, Avocat au Barreau de New York<br \/>\n\u2022 Santiago A. CANTON, Secr\u00e9taire g\u00e9n\u00e9ral de la Commission internationale de juristes (Gen\u00e8ve)<br \/>\n\u2022 Moussa COULIBALY, Ancien B\u00e2tonnier de l\u2019Ordre des avocats du Niger<br \/>\n\u2022 Mohamed Seydou DIAGNE, Avocat au Barreau du S\u00e9n\u00e9gal<br \/>\n\u2022 Brahim EBETY, Ancien B\u00e2tonnier de l\u2019Ordre des avocats de Mauritanie<br \/>\n\u2022 Mark ELLIS, Directeur ex\u00e9cutif de l\u2019Association internationale du Barreau<br \/>\n\u2022 Professeur Robert GOLDMAN, Pr\u00e9sident de la Commission internationale de juristes (Gen\u00e8ve)<br \/>\n\u2022 James GOLDSTON, Directeur ex\u00e9cutif d\u2019Open Society Justice Initiative<br \/>\n\u2022 Micha\u00eblle JEAN, Ancienne Secr\u00e9taire g\u00e9n\u00e9rale de la Francophonie<br \/>\n\u2022 Florence LOAN, B\u00e2tonni\u00e8re dauphine de l\u2019Ordre des avocats de C\u00f4te d\u2019Ivoire<br \/>\n\u2022 Bernard MIYET, Ancien Secr\u00e9taire g\u00e9n\u00e9ral adjoint des Nations Unies<br \/>\n\u2022 Javier NART, \u00c9crivain espagnol, ancien d\u00e9put\u00e9 europ\u00e9en<br \/>\n\u2022 Erik ORSENNA, Membre de l\u2019Acad\u00e9mie fran\u00e7aise, \u00e9crivain, conseiller d\u2019\u00c9tat honoraire<br \/>\n\u2022 Stephen RAPP, Ancien ambassadeur des \u00c9tats-Unis pour la justice p\u00e9nale internationale<br \/>\n\u2022 Gabor RONA, Professeur \u00e0 Cardozo School of Law<br \/>\n\u2022 Kenneth ROTH, Professeur \u00e0 l\u2019Universit\u00e9 de Princeton, \u00e9crivain, ancien directeur ex\u00e9cutif de Human Rights Watch<br \/>\n\u2022 Amrit SINGH, Directrice ex\u00e9cutive du Laboratoire de l\u2019\u00c9tat de droit \u00e0 l\u2019universit\u00e9 de Stanford<br \/>\n\u2022 Yasmin SOOKA, Avocate, Directrice ex\u00e9cutive de la Fondation pour les droits de l\u2019homme en Afrique du Sud<br \/>\n\u2022 Salieu TAAL, Ancien pr\u00e9sident de l\u2019Association du Barreau de la Gambie<br \/>\n\u2022 Wilder TAYLER, Directeur de l\u2019Institution nationale des droits de l\u2019homme d\u2019Uruguay<br \/>\n\u2022 Henri THULLIEZ, Avocat au barreau de Paris<br \/>\n\u2022 Alioune TINE, Fondateur de Afrikajom Center<\/p>\n<h1><\/h1>\n","protected":false},"excerpt":{"rendered":"<p>Aucun motif d\u2019inculpation n&#8217;a jamais a \u00e9t\u00e9 notifi\u00e9 au pr\u00e9sident d\u00e9mocratiquement \u00e9lu du Niger et il n\u2019a jamais \u00e9t\u00e9 pr\u00e9sent\u00e9 \u00e0 un magistrat. Leurs enfants endurent la souffrance lancinante d\u2019\u00eatre priv\u00e9s de tout contact avec leurs parents Depuis le 26 juillet 2023, date du coup d\u2019Etat militaire commis au Niger, le pr\u00e9sident de la R\u00e9publique,&#8230;..<\/p>\n","protected":false},"author":4,"featured_media":21407,"comment_status":"open","ping_status":"open","sticky":false,"template":"","format":"standard","meta":{"footnotes":""},"categories":[23,59,57],"tags":[],"class_list":["post-21406","post","type-post","status-publish","format-standard","has-post-thumbnail","hentry","category-actualite","category-opinion","category-couverture-specilale"],"yoast_head":"<!-- This site is optimized with the Yoast SEO plugin v27.5 - https:\/\/yoast.com\/product\/yoast-seo-wordpress\/ -->\n<title>Texte Collectif BAZOUM ET SON \u00c9POUSE SONT TOUJOURS S\u00c9QUESTR\u00c9S DANS UNE INDIFF\u00c9RENCE INCOMPR\u00c9HENSIBLE DE LA COMMUNAUT\u00c9 INTERNATIONALE - Le Quotidien de Nouakchott<\/title>\n<meta name=\"robots\" content=\"index, follow, max-snippet:-1, max-image-preview:large, max-video-preview:-1\" \/>\n<link rel=\"canonical\" href=\"https:\/\/lequotidien.mr\/?p=21406&lang=fr\" \/>\n<meta property=\"og:locale\" content=\"ar_AR\" \/>\n<meta property=\"og:type\" content=\"article\" \/>\n<meta property=\"og:title\" content=\"Texte Collectif BAZOUM ET SON \u00c9POUSE SONT TOUJOURS S\u00c9QUESTR\u00c9S DANS UNE INDIFF\u00c9RENCE INCOMPR\u00c9HENSIBLE DE LA COMMUNAUT\u00c9 INTERNATIONALE - Le Quotidien de Nouakchott\" \/>\n<meta property=\"og:description\" content=\"Aucun motif d\u2019inculpation n&#8217;a jamais a \u00e9t\u00e9 notifi\u00e9 au pr\u00e9sident d\u00e9mocratiquement \u00e9lu du Niger et il n\u2019a jamais \u00e9t\u00e9 pr\u00e9sent\u00e9 \u00e0 un magistrat. Leurs enfants endurent la souffrance lancinante d\u2019\u00eatre priv\u00e9s de tout contact avec leurs parents Depuis le 26 juillet 2023, date du coup d\u2019Etat militaire commis au Niger, le pr\u00e9sident de la R\u00e9publique,.....\" \/>\n<meta property=\"og:url\" content=\"https:\/\/lequotidien.mr\/?p=21406&amp;lang=fr\" \/>\n<meta property=\"og:site_name\" content=\"Le Quotidien de Nouakchott\" \/>\n<meta property=\"article:publisher\" content=\"https:\/\/web.facebook.com\/lequotidienmr\" \/>\n<meta property=\"article:published_time\" content=\"2024-09-21T12:27:21+00:00\" \/>\n<meta property=\"og:image\" content=\"https:\/\/lequotidien.mr\/wp-content\/uploads\/2024\/09\/bazoum.jpg\" \/>\n\t<meta property=\"og:image:width\" content=\"800\" \/>\n\t<meta property=\"og:image:height\" content=\"600\" \/>\n\t<meta property=\"og:image:type\" content=\"image\/jpeg\" \/>\n<meta name=\"author\" content=\"Le Quotidien\" \/>\n<meta name=\"twitter:card\" content=\"summary_large_image\" \/>\n<meta name=\"twitter:creator\" content=\"@lequotidienmr\" \/>\n<meta name=\"twitter:site\" content=\"@lequotidienmr\" \/>\n<meta name=\"twitter:label1\" content=\"\u0643\u064f\u062a\u0628 \u0628\u0648\u0627\u0633\u0637\u0629\" \/>\n\t<meta name=\"twitter:data1\" content=\"Le Quotidien\" \/>\n\t<meta name=\"twitter:label2\" content=\"\u0648\u0642\u062a \u0627\u0644\u0642\u0631\u0627\u0621\u0629 \u0627\u0644\u0645\u064f\u0642\u062f\u0651\u0631\" \/>\n\t<meta name=\"twitter:data2\" content=\"5 \u062f\u0642\u0627\u0626\u0642\" \/>\n<script type=\"application\/ld+json\" class=\"yoast-schema-graph\">{\"@context\":\"https:\\\/\\\/schema.org\",\"@graph\":[{\"@type\":\"Article\",\"@id\":\"https:\\\/\\\/lequotidien.mr\\\/?p=21406&lang=fr#article\",\"isPartOf\":{\"@id\":\"https:\\\/\\\/lequotidien.mr\\\/?p=21406&lang=fr\"},\"author\":{\"name\":\"Le Quotidien\",\"@id\":\"https:\\\/\\\/lequotidien.mr\\\/#\\\/schema\\\/person\\\/f90fcdaa970c60288de4ed2e64a56472\"},\"headline\":\"Texte Collectif BAZOUM ET SON \u00c9POUSE SONT TOUJOURS S\u00c9QUESTR\u00c9S DANS UNE INDIFF\u00c9RENCE INCOMPR\u00c9HENSIBLE DE LA COMMUNAUT\u00c9 INTERNATIONALE\",\"datePublished\":\"2024-09-21T12:27:21+00:00\",\"mainEntityOfPage\":{\"@id\":\"https:\\\/\\\/lequotidien.mr\\\/?p=21406&lang=fr\"},\"wordCount\":1149,\"commentCount\":0,\"publisher\":{\"@id\":\"https:\\\/\\\/lequotidien.mr\\\/#organization\"},\"image\":{\"@id\":\"https:\\\/\\\/lequotidien.mr\\\/?p=21406&lang=fr#primaryimage\"},\"thumbnailUrl\":\"https:\\\/\\\/lequotidien.mr\\\/wp-content\\\/uploads\\\/2024\\\/09\\\/bazoum.jpg\",\"articleSection\":[\"ACTUALIT\u00c9\",\"Opinion\",\"Couverture sp\u00e9cilale\"],\"inLanguage\":\"ar\",\"potentialAction\":[{\"@type\":\"CommentAction\",\"name\":\"Comment\",\"target\":[\"https:\\\/\\\/lequotidien.mr\\\/?p=21406&lang=fr#respond\"]}]},{\"@type\":\"WebPage\",\"@id\":\"https:\\\/\\\/lequotidien.mr\\\/?p=21406&lang=fr\",\"url\":\"https:\\\/\\\/lequotidien.mr\\\/?p=21406&lang=fr\",\"name\":\"Texte Collectif BAZOUM ET SON \u00c9POUSE SONT TOUJOURS S\u00c9QUESTR\u00c9S DANS UNE INDIFF\u00c9RENCE INCOMPR\u00c9HENSIBLE DE LA COMMUNAUT\u00c9 INTERNATIONALE - Le Quotidien de Nouakchott\",\"isPartOf\":{\"@id\":\"https:\\\/\\\/lequotidien.mr\\\/#website\"},\"primaryImageOfPage\":{\"@id\":\"https:\\\/\\\/lequotidien.mr\\\/?p=21406&lang=fr#primaryimage\"},\"image\":{\"@id\":\"https:\\\/\\\/lequotidien.mr\\\/?p=21406&lang=fr#primaryimage\"},\"thumbnailUrl\":\"https:\\\/\\\/lequotidien.mr\\\/wp-content\\\/uploads\\\/2024\\\/09\\\/bazoum.jpg\",\"datePublished\":\"2024-09-21T12:27:21+00:00\",\"breadcrumb\":{\"@id\":\"https:\\\/\\\/lequotidien.mr\\\/?p=21406&lang=fr#breadcrumb\"},\"inLanguage\":\"ar\",\"potentialAction\":[{\"@type\":\"ReadAction\",\"target\":[\"https:\\\/\\\/lequotidien.mr\\\/?p=21406&lang=fr\"]}]},{\"@type\":\"ImageObject\",\"inLanguage\":\"ar\",\"@id\":\"https:\\\/\\\/lequotidien.mr\\\/?p=21406&lang=fr#primaryimage\",\"url\":\"https:\\\/\\\/lequotidien.mr\\\/wp-content\\\/uploads\\\/2024\\\/09\\\/bazoum.jpg\",\"contentUrl\":\"https:\\\/\\\/lequotidien.mr\\\/wp-content\\\/uploads\\\/2024\\\/09\\\/bazoum.jpg\",\"width\":800,\"height\":600},{\"@type\":\"BreadcrumbList\",\"@id\":\"https:\\\/\\\/lequotidien.mr\\\/?p=21406&lang=fr#breadcrumb\",\"itemListElement\":[{\"@type\":\"ListItem\",\"position\":1,\"name\":\"Home\",\"item\":\"https:\\\/\\\/lequotidien.mr\\\/\"},{\"@type\":\"ListItem\",\"position\":2,\"name\":\"Texte Collectif BAZOUM ET SON \u00c9POUSE SONT TOUJOURS S\u00c9QUESTR\u00c9S DANS UNE INDIFF\u00c9RENCE INCOMPR\u00c9HENSIBLE DE LA COMMUNAUT\u00c9 INTERNATIONALE\"}]},{\"@type\":\"WebSite\",\"@id\":\"https:\\\/\\\/lequotidien.mr\\\/#website\",\"url\":\"https:\\\/\\\/lequotidien.mr\\\/\",\"name\":\"Le Quotidien de Nouakchott\",\"description\":\"\u0625\u062e\u0628\u0627\u0631\u064a\u0629 \u0645\u0633\u062a\u0642\u0644\u0629 \u0644\u0644\u0623\u0646\u0628\u0627\u0621 \u0627\u0644\u0639\u0627\u0645\u0629\",\"publisher\":{\"@id\":\"https:\\\/\\\/lequotidien.mr\\\/#organization\"},\"potentialAction\":[{\"@type\":\"SearchAction\",\"target\":{\"@type\":\"EntryPoint\",\"urlTemplate\":\"https:\\\/\\\/lequotidien.mr\\\/?s={search_term_string}\"},\"query-input\":{\"@type\":\"PropertyValueSpecification\",\"valueRequired\":true,\"valueName\":\"search_term_string\"}}],\"inLanguage\":\"ar\"},{\"@type\":\"Organization\",\"@id\":\"https:\\\/\\\/lequotidien.mr\\\/#organization\",\"name\":\"Le Quotidien de Nouakchott\",\"url\":\"https:\\\/\\\/lequotidien.mr\\\/\",\"logo\":{\"@type\":\"ImageObject\",\"inLanguage\":\"ar\",\"@id\":\"https:\\\/\\\/lequotidien.mr\\\/#\\\/schema\\\/logo\\\/image\\\/\",\"url\":\"https:\\\/\\\/lequotidien.mr\\\/wp-content\\\/uploads\\\/2022\\\/11\\\/logolequotidien.jpg\",\"contentUrl\":\"https:\\\/\\\/lequotidien.mr\\\/wp-content\\\/uploads\\\/2022\\\/11\\\/logolequotidien.jpg\",\"width\":290,\"height\":65,\"caption\":\"Le Quotidien de Nouakchott\"},\"image\":{\"@id\":\"https:\\\/\\\/lequotidien.mr\\\/#\\\/schema\\\/logo\\\/image\\\/\"},\"sameAs\":[\"https:\\\/\\\/web.facebook.com\\\/lequotidienmr\",\"https:\\\/\\\/x.com\\\/lequotidienmr\"]},{\"@type\":\"Person\",\"@id\":\"https:\\\/\\\/lequotidien.mr\\\/#\\\/schema\\\/person\\\/f90fcdaa970c60288de4ed2e64a56472\",\"name\":\"Le Quotidien\",\"image\":{\"@type\":\"ImageObject\",\"inLanguage\":\"ar\",\"@id\":\"https:\\\/\\\/secure.gravatar.com\\\/avatar\\\/374cb39a1a458a912465a93e5a3ce6546886fc3da809a1f10c63e4e8fcbca30f?s=96&d=mm&r=g\",\"url\":\"https:\\\/\\\/secure.gravatar.com\\\/avatar\\\/374cb39a1a458a912465a93e5a3ce6546886fc3da809a1f10c63e4e8fcbca30f?s=96&d=mm&r=g\",\"contentUrl\":\"https:\\\/\\\/secure.gravatar.com\\\/avatar\\\/374cb39a1a458a912465a93e5a3ce6546886fc3da809a1f10c63e4e8fcbca30f?s=96&d=mm&r=g\",\"caption\":\"Le Quotidien\"},\"sameAs\":[\"https:\\\/\\\/lequotidien.mr\\\/\"],\"url\":\"https:\\\/\\\/lequotidien.mr\\\/?author=4\"}]}<\/script>\n<!-- \/ Yoast SEO plugin. -->","yoast_head_json":{"title":"Texte Collectif BAZOUM ET SON \u00c9POUSE SONT TOUJOURS S\u00c9QUESTR\u00c9S DANS UNE INDIFF\u00c9RENCE INCOMPR\u00c9HENSIBLE DE LA COMMUNAUT\u00c9 INTERNATIONALE - Le Quotidien de Nouakchott","robots":{"index":"index","follow":"follow","max-snippet":"max-snippet:-1","max-image-preview":"max-image-preview:large","max-video-preview":"max-video-preview:-1"},"canonical":"https:\/\/lequotidien.mr\/?p=21406&lang=fr","og_locale":"ar_AR","og_type":"article","og_title":"Texte Collectif BAZOUM ET SON \u00c9POUSE SONT TOUJOURS S\u00c9QUESTR\u00c9S DANS UNE INDIFF\u00c9RENCE INCOMPR\u00c9HENSIBLE DE LA COMMUNAUT\u00c9 INTERNATIONALE - Le Quotidien de Nouakchott","og_description":"Aucun motif d\u2019inculpation n&#8217;a jamais a \u00e9t\u00e9 notifi\u00e9 au pr\u00e9sident d\u00e9mocratiquement \u00e9lu du Niger et il n\u2019a jamais \u00e9t\u00e9 pr\u00e9sent\u00e9 \u00e0 un magistrat. Leurs enfants endurent la souffrance lancinante d\u2019\u00eatre priv\u00e9s de tout contact avec leurs parents Depuis le 26 juillet 2023, date du coup d\u2019Etat militaire commis au Niger, le pr\u00e9sident de la R\u00e9publique,.....","og_url":"https:\/\/lequotidien.mr\/?p=21406&lang=fr","og_site_name":"Le Quotidien de Nouakchott","article_publisher":"https:\/\/web.facebook.com\/lequotidienmr","article_published_time":"2024-09-21T12:27:21+00:00","og_image":[{"width":800,"height":600,"url":"https:\/\/lequotidien.mr\/wp-content\/uploads\/2024\/09\/bazoum.jpg","type":"image\/jpeg"}],"author":"Le Quotidien","twitter_card":"summary_large_image","twitter_creator":"@lequotidienmr","twitter_site":"@lequotidienmr","twitter_misc":{"\u0643\u064f\u062a\u0628 \u0628\u0648\u0627\u0633\u0637\u0629":"Le Quotidien","\u0648\u0642\u062a \u0627\u0644\u0642\u0631\u0627\u0621\u0629 \u0627\u0644\u0645\u064f\u0642\u062f\u0651\u0631":"5 \u062f\u0642\u0627\u0626\u0642"},"schema":{"@context":"https:\/\/schema.org","@graph":[{"@type":"Article","@id":"https:\/\/lequotidien.mr\/?p=21406&lang=fr#article","isPartOf":{"@id":"https:\/\/lequotidien.mr\/?p=21406&lang=fr"},"author":{"name":"Le Quotidien","@id":"https:\/\/lequotidien.mr\/#\/schema\/person\/f90fcdaa970c60288de4ed2e64a56472"},"headline":"Texte Collectif BAZOUM ET SON \u00c9POUSE SONT TOUJOURS S\u00c9QUESTR\u00c9S DANS UNE INDIFF\u00c9RENCE INCOMPR\u00c9HENSIBLE DE LA COMMUNAUT\u00c9 INTERNATIONALE","datePublished":"2024-09-21T12:27:21+00:00","mainEntityOfPage":{"@id":"https:\/\/lequotidien.mr\/?p=21406&lang=fr"},"wordCount":1149,"commentCount":0,"publisher":{"@id":"https:\/\/lequotidien.mr\/#organization"},"image":{"@id":"https:\/\/lequotidien.mr\/?p=21406&lang=fr#primaryimage"},"thumbnailUrl":"https:\/\/lequotidien.mr\/wp-content\/uploads\/2024\/09\/bazoum.jpg","articleSection":["ACTUALIT\u00c9","Opinion","Couverture sp\u00e9cilale"],"inLanguage":"ar","potentialAction":[{"@type":"CommentAction","name":"Comment","target":["https:\/\/lequotidien.mr\/?p=21406&lang=fr#respond"]}]},{"@type":"WebPage","@id":"https:\/\/lequotidien.mr\/?p=21406&lang=fr","url":"https:\/\/lequotidien.mr\/?p=21406&lang=fr","name":"Texte Collectif BAZOUM ET SON \u00c9POUSE SONT TOUJOURS S\u00c9QUESTR\u00c9S DANS UNE INDIFF\u00c9RENCE INCOMPR\u00c9HENSIBLE DE LA COMMUNAUT\u00c9 INTERNATIONALE - Le Quotidien de Nouakchott","isPartOf":{"@id":"https:\/\/lequotidien.mr\/#website"},"primaryImageOfPage":{"@id":"https:\/\/lequotidien.mr\/?p=21406&lang=fr#primaryimage"},"image":{"@id":"https:\/\/lequotidien.mr\/?p=21406&lang=fr#primaryimage"},"thumbnailUrl":"https:\/\/lequotidien.mr\/wp-content\/uploads\/2024\/09\/bazoum.jpg","datePublished":"2024-09-21T12:27:21+00:00","breadcrumb":{"@id":"https:\/\/lequotidien.mr\/?p=21406&lang=fr#breadcrumb"},"inLanguage":"ar","potentialAction":[{"@type":"ReadAction","target":["https:\/\/lequotidien.mr\/?p=21406&lang=fr"]}]},{"@type":"ImageObject","inLanguage":"ar","@id":"https:\/\/lequotidien.mr\/?p=21406&lang=fr#primaryimage","url":"https:\/\/lequotidien.mr\/wp-content\/uploads\/2024\/09\/bazoum.jpg","contentUrl":"https:\/\/lequotidien.mr\/wp-content\/uploads\/2024\/09\/bazoum.jpg","width":800,"height":600},{"@type":"BreadcrumbList","@id":"https:\/\/lequotidien.mr\/?p=21406&lang=fr#breadcrumb","itemListElement":[{"@type":"ListItem","position":1,"name":"Home","item":"https:\/\/lequotidien.mr\/"},{"@type":"ListItem","position":2,"name":"Texte Collectif BAZOUM ET SON \u00c9POUSE SONT TOUJOURS S\u00c9QUESTR\u00c9S DANS UNE INDIFF\u00c9RENCE INCOMPR\u00c9HENSIBLE DE LA COMMUNAUT\u00c9 INTERNATIONALE"}]},{"@type":"WebSite","@id":"https:\/\/lequotidien.mr\/#website","url":"https:\/\/lequotidien.mr\/","name":"Le Quotidien de Nouakchott","description":"\u0625\u062e\u0628\u0627\u0631\u064a\u0629 \u0645\u0633\u062a\u0642\u0644\u0629 \u0644\u0644\u0623\u0646\u0628\u0627\u0621 \u0627\u0644\u0639\u0627\u0645\u0629","publisher":{"@id":"https:\/\/lequotidien.mr\/#organization"},"potentialAction":[{"@type":"SearchAction","target":{"@type":"EntryPoint","urlTemplate":"https:\/\/lequotidien.mr\/?s={search_term_string}"},"query-input":{"@type":"PropertyValueSpecification","valueRequired":true,"valueName":"search_term_string"}}],"inLanguage":"ar"},{"@type":"Organization","@id":"https:\/\/lequotidien.mr\/#organization","name":"Le Quotidien de Nouakchott","url":"https:\/\/lequotidien.mr\/","logo":{"@type":"ImageObject","inLanguage":"ar","@id":"https:\/\/lequotidien.mr\/#\/schema\/logo\/image\/","url":"https:\/\/lequotidien.mr\/wp-content\/uploads\/2022\/11\/logolequotidien.jpg","contentUrl":"https:\/\/lequotidien.mr\/wp-content\/uploads\/2022\/11\/logolequotidien.jpg","width":290,"height":65,"caption":"Le Quotidien de Nouakchott"},"image":{"@id":"https:\/\/lequotidien.mr\/#\/schema\/logo\/image\/"},"sameAs":["https:\/\/web.facebook.com\/lequotidienmr","https:\/\/x.com\/lequotidienmr"]},{"@type":"Person","@id":"https:\/\/lequotidien.mr\/#\/schema\/person\/f90fcdaa970c60288de4ed2e64a56472","name":"Le Quotidien","image":{"@type":"ImageObject","inLanguage":"ar","@id":"https:\/\/secure.gravatar.com\/avatar\/374cb39a1a458a912465a93e5a3ce6546886fc3da809a1f10c63e4e8fcbca30f?s=96&d=mm&r=g","url":"https:\/\/secure.gravatar.com\/avatar\/374cb39a1a458a912465a93e5a3ce6546886fc3da809a1f10c63e4e8fcbca30f?s=96&d=mm&r=g","contentUrl":"https:\/\/secure.gravatar.com\/avatar\/374cb39a1a458a912465a93e5a3ce6546886fc3da809a1f10c63e4e8fcbca30f?s=96&d=mm&r=g","caption":"Le Quotidien"},"sameAs":["https:\/\/lequotidien.mr\/"],"url":"https:\/\/lequotidien.mr\/?author=4"}]}},"_links":{"self":[{"href":"https:\/\/lequotidien.mr\/index.php?rest_route=\/wp\/v2\/posts\/21406","targetHints":{"allow":["GET"]}}],"collection":[{"href":"https:\/\/lequotidien.mr\/index.php?rest_route=\/wp\/v2\/posts"}],"about":[{"href":"https:\/\/lequotidien.mr\/index.php?rest_route=\/wp\/v2\/types\/post"}],"author":[{"embeddable":true,"href":"https:\/\/lequotidien.mr\/index.php?rest_route=\/wp\/v2\/users\/4"}],"replies":[{"embeddable":true,"href":"https:\/\/lequotidien.mr\/index.php?rest_route=%2Fwp%2Fv2%2Fcomments&post=21406"}],"version-history":[{"count":1,"href":"https:\/\/lequotidien.mr\/index.php?rest_route=\/wp\/v2\/posts\/21406\/revisions"}],"predecessor-version":[{"id":21408,"href":"https:\/\/lequotidien.mr\/index.php?rest_route=\/wp\/v2\/posts\/21406\/revisions\/21408"}],"wp:featuredmedia":[{"embeddable":true,"href":"https:\/\/lequotidien.mr\/index.php?rest_route=\/wp\/v2\/media\/21407"}],"wp:attachment":[{"href":"https:\/\/lequotidien.mr\/index.php?rest_route=%2Fwp%2Fv2%2Fmedia&parent=21406"}],"wp:term":[{"taxonomy":"category","embeddable":true,"href":"https:\/\/lequotidien.mr\/index.php?rest_route=%2Fwp%2Fv2%2Fcategories&post=21406"},{"taxonomy":"post_tag","embeddable":true,"href":"https:\/\/lequotidien.mr\/index.php?rest_route=%2Fwp%2Fv2%2Ftags&post=21406"}],"curies":[{"name":"wp","href":"https:\/\/api.w.org\/{rel}","templated":true}]}}