{"id":21257,"date":"2024-09-15T11:32:19","date_gmt":"2024-09-15T11:32:19","guid":{"rendered":"https:\/\/lequotidien.mr\/?p=21257"},"modified":"2024-09-15T11:32:19","modified_gmt":"2024-09-15T11:32:19","slug":"ministere-de-la-culture-des-jalons-importants-vers-des-reformes-majeures-dans-le-secteur-des-medias-en-mauritanie","status":"publish","type":"post","link":"https:\/\/lequotidien.mr\/?p=21257&lang=fr","title":{"rendered":"Minist\u00e8re de la Culture : Des jalons importants vers des r\u00e9formes majeures dans le secteur des m\u00e9dias en Mauritanie"},"content":{"rendered":"<p>Lors de son discours \u00e0 l&#8217;ouverture du forum des associations africaines et arabes et de l&#8217;Union internationale de la presse, tenu \u00e0 Nouakchott, le ministre de la Culture, des Arts, de la Communication et des Relations avec le Parlement, Hussein Meddou, a fait des annonces significatives concernant le secteur des m\u00e9dias en Mauritanie.<\/p>\n<p>Le ministre a confirm\u00e9 que des mesures importantes avaient \u00e9t\u00e9 prises pour am\u00e9liorer les conditions de travail des employ\u00e9s des m\u00e9dias publics. En effet, les salaires de tous les employ\u00e9s de ce secteur ont \u00e9t\u00e9 doubl\u00e9s, ce qui marque un changement notable dans la politique de r\u00e9mun\u00e9ration. Par ailleurs, les allocations destin\u00e9es au soutien du Fonds de la presse priv\u00e9e ont \u00e9galement \u00e9t\u00e9 doubl\u00e9es, soulignant un engagement renforc\u00e9 envers le d\u00e9veloppement et la p\u00e9rennit\u00e9 des m\u00e9dias priv\u00e9s.<\/p>\n<p>Dans son discours, Meddou a \u00e9galement abord\u00e9 les r\u00e9formes en cours. Il a indiqu\u00e9 que des efforts \u00e9taient d\u00e9ploy\u00e9s pour finaliser les r\u00e9formes relatives \u00e0 l&#8217;\u00e9mission du d\u00e9cret sur la carte de presse, du d\u00e9cret sur les radios publiques et du d\u00e9cret sur le soutien public. Ces r\u00e9formes visent \u00e0 moderniser et \u00e0 renforcer le cadre l\u00e9gislatif et r\u00e9glementaire du secteur m\u00e9diatique.<\/p>\n<p>Le ministre a mis en lumi\u00e8re l&#8217;importance de traiter les probl\u00e8mes structurels au sein des m\u00e9dias, qualifiant ces d\u00e9fis de \u00ab probl\u00e8mes structurels dans les m\u00e9dias \u00bb et soulignant la n\u00e9cessit\u00e9 d&#8217;un \u00ab traitement imm\u00e9diat \u00bb pour y rem\u00e9dier. Cette approche vise \u00e0 r\u00e9soudre les questions fondamentales qui entravent le bon fonctionnement et la libre expression dans le secteur.<\/p>\n<p>Hussein Meddou a \u00e9galement mentionn\u00e9 que le gouvernement travaillait sur des ateliers destin\u00e9s \u00e0 promouvoir la libert\u00e9 de la presse en Mauritanie. Il a exprim\u00e9 l&#8217;espoir que ces initiatives permettront non seulement de renforcer la coordination avec les organisations mondiales mais aussi d&#8217;apporter des avantages tangibles aux journalistes mauritaniens.<\/p>\n<p>Ces mesures marquent une \u00e9tape significative dans la r\u00e9forme des m\u00e9dias en Mauritanie, avec un accent particulier sur l&#8217;am\u00e9lioration des conditions de travail et le soutien aux journalistes. Le gouvernement donc semble d\u00e9termin\u00e9 \u00e0 apporter des changements substantiels pour promouvoir une presse plus libre et plus efficace dans le pays.<\/p>\n","protected":false},"excerpt":{"rendered":"<p>Lors de son discours \u00e0 l&#8217;ouverture du forum des associations africaines et arabes et de l&#8217;Union internationale de la presse, tenu \u00e0 Nouakchott, le ministre de la Culture, des Arts, de la Communication et des Relations avec le Parlement, Hussein Meddou, a fait des annonces significatives concernant le secteur des m\u00e9dias en Mauritanie. Le ministre&#8230;..<\/p>\n","protected":false},"author":12,"featured_media":21258,"comment_status":"open","ping_status":"open","sticky":false,"template":"","format":"standard","meta":{"footnotes":""},"categories":[23,55],"tags":[],"class_list":["post-21257","post","type-post","status-publish","format-standard","has-post-thumbnail","hentry","category-actualite","category-culture"],"yoast_head":"<!-- This site is optimized with the Yoast SEO plugin v27.5 - https:\/\/yoast.com\/product\/yoast-seo-wordpress\/ -->\n<title>Minist\u00e8re de la Culture : Des jalons importants vers des r\u00e9formes majeures dans le secteur des m\u00e9dias en Mauritanie - Le Quotidien de Nouakchott<\/title>\n<meta name=\"robots\" content=\"index, follow, max-snippet:-1, max-image-preview:large, max-video-preview:-1\" \/>\n<link rel=\"canonical\" href=\"https:\/\/lequotidien.mr\/?p=21257&lang=fr\" \/>\n<meta property=\"og:locale\" content=\"ar_AR\" \/>\n<meta property=\"og:type\" content=\"article\" \/>\n<meta property=\"og:title\" content=\"Minist\u00e8re de la Culture : Des jalons importants vers des r\u00e9formes majeures dans le secteur des m\u00e9dias en Mauritanie - Le Quotidien de Nouakchott\" \/>\n<meta property=\"og:description\" content=\"Lors de son discours \u00e0 l&#8217;ouverture du forum des associations africaines et arabes et de l&#8217;Union internationale de la presse, tenu \u00e0 Nouakchott, le ministre de la Culture, des Arts, de la Communication et des Relations avec le Parlement, Hussein Meddou, a fait des annonces significatives concernant le secteur des m\u00e9dias en Mauritanie. Le ministre.....\" \/>\n<meta property=\"og:url\" content=\"https:\/\/lequotidien.mr\/?p=21257&amp;lang=fr\" \/>\n<meta property=\"og:site_name\" content=\"Le Quotidien de Nouakchott\" \/>\n<meta property=\"article:publisher\" content=\"https:\/\/web.facebook.com\/lequotidienmr\" \/>\n<meta property=\"article:published_time\" content=\"2024-09-15T11:32:19+00:00\" \/>\n<meta property=\"og:image\" content=\"https:\/\/lequotidien.mr\/wp-content\/uploads\/2024\/09\/photo-Medou.png\" \/>\n\t<meta property=\"og:image:width\" content=\"282\" \/>\n\t<meta property=\"og:image:height\" content=\"235\" \/>\n\t<meta property=\"og:image:type\" content=\"image\/png\" \/>\n<meta name=\"author\" content=\"Med Ahmed\" \/>\n<meta name=\"twitter:card\" content=\"summary_large_image\" \/>\n<meta name=\"twitter:creator\" content=\"@lequotidienmr\" \/>\n<meta name=\"twitter:site\" content=\"@lequotidienmr\" \/>\n<meta name=\"twitter:label1\" content=\"\u0643\u064f\u062a\u0628 \u0628\u0648\u0627\u0633\u0637\u0629\" \/>\n\t<meta name=\"twitter:data1\" content=\"Med Ahmed\" \/>\n\t<meta name=\"twitter:label2\" content=\"\u0648\u0642\u062a \u0627\u0644\u0642\u0631\u0627\u0621\u0629 \u0627\u0644\u0645\u064f\u0642\u062f\u0651\u0631\" \/>\n\t<meta name=\"twitter:data2\" content=\"\u062f\u0642\u064a\u0642\u062a\u0627\u0646\" \/>\n<script type=\"application\/ld+json\" class=\"yoast-schema-graph\">{\"@context\":\"https:\\\/\\\/schema.org\",\"@graph\":[{\"@type\":\"Article\",\"@id\":\"https:\\\/\\\/lequotidien.mr\\\/?p=21257&lang=fr#article\",\"isPartOf\":{\"@id\":\"https:\\\/\\\/lequotidien.mr\\\/?p=21257&lang=fr\"},\"author\":{\"name\":\"Med Ahmed\",\"@id\":\"https:\\\/\\\/lequotidien.mr\\\/#\\\/schema\\\/person\\\/d2d350202a4d599685ed8abc25f97596\"},\"headline\":\"Minist\u00e8re de la Culture : Des jalons importants vers des r\u00e9formes majeures dans le secteur des m\u00e9dias en Mauritanie\",\"datePublished\":\"2024-09-15T11:32:19+00:00\",\"mainEntityOfPage\":{\"@id\":\"https:\\\/\\\/lequotidien.mr\\\/?p=21257&lang=fr\"},\"wordCount\":408,\"commentCount\":0,\"publisher\":{\"@id\":\"https:\\\/\\\/lequotidien.mr\\\/#organization\"},\"image\":{\"@id\":\"https:\\\/\\\/lequotidien.mr\\\/?p=21257&lang=fr#primaryimage\"},\"thumbnailUrl\":\"https:\\\/\\\/lequotidien.mr\\\/wp-content\\\/uploads\\\/2024\\\/09\\\/photo-Medou.png\",\"articleSection\":[\"ACTUALIT\u00c9\",\"Culture\"],\"inLanguage\":\"ar\",\"potentialAction\":[{\"@type\":\"CommentAction\",\"name\":\"Comment\",\"target\":[\"https:\\\/\\\/lequotidien.mr\\\/?p=21257&lang=fr#respond\"]}]},{\"@type\":\"WebPage\",\"@id\":\"https:\\\/\\\/lequotidien.mr\\\/?p=21257&lang=fr\",\"url\":\"https:\\\/\\\/lequotidien.mr\\\/?p=21257&lang=fr\",\"name\":\"Minist\u00e8re de la Culture : Des jalons importants vers des r\u00e9formes majeures dans le secteur des m\u00e9dias en Mauritanie - Le Quotidien de Nouakchott\",\"isPartOf\":{\"@id\":\"https:\\\/\\\/lequotidien.mr\\\/#website\"},\"primaryImageOfPage\":{\"@id\":\"https:\\\/\\\/lequotidien.mr\\\/?p=21257&lang=fr#primaryimage\"},\"image\":{\"@id\":\"https:\\\/\\\/lequotidien.mr\\\/?p=21257&lang=fr#primaryimage\"},\"thumbnailUrl\":\"https:\\\/\\\/lequotidien.mr\\\/wp-content\\\/uploads\\\/2024\\\/09\\\/photo-Medou.png\",\"datePublished\":\"2024-09-15T11:32:19+00:00\",\"breadcrumb\":{\"@id\":\"https:\\\/\\\/lequotidien.mr\\\/?p=21257&lang=fr#breadcrumb\"},\"inLanguage\":\"ar\",\"potentialAction\":[{\"@type\":\"ReadAction\",\"target\":[\"https:\\\/\\\/lequotidien.mr\\\/?p=21257&lang=fr\"]}]},{\"@type\":\"ImageObject\",\"inLanguage\":\"ar\",\"@id\":\"https:\\\/\\\/lequotidien.mr\\\/?p=21257&lang=fr#primaryimage\",\"url\":\"https:\\\/\\\/lequotidien.mr\\\/wp-content\\\/uploads\\\/2024\\\/09\\\/photo-Medou.png\",\"contentUrl\":\"https:\\\/\\\/lequotidien.mr\\\/wp-content\\\/uploads\\\/2024\\\/09\\\/photo-Medou.png\",\"width\":282,\"height\":235},{\"@type\":\"BreadcrumbList\",\"@id\":\"https:\\\/\\\/lequotidien.mr\\\/?p=21257&lang=fr#breadcrumb\",\"itemListElement\":[{\"@type\":\"ListItem\",\"position\":1,\"name\":\"Home\",\"item\":\"https:\\\/\\\/lequotidien.mr\\\/\"},{\"@type\":\"ListItem\",\"position\":2,\"name\":\"Minist\u00e8re de la Culture : Des jalons importants vers des r\u00e9formes majeures dans le secteur des m\u00e9dias en Mauritanie\"}]},{\"@type\":\"WebSite\",\"@id\":\"https:\\\/\\\/lequotidien.mr\\\/#website\",\"url\":\"https:\\\/\\\/lequotidien.mr\\\/\",\"name\":\"Le Quotidien de Nouakchott\",\"description\":\"\u0625\u062e\u0628\u0627\u0631\u064a\u0629 \u0645\u0633\u062a\u0642\u0644\u0629 \u0644\u0644\u0623\u0646\u0628\u0627\u0621 \u0627\u0644\u0639\u0627\u0645\u0629\",\"publisher\":{\"@id\":\"https:\\\/\\\/lequotidien.mr\\\/#organization\"},\"potentialAction\":[{\"@type\":\"SearchAction\",\"target\":{\"@type\":\"EntryPoint\",\"urlTemplate\":\"https:\\\/\\\/lequotidien.mr\\\/?s={search_term_string}\"},\"query-input\":{\"@type\":\"PropertyValueSpecification\",\"valueRequired\":true,\"valueName\":\"search_term_string\"}}],\"inLanguage\":\"ar\"},{\"@type\":\"Organization\",\"@id\":\"https:\\\/\\\/lequotidien.mr\\\/#organization\",\"name\":\"Le Quotidien de Nouakchott\",\"url\":\"https:\\\/\\\/lequotidien.mr\\\/\",\"logo\":{\"@type\":\"ImageObject\",\"inLanguage\":\"ar\",\"@id\":\"https:\\\/\\\/lequotidien.mr\\\/#\\\/schema\\\/logo\\\/image\\\/\",\"url\":\"https:\\\/\\\/lequotidien.mr\\\/wp-content\\\/uploads\\\/2022\\\/11\\\/logolequotidien.jpg\",\"contentUrl\":\"https:\\\/\\\/lequotidien.mr\\\/wp-content\\\/uploads\\\/2022\\\/11\\\/logolequotidien.jpg\",\"width\":290,\"height\":65,\"caption\":\"Le Quotidien de Nouakchott\"},\"image\":{\"@id\":\"https:\\\/\\\/lequotidien.mr\\\/#\\\/schema\\\/logo\\\/image\\\/\"},\"sameAs\":[\"https:\\\/\\\/web.facebook.com\\\/lequotidienmr\",\"https:\\\/\\\/x.com\\\/lequotidienmr\"]},{\"@type\":\"Person\",\"@id\":\"https:\\\/\\\/lequotidien.mr\\\/#\\\/schema\\\/person\\\/d2d350202a4d599685ed8abc25f97596\",\"name\":\"Med Ahmed\",\"image\":{\"@type\":\"ImageObject\",\"inLanguage\":\"ar\",\"@id\":\"https:\\\/\\\/secure.gravatar.com\\\/avatar\\\/fd2acc62ed50732923d1d39c17172c9b04149f142be92310ecc69e1358f94b52?s=96&d=mm&r=g\",\"url\":\"https:\\\/\\\/secure.gravatar.com\\\/avatar\\\/fd2acc62ed50732923d1d39c17172c9b04149f142be92310ecc69e1358f94b52?s=96&d=mm&r=g\",\"contentUrl\":\"https:\\\/\\\/secure.gravatar.com\\\/avatar\\\/fd2acc62ed50732923d1d39c17172c9b04149f142be92310ecc69e1358f94b52?s=96&d=mm&r=g\",\"caption\":\"Med Ahmed\"},\"url\":\"https:\\\/\\\/lequotidien.mr\\\/?author=12\"}]}<\/script>\n<!-- \/ Yoast SEO plugin. -->","yoast_head_json":{"title":"Minist\u00e8re de la Culture : Des jalons importants vers des r\u00e9formes majeures dans le secteur des m\u00e9dias en Mauritanie - Le Quotidien de Nouakchott","robots":{"index":"index","follow":"follow","max-snippet":"max-snippet:-1","max-image-preview":"max-image-preview:large","max-video-preview":"max-video-preview:-1"},"canonical":"https:\/\/lequotidien.mr\/?p=21257&lang=fr","og_locale":"ar_AR","og_type":"article","og_title":"Minist\u00e8re de la Culture : Des jalons importants vers des r\u00e9formes majeures dans le secteur des m\u00e9dias en Mauritanie - Le Quotidien de Nouakchott","og_description":"Lors de son discours \u00e0 l&#8217;ouverture du forum des associations africaines et arabes et de l&#8217;Union internationale de la presse, tenu \u00e0 Nouakchott, le ministre de la Culture, des Arts, de la Communication et des Relations avec le Parlement, Hussein Meddou, a fait des annonces significatives concernant le secteur des m\u00e9dias en Mauritanie. Le ministre.....","og_url":"https:\/\/lequotidien.mr\/?p=21257&lang=fr","og_site_name":"Le Quotidien de Nouakchott","article_publisher":"https:\/\/web.facebook.com\/lequotidienmr","article_published_time":"2024-09-15T11:32:19+00:00","og_image":[{"width":282,"height":235,"url":"https:\/\/lequotidien.mr\/wp-content\/uploads\/2024\/09\/photo-Medou.png","type":"image\/png"}],"author":"Med Ahmed","twitter_card":"summary_large_image","twitter_creator":"@lequotidienmr","twitter_site":"@lequotidienmr","twitter_misc":{"\u0643\u064f\u062a\u0628 \u0628\u0648\u0627\u0633\u0637\u0629":"Med Ahmed","\u0648\u0642\u062a \u0627\u0644\u0642\u0631\u0627\u0621\u0629 \u0627\u0644\u0645\u064f\u0642\u062f\u0651\u0631":"\u062f\u0642\u064a\u0642\u062a\u0627\u0646"},"schema":{"@context":"https:\/\/schema.org","@graph":[{"@type":"Article","@id":"https:\/\/lequotidien.mr\/?p=21257&lang=fr#article","isPartOf":{"@id":"https:\/\/lequotidien.mr\/?p=21257&lang=fr"},"author":{"name":"Med Ahmed","@id":"https:\/\/lequotidien.mr\/#\/schema\/person\/d2d350202a4d599685ed8abc25f97596"},"headline":"Minist\u00e8re de la Culture : Des jalons importants vers des r\u00e9formes majeures dans le secteur des m\u00e9dias en Mauritanie","datePublished":"2024-09-15T11:32:19+00:00","mainEntityOfPage":{"@id":"https:\/\/lequotidien.mr\/?p=21257&lang=fr"},"wordCount":408,"commentCount":0,"publisher":{"@id":"https:\/\/lequotidien.mr\/#organization"},"image":{"@id":"https:\/\/lequotidien.mr\/?p=21257&lang=fr#primaryimage"},"thumbnailUrl":"https:\/\/lequotidien.mr\/wp-content\/uploads\/2024\/09\/photo-Medou.png","articleSection":["ACTUALIT\u00c9","Culture"],"inLanguage":"ar","potentialAction":[{"@type":"CommentAction","name":"Comment","target":["https:\/\/lequotidien.mr\/?p=21257&lang=fr#respond"]}]},{"@type":"WebPage","@id":"https:\/\/lequotidien.mr\/?p=21257&lang=fr","url":"https:\/\/lequotidien.mr\/?p=21257&lang=fr","name":"Minist\u00e8re de la Culture : Des jalons importants vers des r\u00e9formes majeures dans le secteur des m\u00e9dias en Mauritanie - Le Quotidien de Nouakchott","isPartOf":{"@id":"https:\/\/lequotidien.mr\/#website"},"primaryImageOfPage":{"@id":"https:\/\/lequotidien.mr\/?p=21257&lang=fr#primaryimage"},"image":{"@id":"https:\/\/lequotidien.mr\/?p=21257&lang=fr#primaryimage"},"thumbnailUrl":"https:\/\/lequotidien.mr\/wp-content\/uploads\/2024\/09\/photo-Medou.png","datePublished":"2024-09-15T11:32:19+00:00","breadcrumb":{"@id":"https:\/\/lequotidien.mr\/?p=21257&lang=fr#breadcrumb"},"inLanguage":"ar","potentialAction":[{"@type":"ReadAction","target":["https:\/\/lequotidien.mr\/?p=21257&lang=fr"]}]},{"@type":"ImageObject","inLanguage":"ar","@id":"https:\/\/lequotidien.mr\/?p=21257&lang=fr#primaryimage","url":"https:\/\/lequotidien.mr\/wp-content\/uploads\/2024\/09\/photo-Medou.png","contentUrl":"https:\/\/lequotidien.mr\/wp-content\/uploads\/2024\/09\/photo-Medou.png","width":282,"height":235},{"@type":"BreadcrumbList","@id":"https:\/\/lequotidien.mr\/?p=21257&lang=fr#breadcrumb","itemListElement":[{"@type":"ListItem","position":1,"name":"Home","item":"https:\/\/lequotidien.mr\/"},{"@type":"ListItem","position":2,"name":"Minist\u00e8re de la Culture : Des jalons importants vers des r\u00e9formes majeures dans le secteur des m\u00e9dias en Mauritanie"}]},{"@type":"WebSite","@id":"https:\/\/lequotidien.mr\/#website","url":"https:\/\/lequotidien.mr\/","name":"Le Quotidien de Nouakchott","description":"\u0625\u062e\u0628\u0627\u0631\u064a\u0629 \u0645\u0633\u062a\u0642\u0644\u0629 \u0644\u0644\u0623\u0646\u0628\u0627\u0621 \u0627\u0644\u0639\u0627\u0645\u0629","publisher":{"@id":"https:\/\/lequotidien.mr\/#organization"},"potentialAction":[{"@type":"SearchAction","target":{"@type":"EntryPoint","urlTemplate":"https:\/\/lequotidien.mr\/?s={search_term_string}"},"query-input":{"@type":"PropertyValueSpecification","valueRequired":true,"valueName":"search_term_string"}}],"inLanguage":"ar"},{"@type":"Organization","@id":"https:\/\/lequotidien.mr\/#organization","name":"Le Quotidien de Nouakchott","url":"https:\/\/lequotidien.mr\/","logo":{"@type":"ImageObject","inLanguage":"ar","@id":"https:\/\/lequotidien.mr\/#\/schema\/logo\/image\/","url":"https:\/\/lequotidien.mr\/wp-content\/uploads\/2022\/11\/logolequotidien.jpg","contentUrl":"https:\/\/lequotidien.mr\/wp-content\/uploads\/2022\/11\/logolequotidien.jpg","width":290,"height":65,"caption":"Le Quotidien de Nouakchott"},"image":{"@id":"https:\/\/lequotidien.mr\/#\/schema\/logo\/image\/"},"sameAs":["https:\/\/web.facebook.com\/lequotidienmr","https:\/\/x.com\/lequotidienmr"]},{"@type":"Person","@id":"https:\/\/lequotidien.mr\/#\/schema\/person\/d2d350202a4d599685ed8abc25f97596","name":"Med Ahmed","image":{"@type":"ImageObject","inLanguage":"ar","@id":"https:\/\/secure.gravatar.com\/avatar\/fd2acc62ed50732923d1d39c17172c9b04149f142be92310ecc69e1358f94b52?s=96&d=mm&r=g","url":"https:\/\/secure.gravatar.com\/avatar\/fd2acc62ed50732923d1d39c17172c9b04149f142be92310ecc69e1358f94b52?s=96&d=mm&r=g","contentUrl":"https:\/\/secure.gravatar.com\/avatar\/fd2acc62ed50732923d1d39c17172c9b04149f142be92310ecc69e1358f94b52?s=96&d=mm&r=g","caption":"Med Ahmed"},"url":"https:\/\/lequotidien.mr\/?author=12"}]}},"_links":{"self":[{"href":"https:\/\/lequotidien.mr\/index.php?rest_route=\/wp\/v2\/posts\/21257","targetHints":{"allow":["GET"]}}],"collection":[{"href":"https:\/\/lequotidien.mr\/index.php?rest_route=\/wp\/v2\/posts"}],"about":[{"href":"https:\/\/lequotidien.mr\/index.php?rest_route=\/wp\/v2\/types\/post"}],"author":[{"embeddable":true,"href":"https:\/\/lequotidien.mr\/index.php?rest_route=\/wp\/v2\/users\/12"}],"replies":[{"embeddable":true,"href":"https:\/\/lequotidien.mr\/index.php?rest_route=%2Fwp%2Fv2%2Fcomments&post=21257"}],"version-history":[{"count":1,"href":"https:\/\/lequotidien.mr\/index.php?rest_route=\/wp\/v2\/posts\/21257\/revisions"}],"predecessor-version":[{"id":21259,"href":"https:\/\/lequotidien.mr\/index.php?rest_route=\/wp\/v2\/posts\/21257\/revisions\/21259"}],"wp:featuredmedia":[{"embeddable":true,"href":"https:\/\/lequotidien.mr\/index.php?rest_route=\/wp\/v2\/media\/21258"}],"wp:attachment":[{"href":"https:\/\/lequotidien.mr\/index.php?rest_route=%2Fwp%2Fv2%2Fmedia&parent=21257"}],"wp:term":[{"taxonomy":"category","embeddable":true,"href":"https:\/\/lequotidien.mr\/index.php?rest_route=%2Fwp%2Fv2%2Fcategories&post=21257"},{"taxonomy":"post_tag","embeddable":true,"href":"https:\/\/lequotidien.mr\/index.php?rest_route=%2Fwp%2Fv2%2Ftags&post=21257"}],"curies":[{"name":"wp","href":"https:\/\/api.w.org\/{rel}","templated":true}]}}