{"id":21251,"date":"2024-09-14T23:10:05","date_gmt":"2024-09-14T23:10:05","guid":{"rendered":"https:\/\/lequotidien.mr\/?p=21251"},"modified":"2024-09-14T23:10:05","modified_gmt":"2024-09-14T23:10:05","slug":"ouverture-a-nouakchott-de-la-reunion-des-associations-africaines-et-arabes-et-de-la-federation-internationale-des-journalistes","status":"publish","type":"post","link":"https:\/\/lequotidien.mr\/?p=21251&lang=fr","title":{"rendered":"Ouverture \u00e0 Nouakchott de la r\u00e9union des Associations africaines et arabes et de la F\u00e9d\u00e9ration internationale des journalistes"},"content":{"rendered":"<p>Ce samedi, l&#8217;Acad\u00e9mie Diplomatique de Nouakchott a \u00e9t\u00e9 le th\u00e9\u00e2tre d&#8217;un \u00e9v\u00e9nement majeur pour le monde du journalisme. Le ministre de la Culture, des Arts, de la Communication et des Relations avec le Parlement, Porte-parole du gouvernement, El Houssein Medou, a pr\u00e9sid\u00e9 l&#8217;ouverture de la r\u00e9union de haut niveau des associations africaines et arabes ainsi que de la F\u00e9d\u00e9ration Internationale des Journalistes (FIJ). Cette rencontre, organis\u00e9e sous le haut patronage du Pr\u00e9sident de la R\u00e9publique, M. Mohamed Cheikh El Ghazouani, marque un tournant symbolique et pratique dans le domaine de la libert\u00e9 de la presse.<\/p>\n<p>Dans son allocution inaugurale, le ministre El Houssein Medou a soulign\u00e9 la signification particuli\u00e8re de ce forum international pour la Mauritanie. En choisissant Nouakchott comme h\u00f4te de cette r\u00e9union de haut niveau, il a mis en avant l\u2019importance de cette d\u00e9cision en tant que reconnaissance des avanc\u00e9es significatives de la Mauritanie dans le domaine de la libert\u00e9 de la presse. Le pays se distingue en occupant la premi\u00e8re place parmi les nations arabes et africaines, et la 33\u00e8me au niveau mondial, en mati\u00e8re de libert\u00e9 de la presse. Le ministre a \u00e9galement salu\u00e9 les syndicats mauritaniens qui ont r\u00e9alis\u00e9 des acquis notables sur le plan r\u00e9gional, t\u00e9moignant de la capacit\u00e9 du pays \u00e0 jouer un r\u00f4le encore plus crucial \u00e0 l&#8217;avenir.<\/p>\n<p>Le ministre a rappel\u00e9 l&#8217;initiative lanc\u00e9e il y a trois ans par le Pr\u00e9sident de la R\u00e9publique, visant \u00e0 r\u00e9former le secteur de la presse. Une commission de r\u00e9forme, compos\u00e9e de journalistes issus de divers horizons et g\u00e9n\u00e9rations, a \u00e9t\u00e9 constitu\u00e9e pour \u00e9valuer l&#8217;\u00e9tat actuel de la presse mauritanienne. Le rapport de cette commission a \u00e9t\u00e9 approuv\u00e9 par le gouvernement, qui a ensuite entam\u00e9 la mise en \u0153uvre de ses recommandations. Ces r\u00e9formes ont conduit \u00e0 une expansion des libert\u00e9s de presse et \u00e0 une am\u00e9lioration du cadre juridique r\u00e9gissant le domaine m\u00e9diatique, y compris la r\u00e9vision de la loi relative \u00e0 la cr\u00e9ation de la Haute Autorit\u00e9 de la Presse et de l\u2019Audiovisuel.<\/p>\n<p>Le pr\u00e9sident de l\u2019Association des Journalistes Mauritaniens, M. Moussa Behli, a exprim\u00e9 sa joie quant \u00e0 l\u2019organisation de ce forum en Mauritanie, soulignant les efforts d\u00e9ploy\u00e9s par les journalistes pour atteindre cette position de leader en mati\u00e8re de libert\u00e9 de la presse. Il a \u00e9galement salu\u00e9 les signaux positifs re\u00e7us du gouvernement mauritanien concernant la gestion des questions li\u00e9es \u00e0 la presse.<\/p>\n<p>De son c\u00f4t\u00e9, M. Anthony Belanger, secr\u00e9taire g\u00e9n\u00e9ral de la FIJ, a insist\u00e9 sur la n\u00e9cessit\u00e9 pour les journalistes de travailler de mani\u00e8re ind\u00e9pendante pour accomplir leur mission avec succ\u00e8s. Il a exprim\u00e9 son espoir que ce forum contribuera \u00e0 faire avancer ces enjeux cruciaux.<\/p>\n<p>Enfin, le pr\u00e9sident de la F\u00e9d\u00e9ration Africaine des Journalistes, Ousmane Oumar Farouk, a lou\u00e9 les efforts de la Mauritanie pour am\u00e9liorer les conditions de travail des journalistes, renforcer leurs droits et garantir une pleine libert\u00e9 d\u2019expression.<\/p>\n<p>Cette r\u00e9union internationale, en rassemblant les associations africaines et arabes ainsi que la FIJ, offre une plateforme pr\u00e9cieuse pour discuter des d\u00e9fis communs, partager des strat\u00e9gies et promouvoir une presse libre et ind\u00e9pendante. La Mauritanie, en tant qu&#8217;h\u00f4te de cet \u00e9v\u00e9nement, d\u00e9montre son engagement continu envers la libert\u00e9 de la presse et le soutien aux journalistes, consolidant ainsi sa position en tant que leader dans ce domaine crucial.<\/p>\n","protected":false},"excerpt":{"rendered":"<p>Ce samedi, l&#8217;Acad\u00e9mie Diplomatique de Nouakchott a \u00e9t\u00e9 le th\u00e9\u00e2tre d&#8217;un \u00e9v\u00e9nement majeur pour le monde du journalisme. Le ministre de la Culture, des Arts, de la Communication et des Relations avec le Parlement, Porte-parole du gouvernement, El Houssein Medou, a pr\u00e9sid\u00e9 l&#8217;ouverture de la r\u00e9union de haut niveau des associations africaines et arabes ainsi&#8230;..<\/p>\n","protected":false},"author":12,"featured_media":21252,"comment_status":"open","ping_status":"open","sticky":false,"template":"","format":"standard","meta":{"footnotes":""},"categories":[23,55],"tags":[],"class_list":["post-21251","post","type-post","status-publish","format-standard","has-post-thumbnail","hentry","category-actualite","category-culture"],"yoast_head":"<!-- This site is optimized with the Yoast SEO plugin v27.5 - https:\/\/yoast.com\/product\/yoast-seo-wordpress\/ -->\n<title>Ouverture \u00e0 Nouakchott de la r\u00e9union des Associations africaines et arabes et de la F\u00e9d\u00e9ration internationale des journalistes - Le Quotidien de Nouakchott<\/title>\n<meta name=\"robots\" content=\"index, follow, max-snippet:-1, max-image-preview:large, max-video-preview:-1\" \/>\n<link rel=\"canonical\" href=\"https:\/\/lequotidien.mr\/?p=21251&lang=fr\" \/>\n<meta property=\"og:locale\" content=\"ar_AR\" \/>\n<meta property=\"og:type\" content=\"article\" \/>\n<meta property=\"og:title\" content=\"Ouverture \u00e0 Nouakchott de la r\u00e9union des Associations africaines et arabes et de la F\u00e9d\u00e9ration internationale des journalistes - Le Quotidien de Nouakchott\" \/>\n<meta property=\"og:description\" content=\"Ce samedi, l&#8217;Acad\u00e9mie Diplomatique de Nouakchott a \u00e9t\u00e9 le th\u00e9\u00e2tre d&#8217;un \u00e9v\u00e9nement majeur pour le monde du journalisme. Le ministre de la Culture, des Arts, de la Communication et des Relations avec le Parlement, Porte-parole du gouvernement, El Houssein Medou, a pr\u00e9sid\u00e9 l&#8217;ouverture de la r\u00e9union de haut niveau des associations africaines et arabes ainsi.....\" \/>\n<meta property=\"og:url\" content=\"https:\/\/lequotidien.mr\/?p=21251&amp;lang=fr\" \/>\n<meta property=\"og:site_name\" content=\"Le Quotidien de Nouakchott\" \/>\n<meta property=\"article:publisher\" content=\"https:\/\/web.facebook.com\/lequotidienmr\" \/>\n<meta property=\"article:published_time\" content=\"2024-09-14T23:10:05+00:00\" \/>\n<meta property=\"og:image\" content=\"https:\/\/lequotidien.mr\/wp-content\/uploads\/2024\/09\/photo-Reunion-Presse.jpg\" \/>\n\t<meta property=\"og:image:width\" content=\"590\" \/>\n\t<meta property=\"og:image:height\" content=\"390\" \/>\n\t<meta property=\"og:image:type\" content=\"image\/jpeg\" \/>\n<meta name=\"author\" content=\"Med Ahmed\" \/>\n<meta name=\"twitter:card\" content=\"summary_large_image\" \/>\n<meta name=\"twitter:creator\" content=\"@lequotidienmr\" \/>\n<meta name=\"twitter:site\" content=\"@lequotidienmr\" \/>\n<meta name=\"twitter:label1\" content=\"\u0643\u064f\u062a\u0628 \u0628\u0648\u0627\u0633\u0637\u0629\" \/>\n\t<meta name=\"twitter:data1\" content=\"Med Ahmed\" \/>\n\t<meta name=\"twitter:label2\" content=\"\u0648\u0642\u062a \u0627\u0644\u0642\u0631\u0627\u0621\u0629 \u0627\u0644\u0645\u064f\u0642\u062f\u0651\u0631\" \/>\n\t<meta name=\"twitter:data2\" content=\"3 \u062f\u0642\u0627\u0626\u0642\" \/>\n<script type=\"application\/ld+json\" class=\"yoast-schema-graph\">{\"@context\":\"https:\\\/\\\/schema.org\",\"@graph\":[{\"@type\":\"Article\",\"@id\":\"https:\\\/\\\/lequotidien.mr\\\/?p=21251&lang=fr#article\",\"isPartOf\":{\"@id\":\"https:\\\/\\\/lequotidien.mr\\\/?p=21251&lang=fr\"},\"author\":{\"name\":\"Med Ahmed\",\"@id\":\"https:\\\/\\\/lequotidien.mr\\\/#\\\/schema\\\/person\\\/d2d350202a4d599685ed8abc25f97596\"},\"headline\":\"Ouverture \u00e0 Nouakchott de la r\u00e9union des Associations africaines et arabes et de la F\u00e9d\u00e9ration internationale des journalistes\",\"datePublished\":\"2024-09-14T23:10:05+00:00\",\"mainEntityOfPage\":{\"@id\":\"https:\\\/\\\/lequotidien.mr\\\/?p=21251&lang=fr\"},\"wordCount\":627,\"commentCount\":0,\"publisher\":{\"@id\":\"https:\\\/\\\/lequotidien.mr\\\/#organization\"},\"image\":{\"@id\":\"https:\\\/\\\/lequotidien.mr\\\/?p=21251&lang=fr#primaryimage\"},\"thumbnailUrl\":\"https:\\\/\\\/lequotidien.mr\\\/wp-content\\\/uploads\\\/2024\\\/09\\\/photo-Reunion-Presse.jpg\",\"articleSection\":[\"ACTUALIT\u00c9\",\"Culture\"],\"inLanguage\":\"ar\",\"potentialAction\":[{\"@type\":\"CommentAction\",\"name\":\"Comment\",\"target\":[\"https:\\\/\\\/lequotidien.mr\\\/?p=21251&lang=fr#respond\"]}]},{\"@type\":\"WebPage\",\"@id\":\"https:\\\/\\\/lequotidien.mr\\\/?p=21251&lang=fr\",\"url\":\"https:\\\/\\\/lequotidien.mr\\\/?p=21251&lang=fr\",\"name\":\"Ouverture \u00e0 Nouakchott de la r\u00e9union des Associations africaines et arabes et de la F\u00e9d\u00e9ration internationale des journalistes - Le Quotidien de Nouakchott\",\"isPartOf\":{\"@id\":\"https:\\\/\\\/lequotidien.mr\\\/#website\"},\"primaryImageOfPage\":{\"@id\":\"https:\\\/\\\/lequotidien.mr\\\/?p=21251&lang=fr#primaryimage\"},\"image\":{\"@id\":\"https:\\\/\\\/lequotidien.mr\\\/?p=21251&lang=fr#primaryimage\"},\"thumbnailUrl\":\"https:\\\/\\\/lequotidien.mr\\\/wp-content\\\/uploads\\\/2024\\\/09\\\/photo-Reunion-Presse.jpg\",\"datePublished\":\"2024-09-14T23:10:05+00:00\",\"breadcrumb\":{\"@id\":\"https:\\\/\\\/lequotidien.mr\\\/?p=21251&lang=fr#breadcrumb\"},\"inLanguage\":\"ar\",\"potentialAction\":[{\"@type\":\"ReadAction\",\"target\":[\"https:\\\/\\\/lequotidien.mr\\\/?p=21251&lang=fr\"]}]},{\"@type\":\"ImageObject\",\"inLanguage\":\"ar\",\"@id\":\"https:\\\/\\\/lequotidien.mr\\\/?p=21251&lang=fr#primaryimage\",\"url\":\"https:\\\/\\\/lequotidien.mr\\\/wp-content\\\/uploads\\\/2024\\\/09\\\/photo-Reunion-Presse.jpg\",\"contentUrl\":\"https:\\\/\\\/lequotidien.mr\\\/wp-content\\\/uploads\\\/2024\\\/09\\\/photo-Reunion-Presse.jpg\",\"width\":590,\"height\":390},{\"@type\":\"BreadcrumbList\",\"@id\":\"https:\\\/\\\/lequotidien.mr\\\/?p=21251&lang=fr#breadcrumb\",\"itemListElement\":[{\"@type\":\"ListItem\",\"position\":1,\"name\":\"Home\",\"item\":\"https:\\\/\\\/lequotidien.mr\\\/\"},{\"@type\":\"ListItem\",\"position\":2,\"name\":\"Ouverture \u00e0 Nouakchott de la r\u00e9union des Associations africaines et arabes et de la F\u00e9d\u00e9ration internationale des journalistes\"}]},{\"@type\":\"WebSite\",\"@id\":\"https:\\\/\\\/lequotidien.mr\\\/#website\",\"url\":\"https:\\\/\\\/lequotidien.mr\\\/\",\"name\":\"Le Quotidien de Nouakchott\",\"description\":\"\u0625\u062e\u0628\u0627\u0631\u064a\u0629 \u0645\u0633\u062a\u0642\u0644\u0629 \u0644\u0644\u0623\u0646\u0628\u0627\u0621 \u0627\u0644\u0639\u0627\u0645\u0629\",\"publisher\":{\"@id\":\"https:\\\/\\\/lequotidien.mr\\\/#organization\"},\"potentialAction\":[{\"@type\":\"SearchAction\",\"target\":{\"@type\":\"EntryPoint\",\"urlTemplate\":\"https:\\\/\\\/lequotidien.mr\\\/?s={search_term_string}\"},\"query-input\":{\"@type\":\"PropertyValueSpecification\",\"valueRequired\":true,\"valueName\":\"search_term_string\"}}],\"inLanguage\":\"ar\"},{\"@type\":\"Organization\",\"@id\":\"https:\\\/\\\/lequotidien.mr\\\/#organization\",\"name\":\"Le Quotidien de Nouakchott\",\"url\":\"https:\\\/\\\/lequotidien.mr\\\/\",\"logo\":{\"@type\":\"ImageObject\",\"inLanguage\":\"ar\",\"@id\":\"https:\\\/\\\/lequotidien.mr\\\/#\\\/schema\\\/logo\\\/image\\\/\",\"url\":\"https:\\\/\\\/lequotidien.mr\\\/wp-content\\\/uploads\\\/2022\\\/11\\\/logolequotidien.jpg\",\"contentUrl\":\"https:\\\/\\\/lequotidien.mr\\\/wp-content\\\/uploads\\\/2022\\\/11\\\/logolequotidien.jpg\",\"width\":290,\"height\":65,\"caption\":\"Le Quotidien de Nouakchott\"},\"image\":{\"@id\":\"https:\\\/\\\/lequotidien.mr\\\/#\\\/schema\\\/logo\\\/image\\\/\"},\"sameAs\":[\"https:\\\/\\\/web.facebook.com\\\/lequotidienmr\",\"https:\\\/\\\/x.com\\\/lequotidienmr\"]},{\"@type\":\"Person\",\"@id\":\"https:\\\/\\\/lequotidien.mr\\\/#\\\/schema\\\/person\\\/d2d350202a4d599685ed8abc25f97596\",\"name\":\"Med Ahmed\",\"image\":{\"@type\":\"ImageObject\",\"inLanguage\":\"ar\",\"@id\":\"https:\\\/\\\/secure.gravatar.com\\\/avatar\\\/fd2acc62ed50732923d1d39c17172c9b04149f142be92310ecc69e1358f94b52?s=96&d=mm&r=g\",\"url\":\"https:\\\/\\\/secure.gravatar.com\\\/avatar\\\/fd2acc62ed50732923d1d39c17172c9b04149f142be92310ecc69e1358f94b52?s=96&d=mm&r=g\",\"contentUrl\":\"https:\\\/\\\/secure.gravatar.com\\\/avatar\\\/fd2acc62ed50732923d1d39c17172c9b04149f142be92310ecc69e1358f94b52?s=96&d=mm&r=g\",\"caption\":\"Med Ahmed\"},\"url\":\"https:\\\/\\\/lequotidien.mr\\\/?author=12\"}]}<\/script>\n<!-- \/ Yoast SEO plugin. -->","yoast_head_json":{"title":"Ouverture \u00e0 Nouakchott de la r\u00e9union des Associations africaines et arabes et de la F\u00e9d\u00e9ration internationale des journalistes - Le Quotidien de Nouakchott","robots":{"index":"index","follow":"follow","max-snippet":"max-snippet:-1","max-image-preview":"max-image-preview:large","max-video-preview":"max-video-preview:-1"},"canonical":"https:\/\/lequotidien.mr\/?p=21251&lang=fr","og_locale":"ar_AR","og_type":"article","og_title":"Ouverture \u00e0 Nouakchott de la r\u00e9union des Associations africaines et arabes et de la F\u00e9d\u00e9ration internationale des journalistes - Le Quotidien de Nouakchott","og_description":"Ce samedi, l&#8217;Acad\u00e9mie Diplomatique de Nouakchott a \u00e9t\u00e9 le th\u00e9\u00e2tre d&#8217;un \u00e9v\u00e9nement majeur pour le monde du journalisme. Le ministre de la Culture, des Arts, de la Communication et des Relations avec le Parlement, Porte-parole du gouvernement, El Houssein Medou, a pr\u00e9sid\u00e9 l&#8217;ouverture de la r\u00e9union de haut niveau des associations africaines et arabes ainsi.....","og_url":"https:\/\/lequotidien.mr\/?p=21251&lang=fr","og_site_name":"Le Quotidien de Nouakchott","article_publisher":"https:\/\/web.facebook.com\/lequotidienmr","article_published_time":"2024-09-14T23:10:05+00:00","og_image":[{"width":590,"height":390,"url":"https:\/\/lequotidien.mr\/wp-content\/uploads\/2024\/09\/photo-Reunion-Presse.jpg","type":"image\/jpeg"}],"author":"Med Ahmed","twitter_card":"summary_large_image","twitter_creator":"@lequotidienmr","twitter_site":"@lequotidienmr","twitter_misc":{"\u0643\u064f\u062a\u0628 \u0628\u0648\u0627\u0633\u0637\u0629":"Med Ahmed","\u0648\u0642\u062a \u0627\u0644\u0642\u0631\u0627\u0621\u0629 \u0627\u0644\u0645\u064f\u0642\u062f\u0651\u0631":"3 \u062f\u0642\u0627\u0626\u0642"},"schema":{"@context":"https:\/\/schema.org","@graph":[{"@type":"Article","@id":"https:\/\/lequotidien.mr\/?p=21251&lang=fr#article","isPartOf":{"@id":"https:\/\/lequotidien.mr\/?p=21251&lang=fr"},"author":{"name":"Med Ahmed","@id":"https:\/\/lequotidien.mr\/#\/schema\/person\/d2d350202a4d599685ed8abc25f97596"},"headline":"Ouverture \u00e0 Nouakchott de la r\u00e9union des Associations africaines et arabes et de la F\u00e9d\u00e9ration internationale des journalistes","datePublished":"2024-09-14T23:10:05+00:00","mainEntityOfPage":{"@id":"https:\/\/lequotidien.mr\/?p=21251&lang=fr"},"wordCount":627,"commentCount":0,"publisher":{"@id":"https:\/\/lequotidien.mr\/#organization"},"image":{"@id":"https:\/\/lequotidien.mr\/?p=21251&lang=fr#primaryimage"},"thumbnailUrl":"https:\/\/lequotidien.mr\/wp-content\/uploads\/2024\/09\/photo-Reunion-Presse.jpg","articleSection":["ACTUALIT\u00c9","Culture"],"inLanguage":"ar","potentialAction":[{"@type":"CommentAction","name":"Comment","target":["https:\/\/lequotidien.mr\/?p=21251&lang=fr#respond"]}]},{"@type":"WebPage","@id":"https:\/\/lequotidien.mr\/?p=21251&lang=fr","url":"https:\/\/lequotidien.mr\/?p=21251&lang=fr","name":"Ouverture \u00e0 Nouakchott de la r\u00e9union des Associations africaines et arabes et de la F\u00e9d\u00e9ration internationale des journalistes - Le Quotidien de Nouakchott","isPartOf":{"@id":"https:\/\/lequotidien.mr\/#website"},"primaryImageOfPage":{"@id":"https:\/\/lequotidien.mr\/?p=21251&lang=fr#primaryimage"},"image":{"@id":"https:\/\/lequotidien.mr\/?p=21251&lang=fr#primaryimage"},"thumbnailUrl":"https:\/\/lequotidien.mr\/wp-content\/uploads\/2024\/09\/photo-Reunion-Presse.jpg","datePublished":"2024-09-14T23:10:05+00:00","breadcrumb":{"@id":"https:\/\/lequotidien.mr\/?p=21251&lang=fr#breadcrumb"},"inLanguage":"ar","potentialAction":[{"@type":"ReadAction","target":["https:\/\/lequotidien.mr\/?p=21251&lang=fr"]}]},{"@type":"ImageObject","inLanguage":"ar","@id":"https:\/\/lequotidien.mr\/?p=21251&lang=fr#primaryimage","url":"https:\/\/lequotidien.mr\/wp-content\/uploads\/2024\/09\/photo-Reunion-Presse.jpg","contentUrl":"https:\/\/lequotidien.mr\/wp-content\/uploads\/2024\/09\/photo-Reunion-Presse.jpg","width":590,"height":390},{"@type":"BreadcrumbList","@id":"https:\/\/lequotidien.mr\/?p=21251&lang=fr#breadcrumb","itemListElement":[{"@type":"ListItem","position":1,"name":"Home","item":"https:\/\/lequotidien.mr\/"},{"@type":"ListItem","position":2,"name":"Ouverture \u00e0 Nouakchott de la r\u00e9union des Associations africaines et arabes et de la F\u00e9d\u00e9ration internationale des journalistes"}]},{"@type":"WebSite","@id":"https:\/\/lequotidien.mr\/#website","url":"https:\/\/lequotidien.mr\/","name":"Le Quotidien de Nouakchott","description":"\u0625\u062e\u0628\u0627\u0631\u064a\u0629 \u0645\u0633\u062a\u0642\u0644\u0629 \u0644\u0644\u0623\u0646\u0628\u0627\u0621 \u0627\u0644\u0639\u0627\u0645\u0629","publisher":{"@id":"https:\/\/lequotidien.mr\/#organization"},"potentialAction":[{"@type":"SearchAction","target":{"@type":"EntryPoint","urlTemplate":"https:\/\/lequotidien.mr\/?s={search_term_string}"},"query-input":{"@type":"PropertyValueSpecification","valueRequired":true,"valueName":"search_term_string"}}],"inLanguage":"ar"},{"@type":"Organization","@id":"https:\/\/lequotidien.mr\/#organization","name":"Le Quotidien de Nouakchott","url":"https:\/\/lequotidien.mr\/","logo":{"@type":"ImageObject","inLanguage":"ar","@id":"https:\/\/lequotidien.mr\/#\/schema\/logo\/image\/","url":"https:\/\/lequotidien.mr\/wp-content\/uploads\/2022\/11\/logolequotidien.jpg","contentUrl":"https:\/\/lequotidien.mr\/wp-content\/uploads\/2022\/11\/logolequotidien.jpg","width":290,"height":65,"caption":"Le Quotidien de Nouakchott"},"image":{"@id":"https:\/\/lequotidien.mr\/#\/schema\/logo\/image\/"},"sameAs":["https:\/\/web.facebook.com\/lequotidienmr","https:\/\/x.com\/lequotidienmr"]},{"@type":"Person","@id":"https:\/\/lequotidien.mr\/#\/schema\/person\/d2d350202a4d599685ed8abc25f97596","name":"Med Ahmed","image":{"@type":"ImageObject","inLanguage":"ar","@id":"https:\/\/secure.gravatar.com\/avatar\/fd2acc62ed50732923d1d39c17172c9b04149f142be92310ecc69e1358f94b52?s=96&d=mm&r=g","url":"https:\/\/secure.gravatar.com\/avatar\/fd2acc62ed50732923d1d39c17172c9b04149f142be92310ecc69e1358f94b52?s=96&d=mm&r=g","contentUrl":"https:\/\/secure.gravatar.com\/avatar\/fd2acc62ed50732923d1d39c17172c9b04149f142be92310ecc69e1358f94b52?s=96&d=mm&r=g","caption":"Med Ahmed"},"url":"https:\/\/lequotidien.mr\/?author=12"}]}},"_links":{"self":[{"href":"https:\/\/lequotidien.mr\/index.php?rest_route=\/wp\/v2\/posts\/21251","targetHints":{"allow":["GET"]}}],"collection":[{"href":"https:\/\/lequotidien.mr\/index.php?rest_route=\/wp\/v2\/posts"}],"about":[{"href":"https:\/\/lequotidien.mr\/index.php?rest_route=\/wp\/v2\/types\/post"}],"author":[{"embeddable":true,"href":"https:\/\/lequotidien.mr\/index.php?rest_route=\/wp\/v2\/users\/12"}],"replies":[{"embeddable":true,"href":"https:\/\/lequotidien.mr\/index.php?rest_route=%2Fwp%2Fv2%2Fcomments&post=21251"}],"version-history":[{"count":1,"href":"https:\/\/lequotidien.mr\/index.php?rest_route=\/wp\/v2\/posts\/21251\/revisions"}],"predecessor-version":[{"id":21253,"href":"https:\/\/lequotidien.mr\/index.php?rest_route=\/wp\/v2\/posts\/21251\/revisions\/21253"}],"wp:featuredmedia":[{"embeddable":true,"href":"https:\/\/lequotidien.mr\/index.php?rest_route=\/wp\/v2\/media\/21252"}],"wp:attachment":[{"href":"https:\/\/lequotidien.mr\/index.php?rest_route=%2Fwp%2Fv2%2Fmedia&parent=21251"}],"wp:term":[{"taxonomy":"category","embeddable":true,"href":"https:\/\/lequotidien.mr\/index.php?rest_route=%2Fwp%2Fv2%2Fcategories&post=21251"},{"taxonomy":"post_tag","embeddable":true,"href":"https:\/\/lequotidien.mr\/index.php?rest_route=%2Fwp%2Fv2%2Ftags&post=21251"}],"curies":[{"name":"wp","href":"https:\/\/api.w.org\/{rel}","templated":true}]}}