{"id":21234,"date":"2024-09-14T12:56:27","date_gmt":"2024-09-14T12:56:27","guid":{"rendered":"https:\/\/lequotidien.mr\/?p=21234"},"modified":"2024-09-14T12:56:27","modified_gmt":"2024-09-14T12:56:27","slug":"le-naturaliste-kummer-devant-le-roi-zaid-un-chef-doeuvre-de-gericault-de-retour-sur-les-terre-de-son-inspiration","status":"publish","type":"post","link":"https:\/\/lequotidien.mr\/?p=21234&lang=fr","title":{"rendered":"\u00ab Le Naturaliste Kummer devant le Roi Zaid \u00bb un chef-d\u2019\u0153uvre de G\u00e9ricault, de retour sur les terre de son inspiration"},"content":{"rendered":"<p>Le mercredi 11 septembre 2024, une date d\u00e9sormais historique pour la Mauritanie, a vu l\u2019arriv\u00e9e sur le sol mauritanien d\u2019un tr\u00e9sor artistique de port\u00e9e mondiale : \u00ab\u00a0Le Naturaliste Kummer devant le Roi Zaid\u00a0\u00bb, une aquarelle de Th\u00e9odore G\u00e9ricault. Cette acquisition pr\u00e9cieuse a \u00e9t\u00e9 rendue possible gr\u00e2ce \u00e0 l\u2019homme d\u2019affaires et m\u00e9c\u00e8ne Mohamed Mahmoud Ould Lekhal, dit Meyloud, et a \u00e9t\u00e9 c\u00e9l\u00e9br\u00e9e lors d\u2019une exposition pr\u00e9sentation organis\u00e9e sous l\u2019\u00e9gide du Minist\u00e8re de la Culture, des Arts, de la Communication et des Relations avec le Parlement, en partenariat avec l\u2019Acad\u00e9mie Diplomatique de Mauritanie.<\/p>\n<p>L\u2019\u0153uvre, t\u00e9moin d\u2019un \u00e9pisode m\u00e9connu de l\u2019histoire mauritanienne, illustre une rencontre entre le naturaliste allemand Kummer et l\u2019\u00e9mir Zaid de l\u2019\u00c9mirat du Trarza, au d\u00e9but du XIXe si\u00e8cle. Cet \u00e9v\u00e9nement culturel est bien plus qu\u2019une simple exposition : il marque une \u00e9tape importante dans la r\u00e9appropriation du patrimoine mauritanien, avec un geste audacieux qui replace la Mauritanie au centre de la sc\u00e8ne culturelle mondiale.<\/p>\n<p>La c\u00e9r\u00e9monie qui a suivi l\u2019inauguration a r\u00e9uni une foule compos\u00e9e de diplomates, de chercheurs et d\u2019amateurs d\u2019art. Le discours de Mohamed Mahmoud Ould Lekhal a \u00e9t\u00e9 particuli\u00e8rement \u00e9mouvant. Il y a \u00e9voqu\u00e9 son attachement \u00e0 l\u2019histoire et \u00e0 la culture de son pays, un int\u00e9r\u00eat h\u00e9rit\u00e9 de son oncle, Mohamed Sa\u00efd Ould Hamody, une figure embl\u00e9matique de la diplomatie et de la litt\u00e9rature mauritanienne.<\/p>\n<p>&#8220;L\u2019acquisition de cette \u0153uvre n\u2019est pas seulement un retour aux sources, mais aussi un appel \u00e0 la r\u00e9appropriation de notre histoire,&#8221; a-t-il d\u00e9clar\u00e9 avec conviction, mettant en avant l\u2019importance de pr\u00e9server et de valoriser le patrimoine national pour les g\u00e9n\u00e9rations futures.<\/p>\n<p>Le parcours de \u00ab\u00a0Le Naturaliste Kummer devant le Roi Zaid\u00a0\u00bb est aussi riche que son contenu historique. Cr\u00e9\u00e9e au d\u00e9but du XIXe si\u00e8cle par le c\u00e9l\u00e8bre Th\u00e9odore G\u00e9ricault, connu pour \u00ab\u00a0Le Radeau de la M\u00e9duse\u00a0\u00bb, cette aquarelle est un joyau artistique de dimensions modestes (11 x 16,8 cm) qui a travers\u00e9 plusieurs \u00e9poques et propri\u00e9taires avant d\u2019\u00eatre rapatri\u00e9e en Mauritanie. Apr\u00e8s avoir appartenu \u00e0 divers collectionneurs \u00e0 Paris, elle fut mise aux ench\u00e8res \u00e0 Fontainebleau en 2024aupr\u00e8s de la maison Osenat. Bien que la vente n&#8217;ait pas abouti, Mohamed Mahmoud Ould Lekhal a saisi l\u2019occasion pour acqu\u00e9rir l\u2019\u0153uvre de mani\u00e8re priv\u00e9e, permettant ainsi \u00e0 ce tr\u00e9sor de retourner sur ses terres d\u2019inspiration et de sujet.<\/p>\n<p>Cet \u00e9v\u00e9nement s\u2019inscrit dans la continuit\u00e9 des initiatives de Mohamed Mahmoud Ould Lekhal en faveur de la pr\u00e9servation du patrimoine. En tant que pr\u00e9sident d\u2019une association pour la protection du patrimoine de l\u2019Adrar, il a lanc\u00e9 plusieurs projets visant \u00e0 sauvegarder les vestiges culturels menac\u00e9s. Pour lui, la culture est un levier essentiel pour le d\u00e9veloppement \u00e9conomique et social. &#8220;Elle peut transformer nos soci\u00e9t\u00e9s, lutter contre la pauvret\u00e9 et promouvoir l\u2019inclusion sociale,&#8221; a-t-il affirm\u00e9, soulignant l\u2019importance de prot\u00e9ger l\u2019h\u00e9ritage national en tant que socle du d\u00e9veloppement futur.<\/p>\n<p>Le ministre de la Culture, Hussein Ould Meddou, a \u00e9galement pris la parole pour saluer cette initiative et souligner l\u2019importance de l\u2019\u0153uvre. Dans son discours, il a d\u00e9clar\u00e9 :<\/p>\n<p>Que cet \u00e9v\u00e9nement s\u2019inscrit dans le cadre de notre diplomatie culturelle, une d\u00e9marche qui vise \u00e0 restaurer le rayonnement de la Mauritanie en tant que centre culturel et de transmission des savoirs. Cette \u0153uvre, datant de plus de deux si\u00e8cles, repr\u00e9sente une partie importante de notre histoire nationale. Elle nous rappelle les comp\u00e9tences de nos anc\u00eatres dans l\u2019art de la cartographie et leur compr\u00e9hension des grands enjeux g\u00e9opolitiques mondiaux de l\u2019\u00e9poque.<\/p>\n<p>Le ministre a rappel\u00e9 l\u2019importance de la culture dans le programme gouvernemental et les efforts d\u00e9ploy\u00e9s pour rapatrier les pi\u00e8ces du patrimoine mauritanien dispers\u00e9es dans le monde. Il a rendu hommage \u00e0 Mohamed Mahmoud Ould Lekhal pour son m\u00e9c\u00e9nat et au chercheur Sid Ahmed Ould L\u2019\u00e9mir, qui a contribu\u00e9 \u00e0 la red\u00e9couverte de cette \u0153uvre d\u2019art.<\/p>\n<p>Pour conclure la c\u00e9r\u00e9monie, Mohamed Mahmoud Ould Lekhal a appel\u00e9 les pouvoirs publics et les acteurs \u00e9conomiques \u00e0 placer la culture au centre des politiques de d\u00e9veloppement :<\/p>\n<p>&#8220;La culture n\u2019est pas un luxe, c\u2019est une n\u00e9cessit\u00e9. Elle est la cl\u00e9 de notre avenir collectif. En nous tournant vers notre pass\u00e9, nous pouvons construire un avenir prosp\u00e8re et solide.&#8221;<\/p>\n<p>Gr\u00e2ce \u00e0 ce geste, Meyloud a permis de redonner vie \u00e0 un chapitre oubli\u00e9 de l\u2019histoire mauritanienne. Cette arriv\u00e9e d\u2019une \u0153uvre d\u2019art d\u2019une telle importance est bien plus qu\u2019une victoire culturelle : c\u2019est une affirmation de la place cruciale de la culture dans la consolidation de l\u2019identit\u00e9 nationale mauritanienne.<\/p>\n<p>&nbsp;<\/p>\n<p>&nbsp;<\/p>\n","protected":false},"excerpt":{"rendered":"<p>Le mercredi 11 septembre 2024, une date d\u00e9sormais historique pour la Mauritanie, a vu l\u2019arriv\u00e9e sur le sol mauritanien d\u2019un tr\u00e9sor artistique de port\u00e9e mondiale : \u00ab\u00a0Le Naturaliste Kummer devant le Roi Zaid\u00a0\u00bb, une aquarelle de Th\u00e9odore G\u00e9ricault. Cette acquisition pr\u00e9cieuse a \u00e9t\u00e9 rendue possible gr\u00e2ce \u00e0 l\u2019homme d\u2019affaires et m\u00e9c\u00e8ne Mohamed Mahmoud Ould Lekhal,&#8230;..<\/p>\n","protected":false},"author":4,"featured_media":21235,"comment_status":"open","ping_status":"open","sticky":false,"template":"","format":"standard","meta":{"footnotes":""},"categories":[55,57],"tags":[],"class_list":["post-21234","post","type-post","status-publish","format-standard","has-post-thumbnail","hentry","category-culture","category-couverture-specilale"],"yoast_head":"<!-- This site is optimized with the Yoast SEO plugin v27.5 - https:\/\/yoast.com\/product\/yoast-seo-wordpress\/ -->\n<title>\u00ab Le Naturaliste Kummer devant le Roi Zaid \u00bb un chef-d\u2019\u0153uvre de G\u00e9ricault, de retour sur les terre de son inspiration - Le Quotidien de Nouakchott<\/title>\n<meta name=\"robots\" content=\"index, follow, max-snippet:-1, max-image-preview:large, max-video-preview:-1\" \/>\n<link rel=\"canonical\" href=\"https:\/\/lequotidien.mr\/?p=21234&lang=fr\" \/>\n<meta property=\"og:locale\" content=\"ar_AR\" \/>\n<meta property=\"og:type\" content=\"article\" \/>\n<meta property=\"og:title\" content=\"\u00ab Le Naturaliste Kummer devant le Roi Zaid \u00bb un chef-d\u2019\u0153uvre de G\u00e9ricault, de retour sur les terre de son inspiration - Le Quotidien de Nouakchott\" \/>\n<meta property=\"og:description\" content=\"Le mercredi 11 septembre 2024, une date d\u00e9sormais historique pour la Mauritanie, a vu l\u2019arriv\u00e9e sur le sol mauritanien d\u2019un tr\u00e9sor artistique de port\u00e9e mondiale : \u00ab\u00a0Le Naturaliste Kummer devant le Roi Zaid\u00a0\u00bb, une aquarelle de Th\u00e9odore G\u00e9ricault. Cette acquisition pr\u00e9cieuse a \u00e9t\u00e9 rendue possible gr\u00e2ce \u00e0 l\u2019homme d\u2019affaires et m\u00e9c\u00e8ne Mohamed Mahmoud Ould Lekhal,.....\" \/>\n<meta property=\"og:url\" content=\"https:\/\/lequotidien.mr\/?p=21234&amp;lang=fr\" \/>\n<meta property=\"og:site_name\" content=\"Le Quotidien de Nouakchott\" \/>\n<meta property=\"article:publisher\" content=\"https:\/\/web.facebook.com\/lequotidienmr\" \/>\n<meta property=\"article:published_time\" content=\"2024-09-14T12:56:27+00:00\" \/>\n<meta property=\"og:image\" content=\"https:\/\/lequotidien.mr\/wp-content\/uploads\/2024\/09\/80797.jpg\" \/>\n\t<meta property=\"og:image:width\" content=\"1599\" \/>\n\t<meta property=\"og:image:height\" content=\"1301\" \/>\n\t<meta property=\"og:image:type\" content=\"image\/jpeg\" \/>\n<meta name=\"author\" content=\"Le Quotidien\" \/>\n<meta name=\"twitter:card\" content=\"summary_large_image\" \/>\n<meta name=\"twitter:creator\" content=\"@lequotidienmr\" \/>\n<meta name=\"twitter:site\" content=\"@lequotidienmr\" \/>\n<meta name=\"twitter:label1\" content=\"\u0643\u064f\u062a\u0628 \u0628\u0648\u0627\u0633\u0637\u0629\" \/>\n\t<meta name=\"twitter:data1\" content=\"Le Quotidien\" \/>\n\t<meta name=\"twitter:label2\" content=\"\u0648\u0642\u062a \u0627\u0644\u0642\u0631\u0627\u0621\u0629 \u0627\u0644\u0645\u064f\u0642\u062f\u0651\u0631\" \/>\n\t<meta name=\"twitter:data2\" content=\"4 \u062f\u0642\u0627\u0626\u0642\" \/>\n<script type=\"application\/ld+json\" class=\"yoast-schema-graph\">{\"@context\":\"https:\\\/\\\/schema.org\",\"@graph\":[{\"@type\":\"Article\",\"@id\":\"https:\\\/\\\/lequotidien.mr\\\/?p=21234&lang=fr#article\",\"isPartOf\":{\"@id\":\"https:\\\/\\\/lequotidien.mr\\\/?p=21234&lang=fr\"},\"author\":{\"name\":\"Le Quotidien\",\"@id\":\"https:\\\/\\\/lequotidien.mr\\\/#\\\/schema\\\/person\\\/f90fcdaa970c60288de4ed2e64a56472\"},\"headline\":\"\u00ab Le Naturaliste Kummer devant le Roi Zaid \u00bb un chef-d\u2019\u0153uvre de G\u00e9ricault, de retour sur les terre de son inspiration\",\"datePublished\":\"2024-09-14T12:56:27+00:00\",\"mainEntityOfPage\":{\"@id\":\"https:\\\/\\\/lequotidien.mr\\\/?p=21234&lang=fr\"},\"wordCount\":864,\"commentCount\":0,\"publisher\":{\"@id\":\"https:\\\/\\\/lequotidien.mr\\\/#organization\"},\"image\":{\"@id\":\"https:\\\/\\\/lequotidien.mr\\\/?p=21234&lang=fr#primaryimage\"},\"thumbnailUrl\":\"https:\\\/\\\/lequotidien.mr\\\/wp-content\\\/uploads\\\/2024\\\/09\\\/80797.jpg\",\"articleSection\":[\"Culture\",\"Couverture sp\u00e9cilale\"],\"inLanguage\":\"ar\",\"potentialAction\":[{\"@type\":\"CommentAction\",\"name\":\"Comment\",\"target\":[\"https:\\\/\\\/lequotidien.mr\\\/?p=21234&lang=fr#respond\"]}]},{\"@type\":\"WebPage\",\"@id\":\"https:\\\/\\\/lequotidien.mr\\\/?p=21234&lang=fr\",\"url\":\"https:\\\/\\\/lequotidien.mr\\\/?p=21234&lang=fr\",\"name\":\"\u00ab Le Naturaliste Kummer devant le Roi Zaid \u00bb un chef-d\u2019\u0153uvre de G\u00e9ricault, de retour sur les terre de son inspiration - Le Quotidien de Nouakchott\",\"isPartOf\":{\"@id\":\"https:\\\/\\\/lequotidien.mr\\\/#website\"},\"primaryImageOfPage\":{\"@id\":\"https:\\\/\\\/lequotidien.mr\\\/?p=21234&lang=fr#primaryimage\"},\"image\":{\"@id\":\"https:\\\/\\\/lequotidien.mr\\\/?p=21234&lang=fr#primaryimage\"},\"thumbnailUrl\":\"https:\\\/\\\/lequotidien.mr\\\/wp-content\\\/uploads\\\/2024\\\/09\\\/80797.jpg\",\"datePublished\":\"2024-09-14T12:56:27+00:00\",\"breadcrumb\":{\"@id\":\"https:\\\/\\\/lequotidien.mr\\\/?p=21234&lang=fr#breadcrumb\"},\"inLanguage\":\"ar\",\"potentialAction\":[{\"@type\":\"ReadAction\",\"target\":[\"https:\\\/\\\/lequotidien.mr\\\/?p=21234&lang=fr\"]}]},{\"@type\":\"ImageObject\",\"inLanguage\":\"ar\",\"@id\":\"https:\\\/\\\/lequotidien.mr\\\/?p=21234&lang=fr#primaryimage\",\"url\":\"https:\\\/\\\/lequotidien.mr\\\/wp-content\\\/uploads\\\/2024\\\/09\\\/80797.jpg\",\"contentUrl\":\"https:\\\/\\\/lequotidien.mr\\\/wp-content\\\/uploads\\\/2024\\\/09\\\/80797.jpg\",\"width\":1599,\"height\":1301},{\"@type\":\"BreadcrumbList\",\"@id\":\"https:\\\/\\\/lequotidien.mr\\\/?p=21234&lang=fr#breadcrumb\",\"itemListElement\":[{\"@type\":\"ListItem\",\"position\":1,\"name\":\"Home\",\"item\":\"https:\\\/\\\/lequotidien.mr\\\/\"},{\"@type\":\"ListItem\",\"position\":2,\"name\":\"\u00ab Le Naturaliste Kummer devant le Roi Zaid \u00bb un chef-d\u2019\u0153uvre de G\u00e9ricault, de retour sur les terre de son inspiration\"}]},{\"@type\":\"WebSite\",\"@id\":\"https:\\\/\\\/lequotidien.mr\\\/#website\",\"url\":\"https:\\\/\\\/lequotidien.mr\\\/\",\"name\":\"Le Quotidien de Nouakchott\",\"description\":\"\u0625\u062e\u0628\u0627\u0631\u064a\u0629 \u0645\u0633\u062a\u0642\u0644\u0629 \u0644\u0644\u0623\u0646\u0628\u0627\u0621 \u0627\u0644\u0639\u0627\u0645\u0629\",\"publisher\":{\"@id\":\"https:\\\/\\\/lequotidien.mr\\\/#organization\"},\"potentialAction\":[{\"@type\":\"SearchAction\",\"target\":{\"@type\":\"EntryPoint\",\"urlTemplate\":\"https:\\\/\\\/lequotidien.mr\\\/?s={search_term_string}\"},\"query-input\":{\"@type\":\"PropertyValueSpecification\",\"valueRequired\":true,\"valueName\":\"search_term_string\"}}],\"inLanguage\":\"ar\"},{\"@type\":\"Organization\",\"@id\":\"https:\\\/\\\/lequotidien.mr\\\/#organization\",\"name\":\"Le Quotidien de Nouakchott\",\"url\":\"https:\\\/\\\/lequotidien.mr\\\/\",\"logo\":{\"@type\":\"ImageObject\",\"inLanguage\":\"ar\",\"@id\":\"https:\\\/\\\/lequotidien.mr\\\/#\\\/schema\\\/logo\\\/image\\\/\",\"url\":\"https:\\\/\\\/lequotidien.mr\\\/wp-content\\\/uploads\\\/2022\\\/11\\\/logolequotidien.jpg\",\"contentUrl\":\"https:\\\/\\\/lequotidien.mr\\\/wp-content\\\/uploads\\\/2022\\\/11\\\/logolequotidien.jpg\",\"width\":290,\"height\":65,\"caption\":\"Le Quotidien de Nouakchott\"},\"image\":{\"@id\":\"https:\\\/\\\/lequotidien.mr\\\/#\\\/schema\\\/logo\\\/image\\\/\"},\"sameAs\":[\"https:\\\/\\\/web.facebook.com\\\/lequotidienmr\",\"https:\\\/\\\/x.com\\\/lequotidienmr\"]},{\"@type\":\"Person\",\"@id\":\"https:\\\/\\\/lequotidien.mr\\\/#\\\/schema\\\/person\\\/f90fcdaa970c60288de4ed2e64a56472\",\"name\":\"Le Quotidien\",\"image\":{\"@type\":\"ImageObject\",\"inLanguage\":\"ar\",\"@id\":\"https:\\\/\\\/secure.gravatar.com\\\/avatar\\\/374cb39a1a458a912465a93e5a3ce6546886fc3da809a1f10c63e4e8fcbca30f?s=96&d=mm&r=g\",\"url\":\"https:\\\/\\\/secure.gravatar.com\\\/avatar\\\/374cb39a1a458a912465a93e5a3ce6546886fc3da809a1f10c63e4e8fcbca30f?s=96&d=mm&r=g\",\"contentUrl\":\"https:\\\/\\\/secure.gravatar.com\\\/avatar\\\/374cb39a1a458a912465a93e5a3ce6546886fc3da809a1f10c63e4e8fcbca30f?s=96&d=mm&r=g\",\"caption\":\"Le Quotidien\"},\"sameAs\":[\"https:\\\/\\\/lequotidien.mr\\\/\"],\"url\":\"https:\\\/\\\/lequotidien.mr\\\/?author=4\"}]}<\/script>\n<!-- \/ Yoast SEO plugin. -->","yoast_head_json":{"title":"\u00ab Le Naturaliste Kummer devant le Roi Zaid \u00bb un chef-d\u2019\u0153uvre de G\u00e9ricault, de retour sur les terre de son inspiration - Le Quotidien de Nouakchott","robots":{"index":"index","follow":"follow","max-snippet":"max-snippet:-1","max-image-preview":"max-image-preview:large","max-video-preview":"max-video-preview:-1"},"canonical":"https:\/\/lequotidien.mr\/?p=21234&lang=fr","og_locale":"ar_AR","og_type":"article","og_title":"\u00ab Le Naturaliste Kummer devant le Roi Zaid \u00bb un chef-d\u2019\u0153uvre de G\u00e9ricault, de retour sur les terre de son inspiration - Le Quotidien de Nouakchott","og_description":"Le mercredi 11 septembre 2024, une date d\u00e9sormais historique pour la Mauritanie, a vu l\u2019arriv\u00e9e sur le sol mauritanien d\u2019un tr\u00e9sor artistique de port\u00e9e mondiale : \u00ab\u00a0Le Naturaliste Kummer devant le Roi Zaid\u00a0\u00bb, une aquarelle de Th\u00e9odore G\u00e9ricault. Cette acquisition pr\u00e9cieuse a \u00e9t\u00e9 rendue possible gr\u00e2ce \u00e0 l\u2019homme d\u2019affaires et m\u00e9c\u00e8ne Mohamed Mahmoud Ould Lekhal,.....","og_url":"https:\/\/lequotidien.mr\/?p=21234&lang=fr","og_site_name":"Le Quotidien de Nouakchott","article_publisher":"https:\/\/web.facebook.com\/lequotidienmr","article_published_time":"2024-09-14T12:56:27+00:00","og_image":[{"width":1599,"height":1301,"url":"https:\/\/lequotidien.mr\/wp-content\/uploads\/2024\/09\/80797.jpg","type":"image\/jpeg"}],"author":"Le Quotidien","twitter_card":"summary_large_image","twitter_creator":"@lequotidienmr","twitter_site":"@lequotidienmr","twitter_misc":{"\u0643\u064f\u062a\u0628 \u0628\u0648\u0627\u0633\u0637\u0629":"Le Quotidien","\u0648\u0642\u062a \u0627\u0644\u0642\u0631\u0627\u0621\u0629 \u0627\u0644\u0645\u064f\u0642\u062f\u0651\u0631":"4 \u062f\u0642\u0627\u0626\u0642"},"schema":{"@context":"https:\/\/schema.org","@graph":[{"@type":"Article","@id":"https:\/\/lequotidien.mr\/?p=21234&lang=fr#article","isPartOf":{"@id":"https:\/\/lequotidien.mr\/?p=21234&lang=fr"},"author":{"name":"Le Quotidien","@id":"https:\/\/lequotidien.mr\/#\/schema\/person\/f90fcdaa970c60288de4ed2e64a56472"},"headline":"\u00ab Le Naturaliste Kummer devant le Roi Zaid \u00bb un chef-d\u2019\u0153uvre de G\u00e9ricault, de retour sur les terre de son inspiration","datePublished":"2024-09-14T12:56:27+00:00","mainEntityOfPage":{"@id":"https:\/\/lequotidien.mr\/?p=21234&lang=fr"},"wordCount":864,"commentCount":0,"publisher":{"@id":"https:\/\/lequotidien.mr\/#organization"},"image":{"@id":"https:\/\/lequotidien.mr\/?p=21234&lang=fr#primaryimage"},"thumbnailUrl":"https:\/\/lequotidien.mr\/wp-content\/uploads\/2024\/09\/80797.jpg","articleSection":["Culture","Couverture sp\u00e9cilale"],"inLanguage":"ar","potentialAction":[{"@type":"CommentAction","name":"Comment","target":["https:\/\/lequotidien.mr\/?p=21234&lang=fr#respond"]}]},{"@type":"WebPage","@id":"https:\/\/lequotidien.mr\/?p=21234&lang=fr","url":"https:\/\/lequotidien.mr\/?p=21234&lang=fr","name":"\u00ab Le Naturaliste Kummer devant le Roi Zaid \u00bb un chef-d\u2019\u0153uvre de G\u00e9ricault, de retour sur les terre de son inspiration - Le Quotidien de Nouakchott","isPartOf":{"@id":"https:\/\/lequotidien.mr\/#website"},"primaryImageOfPage":{"@id":"https:\/\/lequotidien.mr\/?p=21234&lang=fr#primaryimage"},"image":{"@id":"https:\/\/lequotidien.mr\/?p=21234&lang=fr#primaryimage"},"thumbnailUrl":"https:\/\/lequotidien.mr\/wp-content\/uploads\/2024\/09\/80797.jpg","datePublished":"2024-09-14T12:56:27+00:00","breadcrumb":{"@id":"https:\/\/lequotidien.mr\/?p=21234&lang=fr#breadcrumb"},"inLanguage":"ar","potentialAction":[{"@type":"ReadAction","target":["https:\/\/lequotidien.mr\/?p=21234&lang=fr"]}]},{"@type":"ImageObject","inLanguage":"ar","@id":"https:\/\/lequotidien.mr\/?p=21234&lang=fr#primaryimage","url":"https:\/\/lequotidien.mr\/wp-content\/uploads\/2024\/09\/80797.jpg","contentUrl":"https:\/\/lequotidien.mr\/wp-content\/uploads\/2024\/09\/80797.jpg","width":1599,"height":1301},{"@type":"BreadcrumbList","@id":"https:\/\/lequotidien.mr\/?p=21234&lang=fr#breadcrumb","itemListElement":[{"@type":"ListItem","position":1,"name":"Home","item":"https:\/\/lequotidien.mr\/"},{"@type":"ListItem","position":2,"name":"\u00ab Le Naturaliste Kummer devant le Roi Zaid \u00bb un chef-d\u2019\u0153uvre de G\u00e9ricault, de retour sur les terre de son inspiration"}]},{"@type":"WebSite","@id":"https:\/\/lequotidien.mr\/#website","url":"https:\/\/lequotidien.mr\/","name":"Le Quotidien de Nouakchott","description":"\u0625\u062e\u0628\u0627\u0631\u064a\u0629 \u0645\u0633\u062a\u0642\u0644\u0629 \u0644\u0644\u0623\u0646\u0628\u0627\u0621 \u0627\u0644\u0639\u0627\u0645\u0629","publisher":{"@id":"https:\/\/lequotidien.mr\/#organization"},"potentialAction":[{"@type":"SearchAction","target":{"@type":"EntryPoint","urlTemplate":"https:\/\/lequotidien.mr\/?s={search_term_string}"},"query-input":{"@type":"PropertyValueSpecification","valueRequired":true,"valueName":"search_term_string"}}],"inLanguage":"ar"},{"@type":"Organization","@id":"https:\/\/lequotidien.mr\/#organization","name":"Le Quotidien de Nouakchott","url":"https:\/\/lequotidien.mr\/","logo":{"@type":"ImageObject","inLanguage":"ar","@id":"https:\/\/lequotidien.mr\/#\/schema\/logo\/image\/","url":"https:\/\/lequotidien.mr\/wp-content\/uploads\/2022\/11\/logolequotidien.jpg","contentUrl":"https:\/\/lequotidien.mr\/wp-content\/uploads\/2022\/11\/logolequotidien.jpg","width":290,"height":65,"caption":"Le Quotidien de Nouakchott"},"image":{"@id":"https:\/\/lequotidien.mr\/#\/schema\/logo\/image\/"},"sameAs":["https:\/\/web.facebook.com\/lequotidienmr","https:\/\/x.com\/lequotidienmr"]},{"@type":"Person","@id":"https:\/\/lequotidien.mr\/#\/schema\/person\/f90fcdaa970c60288de4ed2e64a56472","name":"Le Quotidien","image":{"@type":"ImageObject","inLanguage":"ar","@id":"https:\/\/secure.gravatar.com\/avatar\/374cb39a1a458a912465a93e5a3ce6546886fc3da809a1f10c63e4e8fcbca30f?s=96&d=mm&r=g","url":"https:\/\/secure.gravatar.com\/avatar\/374cb39a1a458a912465a93e5a3ce6546886fc3da809a1f10c63e4e8fcbca30f?s=96&d=mm&r=g","contentUrl":"https:\/\/secure.gravatar.com\/avatar\/374cb39a1a458a912465a93e5a3ce6546886fc3da809a1f10c63e4e8fcbca30f?s=96&d=mm&r=g","caption":"Le Quotidien"},"sameAs":["https:\/\/lequotidien.mr\/"],"url":"https:\/\/lequotidien.mr\/?author=4"}]}},"_links":{"self":[{"href":"https:\/\/lequotidien.mr\/index.php?rest_route=\/wp\/v2\/posts\/21234","targetHints":{"allow":["GET"]}}],"collection":[{"href":"https:\/\/lequotidien.mr\/index.php?rest_route=\/wp\/v2\/posts"}],"about":[{"href":"https:\/\/lequotidien.mr\/index.php?rest_route=\/wp\/v2\/types\/post"}],"author":[{"embeddable":true,"href":"https:\/\/lequotidien.mr\/index.php?rest_route=\/wp\/v2\/users\/4"}],"replies":[{"embeddable":true,"href":"https:\/\/lequotidien.mr\/index.php?rest_route=%2Fwp%2Fv2%2Fcomments&post=21234"}],"version-history":[{"count":1,"href":"https:\/\/lequotidien.mr\/index.php?rest_route=\/wp\/v2\/posts\/21234\/revisions"}],"predecessor-version":[{"id":21236,"href":"https:\/\/lequotidien.mr\/index.php?rest_route=\/wp\/v2\/posts\/21234\/revisions\/21236"}],"wp:featuredmedia":[{"embeddable":true,"href":"https:\/\/lequotidien.mr\/index.php?rest_route=\/wp\/v2\/media\/21235"}],"wp:attachment":[{"href":"https:\/\/lequotidien.mr\/index.php?rest_route=%2Fwp%2Fv2%2Fmedia&parent=21234"}],"wp:term":[{"taxonomy":"category","embeddable":true,"href":"https:\/\/lequotidien.mr\/index.php?rest_route=%2Fwp%2Fv2%2Fcategories&post=21234"},{"taxonomy":"post_tag","embeddable":true,"href":"https:\/\/lequotidien.mr\/index.php?rest_route=%2Fwp%2Fv2%2Ftags&post=21234"}],"curies":[{"name":"wp","href":"https:\/\/api.w.org\/{rel}","templated":true}]}}