{"id":21164,"date":"2024-09-11T10:16:23","date_gmt":"2024-09-11T10:16:23","guid":{"rendered":"https:\/\/lequotidien.mr\/?p=21164"},"modified":"2024-09-11T10:16:23","modified_gmt":"2024-09-11T10:16:23","slug":"arrivee-de-s-e-m-joaquin-tasso-vilallonga-nouveau-visage-de-lunion-europeenne-en-mauritanie","status":"publish","type":"post","link":"https:\/\/lequotidien.mr\/?p=21164&lang=fr","title":{"rendered":"Arriv\u00e9e de S.E. M. Joaqu\u00edn Tasso Vilallonga : Nouveau visage de l\u2019Union europ\u00e9enne en Mauritanie"},"content":{"rendered":"<p>Le 5 septembre 2024, S.E. M. Joaqu\u00edn Tasso Vilallonga a officiellement pris ses fonctions en tant qu\u2019Ambassadeur d\u00e9sign\u00e9 de l\u2019Union europ\u00e9enne aupr\u00e8s de la R\u00e9publique Islamique de Mauritanie. Fort d\u2019une vaste exp\u00e9rience dans le domaine des relations internationales et du d\u00e9veloppement, M. Tasso Vilallonga entend renforcer le partenariat strat\u00e9gique entre l\u2019UE et la Mauritanie.<\/p>\n<p>Dans sa premi\u00e8re d\u00e9claration, le diplomate s\u2019est dit enthousiaste \u00e0 l\u2019id\u00e9e de travailler en Mauritanie. \u00ab Je suis ravi d\u2019\u00eatre en Mauritanie. D\u00e8s mon entr\u00e9e en fonction, je m\u2019att\u00e8lerai \u00e0 la mise en \u0153uvre du partenariat UE-Mauritanie, qui s\u2019est renforc\u00e9 ces derniers mois dans des domaines cl\u00e9s tels que le d\u00e9veloppement \u00e9conomique et social, la p\u00eache, la migration et l\u2019hydrog\u00e8ne vert \u00bb, a affirm\u00e9 M. Tasso Vilallonga, mettant en avant l\u2019importance de ces secteurs pour les deux parties.<\/p>\n<p>N\u00e9 \u00e0 Madrid en 1966, M. Tasso Vilallonga b\u00e9n\u00e9ficie d\u2019un parcours acad\u00e9mique prestigieux, incluant une licence en science politique de l\u2019Universit\u00e9 Complutense de Madrid, un DEA en politique et administration europ\u00e9ennes du Coll\u00e8ge d\u2019Europe \u00e0 Bruges, ainsi qu\u2019un master en diplomatie de l\u2019Universit\u00e9 de Georgetown \u00e0 Washington DC. Sa formation a \u00e9t\u00e9 suivie par une riche carri\u00e8re au sein de la Commission europ\u00e9enne et du Service europ\u00e9en pour l\u2019action ext\u00e9rieure (SEAE).<\/p>\n<p>Apr\u00e8s avoir rejoint la DG Coop\u00e9ration au d\u00e9veloppement de la Commission europ\u00e9enne en 2002, M. Tasso Vilallonga a successivement occup\u00e9 plusieurs postes de haut niveau, dont celui de Chef de la coop\u00e9ration avec le Y\u00e9men, de Coordonnateur de programmes en Albanie, et Chef d\u2019\u00e9quipe de r\u00e9ponse aux crises \u00e0 la DG Relations ext\u00e9rieures. Il a \u00e9galement contribu\u00e9 \u00e0 la gestion des affaires panafricaines au SEAE, avant de servir comme Ambassadeur de l\u2019Union europ\u00e9enne au Togo de 2020 \u00e0 2024.<\/p>\n<p>\u00c0 Nouakchott, M. Tasso Vilallonga succ\u00e8de \u00e0 M. Jones, qui a repr\u00e9sent\u00e9 l\u2019Union europ\u00e9enne en Mauritanie de 2021 \u00e0 2024. Le nouvel ambassadeur devra poursuivre le travail entam\u00e9 par son pr\u00e9d\u00e9cesseur et s\u2019appuiera sur les avanc\u00e9es r\u00e9alis\u00e9es dans des secteurs strat\u00e9giques comme la transition \u00e9nerg\u00e9tique, o\u00f9 la Mauritanie est en premi\u00e8re ligne pour le d\u00e9veloppement de l\u2019hydrog\u00e8ne vert.<\/p>\n<p>L\u2019accent sera \u00e9galement mis sur la coop\u00e9ration dans le secteur de la p\u00eache, un pilier \u00e9conomique pour la Mauritanie et un domaine dans lequel l\u2019Union europ\u00e9enne est un partenaire de premier plan. Les enjeux migratoires, dans un contexte r\u00e9gional complexe, figureront aussi parmi les priorit\u00e9s de l\u2019ambassadeur.<\/p>\n<p>Avec son exp\u00e9rience et sa vision, S.E. M. Joaqu\u00edn Tasso Vilallonga est attendu comme un acteur cl\u00e9 pour renforcer les liens entre l\u2019Union europ\u00e9enne et la Mauritanie, dans une p\u00e9riode o\u00f9 les d\u00e9fis, mais aussi les opportunit\u00e9s, ne cessent de cro\u00eetre.<\/p>\n<p>&nbsp;<\/p>\n<p>&nbsp;<\/p>\n<p>&nbsp;<\/p>\n<p>&nbsp;<\/p>\n<p>&nbsp;<\/p>\n<p>&nbsp;<\/p>\n","protected":false},"excerpt":{"rendered":"<p>Le 5 septembre 2024, S.E. M. Joaqu\u00edn Tasso Vilallonga a officiellement pris ses fonctions en tant qu\u2019Ambassadeur d\u00e9sign\u00e9 de l\u2019Union europ\u00e9enne aupr\u00e8s de la R\u00e9publique Islamique de Mauritanie. Fort d\u2019une vaste exp\u00e9rience dans le domaine des relations internationales et du d\u00e9veloppement, M. Tasso Vilallonga entend renforcer le partenariat strat\u00e9gique entre l\u2019UE et la Mauritanie. Dans&#8230;..<\/p>\n","protected":false},"author":4,"featured_media":21165,"comment_status":"open","ping_status":"open","sticky":false,"template":"","format":"standard","meta":{"footnotes":""},"categories":[23,57],"tags":[],"class_list":["post-21164","post","type-post","status-publish","format-standard","has-post-thumbnail","hentry","category-actualite","category-couverture-specilale"],"yoast_head":"<!-- This site is optimized with the Yoast SEO plugin v27.5 - https:\/\/yoast.com\/product\/yoast-seo-wordpress\/ -->\n<title>Arriv\u00e9e de S.E. M. Joaqu\u00edn Tasso Vilallonga : Nouveau visage de l\u2019Union europ\u00e9enne en Mauritanie - Le Quotidien de Nouakchott<\/title>\n<meta name=\"robots\" content=\"index, follow, max-snippet:-1, max-image-preview:large, max-video-preview:-1\" \/>\n<link rel=\"canonical\" href=\"https:\/\/lequotidien.mr\/?p=21164&lang=fr\" \/>\n<meta property=\"og:locale\" content=\"ar_AR\" \/>\n<meta property=\"og:type\" content=\"article\" \/>\n<meta property=\"og:title\" content=\"Arriv\u00e9e de S.E. M. Joaqu\u00edn Tasso Vilallonga : Nouveau visage de l\u2019Union europ\u00e9enne en Mauritanie - Le Quotidien de Nouakchott\" \/>\n<meta property=\"og:description\" content=\"Le 5 septembre 2024, S.E. M. Joaqu\u00edn Tasso Vilallonga a officiellement pris ses fonctions en tant qu\u2019Ambassadeur d\u00e9sign\u00e9 de l\u2019Union europ\u00e9enne aupr\u00e8s de la R\u00e9publique Islamique de Mauritanie. Fort d\u2019une vaste exp\u00e9rience dans le domaine des relations internationales et du d\u00e9veloppement, M. Tasso Vilallonga entend renforcer le partenariat strat\u00e9gique entre l\u2019UE et la Mauritanie. Dans.....\" \/>\n<meta property=\"og:url\" content=\"https:\/\/lequotidien.mr\/?p=21164&amp;lang=fr\" \/>\n<meta property=\"og:site_name\" content=\"Le Quotidien de Nouakchott\" \/>\n<meta property=\"article:publisher\" content=\"https:\/\/web.facebook.com\/lequotidienmr\" \/>\n<meta property=\"article:published_time\" content=\"2024-09-11T10:16:23+00:00\" \/>\n<meta property=\"og:image\" content=\"https:\/\/lequotidien.mr\/wp-content\/uploads\/2024\/09\/JTV.jpg\" \/>\n\t<meta property=\"og:image:width\" content=\"642\" \/>\n\t<meta property=\"og:image:height\" content=\"639\" \/>\n\t<meta property=\"og:image:type\" content=\"image\/jpeg\" \/>\n<meta name=\"author\" content=\"Le Quotidien\" \/>\n<meta name=\"twitter:card\" content=\"summary_large_image\" \/>\n<meta name=\"twitter:creator\" content=\"@lequotidienmr\" \/>\n<meta name=\"twitter:site\" content=\"@lequotidienmr\" \/>\n<meta name=\"twitter:label1\" content=\"\u0643\u064f\u062a\u0628 \u0628\u0648\u0627\u0633\u0637\u0629\" \/>\n\t<meta name=\"twitter:data1\" content=\"Le Quotidien\" \/>\n\t<meta name=\"twitter:label2\" content=\"\u0648\u0642\u062a \u0627\u0644\u0642\u0631\u0627\u0621\u0629 \u0627\u0644\u0645\u064f\u0642\u062f\u0651\u0631\" \/>\n\t<meta name=\"twitter:data2\" content=\"\u062f\u0642\u064a\u0642\u062a\u0627\u0646\" \/>\n<script type=\"application\/ld+json\" class=\"yoast-schema-graph\">{\"@context\":\"https:\\\/\\\/schema.org\",\"@graph\":[{\"@type\":\"Article\",\"@id\":\"https:\\\/\\\/lequotidien.mr\\\/?p=21164&lang=fr#article\",\"isPartOf\":{\"@id\":\"https:\\\/\\\/lequotidien.mr\\\/?p=21164&lang=fr\"},\"author\":{\"name\":\"Le Quotidien\",\"@id\":\"https:\\\/\\\/lequotidien.mr\\\/#\\\/schema\\\/person\\\/f90fcdaa970c60288de4ed2e64a56472\"},\"headline\":\"Arriv\u00e9e de S.E. M. Joaqu\u00edn Tasso Vilallonga : Nouveau visage de l\u2019Union europ\u00e9enne en Mauritanie\",\"datePublished\":\"2024-09-11T10:16:23+00:00\",\"mainEntityOfPage\":{\"@id\":\"https:\\\/\\\/lequotidien.mr\\\/?p=21164&lang=fr\"},\"wordCount\":521,\"commentCount\":0,\"publisher\":{\"@id\":\"https:\\\/\\\/lequotidien.mr\\\/#organization\"},\"image\":{\"@id\":\"https:\\\/\\\/lequotidien.mr\\\/?p=21164&lang=fr#primaryimage\"},\"thumbnailUrl\":\"https:\\\/\\\/lequotidien.mr\\\/wp-content\\\/uploads\\\/2024\\\/09\\\/JTV.jpg\",\"articleSection\":[\"ACTUALIT\u00c9\",\"Couverture sp\u00e9cilale\"],\"inLanguage\":\"ar\",\"potentialAction\":[{\"@type\":\"CommentAction\",\"name\":\"Comment\",\"target\":[\"https:\\\/\\\/lequotidien.mr\\\/?p=21164&lang=fr#respond\"]}]},{\"@type\":\"WebPage\",\"@id\":\"https:\\\/\\\/lequotidien.mr\\\/?p=21164&lang=fr\",\"url\":\"https:\\\/\\\/lequotidien.mr\\\/?p=21164&lang=fr\",\"name\":\"Arriv\u00e9e de S.E. M. Joaqu\u00edn Tasso Vilallonga : Nouveau visage de l\u2019Union europ\u00e9enne en Mauritanie - Le Quotidien de Nouakchott\",\"isPartOf\":{\"@id\":\"https:\\\/\\\/lequotidien.mr\\\/#website\"},\"primaryImageOfPage\":{\"@id\":\"https:\\\/\\\/lequotidien.mr\\\/?p=21164&lang=fr#primaryimage\"},\"image\":{\"@id\":\"https:\\\/\\\/lequotidien.mr\\\/?p=21164&lang=fr#primaryimage\"},\"thumbnailUrl\":\"https:\\\/\\\/lequotidien.mr\\\/wp-content\\\/uploads\\\/2024\\\/09\\\/JTV.jpg\",\"datePublished\":\"2024-09-11T10:16:23+00:00\",\"breadcrumb\":{\"@id\":\"https:\\\/\\\/lequotidien.mr\\\/?p=21164&lang=fr#breadcrumb\"},\"inLanguage\":\"ar\",\"potentialAction\":[{\"@type\":\"ReadAction\",\"target\":[\"https:\\\/\\\/lequotidien.mr\\\/?p=21164&lang=fr\"]}]},{\"@type\":\"ImageObject\",\"inLanguage\":\"ar\",\"@id\":\"https:\\\/\\\/lequotidien.mr\\\/?p=21164&lang=fr#primaryimage\",\"url\":\"https:\\\/\\\/lequotidien.mr\\\/wp-content\\\/uploads\\\/2024\\\/09\\\/JTV.jpg\",\"contentUrl\":\"https:\\\/\\\/lequotidien.mr\\\/wp-content\\\/uploads\\\/2024\\\/09\\\/JTV.jpg\",\"width\":642,\"height\":639},{\"@type\":\"BreadcrumbList\",\"@id\":\"https:\\\/\\\/lequotidien.mr\\\/?p=21164&lang=fr#breadcrumb\",\"itemListElement\":[{\"@type\":\"ListItem\",\"position\":1,\"name\":\"Home\",\"item\":\"https:\\\/\\\/lequotidien.mr\\\/\"},{\"@type\":\"ListItem\",\"position\":2,\"name\":\"Arriv\u00e9e de S.E. M. Joaqu\u00edn Tasso Vilallonga : Nouveau visage de l\u2019Union europ\u00e9enne en Mauritanie\"}]},{\"@type\":\"WebSite\",\"@id\":\"https:\\\/\\\/lequotidien.mr\\\/#website\",\"url\":\"https:\\\/\\\/lequotidien.mr\\\/\",\"name\":\"Le Quotidien de Nouakchott\",\"description\":\"\u0625\u062e\u0628\u0627\u0631\u064a\u0629 \u0645\u0633\u062a\u0642\u0644\u0629 \u0644\u0644\u0623\u0646\u0628\u0627\u0621 \u0627\u0644\u0639\u0627\u0645\u0629\",\"publisher\":{\"@id\":\"https:\\\/\\\/lequotidien.mr\\\/#organization\"},\"potentialAction\":[{\"@type\":\"SearchAction\",\"target\":{\"@type\":\"EntryPoint\",\"urlTemplate\":\"https:\\\/\\\/lequotidien.mr\\\/?s={search_term_string}\"},\"query-input\":{\"@type\":\"PropertyValueSpecification\",\"valueRequired\":true,\"valueName\":\"search_term_string\"}}],\"inLanguage\":\"ar\"},{\"@type\":\"Organization\",\"@id\":\"https:\\\/\\\/lequotidien.mr\\\/#organization\",\"name\":\"Le Quotidien de Nouakchott\",\"url\":\"https:\\\/\\\/lequotidien.mr\\\/\",\"logo\":{\"@type\":\"ImageObject\",\"inLanguage\":\"ar\",\"@id\":\"https:\\\/\\\/lequotidien.mr\\\/#\\\/schema\\\/logo\\\/image\\\/\",\"url\":\"https:\\\/\\\/lequotidien.mr\\\/wp-content\\\/uploads\\\/2022\\\/11\\\/logolequotidien.jpg\",\"contentUrl\":\"https:\\\/\\\/lequotidien.mr\\\/wp-content\\\/uploads\\\/2022\\\/11\\\/logolequotidien.jpg\",\"width\":290,\"height\":65,\"caption\":\"Le Quotidien de Nouakchott\"},\"image\":{\"@id\":\"https:\\\/\\\/lequotidien.mr\\\/#\\\/schema\\\/logo\\\/image\\\/\"},\"sameAs\":[\"https:\\\/\\\/web.facebook.com\\\/lequotidienmr\",\"https:\\\/\\\/x.com\\\/lequotidienmr\"]},{\"@type\":\"Person\",\"@id\":\"https:\\\/\\\/lequotidien.mr\\\/#\\\/schema\\\/person\\\/f90fcdaa970c60288de4ed2e64a56472\",\"name\":\"Le Quotidien\",\"image\":{\"@type\":\"ImageObject\",\"inLanguage\":\"ar\",\"@id\":\"https:\\\/\\\/secure.gravatar.com\\\/avatar\\\/374cb39a1a458a912465a93e5a3ce6546886fc3da809a1f10c63e4e8fcbca30f?s=96&d=mm&r=g\",\"url\":\"https:\\\/\\\/secure.gravatar.com\\\/avatar\\\/374cb39a1a458a912465a93e5a3ce6546886fc3da809a1f10c63e4e8fcbca30f?s=96&d=mm&r=g\",\"contentUrl\":\"https:\\\/\\\/secure.gravatar.com\\\/avatar\\\/374cb39a1a458a912465a93e5a3ce6546886fc3da809a1f10c63e4e8fcbca30f?s=96&d=mm&r=g\",\"caption\":\"Le Quotidien\"},\"sameAs\":[\"https:\\\/\\\/lequotidien.mr\\\/\"],\"url\":\"https:\\\/\\\/lequotidien.mr\\\/?author=4\"}]}<\/script>\n<!-- \/ Yoast SEO plugin. -->","yoast_head_json":{"title":"Arriv\u00e9e de S.E. M. Joaqu\u00edn Tasso Vilallonga : Nouveau visage de l\u2019Union europ\u00e9enne en Mauritanie - Le Quotidien de Nouakchott","robots":{"index":"index","follow":"follow","max-snippet":"max-snippet:-1","max-image-preview":"max-image-preview:large","max-video-preview":"max-video-preview:-1"},"canonical":"https:\/\/lequotidien.mr\/?p=21164&lang=fr","og_locale":"ar_AR","og_type":"article","og_title":"Arriv\u00e9e de S.E. M. Joaqu\u00edn Tasso Vilallonga : Nouveau visage de l\u2019Union europ\u00e9enne en Mauritanie - Le Quotidien de Nouakchott","og_description":"Le 5 septembre 2024, S.E. M. Joaqu\u00edn Tasso Vilallonga a officiellement pris ses fonctions en tant qu\u2019Ambassadeur d\u00e9sign\u00e9 de l\u2019Union europ\u00e9enne aupr\u00e8s de la R\u00e9publique Islamique de Mauritanie. Fort d\u2019une vaste exp\u00e9rience dans le domaine des relations internationales et du d\u00e9veloppement, M. Tasso Vilallonga entend renforcer le partenariat strat\u00e9gique entre l\u2019UE et la Mauritanie. Dans.....","og_url":"https:\/\/lequotidien.mr\/?p=21164&lang=fr","og_site_name":"Le Quotidien de Nouakchott","article_publisher":"https:\/\/web.facebook.com\/lequotidienmr","article_published_time":"2024-09-11T10:16:23+00:00","og_image":[{"width":642,"height":639,"url":"https:\/\/lequotidien.mr\/wp-content\/uploads\/2024\/09\/JTV.jpg","type":"image\/jpeg"}],"author":"Le Quotidien","twitter_card":"summary_large_image","twitter_creator":"@lequotidienmr","twitter_site":"@lequotidienmr","twitter_misc":{"\u0643\u064f\u062a\u0628 \u0628\u0648\u0627\u0633\u0637\u0629":"Le Quotidien","\u0648\u0642\u062a \u0627\u0644\u0642\u0631\u0627\u0621\u0629 \u0627\u0644\u0645\u064f\u0642\u062f\u0651\u0631":"\u062f\u0642\u064a\u0642\u062a\u0627\u0646"},"schema":{"@context":"https:\/\/schema.org","@graph":[{"@type":"Article","@id":"https:\/\/lequotidien.mr\/?p=21164&lang=fr#article","isPartOf":{"@id":"https:\/\/lequotidien.mr\/?p=21164&lang=fr"},"author":{"name":"Le Quotidien","@id":"https:\/\/lequotidien.mr\/#\/schema\/person\/f90fcdaa970c60288de4ed2e64a56472"},"headline":"Arriv\u00e9e de S.E. M. Joaqu\u00edn Tasso Vilallonga : Nouveau visage de l\u2019Union europ\u00e9enne en Mauritanie","datePublished":"2024-09-11T10:16:23+00:00","mainEntityOfPage":{"@id":"https:\/\/lequotidien.mr\/?p=21164&lang=fr"},"wordCount":521,"commentCount":0,"publisher":{"@id":"https:\/\/lequotidien.mr\/#organization"},"image":{"@id":"https:\/\/lequotidien.mr\/?p=21164&lang=fr#primaryimage"},"thumbnailUrl":"https:\/\/lequotidien.mr\/wp-content\/uploads\/2024\/09\/JTV.jpg","articleSection":["ACTUALIT\u00c9","Couverture sp\u00e9cilale"],"inLanguage":"ar","potentialAction":[{"@type":"CommentAction","name":"Comment","target":["https:\/\/lequotidien.mr\/?p=21164&lang=fr#respond"]}]},{"@type":"WebPage","@id":"https:\/\/lequotidien.mr\/?p=21164&lang=fr","url":"https:\/\/lequotidien.mr\/?p=21164&lang=fr","name":"Arriv\u00e9e de S.E. M. Joaqu\u00edn Tasso Vilallonga : Nouveau visage de l\u2019Union europ\u00e9enne en Mauritanie - Le Quotidien de Nouakchott","isPartOf":{"@id":"https:\/\/lequotidien.mr\/#website"},"primaryImageOfPage":{"@id":"https:\/\/lequotidien.mr\/?p=21164&lang=fr#primaryimage"},"image":{"@id":"https:\/\/lequotidien.mr\/?p=21164&lang=fr#primaryimage"},"thumbnailUrl":"https:\/\/lequotidien.mr\/wp-content\/uploads\/2024\/09\/JTV.jpg","datePublished":"2024-09-11T10:16:23+00:00","breadcrumb":{"@id":"https:\/\/lequotidien.mr\/?p=21164&lang=fr#breadcrumb"},"inLanguage":"ar","potentialAction":[{"@type":"ReadAction","target":["https:\/\/lequotidien.mr\/?p=21164&lang=fr"]}]},{"@type":"ImageObject","inLanguage":"ar","@id":"https:\/\/lequotidien.mr\/?p=21164&lang=fr#primaryimage","url":"https:\/\/lequotidien.mr\/wp-content\/uploads\/2024\/09\/JTV.jpg","contentUrl":"https:\/\/lequotidien.mr\/wp-content\/uploads\/2024\/09\/JTV.jpg","width":642,"height":639},{"@type":"BreadcrumbList","@id":"https:\/\/lequotidien.mr\/?p=21164&lang=fr#breadcrumb","itemListElement":[{"@type":"ListItem","position":1,"name":"Home","item":"https:\/\/lequotidien.mr\/"},{"@type":"ListItem","position":2,"name":"Arriv\u00e9e de S.E. M. Joaqu\u00edn Tasso Vilallonga : Nouveau visage de l\u2019Union europ\u00e9enne en Mauritanie"}]},{"@type":"WebSite","@id":"https:\/\/lequotidien.mr\/#website","url":"https:\/\/lequotidien.mr\/","name":"Le Quotidien de Nouakchott","description":"\u0625\u062e\u0628\u0627\u0631\u064a\u0629 \u0645\u0633\u062a\u0642\u0644\u0629 \u0644\u0644\u0623\u0646\u0628\u0627\u0621 \u0627\u0644\u0639\u0627\u0645\u0629","publisher":{"@id":"https:\/\/lequotidien.mr\/#organization"},"potentialAction":[{"@type":"SearchAction","target":{"@type":"EntryPoint","urlTemplate":"https:\/\/lequotidien.mr\/?s={search_term_string}"},"query-input":{"@type":"PropertyValueSpecification","valueRequired":true,"valueName":"search_term_string"}}],"inLanguage":"ar"},{"@type":"Organization","@id":"https:\/\/lequotidien.mr\/#organization","name":"Le Quotidien de Nouakchott","url":"https:\/\/lequotidien.mr\/","logo":{"@type":"ImageObject","inLanguage":"ar","@id":"https:\/\/lequotidien.mr\/#\/schema\/logo\/image\/","url":"https:\/\/lequotidien.mr\/wp-content\/uploads\/2022\/11\/logolequotidien.jpg","contentUrl":"https:\/\/lequotidien.mr\/wp-content\/uploads\/2022\/11\/logolequotidien.jpg","width":290,"height":65,"caption":"Le Quotidien de Nouakchott"},"image":{"@id":"https:\/\/lequotidien.mr\/#\/schema\/logo\/image\/"},"sameAs":["https:\/\/web.facebook.com\/lequotidienmr","https:\/\/x.com\/lequotidienmr"]},{"@type":"Person","@id":"https:\/\/lequotidien.mr\/#\/schema\/person\/f90fcdaa970c60288de4ed2e64a56472","name":"Le Quotidien","image":{"@type":"ImageObject","inLanguage":"ar","@id":"https:\/\/secure.gravatar.com\/avatar\/374cb39a1a458a912465a93e5a3ce6546886fc3da809a1f10c63e4e8fcbca30f?s=96&d=mm&r=g","url":"https:\/\/secure.gravatar.com\/avatar\/374cb39a1a458a912465a93e5a3ce6546886fc3da809a1f10c63e4e8fcbca30f?s=96&d=mm&r=g","contentUrl":"https:\/\/secure.gravatar.com\/avatar\/374cb39a1a458a912465a93e5a3ce6546886fc3da809a1f10c63e4e8fcbca30f?s=96&d=mm&r=g","caption":"Le Quotidien"},"sameAs":["https:\/\/lequotidien.mr\/"],"url":"https:\/\/lequotidien.mr\/?author=4"}]}},"_links":{"self":[{"href":"https:\/\/lequotidien.mr\/index.php?rest_route=\/wp\/v2\/posts\/21164","targetHints":{"allow":["GET"]}}],"collection":[{"href":"https:\/\/lequotidien.mr\/index.php?rest_route=\/wp\/v2\/posts"}],"about":[{"href":"https:\/\/lequotidien.mr\/index.php?rest_route=\/wp\/v2\/types\/post"}],"author":[{"embeddable":true,"href":"https:\/\/lequotidien.mr\/index.php?rest_route=\/wp\/v2\/users\/4"}],"replies":[{"embeddable":true,"href":"https:\/\/lequotidien.mr\/index.php?rest_route=%2Fwp%2Fv2%2Fcomments&post=21164"}],"version-history":[{"count":1,"href":"https:\/\/lequotidien.mr\/index.php?rest_route=\/wp\/v2\/posts\/21164\/revisions"}],"predecessor-version":[{"id":21166,"href":"https:\/\/lequotidien.mr\/index.php?rest_route=\/wp\/v2\/posts\/21164\/revisions\/21166"}],"wp:featuredmedia":[{"embeddable":true,"href":"https:\/\/lequotidien.mr\/index.php?rest_route=\/wp\/v2\/media\/21165"}],"wp:attachment":[{"href":"https:\/\/lequotidien.mr\/index.php?rest_route=%2Fwp%2Fv2%2Fmedia&parent=21164"}],"wp:term":[{"taxonomy":"category","embeddable":true,"href":"https:\/\/lequotidien.mr\/index.php?rest_route=%2Fwp%2Fv2%2Fcategories&post=21164"},{"taxonomy":"post_tag","embeddable":true,"href":"https:\/\/lequotidien.mr\/index.php?rest_route=%2Fwp%2Fv2%2Ftags&post=21164"}],"curies":[{"name":"wp","href":"https:\/\/api.w.org\/{rel}","templated":true}]}}