{"id":21159,"date":"2024-09-11T10:02:08","date_gmt":"2024-09-11T10:02:08","guid":{"rendered":"https:\/\/lequotidien.mr\/?p=21159"},"modified":"2025-08-23T23:01:59","modified_gmt":"2025-08-23T23:01:59","slug":"adoption-du-projet-de-loi-24-029-une-reforme-essentielle-pour-la-gestion-de-limmigration-en-mauritanie","status":"publish","type":"post","link":"https:\/\/lequotidien.mr\/?p=21159&lang=fr","title":{"rendered":"Immigration clandestine: la Mauritanie renforce son arsenal juridique face \u00e0 un d\u00e9fi grandissant"},"content":{"rendered":"<p>L\u2019Assembl\u00e9e nationale a franchi un pas d\u00e9cisif, mardi dernier, en adoptant le projet de loi <strong>24-029<\/strong>, qui modifie la l\u00e9gislation p\u00e9nale relative \u00e0 l\u2019immigration. Pr\u00e9sent\u00e9 par le ministre de l\u2019Int\u00e9rieur, M. Mohamed Ahmed Mohamed Lemine, ce texte marque une volont\u00e9 politique forte : celle d\u2019adapter la Mauritanie \u00e0 une r\u00e9alit\u00e9 migratoire de plus en plus pressante et complexe.<\/p>\n<p>En effet, la mondialisation a entra\u00een\u00e9 une augmentation consid\u00e9rable de la circulation des personnes et des biens au cours des deux derni\u00e8res d\u00e9cennies. Ce ph\u00e9nom\u00e8ne impose aux \u00c9tats de constamment adapter leurs structures de gestion des fronti\u00e8res pour faciliter la circulation l\u00e9gitime tout en maintenant une s\u00e9curit\u00e9 optimale. Il s&#8217;agit pour eux de trouver un \u00e9quilibre d\u00e9licat entre des fronti\u00e8res ouvertes et contr\u00f4l\u00e9es, dans le respect strict du droit international des droits de l&#8217;homme, qui garantit la libert\u00e9 de circulation.<\/p>\n<p><strong>Un carrefour sous pression migratoire<\/strong><\/p>\n<p>La Mauritanie, de par sa position g\u00e9ostrat\u00e9gique de carrefour entre le nord et le sud du continent et ses vastes fronti\u00e8res, est particuli\u00e8rement concern\u00e9e. Lors de sa pr\u00e9sentation du projet de loi, M. Mohamed Ahmed Mohamed Lemine, Ministre de l\u2019Int\u00e9rieur, de la Promotion de la D\u00e9centralisation et du D\u00e9veloppement Local, a soulign\u00e9 l&#8217;ampleur du ph\u00e9nom\u00e8ne. Il a r\u00e9v\u00e9l\u00e9 que la capitale Nouakchott compte, \u00e0 elle seule, plus de 130 000 immigr\u00e9s, illustrant l&#8217;expansion rapide de la migration irr\u00e9guli\u00e8re.<\/p>\n<p>Le ministre a \u00e9galement alert\u00e9 sur l&#8217;augmentation significative du nombre de migrants expuls\u00e9s, atteignant 10 753 personnes sur les huit premiers mois de l&#8217;ann\u00e9e, soit une hausse de 14% par rapport \u00e0 la p\u00e9riode pr\u00e9c\u00e9dente. Cette situation expose le pays \u00e0 des d\u00e9fis s\u00e9curitaires, sociaux et \u00e9conomiques croissants, n\u00e9cessitant une r\u00e9ponse l\u00e9gislative robuste.<\/p>\n<p>Pour les autorit\u00e9s, l\u2019urgence est claire : il s\u2019agit de trouver un <strong>juste \u00e9quilibre entre ouverture et contr\u00f4le<\/strong>, entre le respect des engagements internationaux en mati\u00e8re de droits humains et la protection des ressources et de la souverainet\u00e9 nationale.<\/p>\n<p><strong>Une r\u00e9forme \u00e0 plusieurs volets<\/strong><\/p>\n<p>Le projet de loi 24-029 n\u2019est pas une simple retouche technique. Il s\u2019agit d\u2019une <strong>r\u00e9vision en profondeur<\/strong> du cadre juridique h\u00e9rit\u00e9 de 1965, devenue obsol\u00e8te face aux nouvelles dynamiques migratoires. Ce projet de loi se structure autour de plusieurs axes majeurs destin\u00e9s \u00e0 renforcer la \u00ab gouvernance des fronti\u00e8res \u00bb et la \u00ab gouvernance des migrations \u00bb, deux concepts novateurs int\u00e9gr\u00e9s dans la r\u00e9flexion moderne sur les flux transnationaux.<\/p>\n<p>Parmi les principales innovations :<\/p>\n<p><strong>-Renforcement des mesures d\u2019expulsion :<\/strong>\u00a0Le texte introduit des exigences l\u00e9gales strictes et clarifie les bases juridiques pour l&#8217;expulsion des \u00e9trangers en situation irr\u00e9guli\u00e8re, notamment ceux entr\u00e9s par des voies non autoris\u00e9es\u00a0;<\/p>\n<p><strong>Contr\u00f4le accru aux fronti\u00e8res :<\/strong>\u00a0Une priorit\u00e9 est donn\u00e9e \u00e0 l&#8217;am\u00e9lioration et \u00e0 la modernisation des postes frontaliers. Le projet pr\u00e9voit l&#8217;acquisition d&#8217;\u00e9quipements technologiques adapt\u00e9s pour pr\u00e9venir les entr\u00e9es ill\u00e9gales tout en fluidifiant le trafic l\u00e9gitime\u00a0;<\/p>\n<p><strong>-Protection des citoyens et r\u00e9gulation du travail :<\/strong>\u00a0Les d\u00e9put\u00e9s ont insist\u00e9 sur la n\u00e9cessit\u00e9 de prot\u00e9ger les travailleurs locaux contre une concurrence d\u00e9loyale. La r\u00e9forme inclut des mesures pour r\u00e9guler l&#8217;acc\u00e8s aux professions lib\u00e9rales et lier leur exercice au statut de r\u00e9sident\u00a0;<\/p>\n<p><strong>-Cr\u00e9ation d&#8217;un appareil sp\u00e9cialis\u00e9 :<\/strong>\u00a0Pour une lutte plus efficace, le texte propose la mise en place d&#8217;un appareil judiciaire et s\u00e9curitaire d\u00e9di\u00e9 aux questions d&#8217;immigration clandestine, visant \u00e0 traiter les dossiers avec plus de professionnalisme et d&#8217;efficacit\u00e9.<\/p>\n<p><strong>Une Mauritanie prise entre deux imp\u00e9ratifs<\/strong><\/p>\n<p>Cette r\u00e9forme traduit un <strong>paradoxe bien connu des \u00c9tats contemporains<\/strong> : comment s\u00e9curiser ses fronti\u00e8res sans remettre en cause le droit fondamental de circuler ? En Mauritanie, la question est d\u2019autant plus sensible que le pays doit conjuguer ses propres priorit\u00e9s internes avec des pressions ext\u00e9rieures, notamment de l\u2019Europe, soucieuse de freiner les d\u00e9parts irr\u00e9guliers depuis la bande sah\u00e9lo-saharienne.<\/p>\n<p>De fait, la Mauritanie se retrouve au c\u0153ur d\u2019un <strong>jeu d\u2019\u00e9quilibre international<\/strong> : respecter les normes et principes du droit international relatifs \u00e0 la migration, tout en r\u00e9pondant aux inqui\u00e9tudes s\u00e9curitaires croissantes de sa population.<\/p>\n<p>Au sein de l\u2019Assembl\u00e9e nationale, les d\u00e9put\u00e9s ont insist\u00e9 sur deux points :<\/p>\n<p><strong>-la<\/strong> <strong>n\u00e9cessit\u00e9 de renforcer les infrastructures frontali\u00e8res<\/strong>, consid\u00e9r\u00e9es comme insuffisantes face \u00e0 l\u2019ampleur des flux migratoires ;<\/p>\n<p><strong>-et l\u2019importance d\u2019une<\/strong> <strong>coop\u00e9ration internationale accrue<\/strong>, la Mauritanie ne pouvant relever seule un d\u00e9fi qui d\u00e9passe largement ses fronti\u00e8res.<\/p>\n<p><strong>Une \u00e9tape, mais pas une solution d\u00e9finitive<\/strong><\/p>\n<p>L\u2019adoption du projet de loi 24-029 est une <strong>\u00e9tape cruciale<\/strong>, mais elle ne r\u00e8gle pas, \u00e0 elle seule, la complexit\u00e9 de la migration en Mauritanie. La r\u00e9forme permettra sans doute de mieux g\u00e9rer le ph\u00e9nom\u00e8ne, mais elle pose aussi des questions de <strong>mise en \u0153uvre<\/strong> : quelles capacit\u00e9s r\u00e9elles l\u2019\u00c9tat a-t-il pour appliquer ces nouvelles dispositions ? Comment concilier fermet\u00e9 et respect des droits fondamentaux des migrants ?<\/p>\n<p>En adaptant sa l\u00e9gislation aux r\u00e9alit\u00e9s complexes de la mondialisation, la Mauritanie cherche \u00e0 renforcer sa s\u00e9curit\u00e9 nationale et \u00e0 prot\u00e9ger ses ressources, tout en s&#8217;effor\u00e7ant de garantir une r\u00e9gulation des flux migratoires respectueuse des standards internationaux et des droits fondamentaux des personnes.<\/p>\n<p>\u00c0 terme, la Mauritanie devra \u00e9galement penser la migration non seulement sous l\u2019angle de la s\u00e9curit\u00e9, mais aussi comme une <strong>r\u00e9alit\u00e9 socio-\u00e9conomique<\/strong> susceptible de contribuer, si elle est bien encadr\u00e9e, au d\u00e9veloppement du pays.<\/p>\n","protected":false},"excerpt":{"rendered":"<p>L\u2019Assembl\u00e9e nationale a franchi un pas d\u00e9cisif, mardi dernier, en adoptant le projet de loi 24-029, qui modifie la l\u00e9gislation p\u00e9nale relative \u00e0 l\u2019immigration. Pr\u00e9sent\u00e9 par le ministre de l\u2019Int\u00e9rieur, M. Mohamed Ahmed Mohamed Lemine, ce texte marque une volont\u00e9 politique forte : celle d\u2019adapter la Mauritanie \u00e0 une r\u00e9alit\u00e9 migratoire de plus en plus&#8230;..<\/p>\n","protected":false},"author":12,"featured_media":30361,"comment_status":"open","ping_status":"open","sticky":false,"template":"","format":"standard","meta":{"footnotes":""},"categories":[23,49],"tags":[],"class_list":["post-21159","post","type-post","status-publish","format-standard","has-post-thumbnail","hentry","category-actualite","category-economie"],"yoast_head":"<!-- This site is optimized with the Yoast SEO plugin v27.5 - https:\/\/yoast.com\/product\/yoast-seo-wordpress\/ -->\n<title>Immigration clandestine: la Mauritanie renforce son arsenal juridique face \u00e0 un d\u00e9fi grandissant - Le Quotidien de Nouakchott<\/title>\n<meta name=\"robots\" content=\"index, follow, max-snippet:-1, max-image-preview:large, max-video-preview:-1\" \/>\n<link rel=\"canonical\" href=\"https:\/\/lequotidien.mr\/?p=21159&lang=fr\" \/>\n<meta property=\"og:locale\" content=\"ar_AR\" \/>\n<meta property=\"og:type\" content=\"article\" \/>\n<meta property=\"og:title\" content=\"Immigration clandestine: la Mauritanie renforce son arsenal juridique face \u00e0 un d\u00e9fi grandissant - Le Quotidien de Nouakchott\" \/>\n<meta property=\"og:description\" content=\"L\u2019Assembl\u00e9e nationale a franchi un pas d\u00e9cisif, mardi dernier, en adoptant le projet de loi 24-029, qui modifie la l\u00e9gislation p\u00e9nale relative \u00e0 l\u2019immigration. Pr\u00e9sent\u00e9 par le ministre de l\u2019Int\u00e9rieur, M. Mohamed Ahmed Mohamed Lemine, ce texte marque une volont\u00e9 politique forte : celle d\u2019adapter la Mauritanie \u00e0 une r\u00e9alit\u00e9 migratoire de plus en plus.....\" \/>\n<meta property=\"og:url\" content=\"https:\/\/lequotidien.mr\/?p=21159&amp;lang=fr\" \/>\n<meta property=\"og:site_name\" content=\"Le Quotidien de Nouakchott\" \/>\n<meta property=\"article:publisher\" content=\"https:\/\/web.facebook.com\/lequotidienmr\" \/>\n<meta property=\"article:published_time\" content=\"2024-09-11T10:02:08+00:00\" \/>\n<meta property=\"article:modified_time\" content=\"2025-08-23T23:01:59+00:00\" \/>\n<meta property=\"og:image\" content=\"https:\/\/lequotidien.mr\/wp-content\/uploads\/2024\/09\/photo-immigration-RIM.jpeg\" \/>\n\t<meta property=\"og:image:width\" content=\"336\" \/>\n\t<meta property=\"og:image:height\" content=\"398\" \/>\n\t<meta property=\"og:image:type\" content=\"image\/jpeg\" \/>\n<meta name=\"author\" content=\"Med Ahmed\" \/>\n<meta name=\"twitter:card\" content=\"summary_large_image\" \/>\n<meta name=\"twitter:creator\" content=\"@lequotidienmr\" \/>\n<meta name=\"twitter:site\" content=\"@lequotidienmr\" \/>\n<meta name=\"twitter:label1\" content=\"\u0643\u064f\u062a\u0628 \u0628\u0648\u0627\u0633\u0637\u0629\" \/>\n\t<meta name=\"twitter:data1\" content=\"Med Ahmed\" \/>\n\t<meta name=\"twitter:label2\" content=\"\u0648\u0642\u062a \u0627\u0644\u0642\u0631\u0627\u0621\u0629 \u0627\u0644\u0645\u064f\u0642\u062f\u0651\u0631\" \/>\n\t<meta name=\"twitter:data2\" content=\"7 \u062f\u0642\u0627\u0626\u0642\" \/>\n<script type=\"application\/ld+json\" class=\"yoast-schema-graph\">{\"@context\":\"https:\\\/\\\/schema.org\",\"@graph\":[{\"@type\":\"Article\",\"@id\":\"https:\\\/\\\/lequotidien.mr\\\/?p=21159&lang=fr#article\",\"isPartOf\":{\"@id\":\"https:\\\/\\\/lequotidien.mr\\\/?p=21159&lang=fr\"},\"author\":{\"name\":\"Med Ahmed\",\"@id\":\"https:\\\/\\\/lequotidien.mr\\\/#\\\/schema\\\/person\\\/d2d350202a4d599685ed8abc25f97596\"},\"headline\":\"Immigration clandestine: la Mauritanie renforce son arsenal juridique face \u00e0 un d\u00e9fi grandissant\",\"datePublished\":\"2024-09-11T10:02:08+00:00\",\"dateModified\":\"2025-08-23T23:01:59+00:00\",\"mainEntityOfPage\":{\"@id\":\"https:\\\/\\\/lequotidien.mr\\\/?p=21159&lang=fr\"},\"wordCount\":984,\"commentCount\":0,\"publisher\":{\"@id\":\"https:\\\/\\\/lequotidien.mr\\\/#organization\"},\"image\":{\"@id\":\"https:\\\/\\\/lequotidien.mr\\\/?p=21159&lang=fr#primaryimage\"},\"thumbnailUrl\":\"https:\\\/\\\/lequotidien.mr\\\/wp-content\\\/uploads\\\/2024\\\/09\\\/photo-immigration-RIM.jpeg\",\"articleSection\":[\"ACTUALIT\u00c9\",\"Economie\"],\"inLanguage\":\"ar\",\"potentialAction\":[{\"@type\":\"CommentAction\",\"name\":\"Comment\",\"target\":[\"https:\\\/\\\/lequotidien.mr\\\/?p=21159&lang=fr#respond\"]}]},{\"@type\":\"WebPage\",\"@id\":\"https:\\\/\\\/lequotidien.mr\\\/?p=21159&lang=fr\",\"url\":\"https:\\\/\\\/lequotidien.mr\\\/?p=21159&lang=fr\",\"name\":\"Immigration clandestine: la Mauritanie renforce son arsenal juridique face \u00e0 un d\u00e9fi grandissant - Le Quotidien de Nouakchott\",\"isPartOf\":{\"@id\":\"https:\\\/\\\/lequotidien.mr\\\/#website\"},\"primaryImageOfPage\":{\"@id\":\"https:\\\/\\\/lequotidien.mr\\\/?p=21159&lang=fr#primaryimage\"},\"image\":{\"@id\":\"https:\\\/\\\/lequotidien.mr\\\/?p=21159&lang=fr#primaryimage\"},\"thumbnailUrl\":\"https:\\\/\\\/lequotidien.mr\\\/wp-content\\\/uploads\\\/2024\\\/09\\\/photo-immigration-RIM.jpeg\",\"datePublished\":\"2024-09-11T10:02:08+00:00\",\"dateModified\":\"2025-08-23T23:01:59+00:00\",\"breadcrumb\":{\"@id\":\"https:\\\/\\\/lequotidien.mr\\\/?p=21159&lang=fr#breadcrumb\"},\"inLanguage\":\"ar\",\"potentialAction\":[{\"@type\":\"ReadAction\",\"target\":[\"https:\\\/\\\/lequotidien.mr\\\/?p=21159&lang=fr\"]}]},{\"@type\":\"ImageObject\",\"inLanguage\":\"ar\",\"@id\":\"https:\\\/\\\/lequotidien.mr\\\/?p=21159&lang=fr#primaryimage\",\"url\":\"https:\\\/\\\/lequotidien.mr\\\/wp-content\\\/uploads\\\/2024\\\/09\\\/photo-immigration-RIM.jpeg\",\"contentUrl\":\"https:\\\/\\\/lequotidien.mr\\\/wp-content\\\/uploads\\\/2024\\\/09\\\/photo-immigration-RIM.jpeg\",\"width\":336,\"height\":398},{\"@type\":\"BreadcrumbList\",\"@id\":\"https:\\\/\\\/lequotidien.mr\\\/?p=21159&lang=fr#breadcrumb\",\"itemListElement\":[{\"@type\":\"ListItem\",\"position\":1,\"name\":\"Home\",\"item\":\"https:\\\/\\\/lequotidien.mr\\\/\"},{\"@type\":\"ListItem\",\"position\":2,\"name\":\"Immigration clandestine: la Mauritanie renforce son arsenal juridique face \u00e0 un d\u00e9fi grandissant\"}]},{\"@type\":\"WebSite\",\"@id\":\"https:\\\/\\\/lequotidien.mr\\\/#website\",\"url\":\"https:\\\/\\\/lequotidien.mr\\\/\",\"name\":\"Le Quotidien de Nouakchott\",\"description\":\"\u0625\u062e\u0628\u0627\u0631\u064a\u0629 \u0645\u0633\u062a\u0642\u0644\u0629 \u0644\u0644\u0623\u0646\u0628\u0627\u0621 \u0627\u0644\u0639\u0627\u0645\u0629\",\"publisher\":{\"@id\":\"https:\\\/\\\/lequotidien.mr\\\/#organization\"},\"potentialAction\":[{\"@type\":\"SearchAction\",\"target\":{\"@type\":\"EntryPoint\",\"urlTemplate\":\"https:\\\/\\\/lequotidien.mr\\\/?s={search_term_string}\"},\"query-input\":{\"@type\":\"PropertyValueSpecification\",\"valueRequired\":true,\"valueName\":\"search_term_string\"}}],\"inLanguage\":\"ar\"},{\"@type\":\"Organization\",\"@id\":\"https:\\\/\\\/lequotidien.mr\\\/#organization\",\"name\":\"Le Quotidien de Nouakchott\",\"url\":\"https:\\\/\\\/lequotidien.mr\\\/\",\"logo\":{\"@type\":\"ImageObject\",\"inLanguage\":\"ar\",\"@id\":\"https:\\\/\\\/lequotidien.mr\\\/#\\\/schema\\\/logo\\\/image\\\/\",\"url\":\"https:\\\/\\\/lequotidien.mr\\\/wp-content\\\/uploads\\\/2022\\\/11\\\/logolequotidien.jpg\",\"contentUrl\":\"https:\\\/\\\/lequotidien.mr\\\/wp-content\\\/uploads\\\/2022\\\/11\\\/logolequotidien.jpg\",\"width\":290,\"height\":65,\"caption\":\"Le Quotidien de Nouakchott\"},\"image\":{\"@id\":\"https:\\\/\\\/lequotidien.mr\\\/#\\\/schema\\\/logo\\\/image\\\/\"},\"sameAs\":[\"https:\\\/\\\/web.facebook.com\\\/lequotidienmr\",\"https:\\\/\\\/x.com\\\/lequotidienmr\"]},{\"@type\":\"Person\",\"@id\":\"https:\\\/\\\/lequotidien.mr\\\/#\\\/schema\\\/person\\\/d2d350202a4d599685ed8abc25f97596\",\"name\":\"Med Ahmed\",\"image\":{\"@type\":\"ImageObject\",\"inLanguage\":\"ar\",\"@id\":\"https:\\\/\\\/secure.gravatar.com\\\/avatar\\\/fd2acc62ed50732923d1d39c17172c9b04149f142be92310ecc69e1358f94b52?s=96&d=mm&r=g\",\"url\":\"https:\\\/\\\/secure.gravatar.com\\\/avatar\\\/fd2acc62ed50732923d1d39c17172c9b04149f142be92310ecc69e1358f94b52?s=96&d=mm&r=g\",\"contentUrl\":\"https:\\\/\\\/secure.gravatar.com\\\/avatar\\\/fd2acc62ed50732923d1d39c17172c9b04149f142be92310ecc69e1358f94b52?s=96&d=mm&r=g\",\"caption\":\"Med Ahmed\"},\"url\":\"https:\\\/\\\/lequotidien.mr\\\/?author=12\"}]}<\/script>\n<!-- \/ Yoast SEO plugin. -->","yoast_head_json":{"title":"Immigration clandestine: la Mauritanie renforce son arsenal juridique face \u00e0 un d\u00e9fi grandissant - Le Quotidien de Nouakchott","robots":{"index":"index","follow":"follow","max-snippet":"max-snippet:-1","max-image-preview":"max-image-preview:large","max-video-preview":"max-video-preview:-1"},"canonical":"https:\/\/lequotidien.mr\/?p=21159&lang=fr","og_locale":"ar_AR","og_type":"article","og_title":"Immigration clandestine: la Mauritanie renforce son arsenal juridique face \u00e0 un d\u00e9fi grandissant - Le Quotidien de Nouakchott","og_description":"L\u2019Assembl\u00e9e nationale a franchi un pas d\u00e9cisif, mardi dernier, en adoptant le projet de loi 24-029, qui modifie la l\u00e9gislation p\u00e9nale relative \u00e0 l\u2019immigration. Pr\u00e9sent\u00e9 par le ministre de l\u2019Int\u00e9rieur, M. Mohamed Ahmed Mohamed Lemine, ce texte marque une volont\u00e9 politique forte : celle d\u2019adapter la Mauritanie \u00e0 une r\u00e9alit\u00e9 migratoire de plus en plus.....","og_url":"https:\/\/lequotidien.mr\/?p=21159&lang=fr","og_site_name":"Le Quotidien de Nouakchott","article_publisher":"https:\/\/web.facebook.com\/lequotidienmr","article_published_time":"2024-09-11T10:02:08+00:00","article_modified_time":"2025-08-23T23:01:59+00:00","og_image":[{"width":336,"height":398,"url":"https:\/\/lequotidien.mr\/wp-content\/uploads\/2024\/09\/photo-immigration-RIM.jpeg","type":"image\/jpeg"}],"author":"Med Ahmed","twitter_card":"summary_large_image","twitter_creator":"@lequotidienmr","twitter_site":"@lequotidienmr","twitter_misc":{"\u0643\u064f\u062a\u0628 \u0628\u0648\u0627\u0633\u0637\u0629":"Med Ahmed","\u0648\u0642\u062a \u0627\u0644\u0642\u0631\u0627\u0621\u0629 \u0627\u0644\u0645\u064f\u0642\u062f\u0651\u0631":"7 \u062f\u0642\u0627\u0626\u0642"},"schema":{"@context":"https:\/\/schema.org","@graph":[{"@type":"Article","@id":"https:\/\/lequotidien.mr\/?p=21159&lang=fr#article","isPartOf":{"@id":"https:\/\/lequotidien.mr\/?p=21159&lang=fr"},"author":{"name":"Med Ahmed","@id":"https:\/\/lequotidien.mr\/#\/schema\/person\/d2d350202a4d599685ed8abc25f97596"},"headline":"Immigration clandestine: la Mauritanie renforce son arsenal juridique face \u00e0 un d\u00e9fi grandissant","datePublished":"2024-09-11T10:02:08+00:00","dateModified":"2025-08-23T23:01:59+00:00","mainEntityOfPage":{"@id":"https:\/\/lequotidien.mr\/?p=21159&lang=fr"},"wordCount":984,"commentCount":0,"publisher":{"@id":"https:\/\/lequotidien.mr\/#organization"},"image":{"@id":"https:\/\/lequotidien.mr\/?p=21159&lang=fr#primaryimage"},"thumbnailUrl":"https:\/\/lequotidien.mr\/wp-content\/uploads\/2024\/09\/photo-immigration-RIM.jpeg","articleSection":["ACTUALIT\u00c9","Economie"],"inLanguage":"ar","potentialAction":[{"@type":"CommentAction","name":"Comment","target":["https:\/\/lequotidien.mr\/?p=21159&lang=fr#respond"]}]},{"@type":"WebPage","@id":"https:\/\/lequotidien.mr\/?p=21159&lang=fr","url":"https:\/\/lequotidien.mr\/?p=21159&lang=fr","name":"Immigration clandestine: la Mauritanie renforce son arsenal juridique face \u00e0 un d\u00e9fi grandissant - Le Quotidien de Nouakchott","isPartOf":{"@id":"https:\/\/lequotidien.mr\/#website"},"primaryImageOfPage":{"@id":"https:\/\/lequotidien.mr\/?p=21159&lang=fr#primaryimage"},"image":{"@id":"https:\/\/lequotidien.mr\/?p=21159&lang=fr#primaryimage"},"thumbnailUrl":"https:\/\/lequotidien.mr\/wp-content\/uploads\/2024\/09\/photo-immigration-RIM.jpeg","datePublished":"2024-09-11T10:02:08+00:00","dateModified":"2025-08-23T23:01:59+00:00","breadcrumb":{"@id":"https:\/\/lequotidien.mr\/?p=21159&lang=fr#breadcrumb"},"inLanguage":"ar","potentialAction":[{"@type":"ReadAction","target":["https:\/\/lequotidien.mr\/?p=21159&lang=fr"]}]},{"@type":"ImageObject","inLanguage":"ar","@id":"https:\/\/lequotidien.mr\/?p=21159&lang=fr#primaryimage","url":"https:\/\/lequotidien.mr\/wp-content\/uploads\/2024\/09\/photo-immigration-RIM.jpeg","contentUrl":"https:\/\/lequotidien.mr\/wp-content\/uploads\/2024\/09\/photo-immigration-RIM.jpeg","width":336,"height":398},{"@type":"BreadcrumbList","@id":"https:\/\/lequotidien.mr\/?p=21159&lang=fr#breadcrumb","itemListElement":[{"@type":"ListItem","position":1,"name":"Home","item":"https:\/\/lequotidien.mr\/"},{"@type":"ListItem","position":2,"name":"Immigration clandestine: la Mauritanie renforce son arsenal juridique face \u00e0 un d\u00e9fi grandissant"}]},{"@type":"WebSite","@id":"https:\/\/lequotidien.mr\/#website","url":"https:\/\/lequotidien.mr\/","name":"Le Quotidien de Nouakchott","description":"\u0625\u062e\u0628\u0627\u0631\u064a\u0629 \u0645\u0633\u062a\u0642\u0644\u0629 \u0644\u0644\u0623\u0646\u0628\u0627\u0621 \u0627\u0644\u0639\u0627\u0645\u0629","publisher":{"@id":"https:\/\/lequotidien.mr\/#organization"},"potentialAction":[{"@type":"SearchAction","target":{"@type":"EntryPoint","urlTemplate":"https:\/\/lequotidien.mr\/?s={search_term_string}"},"query-input":{"@type":"PropertyValueSpecification","valueRequired":true,"valueName":"search_term_string"}}],"inLanguage":"ar"},{"@type":"Organization","@id":"https:\/\/lequotidien.mr\/#organization","name":"Le Quotidien de Nouakchott","url":"https:\/\/lequotidien.mr\/","logo":{"@type":"ImageObject","inLanguage":"ar","@id":"https:\/\/lequotidien.mr\/#\/schema\/logo\/image\/","url":"https:\/\/lequotidien.mr\/wp-content\/uploads\/2022\/11\/logolequotidien.jpg","contentUrl":"https:\/\/lequotidien.mr\/wp-content\/uploads\/2022\/11\/logolequotidien.jpg","width":290,"height":65,"caption":"Le Quotidien de Nouakchott"},"image":{"@id":"https:\/\/lequotidien.mr\/#\/schema\/logo\/image\/"},"sameAs":["https:\/\/web.facebook.com\/lequotidienmr","https:\/\/x.com\/lequotidienmr"]},{"@type":"Person","@id":"https:\/\/lequotidien.mr\/#\/schema\/person\/d2d350202a4d599685ed8abc25f97596","name":"Med Ahmed","image":{"@type":"ImageObject","inLanguage":"ar","@id":"https:\/\/secure.gravatar.com\/avatar\/fd2acc62ed50732923d1d39c17172c9b04149f142be92310ecc69e1358f94b52?s=96&d=mm&r=g","url":"https:\/\/secure.gravatar.com\/avatar\/fd2acc62ed50732923d1d39c17172c9b04149f142be92310ecc69e1358f94b52?s=96&d=mm&r=g","contentUrl":"https:\/\/secure.gravatar.com\/avatar\/fd2acc62ed50732923d1d39c17172c9b04149f142be92310ecc69e1358f94b52?s=96&d=mm&r=g","caption":"Med Ahmed"},"url":"https:\/\/lequotidien.mr\/?author=12"}]}},"_links":{"self":[{"href":"https:\/\/lequotidien.mr\/index.php?rest_route=\/wp\/v2\/posts\/21159","targetHints":{"allow":["GET"]}}],"collection":[{"href":"https:\/\/lequotidien.mr\/index.php?rest_route=\/wp\/v2\/posts"}],"about":[{"href":"https:\/\/lequotidien.mr\/index.php?rest_route=\/wp\/v2\/types\/post"}],"author":[{"embeddable":true,"href":"https:\/\/lequotidien.mr\/index.php?rest_route=\/wp\/v2\/users\/12"}],"replies":[{"embeddable":true,"href":"https:\/\/lequotidien.mr\/index.php?rest_route=%2Fwp%2Fv2%2Fcomments&post=21159"}],"version-history":[{"count":4,"href":"https:\/\/lequotidien.mr\/index.php?rest_route=\/wp\/v2\/posts\/21159\/revisions"}],"predecessor-version":[{"id":30359,"href":"https:\/\/lequotidien.mr\/index.php?rest_route=\/wp\/v2\/posts\/21159\/revisions\/30359"}],"wp:featuredmedia":[{"embeddable":true,"href":"https:\/\/lequotidien.mr\/index.php?rest_route=\/wp\/v2\/media\/30361"}],"wp:attachment":[{"href":"https:\/\/lequotidien.mr\/index.php?rest_route=%2Fwp%2Fv2%2Fmedia&parent=21159"}],"wp:term":[{"taxonomy":"category","embeddable":true,"href":"https:\/\/lequotidien.mr\/index.php?rest_route=%2Fwp%2Fv2%2Fcategories&post=21159"},{"taxonomy":"post_tag","embeddable":true,"href":"https:\/\/lequotidien.mr\/index.php?rest_route=%2Fwp%2Fv2%2Ftags&post=21159"}],"curies":[{"name":"wp","href":"https:\/\/api.w.org\/{rel}","templated":true}]}}