{"id":21136,"date":"2024-09-10T09:38:01","date_gmt":"2024-09-10T09:38:01","guid":{"rendered":"https:\/\/lequotidien.mr\/?p=21136"},"modified":"2024-09-10T09:38:01","modified_gmt":"2024-09-10T09:38:01","slug":"mauritanie-bm-le-premier-ministre-mokhtar-diay-et-la-banque-mondiale-discutent-de-la-cooperation-avec-la-mauritanie","status":"publish","type":"post","link":"https:\/\/lequotidien.mr\/?p=21136&lang=fr","title":{"rendered":"Mauritanie\/BM : Le Premier ministre Mokhtar Diay et la Banque mondiale discutent de la coop\u00e9ration avec la Mauritanie"},"content":{"rendered":"<p>Lundi dernier, au si\u00e8ge du Premier minist\u00e8re \u00e0 Nouakchott, le Premier ministre, M. Mokhtar Diay, a accueilli une d\u00e9l\u00e9gation de haut niveau du Groupe de la Banque mondiale. Cette d\u00e9l\u00e9gation, conduite par M. Ousmane Diagana, vice-pr\u00e9sident de la Banque mondiale charg\u00e9 de l\u2019Afrique de l\u2019Ouest et du Centre, a eu l\u2019occasion de discuter des divers domaines de coop\u00e9ration entre la Mauritanie et l\u2019institution financi\u00e8re internationale.<\/p>\n<p>La rencontre a permis d\u2019aborder les questions essentielles concernant les domaines de partenariat existants et les opportunit\u00e9s pour les d\u00e9velopper davantage. M. Diagana et les membres de la d\u00e9l\u00e9gation ont \u00e9chang\u00e9 avec le Premier ministre sur les moyens de renforcer et d\u2019\u00e9largir la coop\u00e9ration entre la Banque mondiale et la Mauritanie, en mettant l&#8217;accent sur les projets d\u2019int\u00e9r\u00eat commun. En pr\u00e9sence de M. Sid\u2019Ahmed Bouh, Ministre de l\u2019Economie et des Finances, de Mme Aicha Vall Verj\u00e8s, Directrice du cabinet du Premier ministre, et de M. Mohamed Lemine Raghani, Charg\u00e9 de mission \u00e0 la Primature, les discussions ont permis de souligner les axes prioritaires de cette coop\u00e9ration.<\/p>\n<p>Dans l&#8217;apr\u00e8s-midi, la d\u00e9l\u00e9gation conjointe de la Banque mondiale et de la Soci\u00e9t\u00e9 financi\u00e8re internationale (SFI), dirig\u00e9e par M. Sergio Pimenta, a visit\u00e9 le si\u00e8ge de la Soci\u00e9t\u00e9 nationale Industrielle et Mini\u00e8re (SNIM). Re\u00e7ue par M. Mohamed Vall Tleimidi, Directeur g\u00e9n\u00e9ral de la SNIM, la d\u00e9l\u00e9gation a pu obtenir des explications d\u00e9taill\u00e9es sur les activit\u00e9s de la soci\u00e9t\u00e9 ainsi que sur son impact significatif sur l&#8217;\u00e9conomie mauritanienne.<\/p>\n<p>Cette visite a \u00e9galement \u00e9t\u00e9 l&#8217;occasion de discuter des perspectives de coop\u00e9ration entre la Banque mondiale, la SFI et la SNIM. Les discussions ont port\u00e9 sur les synergies possibles et les projets futurs visant \u00e0 renforcer le secteur industriel et minier du pays, tout en soutenant les objectifs de d\u00e9veloppement \u00e9conomique durable de la Mauritanie.<\/p>\n<p>La Banque mondiale joue un r\u00f4le crucial dans plusieurs projets en Mauritanie, intervenant dans des domaines vari\u00e9s tels que la sant\u00e9, l\u2019\u00e9ducation, l\u2019eau, la d\u00e9centralisation et la s\u00e9curit\u00e9 sociale. Ces projets contribuent de mani\u00e8re significative \u00e0 l&#8217;am\u00e9lioration des conditions de vie des Mauritaniens et \u00e0 la consolidation des infrastructures du pays.<\/p>\n<p>L&#8217;engagement continu de la Banque mondiale et de la SFI aupr\u00e8s de la Mauritanie d\u00e9montre l&#8217;importance des relations internationales dans le soutien aux pays en d\u00e9veloppement et dans la promotion de leur croissance \u00e9conomique. Les \u00e9changes de lundi t\u00e9moignent de la volont\u00e9 commune de renforcer ces partenariats pour r\u00e9pondre aux d\u00e9fis futurs et aux aspirations de la population mauritanienne.<\/p>\n<p>La visite et les discussions de la d\u00e9l\u00e9gation de la Banque mondiale et de la SFI avec les autorit\u00e9s mauritaniennes marquent une \u00e9tape importante dans le renforcement des relations entre la Mauritanie et ses partenaires internationaux, ouvrant la voie \u00e0 de nouvelles opportunit\u00e9s pour le d\u00e9veloppement durable du pays.<\/p>\n","protected":false},"excerpt":{"rendered":"<p>Lundi dernier, au si\u00e8ge du Premier minist\u00e8re \u00e0 Nouakchott, le Premier ministre, M. Mokhtar Diay, a accueilli une d\u00e9l\u00e9gation de haut niveau du Groupe de la Banque mondiale. Cette d\u00e9l\u00e9gation, conduite par M. Ousmane Diagana, vice-pr\u00e9sident de la Banque mondiale charg\u00e9 de l\u2019Afrique de l\u2019Ouest et du Centre, a eu l\u2019occasion de discuter des divers&#8230;..<\/p>\n","protected":false},"author":12,"featured_media":21137,"comment_status":"open","ping_status":"open","sticky":false,"template":"","format":"standard","meta":{"footnotes":""},"categories":[23,49],"tags":[],"class_list":["post-21136","post","type-post","status-publish","format-standard","has-post-thumbnail","hentry","category-actualite","category-economie"],"yoast_head":"<!-- This site is optimized with the Yoast SEO plugin v27.5 - https:\/\/yoast.com\/product\/yoast-seo-wordpress\/ -->\n<title>Mauritanie\/BM : Le Premier ministre Mokhtar Diay et la Banque mondiale discutent de la coop\u00e9ration avec la Mauritanie - Le Quotidien de Nouakchott<\/title>\n<meta name=\"robots\" content=\"index, follow, max-snippet:-1, max-image-preview:large, max-video-preview:-1\" \/>\n<link rel=\"canonical\" href=\"https:\/\/lequotidien.mr\/?p=21136&lang=fr\" \/>\n<meta property=\"og:locale\" content=\"ar_AR\" \/>\n<meta property=\"og:type\" content=\"article\" \/>\n<meta property=\"og:title\" content=\"Mauritanie\/BM : Le Premier ministre Mokhtar Diay et la Banque mondiale discutent de la coop\u00e9ration avec la Mauritanie - Le Quotidien de Nouakchott\" \/>\n<meta property=\"og:description\" content=\"Lundi dernier, au si\u00e8ge du Premier minist\u00e8re \u00e0 Nouakchott, le Premier ministre, M. Mokhtar Diay, a accueilli une d\u00e9l\u00e9gation de haut niveau du Groupe de la Banque mondiale. Cette d\u00e9l\u00e9gation, conduite par M. Ousmane Diagana, vice-pr\u00e9sident de la Banque mondiale charg\u00e9 de l\u2019Afrique de l\u2019Ouest et du Centre, a eu l\u2019occasion de discuter des divers.....\" \/>\n<meta property=\"og:url\" content=\"https:\/\/lequotidien.mr\/?p=21136&amp;lang=fr\" \/>\n<meta property=\"og:site_name\" content=\"Le Quotidien de Nouakchott\" \/>\n<meta property=\"article:publisher\" content=\"https:\/\/web.facebook.com\/lequotidienmr\" \/>\n<meta property=\"article:published_time\" content=\"2024-09-10T09:38:01+00:00\" \/>\n<meta property=\"og:image\" content=\"https:\/\/lequotidien.mr\/wp-content\/uploads\/2024\/09\/photo-1er-Ministre-et-BM.jpg\" \/>\n\t<meta property=\"og:image:width\" content=\"644\" \/>\n\t<meta property=\"og:image:height\" content=\"374\" \/>\n\t<meta property=\"og:image:type\" content=\"image\/jpeg\" \/>\n<meta name=\"author\" content=\"Med Ahmed\" \/>\n<meta name=\"twitter:card\" content=\"summary_large_image\" \/>\n<meta name=\"twitter:creator\" content=\"@lequotidienmr\" \/>\n<meta name=\"twitter:site\" content=\"@lequotidienmr\" \/>\n<meta name=\"twitter:label1\" content=\"\u0643\u064f\u062a\u0628 \u0628\u0648\u0627\u0633\u0637\u0629\" \/>\n\t<meta name=\"twitter:data1\" content=\"Med Ahmed\" \/>\n\t<meta name=\"twitter:label2\" content=\"\u0648\u0642\u062a \u0627\u0644\u0642\u0631\u0627\u0621\u0629 \u0627\u0644\u0645\u064f\u0642\u062f\u0651\u0631\" \/>\n\t<meta name=\"twitter:data2\" content=\"3 \u062f\u0642\u0627\u0626\u0642\" \/>\n<script type=\"application\/ld+json\" class=\"yoast-schema-graph\">{\"@context\":\"https:\\\/\\\/schema.org\",\"@graph\":[{\"@type\":\"Article\",\"@id\":\"https:\\\/\\\/lequotidien.mr\\\/?p=21136&lang=fr#article\",\"isPartOf\":{\"@id\":\"https:\\\/\\\/lequotidien.mr\\\/?p=21136&lang=fr\"},\"author\":{\"name\":\"Med Ahmed\",\"@id\":\"https:\\\/\\\/lequotidien.mr\\\/#\\\/schema\\\/person\\\/d2d350202a4d599685ed8abc25f97596\"},\"headline\":\"Mauritanie\\\/BM : Le Premier ministre Mokhtar Diay et la Banque mondiale discutent de la coop\u00e9ration avec la Mauritanie\",\"datePublished\":\"2024-09-10T09:38:01+00:00\",\"mainEntityOfPage\":{\"@id\":\"https:\\\/\\\/lequotidien.mr\\\/?p=21136&lang=fr\"},\"wordCount\":539,\"commentCount\":0,\"publisher\":{\"@id\":\"https:\\\/\\\/lequotidien.mr\\\/#organization\"},\"image\":{\"@id\":\"https:\\\/\\\/lequotidien.mr\\\/?p=21136&lang=fr#primaryimage\"},\"thumbnailUrl\":\"https:\\\/\\\/lequotidien.mr\\\/wp-content\\\/uploads\\\/2024\\\/09\\\/photo-1er-Ministre-et-BM.jpg\",\"articleSection\":[\"ACTUALIT\u00c9\",\"Economie\"],\"inLanguage\":\"ar\",\"potentialAction\":[{\"@type\":\"CommentAction\",\"name\":\"Comment\",\"target\":[\"https:\\\/\\\/lequotidien.mr\\\/?p=21136&lang=fr#respond\"]}]},{\"@type\":\"WebPage\",\"@id\":\"https:\\\/\\\/lequotidien.mr\\\/?p=21136&lang=fr\",\"url\":\"https:\\\/\\\/lequotidien.mr\\\/?p=21136&lang=fr\",\"name\":\"Mauritanie\\\/BM : Le Premier ministre Mokhtar Diay et la Banque mondiale discutent de la coop\u00e9ration avec la Mauritanie - Le Quotidien de Nouakchott\",\"isPartOf\":{\"@id\":\"https:\\\/\\\/lequotidien.mr\\\/#website\"},\"primaryImageOfPage\":{\"@id\":\"https:\\\/\\\/lequotidien.mr\\\/?p=21136&lang=fr#primaryimage\"},\"image\":{\"@id\":\"https:\\\/\\\/lequotidien.mr\\\/?p=21136&lang=fr#primaryimage\"},\"thumbnailUrl\":\"https:\\\/\\\/lequotidien.mr\\\/wp-content\\\/uploads\\\/2024\\\/09\\\/photo-1er-Ministre-et-BM.jpg\",\"datePublished\":\"2024-09-10T09:38:01+00:00\",\"breadcrumb\":{\"@id\":\"https:\\\/\\\/lequotidien.mr\\\/?p=21136&lang=fr#breadcrumb\"},\"inLanguage\":\"ar\",\"potentialAction\":[{\"@type\":\"ReadAction\",\"target\":[\"https:\\\/\\\/lequotidien.mr\\\/?p=21136&lang=fr\"]}]},{\"@type\":\"ImageObject\",\"inLanguage\":\"ar\",\"@id\":\"https:\\\/\\\/lequotidien.mr\\\/?p=21136&lang=fr#primaryimage\",\"url\":\"https:\\\/\\\/lequotidien.mr\\\/wp-content\\\/uploads\\\/2024\\\/09\\\/photo-1er-Ministre-et-BM.jpg\",\"contentUrl\":\"https:\\\/\\\/lequotidien.mr\\\/wp-content\\\/uploads\\\/2024\\\/09\\\/photo-1er-Ministre-et-BM.jpg\",\"width\":644,\"height\":374},{\"@type\":\"BreadcrumbList\",\"@id\":\"https:\\\/\\\/lequotidien.mr\\\/?p=21136&lang=fr#breadcrumb\",\"itemListElement\":[{\"@type\":\"ListItem\",\"position\":1,\"name\":\"Home\",\"item\":\"https:\\\/\\\/lequotidien.mr\\\/\"},{\"@type\":\"ListItem\",\"position\":2,\"name\":\"Mauritanie\\\/BM : Le Premier ministre Mokhtar Diay et la Banque mondiale discutent de la coop\u00e9ration avec la Mauritanie\"}]},{\"@type\":\"WebSite\",\"@id\":\"https:\\\/\\\/lequotidien.mr\\\/#website\",\"url\":\"https:\\\/\\\/lequotidien.mr\\\/\",\"name\":\"Le Quotidien de Nouakchott\",\"description\":\"\u0625\u062e\u0628\u0627\u0631\u064a\u0629 \u0645\u0633\u062a\u0642\u0644\u0629 \u0644\u0644\u0623\u0646\u0628\u0627\u0621 \u0627\u0644\u0639\u0627\u0645\u0629\",\"publisher\":{\"@id\":\"https:\\\/\\\/lequotidien.mr\\\/#organization\"},\"potentialAction\":[{\"@type\":\"SearchAction\",\"target\":{\"@type\":\"EntryPoint\",\"urlTemplate\":\"https:\\\/\\\/lequotidien.mr\\\/?s={search_term_string}\"},\"query-input\":{\"@type\":\"PropertyValueSpecification\",\"valueRequired\":true,\"valueName\":\"search_term_string\"}}],\"inLanguage\":\"ar\"},{\"@type\":\"Organization\",\"@id\":\"https:\\\/\\\/lequotidien.mr\\\/#organization\",\"name\":\"Le Quotidien de Nouakchott\",\"url\":\"https:\\\/\\\/lequotidien.mr\\\/\",\"logo\":{\"@type\":\"ImageObject\",\"inLanguage\":\"ar\",\"@id\":\"https:\\\/\\\/lequotidien.mr\\\/#\\\/schema\\\/logo\\\/image\\\/\",\"url\":\"https:\\\/\\\/lequotidien.mr\\\/wp-content\\\/uploads\\\/2022\\\/11\\\/logolequotidien.jpg\",\"contentUrl\":\"https:\\\/\\\/lequotidien.mr\\\/wp-content\\\/uploads\\\/2022\\\/11\\\/logolequotidien.jpg\",\"width\":290,\"height\":65,\"caption\":\"Le Quotidien de Nouakchott\"},\"image\":{\"@id\":\"https:\\\/\\\/lequotidien.mr\\\/#\\\/schema\\\/logo\\\/image\\\/\"},\"sameAs\":[\"https:\\\/\\\/web.facebook.com\\\/lequotidienmr\",\"https:\\\/\\\/x.com\\\/lequotidienmr\"]},{\"@type\":\"Person\",\"@id\":\"https:\\\/\\\/lequotidien.mr\\\/#\\\/schema\\\/person\\\/d2d350202a4d599685ed8abc25f97596\",\"name\":\"Med Ahmed\",\"image\":{\"@type\":\"ImageObject\",\"inLanguage\":\"ar\",\"@id\":\"https:\\\/\\\/secure.gravatar.com\\\/avatar\\\/fd2acc62ed50732923d1d39c17172c9b04149f142be92310ecc69e1358f94b52?s=96&d=mm&r=g\",\"url\":\"https:\\\/\\\/secure.gravatar.com\\\/avatar\\\/fd2acc62ed50732923d1d39c17172c9b04149f142be92310ecc69e1358f94b52?s=96&d=mm&r=g\",\"contentUrl\":\"https:\\\/\\\/secure.gravatar.com\\\/avatar\\\/fd2acc62ed50732923d1d39c17172c9b04149f142be92310ecc69e1358f94b52?s=96&d=mm&r=g\",\"caption\":\"Med Ahmed\"},\"url\":\"https:\\\/\\\/lequotidien.mr\\\/?author=12\"}]}<\/script>\n<!-- \/ Yoast SEO plugin. -->","yoast_head_json":{"title":"Mauritanie\/BM : Le Premier ministre Mokhtar Diay et la Banque mondiale discutent de la coop\u00e9ration avec la Mauritanie - Le Quotidien de Nouakchott","robots":{"index":"index","follow":"follow","max-snippet":"max-snippet:-1","max-image-preview":"max-image-preview:large","max-video-preview":"max-video-preview:-1"},"canonical":"https:\/\/lequotidien.mr\/?p=21136&lang=fr","og_locale":"ar_AR","og_type":"article","og_title":"Mauritanie\/BM : Le Premier ministre Mokhtar Diay et la Banque mondiale discutent de la coop\u00e9ration avec la Mauritanie - Le Quotidien de Nouakchott","og_description":"Lundi dernier, au si\u00e8ge du Premier minist\u00e8re \u00e0 Nouakchott, le Premier ministre, M. Mokhtar Diay, a accueilli une d\u00e9l\u00e9gation de haut niveau du Groupe de la Banque mondiale. Cette d\u00e9l\u00e9gation, conduite par M. Ousmane Diagana, vice-pr\u00e9sident de la Banque mondiale charg\u00e9 de l\u2019Afrique de l\u2019Ouest et du Centre, a eu l\u2019occasion de discuter des divers.....","og_url":"https:\/\/lequotidien.mr\/?p=21136&lang=fr","og_site_name":"Le Quotidien de Nouakchott","article_publisher":"https:\/\/web.facebook.com\/lequotidienmr","article_published_time":"2024-09-10T09:38:01+00:00","og_image":[{"width":644,"height":374,"url":"https:\/\/lequotidien.mr\/wp-content\/uploads\/2024\/09\/photo-1er-Ministre-et-BM.jpg","type":"image\/jpeg"}],"author":"Med Ahmed","twitter_card":"summary_large_image","twitter_creator":"@lequotidienmr","twitter_site":"@lequotidienmr","twitter_misc":{"\u0643\u064f\u062a\u0628 \u0628\u0648\u0627\u0633\u0637\u0629":"Med Ahmed","\u0648\u0642\u062a \u0627\u0644\u0642\u0631\u0627\u0621\u0629 \u0627\u0644\u0645\u064f\u0642\u062f\u0651\u0631":"3 \u062f\u0642\u0627\u0626\u0642"},"schema":{"@context":"https:\/\/schema.org","@graph":[{"@type":"Article","@id":"https:\/\/lequotidien.mr\/?p=21136&lang=fr#article","isPartOf":{"@id":"https:\/\/lequotidien.mr\/?p=21136&lang=fr"},"author":{"name":"Med Ahmed","@id":"https:\/\/lequotidien.mr\/#\/schema\/person\/d2d350202a4d599685ed8abc25f97596"},"headline":"Mauritanie\/BM : Le Premier ministre Mokhtar Diay et la Banque mondiale discutent de la coop\u00e9ration avec la Mauritanie","datePublished":"2024-09-10T09:38:01+00:00","mainEntityOfPage":{"@id":"https:\/\/lequotidien.mr\/?p=21136&lang=fr"},"wordCount":539,"commentCount":0,"publisher":{"@id":"https:\/\/lequotidien.mr\/#organization"},"image":{"@id":"https:\/\/lequotidien.mr\/?p=21136&lang=fr#primaryimage"},"thumbnailUrl":"https:\/\/lequotidien.mr\/wp-content\/uploads\/2024\/09\/photo-1er-Ministre-et-BM.jpg","articleSection":["ACTUALIT\u00c9","Economie"],"inLanguage":"ar","potentialAction":[{"@type":"CommentAction","name":"Comment","target":["https:\/\/lequotidien.mr\/?p=21136&lang=fr#respond"]}]},{"@type":"WebPage","@id":"https:\/\/lequotidien.mr\/?p=21136&lang=fr","url":"https:\/\/lequotidien.mr\/?p=21136&lang=fr","name":"Mauritanie\/BM : Le Premier ministre Mokhtar Diay et la Banque mondiale discutent de la coop\u00e9ration avec la Mauritanie - Le Quotidien de Nouakchott","isPartOf":{"@id":"https:\/\/lequotidien.mr\/#website"},"primaryImageOfPage":{"@id":"https:\/\/lequotidien.mr\/?p=21136&lang=fr#primaryimage"},"image":{"@id":"https:\/\/lequotidien.mr\/?p=21136&lang=fr#primaryimage"},"thumbnailUrl":"https:\/\/lequotidien.mr\/wp-content\/uploads\/2024\/09\/photo-1er-Ministre-et-BM.jpg","datePublished":"2024-09-10T09:38:01+00:00","breadcrumb":{"@id":"https:\/\/lequotidien.mr\/?p=21136&lang=fr#breadcrumb"},"inLanguage":"ar","potentialAction":[{"@type":"ReadAction","target":["https:\/\/lequotidien.mr\/?p=21136&lang=fr"]}]},{"@type":"ImageObject","inLanguage":"ar","@id":"https:\/\/lequotidien.mr\/?p=21136&lang=fr#primaryimage","url":"https:\/\/lequotidien.mr\/wp-content\/uploads\/2024\/09\/photo-1er-Ministre-et-BM.jpg","contentUrl":"https:\/\/lequotidien.mr\/wp-content\/uploads\/2024\/09\/photo-1er-Ministre-et-BM.jpg","width":644,"height":374},{"@type":"BreadcrumbList","@id":"https:\/\/lequotidien.mr\/?p=21136&lang=fr#breadcrumb","itemListElement":[{"@type":"ListItem","position":1,"name":"Home","item":"https:\/\/lequotidien.mr\/"},{"@type":"ListItem","position":2,"name":"Mauritanie\/BM : Le Premier ministre Mokhtar Diay et la Banque mondiale discutent de la coop\u00e9ration avec la Mauritanie"}]},{"@type":"WebSite","@id":"https:\/\/lequotidien.mr\/#website","url":"https:\/\/lequotidien.mr\/","name":"Le Quotidien de Nouakchott","description":"\u0625\u062e\u0628\u0627\u0631\u064a\u0629 \u0645\u0633\u062a\u0642\u0644\u0629 \u0644\u0644\u0623\u0646\u0628\u0627\u0621 \u0627\u0644\u0639\u0627\u0645\u0629","publisher":{"@id":"https:\/\/lequotidien.mr\/#organization"},"potentialAction":[{"@type":"SearchAction","target":{"@type":"EntryPoint","urlTemplate":"https:\/\/lequotidien.mr\/?s={search_term_string}"},"query-input":{"@type":"PropertyValueSpecification","valueRequired":true,"valueName":"search_term_string"}}],"inLanguage":"ar"},{"@type":"Organization","@id":"https:\/\/lequotidien.mr\/#organization","name":"Le Quotidien de Nouakchott","url":"https:\/\/lequotidien.mr\/","logo":{"@type":"ImageObject","inLanguage":"ar","@id":"https:\/\/lequotidien.mr\/#\/schema\/logo\/image\/","url":"https:\/\/lequotidien.mr\/wp-content\/uploads\/2022\/11\/logolequotidien.jpg","contentUrl":"https:\/\/lequotidien.mr\/wp-content\/uploads\/2022\/11\/logolequotidien.jpg","width":290,"height":65,"caption":"Le Quotidien de Nouakchott"},"image":{"@id":"https:\/\/lequotidien.mr\/#\/schema\/logo\/image\/"},"sameAs":["https:\/\/web.facebook.com\/lequotidienmr","https:\/\/x.com\/lequotidienmr"]},{"@type":"Person","@id":"https:\/\/lequotidien.mr\/#\/schema\/person\/d2d350202a4d599685ed8abc25f97596","name":"Med Ahmed","image":{"@type":"ImageObject","inLanguage":"ar","@id":"https:\/\/secure.gravatar.com\/avatar\/fd2acc62ed50732923d1d39c17172c9b04149f142be92310ecc69e1358f94b52?s=96&d=mm&r=g","url":"https:\/\/secure.gravatar.com\/avatar\/fd2acc62ed50732923d1d39c17172c9b04149f142be92310ecc69e1358f94b52?s=96&d=mm&r=g","contentUrl":"https:\/\/secure.gravatar.com\/avatar\/fd2acc62ed50732923d1d39c17172c9b04149f142be92310ecc69e1358f94b52?s=96&d=mm&r=g","caption":"Med Ahmed"},"url":"https:\/\/lequotidien.mr\/?author=12"}]}},"_links":{"self":[{"href":"https:\/\/lequotidien.mr\/index.php?rest_route=\/wp\/v2\/posts\/21136","targetHints":{"allow":["GET"]}}],"collection":[{"href":"https:\/\/lequotidien.mr\/index.php?rest_route=\/wp\/v2\/posts"}],"about":[{"href":"https:\/\/lequotidien.mr\/index.php?rest_route=\/wp\/v2\/types\/post"}],"author":[{"embeddable":true,"href":"https:\/\/lequotidien.mr\/index.php?rest_route=\/wp\/v2\/users\/12"}],"replies":[{"embeddable":true,"href":"https:\/\/lequotidien.mr\/index.php?rest_route=%2Fwp%2Fv2%2Fcomments&post=21136"}],"version-history":[{"count":1,"href":"https:\/\/lequotidien.mr\/index.php?rest_route=\/wp\/v2\/posts\/21136\/revisions"}],"predecessor-version":[{"id":21138,"href":"https:\/\/lequotidien.mr\/index.php?rest_route=\/wp\/v2\/posts\/21136\/revisions\/21138"}],"wp:featuredmedia":[{"embeddable":true,"href":"https:\/\/lequotidien.mr\/index.php?rest_route=\/wp\/v2\/media\/21137"}],"wp:attachment":[{"href":"https:\/\/lequotidien.mr\/index.php?rest_route=%2Fwp%2Fv2%2Fmedia&parent=21136"}],"wp:term":[{"taxonomy":"category","embeddable":true,"href":"https:\/\/lequotidien.mr\/index.php?rest_route=%2Fwp%2Fv2%2Fcategories&post=21136"},{"taxonomy":"post_tag","embeddable":true,"href":"https:\/\/lequotidien.mr\/index.php?rest_route=%2Fwp%2Fv2%2Ftags&post=21136"}],"curies":[{"name":"wp","href":"https:\/\/api.w.org\/{rel}","templated":true}]}}