{"id":21080,"date":"2024-09-07T10:18:00","date_gmt":"2024-09-07T10:18:00","guid":{"rendered":"https:\/\/lequotidien.mr\/?p=21080"},"modified":"2024-09-07T10:18:00","modified_gmt":"2024-09-07T10:18:00","slug":"rencontre-entre-le-premier-ministre-mokhtar-diay-et-les-federations-du-commerce-et-de-lagriculture-vers-une-reduction-des-prix-des-denrees-alimentaires-de-base","status":"publish","type":"post","link":"https:\/\/lequotidien.mr\/?p=21080&lang=fr","title":{"rendered":"Rencontre entre le Premier ministre Mokhtar Diay et les F\u00e9d\u00e9rations du Commerce et de l\u2019Agriculture : Vers une r\u00e9duction des prix des denr\u00e9es alimentaires de base"},"content":{"rendered":"<p>Le Premier ministre, Monsieur Mokhtar Diay, a rencontr\u00e9, hier \u00e0 Nouakchott, les repr\u00e9sentants des f\u00e9d\u00e9rations du commerce et de l\u2019agriculture pour discuter des m\u00e9canismes de mise en \u0153uvre d\u2019un accord crucial sign\u00e9 entre le minist\u00e8re du Commerce et du Tourisme et ces deux f\u00e9d\u00e9rations. Cette rencontre a marqu\u00e9 une \u00e9tape significative dans la mise en place d\u2019initiatives destin\u00e9es \u00e0 all\u00e9ger le fardeau \u00e9conomique des citoyens.<\/p>\n<p>Lors de son intervention, le Premier ministre a exprim\u00e9 la satisfaction du gouvernement quant \u00e0 l\u2019esprit de partenariat et de coop\u00e9ration qui a pr\u00e9valu tout au long des discussions ayant conduit \u00e0 cet accord. Il a salu\u00e9 les efforts conjoints des f\u00e9d\u00e9rations pour parvenir \u00e0 un consensus, et a annonc\u00e9 que l&#8217;accord se traduit d\u00e9sormais par une r\u00e9duction substantielle des prix de plusieurs denr\u00e9es alimentaires de base. Ces produits incluent le bl\u00e9, le riz, l\u2019huile, le sucre et le lait concentr\u00e9, dont les prix seront abaiss\u00e9s de 20% \u00e0 30%.<\/p>\n<p>M. Diay a soulign\u00e9 que cette baisse de prix repr\u00e9sente un pas important vers l\u2019am\u00e9lioration du pouvoir d\u2019achat des Mauritaniens et un soutien concret face aux d\u00e9fis \u00e9conomiques. Il a \u00e9galement pr\u00e9cis\u00e9 que le gouvernement a mis en place des m\u00e9canismes rigoureux pour assurer le suivi et le contr\u00f4le strict de l\u2019accord, afin de garantir sa p\u00e9rennit\u00e9 et \u00e9viter tout d\u00e9rapage.<\/p>\n<p>Les repr\u00e9sentants des f\u00e9d\u00e9rations du commerce et de l\u2019agriculture ont confirm\u00e9 leur engagement envers l\u2019application effective de l\u2019accord. Ils ont exprim\u00e9 leur d\u00e9termination \u00e0 soutenir et \u00e0 maintenir ces r\u00e9ductions de prix, affirmant leur volont\u00e9 de contribuer \u00e0 un environnement \u00e9conomique plus stable et plus accessible pour tous les Mauritaniens.<\/p>\n<p>\u00c0 l\u2019issue de la rencontre, le Premier ministre a r\u00e9it\u00e9r\u00e9 la volont\u00e9 du gouvernement d\u2019accompagner le secteur priv\u00e9 national. Il a soulign\u00e9 que le soutien au produit national est essentiel et a promis de lever les obstacles qui freinent son d\u00e9veloppement. Cette approche est en parfaite ad\u00e9quation avec les directives du Pr\u00e9sident de la R\u00e9publique, Monsieur Mohamed Cheikh El Ghazouani, qui pr\u00f4ne un partenariat efficace avec le secteur priv\u00e9 pour stimuler la croissance \u00e9conomique du pays.<\/p>\n<p>Cette rencontre marque ainsi un tournant dans les relations entre le gouvernement et le secteur priv\u00e9, avec des engagements mutuels pour am\u00e9liorer les conditions de vie des Mauritaniens et soutenir l\u2019\u00e9conomie nationale. Le Premier ministre a conclu en affirmant que ces efforts s\u2019inscrivent dans une strat\u00e9gie plus large visant \u00e0 renforcer la stabilit\u00e9 \u00e9conomique et \u00e0 favoriser le d\u00e9veloppement durable du pays.<\/p>\n","protected":false},"excerpt":{"rendered":"<p>Le Premier ministre, Monsieur Mokhtar Diay, a rencontr\u00e9, hier \u00e0 Nouakchott, les repr\u00e9sentants des f\u00e9d\u00e9rations du commerce et de l\u2019agriculture pour discuter des m\u00e9canismes de mise en \u0153uvre d\u2019un accord crucial sign\u00e9 entre le minist\u00e8re du Commerce et du Tourisme et ces deux f\u00e9d\u00e9rations. Cette rencontre a marqu\u00e9 une \u00e9tape significative dans la mise en&#8230;..<\/p>\n","protected":false},"author":12,"featured_media":21081,"comment_status":"open","ping_status":"open","sticky":false,"template":"","format":"standard","meta":{"footnotes":""},"categories":[23,49],"tags":[],"class_list":["post-21080","post","type-post","status-publish","format-standard","has-post-thumbnail","hentry","category-actualite","category-economie"],"yoast_head":"<!-- This site is optimized with the Yoast SEO plugin v27.5 - https:\/\/yoast.com\/product\/yoast-seo-wordpress\/ -->\n<title>Rencontre entre le Premier ministre Mokhtar Diay et les F\u00e9d\u00e9rations du Commerce et de l\u2019Agriculture : Vers une r\u00e9duction des prix des denr\u00e9es alimentaires de base - Le Quotidien de Nouakchott<\/title>\n<meta name=\"robots\" content=\"index, follow, max-snippet:-1, max-image-preview:large, max-video-preview:-1\" \/>\n<link rel=\"canonical\" href=\"https:\/\/lequotidien.mr\/?p=21080&lang=fr\" \/>\n<meta property=\"og:locale\" content=\"ar_AR\" \/>\n<meta property=\"og:type\" content=\"article\" \/>\n<meta property=\"og:title\" content=\"Rencontre entre le Premier ministre Mokhtar Diay et les F\u00e9d\u00e9rations du Commerce et de l\u2019Agriculture : Vers une r\u00e9duction des prix des denr\u00e9es alimentaires de base - Le Quotidien de Nouakchott\" \/>\n<meta property=\"og:description\" content=\"Le Premier ministre, Monsieur Mokhtar Diay, a rencontr\u00e9, hier \u00e0 Nouakchott, les repr\u00e9sentants des f\u00e9d\u00e9rations du commerce et de l\u2019agriculture pour discuter des m\u00e9canismes de mise en \u0153uvre d\u2019un accord crucial sign\u00e9 entre le minist\u00e8re du Commerce et du Tourisme et ces deux f\u00e9d\u00e9rations. Cette rencontre a marqu\u00e9 une \u00e9tape significative dans la mise en.....\" \/>\n<meta property=\"og:url\" content=\"https:\/\/lequotidien.mr\/?p=21080&amp;lang=fr\" \/>\n<meta property=\"og:site_name\" content=\"Le Quotidien de Nouakchott\" \/>\n<meta property=\"article:publisher\" content=\"https:\/\/web.facebook.com\/lequotidienmr\" \/>\n<meta property=\"article:published_time\" content=\"2024-09-07T10:18:00+00:00\" \/>\n<meta property=\"og:image\" content=\"https:\/\/lequotidien.mr\/wp-content\/uploads\/2024\/09\/photo-1er-Ministre-Commerce-et-Agriculture.jpg\" \/>\n\t<meta property=\"og:image:width\" content=\"632\" \/>\n\t<meta property=\"og:image:height\" content=\"339\" \/>\n\t<meta property=\"og:image:type\" content=\"image\/jpeg\" \/>\n<meta name=\"author\" content=\"Med Ahmed\" \/>\n<meta name=\"twitter:card\" content=\"summary_large_image\" \/>\n<meta name=\"twitter:creator\" content=\"@lequotidienmr\" \/>\n<meta name=\"twitter:site\" content=\"@lequotidienmr\" \/>\n<meta name=\"twitter:label1\" content=\"\u0643\u064f\u062a\u0628 \u0628\u0648\u0627\u0633\u0637\u0629\" \/>\n\t<meta name=\"twitter:data1\" content=\"Med Ahmed\" \/>\n\t<meta name=\"twitter:label2\" content=\"\u0648\u0642\u062a \u0627\u0644\u0642\u0631\u0627\u0621\u0629 \u0627\u0644\u0645\u064f\u0642\u062f\u0651\u0631\" \/>\n\t<meta name=\"twitter:data2\" content=\"\u062f\u0642\u064a\u0642\u062a\u0627\u0646\" \/>\n<script type=\"application\/ld+json\" class=\"yoast-schema-graph\">{\"@context\":\"https:\\\/\\\/schema.org\",\"@graph\":[{\"@type\":\"Article\",\"@id\":\"https:\\\/\\\/lequotidien.mr\\\/?p=21080&lang=fr#article\",\"isPartOf\":{\"@id\":\"https:\\\/\\\/lequotidien.mr\\\/?p=21080&lang=fr\"},\"author\":{\"name\":\"Med Ahmed\",\"@id\":\"https:\\\/\\\/lequotidien.mr\\\/#\\\/schema\\\/person\\\/d2d350202a4d599685ed8abc25f97596\"},\"headline\":\"Rencontre entre le Premier ministre Mokhtar Diay et les F\u00e9d\u00e9rations du Commerce et de l\u2019Agriculture : Vers une r\u00e9duction des prix des denr\u00e9es alimentaires de base\",\"datePublished\":\"2024-09-07T10:18:00+00:00\",\"mainEntityOfPage\":{\"@id\":\"https:\\\/\\\/lequotidien.mr\\\/?p=21080&lang=fr\"},\"wordCount\":476,\"commentCount\":0,\"publisher\":{\"@id\":\"https:\\\/\\\/lequotidien.mr\\\/#organization\"},\"image\":{\"@id\":\"https:\\\/\\\/lequotidien.mr\\\/?p=21080&lang=fr#primaryimage\"},\"thumbnailUrl\":\"https:\\\/\\\/lequotidien.mr\\\/wp-content\\\/uploads\\\/2024\\\/09\\\/photo-1er-Ministre-Commerce-et-Agriculture.jpg\",\"articleSection\":[\"ACTUALIT\u00c9\",\"Economie\"],\"inLanguage\":\"ar\",\"potentialAction\":[{\"@type\":\"CommentAction\",\"name\":\"Comment\",\"target\":[\"https:\\\/\\\/lequotidien.mr\\\/?p=21080&lang=fr#respond\"]}]},{\"@type\":\"WebPage\",\"@id\":\"https:\\\/\\\/lequotidien.mr\\\/?p=21080&lang=fr\",\"url\":\"https:\\\/\\\/lequotidien.mr\\\/?p=21080&lang=fr\",\"name\":\"Rencontre entre le Premier ministre Mokhtar Diay et les F\u00e9d\u00e9rations du Commerce et de l\u2019Agriculture : Vers une r\u00e9duction des prix des denr\u00e9es alimentaires de base - Le Quotidien de Nouakchott\",\"isPartOf\":{\"@id\":\"https:\\\/\\\/lequotidien.mr\\\/#website\"},\"primaryImageOfPage\":{\"@id\":\"https:\\\/\\\/lequotidien.mr\\\/?p=21080&lang=fr#primaryimage\"},\"image\":{\"@id\":\"https:\\\/\\\/lequotidien.mr\\\/?p=21080&lang=fr#primaryimage\"},\"thumbnailUrl\":\"https:\\\/\\\/lequotidien.mr\\\/wp-content\\\/uploads\\\/2024\\\/09\\\/photo-1er-Ministre-Commerce-et-Agriculture.jpg\",\"datePublished\":\"2024-09-07T10:18:00+00:00\",\"breadcrumb\":{\"@id\":\"https:\\\/\\\/lequotidien.mr\\\/?p=21080&lang=fr#breadcrumb\"},\"inLanguage\":\"ar\",\"potentialAction\":[{\"@type\":\"ReadAction\",\"target\":[\"https:\\\/\\\/lequotidien.mr\\\/?p=21080&lang=fr\"]}]},{\"@type\":\"ImageObject\",\"inLanguage\":\"ar\",\"@id\":\"https:\\\/\\\/lequotidien.mr\\\/?p=21080&lang=fr#primaryimage\",\"url\":\"https:\\\/\\\/lequotidien.mr\\\/wp-content\\\/uploads\\\/2024\\\/09\\\/photo-1er-Ministre-Commerce-et-Agriculture.jpg\",\"contentUrl\":\"https:\\\/\\\/lequotidien.mr\\\/wp-content\\\/uploads\\\/2024\\\/09\\\/photo-1er-Ministre-Commerce-et-Agriculture.jpg\",\"width\":632,\"height\":339},{\"@type\":\"BreadcrumbList\",\"@id\":\"https:\\\/\\\/lequotidien.mr\\\/?p=21080&lang=fr#breadcrumb\",\"itemListElement\":[{\"@type\":\"ListItem\",\"position\":1,\"name\":\"Home\",\"item\":\"https:\\\/\\\/lequotidien.mr\\\/\"},{\"@type\":\"ListItem\",\"position\":2,\"name\":\"Rencontre entre le Premier ministre Mokhtar Diay et les F\u00e9d\u00e9rations du Commerce et de l\u2019Agriculture : Vers une r\u00e9duction des prix des denr\u00e9es alimentaires de base\"}]},{\"@type\":\"WebSite\",\"@id\":\"https:\\\/\\\/lequotidien.mr\\\/#website\",\"url\":\"https:\\\/\\\/lequotidien.mr\\\/\",\"name\":\"Le Quotidien de Nouakchott\",\"description\":\"\u0625\u062e\u0628\u0627\u0631\u064a\u0629 \u0645\u0633\u062a\u0642\u0644\u0629 \u0644\u0644\u0623\u0646\u0628\u0627\u0621 \u0627\u0644\u0639\u0627\u0645\u0629\",\"publisher\":{\"@id\":\"https:\\\/\\\/lequotidien.mr\\\/#organization\"},\"potentialAction\":[{\"@type\":\"SearchAction\",\"target\":{\"@type\":\"EntryPoint\",\"urlTemplate\":\"https:\\\/\\\/lequotidien.mr\\\/?s={search_term_string}\"},\"query-input\":{\"@type\":\"PropertyValueSpecification\",\"valueRequired\":true,\"valueName\":\"search_term_string\"}}],\"inLanguage\":\"ar\"},{\"@type\":\"Organization\",\"@id\":\"https:\\\/\\\/lequotidien.mr\\\/#organization\",\"name\":\"Le Quotidien de Nouakchott\",\"url\":\"https:\\\/\\\/lequotidien.mr\\\/\",\"logo\":{\"@type\":\"ImageObject\",\"inLanguage\":\"ar\",\"@id\":\"https:\\\/\\\/lequotidien.mr\\\/#\\\/schema\\\/logo\\\/image\\\/\",\"url\":\"https:\\\/\\\/lequotidien.mr\\\/wp-content\\\/uploads\\\/2022\\\/11\\\/logolequotidien.jpg\",\"contentUrl\":\"https:\\\/\\\/lequotidien.mr\\\/wp-content\\\/uploads\\\/2022\\\/11\\\/logolequotidien.jpg\",\"width\":290,\"height\":65,\"caption\":\"Le Quotidien de Nouakchott\"},\"image\":{\"@id\":\"https:\\\/\\\/lequotidien.mr\\\/#\\\/schema\\\/logo\\\/image\\\/\"},\"sameAs\":[\"https:\\\/\\\/web.facebook.com\\\/lequotidienmr\",\"https:\\\/\\\/x.com\\\/lequotidienmr\"]},{\"@type\":\"Person\",\"@id\":\"https:\\\/\\\/lequotidien.mr\\\/#\\\/schema\\\/person\\\/d2d350202a4d599685ed8abc25f97596\",\"name\":\"Med Ahmed\",\"image\":{\"@type\":\"ImageObject\",\"inLanguage\":\"ar\",\"@id\":\"https:\\\/\\\/secure.gravatar.com\\\/avatar\\\/fd2acc62ed50732923d1d39c17172c9b04149f142be92310ecc69e1358f94b52?s=96&d=mm&r=g\",\"url\":\"https:\\\/\\\/secure.gravatar.com\\\/avatar\\\/fd2acc62ed50732923d1d39c17172c9b04149f142be92310ecc69e1358f94b52?s=96&d=mm&r=g\",\"contentUrl\":\"https:\\\/\\\/secure.gravatar.com\\\/avatar\\\/fd2acc62ed50732923d1d39c17172c9b04149f142be92310ecc69e1358f94b52?s=96&d=mm&r=g\",\"caption\":\"Med Ahmed\"},\"url\":\"https:\\\/\\\/lequotidien.mr\\\/?author=12\"}]}<\/script>\n<!-- \/ Yoast SEO plugin. -->","yoast_head_json":{"title":"Rencontre entre le Premier ministre Mokhtar Diay et les F\u00e9d\u00e9rations du Commerce et de l\u2019Agriculture : Vers une r\u00e9duction des prix des denr\u00e9es alimentaires de base - Le Quotidien de Nouakchott","robots":{"index":"index","follow":"follow","max-snippet":"max-snippet:-1","max-image-preview":"max-image-preview:large","max-video-preview":"max-video-preview:-1"},"canonical":"https:\/\/lequotidien.mr\/?p=21080&lang=fr","og_locale":"ar_AR","og_type":"article","og_title":"Rencontre entre le Premier ministre Mokhtar Diay et les F\u00e9d\u00e9rations du Commerce et de l\u2019Agriculture : Vers une r\u00e9duction des prix des denr\u00e9es alimentaires de base - Le Quotidien de Nouakchott","og_description":"Le Premier ministre, Monsieur Mokhtar Diay, a rencontr\u00e9, hier \u00e0 Nouakchott, les repr\u00e9sentants des f\u00e9d\u00e9rations du commerce et de l\u2019agriculture pour discuter des m\u00e9canismes de mise en \u0153uvre d\u2019un accord crucial sign\u00e9 entre le minist\u00e8re du Commerce et du Tourisme et ces deux f\u00e9d\u00e9rations. Cette rencontre a marqu\u00e9 une \u00e9tape significative dans la mise en.....","og_url":"https:\/\/lequotidien.mr\/?p=21080&lang=fr","og_site_name":"Le Quotidien de Nouakchott","article_publisher":"https:\/\/web.facebook.com\/lequotidienmr","article_published_time":"2024-09-07T10:18:00+00:00","og_image":[{"width":632,"height":339,"url":"https:\/\/lequotidien.mr\/wp-content\/uploads\/2024\/09\/photo-1er-Ministre-Commerce-et-Agriculture.jpg","type":"image\/jpeg"}],"author":"Med Ahmed","twitter_card":"summary_large_image","twitter_creator":"@lequotidienmr","twitter_site":"@lequotidienmr","twitter_misc":{"\u0643\u064f\u062a\u0628 \u0628\u0648\u0627\u0633\u0637\u0629":"Med Ahmed","\u0648\u0642\u062a \u0627\u0644\u0642\u0631\u0627\u0621\u0629 \u0627\u0644\u0645\u064f\u0642\u062f\u0651\u0631":"\u062f\u0642\u064a\u0642\u062a\u0627\u0646"},"schema":{"@context":"https:\/\/schema.org","@graph":[{"@type":"Article","@id":"https:\/\/lequotidien.mr\/?p=21080&lang=fr#article","isPartOf":{"@id":"https:\/\/lequotidien.mr\/?p=21080&lang=fr"},"author":{"name":"Med Ahmed","@id":"https:\/\/lequotidien.mr\/#\/schema\/person\/d2d350202a4d599685ed8abc25f97596"},"headline":"Rencontre entre le Premier ministre Mokhtar Diay et les F\u00e9d\u00e9rations du Commerce et de l\u2019Agriculture : Vers une r\u00e9duction des prix des denr\u00e9es alimentaires de base","datePublished":"2024-09-07T10:18:00+00:00","mainEntityOfPage":{"@id":"https:\/\/lequotidien.mr\/?p=21080&lang=fr"},"wordCount":476,"commentCount":0,"publisher":{"@id":"https:\/\/lequotidien.mr\/#organization"},"image":{"@id":"https:\/\/lequotidien.mr\/?p=21080&lang=fr#primaryimage"},"thumbnailUrl":"https:\/\/lequotidien.mr\/wp-content\/uploads\/2024\/09\/photo-1er-Ministre-Commerce-et-Agriculture.jpg","articleSection":["ACTUALIT\u00c9","Economie"],"inLanguage":"ar","potentialAction":[{"@type":"CommentAction","name":"Comment","target":["https:\/\/lequotidien.mr\/?p=21080&lang=fr#respond"]}]},{"@type":"WebPage","@id":"https:\/\/lequotidien.mr\/?p=21080&lang=fr","url":"https:\/\/lequotidien.mr\/?p=21080&lang=fr","name":"Rencontre entre le Premier ministre Mokhtar Diay et les F\u00e9d\u00e9rations du Commerce et de l\u2019Agriculture : Vers une r\u00e9duction des prix des denr\u00e9es alimentaires de base - Le Quotidien de Nouakchott","isPartOf":{"@id":"https:\/\/lequotidien.mr\/#website"},"primaryImageOfPage":{"@id":"https:\/\/lequotidien.mr\/?p=21080&lang=fr#primaryimage"},"image":{"@id":"https:\/\/lequotidien.mr\/?p=21080&lang=fr#primaryimage"},"thumbnailUrl":"https:\/\/lequotidien.mr\/wp-content\/uploads\/2024\/09\/photo-1er-Ministre-Commerce-et-Agriculture.jpg","datePublished":"2024-09-07T10:18:00+00:00","breadcrumb":{"@id":"https:\/\/lequotidien.mr\/?p=21080&lang=fr#breadcrumb"},"inLanguage":"ar","potentialAction":[{"@type":"ReadAction","target":["https:\/\/lequotidien.mr\/?p=21080&lang=fr"]}]},{"@type":"ImageObject","inLanguage":"ar","@id":"https:\/\/lequotidien.mr\/?p=21080&lang=fr#primaryimage","url":"https:\/\/lequotidien.mr\/wp-content\/uploads\/2024\/09\/photo-1er-Ministre-Commerce-et-Agriculture.jpg","contentUrl":"https:\/\/lequotidien.mr\/wp-content\/uploads\/2024\/09\/photo-1er-Ministre-Commerce-et-Agriculture.jpg","width":632,"height":339},{"@type":"BreadcrumbList","@id":"https:\/\/lequotidien.mr\/?p=21080&lang=fr#breadcrumb","itemListElement":[{"@type":"ListItem","position":1,"name":"Home","item":"https:\/\/lequotidien.mr\/"},{"@type":"ListItem","position":2,"name":"Rencontre entre le Premier ministre Mokhtar Diay et les F\u00e9d\u00e9rations du Commerce et de l\u2019Agriculture : Vers une r\u00e9duction des prix des denr\u00e9es alimentaires de base"}]},{"@type":"WebSite","@id":"https:\/\/lequotidien.mr\/#website","url":"https:\/\/lequotidien.mr\/","name":"Le Quotidien de Nouakchott","description":"\u0625\u062e\u0628\u0627\u0631\u064a\u0629 \u0645\u0633\u062a\u0642\u0644\u0629 \u0644\u0644\u0623\u0646\u0628\u0627\u0621 \u0627\u0644\u0639\u0627\u0645\u0629","publisher":{"@id":"https:\/\/lequotidien.mr\/#organization"},"potentialAction":[{"@type":"SearchAction","target":{"@type":"EntryPoint","urlTemplate":"https:\/\/lequotidien.mr\/?s={search_term_string}"},"query-input":{"@type":"PropertyValueSpecification","valueRequired":true,"valueName":"search_term_string"}}],"inLanguage":"ar"},{"@type":"Organization","@id":"https:\/\/lequotidien.mr\/#organization","name":"Le Quotidien de Nouakchott","url":"https:\/\/lequotidien.mr\/","logo":{"@type":"ImageObject","inLanguage":"ar","@id":"https:\/\/lequotidien.mr\/#\/schema\/logo\/image\/","url":"https:\/\/lequotidien.mr\/wp-content\/uploads\/2022\/11\/logolequotidien.jpg","contentUrl":"https:\/\/lequotidien.mr\/wp-content\/uploads\/2022\/11\/logolequotidien.jpg","width":290,"height":65,"caption":"Le Quotidien de Nouakchott"},"image":{"@id":"https:\/\/lequotidien.mr\/#\/schema\/logo\/image\/"},"sameAs":["https:\/\/web.facebook.com\/lequotidienmr","https:\/\/x.com\/lequotidienmr"]},{"@type":"Person","@id":"https:\/\/lequotidien.mr\/#\/schema\/person\/d2d350202a4d599685ed8abc25f97596","name":"Med Ahmed","image":{"@type":"ImageObject","inLanguage":"ar","@id":"https:\/\/secure.gravatar.com\/avatar\/fd2acc62ed50732923d1d39c17172c9b04149f142be92310ecc69e1358f94b52?s=96&d=mm&r=g","url":"https:\/\/secure.gravatar.com\/avatar\/fd2acc62ed50732923d1d39c17172c9b04149f142be92310ecc69e1358f94b52?s=96&d=mm&r=g","contentUrl":"https:\/\/secure.gravatar.com\/avatar\/fd2acc62ed50732923d1d39c17172c9b04149f142be92310ecc69e1358f94b52?s=96&d=mm&r=g","caption":"Med Ahmed"},"url":"https:\/\/lequotidien.mr\/?author=12"}]}},"_links":{"self":[{"href":"https:\/\/lequotidien.mr\/index.php?rest_route=\/wp\/v2\/posts\/21080","targetHints":{"allow":["GET"]}}],"collection":[{"href":"https:\/\/lequotidien.mr\/index.php?rest_route=\/wp\/v2\/posts"}],"about":[{"href":"https:\/\/lequotidien.mr\/index.php?rest_route=\/wp\/v2\/types\/post"}],"author":[{"embeddable":true,"href":"https:\/\/lequotidien.mr\/index.php?rest_route=\/wp\/v2\/users\/12"}],"replies":[{"embeddable":true,"href":"https:\/\/lequotidien.mr\/index.php?rest_route=%2Fwp%2Fv2%2Fcomments&post=21080"}],"version-history":[{"count":1,"href":"https:\/\/lequotidien.mr\/index.php?rest_route=\/wp\/v2\/posts\/21080\/revisions"}],"predecessor-version":[{"id":21082,"href":"https:\/\/lequotidien.mr\/index.php?rest_route=\/wp\/v2\/posts\/21080\/revisions\/21082"}],"wp:featuredmedia":[{"embeddable":true,"href":"https:\/\/lequotidien.mr\/index.php?rest_route=\/wp\/v2\/media\/21081"}],"wp:attachment":[{"href":"https:\/\/lequotidien.mr\/index.php?rest_route=%2Fwp%2Fv2%2Fmedia&parent=21080"}],"wp:term":[{"taxonomy":"category","embeddable":true,"href":"https:\/\/lequotidien.mr\/index.php?rest_route=%2Fwp%2Fv2%2Fcategories&post=21080"},{"taxonomy":"post_tag","embeddable":true,"href":"https:\/\/lequotidien.mr\/index.php?rest_route=%2Fwp%2Fv2%2Ftags&post=21080"}],"curies":[{"name":"wp","href":"https:\/\/api.w.org\/{rel}","templated":true}]}}