{"id":2103,"date":"2022-12-22T13:23:34","date_gmt":"2022-12-22T13:23:34","guid":{"rendered":"https:\/\/lequotidien.mr\/?p=2103"},"modified":"2022-12-22T13:23:34","modified_gmt":"2022-12-22T13:23:34","slug":"communique-du-conseil-des-ministres-du-mercredi-21-decembre-2022","status":"publish","type":"post","link":"https:\/\/lequotidien.mr\/?p=2103&lang=fr","title":{"rendered":"Communiqu\u00e9 du Conseil des Ministres du mercredi 21 d\u00e9cembre 2022"},"content":{"rendered":"<p>AMI &#8211; Le Conseil des ministres s\u2019est r\u00e9uni le mercredi 21 d\u00e9cembre 2022 sous la Pr\u00e9sidence de Son Excellence Monsieur le Pr\u00e9sident de la R\u00e9publique Mohamed Ould Cheikh El-Ghazouani.<\/p>\n<p>Le Conseil a examin\u00e9 et approuv\u00e9 le projet de loi autorisant la ratification de l\u2019accord de pr\u00eat sign\u00e9 le 10 d\u00e9cembre 2022, entre la R\u00e9publique Islamique de Mauritanie et l\u2019Association Internationale de D\u00e9veloppement (IDA), destin\u00e9 au financement du projet d\u2019Appui au D\u00e9veloppement et \u00e0 l\u2019Innovation dans le Secteur Agricole en Mauritanie (PADISAM).<\/p>\n<p>Le pr\u00e9sent projet de loi, propos\u00e9, soutient les objectifs du Gouvernement au titre du Plan National de D\u00e9veloppement de l\u2019Agriculture (PNDA), du plan National du d\u00e9veloppement de l\u2019\u00c9levage (PNDE), de sa strat\u00e9gie de d\u00e9veloppement des ressources fonci\u00e8res, ainsi que son engagement \u00e0 augmenter les investissements dans la gestion des ressources hydriques.<\/p>\n<p>Le projet appuiera \u00e9galement le d\u00e9veloppement et la conservation des territoires pilot\u00e9s par les communaut\u00e9s, ainsi que la commercialisation d\u2019une agriculture inclusive, afin de g\u00e9n\u00e9rer des gains de productivit\u00e9, de favoriser le fonctionnement des \u00e9cosyst\u00e8mes et de stimuler les revenus des b\u00e9n\u00e9ficiaires.<\/p>\n<p>Le Conseil a \u00e9galement examin\u00e9 et adopt\u00e9 les projets de d\u00e9crets suivants :<\/p>\n<p>-Projet de d\u00e9cret fixant les modalit\u00e9s du recensement administratif \u00e0 vocation \u00e9lectorale (RAVEL).<\/p>\n<p>Le pr\u00e9sent projet de d\u00e9cret a pour objectif de d\u00e9finir les modalit\u00e9s d\u2019organisation du Recensement Administratif \u00e0 Vocation Electoral (RAVEL) 2023.<\/p>\n<p>Le RAVEL vise \u00e0 atteindre les objectifs sp\u00e9cifiques suivants : (i) recenser tous les citoyens mauritaniens poss\u00e9dant la carte d\u2019identit\u00e9, \u00e2g\u00e9s de 18 ans r\u00e9volus, et plus, \u00e0 la date du scrutin, et r\u00e9pondant aux conditions juridiques en vigueur, (ii) constituer un nouveau fichier \u00e9lectoral \u00e0 partir des donn\u00e9es collect\u00e9es lors du recensement ; et (iii) apurer ce fichier sur la base du d\u00e9coupage des bureaux de vote valid\u00e9 pour l\u2019\u00e9tablissement d\u2019une liste \u00e9lectorale.<\/p>\n<p>\u2013 Projet de d\u00e9cret prorogeant la dur\u00e9e de validit\u00e9 de la carte d\u2019identit\u00e9.<\/p>\n<p>Le pr\u00e9sent projet d\u00e9cret vise \u00e0 revoir et mettre \u00e0 jour certaines dispositions du d\u00e9cret n\u00b02021-138 du 03 ao\u00fbt 2021 instituant une carte d\u2019identit\u00e9 nationale et pr\u00e9cisant les modalit\u00e9s de sa d\u00e9livrance afin de suivre le rythme des nouvelles \u00e9volutions de circonstances et tendances et ce par la prorogation de la dur\u00e9e de validit\u00e9 de la carte d\u2019identit\u00e9 jusqu\u2019au 31 d\u00e9cembre 2024.<\/p>\n<p>-Projet de d\u00e9cret portant cr\u00e9ation d\u2019un \u00e9tablissement public \u00e0 caract\u00e8re administratif d\u00e9nomm\u00e9 \u00ab Institut pour la Promotion et l\u2019Enseignement des Langues Nationales (IPELAN) \u00bb et fixant les r\u00e8gles de son organisation et de son fonctionnement.<\/p>\n<p>La cr\u00e9ation de cet Institut intervient en application des dispositions de la loi d\u2019Orientation du syst\u00e8me Educatif National n\u00b02022-023 du 17 ao\u00fbt 2022. L\u2019IPELAN a pour mission : (i) d\u2019organiser, de coordonner et de promouvoir l\u2019ensemble des recherches appliqu\u00e9es dans le domaine des langues nationales ; (ii) de pr\u00e9parer l\u2019introduction dans le syst\u00e8me \u00e9ducatif national des langues Pulaar, Sonink\u00e9 et Wolof ; (iii) d\u2019assurer la formation du personnel charg\u00e9 de l\u2019enseignement de ces langues dans les \u00e9tablissements scolaires ; et iv) d\u2019assurer l\u2019\u00e9laboration du mat\u00e9riel p\u00e9dagogique.<\/p>\n<p>\u2013 Projet de d\u00e9cret portant cr\u00e9ation d\u2019un \u00e9tablissement public \u00e0 caract\u00e8re administratif d\u00e9nomm\u00e9 \u00ab Ecole Normale des Instituteurs de Kiffa \u00bb et fixant les r\u00e8gles de son organisation et de son fonctionnement.<\/p>\n<p>Ce projet de d\u00e9cret, qui vise \u00e0 concr\u00e9tiser l\u2019engagement pris par SEM le Pr\u00e9sident de la R\u00e9publique dans son programme \u00e9lectorale \u00ab TAAHOUDATY \u00bb \u00e0 implanter une \u00e9cole normale d\u2019instituteurs dans la ville de Kiffa, va permettre une formation initiale, consolid\u00e9e qui consiste en un des piliers des plus importants de notre syst\u00e8me \u00e9ducatif, en raison de son r\u00f4le dans la qualification et le d\u00e9veloppement des capacit\u00e9s des enseignants.<\/p>\n<p>-Projet de d\u00e9cret portant cr\u00e9ation et organisation d\u2019un \u00e9tablissement public \u00e0 caract\u00e8re industriel et commercial d\u00e9nomm\u00e9 \u00ab Agence Mauritanienne de S\u00e9curit\u00e9 Sanitaire des Aliments \u00bb (AMSSA) et fixant les r\u00e8gles de son fonctionnement.<\/p>\n<p>La cr\u00e9ation de cette agence vise \u00e0 :<\/p>\n<p>(i) doter notre pays d\u2019une institution nationale moderne qui favorise l\u2019instauration de la transparence et travaille, au niveau national et international, \u00e0 v\u00e9hiculer l\u2019image de marque de la Mauritanie dans le domaine de la S\u00e9curit\u00e9 Sanitaire et du contr\u00f4le de la qualit\u00e9 des aliments ; et<\/p>\n<p>(ii) (ii) renforcer les capacit\u00e9s de l\u2019administration centrale en charge de la protection des consommateurs pour qu\u2019elle soit \u00e0 m\u00eame d\u2019imposer la rigueur de la loi en mati\u00e8re de sanctions.<\/p>\n<p>Le Conseil s\u2019est f\u00e9licit\u00e9 du succ\u00e8s de la participation de SEM le Pr\u00e9sident de la R\u00e9publique au Sommet \u00ab Etats-Unis Afrique \u00bb, marqu\u00e9 par l\u2019admission de notre pays au Programme du Millenium Challenge Corporation (MCC), qui permet l\u2019acc\u00e8s au financement de projets de d\u00e9veloppement ax\u00e9s sur la r\u00e9duction de la pauvret\u00e9, et qui t\u00e9moigne de l\u2019\u00e9volution de notre pays en mati\u00e8re de transparence, de bonne gouvernance et de lutte contre la corruption.<\/p>\n<p>Au cours de ce sommet, SEM le Pr\u00e9sident de la R\u00e9publique a rencontr\u00e9 en plus du Pr\u00e9sident des Etats-Unis d\u2019Am\u00e9rique plusieurs hautes personnalit\u00e9s, dont notamment le Pr\u00e9sident du groupe de la Banque Mondiale, la Directrice G\u00e9n\u00e9rale du Fonds mon\u00e9taire International, le PDG de Cosmos Energy et la Directrice G\u00e9n\u00e9rale du Millenium Challenge Corporation (MCC).<\/p>\n<p>Il a par ailleurs pr\u00e9sid\u00e9 une session de pr\u00e9sentation des opportunit\u00e9s des investissements en Mauritanie aupr\u00e8s de la communaut\u00e9 am\u00e9ricaine des affaires, au cours de laquelle un accord de partenariat a \u00e9t\u00e9 sign\u00e9 entre un investisseur am\u00e9ricain (African Agriculture) et le GIE DYNN, op\u00e9rant dans le d\u00e9veloppement agricole au niveau du Casier Pilote de Bogh\u00e9 (CPB).<\/p>\n<p>Le conseil s\u2019est \u00e9galement f\u00e9licit\u00e9 de l\u2019accueil r\u00e9serv\u00e9 par la diaspora mauritanienne en Am\u00e9rique du Nord, dont les repr\u00e9sentants ont \u00e9t\u00e9 re\u00e7us en audience par SEM le Pr\u00e9sident de la R\u00e9publique, et ont salu\u00e9 les r\u00e9formes engag\u00e9es par le Gouvernement, qui garantissent un d\u00e9veloppement harmonieux de notre pays.<\/p>\n<p>Par ailleurs, SEM le Pr\u00e9sident de la R\u00e9publique a instruit les membres du Gouvernement de tenir compte de la n\u00e9cessit\u00e9 vitale de la transformation de notre administration par le num\u00e9rique afin de l\u2019introduire dans toutes les initiatives visant l\u2019efficacit\u00e9 de l\u2019administration, sa proximit\u00e9 du citoyen ainsi que l\u2019am\u00e9lioration de l\u2019action gouvernementale pour le d\u00e9veloppement socio\u00e9conomique de notre pays.<\/p>\n<p>Le Ministre des Affaires Etrang\u00e8res, de la Coop\u00e9ration et des Mauritaniens de l\u2019Ext\u00e9rieur a pr\u00e9sent\u00e9 une communication relative \u00e0 la situation internationale.<\/p>\n<p>Le Ministre de l\u2019Int\u00e9rieur et de la D\u00e9centralisation a pr\u00e9sent\u00e9 une communication relative \u00e0 la situation int\u00e9rieure.<\/p>\n<p>Le Ministre du P\u00e9trole, des Mines et de l\u2019Energie a pr\u00e9sent\u00e9 une communication relative \u00e0 l\u2019autorisation de signature d\u2019un avenant de r\u00e9am\u00e9nagement des phases de la P\u00e9riode de Recherche du Contrat d\u2019Exploration-Production portant sur le bloc C-15, op\u00e9r\u00e9 par la Soci\u00e9t\u00e9 Total Energies E&amp;P Mauritania DW.BV.<\/p>\n<p>Conscient de l\u2019importance de la promotion du potentiel p\u00e9trolier de notre offshore, notamment durant la conjoncture internationale actuelle marqu\u00e9e par la baisse des activit\u00e9s d\u2019exploration, et consid\u00e9rant l\u2019importance de flexibilit\u00e9 avec les op\u00e9rateurs pr\u00e9sents sur des blocs \u00e0 position extr\u00eame (profondeur d\u2019eau plus de 2800 m), et consid\u00e9rant que les dispositions de l\u2019article 20 du code des hydrocarbures relatif \u00e0 la dur\u00e9e de la p\u00e9riode de recherche ont \u00e9t\u00e9 respect\u00e9es, cette communication a pour objet d\u2019autoriser la signature d\u2019un avenant au contrat, concr\u00e9tisant le r\u00e9am\u00e9nagement des phases d\u2019exploration cit\u00e9e dans le bloc C-15.<\/p>\n","protected":false},"excerpt":{"rendered":"<p>AMI &#8211; Le Conseil des ministres s\u2019est r\u00e9uni le mercredi 21 d\u00e9cembre 2022 sous la Pr\u00e9sidence de Son Excellence Monsieur le Pr\u00e9sident de la R\u00e9publique Mohamed Ould Cheikh El-Ghazouani. Le Conseil a examin\u00e9 et approuv\u00e9 le projet de loi autorisant la ratification de l\u2019accord de pr\u00eat sign\u00e9 le 10 d\u00e9cembre 2022, entre la R\u00e9publique Islamique&#8230;..<\/p>\n","protected":false},"author":5,"featured_media":2104,"comment_status":"open","ping_status":"open","sticky":false,"template":"","format":"standard","meta":{"footnotes":""},"categories":[23,49],"tags":[],"class_list":["post-2103","post","type-post","status-publish","format-standard","has-post-thumbnail","hentry","category-actualite","category-economie"],"yoast_head":"<!-- This site is optimized with the Yoast SEO plugin v27.5 - https:\/\/yoast.com\/product\/yoast-seo-wordpress\/ -->\n<title>Communiqu\u00e9 du Conseil des Ministres du mercredi 21 d\u00e9cembre 2022 - Le Quotidien de Nouakchott<\/title>\n<meta name=\"robots\" content=\"index, follow, max-snippet:-1, max-image-preview:large, max-video-preview:-1\" \/>\n<link rel=\"canonical\" href=\"https:\/\/lequotidien.mr\/?p=2103&lang=fr\" \/>\n<meta property=\"og:locale\" content=\"ar_AR\" \/>\n<meta property=\"og:type\" content=\"article\" \/>\n<meta property=\"og:title\" content=\"Communiqu\u00e9 du Conseil des Ministres du mercredi 21 d\u00e9cembre 2022 - Le Quotidien de Nouakchott\" \/>\n<meta property=\"og:description\" content=\"AMI &#8211; Le Conseil des ministres s\u2019est r\u00e9uni le mercredi 21 d\u00e9cembre 2022 sous la Pr\u00e9sidence de Son Excellence Monsieur le Pr\u00e9sident de la R\u00e9publique Mohamed Ould Cheikh El-Ghazouani. Le Conseil a examin\u00e9 et approuv\u00e9 le projet de loi autorisant la ratification de l\u2019accord de pr\u00eat sign\u00e9 le 10 d\u00e9cembre 2022, entre la R\u00e9publique Islamique.....\" \/>\n<meta property=\"og:url\" content=\"https:\/\/lequotidien.mr\/?p=2103&amp;lang=fr\" \/>\n<meta property=\"og:site_name\" content=\"Le Quotidien de Nouakchott\" \/>\n<meta property=\"article:publisher\" content=\"https:\/\/web.facebook.com\/lequotidienmr\" \/>\n<meta property=\"article:published_time\" content=\"2022-12-22T13:23:34+00:00\" \/>\n<meta property=\"og:image\" content=\"https:\/\/lequotidien.mr\/wp-content\/uploads\/2022\/12\/conseil_des_ministres_05_10_2022_s008.jpg\" \/>\n\t<meta property=\"og:image:width\" content=\"750\" \/>\n\t<meta property=\"og:image:height\" content=\"430\" \/>\n\t<meta property=\"og:image:type\" content=\"image\/jpeg\" \/>\n<meta name=\"author\" content=\"Gayi Diawara\" \/>\n<meta name=\"twitter:card\" content=\"summary_large_image\" \/>\n<meta name=\"twitter:creator\" content=\"@lequotidienmr\" \/>\n<meta name=\"twitter:site\" content=\"@lequotidienmr\" \/>\n<meta name=\"twitter:label1\" content=\"\u0643\u064f\u062a\u0628 \u0628\u0648\u0627\u0633\u0637\u0629\" \/>\n\t<meta name=\"twitter:data1\" content=\"Gayi Diawara\" \/>\n\t<meta name=\"twitter:label2\" content=\"\u0648\u0642\u062a \u0627\u0644\u0642\u0631\u0627\u0621\u0629 \u0627\u0644\u0645\u064f\u0642\u062f\u0651\u0631\" \/>\n\t<meta name=\"twitter:data2\" content=\"6 \u062f\u0642\u0627\u0626\u0642\" \/>\n<script type=\"application\/ld+json\" class=\"yoast-schema-graph\">{\"@context\":\"https:\\\/\\\/schema.org\",\"@graph\":[{\"@type\":\"Article\",\"@id\":\"https:\\\/\\\/lequotidien.mr\\\/?p=2103&lang=fr#article\",\"isPartOf\":{\"@id\":\"https:\\\/\\\/lequotidien.mr\\\/?p=2103&lang=fr\"},\"author\":{\"name\":\"Gayi Diawara\",\"@id\":\"https:\\\/\\\/lequotidien.mr\\\/#\\\/schema\\\/person\\\/1077c8abd5640a6514b909318d271dee\"},\"headline\":\"Communiqu\u00e9 du Conseil des Ministres du mercredi 21 d\u00e9cembre 2022\",\"datePublished\":\"2022-12-22T13:23:34+00:00\",\"mainEntityOfPage\":{\"@id\":\"https:\\\/\\\/lequotidien.mr\\\/?p=2103&lang=fr\"},\"wordCount\":1361,\"commentCount\":0,\"publisher\":{\"@id\":\"https:\\\/\\\/lequotidien.mr\\\/#organization\"},\"image\":{\"@id\":\"https:\\\/\\\/lequotidien.mr\\\/?p=2103&lang=fr#primaryimage\"},\"thumbnailUrl\":\"https:\\\/\\\/lequotidien.mr\\\/wp-content\\\/uploads\\\/2022\\\/12\\\/conseil_des_ministres_05_10_2022_s008.jpg\",\"articleSection\":[\"ACTUALIT\u00c9\",\"Economie\"],\"inLanguage\":\"ar\",\"potentialAction\":[{\"@type\":\"CommentAction\",\"name\":\"Comment\",\"target\":[\"https:\\\/\\\/lequotidien.mr\\\/?p=2103&lang=fr#respond\"]}]},{\"@type\":\"WebPage\",\"@id\":\"https:\\\/\\\/lequotidien.mr\\\/?p=2103&lang=fr\",\"url\":\"https:\\\/\\\/lequotidien.mr\\\/?p=2103&lang=fr\",\"name\":\"Communiqu\u00e9 du Conseil des Ministres du mercredi 21 d\u00e9cembre 2022 - Le Quotidien de Nouakchott\",\"isPartOf\":{\"@id\":\"https:\\\/\\\/lequotidien.mr\\\/#website\"},\"primaryImageOfPage\":{\"@id\":\"https:\\\/\\\/lequotidien.mr\\\/?p=2103&lang=fr#primaryimage\"},\"image\":{\"@id\":\"https:\\\/\\\/lequotidien.mr\\\/?p=2103&lang=fr#primaryimage\"},\"thumbnailUrl\":\"https:\\\/\\\/lequotidien.mr\\\/wp-content\\\/uploads\\\/2022\\\/12\\\/conseil_des_ministres_05_10_2022_s008.jpg\",\"datePublished\":\"2022-12-22T13:23:34+00:00\",\"breadcrumb\":{\"@id\":\"https:\\\/\\\/lequotidien.mr\\\/?p=2103&lang=fr#breadcrumb\"},\"inLanguage\":\"ar\",\"potentialAction\":[{\"@type\":\"ReadAction\",\"target\":[\"https:\\\/\\\/lequotidien.mr\\\/?p=2103&lang=fr\"]}]},{\"@type\":\"ImageObject\",\"inLanguage\":\"ar\",\"@id\":\"https:\\\/\\\/lequotidien.mr\\\/?p=2103&lang=fr#primaryimage\",\"url\":\"https:\\\/\\\/lequotidien.mr\\\/wp-content\\\/uploads\\\/2022\\\/12\\\/conseil_des_ministres_05_10_2022_s008.jpg\",\"contentUrl\":\"https:\\\/\\\/lequotidien.mr\\\/wp-content\\\/uploads\\\/2022\\\/12\\\/conseil_des_ministres_05_10_2022_s008.jpg\",\"width\":750,\"height\":430},{\"@type\":\"BreadcrumbList\",\"@id\":\"https:\\\/\\\/lequotidien.mr\\\/?p=2103&lang=fr#breadcrumb\",\"itemListElement\":[{\"@type\":\"ListItem\",\"position\":1,\"name\":\"Home\",\"item\":\"https:\\\/\\\/lequotidien.mr\\\/\"},{\"@type\":\"ListItem\",\"position\":2,\"name\":\"Communiqu\u00e9 du Conseil des Ministres du mercredi 21 d\u00e9cembre 2022\"}]},{\"@type\":\"WebSite\",\"@id\":\"https:\\\/\\\/lequotidien.mr\\\/#website\",\"url\":\"https:\\\/\\\/lequotidien.mr\\\/\",\"name\":\"Le Quotidien de Nouakchott\",\"description\":\"\u0625\u062e\u0628\u0627\u0631\u064a\u0629 \u0645\u0633\u062a\u0642\u0644\u0629 \u0644\u0644\u0623\u0646\u0628\u0627\u0621 \u0627\u0644\u0639\u0627\u0645\u0629\",\"publisher\":{\"@id\":\"https:\\\/\\\/lequotidien.mr\\\/#organization\"},\"potentialAction\":[{\"@type\":\"SearchAction\",\"target\":{\"@type\":\"EntryPoint\",\"urlTemplate\":\"https:\\\/\\\/lequotidien.mr\\\/?s={search_term_string}\"},\"query-input\":{\"@type\":\"PropertyValueSpecification\",\"valueRequired\":true,\"valueName\":\"search_term_string\"}}],\"inLanguage\":\"ar\"},{\"@type\":\"Organization\",\"@id\":\"https:\\\/\\\/lequotidien.mr\\\/#organization\",\"name\":\"Le Quotidien de Nouakchott\",\"url\":\"https:\\\/\\\/lequotidien.mr\\\/\",\"logo\":{\"@type\":\"ImageObject\",\"inLanguage\":\"ar\",\"@id\":\"https:\\\/\\\/lequotidien.mr\\\/#\\\/schema\\\/logo\\\/image\\\/\",\"url\":\"https:\\\/\\\/lequotidien.mr\\\/wp-content\\\/uploads\\\/2022\\\/11\\\/logolequotidien.jpg\",\"contentUrl\":\"https:\\\/\\\/lequotidien.mr\\\/wp-content\\\/uploads\\\/2022\\\/11\\\/logolequotidien.jpg\",\"width\":290,\"height\":65,\"caption\":\"Le Quotidien de Nouakchott\"},\"image\":{\"@id\":\"https:\\\/\\\/lequotidien.mr\\\/#\\\/schema\\\/logo\\\/image\\\/\"},\"sameAs\":[\"https:\\\/\\\/web.facebook.com\\\/lequotidienmr\",\"https:\\\/\\\/x.com\\\/lequotidienmr\"]},{\"@type\":\"Person\",\"@id\":\"https:\\\/\\\/lequotidien.mr\\\/#\\\/schema\\\/person\\\/1077c8abd5640a6514b909318d271dee\",\"name\":\"Gayi Diawara\",\"image\":{\"@type\":\"ImageObject\",\"inLanguage\":\"ar\",\"@id\":\"https:\\\/\\\/secure.gravatar.com\\\/avatar\\\/63ea8db1e19a6d2d608b24c0f78b5f3a7d6e0bc11959fec273410af333e4d0ac?s=96&d=mm&r=g\",\"url\":\"https:\\\/\\\/secure.gravatar.com\\\/avatar\\\/63ea8db1e19a6d2d608b24c0f78b5f3a7d6e0bc11959fec273410af333e4d0ac?s=96&d=mm&r=g\",\"contentUrl\":\"https:\\\/\\\/secure.gravatar.com\\\/avatar\\\/63ea8db1e19a6d2d608b24c0f78b5f3a7d6e0bc11959fec273410af333e4d0ac?s=96&d=mm&r=g\",\"caption\":\"Gayi Diawara\"},\"sameAs\":[\"http:\\\/\\\/lequotidien.mr\"],\"url\":\"https:\\\/\\\/lequotidien.mr\\\/?author=5\"}]}<\/script>\n<!-- \/ Yoast SEO plugin. -->","yoast_head_json":{"title":"Communiqu\u00e9 du Conseil des Ministres du mercredi 21 d\u00e9cembre 2022 - Le Quotidien de Nouakchott","robots":{"index":"index","follow":"follow","max-snippet":"max-snippet:-1","max-image-preview":"max-image-preview:large","max-video-preview":"max-video-preview:-1"},"canonical":"https:\/\/lequotidien.mr\/?p=2103&lang=fr","og_locale":"ar_AR","og_type":"article","og_title":"Communiqu\u00e9 du Conseil des Ministres du mercredi 21 d\u00e9cembre 2022 - Le Quotidien de Nouakchott","og_description":"AMI &#8211; Le Conseil des ministres s\u2019est r\u00e9uni le mercredi 21 d\u00e9cembre 2022 sous la Pr\u00e9sidence de Son Excellence Monsieur le Pr\u00e9sident de la R\u00e9publique Mohamed Ould Cheikh El-Ghazouani. Le Conseil a examin\u00e9 et approuv\u00e9 le projet de loi autorisant la ratification de l\u2019accord de pr\u00eat sign\u00e9 le 10 d\u00e9cembre 2022, entre la R\u00e9publique Islamique.....","og_url":"https:\/\/lequotidien.mr\/?p=2103&lang=fr","og_site_name":"Le Quotidien de Nouakchott","article_publisher":"https:\/\/web.facebook.com\/lequotidienmr","article_published_time":"2022-12-22T13:23:34+00:00","og_image":[{"width":750,"height":430,"url":"https:\/\/lequotidien.mr\/wp-content\/uploads\/2022\/12\/conseil_des_ministres_05_10_2022_s008.jpg","type":"image\/jpeg"}],"author":"Gayi Diawara","twitter_card":"summary_large_image","twitter_creator":"@lequotidienmr","twitter_site":"@lequotidienmr","twitter_misc":{"\u0643\u064f\u062a\u0628 \u0628\u0648\u0627\u0633\u0637\u0629":"Gayi Diawara","\u0648\u0642\u062a \u0627\u0644\u0642\u0631\u0627\u0621\u0629 \u0627\u0644\u0645\u064f\u0642\u062f\u0651\u0631":"6 \u062f\u0642\u0627\u0626\u0642"},"schema":{"@context":"https:\/\/schema.org","@graph":[{"@type":"Article","@id":"https:\/\/lequotidien.mr\/?p=2103&lang=fr#article","isPartOf":{"@id":"https:\/\/lequotidien.mr\/?p=2103&lang=fr"},"author":{"name":"Gayi Diawara","@id":"https:\/\/lequotidien.mr\/#\/schema\/person\/1077c8abd5640a6514b909318d271dee"},"headline":"Communiqu\u00e9 du Conseil des Ministres du mercredi 21 d\u00e9cembre 2022","datePublished":"2022-12-22T13:23:34+00:00","mainEntityOfPage":{"@id":"https:\/\/lequotidien.mr\/?p=2103&lang=fr"},"wordCount":1361,"commentCount":0,"publisher":{"@id":"https:\/\/lequotidien.mr\/#organization"},"image":{"@id":"https:\/\/lequotidien.mr\/?p=2103&lang=fr#primaryimage"},"thumbnailUrl":"https:\/\/lequotidien.mr\/wp-content\/uploads\/2022\/12\/conseil_des_ministres_05_10_2022_s008.jpg","articleSection":["ACTUALIT\u00c9","Economie"],"inLanguage":"ar","potentialAction":[{"@type":"CommentAction","name":"Comment","target":["https:\/\/lequotidien.mr\/?p=2103&lang=fr#respond"]}]},{"@type":"WebPage","@id":"https:\/\/lequotidien.mr\/?p=2103&lang=fr","url":"https:\/\/lequotidien.mr\/?p=2103&lang=fr","name":"Communiqu\u00e9 du Conseil des Ministres du mercredi 21 d\u00e9cembre 2022 - Le Quotidien de Nouakchott","isPartOf":{"@id":"https:\/\/lequotidien.mr\/#website"},"primaryImageOfPage":{"@id":"https:\/\/lequotidien.mr\/?p=2103&lang=fr#primaryimage"},"image":{"@id":"https:\/\/lequotidien.mr\/?p=2103&lang=fr#primaryimage"},"thumbnailUrl":"https:\/\/lequotidien.mr\/wp-content\/uploads\/2022\/12\/conseil_des_ministres_05_10_2022_s008.jpg","datePublished":"2022-12-22T13:23:34+00:00","breadcrumb":{"@id":"https:\/\/lequotidien.mr\/?p=2103&lang=fr#breadcrumb"},"inLanguage":"ar","potentialAction":[{"@type":"ReadAction","target":["https:\/\/lequotidien.mr\/?p=2103&lang=fr"]}]},{"@type":"ImageObject","inLanguage":"ar","@id":"https:\/\/lequotidien.mr\/?p=2103&lang=fr#primaryimage","url":"https:\/\/lequotidien.mr\/wp-content\/uploads\/2022\/12\/conseil_des_ministres_05_10_2022_s008.jpg","contentUrl":"https:\/\/lequotidien.mr\/wp-content\/uploads\/2022\/12\/conseil_des_ministres_05_10_2022_s008.jpg","width":750,"height":430},{"@type":"BreadcrumbList","@id":"https:\/\/lequotidien.mr\/?p=2103&lang=fr#breadcrumb","itemListElement":[{"@type":"ListItem","position":1,"name":"Home","item":"https:\/\/lequotidien.mr\/"},{"@type":"ListItem","position":2,"name":"Communiqu\u00e9 du Conseil des Ministres du mercredi 21 d\u00e9cembre 2022"}]},{"@type":"WebSite","@id":"https:\/\/lequotidien.mr\/#website","url":"https:\/\/lequotidien.mr\/","name":"Le Quotidien de Nouakchott","description":"\u0625\u062e\u0628\u0627\u0631\u064a\u0629 \u0645\u0633\u062a\u0642\u0644\u0629 \u0644\u0644\u0623\u0646\u0628\u0627\u0621 \u0627\u0644\u0639\u0627\u0645\u0629","publisher":{"@id":"https:\/\/lequotidien.mr\/#organization"},"potentialAction":[{"@type":"SearchAction","target":{"@type":"EntryPoint","urlTemplate":"https:\/\/lequotidien.mr\/?s={search_term_string}"},"query-input":{"@type":"PropertyValueSpecification","valueRequired":true,"valueName":"search_term_string"}}],"inLanguage":"ar"},{"@type":"Organization","@id":"https:\/\/lequotidien.mr\/#organization","name":"Le Quotidien de Nouakchott","url":"https:\/\/lequotidien.mr\/","logo":{"@type":"ImageObject","inLanguage":"ar","@id":"https:\/\/lequotidien.mr\/#\/schema\/logo\/image\/","url":"https:\/\/lequotidien.mr\/wp-content\/uploads\/2022\/11\/logolequotidien.jpg","contentUrl":"https:\/\/lequotidien.mr\/wp-content\/uploads\/2022\/11\/logolequotidien.jpg","width":290,"height":65,"caption":"Le Quotidien de Nouakchott"},"image":{"@id":"https:\/\/lequotidien.mr\/#\/schema\/logo\/image\/"},"sameAs":["https:\/\/web.facebook.com\/lequotidienmr","https:\/\/x.com\/lequotidienmr"]},{"@type":"Person","@id":"https:\/\/lequotidien.mr\/#\/schema\/person\/1077c8abd5640a6514b909318d271dee","name":"Gayi Diawara","image":{"@type":"ImageObject","inLanguage":"ar","@id":"https:\/\/secure.gravatar.com\/avatar\/63ea8db1e19a6d2d608b24c0f78b5f3a7d6e0bc11959fec273410af333e4d0ac?s=96&d=mm&r=g","url":"https:\/\/secure.gravatar.com\/avatar\/63ea8db1e19a6d2d608b24c0f78b5f3a7d6e0bc11959fec273410af333e4d0ac?s=96&d=mm&r=g","contentUrl":"https:\/\/secure.gravatar.com\/avatar\/63ea8db1e19a6d2d608b24c0f78b5f3a7d6e0bc11959fec273410af333e4d0ac?s=96&d=mm&r=g","caption":"Gayi Diawara"},"sameAs":["http:\/\/lequotidien.mr"],"url":"https:\/\/lequotidien.mr\/?author=5"}]}},"_links":{"self":[{"href":"https:\/\/lequotidien.mr\/index.php?rest_route=\/wp\/v2\/posts\/2103","targetHints":{"allow":["GET"]}}],"collection":[{"href":"https:\/\/lequotidien.mr\/index.php?rest_route=\/wp\/v2\/posts"}],"about":[{"href":"https:\/\/lequotidien.mr\/index.php?rest_route=\/wp\/v2\/types\/post"}],"author":[{"embeddable":true,"href":"https:\/\/lequotidien.mr\/index.php?rest_route=\/wp\/v2\/users\/5"}],"replies":[{"embeddable":true,"href":"https:\/\/lequotidien.mr\/index.php?rest_route=%2Fwp%2Fv2%2Fcomments&post=2103"}],"version-history":[{"count":1,"href":"https:\/\/lequotidien.mr\/index.php?rest_route=\/wp\/v2\/posts\/2103\/revisions"}],"predecessor-version":[{"id":2105,"href":"https:\/\/lequotidien.mr\/index.php?rest_route=\/wp\/v2\/posts\/2103\/revisions\/2105"}],"wp:featuredmedia":[{"embeddable":true,"href":"https:\/\/lequotidien.mr\/index.php?rest_route=\/wp\/v2\/media\/2104"}],"wp:attachment":[{"href":"https:\/\/lequotidien.mr\/index.php?rest_route=%2Fwp%2Fv2%2Fmedia&parent=2103"}],"wp:term":[{"taxonomy":"category","embeddable":true,"href":"https:\/\/lequotidien.mr\/index.php?rest_route=%2Fwp%2Fv2%2Fcategories&post=2103"},{"taxonomy":"post_tag","embeddable":true,"href":"https:\/\/lequotidien.mr\/index.php?rest_route=%2Fwp%2Fv2%2Ftags&post=2103"}],"curies":[{"name":"wp","href":"https:\/\/api.w.org\/{rel}","templated":true}]}}