{"id":21012,"date":"2024-09-04T19:30:39","date_gmt":"2024-09-04T19:30:39","guid":{"rendered":"https:\/\/lequotidien.mr\/?p=21012"},"modified":"2024-09-04T19:30:39","modified_gmt":"2024-09-04T19:30:39","slug":"le-premier-ministre-mokhtar-ould-djaye-presente-sa-declaration-de-politique-generale-devant-le-parlement","status":"publish","type":"post","link":"https:\/\/lequotidien.mr\/?p=21012&lang=fr","title":{"rendered":"Le Premier ministre Mokhtar Ould Djaye pr\u00e9sente sa d\u00e9claration de politique g\u00e9n\u00e9rale devant le Parlement"},"content":{"rendered":"<p>Cet apr\u00e8s-midi, le Premier ministre Mokhtar Ould Djaye a pr\u00e9sent\u00e9 devant l\u2019Assembl\u00e9e nationale sa d\u00e9claration de politique g\u00e9n\u00e9rale, dans le cadre du nouveau mandat pr\u00e9sidentiel de Mohamed Ould Cheikh El Ghazouani, \u00e9lu pour un second mandat en juillet 2024. Ce discours marquant, ax\u00e9 sur cinq d\u00e9fis majeurs, a mis en avant les priorit\u00e9s et ambitions du gouvernement pour les prochaines ann\u00e9es.<\/p>\n<p>Le Premier ministre a insist\u00e9 sur la n\u00e9cessit\u00e9 de \u00a0renforcer l&#8217;\u00c9tat de droit et la gouvernance, en annon\u00e7ant une s\u00e9rie de r\u00e9formes destin\u00e9es \u00e0 moderniser l&#8217;administration publique, notamment via la digitalisation des services, la formation des fonctionnaires et la r\u00e9forme du syst\u00e8me judiciaire. La lutte contre la corruption figure \u00e9galement parmi les priorit\u00e9s.<\/p>\n<p>La \u00a0diversification \u00e9conomique et le d\u00e9veloppement durable \u00a0ont \u00e9galement \u00e9t\u00e9 mis en avant. Mokhtar Ould Djaye a soulign\u00e9 l\u2019importance d\u2019investir dans les secteurs agricoles, miniers, et \u00e9nerg\u00e9tiques pour diversifier les sources de croissance, tout en mettant un accent particulier sur les \u00e9nergies renouvelables, notamment l\u2019hydrog\u00e8ne vert, ainsi que sur l&#8217;am\u00e9lioration des infrastructures n\u00e9cessaires pour soutenir la croissance \u00e9conomique du pays.<\/p>\n<p>Concernant l\u2019am\u00e9lioration des conditions de vie, le gouvernement s\u2019engage \u00e0 lutter contre la pauvret\u00e9 et les in\u00e9galit\u00e9s sociales, en augmentant l\u2019acc\u00e8s aux services publics de base tels que l\u2019eau, l\u2019\u00e9lectricit\u00e9 et l\u2019habitat. Des programmes sociaux cibl\u00e9s, comme l&#8217;assurance maladie et le renforcement des infrastructures sanitaires, seront mis en place pour am\u00e9liorer la r\u00e9silience des citoyens les plus vuln\u00e9rables.<\/p>\n<p>Le \u00a0capital humain et la jeunesse \u00a0occupent une place pr\u00e9pond\u00e9rante dans la feuille de route du gouvernement. Le Premier ministre a pr\u00e9sent\u00e9 des projets visant \u00e0 renforcer le syst\u00e8me \u00e9ducatif, \u00e0 promouvoir l&#8217;employabilit\u00e9 des jeunes et \u00e0 encourager l&#8217;entrepreneuriat. Un accent particulier sera mis sur la formation technique et professionnelle pour r\u00e9pondre aux besoins du march\u00e9 de l\u2019emploi.<\/p>\n<p>Le volet \u00a0s\u00e9curit\u00e9 et pr\u00e9sence internationale a \u00e9galement \u00e9t\u00e9 abord\u00e9. Mokhtar Ould Djaye a soulign\u00e9 l\u2019importance de maintenir la stabilit\u00e9 face aux d\u00e9fis r\u00e9gionaux, notamment dans le Sahel, tout en r\u00e9affirmant l\u2019engagement de la Mauritanie en faveur de la paix et de la coop\u00e9ration internationale. Il a \u00e9galement rappel\u00e9 le r\u00f4le crucial des forces arm\u00e9es nationales dans la protection du pays.<\/p>\n<p>Renforcement de l&#8217;unit\u00e9 nationale et de la coh\u00e9sion sociale : Le Premier ministre a soulign\u00e9 l&#8217;importance de renforcer l&#8217;unit\u00e9 nationale en \u00e9radiquant les st\u00e9r\u00e9otypes et les mentalit\u00e9s r\u00e9trogrades, en mettant l&#8217;accent sur une r\u00e9partition \u00e9quitable des richesses et des opportunit\u00e9s, notamment pour les populations marginalis\u00e9es. Des efforts suppl\u00e9mentaires seront d\u00e9ploy\u00e9s \u00e0 travers des programmes sociaux renforc\u00e9s, comme ceux men\u00e9s par la D\u00e9l\u00e9gation G\u00e9n\u00e9rale \u00e0 la Solidarit\u00e9 Nationale et \u00e0 la Lutte Contre l&#8217;Exclusion (Taazour).<\/p>\n<p>R\u00e9formes \u00e9conomiques et infrastructurelles : Des projets cl\u00e9s seront mis en place pour am\u00e9liorer les infrastructures dans les secteurs de l&#8217;eau, de l&#8217;\u00e9lectricit\u00e9 et du transport. Le gouvernement pr\u00e9voit de moderniser la Soci\u00e9t\u00e9 Mauritanienne d&#8217;\u00c9lectricit\u00e9 (Somelec) et la Soci\u00e9t\u00e9 Nationale de l\u2019Eau (SNDE), tout en construisant de nouveaux barrages, en augmentant la production d&#8217;\u00e9lectricit\u00e9 et en am\u00e9liorant le r\u00e9seau routier.<\/p>\n<p>Engagement pour la s\u00e9curit\u00e9 et la stabilit\u00e9 : Le Premier ministre a r\u00e9it\u00e9r\u00e9 l&#8217;engagement du gouvernement \u00e0 renforcer les capacit\u00e9s des forces arm\u00e9es pour faire face aux menaces r\u00e9gionales, telles que le terrorisme. La diplomatie mauritanienne continuera \u00e0 d\u00e9fendre les causes justes, notamment la cause palestinienne.<\/p>\n<p>Plan d\u2019action imm\u00e9diat : Le gouvernement se concentrera sur l&#8217;acc\u00e9l\u00e9ration des projets en cours, l&#8217;am\u00e9lioration des conditions de vie des citoyens, et la mise en place de m\u00e9canismes de contr\u00f4le citoyen pour suivre l\u2019action gouvernementale. Un accent particulier sera mis sur la lutte contre la sp\u00e9culation sur les prix des denr\u00e9es de base et le d\u00e9senclavement des zones rurales.<\/p>\n<p><strong>R\u00e9sum\u00e9 des cinq chantiers prioritaires du gouvernement mauritanien pour l\u2019ann\u00e9e en cours :<\/strong><\/p>\n<ol>\n<li>Acc\u00e9l\u00e9ration des projets en cours : Le gouvernement se concentre sur l&#8217;ach\u00e8vement rapide de grands projets, tels que la remise en service de la soci\u00e9t\u00e9 mauritanienne de produits laitiers de N\u00e9ma, la finalisation du pont du carrefour Madrid et la mise en service de la station de dessalement d&#8217;eau de mer \u00e0 Nouadhibou.<\/li>\n<li>Lancement de nouveaux projets : De nouveaux projets verront le jour, dont l\u2019assainissement de Nouakchott, l&#8217;alimentation en eau potable de Kiffa et le d\u00e9senclavement des p\u00e9rim\u00e8tres agricoles de l\u2019Aftout Sahili.<\/li>\n<li>Am\u00e9lioration des conditions de vie : Des programmes d&#8217;urgence seront lanc\u00e9s pour soutenir les citoyens les plus d\u00e9munis, notamment via la stabilisation des prix des denr\u00e9es de base, la couverture sant\u00e9 des \u00e9tudiants et la cr\u00e9ation d\u2019emplois pour les jeunes.<\/li>\n<li>Participation citoyenne : Le gouvernement mettra en place des plateformes num\u00e9riques pour permettre aux citoyens de suivre et de contr\u00f4ler l\u2019action publique, avec un accent particulier sur l&#8217;\u00e9ducation et la sant\u00e9.<\/li>\n<li>Lancement d\u2019\u00e9tudes pour des r\u00e9formes strat\u00e9giques : Des \u00e9tudes seront initi\u00e9es pour pr\u00e9parer plusieurs r\u00e9formes majeures, comme la r\u00e9vision du code des march\u00e9s publics, la r\u00e9forme des retraites et des projets strat\u00e9giques d\u2019infrastructures, tels que des lignes de chemin de fer et de tramway.<\/li>\n<\/ol>\n<p>Le Premier ministre Mokhtar Ould Djaye a conclu en r\u00e9it\u00e9rant son engagement \u00e0 travailler en \u00e9troite collaboration avec le Parlement, dans le respect des principes de transparence et de dialogue, pour r\u00e9aliser les ambitions de la Mauritanie. Il a exprim\u00e9 sa confiance dans la capacit\u00e9 collective \u00e0 surmonter les d\u00e9fis et \u00e0 construire un avenir prosp\u00e8re pour tous les Mauritaniens.<\/p>\n","protected":false},"excerpt":{"rendered":"<p>Cet apr\u00e8s-midi, le Premier ministre Mokhtar Ould Djaye a pr\u00e9sent\u00e9 devant l\u2019Assembl\u00e9e nationale sa d\u00e9claration de politique g\u00e9n\u00e9rale, dans le cadre du nouveau mandat pr\u00e9sidentiel de Mohamed Ould Cheikh El Ghazouani, \u00e9lu pour un second mandat en juillet 2024. Ce discours marquant, ax\u00e9 sur cinq d\u00e9fis majeurs, a mis en avant les priorit\u00e9s et ambitions&#8230;..<\/p>\n","protected":false},"author":4,"featured_media":21013,"comment_status":"open","ping_status":"open","sticky":false,"template":"","format":"standard","meta":{"footnotes":""},"categories":[23,57],"tags":[],"class_list":["post-21012","post","type-post","status-publish","format-standard","has-post-thumbnail","hentry","category-actualite","category-couverture-specilale"],"yoast_head":"<!-- This site is optimized with the Yoast SEO plugin v27.5 - https:\/\/yoast.com\/product\/yoast-seo-wordpress\/ -->\n<title>Le Premier ministre Mokhtar Ould Djaye pr\u00e9sente sa d\u00e9claration de politique g\u00e9n\u00e9rale devant le Parlement - Le Quotidien de Nouakchott<\/title>\n<meta name=\"robots\" content=\"index, follow, max-snippet:-1, max-image-preview:large, max-video-preview:-1\" \/>\n<link rel=\"canonical\" href=\"https:\/\/lequotidien.mr\/?p=21012&lang=fr\" \/>\n<meta property=\"og:locale\" content=\"ar_AR\" \/>\n<meta property=\"og:type\" content=\"article\" \/>\n<meta property=\"og:title\" content=\"Le Premier ministre Mokhtar Ould Djaye pr\u00e9sente sa d\u00e9claration de politique g\u00e9n\u00e9rale devant le Parlement - Le Quotidien de Nouakchott\" \/>\n<meta property=\"og:description\" content=\"Cet apr\u00e8s-midi, le Premier ministre Mokhtar Ould Djaye a pr\u00e9sent\u00e9 devant l\u2019Assembl\u00e9e nationale sa d\u00e9claration de politique g\u00e9n\u00e9rale, dans le cadre du nouveau mandat pr\u00e9sidentiel de Mohamed Ould Cheikh El Ghazouani, \u00e9lu pour un second mandat en juillet 2024. Ce discours marquant, ax\u00e9 sur cinq d\u00e9fis majeurs, a mis en avant les priorit\u00e9s et ambitions.....\" \/>\n<meta property=\"og:url\" content=\"https:\/\/lequotidien.mr\/?p=21012&amp;lang=fr\" \/>\n<meta property=\"og:site_name\" content=\"Le Quotidien de Nouakchott\" \/>\n<meta property=\"article:publisher\" content=\"https:\/\/web.facebook.com\/lequotidienmr\" \/>\n<meta property=\"article:published_time\" content=\"2024-09-04T19:30:39+00:00\" \/>\n<meta property=\"og:image\" content=\"https:\/\/lequotidien.mr\/wp-content\/uploads\/2024\/09\/pm-esam-04-750x430-1.jpg\" \/>\n\t<meta property=\"og:image:width\" content=\"750\" \/>\n\t<meta property=\"og:image:height\" content=\"430\" \/>\n\t<meta property=\"og:image:type\" content=\"image\/jpeg\" \/>\n<meta name=\"author\" content=\"Le Quotidien\" \/>\n<meta name=\"twitter:card\" content=\"summary_large_image\" \/>\n<meta name=\"twitter:creator\" content=\"@lequotidienmr\" \/>\n<meta name=\"twitter:site\" content=\"@lequotidienmr\" \/>\n<meta name=\"twitter:label1\" content=\"\u0643\u064f\u062a\u0628 \u0628\u0648\u0627\u0633\u0637\u0629\" \/>\n\t<meta name=\"twitter:data1\" content=\"Le Quotidien\" \/>\n\t<meta name=\"twitter:label2\" content=\"\u0648\u0642\u062a \u0627\u0644\u0642\u0631\u0627\u0621\u0629 \u0627\u0644\u0645\u064f\u0642\u062f\u0651\u0631\" \/>\n\t<meta name=\"twitter:data2\" content=\"4 \u062f\u0642\u0627\u0626\u0642\" \/>\n<script type=\"application\/ld+json\" class=\"yoast-schema-graph\">{\"@context\":\"https:\\\/\\\/schema.org\",\"@graph\":[{\"@type\":\"Article\",\"@id\":\"https:\\\/\\\/lequotidien.mr\\\/?p=21012&lang=fr#article\",\"isPartOf\":{\"@id\":\"https:\\\/\\\/lequotidien.mr\\\/?p=21012&lang=fr\"},\"author\":{\"name\":\"Le Quotidien\",\"@id\":\"https:\\\/\\\/lequotidien.mr\\\/#\\\/schema\\\/person\\\/f90fcdaa970c60288de4ed2e64a56472\"},\"headline\":\"Le Premier ministre Mokhtar Ould Djaye pr\u00e9sente sa d\u00e9claration de politique g\u00e9n\u00e9rale devant le Parlement\",\"datePublished\":\"2024-09-04T19:30:39+00:00\",\"mainEntityOfPage\":{\"@id\":\"https:\\\/\\\/lequotidien.mr\\\/?p=21012&lang=fr\"},\"wordCount\":1017,\"commentCount\":0,\"publisher\":{\"@id\":\"https:\\\/\\\/lequotidien.mr\\\/#organization\"},\"image\":{\"@id\":\"https:\\\/\\\/lequotidien.mr\\\/?p=21012&lang=fr#primaryimage\"},\"thumbnailUrl\":\"https:\\\/\\\/lequotidien.mr\\\/wp-content\\\/uploads\\\/2024\\\/09\\\/pm-esam-04-750x430-1.jpg\",\"articleSection\":[\"ACTUALIT\u00c9\",\"Couverture sp\u00e9cilale\"],\"inLanguage\":\"ar\",\"potentialAction\":[{\"@type\":\"CommentAction\",\"name\":\"Comment\",\"target\":[\"https:\\\/\\\/lequotidien.mr\\\/?p=21012&lang=fr#respond\"]}]},{\"@type\":\"WebPage\",\"@id\":\"https:\\\/\\\/lequotidien.mr\\\/?p=21012&lang=fr\",\"url\":\"https:\\\/\\\/lequotidien.mr\\\/?p=21012&lang=fr\",\"name\":\"Le Premier ministre Mokhtar Ould Djaye pr\u00e9sente sa d\u00e9claration de politique g\u00e9n\u00e9rale devant le Parlement - Le Quotidien de Nouakchott\",\"isPartOf\":{\"@id\":\"https:\\\/\\\/lequotidien.mr\\\/#website\"},\"primaryImageOfPage\":{\"@id\":\"https:\\\/\\\/lequotidien.mr\\\/?p=21012&lang=fr#primaryimage\"},\"image\":{\"@id\":\"https:\\\/\\\/lequotidien.mr\\\/?p=21012&lang=fr#primaryimage\"},\"thumbnailUrl\":\"https:\\\/\\\/lequotidien.mr\\\/wp-content\\\/uploads\\\/2024\\\/09\\\/pm-esam-04-750x430-1.jpg\",\"datePublished\":\"2024-09-04T19:30:39+00:00\",\"breadcrumb\":{\"@id\":\"https:\\\/\\\/lequotidien.mr\\\/?p=21012&lang=fr#breadcrumb\"},\"inLanguage\":\"ar\",\"potentialAction\":[{\"@type\":\"ReadAction\",\"target\":[\"https:\\\/\\\/lequotidien.mr\\\/?p=21012&lang=fr\"]}]},{\"@type\":\"ImageObject\",\"inLanguage\":\"ar\",\"@id\":\"https:\\\/\\\/lequotidien.mr\\\/?p=21012&lang=fr#primaryimage\",\"url\":\"https:\\\/\\\/lequotidien.mr\\\/wp-content\\\/uploads\\\/2024\\\/09\\\/pm-esam-04-750x430-1.jpg\",\"contentUrl\":\"https:\\\/\\\/lequotidien.mr\\\/wp-content\\\/uploads\\\/2024\\\/09\\\/pm-esam-04-750x430-1.jpg\",\"width\":750,\"height\":430},{\"@type\":\"BreadcrumbList\",\"@id\":\"https:\\\/\\\/lequotidien.mr\\\/?p=21012&lang=fr#breadcrumb\",\"itemListElement\":[{\"@type\":\"ListItem\",\"position\":1,\"name\":\"Home\",\"item\":\"https:\\\/\\\/lequotidien.mr\\\/\"},{\"@type\":\"ListItem\",\"position\":2,\"name\":\"Le Premier ministre Mokhtar Ould Djaye pr\u00e9sente sa d\u00e9claration de politique g\u00e9n\u00e9rale devant le Parlement\"}]},{\"@type\":\"WebSite\",\"@id\":\"https:\\\/\\\/lequotidien.mr\\\/#website\",\"url\":\"https:\\\/\\\/lequotidien.mr\\\/\",\"name\":\"Le Quotidien de Nouakchott\",\"description\":\"\u0625\u062e\u0628\u0627\u0631\u064a\u0629 \u0645\u0633\u062a\u0642\u0644\u0629 \u0644\u0644\u0623\u0646\u0628\u0627\u0621 \u0627\u0644\u0639\u0627\u0645\u0629\",\"publisher\":{\"@id\":\"https:\\\/\\\/lequotidien.mr\\\/#organization\"},\"potentialAction\":[{\"@type\":\"SearchAction\",\"target\":{\"@type\":\"EntryPoint\",\"urlTemplate\":\"https:\\\/\\\/lequotidien.mr\\\/?s={search_term_string}\"},\"query-input\":{\"@type\":\"PropertyValueSpecification\",\"valueRequired\":true,\"valueName\":\"search_term_string\"}}],\"inLanguage\":\"ar\"},{\"@type\":\"Organization\",\"@id\":\"https:\\\/\\\/lequotidien.mr\\\/#organization\",\"name\":\"Le Quotidien de Nouakchott\",\"url\":\"https:\\\/\\\/lequotidien.mr\\\/\",\"logo\":{\"@type\":\"ImageObject\",\"inLanguage\":\"ar\",\"@id\":\"https:\\\/\\\/lequotidien.mr\\\/#\\\/schema\\\/logo\\\/image\\\/\",\"url\":\"https:\\\/\\\/lequotidien.mr\\\/wp-content\\\/uploads\\\/2022\\\/11\\\/logolequotidien.jpg\",\"contentUrl\":\"https:\\\/\\\/lequotidien.mr\\\/wp-content\\\/uploads\\\/2022\\\/11\\\/logolequotidien.jpg\",\"width\":290,\"height\":65,\"caption\":\"Le Quotidien de Nouakchott\"},\"image\":{\"@id\":\"https:\\\/\\\/lequotidien.mr\\\/#\\\/schema\\\/logo\\\/image\\\/\"},\"sameAs\":[\"https:\\\/\\\/web.facebook.com\\\/lequotidienmr\",\"https:\\\/\\\/x.com\\\/lequotidienmr\"]},{\"@type\":\"Person\",\"@id\":\"https:\\\/\\\/lequotidien.mr\\\/#\\\/schema\\\/person\\\/f90fcdaa970c60288de4ed2e64a56472\",\"name\":\"Le Quotidien\",\"image\":{\"@type\":\"ImageObject\",\"inLanguage\":\"ar\",\"@id\":\"https:\\\/\\\/secure.gravatar.com\\\/avatar\\\/374cb39a1a458a912465a93e5a3ce6546886fc3da809a1f10c63e4e8fcbca30f?s=96&d=mm&r=g\",\"url\":\"https:\\\/\\\/secure.gravatar.com\\\/avatar\\\/374cb39a1a458a912465a93e5a3ce6546886fc3da809a1f10c63e4e8fcbca30f?s=96&d=mm&r=g\",\"contentUrl\":\"https:\\\/\\\/secure.gravatar.com\\\/avatar\\\/374cb39a1a458a912465a93e5a3ce6546886fc3da809a1f10c63e4e8fcbca30f?s=96&d=mm&r=g\",\"caption\":\"Le Quotidien\"},\"sameAs\":[\"https:\\\/\\\/lequotidien.mr\\\/\"],\"url\":\"https:\\\/\\\/lequotidien.mr\\\/?author=4\"}]}<\/script>\n<!-- \/ Yoast SEO plugin. -->","yoast_head_json":{"title":"Le Premier ministre Mokhtar Ould Djaye pr\u00e9sente sa d\u00e9claration de politique g\u00e9n\u00e9rale devant le Parlement - Le Quotidien de Nouakchott","robots":{"index":"index","follow":"follow","max-snippet":"max-snippet:-1","max-image-preview":"max-image-preview:large","max-video-preview":"max-video-preview:-1"},"canonical":"https:\/\/lequotidien.mr\/?p=21012&lang=fr","og_locale":"ar_AR","og_type":"article","og_title":"Le Premier ministre Mokhtar Ould Djaye pr\u00e9sente sa d\u00e9claration de politique g\u00e9n\u00e9rale devant le Parlement - Le Quotidien de Nouakchott","og_description":"Cet apr\u00e8s-midi, le Premier ministre Mokhtar Ould Djaye a pr\u00e9sent\u00e9 devant l\u2019Assembl\u00e9e nationale sa d\u00e9claration de politique g\u00e9n\u00e9rale, dans le cadre du nouveau mandat pr\u00e9sidentiel de Mohamed Ould Cheikh El Ghazouani, \u00e9lu pour un second mandat en juillet 2024. Ce discours marquant, ax\u00e9 sur cinq d\u00e9fis majeurs, a mis en avant les priorit\u00e9s et ambitions.....","og_url":"https:\/\/lequotidien.mr\/?p=21012&lang=fr","og_site_name":"Le Quotidien de Nouakchott","article_publisher":"https:\/\/web.facebook.com\/lequotidienmr","article_published_time":"2024-09-04T19:30:39+00:00","og_image":[{"width":750,"height":430,"url":"https:\/\/lequotidien.mr\/wp-content\/uploads\/2024\/09\/pm-esam-04-750x430-1.jpg","type":"image\/jpeg"}],"author":"Le Quotidien","twitter_card":"summary_large_image","twitter_creator":"@lequotidienmr","twitter_site":"@lequotidienmr","twitter_misc":{"\u0643\u064f\u062a\u0628 \u0628\u0648\u0627\u0633\u0637\u0629":"Le Quotidien","\u0648\u0642\u062a \u0627\u0644\u0642\u0631\u0627\u0621\u0629 \u0627\u0644\u0645\u064f\u0642\u062f\u0651\u0631":"4 \u062f\u0642\u0627\u0626\u0642"},"schema":{"@context":"https:\/\/schema.org","@graph":[{"@type":"Article","@id":"https:\/\/lequotidien.mr\/?p=21012&lang=fr#article","isPartOf":{"@id":"https:\/\/lequotidien.mr\/?p=21012&lang=fr"},"author":{"name":"Le Quotidien","@id":"https:\/\/lequotidien.mr\/#\/schema\/person\/f90fcdaa970c60288de4ed2e64a56472"},"headline":"Le Premier ministre Mokhtar Ould Djaye pr\u00e9sente sa d\u00e9claration de politique g\u00e9n\u00e9rale devant le Parlement","datePublished":"2024-09-04T19:30:39+00:00","mainEntityOfPage":{"@id":"https:\/\/lequotidien.mr\/?p=21012&lang=fr"},"wordCount":1017,"commentCount":0,"publisher":{"@id":"https:\/\/lequotidien.mr\/#organization"},"image":{"@id":"https:\/\/lequotidien.mr\/?p=21012&lang=fr#primaryimage"},"thumbnailUrl":"https:\/\/lequotidien.mr\/wp-content\/uploads\/2024\/09\/pm-esam-04-750x430-1.jpg","articleSection":["ACTUALIT\u00c9","Couverture sp\u00e9cilale"],"inLanguage":"ar","potentialAction":[{"@type":"CommentAction","name":"Comment","target":["https:\/\/lequotidien.mr\/?p=21012&lang=fr#respond"]}]},{"@type":"WebPage","@id":"https:\/\/lequotidien.mr\/?p=21012&lang=fr","url":"https:\/\/lequotidien.mr\/?p=21012&lang=fr","name":"Le Premier ministre Mokhtar Ould Djaye pr\u00e9sente sa d\u00e9claration de politique g\u00e9n\u00e9rale devant le Parlement - Le Quotidien de Nouakchott","isPartOf":{"@id":"https:\/\/lequotidien.mr\/#website"},"primaryImageOfPage":{"@id":"https:\/\/lequotidien.mr\/?p=21012&lang=fr#primaryimage"},"image":{"@id":"https:\/\/lequotidien.mr\/?p=21012&lang=fr#primaryimage"},"thumbnailUrl":"https:\/\/lequotidien.mr\/wp-content\/uploads\/2024\/09\/pm-esam-04-750x430-1.jpg","datePublished":"2024-09-04T19:30:39+00:00","breadcrumb":{"@id":"https:\/\/lequotidien.mr\/?p=21012&lang=fr#breadcrumb"},"inLanguage":"ar","potentialAction":[{"@type":"ReadAction","target":["https:\/\/lequotidien.mr\/?p=21012&lang=fr"]}]},{"@type":"ImageObject","inLanguage":"ar","@id":"https:\/\/lequotidien.mr\/?p=21012&lang=fr#primaryimage","url":"https:\/\/lequotidien.mr\/wp-content\/uploads\/2024\/09\/pm-esam-04-750x430-1.jpg","contentUrl":"https:\/\/lequotidien.mr\/wp-content\/uploads\/2024\/09\/pm-esam-04-750x430-1.jpg","width":750,"height":430},{"@type":"BreadcrumbList","@id":"https:\/\/lequotidien.mr\/?p=21012&lang=fr#breadcrumb","itemListElement":[{"@type":"ListItem","position":1,"name":"Home","item":"https:\/\/lequotidien.mr\/"},{"@type":"ListItem","position":2,"name":"Le Premier ministre Mokhtar Ould Djaye pr\u00e9sente sa d\u00e9claration de politique g\u00e9n\u00e9rale devant le Parlement"}]},{"@type":"WebSite","@id":"https:\/\/lequotidien.mr\/#website","url":"https:\/\/lequotidien.mr\/","name":"Le Quotidien de Nouakchott","description":"\u0625\u062e\u0628\u0627\u0631\u064a\u0629 \u0645\u0633\u062a\u0642\u0644\u0629 \u0644\u0644\u0623\u0646\u0628\u0627\u0621 \u0627\u0644\u0639\u0627\u0645\u0629","publisher":{"@id":"https:\/\/lequotidien.mr\/#organization"},"potentialAction":[{"@type":"SearchAction","target":{"@type":"EntryPoint","urlTemplate":"https:\/\/lequotidien.mr\/?s={search_term_string}"},"query-input":{"@type":"PropertyValueSpecification","valueRequired":true,"valueName":"search_term_string"}}],"inLanguage":"ar"},{"@type":"Organization","@id":"https:\/\/lequotidien.mr\/#organization","name":"Le Quotidien de Nouakchott","url":"https:\/\/lequotidien.mr\/","logo":{"@type":"ImageObject","inLanguage":"ar","@id":"https:\/\/lequotidien.mr\/#\/schema\/logo\/image\/","url":"https:\/\/lequotidien.mr\/wp-content\/uploads\/2022\/11\/logolequotidien.jpg","contentUrl":"https:\/\/lequotidien.mr\/wp-content\/uploads\/2022\/11\/logolequotidien.jpg","width":290,"height":65,"caption":"Le Quotidien de Nouakchott"},"image":{"@id":"https:\/\/lequotidien.mr\/#\/schema\/logo\/image\/"},"sameAs":["https:\/\/web.facebook.com\/lequotidienmr","https:\/\/x.com\/lequotidienmr"]},{"@type":"Person","@id":"https:\/\/lequotidien.mr\/#\/schema\/person\/f90fcdaa970c60288de4ed2e64a56472","name":"Le Quotidien","image":{"@type":"ImageObject","inLanguage":"ar","@id":"https:\/\/secure.gravatar.com\/avatar\/374cb39a1a458a912465a93e5a3ce6546886fc3da809a1f10c63e4e8fcbca30f?s=96&d=mm&r=g","url":"https:\/\/secure.gravatar.com\/avatar\/374cb39a1a458a912465a93e5a3ce6546886fc3da809a1f10c63e4e8fcbca30f?s=96&d=mm&r=g","contentUrl":"https:\/\/secure.gravatar.com\/avatar\/374cb39a1a458a912465a93e5a3ce6546886fc3da809a1f10c63e4e8fcbca30f?s=96&d=mm&r=g","caption":"Le Quotidien"},"sameAs":["https:\/\/lequotidien.mr\/"],"url":"https:\/\/lequotidien.mr\/?author=4"}]}},"_links":{"self":[{"href":"https:\/\/lequotidien.mr\/index.php?rest_route=\/wp\/v2\/posts\/21012","targetHints":{"allow":["GET"]}}],"collection":[{"href":"https:\/\/lequotidien.mr\/index.php?rest_route=\/wp\/v2\/posts"}],"about":[{"href":"https:\/\/lequotidien.mr\/index.php?rest_route=\/wp\/v2\/types\/post"}],"author":[{"embeddable":true,"href":"https:\/\/lequotidien.mr\/index.php?rest_route=\/wp\/v2\/users\/4"}],"replies":[{"embeddable":true,"href":"https:\/\/lequotidien.mr\/index.php?rest_route=%2Fwp%2Fv2%2Fcomments&post=21012"}],"version-history":[{"count":1,"href":"https:\/\/lequotidien.mr\/index.php?rest_route=\/wp\/v2\/posts\/21012\/revisions"}],"predecessor-version":[{"id":21014,"href":"https:\/\/lequotidien.mr\/index.php?rest_route=\/wp\/v2\/posts\/21012\/revisions\/21014"}],"wp:featuredmedia":[{"embeddable":true,"href":"https:\/\/lequotidien.mr\/index.php?rest_route=\/wp\/v2\/media\/21013"}],"wp:attachment":[{"href":"https:\/\/lequotidien.mr\/index.php?rest_route=%2Fwp%2Fv2%2Fmedia&parent=21012"}],"wp:term":[{"taxonomy":"category","embeddable":true,"href":"https:\/\/lequotidien.mr\/index.php?rest_route=%2Fwp%2Fv2%2Fcategories&post=21012"},{"taxonomy":"post_tag","embeddable":true,"href":"https:\/\/lequotidien.mr\/index.php?rest_route=%2Fwp%2Fv2%2Ftags&post=21012"}],"curies":[{"name":"wp","href":"https:\/\/api.w.org\/{rel}","templated":true}]}}