{"id":21009,"date":"2024-09-04T18:53:01","date_gmt":"2024-09-04T18:53:01","guid":{"rendered":"https:\/\/lequotidien.mr\/?p=21009"},"modified":"2024-09-04T18:53:01","modified_gmt":"2024-09-04T18:53:01","slug":"mali-mauritanie-goita-et-ghazouani-se-rencontrent-pour-la-premiere-fois-a-pekin","status":"publish","type":"post","link":"https:\/\/lequotidien.mr\/?p=21009&lang=fr","title":{"rendered":"\u00a0Mali-Mauritanie : Go\u00efta et Ghazouani se rencontrent pour la premi\u00e8re fois \u00e0 P\u00e9kin"},"content":{"rendered":"<p>Les pr\u00e9sidents mauritanien Mohamed Ould Cheikh El Ghazouani et malien Assimi Go\u00efta se sont entretenus ce mercredi 4 septembre en marge du neuvi\u00e8me Forum sur la coop\u00e9ration sino-africaine (FOCAC) \u00e0 P\u00e9kin, marquant leur premi\u00e8re rencontre officielle. Ce t\u00eate-\u00e0-t\u00eate survient dans un contexte marqu\u00e9 par des tensions frontali\u00e8res r\u00e9centes entre les deux pays.<\/p>\n<p>Le colonel Go\u00efta, qui a limit\u00e9 ses d\u00e9placements \u00e0 l\u2019\u00e9tranger depuis son coup d\u2019\u00c9tat en mai 2021, a fait une exception pour assister \u00e0 ce sommet important. De son c\u00f4t\u00e9, Ghazouani, r\u00e9cemment r\u00e9\u00e9lu pour un second mandat pr\u00e9sidentiel en Mauritanie en juillet dernier, a \u00e9galement profit\u00e9 de cette rencontre pour consolider les relations bilat\u00e9rales.<\/p>\n<p>Bien que les d\u00e9tails pr\u00e9cis de leur entretien n&#8217;aient pas \u00e9t\u00e9 rendus publics, des sources proches de la pr\u00e9sidence mauritanienne indiquent que les discussions ont port\u00e9 sur le renforcement des liens entre les deux nations ainsi que sur des questions bilat\u00e9rales, r\u00e9gionales et internationales. Cette rencontre pourrait \u00e9galement \u00eatre interpr\u00e9t\u00e9e comme un effort pour apaiser les tensions diplomatiques qui ont marqu\u00e9 les relations entre Bamako et Nouakchott ces derniers mois.<\/p>\n<p>En avril dernier, un incident frontalier avait exacerb\u00e9 les relations entre les deux pays, lorsque des troupes maliennes, en pourchassant des pr\u00e9sum\u00e9s jihadistes, avaient p\u00e9n\u00e9tr\u00e9 sur le territoire mauritanien, dans le village de Madallah, provoquant des bless\u00e9s civils et des arrestations. Cet \u00e9v\u00e9nement avait suscit\u00e9 une vive r\u00e9action en Mauritanie et des tensions diplomatiques entre les deux pays.<\/p>\n<p>Outre ces tensions s\u00e9curitaires, les deux pays font face \u00e0 des d\u00e9fis communs, notamment le long de leur fronti\u00e8re de 2 237 kilom\u00e8tres, o\u00f9 la pr\u00e9sence de groupes arm\u00e9s et les accusations mutuelles de soutien \u00e0 des entit\u00e9s terroristes compliquent la situation. Les incidents fr\u00e9quents dans cette zone frontali\u00e8re ont conduit \u00e0 des appels \u00e0 une meilleure coordination et \u00e0 la prudence pour les populations civiles locales.<\/p>\n<p>Malgr\u00e9 ces incidents, un geste de solidarit\u00e9 r\u00e9cent de la part de la Mauritanie a contribu\u00e9 \u00e0 d\u00e9tendre les relations. Apr\u00e8s les terribles inondations qui ont frapp\u00e9 plusieurs localit\u00e9s maliennes ces derni\u00e8res semaines, causant des pertes humaines et mat\u00e9rielles importantes, le pr\u00e9sident Ghazouani a d\u00e9p\u00each\u00e9 une d\u00e9l\u00e9gation \u00e0 Bamako pour exprimer son soutien. Conduite par Mohamed Abdel Vetah, Haut-Commissaire de l\u2019Organisation pour la mise en valeur du fleuve S\u00e9n\u00e9gal (OMVS), cette d\u00e9l\u00e9gation a pr\u00e9sent\u00e9 les condol\u00e9ances de la Mauritanie aux familles des victimes.<\/p>\n<p>Le colonel Go\u00efta a saisi cette occasion pour r\u00e9it\u00e9rer son soutien aux projets de l&#8217;OMVS et a exprim\u00e9 sa gratitude envers Ghazouani pour ce geste de solidarit\u00e9, soulignant ainsi l&#8217;importance de maintenir des relations fraternelles entre les deux pays.<\/p>\n<p>Cette rencontre \u00e0 P\u00e9kin pourrait donc marquer le d\u00e9but d\u2019une nouvelle \u00e8re de coop\u00e9ration entre le Mali et la Mauritanie, deux pays li\u00e9s par des d\u00e9fis communs en mati\u00e8re de s\u00e9curit\u00e9 et de d\u00e9veloppement.<\/p>\n","protected":false},"excerpt":{"rendered":"<p>Les pr\u00e9sidents mauritanien Mohamed Ould Cheikh El Ghazouani et malien Assimi Go\u00efta se sont entretenus ce mercredi 4 septembre en marge du neuvi\u00e8me Forum sur la coop\u00e9ration sino-africaine (FOCAC) \u00e0 P\u00e9kin, marquant leur premi\u00e8re rencontre officielle. Ce t\u00eate-\u00e0-t\u00eate survient dans un contexte marqu\u00e9 par des tensions frontali\u00e8res r\u00e9centes entre les deux pays. Le colonel Go\u00efta,&#8230;..<\/p>\n","protected":false},"author":4,"featured_media":21010,"comment_status":"open","ping_status":"open","sticky":false,"template":"","format":"standard","meta":{"footnotes":""},"categories":[23,57],"tags":[],"class_list":["post-21009","post","type-post","status-publish","format-standard","has-post-thumbnail","hentry","category-actualite","category-couverture-specilale"],"yoast_head":"<!-- This site is optimized with the Yoast SEO plugin v27.5 - https:\/\/yoast.com\/product\/yoast-seo-wordpress\/ -->\n<title>\u00a0Mali-Mauritanie : Go\u00efta et Ghazouani se rencontrent pour la premi\u00e8re fois \u00e0 P\u00e9kin - Le Quotidien de Nouakchott<\/title>\n<meta name=\"robots\" content=\"index, follow, max-snippet:-1, max-image-preview:large, max-video-preview:-1\" \/>\n<link rel=\"canonical\" href=\"https:\/\/lequotidien.mr\/?p=21009&lang=fr\" \/>\n<meta property=\"og:locale\" content=\"ar_AR\" \/>\n<meta property=\"og:type\" content=\"article\" \/>\n<meta property=\"og:title\" content=\"\u00a0Mali-Mauritanie : Go\u00efta et Ghazouani se rencontrent pour la premi\u00e8re fois \u00e0 P\u00e9kin - Le Quotidien de Nouakchott\" \/>\n<meta property=\"og:description\" content=\"Les pr\u00e9sidents mauritanien Mohamed Ould Cheikh El Ghazouani et malien Assimi Go\u00efta se sont entretenus ce mercredi 4 septembre en marge du neuvi\u00e8me Forum sur la coop\u00e9ration sino-africaine (FOCAC) \u00e0 P\u00e9kin, marquant leur premi\u00e8re rencontre officielle. Ce t\u00eate-\u00e0-t\u00eate survient dans un contexte marqu\u00e9 par des tensions frontali\u00e8res r\u00e9centes entre les deux pays. Le colonel Go\u00efta,.....\" \/>\n<meta property=\"og:url\" content=\"https:\/\/lequotidien.mr\/?p=21009&amp;lang=fr\" \/>\n<meta property=\"og:site_name\" content=\"Le Quotidien de Nouakchott\" \/>\n<meta property=\"article:publisher\" content=\"https:\/\/web.facebook.com\/lequotidienmr\" \/>\n<meta property=\"article:published_time\" content=\"2024-09-04T18:53:01+00:00\" \/>\n<meta property=\"og:image\" content=\"https:\/\/lequotidien.mr\/wp-content\/uploads\/2024\/09\/04-09-2024-01-750x430-1.jpg\" \/>\n\t<meta property=\"og:image:width\" content=\"750\" \/>\n\t<meta property=\"og:image:height\" content=\"430\" \/>\n\t<meta property=\"og:image:type\" content=\"image\/jpeg\" \/>\n<meta name=\"author\" content=\"Le Quotidien\" \/>\n<meta name=\"twitter:card\" content=\"summary_large_image\" \/>\n<meta name=\"twitter:creator\" content=\"@lequotidienmr\" \/>\n<meta name=\"twitter:site\" content=\"@lequotidienmr\" \/>\n<meta name=\"twitter:label1\" content=\"\u0643\u064f\u062a\u0628 \u0628\u0648\u0627\u0633\u0637\u0629\" \/>\n\t<meta name=\"twitter:data1\" content=\"Le Quotidien\" \/>\n\t<meta name=\"twitter:label2\" content=\"\u0648\u0642\u062a \u0627\u0644\u0642\u0631\u0627\u0621\u0629 \u0627\u0644\u0645\u064f\u0642\u062f\u0651\u0631\" \/>\n\t<meta name=\"twitter:data2\" content=\"3 \u062f\u0642\u0627\u0626\u0642\" \/>\n<script type=\"application\/ld+json\" class=\"yoast-schema-graph\">{\"@context\":\"https:\\\/\\\/schema.org\",\"@graph\":[{\"@type\":\"Article\",\"@id\":\"https:\\\/\\\/lequotidien.mr\\\/?p=21009&lang=fr#article\",\"isPartOf\":{\"@id\":\"https:\\\/\\\/lequotidien.mr\\\/?p=21009&lang=fr\"},\"author\":{\"name\":\"Le Quotidien\",\"@id\":\"https:\\\/\\\/lequotidien.mr\\\/#\\\/schema\\\/person\\\/f90fcdaa970c60288de4ed2e64a56472\"},\"headline\":\"\u00a0Mali-Mauritanie : Go\u00efta et Ghazouani se rencontrent pour la premi\u00e8re fois \u00e0 P\u00e9kin\",\"datePublished\":\"2024-09-04T18:53:01+00:00\",\"mainEntityOfPage\":{\"@id\":\"https:\\\/\\\/lequotidien.mr\\\/?p=21009&lang=fr\"},\"wordCount\":532,\"commentCount\":0,\"publisher\":{\"@id\":\"https:\\\/\\\/lequotidien.mr\\\/#organization\"},\"image\":{\"@id\":\"https:\\\/\\\/lequotidien.mr\\\/?p=21009&lang=fr#primaryimage\"},\"thumbnailUrl\":\"https:\\\/\\\/lequotidien.mr\\\/wp-content\\\/uploads\\\/2024\\\/09\\\/04-09-2024-01-750x430-1.jpg\",\"articleSection\":[\"ACTUALIT\u00c9\",\"Couverture sp\u00e9cilale\"],\"inLanguage\":\"ar\",\"potentialAction\":[{\"@type\":\"CommentAction\",\"name\":\"Comment\",\"target\":[\"https:\\\/\\\/lequotidien.mr\\\/?p=21009&lang=fr#respond\"]}]},{\"@type\":\"WebPage\",\"@id\":\"https:\\\/\\\/lequotidien.mr\\\/?p=21009&lang=fr\",\"url\":\"https:\\\/\\\/lequotidien.mr\\\/?p=21009&lang=fr\",\"name\":\"\u00a0Mali-Mauritanie : Go\u00efta et Ghazouani se rencontrent pour la premi\u00e8re fois \u00e0 P\u00e9kin - Le Quotidien de Nouakchott\",\"isPartOf\":{\"@id\":\"https:\\\/\\\/lequotidien.mr\\\/#website\"},\"primaryImageOfPage\":{\"@id\":\"https:\\\/\\\/lequotidien.mr\\\/?p=21009&lang=fr#primaryimage\"},\"image\":{\"@id\":\"https:\\\/\\\/lequotidien.mr\\\/?p=21009&lang=fr#primaryimage\"},\"thumbnailUrl\":\"https:\\\/\\\/lequotidien.mr\\\/wp-content\\\/uploads\\\/2024\\\/09\\\/04-09-2024-01-750x430-1.jpg\",\"datePublished\":\"2024-09-04T18:53:01+00:00\",\"breadcrumb\":{\"@id\":\"https:\\\/\\\/lequotidien.mr\\\/?p=21009&lang=fr#breadcrumb\"},\"inLanguage\":\"ar\",\"potentialAction\":[{\"@type\":\"ReadAction\",\"target\":[\"https:\\\/\\\/lequotidien.mr\\\/?p=21009&lang=fr\"]}]},{\"@type\":\"ImageObject\",\"inLanguage\":\"ar\",\"@id\":\"https:\\\/\\\/lequotidien.mr\\\/?p=21009&lang=fr#primaryimage\",\"url\":\"https:\\\/\\\/lequotidien.mr\\\/wp-content\\\/uploads\\\/2024\\\/09\\\/04-09-2024-01-750x430-1.jpg\",\"contentUrl\":\"https:\\\/\\\/lequotidien.mr\\\/wp-content\\\/uploads\\\/2024\\\/09\\\/04-09-2024-01-750x430-1.jpg\",\"width\":750,\"height\":430},{\"@type\":\"BreadcrumbList\",\"@id\":\"https:\\\/\\\/lequotidien.mr\\\/?p=21009&lang=fr#breadcrumb\",\"itemListElement\":[{\"@type\":\"ListItem\",\"position\":1,\"name\":\"Home\",\"item\":\"https:\\\/\\\/lequotidien.mr\\\/\"},{\"@type\":\"ListItem\",\"position\":2,\"name\":\"\u00a0Mali-Mauritanie : Go\u00efta et Ghazouani se rencontrent pour la premi\u00e8re fois \u00e0 P\u00e9kin\"}]},{\"@type\":\"WebSite\",\"@id\":\"https:\\\/\\\/lequotidien.mr\\\/#website\",\"url\":\"https:\\\/\\\/lequotidien.mr\\\/\",\"name\":\"Le Quotidien de Nouakchott\",\"description\":\"\u0625\u062e\u0628\u0627\u0631\u064a\u0629 \u0645\u0633\u062a\u0642\u0644\u0629 \u0644\u0644\u0623\u0646\u0628\u0627\u0621 \u0627\u0644\u0639\u0627\u0645\u0629\",\"publisher\":{\"@id\":\"https:\\\/\\\/lequotidien.mr\\\/#organization\"},\"potentialAction\":[{\"@type\":\"SearchAction\",\"target\":{\"@type\":\"EntryPoint\",\"urlTemplate\":\"https:\\\/\\\/lequotidien.mr\\\/?s={search_term_string}\"},\"query-input\":{\"@type\":\"PropertyValueSpecification\",\"valueRequired\":true,\"valueName\":\"search_term_string\"}}],\"inLanguage\":\"ar\"},{\"@type\":\"Organization\",\"@id\":\"https:\\\/\\\/lequotidien.mr\\\/#organization\",\"name\":\"Le Quotidien de Nouakchott\",\"url\":\"https:\\\/\\\/lequotidien.mr\\\/\",\"logo\":{\"@type\":\"ImageObject\",\"inLanguage\":\"ar\",\"@id\":\"https:\\\/\\\/lequotidien.mr\\\/#\\\/schema\\\/logo\\\/image\\\/\",\"url\":\"https:\\\/\\\/lequotidien.mr\\\/wp-content\\\/uploads\\\/2022\\\/11\\\/logolequotidien.jpg\",\"contentUrl\":\"https:\\\/\\\/lequotidien.mr\\\/wp-content\\\/uploads\\\/2022\\\/11\\\/logolequotidien.jpg\",\"width\":290,\"height\":65,\"caption\":\"Le Quotidien de Nouakchott\"},\"image\":{\"@id\":\"https:\\\/\\\/lequotidien.mr\\\/#\\\/schema\\\/logo\\\/image\\\/\"},\"sameAs\":[\"https:\\\/\\\/web.facebook.com\\\/lequotidienmr\",\"https:\\\/\\\/x.com\\\/lequotidienmr\"]},{\"@type\":\"Person\",\"@id\":\"https:\\\/\\\/lequotidien.mr\\\/#\\\/schema\\\/person\\\/f90fcdaa970c60288de4ed2e64a56472\",\"name\":\"Le Quotidien\",\"image\":{\"@type\":\"ImageObject\",\"inLanguage\":\"ar\",\"@id\":\"https:\\\/\\\/secure.gravatar.com\\\/avatar\\\/374cb39a1a458a912465a93e5a3ce6546886fc3da809a1f10c63e4e8fcbca30f?s=96&d=mm&r=g\",\"url\":\"https:\\\/\\\/secure.gravatar.com\\\/avatar\\\/374cb39a1a458a912465a93e5a3ce6546886fc3da809a1f10c63e4e8fcbca30f?s=96&d=mm&r=g\",\"contentUrl\":\"https:\\\/\\\/secure.gravatar.com\\\/avatar\\\/374cb39a1a458a912465a93e5a3ce6546886fc3da809a1f10c63e4e8fcbca30f?s=96&d=mm&r=g\",\"caption\":\"Le Quotidien\"},\"sameAs\":[\"https:\\\/\\\/lequotidien.mr\\\/\"],\"url\":\"https:\\\/\\\/lequotidien.mr\\\/?author=4\"}]}<\/script>\n<!-- \/ Yoast SEO plugin. -->","yoast_head_json":{"title":"\u00a0Mali-Mauritanie : Go\u00efta et Ghazouani se rencontrent pour la premi\u00e8re fois \u00e0 P\u00e9kin - Le Quotidien de Nouakchott","robots":{"index":"index","follow":"follow","max-snippet":"max-snippet:-1","max-image-preview":"max-image-preview:large","max-video-preview":"max-video-preview:-1"},"canonical":"https:\/\/lequotidien.mr\/?p=21009&lang=fr","og_locale":"ar_AR","og_type":"article","og_title":"\u00a0Mali-Mauritanie : Go\u00efta et Ghazouani se rencontrent pour la premi\u00e8re fois \u00e0 P\u00e9kin - Le Quotidien de Nouakchott","og_description":"Les pr\u00e9sidents mauritanien Mohamed Ould Cheikh El Ghazouani et malien Assimi Go\u00efta se sont entretenus ce mercredi 4 septembre en marge du neuvi\u00e8me Forum sur la coop\u00e9ration sino-africaine (FOCAC) \u00e0 P\u00e9kin, marquant leur premi\u00e8re rencontre officielle. Ce t\u00eate-\u00e0-t\u00eate survient dans un contexte marqu\u00e9 par des tensions frontali\u00e8res r\u00e9centes entre les deux pays. Le colonel Go\u00efta,.....","og_url":"https:\/\/lequotidien.mr\/?p=21009&lang=fr","og_site_name":"Le Quotidien de Nouakchott","article_publisher":"https:\/\/web.facebook.com\/lequotidienmr","article_published_time":"2024-09-04T18:53:01+00:00","og_image":[{"width":750,"height":430,"url":"https:\/\/lequotidien.mr\/wp-content\/uploads\/2024\/09\/04-09-2024-01-750x430-1.jpg","type":"image\/jpeg"}],"author":"Le Quotidien","twitter_card":"summary_large_image","twitter_creator":"@lequotidienmr","twitter_site":"@lequotidienmr","twitter_misc":{"\u0643\u064f\u062a\u0628 \u0628\u0648\u0627\u0633\u0637\u0629":"Le Quotidien","\u0648\u0642\u062a \u0627\u0644\u0642\u0631\u0627\u0621\u0629 \u0627\u0644\u0645\u064f\u0642\u062f\u0651\u0631":"3 \u062f\u0642\u0627\u0626\u0642"},"schema":{"@context":"https:\/\/schema.org","@graph":[{"@type":"Article","@id":"https:\/\/lequotidien.mr\/?p=21009&lang=fr#article","isPartOf":{"@id":"https:\/\/lequotidien.mr\/?p=21009&lang=fr"},"author":{"name":"Le Quotidien","@id":"https:\/\/lequotidien.mr\/#\/schema\/person\/f90fcdaa970c60288de4ed2e64a56472"},"headline":"\u00a0Mali-Mauritanie : Go\u00efta et Ghazouani se rencontrent pour la premi\u00e8re fois \u00e0 P\u00e9kin","datePublished":"2024-09-04T18:53:01+00:00","mainEntityOfPage":{"@id":"https:\/\/lequotidien.mr\/?p=21009&lang=fr"},"wordCount":532,"commentCount":0,"publisher":{"@id":"https:\/\/lequotidien.mr\/#organization"},"image":{"@id":"https:\/\/lequotidien.mr\/?p=21009&lang=fr#primaryimage"},"thumbnailUrl":"https:\/\/lequotidien.mr\/wp-content\/uploads\/2024\/09\/04-09-2024-01-750x430-1.jpg","articleSection":["ACTUALIT\u00c9","Couverture sp\u00e9cilale"],"inLanguage":"ar","potentialAction":[{"@type":"CommentAction","name":"Comment","target":["https:\/\/lequotidien.mr\/?p=21009&lang=fr#respond"]}]},{"@type":"WebPage","@id":"https:\/\/lequotidien.mr\/?p=21009&lang=fr","url":"https:\/\/lequotidien.mr\/?p=21009&lang=fr","name":"\u00a0Mali-Mauritanie : Go\u00efta et Ghazouani se rencontrent pour la premi\u00e8re fois \u00e0 P\u00e9kin - Le Quotidien de Nouakchott","isPartOf":{"@id":"https:\/\/lequotidien.mr\/#website"},"primaryImageOfPage":{"@id":"https:\/\/lequotidien.mr\/?p=21009&lang=fr#primaryimage"},"image":{"@id":"https:\/\/lequotidien.mr\/?p=21009&lang=fr#primaryimage"},"thumbnailUrl":"https:\/\/lequotidien.mr\/wp-content\/uploads\/2024\/09\/04-09-2024-01-750x430-1.jpg","datePublished":"2024-09-04T18:53:01+00:00","breadcrumb":{"@id":"https:\/\/lequotidien.mr\/?p=21009&lang=fr#breadcrumb"},"inLanguage":"ar","potentialAction":[{"@type":"ReadAction","target":["https:\/\/lequotidien.mr\/?p=21009&lang=fr"]}]},{"@type":"ImageObject","inLanguage":"ar","@id":"https:\/\/lequotidien.mr\/?p=21009&lang=fr#primaryimage","url":"https:\/\/lequotidien.mr\/wp-content\/uploads\/2024\/09\/04-09-2024-01-750x430-1.jpg","contentUrl":"https:\/\/lequotidien.mr\/wp-content\/uploads\/2024\/09\/04-09-2024-01-750x430-1.jpg","width":750,"height":430},{"@type":"BreadcrumbList","@id":"https:\/\/lequotidien.mr\/?p=21009&lang=fr#breadcrumb","itemListElement":[{"@type":"ListItem","position":1,"name":"Home","item":"https:\/\/lequotidien.mr\/"},{"@type":"ListItem","position":2,"name":"\u00a0Mali-Mauritanie : Go\u00efta et Ghazouani se rencontrent pour la premi\u00e8re fois \u00e0 P\u00e9kin"}]},{"@type":"WebSite","@id":"https:\/\/lequotidien.mr\/#website","url":"https:\/\/lequotidien.mr\/","name":"Le Quotidien de Nouakchott","description":"\u0625\u062e\u0628\u0627\u0631\u064a\u0629 \u0645\u0633\u062a\u0642\u0644\u0629 \u0644\u0644\u0623\u0646\u0628\u0627\u0621 \u0627\u0644\u0639\u0627\u0645\u0629","publisher":{"@id":"https:\/\/lequotidien.mr\/#organization"},"potentialAction":[{"@type":"SearchAction","target":{"@type":"EntryPoint","urlTemplate":"https:\/\/lequotidien.mr\/?s={search_term_string}"},"query-input":{"@type":"PropertyValueSpecification","valueRequired":true,"valueName":"search_term_string"}}],"inLanguage":"ar"},{"@type":"Organization","@id":"https:\/\/lequotidien.mr\/#organization","name":"Le Quotidien de Nouakchott","url":"https:\/\/lequotidien.mr\/","logo":{"@type":"ImageObject","inLanguage":"ar","@id":"https:\/\/lequotidien.mr\/#\/schema\/logo\/image\/","url":"https:\/\/lequotidien.mr\/wp-content\/uploads\/2022\/11\/logolequotidien.jpg","contentUrl":"https:\/\/lequotidien.mr\/wp-content\/uploads\/2022\/11\/logolequotidien.jpg","width":290,"height":65,"caption":"Le Quotidien de Nouakchott"},"image":{"@id":"https:\/\/lequotidien.mr\/#\/schema\/logo\/image\/"},"sameAs":["https:\/\/web.facebook.com\/lequotidienmr","https:\/\/x.com\/lequotidienmr"]},{"@type":"Person","@id":"https:\/\/lequotidien.mr\/#\/schema\/person\/f90fcdaa970c60288de4ed2e64a56472","name":"Le Quotidien","image":{"@type":"ImageObject","inLanguage":"ar","@id":"https:\/\/secure.gravatar.com\/avatar\/374cb39a1a458a912465a93e5a3ce6546886fc3da809a1f10c63e4e8fcbca30f?s=96&d=mm&r=g","url":"https:\/\/secure.gravatar.com\/avatar\/374cb39a1a458a912465a93e5a3ce6546886fc3da809a1f10c63e4e8fcbca30f?s=96&d=mm&r=g","contentUrl":"https:\/\/secure.gravatar.com\/avatar\/374cb39a1a458a912465a93e5a3ce6546886fc3da809a1f10c63e4e8fcbca30f?s=96&d=mm&r=g","caption":"Le Quotidien"},"sameAs":["https:\/\/lequotidien.mr\/"],"url":"https:\/\/lequotidien.mr\/?author=4"}]}},"_links":{"self":[{"href":"https:\/\/lequotidien.mr\/index.php?rest_route=\/wp\/v2\/posts\/21009","targetHints":{"allow":["GET"]}}],"collection":[{"href":"https:\/\/lequotidien.mr\/index.php?rest_route=\/wp\/v2\/posts"}],"about":[{"href":"https:\/\/lequotidien.mr\/index.php?rest_route=\/wp\/v2\/types\/post"}],"author":[{"embeddable":true,"href":"https:\/\/lequotidien.mr\/index.php?rest_route=\/wp\/v2\/users\/4"}],"replies":[{"embeddable":true,"href":"https:\/\/lequotidien.mr\/index.php?rest_route=%2Fwp%2Fv2%2Fcomments&post=21009"}],"version-history":[{"count":1,"href":"https:\/\/lequotidien.mr\/index.php?rest_route=\/wp\/v2\/posts\/21009\/revisions"}],"predecessor-version":[{"id":21011,"href":"https:\/\/lequotidien.mr\/index.php?rest_route=\/wp\/v2\/posts\/21009\/revisions\/21011"}],"wp:featuredmedia":[{"embeddable":true,"href":"https:\/\/lequotidien.mr\/index.php?rest_route=\/wp\/v2\/media\/21010"}],"wp:attachment":[{"href":"https:\/\/lequotidien.mr\/index.php?rest_route=%2Fwp%2Fv2%2Fmedia&parent=21009"}],"wp:term":[{"taxonomy":"category","embeddable":true,"href":"https:\/\/lequotidien.mr\/index.php?rest_route=%2Fwp%2Fv2%2Fcategories&post=21009"},{"taxonomy":"post_tag","embeddable":true,"href":"https:\/\/lequotidien.mr\/index.php?rest_route=%2Fwp%2Fv2%2Ftags&post=21009"}],"curies":[{"name":"wp","href":"https:\/\/api.w.org\/{rel}","templated":true}]}}