{"id":20969,"date":"2024-09-02T12:43:57","date_gmt":"2024-09-02T12:43:57","guid":{"rendered":"https:\/\/lequotidien.mr\/?p=20969"},"modified":"2024-09-02T12:43:57","modified_gmt":"2024-09-02T12:43:57","slug":"50eme-session-du-conseil-des-ministres-des-affaires-etrangeres-de-loci-signature-de-plusieurs-accords-pour-une-solidarite-renforcee-et-une-cooperation-regionale-accrue","status":"publish","type":"post","link":"https:\/\/lequotidien.mr\/?p=20969&lang=fr","title":{"rendered":"50\u00e8me session du Conseil des ministres des affaires \u00e9trang\u00e8res de l&#8217;OCI : Signature de plusieurs accords pour une solidarit\u00e9 renforc\u00e9e et une coop\u00e9ration r\u00e9gionale accrue"},"content":{"rendered":"<p>Le 30 ao\u00fbt 2024, la cinquanti\u00e8me session du Conseil des ministres des Affaires \u00e9trang\u00e8res de l&#8217;Organisation de la coop\u00e9ration islamique (OCI) a marqu\u00e9 un tournant significatif dans les relations inter\u00e9tatiques au sein de l&#8217;organisation. Ce rassemblement, tenu dans un contexte de d\u00e9fis globaux et de besoins croissants en coop\u00e9ration r\u00e9gionale, a \u00e9t\u00e9 l&#8217;occasion de formaliser plusieurs accords importants qui visent \u00e0 renforcer l&#8217;int\u00e9gration et la solidarit\u00e9 parmi les \u00c9tats membres.<\/p>\n<p><strong>Accords historiques sign\u00e9s par le Gabon<\/strong><\/p>\n<p>La R\u00e9publique du Gabon a jou\u00e9 un r\u00f4le central lors de cette session en signant trois accords majeurs qui soulignent son engagement envers les objectifs de l&#8217;OCI. Tout d&#8217;abord, l&#8217;Accord de la Mecque pour la coop\u00e9ration en mati\u00e8re d&#8217;application des lois anti-corruption a \u00e9t\u00e9 conclu, mettant en place un cadre robuste pour lutter contre la corruption dans les \u00c9tats membres. Cet accord marque un pas d\u00e9cisif vers une gouvernance plus transparente et responsable au sein de l&#8217;organisation.<\/p>\n<p>En outre, le Gabon a sign\u00e9 l&#8217;Accord portant cr\u00e9ation du Comit\u00e9 islamique du Croissant international, une initiative visant \u00e0 coordonner les efforts humanitaires et \u00e0 promouvoir des interventions plus efficaces dans les r\u00e9gions touch\u00e9es par les crises. Ce comit\u00e9 devrait jouer un r\u00f4le crucial dans l&#8217;am\u00e9lioration de la r\u00e9ponse humanitaire et dans la fourniture d&#8217;une aide cibl\u00e9e.<\/p>\n<p>Le Gabon a \u00e9galement adh\u00e9r\u00e9 aux Statuts de l&#8217;Union Islamique des T\u00e9l\u00e9communications, un pas important pour le d\u00e9veloppement des infrastructures de communication dans les pays membres. Cette union devrait faciliter l&#8217;\u00e9change d&#8217;informations et renforcer les capacit\u00e9s technologiques au sein de l&#8217;OCI.<\/p>\n<p><strong>Engagements de la Mauritanie, du Burkina Faso, du Niger, du Tchad et de la Gambie<\/strong><\/p>\n<p>En parall\u00e8le, la R\u00e9publique Islamique de Mauritanie, le Burkina Faso, la R\u00e9publique du Niger, la R\u00e9publique du Tchad et la R\u00e9publique de Gambie ont sign\u00e9 les statuts du Fonds de l&#8217;Organisation de Coop\u00e9ration Islamique pour l&#8217;Appui \u00e0 la Jeunesse dans le Sahel et le Bassin du Lac Tchad. Ce fonds est destin\u00e9 \u00e0 soutenir les initiatives visant \u00e0 am\u00e9liorer les conditions de vie des jeunes dans ces r\u00e9gions cruciales, confront\u00e9es \u00e0 des d\u00e9fis socio-\u00e9conomiques importants.<\/p>\n<p><strong>Avanc\u00e9es pour la Gambie<\/strong><\/p>\n<p>La Gambie, de son c\u00f4t\u00e9, a renforc\u00e9 son engagement en signant plusieurs documents cl\u00e9s. Le Protocole sur le plan tarifaire pr\u00e9f\u00e9rentiel pour le syst\u00e8me de pr\u00e9f\u00e9rences commerciales entre les \u00c9tats membres de l&#8217;OCI vise \u00e0 favoriser le commerce intra-OCI en r\u00e9duisant les barri\u00e8res tarifaires. Les r\u00e8gles d&#8217;origine associ\u00e9es permettront \u00e9galement d&#8217;assurer que les produits b\u00e9n\u00e9ficient de ces pr\u00e9f\u00e9rences lorsqu&#8217;ils r\u00e9pondent \u00e0 des crit\u00e8res sp\u00e9cifiques.<\/p>\n<p>De plus, la Gambie a ratifi\u00e9 le Statut de la Cour islamique internationale, qui aura pour mission de r\u00e9soudre les diff\u00e9rends juridiques entre les \u00c9tats membres, et le Statut du lieu d\u2019affectation de l\u2019Organisation de la coop\u00e9ration islamique, \u00e9tablissant la base juridique pour les op\u00e9rations du secr\u00e9tariat g\u00e9n\u00e9ral et d&#8217;autres institutions de l&#8217;OCI.<\/p>\n<p>Cette session du Conseil des ministres des Affaires \u00e9trang\u00e8res de l&#8217;OCI marque un renforcement significatif de la coop\u00e9ration entre les \u00c9tats membres. Les accords sign\u00e9s refl\u00e8tent un engagement commun vers la lutte contre la corruption, le soutien humanitaire, le d\u00e9veloppement des infrastructures et la facilitation du commerce. En consolidant ces initiatives, l&#8217;OCI s&#8217;efforce de r\u00e9pondre aux d\u00e9fis contemporains et d&#8217;am\u00e9liorer le bien-\u00eatre des populations dans le monde musulman. Ces d\u00e9veloppements t\u00e9moignent de la capacit\u00e9 de l&#8217;organisation \u00e0 \u00e9voluer et \u00e0 s&#8217;adapter aux besoins croissants de ses membres, tout en promouvant une solidarit\u00e9 renforc\u00e9e et une coop\u00e9ration r\u00e9gionale accrue.<\/p>\n","protected":false},"excerpt":{"rendered":"<p>Le 30 ao\u00fbt 2024, la cinquanti\u00e8me session du Conseil des ministres des Affaires \u00e9trang\u00e8res de l&#8217;Organisation de la coop\u00e9ration islamique (OCI) a marqu\u00e9 un tournant significatif dans les relations inter\u00e9tatiques au sein de l&#8217;organisation. Ce rassemblement, tenu dans un contexte de d\u00e9fis globaux et de besoins croissants en coop\u00e9ration r\u00e9gionale, a \u00e9t\u00e9 l&#8217;occasion de formaliser&#8230;..<\/p>\n","protected":false},"author":12,"featured_media":20970,"comment_status":"open","ping_status":"open","sticky":false,"template":"","format":"standard","meta":{"footnotes":""},"categories":[23,49],"tags":[],"class_list":["post-20969","post","type-post","status-publish","format-standard","has-post-thumbnail","hentry","category-actualite","category-economie"],"yoast_head":"<!-- This site is optimized with the Yoast SEO plugin v27.5 - https:\/\/yoast.com\/product\/yoast-seo-wordpress\/ -->\n<title>50\u00e8me session du Conseil des ministres des affaires \u00e9trang\u00e8res de l&#039;OCI : Signature de plusieurs accords pour une solidarit\u00e9 renforc\u00e9e et une coop\u00e9ration r\u00e9gionale accrue - Le Quotidien de Nouakchott<\/title>\n<meta name=\"robots\" content=\"index, follow, max-snippet:-1, max-image-preview:large, max-video-preview:-1\" \/>\n<link rel=\"canonical\" href=\"https:\/\/lequotidien.mr\/?p=20969&lang=fr\" \/>\n<meta property=\"og:locale\" content=\"ar_AR\" \/>\n<meta property=\"og:type\" content=\"article\" \/>\n<meta property=\"og:title\" content=\"50\u00e8me session du Conseil des ministres des affaires \u00e9trang\u00e8res de l&#039;OCI : Signature de plusieurs accords pour une solidarit\u00e9 renforc\u00e9e et une coop\u00e9ration r\u00e9gionale accrue - Le Quotidien de Nouakchott\" \/>\n<meta property=\"og:description\" content=\"Le 30 ao\u00fbt 2024, la cinquanti\u00e8me session du Conseil des ministres des Affaires \u00e9trang\u00e8res de l&#8217;Organisation de la coop\u00e9ration islamique (OCI) a marqu\u00e9 un tournant significatif dans les relations inter\u00e9tatiques au sein de l&#8217;organisation. Ce rassemblement, tenu dans un contexte de d\u00e9fis globaux et de besoins croissants en coop\u00e9ration r\u00e9gionale, a \u00e9t\u00e9 l&#8217;occasion de formaliser.....\" \/>\n<meta property=\"og:url\" content=\"https:\/\/lequotidien.mr\/?p=20969&amp;lang=fr\" \/>\n<meta property=\"og:site_name\" content=\"Le Quotidien de Nouakchott\" \/>\n<meta property=\"article:publisher\" content=\"https:\/\/web.facebook.com\/lequotidienmr\" \/>\n<meta property=\"article:published_time\" content=\"2024-09-02T12:43:57+00:00\" \/>\n<meta property=\"og:image\" content=\"https:\/\/lequotidien.mr\/wp-content\/uploads\/2024\/09\/photo-OCI-Yaounde-2024.jpg\" \/>\n\t<meta property=\"og:image:width\" content=\"820\" \/>\n\t<meta property=\"og:image:height\" content=\"314\" \/>\n\t<meta property=\"og:image:type\" content=\"image\/jpeg\" \/>\n<meta name=\"author\" content=\"Med Ahmed\" \/>\n<meta name=\"twitter:card\" content=\"summary_large_image\" \/>\n<meta name=\"twitter:creator\" content=\"@lequotidienmr\" \/>\n<meta name=\"twitter:site\" content=\"@lequotidienmr\" \/>\n<meta name=\"twitter:label1\" content=\"\u0643\u064f\u062a\u0628 \u0628\u0648\u0627\u0633\u0637\u0629\" \/>\n\t<meta name=\"twitter:data1\" content=\"Med Ahmed\" \/>\n\t<meta name=\"twitter:label2\" content=\"\u0648\u0642\u062a \u0627\u0644\u0642\u0631\u0627\u0621\u0629 \u0627\u0644\u0645\u064f\u0642\u062f\u0651\u0631\" \/>\n\t<meta name=\"twitter:data2\" content=\"3 \u062f\u0642\u0627\u0626\u0642\" \/>\n<script type=\"application\/ld+json\" class=\"yoast-schema-graph\">{\"@context\":\"https:\\\/\\\/schema.org\",\"@graph\":[{\"@type\":\"Article\",\"@id\":\"https:\\\/\\\/lequotidien.mr\\\/?p=20969&lang=fr#article\",\"isPartOf\":{\"@id\":\"https:\\\/\\\/lequotidien.mr\\\/?p=20969&lang=fr\"},\"author\":{\"name\":\"Med Ahmed\",\"@id\":\"https:\\\/\\\/lequotidien.mr\\\/#\\\/schema\\\/person\\\/d2d350202a4d599685ed8abc25f97596\"},\"headline\":\"50\u00e8me session du Conseil des ministres des affaires \u00e9trang\u00e8res de l&#8217;OCI : Signature de plusieurs accords pour une solidarit\u00e9 renforc\u00e9e et une coop\u00e9ration r\u00e9gionale accrue\",\"datePublished\":\"2024-09-02T12:43:57+00:00\",\"mainEntityOfPage\":{\"@id\":\"https:\\\/\\\/lequotidien.mr\\\/?p=20969&lang=fr\"},\"wordCount\":686,\"commentCount\":0,\"publisher\":{\"@id\":\"https:\\\/\\\/lequotidien.mr\\\/#organization\"},\"image\":{\"@id\":\"https:\\\/\\\/lequotidien.mr\\\/?p=20969&lang=fr#primaryimage\"},\"thumbnailUrl\":\"https:\\\/\\\/lequotidien.mr\\\/wp-content\\\/uploads\\\/2024\\\/09\\\/photo-OCI-Yaounde-2024.jpg\",\"articleSection\":[\"ACTUALIT\u00c9\",\"Economie\"],\"inLanguage\":\"ar\",\"potentialAction\":[{\"@type\":\"CommentAction\",\"name\":\"Comment\",\"target\":[\"https:\\\/\\\/lequotidien.mr\\\/?p=20969&lang=fr#respond\"]}]},{\"@type\":\"WebPage\",\"@id\":\"https:\\\/\\\/lequotidien.mr\\\/?p=20969&lang=fr\",\"url\":\"https:\\\/\\\/lequotidien.mr\\\/?p=20969&lang=fr\",\"name\":\"50\u00e8me session du Conseil des ministres des affaires \u00e9trang\u00e8res de l'OCI : Signature de plusieurs accords pour une solidarit\u00e9 renforc\u00e9e et une coop\u00e9ration r\u00e9gionale accrue - Le Quotidien de Nouakchott\",\"isPartOf\":{\"@id\":\"https:\\\/\\\/lequotidien.mr\\\/#website\"},\"primaryImageOfPage\":{\"@id\":\"https:\\\/\\\/lequotidien.mr\\\/?p=20969&lang=fr#primaryimage\"},\"image\":{\"@id\":\"https:\\\/\\\/lequotidien.mr\\\/?p=20969&lang=fr#primaryimage\"},\"thumbnailUrl\":\"https:\\\/\\\/lequotidien.mr\\\/wp-content\\\/uploads\\\/2024\\\/09\\\/photo-OCI-Yaounde-2024.jpg\",\"datePublished\":\"2024-09-02T12:43:57+00:00\",\"breadcrumb\":{\"@id\":\"https:\\\/\\\/lequotidien.mr\\\/?p=20969&lang=fr#breadcrumb\"},\"inLanguage\":\"ar\",\"potentialAction\":[{\"@type\":\"ReadAction\",\"target\":[\"https:\\\/\\\/lequotidien.mr\\\/?p=20969&lang=fr\"]}]},{\"@type\":\"ImageObject\",\"inLanguage\":\"ar\",\"@id\":\"https:\\\/\\\/lequotidien.mr\\\/?p=20969&lang=fr#primaryimage\",\"url\":\"https:\\\/\\\/lequotidien.mr\\\/wp-content\\\/uploads\\\/2024\\\/09\\\/photo-OCI-Yaounde-2024.jpg\",\"contentUrl\":\"https:\\\/\\\/lequotidien.mr\\\/wp-content\\\/uploads\\\/2024\\\/09\\\/photo-OCI-Yaounde-2024.jpg\",\"width\":820,\"height\":314},{\"@type\":\"BreadcrumbList\",\"@id\":\"https:\\\/\\\/lequotidien.mr\\\/?p=20969&lang=fr#breadcrumb\",\"itemListElement\":[{\"@type\":\"ListItem\",\"position\":1,\"name\":\"Home\",\"item\":\"https:\\\/\\\/lequotidien.mr\\\/\"},{\"@type\":\"ListItem\",\"position\":2,\"name\":\"50\u00e8me session du Conseil des ministres des affaires \u00e9trang\u00e8res de l&rsquo;OCI : Signature de plusieurs accords pour une solidarit\u00e9 renforc\u00e9e et une coop\u00e9ration r\u00e9gionale accrue\"}]},{\"@type\":\"WebSite\",\"@id\":\"https:\\\/\\\/lequotidien.mr\\\/#website\",\"url\":\"https:\\\/\\\/lequotidien.mr\\\/\",\"name\":\"Le Quotidien de Nouakchott\",\"description\":\"\u0625\u062e\u0628\u0627\u0631\u064a\u0629 \u0645\u0633\u062a\u0642\u0644\u0629 \u0644\u0644\u0623\u0646\u0628\u0627\u0621 \u0627\u0644\u0639\u0627\u0645\u0629\",\"publisher\":{\"@id\":\"https:\\\/\\\/lequotidien.mr\\\/#organization\"},\"potentialAction\":[{\"@type\":\"SearchAction\",\"target\":{\"@type\":\"EntryPoint\",\"urlTemplate\":\"https:\\\/\\\/lequotidien.mr\\\/?s={search_term_string}\"},\"query-input\":{\"@type\":\"PropertyValueSpecification\",\"valueRequired\":true,\"valueName\":\"search_term_string\"}}],\"inLanguage\":\"ar\"},{\"@type\":\"Organization\",\"@id\":\"https:\\\/\\\/lequotidien.mr\\\/#organization\",\"name\":\"Le Quotidien de Nouakchott\",\"url\":\"https:\\\/\\\/lequotidien.mr\\\/\",\"logo\":{\"@type\":\"ImageObject\",\"inLanguage\":\"ar\",\"@id\":\"https:\\\/\\\/lequotidien.mr\\\/#\\\/schema\\\/logo\\\/image\\\/\",\"url\":\"https:\\\/\\\/lequotidien.mr\\\/wp-content\\\/uploads\\\/2022\\\/11\\\/logolequotidien.jpg\",\"contentUrl\":\"https:\\\/\\\/lequotidien.mr\\\/wp-content\\\/uploads\\\/2022\\\/11\\\/logolequotidien.jpg\",\"width\":290,\"height\":65,\"caption\":\"Le Quotidien de Nouakchott\"},\"image\":{\"@id\":\"https:\\\/\\\/lequotidien.mr\\\/#\\\/schema\\\/logo\\\/image\\\/\"},\"sameAs\":[\"https:\\\/\\\/web.facebook.com\\\/lequotidienmr\",\"https:\\\/\\\/x.com\\\/lequotidienmr\"]},{\"@type\":\"Person\",\"@id\":\"https:\\\/\\\/lequotidien.mr\\\/#\\\/schema\\\/person\\\/d2d350202a4d599685ed8abc25f97596\",\"name\":\"Med Ahmed\",\"image\":{\"@type\":\"ImageObject\",\"inLanguage\":\"ar\",\"@id\":\"https:\\\/\\\/secure.gravatar.com\\\/avatar\\\/fd2acc62ed50732923d1d39c17172c9b04149f142be92310ecc69e1358f94b52?s=96&d=mm&r=g\",\"url\":\"https:\\\/\\\/secure.gravatar.com\\\/avatar\\\/fd2acc62ed50732923d1d39c17172c9b04149f142be92310ecc69e1358f94b52?s=96&d=mm&r=g\",\"contentUrl\":\"https:\\\/\\\/secure.gravatar.com\\\/avatar\\\/fd2acc62ed50732923d1d39c17172c9b04149f142be92310ecc69e1358f94b52?s=96&d=mm&r=g\",\"caption\":\"Med Ahmed\"},\"url\":\"https:\\\/\\\/lequotidien.mr\\\/?author=12\"}]}<\/script>\n<!-- \/ Yoast SEO plugin. -->","yoast_head_json":{"title":"50\u00e8me session du Conseil des ministres des affaires \u00e9trang\u00e8res de l'OCI : Signature de plusieurs accords pour une solidarit\u00e9 renforc\u00e9e et une coop\u00e9ration r\u00e9gionale accrue - Le Quotidien de Nouakchott","robots":{"index":"index","follow":"follow","max-snippet":"max-snippet:-1","max-image-preview":"max-image-preview:large","max-video-preview":"max-video-preview:-1"},"canonical":"https:\/\/lequotidien.mr\/?p=20969&lang=fr","og_locale":"ar_AR","og_type":"article","og_title":"50\u00e8me session du Conseil des ministres des affaires \u00e9trang\u00e8res de l'OCI : Signature de plusieurs accords pour une solidarit\u00e9 renforc\u00e9e et une coop\u00e9ration r\u00e9gionale accrue - Le Quotidien de Nouakchott","og_description":"Le 30 ao\u00fbt 2024, la cinquanti\u00e8me session du Conseil des ministres des Affaires \u00e9trang\u00e8res de l&#8217;Organisation de la coop\u00e9ration islamique (OCI) a marqu\u00e9 un tournant significatif dans les relations inter\u00e9tatiques au sein de l&#8217;organisation. Ce rassemblement, tenu dans un contexte de d\u00e9fis globaux et de besoins croissants en coop\u00e9ration r\u00e9gionale, a \u00e9t\u00e9 l&#8217;occasion de formaliser.....","og_url":"https:\/\/lequotidien.mr\/?p=20969&lang=fr","og_site_name":"Le Quotidien de Nouakchott","article_publisher":"https:\/\/web.facebook.com\/lequotidienmr","article_published_time":"2024-09-02T12:43:57+00:00","og_image":[{"width":820,"height":314,"url":"https:\/\/lequotidien.mr\/wp-content\/uploads\/2024\/09\/photo-OCI-Yaounde-2024.jpg","type":"image\/jpeg"}],"author":"Med Ahmed","twitter_card":"summary_large_image","twitter_creator":"@lequotidienmr","twitter_site":"@lequotidienmr","twitter_misc":{"\u0643\u064f\u062a\u0628 \u0628\u0648\u0627\u0633\u0637\u0629":"Med Ahmed","\u0648\u0642\u062a \u0627\u0644\u0642\u0631\u0627\u0621\u0629 \u0627\u0644\u0645\u064f\u0642\u062f\u0651\u0631":"3 \u062f\u0642\u0627\u0626\u0642"},"schema":{"@context":"https:\/\/schema.org","@graph":[{"@type":"Article","@id":"https:\/\/lequotidien.mr\/?p=20969&lang=fr#article","isPartOf":{"@id":"https:\/\/lequotidien.mr\/?p=20969&lang=fr"},"author":{"name":"Med Ahmed","@id":"https:\/\/lequotidien.mr\/#\/schema\/person\/d2d350202a4d599685ed8abc25f97596"},"headline":"50\u00e8me session du Conseil des ministres des affaires \u00e9trang\u00e8res de l&#8217;OCI : Signature de plusieurs accords pour une solidarit\u00e9 renforc\u00e9e et une coop\u00e9ration r\u00e9gionale accrue","datePublished":"2024-09-02T12:43:57+00:00","mainEntityOfPage":{"@id":"https:\/\/lequotidien.mr\/?p=20969&lang=fr"},"wordCount":686,"commentCount":0,"publisher":{"@id":"https:\/\/lequotidien.mr\/#organization"},"image":{"@id":"https:\/\/lequotidien.mr\/?p=20969&lang=fr#primaryimage"},"thumbnailUrl":"https:\/\/lequotidien.mr\/wp-content\/uploads\/2024\/09\/photo-OCI-Yaounde-2024.jpg","articleSection":["ACTUALIT\u00c9","Economie"],"inLanguage":"ar","potentialAction":[{"@type":"CommentAction","name":"Comment","target":["https:\/\/lequotidien.mr\/?p=20969&lang=fr#respond"]}]},{"@type":"WebPage","@id":"https:\/\/lequotidien.mr\/?p=20969&lang=fr","url":"https:\/\/lequotidien.mr\/?p=20969&lang=fr","name":"50\u00e8me session du Conseil des ministres des affaires \u00e9trang\u00e8res de l'OCI : Signature de plusieurs accords pour une solidarit\u00e9 renforc\u00e9e et une coop\u00e9ration r\u00e9gionale accrue - Le Quotidien de Nouakchott","isPartOf":{"@id":"https:\/\/lequotidien.mr\/#website"},"primaryImageOfPage":{"@id":"https:\/\/lequotidien.mr\/?p=20969&lang=fr#primaryimage"},"image":{"@id":"https:\/\/lequotidien.mr\/?p=20969&lang=fr#primaryimage"},"thumbnailUrl":"https:\/\/lequotidien.mr\/wp-content\/uploads\/2024\/09\/photo-OCI-Yaounde-2024.jpg","datePublished":"2024-09-02T12:43:57+00:00","breadcrumb":{"@id":"https:\/\/lequotidien.mr\/?p=20969&lang=fr#breadcrumb"},"inLanguage":"ar","potentialAction":[{"@type":"ReadAction","target":["https:\/\/lequotidien.mr\/?p=20969&lang=fr"]}]},{"@type":"ImageObject","inLanguage":"ar","@id":"https:\/\/lequotidien.mr\/?p=20969&lang=fr#primaryimage","url":"https:\/\/lequotidien.mr\/wp-content\/uploads\/2024\/09\/photo-OCI-Yaounde-2024.jpg","contentUrl":"https:\/\/lequotidien.mr\/wp-content\/uploads\/2024\/09\/photo-OCI-Yaounde-2024.jpg","width":820,"height":314},{"@type":"BreadcrumbList","@id":"https:\/\/lequotidien.mr\/?p=20969&lang=fr#breadcrumb","itemListElement":[{"@type":"ListItem","position":1,"name":"Home","item":"https:\/\/lequotidien.mr\/"},{"@type":"ListItem","position":2,"name":"50\u00e8me session du Conseil des ministres des affaires \u00e9trang\u00e8res de l&rsquo;OCI : Signature de plusieurs accords pour une solidarit\u00e9 renforc\u00e9e et une coop\u00e9ration r\u00e9gionale accrue"}]},{"@type":"WebSite","@id":"https:\/\/lequotidien.mr\/#website","url":"https:\/\/lequotidien.mr\/","name":"Le Quotidien de Nouakchott","description":"\u0625\u062e\u0628\u0627\u0631\u064a\u0629 \u0645\u0633\u062a\u0642\u0644\u0629 \u0644\u0644\u0623\u0646\u0628\u0627\u0621 \u0627\u0644\u0639\u0627\u0645\u0629","publisher":{"@id":"https:\/\/lequotidien.mr\/#organization"},"potentialAction":[{"@type":"SearchAction","target":{"@type":"EntryPoint","urlTemplate":"https:\/\/lequotidien.mr\/?s={search_term_string}"},"query-input":{"@type":"PropertyValueSpecification","valueRequired":true,"valueName":"search_term_string"}}],"inLanguage":"ar"},{"@type":"Organization","@id":"https:\/\/lequotidien.mr\/#organization","name":"Le Quotidien de Nouakchott","url":"https:\/\/lequotidien.mr\/","logo":{"@type":"ImageObject","inLanguage":"ar","@id":"https:\/\/lequotidien.mr\/#\/schema\/logo\/image\/","url":"https:\/\/lequotidien.mr\/wp-content\/uploads\/2022\/11\/logolequotidien.jpg","contentUrl":"https:\/\/lequotidien.mr\/wp-content\/uploads\/2022\/11\/logolequotidien.jpg","width":290,"height":65,"caption":"Le Quotidien de Nouakchott"},"image":{"@id":"https:\/\/lequotidien.mr\/#\/schema\/logo\/image\/"},"sameAs":["https:\/\/web.facebook.com\/lequotidienmr","https:\/\/x.com\/lequotidienmr"]},{"@type":"Person","@id":"https:\/\/lequotidien.mr\/#\/schema\/person\/d2d350202a4d599685ed8abc25f97596","name":"Med Ahmed","image":{"@type":"ImageObject","inLanguage":"ar","@id":"https:\/\/secure.gravatar.com\/avatar\/fd2acc62ed50732923d1d39c17172c9b04149f142be92310ecc69e1358f94b52?s=96&d=mm&r=g","url":"https:\/\/secure.gravatar.com\/avatar\/fd2acc62ed50732923d1d39c17172c9b04149f142be92310ecc69e1358f94b52?s=96&d=mm&r=g","contentUrl":"https:\/\/secure.gravatar.com\/avatar\/fd2acc62ed50732923d1d39c17172c9b04149f142be92310ecc69e1358f94b52?s=96&d=mm&r=g","caption":"Med Ahmed"},"url":"https:\/\/lequotidien.mr\/?author=12"}]}},"_links":{"self":[{"href":"https:\/\/lequotidien.mr\/index.php?rest_route=\/wp\/v2\/posts\/20969","targetHints":{"allow":["GET"]}}],"collection":[{"href":"https:\/\/lequotidien.mr\/index.php?rest_route=\/wp\/v2\/posts"}],"about":[{"href":"https:\/\/lequotidien.mr\/index.php?rest_route=\/wp\/v2\/types\/post"}],"author":[{"embeddable":true,"href":"https:\/\/lequotidien.mr\/index.php?rest_route=\/wp\/v2\/users\/12"}],"replies":[{"embeddable":true,"href":"https:\/\/lequotidien.mr\/index.php?rest_route=%2Fwp%2Fv2%2Fcomments&post=20969"}],"version-history":[{"count":1,"href":"https:\/\/lequotidien.mr\/index.php?rest_route=\/wp\/v2\/posts\/20969\/revisions"}],"predecessor-version":[{"id":20971,"href":"https:\/\/lequotidien.mr\/index.php?rest_route=\/wp\/v2\/posts\/20969\/revisions\/20971"}],"wp:featuredmedia":[{"embeddable":true,"href":"https:\/\/lequotidien.mr\/index.php?rest_route=\/wp\/v2\/media\/20970"}],"wp:attachment":[{"href":"https:\/\/lequotidien.mr\/index.php?rest_route=%2Fwp%2Fv2%2Fmedia&parent=20969"}],"wp:term":[{"taxonomy":"category","embeddable":true,"href":"https:\/\/lequotidien.mr\/index.php?rest_route=%2Fwp%2Fv2%2Fcategories&post=20969"},{"taxonomy":"post_tag","embeddable":true,"href":"https:\/\/lequotidien.mr\/index.php?rest_route=%2Fwp%2Fv2%2Ftags&post=20969"}],"curies":[{"name":"wp","href":"https:\/\/api.w.org\/{rel}","templated":true}]}}