{"id":20889,"date":"2024-08-30T10:26:43","date_gmt":"2024-08-30T10:26:43","guid":{"rendered":"https:\/\/lequotidien.mr\/?p=20889"},"modified":"2024-08-30T10:26:43","modified_gmt":"2024-08-30T10:26:43","slug":"suppression-des-bourses-pour-bacheliers-une-aberration-strategique-du-nouveau-ministre","status":"publish","type":"post","link":"https:\/\/lequotidien.mr\/?p=20889&lang=fr","title":{"rendered":"\u00a0Suppression des bourses pour bacheliers : Une aberration strat\u00e9gique du nouveau ministre"},"content":{"rendered":"<p>\u00c0 peine quelques jours apr\u00e8s la prise de fonction du nouveau ministre de l&#8217;Enseignement sup\u00e9rieur et de la Recherche scientifique, Yacoub Ould Moine, le minist\u00e8re a annonc\u00e9 une s\u00e9rie de r\u00e9formes en pr\u00e9paration de l&#8217;ann\u00e9e universitaire 2024-2025. Parmi ces r\u00e9formes, une d\u00e9cision particuli\u00e8rement controvers\u00e9e retient l&#8217;attention : la suppression des bourses d&#8217;\u00e9tudes \u00e0 l&#8217;\u00e9tranger pour les bacheliers, r\u00e9servant ces aides uniquement aux \u00e9tudiants en master et doctorat. Cette mesure, pr\u00e9sent\u00e9e comme un moyen de renforcer l&#8217;autonomie du syst\u00e8me \u00e9ducatif national, constitue en r\u00e9alit\u00e9 une erreur strat\u00e9gique qui risque de p\u00e9naliser gravement les \u00e9tudiants mauritaniens.<\/p>\n<p>Une d\u00e9cision incoh\u00e9rente face \u00e0 l&#8217;offre internationale de coop\u00e9ration<\/p>\n<p>L&#8217;argument avanc\u00e9 par le minist\u00e8re est que les institutions nationales sont d\u00e9sormais capables d&#8217;absorber la majorit\u00e9 des nouveaux bacheliers. Toutefois, refuser des bourses de coop\u00e9ration offertes par des partenaires internationaux tels que le Maroc, l&#8217;Alg\u00e9rie, la Tunisie, la Syrie, la Chine ou encore la Russie, sous pr\u00e9texte que l&#8217;offre nationale serait suffisante, est une aberration. Ces partenariats internationaux, souvent forg\u00e9s sur des d\u00e9cennies de coop\u00e9ration, ne se limitent pas \u00e0 un simple transfert d&#8217;\u00e9tudiants. Ils repr\u00e9sentent des opportunit\u00e9s pr\u00e9cieuses pour l&#8217;acquisition de comp\u00e9tences sp\u00e9cifiques, pour l&#8217;exposition \u00e0 des cultures acad\u00e9miques diverses, et pour le renforcement des relations diplomatiques et \u00e9conomiques avec ces pays.<\/p>\n<p>Le risque de priver les \u00e9tudiants d&#8217;une formation de qualit\u00e9 internationale<\/p>\n<p>Les \u00e9tudes \u00e0 l&#8217;\u00e9tranger ne se r\u00e9sument pas \u00e0 un simple parcours acad\u00e9mique ; elles offrent aux \u00e9tudiants une immersion culturelle et linguistique essentielle dans un monde de plus en plus globalis\u00e9. Elles permettent d&#8217;acc\u00e9der \u00e0 des programmes d&#8217;\u00e9tudes uniques, souvent inaccessibles au niveau national, et d&#8217;acqu\u00e9rir des comp\u00e9tences qui ne sont pas encore suffisamment d\u00e9velopp\u00e9es en Mauritanie. Limiter ces opportunit\u00e9s \u00e0 une \u00e9lite en master ou en doctorat, c&#8217;est priver les jeunes bacheliers de cette exposition internationale d\u00e8s le d\u00e9but de leur parcours acad\u00e9mique, ce qui pourrait r\u00e9duire leur comp\u00e9titivit\u00e9 sur le march\u00e9 du travail global.<\/p>\n<p>Une expansion des capacit\u00e9s nationales au d\u00e9triment de la qualit\u00e9\u00a0?<\/p>\n<p>Le minist\u00e8re met en avant l&#8217;augmentation des capacit\u00e9s d&#8217;accueil des institutions nationales comme justification de cette r\u00e9forme. Toutefois, cette expansion rapide des infrastructures, aussi n\u00e9cessaire soit-elle, ne doit pas se faire au d\u00e9triment de la qualit\u00e9 de l&#8217;enseignement. La construction de nouveaux complexes universitaires et l&#8217;extension des instituts sp\u00e9cialis\u00e9s sont des avanc\u00e9es, mais sans un renforcement parall\u00e8le des ressources p\u00e9dagogiques et des conditions d&#8217;apprentissage, ces efforts risquent de conduire \u00e0 un surpeuplement qui nuira \u00e0 l&#8217;efficacit\u00e9 de la formation.<\/p>\n<p>Des enjeux de gouvernance et de transparence toujours pr\u00e9sents<\/p>\n<p>La d\u00e9cision du ministre de pr\u00f4ner la transparence et l&#8217;\u00e9quit\u00e9 dans le processus de s\u00e9lection et d&#8217;orientation des \u00e9tudiants est louable. Cependant, les d\u00e9fis de gouvernance dans le secteur \u00e9ducatif mauritanien sont bien r\u00e9els. La mise en \u0153uvre de cette r\u00e9forme n\u00e9cessite une gestion rigoureuse pour \u00e9viter toute interf\u00e9rence indue et garantir que les d\u00e9cisions soient prises en fonction des m\u00e9rites et des besoins r\u00e9els des \u00e9tudiants. Il est essentiel que ces r\u00e9formes ne deviennent pas un simple exercice de r\u00e9allocation de ressources, mais qu&#8217;elles contribuent r\u00e9ellement \u00e0 l&#8217;am\u00e9lioration du syst\u00e8me \u00e9ducatif dans son ensemble.<\/p>\n<p>Une approche qui manque de vision globale<\/p>\n<p>Les r\u00e9formes annonc\u00e9es par le nouveau ministre de l&#8217;Enseignement sup\u00e9rieur montrent une volont\u00e9 de changement, mais la suppression des bourses pour les bacheliers, au profit d&#8217;une soi-disant autonomie nationale, est une erreur strat\u00e9gique. Les \u00e9tudes \u00e0 l&#8217;\u00e9tranger jouent un r\u00f4le crucial dans le d\u00e9veloppement acad\u00e9mique et professionnel des \u00e9tudiants, et leur restriction pourrait avoir des cons\u00e9quences n\u00e9gatives \u00e0 long terme sur la comp\u00e9titivit\u00e9 des dipl\u00f4m\u00e9s mauritaniens. Une politique plus \u00e9quilibr\u00e9e, qui int\u00e8gre les avantages des partenariats internationaux tout en renfor\u00e7ant les capacit\u00e9s locales, serait n\u00e9cessaire pour v\u00e9ritablement pr\u00e9parer la Mauritanie aux d\u00e9fis \u00e9ducatifs du futur.<\/p>\n<p>&nbsp;<\/p>\n<p>&nbsp;<\/p>\n<p>&nbsp;<\/p>\n","protected":false},"excerpt":{"rendered":"<p>\u00c0 peine quelques jours apr\u00e8s la prise de fonction du nouveau ministre de l&#8217;Enseignement sup\u00e9rieur et de la Recherche scientifique, Yacoub Ould Moine, le minist\u00e8re a annonc\u00e9 une s\u00e9rie de r\u00e9formes en pr\u00e9paration de l&#8217;ann\u00e9e universitaire 2024-2025. Parmi ces r\u00e9formes, une d\u00e9cision particuli\u00e8rement controvers\u00e9e retient l&#8217;attention : la suppression des bourses d&#8217;\u00e9tudes \u00e0 l&#8217;\u00e9tranger pour&#8230;..<\/p>\n","protected":false},"author":4,"featured_media":20890,"comment_status":"open","ping_status":"open","sticky":false,"template":"","format":"standard","meta":{"footnotes":""},"categories":[23,57],"tags":[],"class_list":["post-20889","post","type-post","status-publish","format-standard","has-post-thumbnail","hentry","category-actualite","category-couverture-specilale"],"yoast_head":"<!-- This site is optimized with the Yoast SEO plugin v27.5 - https:\/\/yoast.com\/product\/yoast-seo-wordpress\/ -->\n<title>\u00a0Suppression des bourses pour bacheliers : Une aberration strat\u00e9gique du nouveau ministre - Le Quotidien de Nouakchott<\/title>\n<meta name=\"robots\" content=\"index, follow, max-snippet:-1, max-image-preview:large, max-video-preview:-1\" \/>\n<link rel=\"canonical\" href=\"https:\/\/lequotidien.mr\/?p=20889&lang=fr\" \/>\n<meta property=\"og:locale\" content=\"ar_AR\" \/>\n<meta property=\"og:type\" content=\"article\" \/>\n<meta property=\"og:title\" content=\"\u00a0Suppression des bourses pour bacheliers : Une aberration strat\u00e9gique du nouveau ministre - Le Quotidien de Nouakchott\" \/>\n<meta property=\"og:description\" content=\"\u00c0 peine quelques jours apr\u00e8s la prise de fonction du nouveau ministre de l&#8217;Enseignement sup\u00e9rieur et de la Recherche scientifique, Yacoub Ould Moine, le minist\u00e8re a annonc\u00e9 une s\u00e9rie de r\u00e9formes en pr\u00e9paration de l&#8217;ann\u00e9e universitaire 2024-2025. Parmi ces r\u00e9formes, une d\u00e9cision particuli\u00e8rement controvers\u00e9e retient l&#8217;attention : la suppression des bourses d&#8217;\u00e9tudes \u00e0 l&#8217;\u00e9tranger pour.....\" \/>\n<meta property=\"og:url\" content=\"https:\/\/lequotidien.mr\/?p=20889&amp;lang=fr\" \/>\n<meta property=\"og:site_name\" content=\"Le Quotidien de Nouakchott\" \/>\n<meta property=\"article:publisher\" content=\"https:\/\/web.facebook.com\/lequotidienmr\" \/>\n<meta property=\"article:published_time\" content=\"2024-08-30T10:26:43+00:00\" \/>\n<meta property=\"og:image\" content=\"https:\/\/lequotidien.mr\/wp-content\/uploads\/2024\/08\/21162437-24308843.jpg\" \/>\n\t<meta property=\"og:image:width\" content=\"1572\" \/>\n\t<meta property=\"og:image:height\" content=\"1400\" \/>\n\t<meta property=\"og:image:type\" content=\"image\/jpeg\" \/>\n<meta name=\"author\" content=\"Le Quotidien\" \/>\n<meta name=\"twitter:card\" content=\"summary_large_image\" \/>\n<meta name=\"twitter:creator\" content=\"@lequotidienmr\" \/>\n<meta name=\"twitter:site\" content=\"@lequotidienmr\" \/>\n<meta name=\"twitter:label1\" content=\"\u0643\u064f\u062a\u0628 \u0628\u0648\u0627\u0633\u0637\u0629\" \/>\n\t<meta name=\"twitter:data1\" content=\"Le Quotidien\" \/>\n\t<meta name=\"twitter:label2\" content=\"\u0648\u0642\u062a \u0627\u0644\u0642\u0631\u0627\u0621\u0629 \u0627\u0644\u0645\u064f\u0642\u062f\u0651\u0631\" \/>\n\t<meta name=\"twitter:data2\" content=\"3 \u062f\u0642\u0627\u0626\u0642\" \/>\n<script type=\"application\/ld+json\" class=\"yoast-schema-graph\">{\"@context\":\"https:\\\/\\\/schema.org\",\"@graph\":[{\"@type\":\"Article\",\"@id\":\"https:\\\/\\\/lequotidien.mr\\\/?p=20889&lang=fr#article\",\"isPartOf\":{\"@id\":\"https:\\\/\\\/lequotidien.mr\\\/?p=20889&lang=fr\"},\"author\":{\"name\":\"Le Quotidien\",\"@id\":\"https:\\\/\\\/lequotidien.mr\\\/#\\\/schema\\\/person\\\/f90fcdaa970c60288de4ed2e64a56472\"},\"headline\":\"\u00a0Suppression des bourses pour bacheliers : Une aberration strat\u00e9gique du nouveau ministre\",\"datePublished\":\"2024-08-30T10:26:43+00:00\",\"mainEntityOfPage\":{\"@id\":\"https:\\\/\\\/lequotidien.mr\\\/?p=20889&lang=fr\"},\"wordCount\":738,\"commentCount\":0,\"publisher\":{\"@id\":\"https:\\\/\\\/lequotidien.mr\\\/#organization\"},\"image\":{\"@id\":\"https:\\\/\\\/lequotidien.mr\\\/?p=20889&lang=fr#primaryimage\"},\"thumbnailUrl\":\"https:\\\/\\\/lequotidien.mr\\\/wp-content\\\/uploads\\\/2024\\\/08\\\/21162437-24308843.jpg\",\"articleSection\":[\"ACTUALIT\u00c9\",\"Couverture sp\u00e9cilale\"],\"inLanguage\":\"ar\",\"potentialAction\":[{\"@type\":\"CommentAction\",\"name\":\"Comment\",\"target\":[\"https:\\\/\\\/lequotidien.mr\\\/?p=20889&lang=fr#respond\"]}]},{\"@type\":\"WebPage\",\"@id\":\"https:\\\/\\\/lequotidien.mr\\\/?p=20889&lang=fr\",\"url\":\"https:\\\/\\\/lequotidien.mr\\\/?p=20889&lang=fr\",\"name\":\"\u00a0Suppression des bourses pour bacheliers : Une aberration strat\u00e9gique du nouveau ministre - Le Quotidien de Nouakchott\",\"isPartOf\":{\"@id\":\"https:\\\/\\\/lequotidien.mr\\\/#website\"},\"primaryImageOfPage\":{\"@id\":\"https:\\\/\\\/lequotidien.mr\\\/?p=20889&lang=fr#primaryimage\"},\"image\":{\"@id\":\"https:\\\/\\\/lequotidien.mr\\\/?p=20889&lang=fr#primaryimage\"},\"thumbnailUrl\":\"https:\\\/\\\/lequotidien.mr\\\/wp-content\\\/uploads\\\/2024\\\/08\\\/21162437-24308843.jpg\",\"datePublished\":\"2024-08-30T10:26:43+00:00\",\"breadcrumb\":{\"@id\":\"https:\\\/\\\/lequotidien.mr\\\/?p=20889&lang=fr#breadcrumb\"},\"inLanguage\":\"ar\",\"potentialAction\":[{\"@type\":\"ReadAction\",\"target\":[\"https:\\\/\\\/lequotidien.mr\\\/?p=20889&lang=fr\"]}]},{\"@type\":\"ImageObject\",\"inLanguage\":\"ar\",\"@id\":\"https:\\\/\\\/lequotidien.mr\\\/?p=20889&lang=fr#primaryimage\",\"url\":\"https:\\\/\\\/lequotidien.mr\\\/wp-content\\\/uploads\\\/2024\\\/08\\\/21162437-24308843.jpg\",\"contentUrl\":\"https:\\\/\\\/lequotidien.mr\\\/wp-content\\\/uploads\\\/2024\\\/08\\\/21162437-24308843.jpg\",\"width\":1572,\"height\":1400},{\"@type\":\"BreadcrumbList\",\"@id\":\"https:\\\/\\\/lequotidien.mr\\\/?p=20889&lang=fr#breadcrumb\",\"itemListElement\":[{\"@type\":\"ListItem\",\"position\":1,\"name\":\"Home\",\"item\":\"https:\\\/\\\/lequotidien.mr\\\/\"},{\"@type\":\"ListItem\",\"position\":2,\"name\":\"\u00a0Suppression des bourses pour bacheliers : Une aberration strat\u00e9gique du nouveau ministre\"}]},{\"@type\":\"WebSite\",\"@id\":\"https:\\\/\\\/lequotidien.mr\\\/#website\",\"url\":\"https:\\\/\\\/lequotidien.mr\\\/\",\"name\":\"Le Quotidien de Nouakchott\",\"description\":\"\u0625\u062e\u0628\u0627\u0631\u064a\u0629 \u0645\u0633\u062a\u0642\u0644\u0629 \u0644\u0644\u0623\u0646\u0628\u0627\u0621 \u0627\u0644\u0639\u0627\u0645\u0629\",\"publisher\":{\"@id\":\"https:\\\/\\\/lequotidien.mr\\\/#organization\"},\"potentialAction\":[{\"@type\":\"SearchAction\",\"target\":{\"@type\":\"EntryPoint\",\"urlTemplate\":\"https:\\\/\\\/lequotidien.mr\\\/?s={search_term_string}\"},\"query-input\":{\"@type\":\"PropertyValueSpecification\",\"valueRequired\":true,\"valueName\":\"search_term_string\"}}],\"inLanguage\":\"ar\"},{\"@type\":\"Organization\",\"@id\":\"https:\\\/\\\/lequotidien.mr\\\/#organization\",\"name\":\"Le Quotidien de Nouakchott\",\"url\":\"https:\\\/\\\/lequotidien.mr\\\/\",\"logo\":{\"@type\":\"ImageObject\",\"inLanguage\":\"ar\",\"@id\":\"https:\\\/\\\/lequotidien.mr\\\/#\\\/schema\\\/logo\\\/image\\\/\",\"url\":\"https:\\\/\\\/lequotidien.mr\\\/wp-content\\\/uploads\\\/2022\\\/11\\\/logolequotidien.jpg\",\"contentUrl\":\"https:\\\/\\\/lequotidien.mr\\\/wp-content\\\/uploads\\\/2022\\\/11\\\/logolequotidien.jpg\",\"width\":290,\"height\":65,\"caption\":\"Le Quotidien de Nouakchott\"},\"image\":{\"@id\":\"https:\\\/\\\/lequotidien.mr\\\/#\\\/schema\\\/logo\\\/image\\\/\"},\"sameAs\":[\"https:\\\/\\\/web.facebook.com\\\/lequotidienmr\",\"https:\\\/\\\/x.com\\\/lequotidienmr\"]},{\"@type\":\"Person\",\"@id\":\"https:\\\/\\\/lequotidien.mr\\\/#\\\/schema\\\/person\\\/f90fcdaa970c60288de4ed2e64a56472\",\"name\":\"Le Quotidien\",\"image\":{\"@type\":\"ImageObject\",\"inLanguage\":\"ar\",\"@id\":\"https:\\\/\\\/secure.gravatar.com\\\/avatar\\\/374cb39a1a458a912465a93e5a3ce6546886fc3da809a1f10c63e4e8fcbca30f?s=96&d=mm&r=g\",\"url\":\"https:\\\/\\\/secure.gravatar.com\\\/avatar\\\/374cb39a1a458a912465a93e5a3ce6546886fc3da809a1f10c63e4e8fcbca30f?s=96&d=mm&r=g\",\"contentUrl\":\"https:\\\/\\\/secure.gravatar.com\\\/avatar\\\/374cb39a1a458a912465a93e5a3ce6546886fc3da809a1f10c63e4e8fcbca30f?s=96&d=mm&r=g\",\"caption\":\"Le Quotidien\"},\"sameAs\":[\"https:\\\/\\\/lequotidien.mr\\\/\"],\"url\":\"https:\\\/\\\/lequotidien.mr\\\/?author=4\"}]}<\/script>\n<!-- \/ Yoast SEO plugin. -->","yoast_head_json":{"title":"\u00a0Suppression des bourses pour bacheliers : Une aberration strat\u00e9gique du nouveau ministre - Le Quotidien de Nouakchott","robots":{"index":"index","follow":"follow","max-snippet":"max-snippet:-1","max-image-preview":"max-image-preview:large","max-video-preview":"max-video-preview:-1"},"canonical":"https:\/\/lequotidien.mr\/?p=20889&lang=fr","og_locale":"ar_AR","og_type":"article","og_title":"\u00a0Suppression des bourses pour bacheliers : Une aberration strat\u00e9gique du nouveau ministre - Le Quotidien de Nouakchott","og_description":"\u00c0 peine quelques jours apr\u00e8s la prise de fonction du nouveau ministre de l&#8217;Enseignement sup\u00e9rieur et de la Recherche scientifique, Yacoub Ould Moine, le minist\u00e8re a annonc\u00e9 une s\u00e9rie de r\u00e9formes en pr\u00e9paration de l&#8217;ann\u00e9e universitaire 2024-2025. Parmi ces r\u00e9formes, une d\u00e9cision particuli\u00e8rement controvers\u00e9e retient l&#8217;attention : la suppression des bourses d&#8217;\u00e9tudes \u00e0 l&#8217;\u00e9tranger pour.....","og_url":"https:\/\/lequotidien.mr\/?p=20889&lang=fr","og_site_name":"Le Quotidien de Nouakchott","article_publisher":"https:\/\/web.facebook.com\/lequotidienmr","article_published_time":"2024-08-30T10:26:43+00:00","og_image":[{"width":1572,"height":1400,"url":"https:\/\/lequotidien.mr\/wp-content\/uploads\/2024\/08\/21162437-24308843.jpg","type":"image\/jpeg"}],"author":"Le Quotidien","twitter_card":"summary_large_image","twitter_creator":"@lequotidienmr","twitter_site":"@lequotidienmr","twitter_misc":{"\u0643\u064f\u062a\u0628 \u0628\u0648\u0627\u0633\u0637\u0629":"Le Quotidien","\u0648\u0642\u062a \u0627\u0644\u0642\u0631\u0627\u0621\u0629 \u0627\u0644\u0645\u064f\u0642\u062f\u0651\u0631":"3 \u062f\u0642\u0627\u0626\u0642"},"schema":{"@context":"https:\/\/schema.org","@graph":[{"@type":"Article","@id":"https:\/\/lequotidien.mr\/?p=20889&lang=fr#article","isPartOf":{"@id":"https:\/\/lequotidien.mr\/?p=20889&lang=fr"},"author":{"name":"Le Quotidien","@id":"https:\/\/lequotidien.mr\/#\/schema\/person\/f90fcdaa970c60288de4ed2e64a56472"},"headline":"\u00a0Suppression des bourses pour bacheliers : Une aberration strat\u00e9gique du nouveau ministre","datePublished":"2024-08-30T10:26:43+00:00","mainEntityOfPage":{"@id":"https:\/\/lequotidien.mr\/?p=20889&lang=fr"},"wordCount":738,"commentCount":0,"publisher":{"@id":"https:\/\/lequotidien.mr\/#organization"},"image":{"@id":"https:\/\/lequotidien.mr\/?p=20889&lang=fr#primaryimage"},"thumbnailUrl":"https:\/\/lequotidien.mr\/wp-content\/uploads\/2024\/08\/21162437-24308843.jpg","articleSection":["ACTUALIT\u00c9","Couverture sp\u00e9cilale"],"inLanguage":"ar","potentialAction":[{"@type":"CommentAction","name":"Comment","target":["https:\/\/lequotidien.mr\/?p=20889&lang=fr#respond"]}]},{"@type":"WebPage","@id":"https:\/\/lequotidien.mr\/?p=20889&lang=fr","url":"https:\/\/lequotidien.mr\/?p=20889&lang=fr","name":"\u00a0Suppression des bourses pour bacheliers : Une aberration strat\u00e9gique du nouveau ministre - Le Quotidien de Nouakchott","isPartOf":{"@id":"https:\/\/lequotidien.mr\/#website"},"primaryImageOfPage":{"@id":"https:\/\/lequotidien.mr\/?p=20889&lang=fr#primaryimage"},"image":{"@id":"https:\/\/lequotidien.mr\/?p=20889&lang=fr#primaryimage"},"thumbnailUrl":"https:\/\/lequotidien.mr\/wp-content\/uploads\/2024\/08\/21162437-24308843.jpg","datePublished":"2024-08-30T10:26:43+00:00","breadcrumb":{"@id":"https:\/\/lequotidien.mr\/?p=20889&lang=fr#breadcrumb"},"inLanguage":"ar","potentialAction":[{"@type":"ReadAction","target":["https:\/\/lequotidien.mr\/?p=20889&lang=fr"]}]},{"@type":"ImageObject","inLanguage":"ar","@id":"https:\/\/lequotidien.mr\/?p=20889&lang=fr#primaryimage","url":"https:\/\/lequotidien.mr\/wp-content\/uploads\/2024\/08\/21162437-24308843.jpg","contentUrl":"https:\/\/lequotidien.mr\/wp-content\/uploads\/2024\/08\/21162437-24308843.jpg","width":1572,"height":1400},{"@type":"BreadcrumbList","@id":"https:\/\/lequotidien.mr\/?p=20889&lang=fr#breadcrumb","itemListElement":[{"@type":"ListItem","position":1,"name":"Home","item":"https:\/\/lequotidien.mr\/"},{"@type":"ListItem","position":2,"name":"\u00a0Suppression des bourses pour bacheliers : Une aberration strat\u00e9gique du nouveau ministre"}]},{"@type":"WebSite","@id":"https:\/\/lequotidien.mr\/#website","url":"https:\/\/lequotidien.mr\/","name":"Le Quotidien de Nouakchott","description":"\u0625\u062e\u0628\u0627\u0631\u064a\u0629 \u0645\u0633\u062a\u0642\u0644\u0629 \u0644\u0644\u0623\u0646\u0628\u0627\u0621 \u0627\u0644\u0639\u0627\u0645\u0629","publisher":{"@id":"https:\/\/lequotidien.mr\/#organization"},"potentialAction":[{"@type":"SearchAction","target":{"@type":"EntryPoint","urlTemplate":"https:\/\/lequotidien.mr\/?s={search_term_string}"},"query-input":{"@type":"PropertyValueSpecification","valueRequired":true,"valueName":"search_term_string"}}],"inLanguage":"ar"},{"@type":"Organization","@id":"https:\/\/lequotidien.mr\/#organization","name":"Le Quotidien de Nouakchott","url":"https:\/\/lequotidien.mr\/","logo":{"@type":"ImageObject","inLanguage":"ar","@id":"https:\/\/lequotidien.mr\/#\/schema\/logo\/image\/","url":"https:\/\/lequotidien.mr\/wp-content\/uploads\/2022\/11\/logolequotidien.jpg","contentUrl":"https:\/\/lequotidien.mr\/wp-content\/uploads\/2022\/11\/logolequotidien.jpg","width":290,"height":65,"caption":"Le Quotidien de Nouakchott"},"image":{"@id":"https:\/\/lequotidien.mr\/#\/schema\/logo\/image\/"},"sameAs":["https:\/\/web.facebook.com\/lequotidienmr","https:\/\/x.com\/lequotidienmr"]},{"@type":"Person","@id":"https:\/\/lequotidien.mr\/#\/schema\/person\/f90fcdaa970c60288de4ed2e64a56472","name":"Le Quotidien","image":{"@type":"ImageObject","inLanguage":"ar","@id":"https:\/\/secure.gravatar.com\/avatar\/374cb39a1a458a912465a93e5a3ce6546886fc3da809a1f10c63e4e8fcbca30f?s=96&d=mm&r=g","url":"https:\/\/secure.gravatar.com\/avatar\/374cb39a1a458a912465a93e5a3ce6546886fc3da809a1f10c63e4e8fcbca30f?s=96&d=mm&r=g","contentUrl":"https:\/\/secure.gravatar.com\/avatar\/374cb39a1a458a912465a93e5a3ce6546886fc3da809a1f10c63e4e8fcbca30f?s=96&d=mm&r=g","caption":"Le Quotidien"},"sameAs":["https:\/\/lequotidien.mr\/"],"url":"https:\/\/lequotidien.mr\/?author=4"}]}},"_links":{"self":[{"href":"https:\/\/lequotidien.mr\/index.php?rest_route=\/wp\/v2\/posts\/20889","targetHints":{"allow":["GET"]}}],"collection":[{"href":"https:\/\/lequotidien.mr\/index.php?rest_route=\/wp\/v2\/posts"}],"about":[{"href":"https:\/\/lequotidien.mr\/index.php?rest_route=\/wp\/v2\/types\/post"}],"author":[{"embeddable":true,"href":"https:\/\/lequotidien.mr\/index.php?rest_route=\/wp\/v2\/users\/4"}],"replies":[{"embeddable":true,"href":"https:\/\/lequotidien.mr\/index.php?rest_route=%2Fwp%2Fv2%2Fcomments&post=20889"}],"version-history":[{"count":1,"href":"https:\/\/lequotidien.mr\/index.php?rest_route=\/wp\/v2\/posts\/20889\/revisions"}],"predecessor-version":[{"id":20891,"href":"https:\/\/lequotidien.mr\/index.php?rest_route=\/wp\/v2\/posts\/20889\/revisions\/20891"}],"wp:featuredmedia":[{"embeddable":true,"href":"https:\/\/lequotidien.mr\/index.php?rest_route=\/wp\/v2\/media\/20890"}],"wp:attachment":[{"href":"https:\/\/lequotidien.mr\/index.php?rest_route=%2Fwp%2Fv2%2Fmedia&parent=20889"}],"wp:term":[{"taxonomy":"category","embeddable":true,"href":"https:\/\/lequotidien.mr\/index.php?rest_route=%2Fwp%2Fv2%2Fcategories&post=20889"},{"taxonomy":"post_tag","embeddable":true,"href":"https:\/\/lequotidien.mr\/index.php?rest_route=%2Fwp%2Fv2%2Ftags&post=20889"}],"curies":[{"name":"wp","href":"https:\/\/api.w.org\/{rel}","templated":true}]}}