{"id":20832,"date":"2024-08-28T14:18:30","date_gmt":"2024-08-28T14:18:30","guid":{"rendered":"https:\/\/lequotidien.mr\/?p=20832"},"modified":"2024-08-28T14:18:30","modified_gmt":"2024-08-28T14:18:30","slug":"oragroup-annonce-une-nouvelle-etape-dans-son-developpement-avec-un-changement-a-la-presidence-de-son-conseil-dadministration","status":"publish","type":"post","link":"https:\/\/lequotidien.mr\/?p=20832&lang=fr","title":{"rendered":"Oragroup annonce une nouvelle \u00e9tape dans son d\u00e9veloppement avec un changement \u00e0 la pr\u00e9sidence de son Conseil d\u2019Administration\u00a0"},"content":{"rendered":"<p>Oragroup a annonc\u00e9 un changement significatif au sein de son Conseil d\u2019Administration avec le d\u00e9part de M. Vincent Le Guennou de son poste de Pr\u00e9sident. Apr\u00e8s quinze ann\u00e9es de service, M. Le Guennou laisse derri\u00e8re lui un h\u00e9ritage important marqu\u00e9 par une expansion notable du groupe, qui est pass\u00e9 de 5 \u00e0 12 pays en Afrique de l\u2019Ouest et du Centre, et par une introduction r\u00e9ussie \u00e0 la BRVM en 2019.<\/p>\n<p>M. Ibrahima Diouf, membre du Conseil d\u2019Administration depuis trois ans et Conseiller Sp\u00e9cial du Pr\u00e9sident de la Banque Ouest Africaine de D\u00e9veloppement (BOAD), a \u00e9t\u00e9 \u00e9lu pour lui succ\u00e9der. Avec une riche exp\u00e9rience r\u00e9gionale et internationale dans le secteur bancaire, M. Diouf est attendu pour relever les d\u00e9fis actuels et futurs du groupe et pour collaborer \u00e9troitement avec les \u00e9quipes en place afin de renforcer la situation financi\u00e8re d\u2019Oragroup et d\u2019assurer sa p\u00e9rennit\u00e9.<\/p>\n<p>Le Groupe Orabank est un acteur majeur du secteur bancaire en Afrique, avec une pr\u00e9sence dans 12 pays d&#8217;Afrique de l&#8217;Ouest et du Centre, notamment au B\u00e9nin, Burkina Faso, C\u00f4te d&#8217;Ivoire, Gabon, Guin\u00e9e, Guin\u00e9e-Bissau, Mali, Mauritanie, Niger, S\u00e9n\u00e9gal, Tchad et Togo. Le groupe op\u00e8re dans quatre zones mon\u00e9taires : l&#8217;UEMOA, la CEMAC, la Guin\u00e9e et la Mauritanie. Fort de plus de 170 agences et points de vente, ainsi que d&#8217;une soci\u00e9t\u00e9 de gestion et d&#8217;interm\u00e9diation (SGI), Orabank sert pr\u00e8s de 700 000 clients, allant des grandes entreprises multinationales aux PME, en passant par les particuliers.<\/p>\n<p>Engag\u00e9 en faveur de l&#8217;inclusion financi\u00e8re, le groupe se concentre \u00e9galement sur les segments de la population \u00e0 revenus modestes, en proposant des solutions innovantes adapt\u00e9es \u00e0 leurs besoins. La politique de responsabilit\u00e9 sociale et environnementale (RSE) d&#8217;Orabank, int\u00e9gr\u00e9e \u00e0 sa strat\u00e9gie globale, met l&#8217;accent sur la transition \u00e9nerg\u00e9tique, la gestion des risques environnementaux et sociaux, ainsi que le bien-\u00eatre de ses collaborateurs et du public.<\/p>\n","protected":false},"excerpt":{"rendered":"<p>Oragroup a annonc\u00e9 un changement significatif au sein de son Conseil d\u2019Administration avec le d\u00e9part de M. Vincent Le Guennou de son poste de Pr\u00e9sident. Apr\u00e8s quinze ann\u00e9es de service, M. Le Guennou laisse derri\u00e8re lui un h\u00e9ritage important marqu\u00e9 par une expansion notable du groupe, qui est pass\u00e9 de 5 \u00e0 12 pays en&#8230;..<\/p>\n","protected":false},"author":4,"featured_media":20833,"comment_status":"open","ping_status":"open","sticky":false,"template":"","format":"standard","meta":{"footnotes":""},"categories":[23,49],"tags":[],"class_list":["post-20832","post","type-post","status-publish","format-standard","has-post-thumbnail","hentry","category-actualite","category-economie"],"yoast_head":"<!-- This site is optimized with the Yoast SEO plugin v27.5 - https:\/\/yoast.com\/product\/yoast-seo-wordpress\/ -->\n<title>Oragroup annonce une nouvelle \u00e9tape dans son d\u00e9veloppement avec un changement \u00e0 la pr\u00e9sidence de son Conseil d\u2019Administration\u00a0 - Le Quotidien de Nouakchott<\/title>\n<meta name=\"robots\" content=\"index, follow, max-snippet:-1, max-image-preview:large, max-video-preview:-1\" \/>\n<link rel=\"canonical\" href=\"https:\/\/lequotidien.mr\/?p=20832&lang=fr\" \/>\n<meta property=\"og:locale\" content=\"ar_AR\" \/>\n<meta property=\"og:type\" content=\"article\" \/>\n<meta property=\"og:title\" content=\"Oragroup annonce une nouvelle \u00e9tape dans son d\u00e9veloppement avec un changement \u00e0 la pr\u00e9sidence de son Conseil d\u2019Administration\u00a0 - Le Quotidien de Nouakchott\" \/>\n<meta property=\"og:description\" content=\"Oragroup a annonc\u00e9 un changement significatif au sein de son Conseil d\u2019Administration avec le d\u00e9part de M. Vincent Le Guennou de son poste de Pr\u00e9sident. Apr\u00e8s quinze ann\u00e9es de service, M. Le Guennou laisse derri\u00e8re lui un h\u00e9ritage important marqu\u00e9 par une expansion notable du groupe, qui est pass\u00e9 de 5 \u00e0 12 pays en.....\" \/>\n<meta property=\"og:url\" content=\"https:\/\/lequotidien.mr\/?p=20832&amp;lang=fr\" \/>\n<meta property=\"og:site_name\" content=\"Le Quotidien de Nouakchott\" \/>\n<meta property=\"article:publisher\" content=\"https:\/\/web.facebook.com\/lequotidienmr\" \/>\n<meta property=\"article:published_time\" content=\"2024-08-28T14:18:30+00:00\" \/>\n<meta property=\"og:image\" content=\"https:\/\/lequotidien.mr\/wp-content\/uploads\/2024\/08\/portrait_ibrahimadiouf_060717-278x370-1.png\" \/>\n\t<meta property=\"og:image:width\" content=\"278\" \/>\n\t<meta property=\"og:image:height\" content=\"370\" \/>\n\t<meta property=\"og:image:type\" content=\"image\/png\" \/>\n<meta name=\"author\" content=\"Le Quotidien\" \/>\n<meta name=\"twitter:card\" content=\"summary_large_image\" \/>\n<meta name=\"twitter:creator\" content=\"@lequotidienmr\" \/>\n<meta name=\"twitter:site\" content=\"@lequotidienmr\" \/>\n<meta name=\"twitter:label1\" content=\"\u0643\u064f\u062a\u0628 \u0628\u0648\u0627\u0633\u0637\u0629\" \/>\n\t<meta name=\"twitter:data1\" content=\"Le Quotidien\" \/>\n\t<meta name=\"twitter:label2\" content=\"\u0648\u0642\u062a \u0627\u0644\u0642\u0631\u0627\u0621\u0629 \u0627\u0644\u0645\u064f\u0642\u062f\u0651\u0631\" \/>\n\t<meta name=\"twitter:data2\" content=\"\u062f\u0642\u064a\u0642\u062a\u0627\u0646\" \/>\n<script type=\"application\/ld+json\" class=\"yoast-schema-graph\">{\"@context\":\"https:\\\/\\\/schema.org\",\"@graph\":[{\"@type\":\"Article\",\"@id\":\"https:\\\/\\\/lequotidien.mr\\\/?p=20832&lang=fr#article\",\"isPartOf\":{\"@id\":\"https:\\\/\\\/lequotidien.mr\\\/?p=20832&lang=fr\"},\"author\":{\"name\":\"Le Quotidien\",\"@id\":\"https:\\\/\\\/lequotidien.mr\\\/#\\\/schema\\\/person\\\/f90fcdaa970c60288de4ed2e64a56472\"},\"headline\":\"Oragroup annonce une nouvelle \u00e9tape dans son d\u00e9veloppement avec un changement \u00e0 la pr\u00e9sidence de son Conseil d\u2019Administration\u00a0\",\"datePublished\":\"2024-08-28T14:18:30+00:00\",\"mainEntityOfPage\":{\"@id\":\"https:\\\/\\\/lequotidien.mr\\\/?p=20832&lang=fr\"},\"wordCount\":362,\"commentCount\":0,\"publisher\":{\"@id\":\"https:\\\/\\\/lequotidien.mr\\\/#organization\"},\"image\":{\"@id\":\"https:\\\/\\\/lequotidien.mr\\\/?p=20832&lang=fr#primaryimage\"},\"thumbnailUrl\":\"https:\\\/\\\/lequotidien.mr\\\/wp-content\\\/uploads\\\/2024\\\/08\\\/portrait_ibrahimadiouf_060717-278x370-1.png\",\"articleSection\":[\"ACTUALIT\u00c9\",\"Economie\"],\"inLanguage\":\"ar\",\"potentialAction\":[{\"@type\":\"CommentAction\",\"name\":\"Comment\",\"target\":[\"https:\\\/\\\/lequotidien.mr\\\/?p=20832&lang=fr#respond\"]}]},{\"@type\":\"WebPage\",\"@id\":\"https:\\\/\\\/lequotidien.mr\\\/?p=20832&lang=fr\",\"url\":\"https:\\\/\\\/lequotidien.mr\\\/?p=20832&lang=fr\",\"name\":\"Oragroup annonce une nouvelle \u00e9tape dans son d\u00e9veloppement avec un changement \u00e0 la pr\u00e9sidence de son Conseil d\u2019Administration\u00a0 - Le Quotidien de Nouakchott\",\"isPartOf\":{\"@id\":\"https:\\\/\\\/lequotidien.mr\\\/#website\"},\"primaryImageOfPage\":{\"@id\":\"https:\\\/\\\/lequotidien.mr\\\/?p=20832&lang=fr#primaryimage\"},\"image\":{\"@id\":\"https:\\\/\\\/lequotidien.mr\\\/?p=20832&lang=fr#primaryimage\"},\"thumbnailUrl\":\"https:\\\/\\\/lequotidien.mr\\\/wp-content\\\/uploads\\\/2024\\\/08\\\/portrait_ibrahimadiouf_060717-278x370-1.png\",\"datePublished\":\"2024-08-28T14:18:30+00:00\",\"breadcrumb\":{\"@id\":\"https:\\\/\\\/lequotidien.mr\\\/?p=20832&lang=fr#breadcrumb\"},\"inLanguage\":\"ar\",\"potentialAction\":[{\"@type\":\"ReadAction\",\"target\":[\"https:\\\/\\\/lequotidien.mr\\\/?p=20832&lang=fr\"]}]},{\"@type\":\"ImageObject\",\"inLanguage\":\"ar\",\"@id\":\"https:\\\/\\\/lequotidien.mr\\\/?p=20832&lang=fr#primaryimage\",\"url\":\"https:\\\/\\\/lequotidien.mr\\\/wp-content\\\/uploads\\\/2024\\\/08\\\/portrait_ibrahimadiouf_060717-278x370-1.png\",\"contentUrl\":\"https:\\\/\\\/lequotidien.mr\\\/wp-content\\\/uploads\\\/2024\\\/08\\\/portrait_ibrahimadiouf_060717-278x370-1.png\",\"width\":278,\"height\":370},{\"@type\":\"BreadcrumbList\",\"@id\":\"https:\\\/\\\/lequotidien.mr\\\/?p=20832&lang=fr#breadcrumb\",\"itemListElement\":[{\"@type\":\"ListItem\",\"position\":1,\"name\":\"Home\",\"item\":\"https:\\\/\\\/lequotidien.mr\\\/\"},{\"@type\":\"ListItem\",\"position\":2,\"name\":\"Oragroup annonce une nouvelle \u00e9tape dans son d\u00e9veloppement avec un changement \u00e0 la pr\u00e9sidence de son Conseil d\u2019Administration\u00a0\"}]},{\"@type\":\"WebSite\",\"@id\":\"https:\\\/\\\/lequotidien.mr\\\/#website\",\"url\":\"https:\\\/\\\/lequotidien.mr\\\/\",\"name\":\"Le Quotidien de Nouakchott\",\"description\":\"\u0625\u062e\u0628\u0627\u0631\u064a\u0629 \u0645\u0633\u062a\u0642\u0644\u0629 \u0644\u0644\u0623\u0646\u0628\u0627\u0621 \u0627\u0644\u0639\u0627\u0645\u0629\",\"publisher\":{\"@id\":\"https:\\\/\\\/lequotidien.mr\\\/#organization\"},\"potentialAction\":[{\"@type\":\"SearchAction\",\"target\":{\"@type\":\"EntryPoint\",\"urlTemplate\":\"https:\\\/\\\/lequotidien.mr\\\/?s={search_term_string}\"},\"query-input\":{\"@type\":\"PropertyValueSpecification\",\"valueRequired\":true,\"valueName\":\"search_term_string\"}}],\"inLanguage\":\"ar\"},{\"@type\":\"Organization\",\"@id\":\"https:\\\/\\\/lequotidien.mr\\\/#organization\",\"name\":\"Le Quotidien de Nouakchott\",\"url\":\"https:\\\/\\\/lequotidien.mr\\\/\",\"logo\":{\"@type\":\"ImageObject\",\"inLanguage\":\"ar\",\"@id\":\"https:\\\/\\\/lequotidien.mr\\\/#\\\/schema\\\/logo\\\/image\\\/\",\"url\":\"https:\\\/\\\/lequotidien.mr\\\/wp-content\\\/uploads\\\/2022\\\/11\\\/logolequotidien.jpg\",\"contentUrl\":\"https:\\\/\\\/lequotidien.mr\\\/wp-content\\\/uploads\\\/2022\\\/11\\\/logolequotidien.jpg\",\"width\":290,\"height\":65,\"caption\":\"Le Quotidien de Nouakchott\"},\"image\":{\"@id\":\"https:\\\/\\\/lequotidien.mr\\\/#\\\/schema\\\/logo\\\/image\\\/\"},\"sameAs\":[\"https:\\\/\\\/web.facebook.com\\\/lequotidienmr\",\"https:\\\/\\\/x.com\\\/lequotidienmr\"]},{\"@type\":\"Person\",\"@id\":\"https:\\\/\\\/lequotidien.mr\\\/#\\\/schema\\\/person\\\/f90fcdaa970c60288de4ed2e64a56472\",\"name\":\"Le Quotidien\",\"image\":{\"@type\":\"ImageObject\",\"inLanguage\":\"ar\",\"@id\":\"https:\\\/\\\/secure.gravatar.com\\\/avatar\\\/374cb39a1a458a912465a93e5a3ce6546886fc3da809a1f10c63e4e8fcbca30f?s=96&d=mm&r=g\",\"url\":\"https:\\\/\\\/secure.gravatar.com\\\/avatar\\\/374cb39a1a458a912465a93e5a3ce6546886fc3da809a1f10c63e4e8fcbca30f?s=96&d=mm&r=g\",\"contentUrl\":\"https:\\\/\\\/secure.gravatar.com\\\/avatar\\\/374cb39a1a458a912465a93e5a3ce6546886fc3da809a1f10c63e4e8fcbca30f?s=96&d=mm&r=g\",\"caption\":\"Le Quotidien\"},\"sameAs\":[\"https:\\\/\\\/lequotidien.mr\\\/\"],\"url\":\"https:\\\/\\\/lequotidien.mr\\\/?author=4\"}]}<\/script>\n<!-- \/ Yoast SEO plugin. -->","yoast_head_json":{"title":"Oragroup annonce une nouvelle \u00e9tape dans son d\u00e9veloppement avec un changement \u00e0 la pr\u00e9sidence de son Conseil d\u2019Administration\u00a0 - Le Quotidien de Nouakchott","robots":{"index":"index","follow":"follow","max-snippet":"max-snippet:-1","max-image-preview":"max-image-preview:large","max-video-preview":"max-video-preview:-1"},"canonical":"https:\/\/lequotidien.mr\/?p=20832&lang=fr","og_locale":"ar_AR","og_type":"article","og_title":"Oragroup annonce une nouvelle \u00e9tape dans son d\u00e9veloppement avec un changement \u00e0 la pr\u00e9sidence de son Conseil d\u2019Administration\u00a0 - Le Quotidien de Nouakchott","og_description":"Oragroup a annonc\u00e9 un changement significatif au sein de son Conseil d\u2019Administration avec le d\u00e9part de M. Vincent Le Guennou de son poste de Pr\u00e9sident. Apr\u00e8s quinze ann\u00e9es de service, M. Le Guennou laisse derri\u00e8re lui un h\u00e9ritage important marqu\u00e9 par une expansion notable du groupe, qui est pass\u00e9 de 5 \u00e0 12 pays en.....","og_url":"https:\/\/lequotidien.mr\/?p=20832&lang=fr","og_site_name":"Le Quotidien de Nouakchott","article_publisher":"https:\/\/web.facebook.com\/lequotidienmr","article_published_time":"2024-08-28T14:18:30+00:00","og_image":[{"width":278,"height":370,"url":"https:\/\/lequotidien.mr\/wp-content\/uploads\/2024\/08\/portrait_ibrahimadiouf_060717-278x370-1.png","type":"image\/png"}],"author":"Le Quotidien","twitter_card":"summary_large_image","twitter_creator":"@lequotidienmr","twitter_site":"@lequotidienmr","twitter_misc":{"\u0643\u064f\u062a\u0628 \u0628\u0648\u0627\u0633\u0637\u0629":"Le Quotidien","\u0648\u0642\u062a \u0627\u0644\u0642\u0631\u0627\u0621\u0629 \u0627\u0644\u0645\u064f\u0642\u062f\u0651\u0631":"\u062f\u0642\u064a\u0642\u062a\u0627\u0646"},"schema":{"@context":"https:\/\/schema.org","@graph":[{"@type":"Article","@id":"https:\/\/lequotidien.mr\/?p=20832&lang=fr#article","isPartOf":{"@id":"https:\/\/lequotidien.mr\/?p=20832&lang=fr"},"author":{"name":"Le Quotidien","@id":"https:\/\/lequotidien.mr\/#\/schema\/person\/f90fcdaa970c60288de4ed2e64a56472"},"headline":"Oragroup annonce une nouvelle \u00e9tape dans son d\u00e9veloppement avec un changement \u00e0 la pr\u00e9sidence de son Conseil d\u2019Administration\u00a0","datePublished":"2024-08-28T14:18:30+00:00","mainEntityOfPage":{"@id":"https:\/\/lequotidien.mr\/?p=20832&lang=fr"},"wordCount":362,"commentCount":0,"publisher":{"@id":"https:\/\/lequotidien.mr\/#organization"},"image":{"@id":"https:\/\/lequotidien.mr\/?p=20832&lang=fr#primaryimage"},"thumbnailUrl":"https:\/\/lequotidien.mr\/wp-content\/uploads\/2024\/08\/portrait_ibrahimadiouf_060717-278x370-1.png","articleSection":["ACTUALIT\u00c9","Economie"],"inLanguage":"ar","potentialAction":[{"@type":"CommentAction","name":"Comment","target":["https:\/\/lequotidien.mr\/?p=20832&lang=fr#respond"]}]},{"@type":"WebPage","@id":"https:\/\/lequotidien.mr\/?p=20832&lang=fr","url":"https:\/\/lequotidien.mr\/?p=20832&lang=fr","name":"Oragroup annonce une nouvelle \u00e9tape dans son d\u00e9veloppement avec un changement \u00e0 la pr\u00e9sidence de son Conseil d\u2019Administration\u00a0 - Le Quotidien de Nouakchott","isPartOf":{"@id":"https:\/\/lequotidien.mr\/#website"},"primaryImageOfPage":{"@id":"https:\/\/lequotidien.mr\/?p=20832&lang=fr#primaryimage"},"image":{"@id":"https:\/\/lequotidien.mr\/?p=20832&lang=fr#primaryimage"},"thumbnailUrl":"https:\/\/lequotidien.mr\/wp-content\/uploads\/2024\/08\/portrait_ibrahimadiouf_060717-278x370-1.png","datePublished":"2024-08-28T14:18:30+00:00","breadcrumb":{"@id":"https:\/\/lequotidien.mr\/?p=20832&lang=fr#breadcrumb"},"inLanguage":"ar","potentialAction":[{"@type":"ReadAction","target":["https:\/\/lequotidien.mr\/?p=20832&lang=fr"]}]},{"@type":"ImageObject","inLanguage":"ar","@id":"https:\/\/lequotidien.mr\/?p=20832&lang=fr#primaryimage","url":"https:\/\/lequotidien.mr\/wp-content\/uploads\/2024\/08\/portrait_ibrahimadiouf_060717-278x370-1.png","contentUrl":"https:\/\/lequotidien.mr\/wp-content\/uploads\/2024\/08\/portrait_ibrahimadiouf_060717-278x370-1.png","width":278,"height":370},{"@type":"BreadcrumbList","@id":"https:\/\/lequotidien.mr\/?p=20832&lang=fr#breadcrumb","itemListElement":[{"@type":"ListItem","position":1,"name":"Home","item":"https:\/\/lequotidien.mr\/"},{"@type":"ListItem","position":2,"name":"Oragroup annonce une nouvelle \u00e9tape dans son d\u00e9veloppement avec un changement \u00e0 la pr\u00e9sidence de son Conseil d\u2019Administration\u00a0"}]},{"@type":"WebSite","@id":"https:\/\/lequotidien.mr\/#website","url":"https:\/\/lequotidien.mr\/","name":"Le Quotidien de Nouakchott","description":"\u0625\u062e\u0628\u0627\u0631\u064a\u0629 \u0645\u0633\u062a\u0642\u0644\u0629 \u0644\u0644\u0623\u0646\u0628\u0627\u0621 \u0627\u0644\u0639\u0627\u0645\u0629","publisher":{"@id":"https:\/\/lequotidien.mr\/#organization"},"potentialAction":[{"@type":"SearchAction","target":{"@type":"EntryPoint","urlTemplate":"https:\/\/lequotidien.mr\/?s={search_term_string}"},"query-input":{"@type":"PropertyValueSpecification","valueRequired":true,"valueName":"search_term_string"}}],"inLanguage":"ar"},{"@type":"Organization","@id":"https:\/\/lequotidien.mr\/#organization","name":"Le Quotidien de Nouakchott","url":"https:\/\/lequotidien.mr\/","logo":{"@type":"ImageObject","inLanguage":"ar","@id":"https:\/\/lequotidien.mr\/#\/schema\/logo\/image\/","url":"https:\/\/lequotidien.mr\/wp-content\/uploads\/2022\/11\/logolequotidien.jpg","contentUrl":"https:\/\/lequotidien.mr\/wp-content\/uploads\/2022\/11\/logolequotidien.jpg","width":290,"height":65,"caption":"Le Quotidien de Nouakchott"},"image":{"@id":"https:\/\/lequotidien.mr\/#\/schema\/logo\/image\/"},"sameAs":["https:\/\/web.facebook.com\/lequotidienmr","https:\/\/x.com\/lequotidienmr"]},{"@type":"Person","@id":"https:\/\/lequotidien.mr\/#\/schema\/person\/f90fcdaa970c60288de4ed2e64a56472","name":"Le Quotidien","image":{"@type":"ImageObject","inLanguage":"ar","@id":"https:\/\/secure.gravatar.com\/avatar\/374cb39a1a458a912465a93e5a3ce6546886fc3da809a1f10c63e4e8fcbca30f?s=96&d=mm&r=g","url":"https:\/\/secure.gravatar.com\/avatar\/374cb39a1a458a912465a93e5a3ce6546886fc3da809a1f10c63e4e8fcbca30f?s=96&d=mm&r=g","contentUrl":"https:\/\/secure.gravatar.com\/avatar\/374cb39a1a458a912465a93e5a3ce6546886fc3da809a1f10c63e4e8fcbca30f?s=96&d=mm&r=g","caption":"Le Quotidien"},"sameAs":["https:\/\/lequotidien.mr\/"],"url":"https:\/\/lequotidien.mr\/?author=4"}]}},"_links":{"self":[{"href":"https:\/\/lequotidien.mr\/index.php?rest_route=\/wp\/v2\/posts\/20832","targetHints":{"allow":["GET"]}}],"collection":[{"href":"https:\/\/lequotidien.mr\/index.php?rest_route=\/wp\/v2\/posts"}],"about":[{"href":"https:\/\/lequotidien.mr\/index.php?rest_route=\/wp\/v2\/types\/post"}],"author":[{"embeddable":true,"href":"https:\/\/lequotidien.mr\/index.php?rest_route=\/wp\/v2\/users\/4"}],"replies":[{"embeddable":true,"href":"https:\/\/lequotidien.mr\/index.php?rest_route=%2Fwp%2Fv2%2Fcomments&post=20832"}],"version-history":[{"count":1,"href":"https:\/\/lequotidien.mr\/index.php?rest_route=\/wp\/v2\/posts\/20832\/revisions"}],"predecessor-version":[{"id":20834,"href":"https:\/\/lequotidien.mr\/index.php?rest_route=\/wp\/v2\/posts\/20832\/revisions\/20834"}],"wp:featuredmedia":[{"embeddable":true,"href":"https:\/\/lequotidien.mr\/index.php?rest_route=\/wp\/v2\/media\/20833"}],"wp:attachment":[{"href":"https:\/\/lequotidien.mr\/index.php?rest_route=%2Fwp%2Fv2%2Fmedia&parent=20832"}],"wp:term":[{"taxonomy":"category","embeddable":true,"href":"https:\/\/lequotidien.mr\/index.php?rest_route=%2Fwp%2Fv2%2Fcategories&post=20832"},{"taxonomy":"post_tag","embeddable":true,"href":"https:\/\/lequotidien.mr\/index.php?rest_route=%2Fwp%2Fv2%2Ftags&post=20832"}],"curies":[{"name":"wp","href":"https:\/\/api.w.org\/{rel}","templated":true}]}}